{"id":658,"date":"2013-03-18T19:17:00","date_gmt":"2013-03-18T18:17:00","guid":{"rendered":"http:\/\/blogg.svenskakyrkan.se\/vandravagen\/2013\/03\/18\/vad-forestaller-bilden-del-xi\/"},"modified":"2013-03-18T19:17:00","modified_gmt":"2013-03-18T18:17:00","slug":"vad-forestaller-bilden-del-xi","status":"publish","type":"post","link":"https:\/\/blogg.svenskakyrkan.se\/vandravagen\/2013\/03\/18\/vad-forestaller-bilden-del-xi\/","title":{"rendered":"Vad f\u00f6rest\u00e4ller bilden? del XI"},"content":{"rendered":"<div><a href=\"http:\/\/4.bp.blogspot.com\/-aEf1ORTQjlI\/UTefr2SB2tI\/AAAAAAAACrE\/Er_Duyc92Lw\/s1600\/IMG_2856.jpg\"><img loading=\"lazy\" decoding=\"async\" border=\"0\" height=\"400\" src=\"http:\/\/4.bp.blogspot.com\/-aEf1ORTQjlI\/UTefr2SB2tI\/AAAAAAAACrE\/Er_Duyc92Lw\/s400\/IMG_2856.jpg\" width=\"298\"><\/a><\/div>\n<div><\/div>\n<div>Den senaste fotog\u00e5tan s\u00e5g ut s\u00e5 h\u00e4r. Den var kanske ocks\u00e5 ganska sv\u00e5r men Johannes och Simon har grejat det. Bilden f\u00f6rest\u00e4ller mycket riktigt den unge Samuel, den sista av domarna. Samuels f\u00f6r\u00e4ldrar var barnl\u00f6sa och hans mor lovade Gud att om hon fick en son skulle han \u00e4gna sitt liv \u00e5t att tj\u00e4na Gud.<\/div>\n<div><\/div>\n<div>S\u00e5 blev det ocks\u00e5, h\u00e4r ser vi Samuel v\u00e4xa upp med pr\u00e4sten Eli. En sp\u00e4nnande livshistoria som vi inte helt otippat hittar i Samuelsb\u00f6ckerna i gamla testamentet.<\/div>\n<div><\/div>\n<div>S\u00e5 var det dags f\u00f6r n\u00e4sta utmaning! Vad f\u00f6rest\u00e4ller den h\u00e4r bilden?<\/div>\n<div><\/div>\n<div><\/div>\n<div><a href=\"http:\/\/2.bp.blogspot.com\/-NAP-DzE3cOk\/UTef-_aPpBI\/AAAAAAAACrI\/tbvvWvta_9g\/s1600\/IMG_2859.jpg\"><img loading=\"lazy\" decoding=\"async\" border=\"0\" height=\"400\" src=\"http:\/\/2.bp.blogspot.com\/-NAP-DzE3cOk\/UTef-_aPpBI\/AAAAAAAACrI\/tbvvWvta_9g\/s400\/IMG_2859.jpg\" width=\"298\"><\/a><\/div>\n<div><\/div><\/p>\n","protected":false},"excerpt":{"rendered":"<p>Den senaste fotog\u00e5tan s\u00e5g ut s\u00e5 h\u00e4r. Den var kanske ocks\u00e5 ganska sv\u00e5r men Johannes och Simon har grejat det. Bilden f\u00f6rest\u00e4ller mycket riktigt den unge Samuel, den sista av domarna. Samuels f\u00f6r\u00e4ldrar var barnl\u00f6sa och hans mor lovade Gud att om hon fick en son skulle han \u00e4gna sitt liv \u00e5t att tj\u00e4na Gud. [&hellip;]<\/p>\n","protected":false},"author":392,"featured_media":0,"comment_status":"open","ping_status":"open","sticky":false,"template":"","format":"standard","meta":{"_acf_changed":false,"footnotes":""},"categories":[56],"tags":[],"class_list":["post-658","post","type-post","status-publish","format-standard","hentry","category-bilder"],"acf":[],"yoast_head":"<!-- This site is optimized with the Yoast SEO plugin v27.1.1 - https:\/\/yoast.com\/product\/yoast-seo-wordpress\/ -->\n<title>Vad f\u00f6rest\u00e4ller bilden? del XI - Vandra V\u00e4gen<\/title>\n<meta name=\"robots\" content=\"index, follow, max-snippet:-1, max-image-preview:large, max-video-preview:-1\" \/>\n<link rel=\"canonical\" href=\"https:\/\/blogg.svenskakyrkan.se\/vandravagen\/2013\/03\/18\/vad-forestaller-bilden-del-xi\/\" \/>\n<meta property=\"og:locale\" content=\"sv_SE\" \/>\n<meta property=\"og:type\" content=\"article\" \/>\n<meta property=\"og:title\" content=\"Vad f\u00f6rest\u00e4ller bilden? del XI - Vandra V\u00e4gen\" \/>\n<meta property=\"og:description\" content=\"Den senaste fotog\u00e5tan s\u00e5g ut s\u00e5 h\u00e4r. Den var kanske ocks\u00e5 ganska sv\u00e5r men Johannes och Simon har grejat det. Bilden f\u00f6rest\u00e4ller mycket riktigt den unge Samuel, den sista av domarna. Samuels f\u00f6r\u00e4ldrar var barnl\u00f6sa och hans mor lovade Gud att om hon fick en son skulle han \u00e4gna sitt liv \u00e5t att tj\u00e4na Gud. [&hellip;]\" \/>\n<meta property=\"og:url\" content=\"https:\/\/blogg.svenskakyrkan.se\/vandravagen\/2013\/03\/18\/vad-forestaller-bilden-del-xi\/\" \/>\n<meta property=\"og:site_name\" content=\"Vandra V\u00e4gen\" \/>\n<meta property=\"article:publisher\" content=\"http:\/\/facebook.com\/vandravagen\" \/>\n<meta property=\"article:published_time\" content=\"2013-03-18T18:17:00+00:00\" \/>\n<meta property=\"og:image\" content=\"http:\/\/4.bp.blogspot.com\/-aEf1ORTQjlI\/UTefr2SB2tI\/AAAAAAAACrE\/Er_Duyc92Lw\/s400\/IMG_2856.jpg\" \/>\n<meta name=\"author\" content=\"Tomas Jarvid\" \/>\n<meta name=\"twitter:card\" content=\"summary_large_image\" \/>\n<meta name=\"twitter:creator\" content=\"@fadertomas\" \/>\n<meta name=\"twitter:site\" content=\"@fadertomas\" \/>\n<meta name=\"twitter:label1\" content=\"Skriven av\" \/>\n\t<meta name=\"twitter:data1\" content=\"Tomas Jarvid\" \/>\n\t<meta name=\"twitter:label2\" content=\"Ber\u00e4knad l\u00e4stid\" \/>\n\t<meta name=\"twitter:data2\" content=\"1 minut\" \/>\n<script type=\"application\/ld+json\" class=\"yoast-schema-graph\">{\"@context\":\"https:\/\/schema.org\",\"@graph\":[{\"@type\":\"Article\",\"@id\":\"https:\/\/blogg.svenskakyrkan.se\/vandravagen\/2013\/03\/18\/vad-forestaller-bilden-del-xi\/#article\",\"isPartOf\":{\"@id\":\"https:\/\/blogg.svenskakyrkan.se\/vandravagen\/2013\/03\/18\/vad-forestaller-bilden-del-xi\/\"},\"author\":{\"name\":\"Tomas Jarvid\",\"@id\":\"https:\/\/blogg.svenskakyrkan.se\/vandravagen\/#\/schema\/person\/25da02d4f76b137d04291711e2c9fc16\"},\"headline\":\"Vad f\u00f6rest\u00e4ller bilden? del XI\",\"datePublished\":\"2013-03-18T18:17:00+00:00\",\"mainEntityOfPage\":{\"@id\":\"https:\/\/blogg.svenskakyrkan.se\/vandravagen\/2013\/03\/18\/vad-forestaller-bilden-del-xi\/\"},\"wordCount\":121,\"commentCount\":4,\"publisher\":{\"@id\":\"https:\/\/blogg.svenskakyrkan.se\/vandravagen\/#organization\"},\"image\":{\"@id\":\"https:\/\/blogg.svenskakyrkan.se\/vandravagen\/2013\/03\/18\/vad-forestaller-bilden-del-xi\/#primaryimage\"},\"thumbnailUrl\":\"http:\/\/4.bp.blogspot.com\/-aEf1ORTQjlI\/UTefr2SB2tI\/AAAAAAAACrE\/Er_Duyc92Lw\/s400\/IMG_2856.jpg\",\"articleSection\":[\"bilder\"],\"inLanguage\":\"sv-SE\",\"potentialAction\":[{\"@type\":\"CommentAction\",\"name\":\"Comment\",\"target\":[\"https:\/\/blogg.svenskakyrkan.se\/vandravagen\/2013\/03\/18\/vad-forestaller-bilden-del-xi\/#respond\"]}]},{\"@type\":\"WebPage\",\"@id\":\"https:\/\/blogg.svenskakyrkan.se\/vandravagen\/2013\/03\/18\/vad-forestaller-bilden-del-xi\/\",\"url\":\"https:\/\/blogg.svenskakyrkan.se\/vandravagen\/2013\/03\/18\/vad-forestaller-bilden-del-xi\/\",\"name\":\"Vad f\u00f6rest\u00e4ller bilden? del XI - Vandra V\u00e4gen\",\"isPartOf\":{\"@id\":\"https:\/\/blogg.svenskakyrkan.se\/vandravagen\/#website\"},\"primaryImageOfPage\":{\"@id\":\"https:\/\/blogg.svenskakyrkan.se\/vandravagen\/2013\/03\/18\/vad-forestaller-bilden-del-xi\/#primaryimage\"},\"image\":{\"@id\":\"https:\/\/blogg.svenskakyrkan.se\/vandravagen\/2013\/03\/18\/vad-forestaller-bilden-del-xi\/#primaryimage\"},\"thumbnailUrl\":\"http:\/\/4.bp.blogspot.com\/-aEf1ORTQjlI\/UTefr2SB2tI\/AAAAAAAACrE\/Er_Duyc92Lw\/s400\/IMG_2856.jpg\",\"datePublished\":\"2013-03-18T18:17:00+00:00\",\"breadcrumb\":{\"@id\":\"https:\/\/blogg.svenskakyrkan.se\/vandravagen\/2013\/03\/18\/vad-forestaller-bilden-del-xi\/#breadcrumb\"},\"inLanguage\":\"sv-SE\",\"potentialAction\":[{\"@type\":\"ReadAction\",\"target\":[\"https:\/\/blogg.svenskakyrkan.se\/vandravagen\/2013\/03\/18\/vad-forestaller-bilden-del-xi\/\"]}]},{\"@type\":\"ImageObject\",\"inLanguage\":\"sv-SE\",\"@id\":\"https:\/\/blogg.svenskakyrkan.se\/vandravagen\/2013\/03\/18\/vad-forestaller-bilden-del-xi\/#primaryimage\",\"url\":\"http:\/\/4.bp.blogspot.com\/-aEf1ORTQjlI\/UTefr2SB2tI\/AAAAAAAACrE\/Er_Duyc92Lw\/s400\/IMG_2856.jpg\",\"contentUrl\":\"http:\/\/4.bp.blogspot.com\/-aEf1ORTQjlI\/UTefr2SB2tI\/AAAAAAAACrE\/Er_Duyc92Lw\/s400\/IMG_2856.jpg\"},{\"@type\":\"BreadcrumbList\",\"@id\":\"https:\/\/blogg.svenskakyrkan.se\/vandravagen\/2013\/03\/18\/vad-forestaller-bilden-del-xi\/#breadcrumb\",\"itemListElement\":[{\"@type\":\"ListItem\",\"position\":1,\"name\":\"Hem\",\"item\":\"https:\/\/blogg.svenskakyrkan.se\/vandravagen\/\"},{\"@type\":\"ListItem\",\"position\":2,\"name\":\"Vad f\u00f6rest\u00e4ller bilden? del XI\"}]},{\"@type\":\"WebSite\",\"@id\":\"https:\/\/blogg.svenskakyrkan.se\/vandravagen\/#website\",\"url\":\"https:\/\/blogg.svenskakyrkan.se\/vandravagen\/\",\"name\":\"Vandra V\u00e4gen\",\"description\":\"-Mot en tro f\u00f6r hela livet\",\"publisher\":{\"@id\":\"https:\/\/blogg.svenskakyrkan.se\/vandravagen\/#organization\"},\"potentialAction\":[{\"@type\":\"SearchAction\",\"target\":{\"@type\":\"EntryPoint\",\"urlTemplate\":\"https:\/\/blogg.svenskakyrkan.se\/vandravagen\/?s={search_term_string}\"},\"query-input\":{\"@type\":\"PropertyValueSpecification\",\"valueRequired\":true,\"valueName\":\"search_term_string\"}}],\"inLanguage\":\"sv-SE\"},{\"@type\":\"Organization\",\"@id\":\"https:\/\/blogg.svenskakyrkan.se\/vandravagen\/#organization\",\"name\":\"ulricehamns pastorat\",\"alternateName\":\"ulricehamns pastorat\",\"url\":\"https:\/\/blogg.svenskakyrkan.se\/vandravagen\/\",\"logo\":{\"@type\":\"ImageObject\",\"inLanguage\":\"sv-SE\",\"@id\":\"https:\/\/blogg.svenskakyrkan.se\/vandravagen\/#\/schema\/logo\/image\/\",\"url\":\"https:\/\/blogg.svenskakyrkan.se\/vandravagen\/files\/2023\/05\/Ulr_logo_RGB.png\",\"contentUrl\":\"https:\/\/blogg.svenskakyrkan.se\/vandravagen\/files\/2023\/05\/Ulr_logo_RGB.png\",\"width\":205,\"height\":77,\"caption\":\"ulricehamns pastorat\"},\"image\":{\"@id\":\"https:\/\/blogg.svenskakyrkan.se\/vandravagen\/#\/schema\/logo\/image\/\"},\"sameAs\":[\"http:\/\/facebook.com\/vandravagen\",\"https:\/\/x.com\/fadertomas\",\"http:\/\/www.facebook.com\/svenskakyrkaniulricehamn\"]},{\"@type\":\"Person\",\"@id\":\"https:\/\/blogg.svenskakyrkan.se\/vandravagen\/#\/schema\/person\/25da02d4f76b137d04291711e2c9fc16\",\"name\":\"Tomas Jarvid\",\"image\":{\"@type\":\"ImageObject\",\"inLanguage\":\"sv-SE\",\"@id\":\"https:\/\/blogg.svenskakyrkan.se\/vandravagen\/#\/schema\/person\/image\/\",\"url\":\"https:\/\/secure.gravatar.com\/avatar\/7fa71899795e8f540f615a1f5ab25255dc27aa40f05ee7ddd21aac521e01bf50?s=96&d=identicon&r=g\",\"contentUrl\":\"https:\/\/secure.gravatar.com\/avatar\/7fa71899795e8f540f615a1f5ab25255dc27aa40f05ee7ddd21aac521e01bf50?s=96&d=identicon&r=g\",\"caption\":\"Tomas Jarvid\"},\"description\":\"Jag bor i Ulricehamn i V\u00e4sterg\u00f6tland och \u00e4r f\u00f6rsamlingspr\u00e4st i Svenska Kyrkan f\u00f6r Dalstorps f\u00f6rsamling i Kinds pastorat. P\u00e5 den h\u00e4r bloggen skriver jag ner tankar om vandringen som kristen.\",\"sameAs\":[\"http:\/\/www.vandravagen.se\"],\"url\":\"https:\/\/blogg.svenskakyrkan.se\/vandravagen\/author\/vandravagen\/\"}]}<\/script>\n<!-- \/ Yoast SEO plugin. -->","yoast_head_json":{"title":"Vad f\u00f6rest\u00e4ller bilden? del XI - Vandra V\u00e4gen","robots":{"index":"index","follow":"follow","max-snippet":"max-snippet:-1","max-image-preview":"max-image-preview:large","max-video-preview":"max-video-preview:-1"},"canonical":"https:\/\/blogg.svenskakyrkan.se\/vandravagen\/2013\/03\/18\/vad-forestaller-bilden-del-xi\/","og_locale":"sv_SE","og_type":"article","og_title":"Vad f\u00f6rest\u00e4ller bilden? del XI - Vandra V\u00e4gen","og_description":"Den senaste fotog\u00e5tan s\u00e5g ut s\u00e5 h\u00e4r. Den var kanske ocks\u00e5 ganska sv\u00e5r men Johannes och Simon har grejat det. Bilden f\u00f6rest\u00e4ller mycket riktigt den unge Samuel, den sista av domarna. Samuels f\u00f6r\u00e4ldrar var barnl\u00f6sa och hans mor lovade Gud att om hon fick en son skulle han \u00e4gna sitt liv \u00e5t att tj\u00e4na Gud. [&hellip;]","og_url":"https:\/\/blogg.svenskakyrkan.se\/vandravagen\/2013\/03\/18\/vad-forestaller-bilden-del-xi\/","og_site_name":"Vandra V\u00e4gen","article_publisher":"http:\/\/facebook.com\/vandravagen","article_published_time":"2013-03-18T18:17:00+00:00","og_image":[{"url":"http:\/\/4.bp.blogspot.com\/-aEf1ORTQjlI\/UTefr2SB2tI\/AAAAAAAACrE\/Er_Duyc92Lw\/s400\/IMG_2856.jpg","type":"","width":"","height":""}],"author":"Tomas Jarvid","twitter_card":"summary_large_image","twitter_creator":"@fadertomas","twitter_site":"@fadertomas","twitter_misc":{"Skriven av":"Tomas Jarvid","Ber\u00e4knad l\u00e4stid":"1 minut"},"schema":{"@context":"https:\/\/schema.org","@graph":[{"@type":"Article","@id":"https:\/\/blogg.svenskakyrkan.se\/vandravagen\/2013\/03\/18\/vad-forestaller-bilden-del-xi\/#article","isPartOf":{"@id":"https:\/\/blogg.svenskakyrkan.se\/vandravagen\/2013\/03\/18\/vad-forestaller-bilden-del-xi\/"},"author":{"name":"Tomas Jarvid","@id":"https:\/\/blogg.svenskakyrkan.se\/vandravagen\/#\/schema\/person\/25da02d4f76b137d04291711e2c9fc16"},"headline":"Vad f\u00f6rest\u00e4ller bilden? del XI","datePublished":"2013-03-18T18:17:00+00:00","mainEntityOfPage":{"@id":"https:\/\/blogg.svenskakyrkan.se\/vandravagen\/2013\/03\/18\/vad-forestaller-bilden-del-xi\/"},"wordCount":121,"commentCount":4,"publisher":{"@id":"https:\/\/blogg.svenskakyrkan.se\/vandravagen\/#organization"},"image":{"@id":"https:\/\/blogg.svenskakyrkan.se\/vandravagen\/2013\/03\/18\/vad-forestaller-bilden-del-xi\/#primaryimage"},"thumbnailUrl":"http:\/\/4.bp.blogspot.com\/-aEf1ORTQjlI\/UTefr2SB2tI\/AAAAAAAACrE\/Er_Duyc92Lw\/s400\/IMG_2856.jpg","articleSection":["bilder"],"inLanguage":"sv-SE","potentialAction":[{"@type":"CommentAction","name":"Comment","target":["https:\/\/blogg.svenskakyrkan.se\/vandravagen\/2013\/03\/18\/vad-forestaller-bilden-del-xi\/#respond"]}]},{"@type":"WebPage","@id":"https:\/\/blogg.svenskakyrkan.se\/vandravagen\/2013\/03\/18\/vad-forestaller-bilden-del-xi\/","url":"https:\/\/blogg.svenskakyrkan.se\/vandravagen\/2013\/03\/18\/vad-forestaller-bilden-del-xi\/","name":"Vad f\u00f6rest\u00e4ller bilden? del XI - Vandra V\u00e4gen","isPartOf":{"@id":"https:\/\/blogg.svenskakyrkan.se\/vandravagen\/#website"},"primaryImageOfPage":{"@id":"https:\/\/blogg.svenskakyrkan.se\/vandravagen\/2013\/03\/18\/vad-forestaller-bilden-del-xi\/#primaryimage"},"image":{"@id":"https:\/\/blogg.svenskakyrkan.se\/vandravagen\/2013\/03\/18\/vad-forestaller-bilden-del-xi\/#primaryimage"},"thumbnailUrl":"http:\/\/4.bp.blogspot.com\/-aEf1ORTQjlI\/UTefr2SB2tI\/AAAAAAAACrE\/Er_Duyc92Lw\/s400\/IMG_2856.jpg","datePublished":"2013-03-18T18:17:00+00:00","breadcrumb":{"@id":"https:\/\/blogg.svenskakyrkan.se\/vandravagen\/2013\/03\/18\/vad-forestaller-bilden-del-xi\/#breadcrumb"},"inLanguage":"sv-SE","potentialAction":[{"@type":"ReadAction","target":["https:\/\/blogg.svenskakyrkan.se\/vandravagen\/2013\/03\/18\/vad-forestaller-bilden-del-xi\/"]}]},{"@type":"ImageObject","inLanguage":"sv-SE","@id":"https:\/\/blogg.svenskakyrkan.se\/vandravagen\/2013\/03\/18\/vad-forestaller-bilden-del-xi\/#primaryimage","url":"http:\/\/4.bp.blogspot.com\/-aEf1ORTQjlI\/UTefr2SB2tI\/AAAAAAAACrE\/Er_Duyc92Lw\/s400\/IMG_2856.jpg","contentUrl":"http:\/\/4.bp.blogspot.com\/-aEf1ORTQjlI\/UTefr2SB2tI\/AAAAAAAACrE\/Er_Duyc92Lw\/s400\/IMG_2856.jpg"},{"@type":"BreadcrumbList","@id":"https:\/\/blogg.svenskakyrkan.se\/vandravagen\/2013\/03\/18\/vad-forestaller-bilden-del-xi\/#breadcrumb","itemListElement":[{"@type":"ListItem","position":1,"name":"Hem","item":"https:\/\/blogg.svenskakyrkan.se\/vandravagen\/"},{"@type":"ListItem","position":2,"name":"Vad f\u00f6rest\u00e4ller bilden? del XI"}]},{"@type":"WebSite","@id":"https:\/\/blogg.svenskakyrkan.se\/vandravagen\/#website","url":"https:\/\/blogg.svenskakyrkan.se\/vandravagen\/","name":"Vandra V\u00e4gen","description":"-Mot en tro f\u00f6r hela livet","publisher":{"@id":"https:\/\/blogg.svenskakyrkan.se\/vandravagen\/#organization"},"potentialAction":[{"@type":"SearchAction","target":{"@type":"EntryPoint","urlTemplate":"https:\/\/blogg.svenskakyrkan.se\/vandravagen\/?s={search_term_string}"},"query-input":{"@type":"PropertyValueSpecification","valueRequired":true,"valueName":"search_term_string"}}],"inLanguage":"sv-SE"},{"@type":"Organization","@id":"https:\/\/blogg.svenskakyrkan.se\/vandravagen\/#organization","name":"ulricehamns pastorat","alternateName":"ulricehamns pastorat","url":"https:\/\/blogg.svenskakyrkan.se\/vandravagen\/","logo":{"@type":"ImageObject","inLanguage":"sv-SE","@id":"https:\/\/blogg.svenskakyrkan.se\/vandravagen\/#\/schema\/logo\/image\/","url":"https:\/\/blogg.svenskakyrkan.se\/vandravagen\/files\/2023\/05\/Ulr_logo_RGB.png","contentUrl":"https:\/\/blogg.svenskakyrkan.se\/vandravagen\/files\/2023\/05\/Ulr_logo_RGB.png","width":205,"height":77,"caption":"ulricehamns pastorat"},"image":{"@id":"https:\/\/blogg.svenskakyrkan.se\/vandravagen\/#\/schema\/logo\/image\/"},"sameAs":["http:\/\/facebook.com\/vandravagen","https:\/\/x.com\/fadertomas","http:\/\/www.facebook.com\/svenskakyrkaniulricehamn"]},{"@type":"Person","@id":"https:\/\/blogg.svenskakyrkan.se\/vandravagen\/#\/schema\/person\/25da02d4f76b137d04291711e2c9fc16","name":"Tomas Jarvid","image":{"@type":"ImageObject","inLanguage":"sv-SE","@id":"https:\/\/blogg.svenskakyrkan.se\/vandravagen\/#\/schema\/person\/image\/","url":"https:\/\/secure.gravatar.com\/avatar\/7fa71899795e8f540f615a1f5ab25255dc27aa40f05ee7ddd21aac521e01bf50?s=96&d=identicon&r=g","contentUrl":"https:\/\/secure.gravatar.com\/avatar\/7fa71899795e8f540f615a1f5ab25255dc27aa40f05ee7ddd21aac521e01bf50?s=96&d=identicon&r=g","caption":"Tomas Jarvid"},"description":"Jag bor i Ulricehamn i V\u00e4sterg\u00f6tland och \u00e4r f\u00f6rsamlingspr\u00e4st i Svenska Kyrkan f\u00f6r Dalstorps f\u00f6rsamling i Kinds pastorat. P\u00e5 den h\u00e4r bloggen skriver jag ner tankar om vandringen som kristen.","sameAs":["http:\/\/www.vandravagen.se"],"url":"https:\/\/blogg.svenskakyrkan.se\/vandravagen\/author\/vandravagen\/"}]}},"author_meta":{"ID":"392","user_nicename":"vandravagen","user_url":"http:\/\/www.vandravagen.se","user_registered":"2014-05-19 05:44:52","display_name":"Tomas Jarvid","first_name":"Tomas","last_name":"Jarvid","avatar":"https:\/\/secure.gravatar.com\/avatar\/7fa71899795e8f540f615a1f5ab25255dc27aa40f05ee7ddd21aac521e01bf50?s=96&d=identicon&r=g"},"featured_image":false,"bloginfo":{"name":"Vandra V\u00e4gen","url":"https:\/\/blogg.svenskakyrkan.se\/vandravagen"},"_links":{"self":[{"href":"https:\/\/blogg.svenskakyrkan.se\/vandravagen\/wp-json\/wp\/v2\/posts\/658","targetHints":{"allow":["GET"]}}],"collection":[{"href":"https:\/\/blogg.svenskakyrkan.se\/vandravagen\/wp-json\/wp\/v2\/posts"}],"about":[{"href":"https:\/\/blogg.svenskakyrkan.se\/vandravagen\/wp-json\/wp\/v2\/types\/post"}],"author":[{"embeddable":true,"href":"https:\/\/blogg.svenskakyrkan.se\/vandravagen\/wp-json\/wp\/v2\/users\/392"}],"replies":[{"embeddable":true,"href":"https:\/\/blogg.svenskakyrkan.se\/vandravagen\/wp-json\/wp\/v2\/comments?post=658"}],"version-history":[{"count":0,"href":"https:\/\/blogg.svenskakyrkan.se\/vandravagen\/wp-json\/wp\/v2\/posts\/658\/revisions"}],"wp:attachment":[{"href":"https:\/\/blogg.svenskakyrkan.se\/vandravagen\/wp-json\/wp\/v2\/media?parent=658"}],"wp:term":[{"taxonomy":"category","embeddable":true,"href":"https:\/\/blogg.svenskakyrkan.se\/vandravagen\/wp-json\/wp\/v2\/categories?post=658"},{"taxonomy":"post_tag","embeddable":true,"href":"https:\/\/blogg.svenskakyrkan.se\/vandravagen\/wp-json\/wp\/v2\/tags?post=658"}],"curies":[{"name":"wp","href":"https:\/\/api.w.org\/{rel}","templated":true}]}}