{"id":659,"date":"2013-03-18T10:21:00","date_gmt":"2013-03-18T09:21:00","guid":{"rendered":"http:\/\/blogg.svenskakyrkan.se\/vandravagen\/2013\/03\/18\/veckans-favorittweets-4\/"},"modified":"2013-03-18T10:21:00","modified_gmt":"2013-03-18T09:21:00","slug":"veckans-favorittweets-4","status":"publish","type":"post","link":"https:\/\/blogg.svenskakyrkan.se\/vandravagen\/2013\/03\/18\/veckans-favorittweets-4\/","title":{"rendered":"Veckans favorittweets!"},"content":{"rendered":"<\/p>\n<div>Jag m\u00e4rker att tendensen \u00e4nd\u00e5 g\u00e5r dit\u00e5t s\u00e5 nu best\u00e4mmer jag att twittersammanfattningen h\u00e4rmed kommer p\u00e5 m\u00e5ndagar ist\u00e4llet. H\u00e4r \u00e4r den samlade visdomen fr\u00e5n veckan som g\u00e5tt. Lite fromt, lite klokt, lite roligt, och \u00e4ra \u00e5t alla som t\u00e4nkt till. Eller ja, nu verkar det ha varit en helt igenom tr\u00e5kig vecka f\u00f6r de roliga verkar fattas. Ett veckans b\u00e4sta ska jag v\u00e4l \u00e4nd\u00e5 kunna kora.<\/div>\n<div><\/div>\n<div>Fromma tweets:<\/div>\n<div><\/div>\n<div>Som vanligt \u00e4r Brian Zahnd med:<\/div>\n<div><a href=\"http:\/\/2.bp.blogspot.com\/-xClTn4V6UZs\/UUYf2Q7iU-I\/AAAAAAAACws\/h5-QSWok_o0\/s1600\/bibelva%CC%8Ald.jpg\"><img loading=\"lazy\" decoding=\"async\" border=\"0\" height=\"70\" src=\"http:\/\/2.bp.blogspot.com\/-xClTn4V6UZs\/UUYf2Q7iU-I\/AAAAAAAACws\/h5-QSWok_o0\/s400\/bibelva%CC%8Ald.jpg\" width=\"400\"><\/a><\/div>\n<div><\/div>\n<div>Och Rebecka ger ett befriande perspektiv p\u00e5 fastan:<\/div>\n<div><a href=\"http:\/\/4.bp.blogspot.com\/-XKtOJX9iSE4\/UUYf2mQ4bNI\/AAAAAAAACw0\/6CESsO5lPd8\/s1600\/godfasta.jpg\"><img loading=\"lazy\" decoding=\"async\" border=\"0\" height=\"76\" src=\"http:\/\/4.bp.blogspot.com\/-XKtOJX9iSE4\/UUYf2mQ4bNI\/AAAAAAAACw0\/6CESsO5lPd8\/s400\/godfasta.jpg\" width=\"400\"><\/a><\/div>\n<div><\/div>\n<div>N\u00e5got om bibelsyn:<\/div>\n<div><a href=\"http:\/\/1.bp.blogspot.com\/-RBu7U42fXaQ\/UUYf6pTbLTI\/AAAAAAAACxU\/Y5XGRaFX7tU\/s1600\/jesustronscentrum.jpg\"><img loading=\"lazy\" decoding=\"async\" border=\"0\" height=\"63\" src=\"http:\/\/1.bp.blogspot.com\/-RBu7U42fXaQ\/UUYf6pTbLTI\/AAAAAAAACxU\/Y5XGRaFX7tU\/s400\/jesustronscentrum.jpg\" width=\"400\"><\/a><\/div>\n<div><\/div>\n<div>Sedan k\u00e4nns det f\u00f6rst\u00e5s v\u00e4ldigt roligt att l\u00e4gga in Christer Sturmark mellan Schleiermacher och en ortodox jude, h\u00e4r s\u00e4tter han i alla fall fingret p\u00e5 n\u00e5got viktigt:<\/div>\n<div><a href=\"http:\/\/1.bp.blogspot.com\/-WbCC-Lw0Uo4\/UUYf7mp5iLI\/AAAAAAAACxg\/-eO3p4HG-Dc\/s1600\/konservativsturmark.jpg\"><img loading=\"lazy\" decoding=\"async\" border=\"0\" height=\"83\" src=\"http:\/\/1.bp.blogspot.com\/-WbCC-Lw0Uo4\/UUYf7mp5iLI\/AAAAAAAACxg\/-eO3p4HG-Dc\/s400\/konservativsturmark.jpg\" width=\"400\"><\/a><\/div>\n<div><\/div>\n<div>Omv\u00e4ndelse&#8230;<\/div>\n<div><a href=\"http:\/\/3.bp.blogspot.com\/-mNgRRn3AOiw\/UUYf_aZDqqI\/AAAAAAAACyE\/Qr51iLroSUk\/s1600\/repent.jpg\"><img loading=\"lazy\" decoding=\"async\" border=\"0\" height=\"88\" src=\"http:\/\/3.bp.blogspot.com\/-mNgRRn3AOiw\/UUYf_aZDqqI\/AAAAAAAACyE\/Qr51iLroSUk\/s400\/repent.jpg\" width=\"400\"><\/a><\/div>\n<\/p>\n<div><\/div>\n<div><\/div>\n<div>Kloka tweets:<\/div>\n<div><\/div>\n<div><a href=\"http:\/\/4.bp.blogspot.com\/-nKJNe9b-bw4\/UUYf4AgOwMI\/AAAAAAAACw8\/sqxjHPKx3Fg\/s1600\/halvering.jpg\"><img loading=\"lazy\" decoding=\"async\" border=\"0\" height=\"66\" src=\"http:\/\/4.bp.blogspot.com\/-nKJNe9b-bw4\/UUYf4AgOwMI\/AAAAAAAACw8\/sqxjHPKx3Fg\/s400\/halvering.jpg\" width=\"400\"><\/a><\/div>\n<\/p>\n<div><a href=\"http:\/\/4.bp.blogspot.com\/-tODzhFZtcMI\/UUYf4XmiY9I\/AAAAAAAACxA\/o62jgSCQf1A\/s1600\/herrey.jpg\"><img loading=\"lazy\" decoding=\"async\" border=\"0\" height=\"82\" src=\"http:\/\/4.bp.blogspot.com\/-tODzhFZtcMI\/UUYf4XmiY9I\/AAAAAAAACxA\/o62jgSCQf1A\/s400\/herrey.jpg\" width=\"400\"><\/a><\/div>\n<\/p>\n<div><a href=\"http:\/\/3.bp.blogspot.com\/-Z22Q3tN7_ig\/UUYf8pookWI\/AAAAAAAACxs\/ngHrLGa7dWc\/s1600\/kravlo%CC%88st.jpg\"><img loading=\"lazy\" decoding=\"async\" border=\"0\" height=\"55\" src=\"http:\/\/3.bp.blogspot.com\/-Z22Q3tN7_ig\/UUYf8pookWI\/AAAAAAAACxs\/ngHrLGa7dWc\/s400\/kravlo%CC%88st.jpg\" width=\"400\"><\/a><\/div>\n<\/p>\n<div><a href=\"http:\/\/3.bp.blogspot.com\/-sRInMdQ_-78\/UUYf9tbuhOI\/AAAAAAAACx0\/Zwl0ZSxMSTg\/s1600\/pride.jpg\"><img loading=\"lazy\" decoding=\"async\" border=\"0\" height=\"73\" src=\"http:\/\/3.bp.blogspot.com\/-sRInMdQ_-78\/UUYf9tbuhOI\/AAAAAAAACx0\/Zwl0ZSxMSTg\/s400\/pride.jpg\" width=\"400\"><\/a><\/div>\n<\/p>\n<div><a href=\"http:\/\/4.bp.blogspot.com\/-nX-w9xwQa80\/UUYf-Gfa3VI\/AAAAAAAACx8\/DZz03eEW4l4\/s1600\/lrdare.jpg\"><img loading=\"lazy\" decoding=\"async\" border=\"0\" height=\"71\" src=\"http:\/\/4.bp.blogspot.com\/-nX-w9xwQa80\/UUYf-Gfa3VI\/AAAAAAAACx8\/DZz03eEW4l4\/s400\/lrdare.jpg\" width=\"400\"><\/a><\/div>\n<\/p>\n<div>\u00a0En pedagogs utmaning<\/div>\n<div><a href=\"http:\/\/3.bp.blogspot.com\/-A_s9nxltmFA\/UUYf_5rySFI\/AAAAAAAACyM\/F5Jlmc3Uj6w\/s1600\/retorikinfo.jpg\"><img loading=\"lazy\" decoding=\"async\" border=\"0\" height=\"72\" src=\"http:\/\/3.bp.blogspot.com\/-A_s9nxltmFA\/UUYf_5rySFI\/AAAAAAAACyM\/F5Jlmc3Uj6w\/s400\/retorikinfo.jpg\" width=\"400\"><\/a><\/div>\n<\/p>\n<div>Du f\u00e5r sj\u00e4lv bed\u00f6ma hur bra det h\u00e4r funkar, kanske en klen tr\u00f6st?<\/div>\n<div><a href=\"http:\/\/3.bp.blogspot.com\/-ijOnI7GQtWQ\/UUYgAZLWVTI\/AAAAAAAACyU\/_1pA5JTM2QM\/s1600\/tro%CC%88st.jpg\"><img loading=\"lazy\" decoding=\"async\" border=\"0\" height=\"71\" src=\"http:\/\/3.bp.blogspot.com\/-ijOnI7GQtWQ\/UUYgAZLWVTI\/AAAAAAAACyU\/_1pA5JTM2QM\/s400\/tro%CC%88st.jpg\" width=\"400\"><\/a><\/div>\n<div><\/div>\n<div><\/div>\n<div><\/div>\n<div>Veckans b\u00e4sta<\/div>\n<div>\u00a0blir denna vecka Brian Zahnd igen, med en stor utmaning till oss som g\u00e4rna \u00e4r alla till lags.<\/div>\n<div><\/div>\n<div><a href=\"http:\/\/3.bp.blogspot.com\/-YZH4K3mCJcg\/UUYf6mhnh6I\/AAAAAAAACxY\/vK3S8pw8OPA\/s1600\/jesuframga%CC%8Ang.jpg\"><img loading=\"lazy\" decoding=\"async\" border=\"0\" height=\"71\" src=\"http:\/\/3.bp.blogspot.com\/-YZH4K3mCJcg\/UUYf6mhnh6I\/AAAAAAAACxY\/vK3S8pw8OPA\/s400\/jesuframga%CC%8Ang.jpg\" width=\"400\"><\/a><\/div><\/p>\n","protected":false},"excerpt":{"rendered":"<p>Jag m\u00e4rker att tendensen \u00e4nd\u00e5 g\u00e5r dit\u00e5t s\u00e5 nu best\u00e4mmer jag att twittersammanfattningen h\u00e4rmed kommer p\u00e5 m\u00e5ndagar ist\u00e4llet. H\u00e4r \u00e4r den samlade visdomen fr\u00e5n veckan som g\u00e5tt. Lite fromt, lite klokt, lite roligt, och \u00e4ra \u00e5t alla som t\u00e4nkt till. Eller ja, nu verkar det ha varit en helt igenom tr\u00e5kig vecka f\u00f6r de roliga [&hellip;]<\/p>\n","protected":false},"author":392,"featured_media":0,"comment_status":"open","ping_status":"open","sticky":false,"template":"","format":"standard","meta":{"_acf_changed":false,"footnotes":""},"categories":[76766],"tags":[],"class_list":["post-659","post","type-post","status-publish","format-standard","hentry","category-blandat"],"acf":[],"yoast_head":"<!-- This site is optimized with the Yoast SEO plugin v27.1.1 - https:\/\/yoast.com\/product\/yoast-seo-wordpress\/ -->\n<title>Veckans favorittweets! - Vandra V\u00e4gen<\/title>\n<meta name=\"robots\" content=\"index, follow, max-snippet:-1, max-image-preview:large, max-video-preview:-1\" \/>\n<link rel=\"canonical\" href=\"https:\/\/blogg.svenskakyrkan.se\/vandravagen\/2013\/03\/18\/veckans-favorittweets-4\/\" \/>\n<meta property=\"og:locale\" content=\"sv_SE\" \/>\n<meta property=\"og:type\" content=\"article\" \/>\n<meta property=\"og:title\" content=\"Veckans favorittweets! - Vandra V\u00e4gen\" \/>\n<meta property=\"og:description\" content=\"Jag m\u00e4rker att tendensen \u00e4nd\u00e5 g\u00e5r dit\u00e5t s\u00e5 nu best\u00e4mmer jag att twittersammanfattningen h\u00e4rmed kommer p\u00e5 m\u00e5ndagar ist\u00e4llet. H\u00e4r \u00e4r den samlade visdomen fr\u00e5n veckan som g\u00e5tt. Lite fromt, lite klokt, lite roligt, och \u00e4ra \u00e5t alla som t\u00e4nkt till. Eller ja, nu verkar det ha varit en helt igenom tr\u00e5kig vecka f\u00f6r de roliga [&hellip;]\" \/>\n<meta property=\"og:url\" content=\"https:\/\/blogg.svenskakyrkan.se\/vandravagen\/2013\/03\/18\/veckans-favorittweets-4\/\" \/>\n<meta property=\"og:site_name\" content=\"Vandra V\u00e4gen\" \/>\n<meta property=\"article:publisher\" content=\"http:\/\/facebook.com\/vandravagen\" \/>\n<meta property=\"article:published_time\" content=\"2013-03-18T09:21:00+00:00\" \/>\n<meta property=\"og:image\" content=\"http:\/\/2.bp.blogspot.com\/-xClTn4V6UZs\/UUYf2Q7iU-I\/AAAAAAAACws\/h5-QSWok_o0\/s400\/bibelva%CC%8Ald.jpg\" \/>\n<meta name=\"author\" content=\"Tomas Jarvid\" \/>\n<meta name=\"twitter:card\" content=\"summary_large_image\" \/>\n<meta name=\"twitter:creator\" content=\"@fadertomas\" \/>\n<meta name=\"twitter:site\" content=\"@fadertomas\" \/>\n<meta name=\"twitter:label1\" content=\"Skriven av\" \/>\n\t<meta name=\"twitter:data1\" content=\"Tomas Jarvid\" \/>\n\t<meta name=\"twitter:label2\" content=\"Ber\u00e4knad l\u00e4stid\" \/>\n\t<meta name=\"twitter:data2\" content=\"1 minut\" \/>\n<script type=\"application\/ld+json\" class=\"yoast-schema-graph\">{\"@context\":\"https:\/\/schema.org\",\"@graph\":[{\"@type\":\"Article\",\"@id\":\"https:\/\/blogg.svenskakyrkan.se\/vandravagen\/2013\/03\/18\/veckans-favorittweets-4\/#article\",\"isPartOf\":{\"@id\":\"https:\/\/blogg.svenskakyrkan.se\/vandravagen\/2013\/03\/18\/veckans-favorittweets-4\/\"},\"author\":{\"name\":\"Tomas Jarvid\",\"@id\":\"https:\/\/blogg.svenskakyrkan.se\/vandravagen\/#\/schema\/person\/25da02d4f76b137d04291711e2c9fc16\"},\"headline\":\"Veckans favorittweets!\",\"datePublished\":\"2013-03-18T09:21:00+00:00\",\"mainEntityOfPage\":{\"@id\":\"https:\/\/blogg.svenskakyrkan.se\/vandravagen\/2013\/03\/18\/veckans-favorittweets-4\/\"},\"wordCount\":185,\"commentCount\":0,\"publisher\":{\"@id\":\"https:\/\/blogg.svenskakyrkan.se\/vandravagen\/#organization\"},\"image\":{\"@id\":\"https:\/\/blogg.svenskakyrkan.se\/vandravagen\/2013\/03\/18\/veckans-favorittweets-4\/#primaryimage\"},\"thumbnailUrl\":\"http:\/\/2.bp.blogspot.com\/-xClTn4V6UZs\/UUYf2Q7iU-I\/AAAAAAAACws\/h5-QSWok_o0\/s400\/bibelva%CC%8Ald.jpg\",\"articleSection\":[\"blandat\"],\"inLanguage\":\"sv-SE\",\"potentialAction\":[{\"@type\":\"CommentAction\",\"name\":\"Comment\",\"target\":[\"https:\/\/blogg.svenskakyrkan.se\/vandravagen\/2013\/03\/18\/veckans-favorittweets-4\/#respond\"]}]},{\"@type\":\"WebPage\",\"@id\":\"https:\/\/blogg.svenskakyrkan.se\/vandravagen\/2013\/03\/18\/veckans-favorittweets-4\/\",\"url\":\"https:\/\/blogg.svenskakyrkan.se\/vandravagen\/2013\/03\/18\/veckans-favorittweets-4\/\",\"name\":\"Veckans favorittweets! - Vandra V\u00e4gen\",\"isPartOf\":{\"@id\":\"https:\/\/blogg.svenskakyrkan.se\/vandravagen\/#website\"},\"primaryImageOfPage\":{\"@id\":\"https:\/\/blogg.svenskakyrkan.se\/vandravagen\/2013\/03\/18\/veckans-favorittweets-4\/#primaryimage\"},\"image\":{\"@id\":\"https:\/\/blogg.svenskakyrkan.se\/vandravagen\/2013\/03\/18\/veckans-favorittweets-4\/#primaryimage\"},\"thumbnailUrl\":\"http:\/\/2.bp.blogspot.com\/-xClTn4V6UZs\/UUYf2Q7iU-I\/AAAAAAAACws\/h5-QSWok_o0\/s400\/bibelva%CC%8Ald.jpg\",\"datePublished\":\"2013-03-18T09:21:00+00:00\",\"breadcrumb\":{\"@id\":\"https:\/\/blogg.svenskakyrkan.se\/vandravagen\/2013\/03\/18\/veckans-favorittweets-4\/#breadcrumb\"},\"inLanguage\":\"sv-SE\",\"potentialAction\":[{\"@type\":\"ReadAction\",\"target\":[\"https:\/\/blogg.svenskakyrkan.se\/vandravagen\/2013\/03\/18\/veckans-favorittweets-4\/\"]}]},{\"@type\":\"ImageObject\",\"inLanguage\":\"sv-SE\",\"@id\":\"https:\/\/blogg.svenskakyrkan.se\/vandravagen\/2013\/03\/18\/veckans-favorittweets-4\/#primaryimage\",\"url\":\"http:\/\/2.bp.blogspot.com\/-xClTn4V6UZs\/UUYf2Q7iU-I\/AAAAAAAACws\/h5-QSWok_o0\/s400\/bibelva%CC%8Ald.jpg\",\"contentUrl\":\"http:\/\/2.bp.blogspot.com\/-xClTn4V6UZs\/UUYf2Q7iU-I\/AAAAAAAACws\/h5-QSWok_o0\/s400\/bibelva%CC%8Ald.jpg\"},{\"@type\":\"BreadcrumbList\",\"@id\":\"https:\/\/blogg.svenskakyrkan.se\/vandravagen\/2013\/03\/18\/veckans-favorittweets-4\/#breadcrumb\",\"itemListElement\":[{\"@type\":\"ListItem\",\"position\":1,\"name\":\"Hem\",\"item\":\"https:\/\/blogg.svenskakyrkan.se\/vandravagen\/\"},{\"@type\":\"ListItem\",\"position\":2,\"name\":\"Veckans favorittweets!\"}]},{\"@type\":\"WebSite\",\"@id\":\"https:\/\/blogg.svenskakyrkan.se\/vandravagen\/#website\",\"url\":\"https:\/\/blogg.svenskakyrkan.se\/vandravagen\/\",\"name\":\"Vandra V\u00e4gen\",\"description\":\"-Mot en tro f\u00f6r hela livet\",\"publisher\":{\"@id\":\"https:\/\/blogg.svenskakyrkan.se\/vandravagen\/#organization\"},\"potentialAction\":[{\"@type\":\"SearchAction\",\"target\":{\"@type\":\"EntryPoint\",\"urlTemplate\":\"https:\/\/blogg.svenskakyrkan.se\/vandravagen\/?s={search_term_string}\"},\"query-input\":{\"@type\":\"PropertyValueSpecification\",\"valueRequired\":true,\"valueName\":\"search_term_string\"}}],\"inLanguage\":\"sv-SE\"},{\"@type\":\"Organization\",\"@id\":\"https:\/\/blogg.svenskakyrkan.se\/vandravagen\/#organization\",\"name\":\"ulricehamns pastorat\",\"alternateName\":\"ulricehamns pastorat\",\"url\":\"https:\/\/blogg.svenskakyrkan.se\/vandravagen\/\",\"logo\":{\"@type\":\"ImageObject\",\"inLanguage\":\"sv-SE\",\"@id\":\"https:\/\/blogg.svenskakyrkan.se\/vandravagen\/#\/schema\/logo\/image\/\",\"url\":\"https:\/\/blogg.svenskakyrkan.se\/vandravagen\/files\/2023\/05\/Ulr_logo_RGB.png\",\"contentUrl\":\"https:\/\/blogg.svenskakyrkan.se\/vandravagen\/files\/2023\/05\/Ulr_logo_RGB.png\",\"width\":205,\"height\":77,\"caption\":\"ulricehamns pastorat\"},\"image\":{\"@id\":\"https:\/\/blogg.svenskakyrkan.se\/vandravagen\/#\/schema\/logo\/image\/\"},\"sameAs\":[\"http:\/\/facebook.com\/vandravagen\",\"https:\/\/x.com\/fadertomas\",\"http:\/\/www.facebook.com\/svenskakyrkaniulricehamn\"]},{\"@type\":\"Person\",\"@id\":\"https:\/\/blogg.svenskakyrkan.se\/vandravagen\/#\/schema\/person\/25da02d4f76b137d04291711e2c9fc16\",\"name\":\"Tomas Jarvid\",\"image\":{\"@type\":\"ImageObject\",\"inLanguage\":\"sv-SE\",\"@id\":\"https:\/\/blogg.svenskakyrkan.se\/vandravagen\/#\/schema\/person\/image\/\",\"url\":\"https:\/\/secure.gravatar.com\/avatar\/7fa71899795e8f540f615a1f5ab25255dc27aa40f05ee7ddd21aac521e01bf50?s=96&d=identicon&r=g\",\"contentUrl\":\"https:\/\/secure.gravatar.com\/avatar\/7fa71899795e8f540f615a1f5ab25255dc27aa40f05ee7ddd21aac521e01bf50?s=96&d=identicon&r=g\",\"caption\":\"Tomas Jarvid\"},\"description\":\"Jag bor i Ulricehamn i V\u00e4sterg\u00f6tland och \u00e4r f\u00f6rsamlingspr\u00e4st i Svenska Kyrkan f\u00f6r Dalstorps f\u00f6rsamling i Kinds pastorat. P\u00e5 den h\u00e4r bloggen skriver jag ner tankar om vandringen som kristen.\",\"sameAs\":[\"http:\/\/www.vandravagen.se\"],\"url\":\"https:\/\/blogg.svenskakyrkan.se\/vandravagen\/author\/vandravagen\/\"}]}<\/script>\n<!-- \/ Yoast SEO plugin. -->","yoast_head_json":{"title":"Veckans favorittweets! - Vandra V\u00e4gen","robots":{"index":"index","follow":"follow","max-snippet":"max-snippet:-1","max-image-preview":"max-image-preview:large","max-video-preview":"max-video-preview:-1"},"canonical":"https:\/\/blogg.svenskakyrkan.se\/vandravagen\/2013\/03\/18\/veckans-favorittweets-4\/","og_locale":"sv_SE","og_type":"article","og_title":"Veckans favorittweets! - Vandra V\u00e4gen","og_description":"Jag m\u00e4rker att tendensen \u00e4nd\u00e5 g\u00e5r dit\u00e5t s\u00e5 nu best\u00e4mmer jag att twittersammanfattningen h\u00e4rmed kommer p\u00e5 m\u00e5ndagar ist\u00e4llet. H\u00e4r \u00e4r den samlade visdomen fr\u00e5n veckan som g\u00e5tt. Lite fromt, lite klokt, lite roligt, och \u00e4ra \u00e5t alla som t\u00e4nkt till. Eller ja, nu verkar det ha varit en helt igenom tr\u00e5kig vecka f\u00f6r de roliga [&hellip;]","og_url":"https:\/\/blogg.svenskakyrkan.se\/vandravagen\/2013\/03\/18\/veckans-favorittweets-4\/","og_site_name":"Vandra V\u00e4gen","article_publisher":"http:\/\/facebook.com\/vandravagen","article_published_time":"2013-03-18T09:21:00+00:00","og_image":[{"url":"http:\/\/2.bp.blogspot.com\/-xClTn4V6UZs\/UUYf2Q7iU-I\/AAAAAAAACws\/h5-QSWok_o0\/s400\/bibelva%CC%8Ald.jpg","type":"","width":"","height":""}],"author":"Tomas Jarvid","twitter_card":"summary_large_image","twitter_creator":"@fadertomas","twitter_site":"@fadertomas","twitter_misc":{"Skriven av":"Tomas Jarvid","Ber\u00e4knad l\u00e4stid":"1 minut"},"schema":{"@context":"https:\/\/schema.org","@graph":[{"@type":"Article","@id":"https:\/\/blogg.svenskakyrkan.se\/vandravagen\/2013\/03\/18\/veckans-favorittweets-4\/#article","isPartOf":{"@id":"https:\/\/blogg.svenskakyrkan.se\/vandravagen\/2013\/03\/18\/veckans-favorittweets-4\/"},"author":{"name":"Tomas Jarvid","@id":"https:\/\/blogg.svenskakyrkan.se\/vandravagen\/#\/schema\/person\/25da02d4f76b137d04291711e2c9fc16"},"headline":"Veckans favorittweets!","datePublished":"2013-03-18T09:21:00+00:00","mainEntityOfPage":{"@id":"https:\/\/blogg.svenskakyrkan.se\/vandravagen\/2013\/03\/18\/veckans-favorittweets-4\/"},"wordCount":185,"commentCount":0,"publisher":{"@id":"https:\/\/blogg.svenskakyrkan.se\/vandravagen\/#organization"},"image":{"@id":"https:\/\/blogg.svenskakyrkan.se\/vandravagen\/2013\/03\/18\/veckans-favorittweets-4\/#primaryimage"},"thumbnailUrl":"http:\/\/2.bp.blogspot.com\/-xClTn4V6UZs\/UUYf2Q7iU-I\/AAAAAAAACws\/h5-QSWok_o0\/s400\/bibelva%CC%8Ald.jpg","articleSection":["blandat"],"inLanguage":"sv-SE","potentialAction":[{"@type":"CommentAction","name":"Comment","target":["https:\/\/blogg.svenskakyrkan.se\/vandravagen\/2013\/03\/18\/veckans-favorittweets-4\/#respond"]}]},{"@type":"WebPage","@id":"https:\/\/blogg.svenskakyrkan.se\/vandravagen\/2013\/03\/18\/veckans-favorittweets-4\/","url":"https:\/\/blogg.svenskakyrkan.se\/vandravagen\/2013\/03\/18\/veckans-favorittweets-4\/","name":"Veckans favorittweets! - Vandra V\u00e4gen","isPartOf":{"@id":"https:\/\/blogg.svenskakyrkan.se\/vandravagen\/#website"},"primaryImageOfPage":{"@id":"https:\/\/blogg.svenskakyrkan.se\/vandravagen\/2013\/03\/18\/veckans-favorittweets-4\/#primaryimage"},"image":{"@id":"https:\/\/blogg.svenskakyrkan.se\/vandravagen\/2013\/03\/18\/veckans-favorittweets-4\/#primaryimage"},"thumbnailUrl":"http:\/\/2.bp.blogspot.com\/-xClTn4V6UZs\/UUYf2Q7iU-I\/AAAAAAAACws\/h5-QSWok_o0\/s400\/bibelva%CC%8Ald.jpg","datePublished":"2013-03-18T09:21:00+00:00","breadcrumb":{"@id":"https:\/\/blogg.svenskakyrkan.se\/vandravagen\/2013\/03\/18\/veckans-favorittweets-4\/#breadcrumb"},"inLanguage":"sv-SE","potentialAction":[{"@type":"ReadAction","target":["https:\/\/blogg.svenskakyrkan.se\/vandravagen\/2013\/03\/18\/veckans-favorittweets-4\/"]}]},{"@type":"ImageObject","inLanguage":"sv-SE","@id":"https:\/\/blogg.svenskakyrkan.se\/vandravagen\/2013\/03\/18\/veckans-favorittweets-4\/#primaryimage","url":"http:\/\/2.bp.blogspot.com\/-xClTn4V6UZs\/UUYf2Q7iU-I\/AAAAAAAACws\/h5-QSWok_o0\/s400\/bibelva%CC%8Ald.jpg","contentUrl":"http:\/\/2.bp.blogspot.com\/-xClTn4V6UZs\/UUYf2Q7iU-I\/AAAAAAAACws\/h5-QSWok_o0\/s400\/bibelva%CC%8Ald.jpg"},{"@type":"BreadcrumbList","@id":"https:\/\/blogg.svenskakyrkan.se\/vandravagen\/2013\/03\/18\/veckans-favorittweets-4\/#breadcrumb","itemListElement":[{"@type":"ListItem","position":1,"name":"Hem","item":"https:\/\/blogg.svenskakyrkan.se\/vandravagen\/"},{"@type":"ListItem","position":2,"name":"Veckans favorittweets!"}]},{"@type":"WebSite","@id":"https:\/\/blogg.svenskakyrkan.se\/vandravagen\/#website","url":"https:\/\/blogg.svenskakyrkan.se\/vandravagen\/","name":"Vandra V\u00e4gen","description":"-Mot en tro f\u00f6r hela livet","publisher":{"@id":"https:\/\/blogg.svenskakyrkan.se\/vandravagen\/#organization"},"potentialAction":[{"@type":"SearchAction","target":{"@type":"EntryPoint","urlTemplate":"https:\/\/blogg.svenskakyrkan.se\/vandravagen\/?s={search_term_string}"},"query-input":{"@type":"PropertyValueSpecification","valueRequired":true,"valueName":"search_term_string"}}],"inLanguage":"sv-SE"},{"@type":"Organization","@id":"https:\/\/blogg.svenskakyrkan.se\/vandravagen\/#organization","name":"ulricehamns pastorat","alternateName":"ulricehamns pastorat","url":"https:\/\/blogg.svenskakyrkan.se\/vandravagen\/","logo":{"@type":"ImageObject","inLanguage":"sv-SE","@id":"https:\/\/blogg.svenskakyrkan.se\/vandravagen\/#\/schema\/logo\/image\/","url":"https:\/\/blogg.svenskakyrkan.se\/vandravagen\/files\/2023\/05\/Ulr_logo_RGB.png","contentUrl":"https:\/\/blogg.svenskakyrkan.se\/vandravagen\/files\/2023\/05\/Ulr_logo_RGB.png","width":205,"height":77,"caption":"ulricehamns pastorat"},"image":{"@id":"https:\/\/blogg.svenskakyrkan.se\/vandravagen\/#\/schema\/logo\/image\/"},"sameAs":["http:\/\/facebook.com\/vandravagen","https:\/\/x.com\/fadertomas","http:\/\/www.facebook.com\/svenskakyrkaniulricehamn"]},{"@type":"Person","@id":"https:\/\/blogg.svenskakyrkan.se\/vandravagen\/#\/schema\/person\/25da02d4f76b137d04291711e2c9fc16","name":"Tomas Jarvid","image":{"@type":"ImageObject","inLanguage":"sv-SE","@id":"https:\/\/blogg.svenskakyrkan.se\/vandravagen\/#\/schema\/person\/image\/","url":"https:\/\/secure.gravatar.com\/avatar\/7fa71899795e8f540f615a1f5ab25255dc27aa40f05ee7ddd21aac521e01bf50?s=96&d=identicon&r=g","contentUrl":"https:\/\/secure.gravatar.com\/avatar\/7fa71899795e8f540f615a1f5ab25255dc27aa40f05ee7ddd21aac521e01bf50?s=96&d=identicon&r=g","caption":"Tomas Jarvid"},"description":"Jag bor i Ulricehamn i V\u00e4sterg\u00f6tland och \u00e4r f\u00f6rsamlingspr\u00e4st i Svenska Kyrkan f\u00f6r Dalstorps f\u00f6rsamling i Kinds pastorat. P\u00e5 den h\u00e4r bloggen skriver jag ner tankar om vandringen som kristen.","sameAs":["http:\/\/www.vandravagen.se"],"url":"https:\/\/blogg.svenskakyrkan.se\/vandravagen\/author\/vandravagen\/"}]}},"author_meta":{"ID":"392","user_nicename":"vandravagen","user_url":"http:\/\/www.vandravagen.se","user_registered":"2014-05-19 05:44:52","display_name":"Tomas Jarvid","first_name":"Tomas","last_name":"Jarvid","avatar":"https:\/\/secure.gravatar.com\/avatar\/7fa71899795e8f540f615a1f5ab25255dc27aa40f05ee7ddd21aac521e01bf50?s=96&d=identicon&r=g"},"featured_image":false,"bloginfo":{"name":"Vandra V\u00e4gen","url":"https:\/\/blogg.svenskakyrkan.se\/vandravagen"},"_links":{"self":[{"href":"https:\/\/blogg.svenskakyrkan.se\/vandravagen\/wp-json\/wp\/v2\/posts\/659","targetHints":{"allow":["GET"]}}],"collection":[{"href":"https:\/\/blogg.svenskakyrkan.se\/vandravagen\/wp-json\/wp\/v2\/posts"}],"about":[{"href":"https:\/\/blogg.svenskakyrkan.se\/vandravagen\/wp-json\/wp\/v2\/types\/post"}],"author":[{"embeddable":true,"href":"https:\/\/blogg.svenskakyrkan.se\/vandravagen\/wp-json\/wp\/v2\/users\/392"}],"replies":[{"embeddable":true,"href":"https:\/\/blogg.svenskakyrkan.se\/vandravagen\/wp-json\/wp\/v2\/comments?post=659"}],"version-history":[{"count":0,"href":"https:\/\/blogg.svenskakyrkan.se\/vandravagen\/wp-json\/wp\/v2\/posts\/659\/revisions"}],"wp:attachment":[{"href":"https:\/\/blogg.svenskakyrkan.se\/vandravagen\/wp-json\/wp\/v2\/media?parent=659"}],"wp:term":[{"taxonomy":"category","embeddable":true,"href":"https:\/\/blogg.svenskakyrkan.se\/vandravagen\/wp-json\/wp\/v2\/categories?post=659"},{"taxonomy":"post_tag","embeddable":true,"href":"https:\/\/blogg.svenskakyrkan.se\/vandravagen\/wp-json\/wp\/v2\/tags?post=659"}],"curies":[{"name":"wp","href":"https:\/\/api.w.org\/{rel}","templated":true}]}}