{"id":663,"date":"2013-03-16T10:50:00","date_gmt":"2013-03-16T09:50:00","guid":{"rendered":"http:\/\/blogg.svenskakyrkan.se\/vandravagen\/2013\/03\/16\/konsten-att-lasa-bibeln-som-ett-proffs\/"},"modified":"2013-03-16T10:50:00","modified_gmt":"2013-03-16T09:50:00","slug":"konsten-att-lasa-bibeln-som-ett-proffs","status":"publish","type":"post","link":"https:\/\/blogg.svenskakyrkan.se\/vandravagen\/2013\/03\/16\/konsten-att-lasa-bibeln-som-ett-proffs\/","title":{"rendered":"Konsten att l\u00e4sa Bibeln som ett proffs!"},"content":{"rendered":"<table align=\"center\" cellpadding=\"0\" cellspacing=\"0\">\n<tbody>\n<tr>\n<td><a href=\"http:\/\/3.bp.blogspot.com\/-2Tgrz-cSG6Y\/UUQxHZOMipI\/AAAAAAAACwM\/opsaZYZRZmA\/s1600\/21.jpg\"><img loading=\"lazy\" decoding=\"async\" border=\"0\" height=\"266\" src=\"http:\/\/3.bp.blogspot.com\/-2Tgrz-cSG6Y\/UUQxHZOMipI\/AAAAAAAACwM\/opsaZYZRZmA\/s400\/21.jpg\" width=\"400\"><\/a><\/td>\n<\/tr>\n<tr>\n<td>V\u00e4rt att titta n\u00e4rmare p\u00e5!<\/td>\n<\/tr>\n<\/tbody>\n<\/table>\n<p>Jag har skrivit lite om bibell\u00e4sning i samband med att jag skrev <a href=\"http:\/\/www.vandravagen.se\/2013\/02\/ar-bibelns-historier-myter.html\">om myter f\u00f6r ett litet tag sedan<\/a>. D\u00e5 kom jag p\u00e5 att det finns en och annan bibell\u00e4sningshemlighet ytterligare att n\u00e4mna. Under pr\u00e4stutbildningen f\u00e5r man l\u00e4ra sig en uppsj\u00f6 av perspektiv som \u00e4r bra att ha f\u00f6r att f\u00f6rst\u00e5 en bibeltext s\u00e5 bra som m\u00f6jligt och de t\u00e4nkte jag dela med mig av en efter en h\u00e4r.<\/p>\n<p>Det \u00e4r f\u00f6rst och fr\u00e4mst metoder avsedda f\u00f6r att hj\u00e4lpa dig som l\u00e4sare att f\u00f6rst\u00e5 hur texten f\u00f6rstods av sina f\u00f6rsta l\u00e4sare. Det \u00e4r sedan ofta en delvis annan fr\u00e5ga vad det betyder just f\u00f6r mig idag, i min situation.<\/p>\n<p>Mer om detta fram\u00f6ver allts\u00e5. Har du fr\u00e5gor om bibell\u00e4sning kan jag s\u00e4kert f\u00f6rs\u00f6ka svara n\u00e5got p\u00e5 dem, eller hitta n\u00e5gon som vet b\u00e4ttre.<\/p>\n","protected":false},"excerpt":{"rendered":"<p>V\u00e4rt att titta n\u00e4rmare p\u00e5! Jag har skrivit lite om bibell\u00e4sning i samband med att jag skrev om myter f\u00f6r ett litet tag sedan. D\u00e5 kom jag p\u00e5 att det finns en och annan bibell\u00e4sningshemlighet ytterligare att n\u00e4mna. Under pr\u00e4stutbildningen f\u00e5r man l\u00e4ra sig en uppsj\u00f6 av perspektiv som \u00e4r bra att ha f\u00f6r att [&hellip;]<\/p>\n","protected":false},"author":392,"featured_media":0,"comment_status":"open","ping_status":"open","sticky":false,"template":"","format":"standard","meta":{"_acf_changed":false,"footnotes":""},"categories":[8298,117],"tags":[],"class_list":["post-663","post","type-post","status-publish","format-standard","hentry","category-bibeln","category-teologi"],"acf":[],"yoast_head":"<!-- This site is optimized with the Yoast SEO plugin v27.1.1 - https:\/\/yoast.com\/product\/yoast-seo-wordpress\/ -->\n<title>Konsten att l\u00e4sa Bibeln som ett proffs! - Vandra V\u00e4gen<\/title>\n<meta name=\"robots\" content=\"index, follow, max-snippet:-1, max-image-preview:large, max-video-preview:-1\" \/>\n<link rel=\"canonical\" href=\"https:\/\/blogg.svenskakyrkan.se\/vandravagen\/2013\/03\/16\/konsten-att-lasa-bibeln-som-ett-proffs\/\" \/>\n<meta property=\"og:locale\" content=\"sv_SE\" \/>\n<meta property=\"og:type\" content=\"article\" \/>\n<meta property=\"og:title\" content=\"Konsten att l\u00e4sa Bibeln som ett proffs! - Vandra V\u00e4gen\" \/>\n<meta property=\"og:description\" content=\"V\u00e4rt att titta n\u00e4rmare p\u00e5! Jag har skrivit lite om bibell\u00e4sning i samband med att jag skrev om myter f\u00f6r ett litet tag sedan. D\u00e5 kom jag p\u00e5 att det finns en och annan bibell\u00e4sningshemlighet ytterligare att n\u00e4mna. Under pr\u00e4stutbildningen f\u00e5r man l\u00e4ra sig en uppsj\u00f6 av perspektiv som \u00e4r bra att ha f\u00f6r att [&hellip;]\" \/>\n<meta property=\"og:url\" content=\"https:\/\/blogg.svenskakyrkan.se\/vandravagen\/2013\/03\/16\/konsten-att-lasa-bibeln-som-ett-proffs\/\" \/>\n<meta property=\"og:site_name\" content=\"Vandra V\u00e4gen\" \/>\n<meta property=\"article:publisher\" content=\"http:\/\/facebook.com\/vandravagen\" \/>\n<meta property=\"article:published_time\" content=\"2013-03-16T09:50:00+00:00\" \/>\n<meta property=\"og:image\" content=\"http:\/\/3.bp.blogspot.com\/-2Tgrz-cSG6Y\/UUQxHZOMipI\/AAAAAAAACwM\/opsaZYZRZmA\/s400\/21.jpg\" \/>\n<meta name=\"author\" content=\"Tomas Jarvid\" \/>\n<meta name=\"twitter:card\" content=\"summary_large_image\" \/>\n<meta name=\"twitter:creator\" content=\"@fadertomas\" \/>\n<meta name=\"twitter:site\" content=\"@fadertomas\" \/>\n<meta name=\"twitter:label1\" content=\"Skriven av\" \/>\n\t<meta name=\"twitter:data1\" content=\"Tomas Jarvid\" \/>\n\t<meta name=\"twitter:label2\" content=\"Ber\u00e4knad l\u00e4stid\" \/>\n\t<meta name=\"twitter:data2\" content=\"1 minut\" \/>\n<script type=\"application\/ld+json\" class=\"yoast-schema-graph\">{\"@context\":\"https:\/\/schema.org\",\"@graph\":[{\"@type\":\"Article\",\"@id\":\"https:\/\/blogg.svenskakyrkan.se\/vandravagen\/2013\/03\/16\/konsten-att-lasa-bibeln-som-ett-proffs\/#article\",\"isPartOf\":{\"@id\":\"https:\/\/blogg.svenskakyrkan.se\/vandravagen\/2013\/03\/16\/konsten-att-lasa-bibeln-som-ett-proffs\/\"},\"author\":{\"name\":\"Tomas Jarvid\",\"@id\":\"https:\/\/blogg.svenskakyrkan.se\/vandravagen\/#\/schema\/person\/25da02d4f76b137d04291711e2c9fc16\"},\"headline\":\"Konsten att l\u00e4sa Bibeln som ett proffs!\",\"datePublished\":\"2013-03-16T09:50:00+00:00\",\"mainEntityOfPage\":{\"@id\":\"https:\/\/blogg.svenskakyrkan.se\/vandravagen\/2013\/03\/16\/konsten-att-lasa-bibeln-som-ett-proffs\/\"},\"wordCount\":180,\"commentCount\":0,\"publisher\":{\"@id\":\"https:\/\/blogg.svenskakyrkan.se\/vandravagen\/#organization\"},\"image\":{\"@id\":\"https:\/\/blogg.svenskakyrkan.se\/vandravagen\/2013\/03\/16\/konsten-att-lasa-bibeln-som-ett-proffs\/#primaryimage\"},\"thumbnailUrl\":\"http:\/\/3.bp.blogspot.com\/-2Tgrz-cSG6Y\/UUQxHZOMipI\/AAAAAAAACwM\/opsaZYZRZmA\/s400\/21.jpg\",\"articleSection\":[\"Bibeln\",\"Teologi\"],\"inLanguage\":\"sv-SE\",\"potentialAction\":[{\"@type\":\"CommentAction\",\"name\":\"Comment\",\"target\":[\"https:\/\/blogg.svenskakyrkan.se\/vandravagen\/2013\/03\/16\/konsten-att-lasa-bibeln-som-ett-proffs\/#respond\"]}]},{\"@type\":\"WebPage\",\"@id\":\"https:\/\/blogg.svenskakyrkan.se\/vandravagen\/2013\/03\/16\/konsten-att-lasa-bibeln-som-ett-proffs\/\",\"url\":\"https:\/\/blogg.svenskakyrkan.se\/vandravagen\/2013\/03\/16\/konsten-att-lasa-bibeln-som-ett-proffs\/\",\"name\":\"Konsten att l\u00e4sa Bibeln som ett proffs! - Vandra V\u00e4gen\",\"isPartOf\":{\"@id\":\"https:\/\/blogg.svenskakyrkan.se\/vandravagen\/#website\"},\"primaryImageOfPage\":{\"@id\":\"https:\/\/blogg.svenskakyrkan.se\/vandravagen\/2013\/03\/16\/konsten-att-lasa-bibeln-som-ett-proffs\/#primaryimage\"},\"image\":{\"@id\":\"https:\/\/blogg.svenskakyrkan.se\/vandravagen\/2013\/03\/16\/konsten-att-lasa-bibeln-som-ett-proffs\/#primaryimage\"},\"thumbnailUrl\":\"http:\/\/3.bp.blogspot.com\/-2Tgrz-cSG6Y\/UUQxHZOMipI\/AAAAAAAACwM\/opsaZYZRZmA\/s400\/21.jpg\",\"datePublished\":\"2013-03-16T09:50:00+00:00\",\"breadcrumb\":{\"@id\":\"https:\/\/blogg.svenskakyrkan.se\/vandravagen\/2013\/03\/16\/konsten-att-lasa-bibeln-som-ett-proffs\/#breadcrumb\"},\"inLanguage\":\"sv-SE\",\"potentialAction\":[{\"@type\":\"ReadAction\",\"target\":[\"https:\/\/blogg.svenskakyrkan.se\/vandravagen\/2013\/03\/16\/konsten-att-lasa-bibeln-som-ett-proffs\/\"]}]},{\"@type\":\"ImageObject\",\"inLanguage\":\"sv-SE\",\"@id\":\"https:\/\/blogg.svenskakyrkan.se\/vandravagen\/2013\/03\/16\/konsten-att-lasa-bibeln-som-ett-proffs\/#primaryimage\",\"url\":\"http:\/\/3.bp.blogspot.com\/-2Tgrz-cSG6Y\/UUQxHZOMipI\/AAAAAAAACwM\/opsaZYZRZmA\/s400\/21.jpg\",\"contentUrl\":\"http:\/\/3.bp.blogspot.com\/-2Tgrz-cSG6Y\/UUQxHZOMipI\/AAAAAAAACwM\/opsaZYZRZmA\/s400\/21.jpg\"},{\"@type\":\"BreadcrumbList\",\"@id\":\"https:\/\/blogg.svenskakyrkan.se\/vandravagen\/2013\/03\/16\/konsten-att-lasa-bibeln-som-ett-proffs\/#breadcrumb\",\"itemListElement\":[{\"@type\":\"ListItem\",\"position\":1,\"name\":\"Hem\",\"item\":\"https:\/\/blogg.svenskakyrkan.se\/vandravagen\/\"},{\"@type\":\"ListItem\",\"position\":2,\"name\":\"Konsten att l\u00e4sa Bibeln som ett proffs!\"}]},{\"@type\":\"WebSite\",\"@id\":\"https:\/\/blogg.svenskakyrkan.se\/vandravagen\/#website\",\"url\":\"https:\/\/blogg.svenskakyrkan.se\/vandravagen\/\",\"name\":\"Vandra V\u00e4gen\",\"description\":\"-Mot en tro f\u00f6r hela livet\",\"publisher\":{\"@id\":\"https:\/\/blogg.svenskakyrkan.se\/vandravagen\/#organization\"},\"potentialAction\":[{\"@type\":\"SearchAction\",\"target\":{\"@type\":\"EntryPoint\",\"urlTemplate\":\"https:\/\/blogg.svenskakyrkan.se\/vandravagen\/?s={search_term_string}\"},\"query-input\":{\"@type\":\"PropertyValueSpecification\",\"valueRequired\":true,\"valueName\":\"search_term_string\"}}],\"inLanguage\":\"sv-SE\"},{\"@type\":\"Organization\",\"@id\":\"https:\/\/blogg.svenskakyrkan.se\/vandravagen\/#organization\",\"name\":\"ulricehamns pastorat\",\"alternateName\":\"ulricehamns pastorat\",\"url\":\"https:\/\/blogg.svenskakyrkan.se\/vandravagen\/\",\"logo\":{\"@type\":\"ImageObject\",\"inLanguage\":\"sv-SE\",\"@id\":\"https:\/\/blogg.svenskakyrkan.se\/vandravagen\/#\/schema\/logo\/image\/\",\"url\":\"https:\/\/blogg.svenskakyrkan.se\/vandravagen\/files\/2023\/05\/Ulr_logo_RGB.png\",\"contentUrl\":\"https:\/\/blogg.svenskakyrkan.se\/vandravagen\/files\/2023\/05\/Ulr_logo_RGB.png\",\"width\":205,\"height\":77,\"caption\":\"ulricehamns pastorat\"},\"image\":{\"@id\":\"https:\/\/blogg.svenskakyrkan.se\/vandravagen\/#\/schema\/logo\/image\/\"},\"sameAs\":[\"http:\/\/facebook.com\/vandravagen\",\"https:\/\/x.com\/fadertomas\",\"http:\/\/www.facebook.com\/svenskakyrkaniulricehamn\"]},{\"@type\":\"Person\",\"@id\":\"https:\/\/blogg.svenskakyrkan.se\/vandravagen\/#\/schema\/person\/25da02d4f76b137d04291711e2c9fc16\",\"name\":\"Tomas Jarvid\",\"image\":{\"@type\":\"ImageObject\",\"inLanguage\":\"sv-SE\",\"@id\":\"https:\/\/blogg.svenskakyrkan.se\/vandravagen\/#\/schema\/person\/image\/\",\"url\":\"https:\/\/secure.gravatar.com\/avatar\/7fa71899795e8f540f615a1f5ab25255dc27aa40f05ee7ddd21aac521e01bf50?s=96&d=identicon&r=g\",\"contentUrl\":\"https:\/\/secure.gravatar.com\/avatar\/7fa71899795e8f540f615a1f5ab25255dc27aa40f05ee7ddd21aac521e01bf50?s=96&d=identicon&r=g\",\"caption\":\"Tomas Jarvid\"},\"description\":\"Jag bor i Ulricehamn i V\u00e4sterg\u00f6tland och \u00e4r f\u00f6rsamlingspr\u00e4st i Svenska Kyrkan f\u00f6r Dalstorps f\u00f6rsamling i Kinds pastorat. P\u00e5 den h\u00e4r bloggen skriver jag ner tankar om vandringen som kristen.\",\"sameAs\":[\"http:\/\/www.vandravagen.se\"],\"url\":\"https:\/\/blogg.svenskakyrkan.se\/vandravagen\/author\/vandravagen\/\"}]}<\/script>\n<!-- \/ Yoast SEO plugin. -->","yoast_head_json":{"title":"Konsten att l\u00e4sa Bibeln som ett proffs! - Vandra V\u00e4gen","robots":{"index":"index","follow":"follow","max-snippet":"max-snippet:-1","max-image-preview":"max-image-preview:large","max-video-preview":"max-video-preview:-1"},"canonical":"https:\/\/blogg.svenskakyrkan.se\/vandravagen\/2013\/03\/16\/konsten-att-lasa-bibeln-som-ett-proffs\/","og_locale":"sv_SE","og_type":"article","og_title":"Konsten att l\u00e4sa Bibeln som ett proffs! - Vandra V\u00e4gen","og_description":"V\u00e4rt att titta n\u00e4rmare p\u00e5! Jag har skrivit lite om bibell\u00e4sning i samband med att jag skrev om myter f\u00f6r ett litet tag sedan. D\u00e5 kom jag p\u00e5 att det finns en och annan bibell\u00e4sningshemlighet ytterligare att n\u00e4mna. Under pr\u00e4stutbildningen f\u00e5r man l\u00e4ra sig en uppsj\u00f6 av perspektiv som \u00e4r bra att ha f\u00f6r att [&hellip;]","og_url":"https:\/\/blogg.svenskakyrkan.se\/vandravagen\/2013\/03\/16\/konsten-att-lasa-bibeln-som-ett-proffs\/","og_site_name":"Vandra V\u00e4gen","article_publisher":"http:\/\/facebook.com\/vandravagen","article_published_time":"2013-03-16T09:50:00+00:00","og_image":[{"url":"http:\/\/3.bp.blogspot.com\/-2Tgrz-cSG6Y\/UUQxHZOMipI\/AAAAAAAACwM\/opsaZYZRZmA\/s400\/21.jpg","type":"","width":"","height":""}],"author":"Tomas Jarvid","twitter_card":"summary_large_image","twitter_creator":"@fadertomas","twitter_site":"@fadertomas","twitter_misc":{"Skriven av":"Tomas Jarvid","Ber\u00e4knad l\u00e4stid":"1 minut"},"schema":{"@context":"https:\/\/schema.org","@graph":[{"@type":"Article","@id":"https:\/\/blogg.svenskakyrkan.se\/vandravagen\/2013\/03\/16\/konsten-att-lasa-bibeln-som-ett-proffs\/#article","isPartOf":{"@id":"https:\/\/blogg.svenskakyrkan.se\/vandravagen\/2013\/03\/16\/konsten-att-lasa-bibeln-som-ett-proffs\/"},"author":{"name":"Tomas Jarvid","@id":"https:\/\/blogg.svenskakyrkan.se\/vandravagen\/#\/schema\/person\/25da02d4f76b137d04291711e2c9fc16"},"headline":"Konsten att l\u00e4sa Bibeln som ett proffs!","datePublished":"2013-03-16T09:50:00+00:00","mainEntityOfPage":{"@id":"https:\/\/blogg.svenskakyrkan.se\/vandravagen\/2013\/03\/16\/konsten-att-lasa-bibeln-som-ett-proffs\/"},"wordCount":180,"commentCount":0,"publisher":{"@id":"https:\/\/blogg.svenskakyrkan.se\/vandravagen\/#organization"},"image":{"@id":"https:\/\/blogg.svenskakyrkan.se\/vandravagen\/2013\/03\/16\/konsten-att-lasa-bibeln-som-ett-proffs\/#primaryimage"},"thumbnailUrl":"http:\/\/3.bp.blogspot.com\/-2Tgrz-cSG6Y\/UUQxHZOMipI\/AAAAAAAACwM\/opsaZYZRZmA\/s400\/21.jpg","articleSection":["Bibeln","Teologi"],"inLanguage":"sv-SE","potentialAction":[{"@type":"CommentAction","name":"Comment","target":["https:\/\/blogg.svenskakyrkan.se\/vandravagen\/2013\/03\/16\/konsten-att-lasa-bibeln-som-ett-proffs\/#respond"]}]},{"@type":"WebPage","@id":"https:\/\/blogg.svenskakyrkan.se\/vandravagen\/2013\/03\/16\/konsten-att-lasa-bibeln-som-ett-proffs\/","url":"https:\/\/blogg.svenskakyrkan.se\/vandravagen\/2013\/03\/16\/konsten-att-lasa-bibeln-som-ett-proffs\/","name":"Konsten att l\u00e4sa Bibeln som ett proffs! - Vandra V\u00e4gen","isPartOf":{"@id":"https:\/\/blogg.svenskakyrkan.se\/vandravagen\/#website"},"primaryImageOfPage":{"@id":"https:\/\/blogg.svenskakyrkan.se\/vandravagen\/2013\/03\/16\/konsten-att-lasa-bibeln-som-ett-proffs\/#primaryimage"},"image":{"@id":"https:\/\/blogg.svenskakyrkan.se\/vandravagen\/2013\/03\/16\/konsten-att-lasa-bibeln-som-ett-proffs\/#primaryimage"},"thumbnailUrl":"http:\/\/3.bp.blogspot.com\/-2Tgrz-cSG6Y\/UUQxHZOMipI\/AAAAAAAACwM\/opsaZYZRZmA\/s400\/21.jpg","datePublished":"2013-03-16T09:50:00+00:00","breadcrumb":{"@id":"https:\/\/blogg.svenskakyrkan.se\/vandravagen\/2013\/03\/16\/konsten-att-lasa-bibeln-som-ett-proffs\/#breadcrumb"},"inLanguage":"sv-SE","potentialAction":[{"@type":"ReadAction","target":["https:\/\/blogg.svenskakyrkan.se\/vandravagen\/2013\/03\/16\/konsten-att-lasa-bibeln-som-ett-proffs\/"]}]},{"@type":"ImageObject","inLanguage":"sv-SE","@id":"https:\/\/blogg.svenskakyrkan.se\/vandravagen\/2013\/03\/16\/konsten-att-lasa-bibeln-som-ett-proffs\/#primaryimage","url":"http:\/\/3.bp.blogspot.com\/-2Tgrz-cSG6Y\/UUQxHZOMipI\/AAAAAAAACwM\/opsaZYZRZmA\/s400\/21.jpg","contentUrl":"http:\/\/3.bp.blogspot.com\/-2Tgrz-cSG6Y\/UUQxHZOMipI\/AAAAAAAACwM\/opsaZYZRZmA\/s400\/21.jpg"},{"@type":"BreadcrumbList","@id":"https:\/\/blogg.svenskakyrkan.se\/vandravagen\/2013\/03\/16\/konsten-att-lasa-bibeln-som-ett-proffs\/#breadcrumb","itemListElement":[{"@type":"ListItem","position":1,"name":"Hem","item":"https:\/\/blogg.svenskakyrkan.se\/vandravagen\/"},{"@type":"ListItem","position":2,"name":"Konsten att l\u00e4sa Bibeln som ett proffs!"}]},{"@type":"WebSite","@id":"https:\/\/blogg.svenskakyrkan.se\/vandravagen\/#website","url":"https:\/\/blogg.svenskakyrkan.se\/vandravagen\/","name":"Vandra V\u00e4gen","description":"-Mot en tro f\u00f6r hela livet","publisher":{"@id":"https:\/\/blogg.svenskakyrkan.se\/vandravagen\/#organization"},"potentialAction":[{"@type":"SearchAction","target":{"@type":"EntryPoint","urlTemplate":"https:\/\/blogg.svenskakyrkan.se\/vandravagen\/?s={search_term_string}"},"query-input":{"@type":"PropertyValueSpecification","valueRequired":true,"valueName":"search_term_string"}}],"inLanguage":"sv-SE"},{"@type":"Organization","@id":"https:\/\/blogg.svenskakyrkan.se\/vandravagen\/#organization","name":"ulricehamns pastorat","alternateName":"ulricehamns pastorat","url":"https:\/\/blogg.svenskakyrkan.se\/vandravagen\/","logo":{"@type":"ImageObject","inLanguage":"sv-SE","@id":"https:\/\/blogg.svenskakyrkan.se\/vandravagen\/#\/schema\/logo\/image\/","url":"https:\/\/blogg.svenskakyrkan.se\/vandravagen\/files\/2023\/05\/Ulr_logo_RGB.png","contentUrl":"https:\/\/blogg.svenskakyrkan.se\/vandravagen\/files\/2023\/05\/Ulr_logo_RGB.png","width":205,"height":77,"caption":"ulricehamns pastorat"},"image":{"@id":"https:\/\/blogg.svenskakyrkan.se\/vandravagen\/#\/schema\/logo\/image\/"},"sameAs":["http:\/\/facebook.com\/vandravagen","https:\/\/x.com\/fadertomas","http:\/\/www.facebook.com\/svenskakyrkaniulricehamn"]},{"@type":"Person","@id":"https:\/\/blogg.svenskakyrkan.se\/vandravagen\/#\/schema\/person\/25da02d4f76b137d04291711e2c9fc16","name":"Tomas Jarvid","image":{"@type":"ImageObject","inLanguage":"sv-SE","@id":"https:\/\/blogg.svenskakyrkan.se\/vandravagen\/#\/schema\/person\/image\/","url":"https:\/\/secure.gravatar.com\/avatar\/7fa71899795e8f540f615a1f5ab25255dc27aa40f05ee7ddd21aac521e01bf50?s=96&d=identicon&r=g","contentUrl":"https:\/\/secure.gravatar.com\/avatar\/7fa71899795e8f540f615a1f5ab25255dc27aa40f05ee7ddd21aac521e01bf50?s=96&d=identicon&r=g","caption":"Tomas Jarvid"},"description":"Jag bor i Ulricehamn i V\u00e4sterg\u00f6tland och \u00e4r f\u00f6rsamlingspr\u00e4st i Svenska Kyrkan f\u00f6r Dalstorps f\u00f6rsamling i Kinds pastorat. P\u00e5 den h\u00e4r bloggen skriver jag ner tankar om vandringen som kristen.","sameAs":["http:\/\/www.vandravagen.se"],"url":"https:\/\/blogg.svenskakyrkan.se\/vandravagen\/author\/vandravagen\/"}]}},"author_meta":{"ID":"392","user_nicename":"vandravagen","user_url":"http:\/\/www.vandravagen.se","user_registered":"2014-05-19 05:44:52","display_name":"Tomas Jarvid","first_name":"Tomas","last_name":"Jarvid","avatar":"https:\/\/secure.gravatar.com\/avatar\/7fa71899795e8f540f615a1f5ab25255dc27aa40f05ee7ddd21aac521e01bf50?s=96&d=identicon&r=g"},"featured_image":false,"bloginfo":{"name":"Vandra V\u00e4gen","url":"https:\/\/blogg.svenskakyrkan.se\/vandravagen"},"_links":{"self":[{"href":"https:\/\/blogg.svenskakyrkan.se\/vandravagen\/wp-json\/wp\/v2\/posts\/663","targetHints":{"allow":["GET"]}}],"collection":[{"href":"https:\/\/blogg.svenskakyrkan.se\/vandravagen\/wp-json\/wp\/v2\/posts"}],"about":[{"href":"https:\/\/blogg.svenskakyrkan.se\/vandravagen\/wp-json\/wp\/v2\/types\/post"}],"author":[{"embeddable":true,"href":"https:\/\/blogg.svenskakyrkan.se\/vandravagen\/wp-json\/wp\/v2\/users\/392"}],"replies":[{"embeddable":true,"href":"https:\/\/blogg.svenskakyrkan.se\/vandravagen\/wp-json\/wp\/v2\/comments?post=663"}],"version-history":[{"count":0,"href":"https:\/\/blogg.svenskakyrkan.se\/vandravagen\/wp-json\/wp\/v2\/posts\/663\/revisions"}],"wp:attachment":[{"href":"https:\/\/blogg.svenskakyrkan.se\/vandravagen\/wp-json\/wp\/v2\/media?parent=663"}],"wp:term":[{"taxonomy":"category","embeddable":true,"href":"https:\/\/blogg.svenskakyrkan.se\/vandravagen\/wp-json\/wp\/v2\/categories?post=663"},{"taxonomy":"post_tag","embeddable":true,"href":"https:\/\/blogg.svenskakyrkan.se\/vandravagen\/wp-json\/wp\/v2\/tags?post=663"}],"curies":[{"name":"wp","href":"https:\/\/api.w.org\/{rel}","templated":true}]}}