{"id":664,"date":"2013-03-15T09:42:00","date_gmt":"2013-03-15T08:42:00","guid":{"rendered":"http:\/\/blogg.svenskakyrkan.se\/vandravagen\/2013\/03\/15\/st-sigfrid-ocksa-i-gotene\/"},"modified":"2013-03-15T09:42:00","modified_gmt":"2013-03-15T08:42:00","slug":"st-sigfrid-ocksa-i-gotene","status":"publish","type":"post","link":"https:\/\/blogg.svenskakyrkan.se\/vandravagen\/2013\/03\/15\/st-sigfrid-ocksa-i-gotene\/","title":{"rendered":"St Sigfrid, ocks\u00e5 i G\u00f6tene"},"content":{"rendered":"<div><a href=\"http:\/\/1.bp.blogspot.com\/-Qna6wT_-YvE\/UUC1dAyIc8I\/AAAAAAAACv0\/OrWlM_VHAXI\/s1600\/sigfridrub.jpg\"><img loading=\"lazy\" decoding=\"async\" border=\"0\" height=\"320\" src=\"http:\/\/1.bp.blogspot.com\/-Qna6wT_-YvE\/UUC1dAyIc8I\/AAAAAAAACv0\/OrWlM_VHAXI\/s320\/sigfridrub.jpg\" width=\"213\"><\/a><\/div>\n<div><\/div>\n<div><\/div>\n<div>G\u00f6tene Kyrka \u00e4r f\u00f6rst\u00e5s fr\u00e4mst k\u00e4nd f\u00f6r Sta Helena som bland annat finns avbildad p\u00e5 den h\u00e4r bilden:<\/div>\n<div><\/div>\n<div><a href=\"http:\/\/3.bp.blogspot.com\/-UbHb1CEYuRk\/UUC1VZK-8NI\/AAAAAAAACvk\/4BT8iqfDJOc\/s1600\/helena.jpg\"><img loading=\"lazy\" decoding=\"async\" border=\"0\" height=\"256\" src=\"http:\/\/3.bp.blogspot.com\/-UbHb1CEYuRk\/UUC1VZK-8NI\/AAAAAAAACvk\/4BT8iqfDJOc\/s320\/helena.jpg\" width=\"320\"><\/a><\/div>\n<div><\/div>\n<div>Men mittemot den bilden finns faktiskt denna p\u00e5 Sankt Sigfrid, den engelske missionsbiskopen som d\u00f6pte i Husaby k\u00e4lla och verkade som biskop i V\u00e4xj\u00f6. H\u00e4r ser vi honom korrekt avbidad i biskopsdr\u00e4kt och med sina d\u00f6da s\u00f6ner i karet bredvid.<\/div>\n<\/p>\n<div><a href=\"http:\/\/1.bp.blogspot.com\/-LpkA_u5seNU\/UUC1ZpcfuoI\/AAAAAAAACvs\/qbZlrk3XJp4\/s1600\/sigfrid.jpg\"><img loading=\"lazy\" decoding=\"async\" border=\"0\" height=\"320\" src=\"http:\/\/1.bp.blogspot.com\/-LpkA_u5seNU\/UUC1ZpcfuoI\/AAAAAAAACvs\/qbZlrk3XJp4\/s320\/sigfrid.jpg\" width=\"198\"><\/a><\/div>\n<\/p>\n<div>Jag skrev ju om <a href=\"http:\/\/www.vandravagen.se\/2013\/02\/grattis-st-sigfrid-local-saint.html\">Sankt Sigfrid p\u00e5 hans helgondag f\u00f6r ett tag sedan<\/a>\u00a0men d\u00e5 fick jag s\u00e4tta in bild fr\u00e5n en annan kyrka. Den h\u00e4r \u00e4r f\u00f6rst\u00e5s b\u00e4ttre&#8230;\u00a0<\/div><\/p>\n","protected":false},"excerpt":{"rendered":"<p>G\u00f6tene Kyrka \u00e4r f\u00f6rst\u00e5s fr\u00e4mst k\u00e4nd f\u00f6r Sta Helena som bland annat finns avbildad p\u00e5 den h\u00e4r bilden: Men mittemot den bilden finns faktiskt denna p\u00e5 Sankt Sigfrid, den engelske missionsbiskopen som d\u00f6pte i Husaby k\u00e4lla och verkade som biskop i V\u00e4xj\u00f6. H\u00e4r ser vi honom korrekt avbidad i biskopsdr\u00e4kt och med sina d\u00f6da s\u00f6ner [&hellip;]<\/p>\n","protected":false},"author":392,"featured_media":0,"comment_status":"open","ping_status":"open","sticky":false,"template":"","format":"standard","meta":{"_acf_changed":false,"footnotes":""},"categories":[56,19356],"tags":[],"class_list":["post-664","post","type-post","status-publish","format-standard","hentry","category-bilder","category-helgon"],"acf":[],"yoast_head":"<!-- This site is optimized with the Yoast SEO plugin v27.1.1 - https:\/\/yoast.com\/product\/yoast-seo-wordpress\/ -->\n<title>St Sigfrid, ocks\u00e5 i G\u00f6tene - Vandra V\u00e4gen<\/title>\n<meta name=\"robots\" content=\"index, follow, max-snippet:-1, max-image-preview:large, max-video-preview:-1\" \/>\n<link rel=\"canonical\" href=\"https:\/\/blogg.svenskakyrkan.se\/vandravagen\/2013\/03\/15\/st-sigfrid-ocksa-i-gotene\/\" \/>\n<meta property=\"og:locale\" content=\"sv_SE\" \/>\n<meta property=\"og:type\" content=\"article\" \/>\n<meta property=\"og:title\" content=\"St Sigfrid, ocks\u00e5 i G\u00f6tene - Vandra V\u00e4gen\" \/>\n<meta property=\"og:description\" content=\"G\u00f6tene Kyrka \u00e4r f\u00f6rst\u00e5s fr\u00e4mst k\u00e4nd f\u00f6r Sta Helena som bland annat finns avbildad p\u00e5 den h\u00e4r bilden: Men mittemot den bilden finns faktiskt denna p\u00e5 Sankt Sigfrid, den engelske missionsbiskopen som d\u00f6pte i Husaby k\u00e4lla och verkade som biskop i V\u00e4xj\u00f6. H\u00e4r ser vi honom korrekt avbidad i biskopsdr\u00e4kt och med sina d\u00f6da s\u00f6ner [&hellip;]\" \/>\n<meta property=\"og:url\" content=\"https:\/\/blogg.svenskakyrkan.se\/vandravagen\/2013\/03\/15\/st-sigfrid-ocksa-i-gotene\/\" \/>\n<meta property=\"og:site_name\" content=\"Vandra V\u00e4gen\" \/>\n<meta property=\"article:publisher\" content=\"http:\/\/facebook.com\/vandravagen\" \/>\n<meta property=\"article:published_time\" content=\"2013-03-15T08:42:00+00:00\" \/>\n<meta property=\"og:image\" content=\"http:\/\/1.bp.blogspot.com\/-Qna6wT_-YvE\/UUC1dAyIc8I\/AAAAAAAACv0\/OrWlM_VHAXI\/s320\/sigfridrub.jpg\" \/>\n<meta name=\"author\" content=\"Tomas Jarvid\" \/>\n<meta name=\"twitter:card\" content=\"summary_large_image\" \/>\n<meta name=\"twitter:creator\" content=\"@fadertomas\" \/>\n<meta name=\"twitter:site\" content=\"@fadertomas\" \/>\n<meta name=\"twitter:label1\" content=\"Skriven av\" \/>\n\t<meta name=\"twitter:data1\" content=\"Tomas Jarvid\" \/>\n\t<meta name=\"twitter:label2\" content=\"Ber\u00e4knad l\u00e4stid\" \/>\n\t<meta name=\"twitter:data2\" content=\"1 minut\" \/>\n<script type=\"application\/ld+json\" class=\"yoast-schema-graph\">{\"@context\":\"https:\/\/schema.org\",\"@graph\":[{\"@type\":\"Article\",\"@id\":\"https:\/\/blogg.svenskakyrkan.se\/vandravagen\/2013\/03\/15\/st-sigfrid-ocksa-i-gotene\/#article\",\"isPartOf\":{\"@id\":\"https:\/\/blogg.svenskakyrkan.se\/vandravagen\/2013\/03\/15\/st-sigfrid-ocksa-i-gotene\/\"},\"author\":{\"name\":\"Tomas Jarvid\",\"@id\":\"https:\/\/blogg.svenskakyrkan.se\/vandravagen\/#\/schema\/person\/25da02d4f76b137d04291711e2c9fc16\"},\"headline\":\"St Sigfrid, ocks\u00e5 i G\u00f6tene\",\"datePublished\":\"2013-03-15T08:42:00+00:00\",\"mainEntityOfPage\":{\"@id\":\"https:\/\/blogg.svenskakyrkan.se\/vandravagen\/2013\/03\/15\/st-sigfrid-ocksa-i-gotene\/\"},\"wordCount\":114,\"commentCount\":2,\"publisher\":{\"@id\":\"https:\/\/blogg.svenskakyrkan.se\/vandravagen\/#organization\"},\"image\":{\"@id\":\"https:\/\/blogg.svenskakyrkan.se\/vandravagen\/2013\/03\/15\/st-sigfrid-ocksa-i-gotene\/#primaryimage\"},\"thumbnailUrl\":\"http:\/\/1.bp.blogspot.com\/-Qna6wT_-YvE\/UUC1dAyIc8I\/AAAAAAAACv0\/OrWlM_VHAXI\/s320\/sigfridrub.jpg\",\"articleSection\":[\"bilder\",\"helgon\"],\"inLanguage\":\"sv-SE\",\"potentialAction\":[{\"@type\":\"CommentAction\",\"name\":\"Comment\",\"target\":[\"https:\/\/blogg.svenskakyrkan.se\/vandravagen\/2013\/03\/15\/st-sigfrid-ocksa-i-gotene\/#respond\"]}]},{\"@type\":\"WebPage\",\"@id\":\"https:\/\/blogg.svenskakyrkan.se\/vandravagen\/2013\/03\/15\/st-sigfrid-ocksa-i-gotene\/\",\"url\":\"https:\/\/blogg.svenskakyrkan.se\/vandravagen\/2013\/03\/15\/st-sigfrid-ocksa-i-gotene\/\",\"name\":\"St Sigfrid, ocks\u00e5 i G\u00f6tene - Vandra V\u00e4gen\",\"isPartOf\":{\"@id\":\"https:\/\/blogg.svenskakyrkan.se\/vandravagen\/#website\"},\"primaryImageOfPage\":{\"@id\":\"https:\/\/blogg.svenskakyrkan.se\/vandravagen\/2013\/03\/15\/st-sigfrid-ocksa-i-gotene\/#primaryimage\"},\"image\":{\"@id\":\"https:\/\/blogg.svenskakyrkan.se\/vandravagen\/2013\/03\/15\/st-sigfrid-ocksa-i-gotene\/#primaryimage\"},\"thumbnailUrl\":\"http:\/\/1.bp.blogspot.com\/-Qna6wT_-YvE\/UUC1dAyIc8I\/AAAAAAAACv0\/OrWlM_VHAXI\/s320\/sigfridrub.jpg\",\"datePublished\":\"2013-03-15T08:42:00+00:00\",\"breadcrumb\":{\"@id\":\"https:\/\/blogg.svenskakyrkan.se\/vandravagen\/2013\/03\/15\/st-sigfrid-ocksa-i-gotene\/#breadcrumb\"},\"inLanguage\":\"sv-SE\",\"potentialAction\":[{\"@type\":\"ReadAction\",\"target\":[\"https:\/\/blogg.svenskakyrkan.se\/vandravagen\/2013\/03\/15\/st-sigfrid-ocksa-i-gotene\/\"]}]},{\"@type\":\"ImageObject\",\"inLanguage\":\"sv-SE\",\"@id\":\"https:\/\/blogg.svenskakyrkan.se\/vandravagen\/2013\/03\/15\/st-sigfrid-ocksa-i-gotene\/#primaryimage\",\"url\":\"http:\/\/1.bp.blogspot.com\/-Qna6wT_-YvE\/UUC1dAyIc8I\/AAAAAAAACv0\/OrWlM_VHAXI\/s320\/sigfridrub.jpg\",\"contentUrl\":\"http:\/\/1.bp.blogspot.com\/-Qna6wT_-YvE\/UUC1dAyIc8I\/AAAAAAAACv0\/OrWlM_VHAXI\/s320\/sigfridrub.jpg\"},{\"@type\":\"BreadcrumbList\",\"@id\":\"https:\/\/blogg.svenskakyrkan.se\/vandravagen\/2013\/03\/15\/st-sigfrid-ocksa-i-gotene\/#breadcrumb\",\"itemListElement\":[{\"@type\":\"ListItem\",\"position\":1,\"name\":\"Hem\",\"item\":\"https:\/\/blogg.svenskakyrkan.se\/vandravagen\/\"},{\"@type\":\"ListItem\",\"position\":2,\"name\":\"St Sigfrid, ocks\u00e5 i G\u00f6tene\"}]},{\"@type\":\"WebSite\",\"@id\":\"https:\/\/blogg.svenskakyrkan.se\/vandravagen\/#website\",\"url\":\"https:\/\/blogg.svenskakyrkan.se\/vandravagen\/\",\"name\":\"Vandra V\u00e4gen\",\"description\":\"-Mot en tro f\u00f6r hela livet\",\"publisher\":{\"@id\":\"https:\/\/blogg.svenskakyrkan.se\/vandravagen\/#organization\"},\"potentialAction\":[{\"@type\":\"SearchAction\",\"target\":{\"@type\":\"EntryPoint\",\"urlTemplate\":\"https:\/\/blogg.svenskakyrkan.se\/vandravagen\/?s={search_term_string}\"},\"query-input\":{\"@type\":\"PropertyValueSpecification\",\"valueRequired\":true,\"valueName\":\"search_term_string\"}}],\"inLanguage\":\"sv-SE\"},{\"@type\":\"Organization\",\"@id\":\"https:\/\/blogg.svenskakyrkan.se\/vandravagen\/#organization\",\"name\":\"ulricehamns pastorat\",\"alternateName\":\"ulricehamns pastorat\",\"url\":\"https:\/\/blogg.svenskakyrkan.se\/vandravagen\/\",\"logo\":{\"@type\":\"ImageObject\",\"inLanguage\":\"sv-SE\",\"@id\":\"https:\/\/blogg.svenskakyrkan.se\/vandravagen\/#\/schema\/logo\/image\/\",\"url\":\"https:\/\/blogg.svenskakyrkan.se\/vandravagen\/files\/2023\/05\/Ulr_logo_RGB.png\",\"contentUrl\":\"https:\/\/blogg.svenskakyrkan.se\/vandravagen\/files\/2023\/05\/Ulr_logo_RGB.png\",\"width\":205,\"height\":77,\"caption\":\"ulricehamns pastorat\"},\"image\":{\"@id\":\"https:\/\/blogg.svenskakyrkan.se\/vandravagen\/#\/schema\/logo\/image\/\"},\"sameAs\":[\"http:\/\/facebook.com\/vandravagen\",\"https:\/\/x.com\/fadertomas\",\"http:\/\/www.facebook.com\/svenskakyrkaniulricehamn\"]},{\"@type\":\"Person\",\"@id\":\"https:\/\/blogg.svenskakyrkan.se\/vandravagen\/#\/schema\/person\/25da02d4f76b137d04291711e2c9fc16\",\"name\":\"Tomas Jarvid\",\"image\":{\"@type\":\"ImageObject\",\"inLanguage\":\"sv-SE\",\"@id\":\"https:\/\/blogg.svenskakyrkan.se\/vandravagen\/#\/schema\/person\/image\/\",\"url\":\"https:\/\/secure.gravatar.com\/avatar\/7fa71899795e8f540f615a1f5ab25255dc27aa40f05ee7ddd21aac521e01bf50?s=96&d=identicon&r=g\",\"contentUrl\":\"https:\/\/secure.gravatar.com\/avatar\/7fa71899795e8f540f615a1f5ab25255dc27aa40f05ee7ddd21aac521e01bf50?s=96&d=identicon&r=g\",\"caption\":\"Tomas Jarvid\"},\"description\":\"Jag bor i Ulricehamn i V\u00e4sterg\u00f6tland och \u00e4r f\u00f6rsamlingspr\u00e4st i Svenska Kyrkan f\u00f6r Dalstorps f\u00f6rsamling i Kinds pastorat. P\u00e5 den h\u00e4r bloggen skriver jag ner tankar om vandringen som kristen.\",\"sameAs\":[\"http:\/\/www.vandravagen.se\"],\"url\":\"https:\/\/blogg.svenskakyrkan.se\/vandravagen\/author\/vandravagen\/\"}]}<\/script>\n<!-- \/ Yoast SEO plugin. -->","yoast_head_json":{"title":"St Sigfrid, ocks\u00e5 i G\u00f6tene - Vandra V\u00e4gen","robots":{"index":"index","follow":"follow","max-snippet":"max-snippet:-1","max-image-preview":"max-image-preview:large","max-video-preview":"max-video-preview:-1"},"canonical":"https:\/\/blogg.svenskakyrkan.se\/vandravagen\/2013\/03\/15\/st-sigfrid-ocksa-i-gotene\/","og_locale":"sv_SE","og_type":"article","og_title":"St Sigfrid, ocks\u00e5 i G\u00f6tene - Vandra V\u00e4gen","og_description":"G\u00f6tene Kyrka \u00e4r f\u00f6rst\u00e5s fr\u00e4mst k\u00e4nd f\u00f6r Sta Helena som bland annat finns avbildad p\u00e5 den h\u00e4r bilden: Men mittemot den bilden finns faktiskt denna p\u00e5 Sankt Sigfrid, den engelske missionsbiskopen som d\u00f6pte i Husaby k\u00e4lla och verkade som biskop i V\u00e4xj\u00f6. H\u00e4r ser vi honom korrekt avbidad i biskopsdr\u00e4kt och med sina d\u00f6da s\u00f6ner [&hellip;]","og_url":"https:\/\/blogg.svenskakyrkan.se\/vandravagen\/2013\/03\/15\/st-sigfrid-ocksa-i-gotene\/","og_site_name":"Vandra V\u00e4gen","article_publisher":"http:\/\/facebook.com\/vandravagen","article_published_time":"2013-03-15T08:42:00+00:00","og_image":[{"url":"http:\/\/1.bp.blogspot.com\/-Qna6wT_-YvE\/UUC1dAyIc8I\/AAAAAAAACv0\/OrWlM_VHAXI\/s320\/sigfridrub.jpg","type":"","width":"","height":""}],"author":"Tomas Jarvid","twitter_card":"summary_large_image","twitter_creator":"@fadertomas","twitter_site":"@fadertomas","twitter_misc":{"Skriven av":"Tomas Jarvid","Ber\u00e4knad l\u00e4stid":"1 minut"},"schema":{"@context":"https:\/\/schema.org","@graph":[{"@type":"Article","@id":"https:\/\/blogg.svenskakyrkan.se\/vandravagen\/2013\/03\/15\/st-sigfrid-ocksa-i-gotene\/#article","isPartOf":{"@id":"https:\/\/blogg.svenskakyrkan.se\/vandravagen\/2013\/03\/15\/st-sigfrid-ocksa-i-gotene\/"},"author":{"name":"Tomas Jarvid","@id":"https:\/\/blogg.svenskakyrkan.se\/vandravagen\/#\/schema\/person\/25da02d4f76b137d04291711e2c9fc16"},"headline":"St Sigfrid, ocks\u00e5 i G\u00f6tene","datePublished":"2013-03-15T08:42:00+00:00","mainEntityOfPage":{"@id":"https:\/\/blogg.svenskakyrkan.se\/vandravagen\/2013\/03\/15\/st-sigfrid-ocksa-i-gotene\/"},"wordCount":114,"commentCount":2,"publisher":{"@id":"https:\/\/blogg.svenskakyrkan.se\/vandravagen\/#organization"},"image":{"@id":"https:\/\/blogg.svenskakyrkan.se\/vandravagen\/2013\/03\/15\/st-sigfrid-ocksa-i-gotene\/#primaryimage"},"thumbnailUrl":"http:\/\/1.bp.blogspot.com\/-Qna6wT_-YvE\/UUC1dAyIc8I\/AAAAAAAACv0\/OrWlM_VHAXI\/s320\/sigfridrub.jpg","articleSection":["bilder","helgon"],"inLanguage":"sv-SE","potentialAction":[{"@type":"CommentAction","name":"Comment","target":["https:\/\/blogg.svenskakyrkan.se\/vandravagen\/2013\/03\/15\/st-sigfrid-ocksa-i-gotene\/#respond"]}]},{"@type":"WebPage","@id":"https:\/\/blogg.svenskakyrkan.se\/vandravagen\/2013\/03\/15\/st-sigfrid-ocksa-i-gotene\/","url":"https:\/\/blogg.svenskakyrkan.se\/vandravagen\/2013\/03\/15\/st-sigfrid-ocksa-i-gotene\/","name":"St Sigfrid, ocks\u00e5 i G\u00f6tene - Vandra V\u00e4gen","isPartOf":{"@id":"https:\/\/blogg.svenskakyrkan.se\/vandravagen\/#website"},"primaryImageOfPage":{"@id":"https:\/\/blogg.svenskakyrkan.se\/vandravagen\/2013\/03\/15\/st-sigfrid-ocksa-i-gotene\/#primaryimage"},"image":{"@id":"https:\/\/blogg.svenskakyrkan.se\/vandravagen\/2013\/03\/15\/st-sigfrid-ocksa-i-gotene\/#primaryimage"},"thumbnailUrl":"http:\/\/1.bp.blogspot.com\/-Qna6wT_-YvE\/UUC1dAyIc8I\/AAAAAAAACv0\/OrWlM_VHAXI\/s320\/sigfridrub.jpg","datePublished":"2013-03-15T08:42:00+00:00","breadcrumb":{"@id":"https:\/\/blogg.svenskakyrkan.se\/vandravagen\/2013\/03\/15\/st-sigfrid-ocksa-i-gotene\/#breadcrumb"},"inLanguage":"sv-SE","potentialAction":[{"@type":"ReadAction","target":["https:\/\/blogg.svenskakyrkan.se\/vandravagen\/2013\/03\/15\/st-sigfrid-ocksa-i-gotene\/"]}]},{"@type":"ImageObject","inLanguage":"sv-SE","@id":"https:\/\/blogg.svenskakyrkan.se\/vandravagen\/2013\/03\/15\/st-sigfrid-ocksa-i-gotene\/#primaryimage","url":"http:\/\/1.bp.blogspot.com\/-Qna6wT_-YvE\/UUC1dAyIc8I\/AAAAAAAACv0\/OrWlM_VHAXI\/s320\/sigfridrub.jpg","contentUrl":"http:\/\/1.bp.blogspot.com\/-Qna6wT_-YvE\/UUC1dAyIc8I\/AAAAAAAACv0\/OrWlM_VHAXI\/s320\/sigfridrub.jpg"},{"@type":"BreadcrumbList","@id":"https:\/\/blogg.svenskakyrkan.se\/vandravagen\/2013\/03\/15\/st-sigfrid-ocksa-i-gotene\/#breadcrumb","itemListElement":[{"@type":"ListItem","position":1,"name":"Hem","item":"https:\/\/blogg.svenskakyrkan.se\/vandravagen\/"},{"@type":"ListItem","position":2,"name":"St Sigfrid, ocks\u00e5 i G\u00f6tene"}]},{"@type":"WebSite","@id":"https:\/\/blogg.svenskakyrkan.se\/vandravagen\/#website","url":"https:\/\/blogg.svenskakyrkan.se\/vandravagen\/","name":"Vandra V\u00e4gen","description":"-Mot en tro f\u00f6r hela livet","publisher":{"@id":"https:\/\/blogg.svenskakyrkan.se\/vandravagen\/#organization"},"potentialAction":[{"@type":"SearchAction","target":{"@type":"EntryPoint","urlTemplate":"https:\/\/blogg.svenskakyrkan.se\/vandravagen\/?s={search_term_string}"},"query-input":{"@type":"PropertyValueSpecification","valueRequired":true,"valueName":"search_term_string"}}],"inLanguage":"sv-SE"},{"@type":"Organization","@id":"https:\/\/blogg.svenskakyrkan.se\/vandravagen\/#organization","name":"ulricehamns pastorat","alternateName":"ulricehamns pastorat","url":"https:\/\/blogg.svenskakyrkan.se\/vandravagen\/","logo":{"@type":"ImageObject","inLanguage":"sv-SE","@id":"https:\/\/blogg.svenskakyrkan.se\/vandravagen\/#\/schema\/logo\/image\/","url":"https:\/\/blogg.svenskakyrkan.se\/vandravagen\/files\/2023\/05\/Ulr_logo_RGB.png","contentUrl":"https:\/\/blogg.svenskakyrkan.se\/vandravagen\/files\/2023\/05\/Ulr_logo_RGB.png","width":205,"height":77,"caption":"ulricehamns pastorat"},"image":{"@id":"https:\/\/blogg.svenskakyrkan.se\/vandravagen\/#\/schema\/logo\/image\/"},"sameAs":["http:\/\/facebook.com\/vandravagen","https:\/\/x.com\/fadertomas","http:\/\/www.facebook.com\/svenskakyrkaniulricehamn"]},{"@type":"Person","@id":"https:\/\/blogg.svenskakyrkan.se\/vandravagen\/#\/schema\/person\/25da02d4f76b137d04291711e2c9fc16","name":"Tomas Jarvid","image":{"@type":"ImageObject","inLanguage":"sv-SE","@id":"https:\/\/blogg.svenskakyrkan.se\/vandravagen\/#\/schema\/person\/image\/","url":"https:\/\/secure.gravatar.com\/avatar\/7fa71899795e8f540f615a1f5ab25255dc27aa40f05ee7ddd21aac521e01bf50?s=96&d=identicon&r=g","contentUrl":"https:\/\/secure.gravatar.com\/avatar\/7fa71899795e8f540f615a1f5ab25255dc27aa40f05ee7ddd21aac521e01bf50?s=96&d=identicon&r=g","caption":"Tomas Jarvid"},"description":"Jag bor i Ulricehamn i V\u00e4sterg\u00f6tland och \u00e4r f\u00f6rsamlingspr\u00e4st i Svenska Kyrkan f\u00f6r Dalstorps f\u00f6rsamling i Kinds pastorat. P\u00e5 den h\u00e4r bloggen skriver jag ner tankar om vandringen som kristen.","sameAs":["http:\/\/www.vandravagen.se"],"url":"https:\/\/blogg.svenskakyrkan.se\/vandravagen\/author\/vandravagen\/"}]}},"author_meta":{"ID":"392","user_nicename":"vandravagen","user_url":"http:\/\/www.vandravagen.se","user_registered":"2014-05-19 05:44:52","display_name":"Tomas Jarvid","first_name":"Tomas","last_name":"Jarvid","avatar":"https:\/\/secure.gravatar.com\/avatar\/7fa71899795e8f540f615a1f5ab25255dc27aa40f05ee7ddd21aac521e01bf50?s=96&d=identicon&r=g"},"featured_image":false,"bloginfo":{"name":"Vandra V\u00e4gen","url":"https:\/\/blogg.svenskakyrkan.se\/vandravagen"},"_links":{"self":[{"href":"https:\/\/blogg.svenskakyrkan.se\/vandravagen\/wp-json\/wp\/v2\/posts\/664","targetHints":{"allow":["GET"]}}],"collection":[{"href":"https:\/\/blogg.svenskakyrkan.se\/vandravagen\/wp-json\/wp\/v2\/posts"}],"about":[{"href":"https:\/\/blogg.svenskakyrkan.se\/vandravagen\/wp-json\/wp\/v2\/types\/post"}],"author":[{"embeddable":true,"href":"https:\/\/blogg.svenskakyrkan.se\/vandravagen\/wp-json\/wp\/v2\/users\/392"}],"replies":[{"embeddable":true,"href":"https:\/\/blogg.svenskakyrkan.se\/vandravagen\/wp-json\/wp\/v2\/comments?post=664"}],"version-history":[{"count":0,"href":"https:\/\/blogg.svenskakyrkan.se\/vandravagen\/wp-json\/wp\/v2\/posts\/664\/revisions"}],"wp:attachment":[{"href":"https:\/\/blogg.svenskakyrkan.se\/vandravagen\/wp-json\/wp\/v2\/media?parent=664"}],"wp:term":[{"taxonomy":"category","embeddable":true,"href":"https:\/\/blogg.svenskakyrkan.se\/vandravagen\/wp-json\/wp\/v2\/categories?post=664"},{"taxonomy":"post_tag","embeddable":true,"href":"https:\/\/blogg.svenskakyrkan.se\/vandravagen\/wp-json\/wp\/v2\/tags?post=664"}],"curies":[{"name":"wp","href":"https:\/\/api.w.org\/{rel}","templated":true}]}}