{"id":6649,"date":"2018-10-17T07:00:37","date_gmt":"2018-10-17T05:00:37","guid":{"rendered":"http:\/\/blogg.svenskakyrkan.se\/vandravagen\/?p=6649"},"modified":"2018-10-16T09:33:29","modified_gmt":"2018-10-16T07:33:29","slug":"att-resa-sig-stark-med-brene-brown","status":"publish","type":"post","link":"https:\/\/blogg.svenskakyrkan.se\/vandravagen\/2018\/10\/17\/att-resa-sig-stark-med-brene-brown\/","title":{"rendered":"Att resa sig stark med Bren\u00e9 Brown"},"content":{"rendered":"<p>Jag har \u00e5terkommande \u00e4nda sedan 2014 skrivit om Bren\u00e9 Brown och hennes b\u00f6cker om skam och konsten att leva ett gott liv. Jag har haft stor beh\u00e5llning av hennes b\u00f6cker (s\u00e4rskilt kanske &#8221;<a href=\"https:\/\/blogg.svenskakyrkan.se\/vandravagen\/2014\/08\/27\/mod-att-vara-sarbar\/\">mod att vara s\u00e5rbar&#8221; som handlar om skammens makt \u00f6ver v\u00e5ra liv, h\u00e4r skriver jag om den<\/a>). Jag tycker att det hon skriver passar v\u00e4ldigt bra in p\u00e5 ett kristet f\u00f6rh\u00e5llningss\u00e4tt p\u00e5 livet (s\u00e4rskilt hur Jesus agerar i olika sammanhang) och p\u00e5 egen erfarenhet.<\/p>\n<p>Nu har jag l\u00e4st &#8221;Resa sig stark&#8221; som kom ut f\u00f6r n\u00e5gra \u00e5r sedan men jag har l\u00e4st den v\u00e4ldigt l\u00e5ngsamt. Jag fick den samtidigt som <a href=\"https:\/\/blogg.svenskakyrkan.se\/vandravagen\/2018\/02\/13\/hjalten-med-tusen-ansikten-om-mytens-kraft\/\">&#8221;Hj\u00e4lten med tusen ansikten&#8221; som jag skrivit om h\u00e4r tidigare.\u00a0<\/a>\u00a0Hj\u00e4lten med tusen ansikten n\u00e4mns faktiskt i boken! Det handlar d\u00e5 om mytens kraft och lustigt nog h\u00e4nger myternas ber\u00e4ttelser, liksom pixars animerade filmer ihop med vad som g\u00e4ller f\u00f6r oss n\u00e4r vi ska repa oss fr\u00e5n motg\u00e5ngar och sv\u00e5righeter. Det ligger mycket vishet i de gamla ber\u00e4ttelserna och de handlar ju just om hj\u00e4ltar som \u00f6vervinner sv\u00e5righeter.<\/p>\n<p>Brown delar som vanligt med sig av olika delar fr\u00e5n sin egen livsresa f\u00f6r att belysa det hon skriver men hennes teser \u00e4r byggda p\u00e5 stora m\u00e4ngder kvalitativa intervjuer s\u00e5 teorin \u00e4r grundligt f\u00f6rankrad i verkligheten. Verkar vara ett sp\u00e4nnande s\u00e4tt att forska. Hur som helst \u00e4r det l\u00e4tt att k\u00e4nna igen sig sj\u00e4lv och hur det g\u00e5r till n\u00e4r jag tacklar egna motg\u00e5ngar och k\u00e4nna igen m\u00f6nstret i det.<\/p>\n<p>Brown tycker att vi med f\u00f6rdel kan se p\u00e5 det vi \u00e4r med om som ber\u00e4ttelser. <strong>N\u00e4r vi drabbas av motg\u00e5ngar som kn\u00e4cker oss s\u00e5 har vi till en b\u00f6rjan sv\u00e5rt att riktigt se vad vi \u00e4r med om<\/strong>. Det ligger n\u00e4ra till hands att vi v\u00e4ljer en f\u00f6renklad sanning. Om vi br\u00e5kar med den vi lever med och inte k\u00e4nner till vad som ligger bakom (d\u00e5lig dag p\u00e5 jobbet eller vad det nu kan vara) <strong>s\u00e5 fyller vi i luckorna i det vi inte vet sj\u00e4lva<\/strong>. Och det g\u00f6r vi i regel illa. D\u00e5 f\u00e5r v\u00e5ra r\u00e4dslor och v\u00e5r skam fritt spelrum. Br\u00e5ket beror kanske p\u00e5 att hon inte \u00e4lskar mig egentligen? Eller p\u00e5 att jag \u00e4r en v\u00e4rdel\u00f6s person som bara \u00e4r till belastning f\u00f6r henne? Chefen kanske kommer med negativa besked f\u00f6r att han \u00e4r ute efter att g\u00f6ra livet sv\u00e5rt f\u00f6r just mig? F\u00f6r att han vill ha bort mig? S\u00e5 kan man h\u00e5lla p\u00e5.\u00a0Om vi har misslyckats med n\u00e5got ligger det n\u00e4ra till hands att det blir sant f\u00f6r oss sj\u00e4lva att vi sj\u00e4lva \u00e4r misslyckade och att alla nog hatar mig f\u00f6r att jag st\u00e4llt till det s\u00e5.<\/p>\n<p>Och som f\u00f6ljd funderar man f\u00f6rst\u00e5s p\u00e5 hur man b\u00e4st ska svara mot det som h\u00e4nder. Ska jag g\u00e5 till motattack p\u00e5 min partner och s\u00e5ra tillbaka? Ska jag g\u00f6mma mig och aldrig visa mig d\u00e4r igen?<\/p>\n<p>Det man ska g\u00f6ra i det l\u00e4get enligt Brown \u00e4r att g\u00f6ra ett f\u00f6rsta utkast till sin ber\u00e4ttelse. Hon menar det bokstavligt. Skriv ner det som en ber\u00e4ttelse. S\u00e5 osminkat som m\u00f6jligt, s\u00e5 som du uppfattar det just nu i k\u00e4nsla och tanke. Ju \u00e4rligare desto b\u00e4ttre. S\u00e5 f\u00e5r man liksom ordning p\u00e5 tankarna och k\u00e4nslorna. Ett skitd\u00e5ligt f\u00f6rsta utkast helt enkelt.<\/p>\n<p>Sen g\u00e4ller det att ta ett steg tillbaka. St\u00e4mmer verkligen det h\u00e4r? Vad finns det f\u00f6r andra m\u00f6jliga anledningar till att det blev som det blev? I fallet med sin fru s\u00e5 kan man samla mod till sig och s\u00e4ga n\u00e5got i stil med &#8221;N\u00e4r du fr\u00e4ste till \u00e5t mig s\u00e5 kom min ber\u00e4ttelse om det att handla om att du \u00e4r tr\u00f6tt p\u00e5 mig och tycker jag \u00e4r en d\u00e5lig make, vad s\u00e4ger du om det?&#8221;.<\/p>\n<p>Det d\u00e4r \u00e4r f\u00f6rst\u00e5s ett sv\u00e5rt steg att ta f\u00f6r det kr\u00e4ver att man g\u00f6r sig s\u00e5rbar och inte l\u00e5ter skammen tvinga oss till tystnad. Brown har skrivit mycket bra om skamt\u00e5lighet tidigare och allt det h\u00e4r bygger p\u00e5 att man \u00f6vat sig i att hantera skam av olika slag.<\/p>\n<p>N\u00e4r vi tittar noga p\u00e5 v\u00e5rt utkast s\u00e5 st\u00e4mmer det f\u00f6rmodligen inte. Att min fru h\u00f6jer r\u00f6sten betyder nog inte att hon inte \u00e4lskar mig l\u00e4ngre \u00e4ven om min r\u00e4dsla vill f\u00e5 det till det. Att chefen motarbetar mig kan f\u00f6rst\u00e5s vara sant men det betyder hur som helst inte att det \u00e4r sanningen om mig att jag \u00e4r en v\u00e4rdel\u00f6s person som f\u00f6rtj\u00e4nar att behandlas illa. Vi f\u00e5r brottas med den d\u00e4r ber\u00e4ttelsen om oss sj\u00e4lva.<\/p>\n<p>Och sedan f\u00e5r vi se till att ber\u00e4ttelsen f\u00e5r ett bra slut. Inte ett d\u00e4r vi reagerar utifr\u00e5n v\u00e5r r\u00e4dsla eller en k\u00e4nsla av att vara f\u00f6rminskad utan s\u00e5 l\u00e5ngt det \u00e4r m\u00f6jligt utifr\u00e5n de vi egentligen \u00e4r. Historien med frun kanske \u00e4r slut d\u00e4r och bara slutar i att vi \u00e4r ett par som f\u00e5r g\u00e5 igenom medg\u00e5ng och motg\u00e5ng tillsammans men \u00e4lskar varandra oavsett. Historien med chefen kanske slutar i att jag f\u00e5r hitta de klokaste m\u00f6jliga s\u00e4tten att s\u00e4tta gr\u00e4nser och g\u00e5 emot. Det viktiga \u00e4r att vi sj\u00e4lva \u00e4r ber\u00e4ttelsens hj\u00e4ltar som inte slutar nere i att vara kn\u00e4ckta.<\/p>\n<p>Sen g\u00e4ller det att \u00f6va sig i detta. G\u00f6ra det till en vana att repa sig s\u00e5 h\u00e4r fr\u00e5n stora och sm\u00e5 motg\u00e5ngar.\u00a0 St\u00e5 f\u00f6r sin ber\u00e4ttelse, ber\u00e4kna vad som st\u00e5r p\u00e5 spel, brottas med hur det egentligen ligger till och st\u00e5 f\u00f6r sina misstag. Komma tillbaka upp p\u00e5 banan tills man faller igen.<\/p>\n<p>Det h\u00e4r var min v\u00e4ldigt korta sammanfattning. L\u00e4s g\u00e4rna boken. Den \u00e4r \u00e5 andra sidan lite on\u00f6digt l\u00e5ng (om amerikanska b\u00f6cker ofta \u00e4r) men det finns mycket att t\u00e4nka p\u00e5 d\u00e4r.<\/p>\n<p>Har du l\u00e4st boken? Skriv g\u00e4rna en rad i s\u00e5 fall?<\/p>\n","protected":false},"excerpt":{"rendered":"<p>Jag har \u00e5terkommande \u00e4nda sedan 2014 skrivit om Bren\u00e9 Brown och hennes b\u00f6cker om skam och konsten att leva ett gott liv. Jag har haft stor beh\u00e5llning av hennes b\u00f6cker (s\u00e4rskilt kanske &#8221;mod att vara s\u00e5rbar&#8221; som handlar om skammens makt \u00f6ver v\u00e5ra liv, h\u00e4r skriver jag om den). Jag tycker att det hon skriver [&hellip;]<\/p>\n","protected":false},"author":392,"featured_media":6650,"comment_status":"open","ping_status":"open","sticky":false,"template":"","format":"standard","meta":{"_acf_changed":false,"footnotes":""},"categories":[8253,42374,8345,83860,77554],"tags":[],"class_list":["post-6649","post","type-post","status-publish","format-standard","has-post-thumbnail","hentry","category-bocker","category-boktips","category-relationer","category-skam","category-vara-manniska"],"acf":[],"yoast_head":"<!-- This site is optimized with the Yoast SEO plugin v27.1.1 - https:\/\/yoast.com\/product\/yoast-seo-wordpress\/ -->\n<title>Att resa sig stark med Bren\u00e9 Brown - Vandra V\u00e4gen<\/title>\n<meta name=\"robots\" content=\"index, follow, max-snippet:-1, max-image-preview:large, max-video-preview:-1\" \/>\n<link rel=\"canonical\" href=\"https:\/\/blogg.svenskakyrkan.se\/vandravagen\/2018\/10\/17\/att-resa-sig-stark-med-brene-brown\/\" \/>\n<meta property=\"og:locale\" content=\"sv_SE\" \/>\n<meta property=\"og:type\" content=\"article\" \/>\n<meta property=\"og:title\" content=\"Att resa sig stark med Bren\u00e9 Brown - Vandra V\u00e4gen\" \/>\n<meta property=\"og:description\" content=\"Jag har \u00e5terkommande \u00e4nda sedan 2014 skrivit om Bren\u00e9 Brown och hennes b\u00f6cker om skam och konsten att leva ett gott liv. Jag har haft stor beh\u00e5llning av hennes b\u00f6cker (s\u00e4rskilt kanske &#8221;mod att vara s\u00e5rbar&#8221; som handlar om skammens makt \u00f6ver v\u00e5ra liv, h\u00e4r skriver jag om den). Jag tycker att det hon skriver [&hellip;]\" \/>\n<meta property=\"og:url\" content=\"https:\/\/blogg.svenskakyrkan.se\/vandravagen\/2018\/10\/17\/att-resa-sig-stark-med-brene-brown\/\" \/>\n<meta property=\"og:site_name\" content=\"Vandra V\u00e4gen\" \/>\n<meta property=\"article:publisher\" content=\"http:\/\/facebook.com\/vandravagen\" \/>\n<meta property=\"article:published_time\" content=\"2018-10-17T05:00:37+00:00\" \/>\n<meta name=\"author\" content=\"Tomas Jarvid\" \/>\n<meta name=\"twitter:card\" content=\"summary_large_image\" \/>\n<meta name=\"twitter:creator\" content=\"@fadertomas\" \/>\n<meta name=\"twitter:site\" content=\"@fadertomas\" \/>\n<meta name=\"twitter:label1\" content=\"Skriven av\" \/>\n\t<meta name=\"twitter:data1\" content=\"Tomas Jarvid\" \/>\n\t<meta name=\"twitter:label2\" content=\"Ber\u00e4knad l\u00e4stid\" \/>\n\t<meta name=\"twitter:data2\" content=\"6 minuter\" \/>\n<script type=\"application\/ld+json\" class=\"yoast-schema-graph\">{\"@context\":\"https:\/\/schema.org\",\"@graph\":[{\"@type\":\"Article\",\"@id\":\"https:\/\/blogg.svenskakyrkan.se\/vandravagen\/2018\/10\/17\/att-resa-sig-stark-med-brene-brown\/#article\",\"isPartOf\":{\"@id\":\"https:\/\/blogg.svenskakyrkan.se\/vandravagen\/2018\/10\/17\/att-resa-sig-stark-med-brene-brown\/\"},\"author\":{\"name\":\"Tomas Jarvid\",\"@id\":\"https:\/\/blogg.svenskakyrkan.se\/vandravagen\/#\/schema\/person\/25da02d4f76b137d04291711e2c9fc16\"},\"headline\":\"Att resa sig stark med Bren\u00e9 Brown\",\"datePublished\":\"2018-10-17T05:00:37+00:00\",\"mainEntityOfPage\":{\"@id\":\"https:\/\/blogg.svenskakyrkan.se\/vandravagen\/2018\/10\/17\/att-resa-sig-stark-med-brene-brown\/\"},\"wordCount\":1134,\"commentCount\":4,\"publisher\":{\"@id\":\"https:\/\/blogg.svenskakyrkan.se\/vandravagen\/#organization\"},\"image\":{\"@id\":\"https:\/\/blogg.svenskakyrkan.se\/vandravagen\/2018\/10\/17\/att-resa-sig-stark-med-brene-brown\/#primaryimage\"},\"thumbnailUrl\":\"https:\/\/blogg.svenskakyrkan.se\/vandravagen\/files\/2018\/10\/IMG_5945.jpg\",\"articleSection\":[\"b\u00f6cker\",\"boktips\",\"relationer\",\"skam\",\"vara m\u00e4nniska\"],\"inLanguage\":\"sv-SE\",\"potentialAction\":[{\"@type\":\"CommentAction\",\"name\":\"Comment\",\"target\":[\"https:\/\/blogg.svenskakyrkan.se\/vandravagen\/2018\/10\/17\/att-resa-sig-stark-med-brene-brown\/#respond\"]}]},{\"@type\":\"WebPage\",\"@id\":\"https:\/\/blogg.svenskakyrkan.se\/vandravagen\/2018\/10\/17\/att-resa-sig-stark-med-brene-brown\/\",\"url\":\"https:\/\/blogg.svenskakyrkan.se\/vandravagen\/2018\/10\/17\/att-resa-sig-stark-med-brene-brown\/\",\"name\":\"Att resa sig stark med Bren\u00e9 Brown - Vandra V\u00e4gen\",\"isPartOf\":{\"@id\":\"https:\/\/blogg.svenskakyrkan.se\/vandravagen\/#website\"},\"primaryImageOfPage\":{\"@id\":\"https:\/\/blogg.svenskakyrkan.se\/vandravagen\/2018\/10\/17\/att-resa-sig-stark-med-brene-brown\/#primaryimage\"},\"image\":{\"@id\":\"https:\/\/blogg.svenskakyrkan.se\/vandravagen\/2018\/10\/17\/att-resa-sig-stark-med-brene-brown\/#primaryimage\"},\"thumbnailUrl\":\"https:\/\/blogg.svenskakyrkan.se\/vandravagen\/files\/2018\/10\/IMG_5945.jpg\",\"datePublished\":\"2018-10-17T05:00:37+00:00\",\"breadcrumb\":{\"@id\":\"https:\/\/blogg.svenskakyrkan.se\/vandravagen\/2018\/10\/17\/att-resa-sig-stark-med-brene-brown\/#breadcrumb\"},\"inLanguage\":\"sv-SE\",\"potentialAction\":[{\"@type\":\"ReadAction\",\"target\":[\"https:\/\/blogg.svenskakyrkan.se\/vandravagen\/2018\/10\/17\/att-resa-sig-stark-med-brene-brown\/\"]}]},{\"@type\":\"ImageObject\",\"inLanguage\":\"sv-SE\",\"@id\":\"https:\/\/blogg.svenskakyrkan.se\/vandravagen\/2018\/10\/17\/att-resa-sig-stark-med-brene-brown\/#primaryimage\",\"url\":\"https:\/\/blogg.svenskakyrkan.se\/vandravagen\/files\/2018\/10\/IMG_5945.jpg\",\"contentUrl\":\"https:\/\/blogg.svenskakyrkan.se\/vandravagen\/files\/2018\/10\/IMG_5945.jpg\",\"width\":960,\"height\":1280,\"caption\":\"Att resa sig stark med Brene Brown.\"},{\"@type\":\"BreadcrumbList\",\"@id\":\"https:\/\/blogg.svenskakyrkan.se\/vandravagen\/2018\/10\/17\/att-resa-sig-stark-med-brene-brown\/#breadcrumb\",\"itemListElement\":[{\"@type\":\"ListItem\",\"position\":1,\"name\":\"Hem\",\"item\":\"https:\/\/blogg.svenskakyrkan.se\/vandravagen\/\"},{\"@type\":\"ListItem\",\"position\":2,\"name\":\"Att resa sig stark med Bren\u00e9 Brown\"}]},{\"@type\":\"WebSite\",\"@id\":\"https:\/\/blogg.svenskakyrkan.se\/vandravagen\/#website\",\"url\":\"https:\/\/blogg.svenskakyrkan.se\/vandravagen\/\",\"name\":\"Vandra V\u00e4gen\",\"description\":\"-Mot en tro f\u00f6r hela livet\",\"publisher\":{\"@id\":\"https:\/\/blogg.svenskakyrkan.se\/vandravagen\/#organization\"},\"potentialAction\":[{\"@type\":\"SearchAction\",\"target\":{\"@type\":\"EntryPoint\",\"urlTemplate\":\"https:\/\/blogg.svenskakyrkan.se\/vandravagen\/?s={search_term_string}\"},\"query-input\":{\"@type\":\"PropertyValueSpecification\",\"valueRequired\":true,\"valueName\":\"search_term_string\"}}],\"inLanguage\":\"sv-SE\"},{\"@type\":\"Organization\",\"@id\":\"https:\/\/blogg.svenskakyrkan.se\/vandravagen\/#organization\",\"name\":\"ulricehamns pastorat\",\"alternateName\":\"ulricehamns pastorat\",\"url\":\"https:\/\/blogg.svenskakyrkan.se\/vandravagen\/\",\"logo\":{\"@type\":\"ImageObject\",\"inLanguage\":\"sv-SE\",\"@id\":\"https:\/\/blogg.svenskakyrkan.se\/vandravagen\/#\/schema\/logo\/image\/\",\"url\":\"https:\/\/blogg.svenskakyrkan.se\/vandravagen\/files\/2023\/05\/Ulr_logo_RGB.png\",\"contentUrl\":\"https:\/\/blogg.svenskakyrkan.se\/vandravagen\/files\/2023\/05\/Ulr_logo_RGB.png\",\"width\":205,\"height\":77,\"caption\":\"ulricehamns pastorat\"},\"image\":{\"@id\":\"https:\/\/blogg.svenskakyrkan.se\/vandravagen\/#\/schema\/logo\/image\/\"},\"sameAs\":[\"http:\/\/facebook.com\/vandravagen\",\"https:\/\/x.com\/fadertomas\",\"http:\/\/www.facebook.com\/svenskakyrkaniulricehamn\"]},{\"@type\":\"Person\",\"@id\":\"https:\/\/blogg.svenskakyrkan.se\/vandravagen\/#\/schema\/person\/25da02d4f76b137d04291711e2c9fc16\",\"name\":\"Tomas Jarvid\",\"image\":{\"@type\":\"ImageObject\",\"inLanguage\":\"sv-SE\",\"@id\":\"https:\/\/blogg.svenskakyrkan.se\/vandravagen\/#\/schema\/person\/image\/\",\"url\":\"https:\/\/secure.gravatar.com\/avatar\/7fa71899795e8f540f615a1f5ab25255dc27aa40f05ee7ddd21aac521e01bf50?s=96&d=identicon&r=g\",\"contentUrl\":\"https:\/\/secure.gravatar.com\/avatar\/7fa71899795e8f540f615a1f5ab25255dc27aa40f05ee7ddd21aac521e01bf50?s=96&d=identicon&r=g\",\"caption\":\"Tomas Jarvid\"},\"description\":\"Jag bor i Ulricehamn i V\u00e4sterg\u00f6tland och \u00e4r f\u00f6rsamlingspr\u00e4st i Svenska Kyrkan f\u00f6r Dalstorps f\u00f6rsamling i Kinds pastorat. P\u00e5 den h\u00e4r bloggen skriver jag ner tankar om vandringen som kristen.\",\"sameAs\":[\"http:\/\/www.vandravagen.se\"],\"url\":\"https:\/\/blogg.svenskakyrkan.se\/vandravagen\/author\/vandravagen\/\"}]}<\/script>\n<!-- \/ Yoast SEO plugin. -->","yoast_head_json":{"title":"Att resa sig stark med Bren\u00e9 Brown - Vandra V\u00e4gen","robots":{"index":"index","follow":"follow","max-snippet":"max-snippet:-1","max-image-preview":"max-image-preview:large","max-video-preview":"max-video-preview:-1"},"canonical":"https:\/\/blogg.svenskakyrkan.se\/vandravagen\/2018\/10\/17\/att-resa-sig-stark-med-brene-brown\/","og_locale":"sv_SE","og_type":"article","og_title":"Att resa sig stark med Bren\u00e9 Brown - Vandra V\u00e4gen","og_description":"Jag har \u00e5terkommande \u00e4nda sedan 2014 skrivit om Bren\u00e9 Brown och hennes b\u00f6cker om skam och konsten att leva ett gott liv. Jag har haft stor beh\u00e5llning av hennes b\u00f6cker (s\u00e4rskilt kanske &#8221;mod att vara s\u00e5rbar&#8221; som handlar om skammens makt \u00f6ver v\u00e5ra liv, h\u00e4r skriver jag om den). Jag tycker att det hon skriver [&hellip;]","og_url":"https:\/\/blogg.svenskakyrkan.se\/vandravagen\/2018\/10\/17\/att-resa-sig-stark-med-brene-brown\/","og_site_name":"Vandra V\u00e4gen","article_publisher":"http:\/\/facebook.com\/vandravagen","article_published_time":"2018-10-17T05:00:37+00:00","author":"Tomas Jarvid","twitter_card":"summary_large_image","twitter_creator":"@fadertomas","twitter_site":"@fadertomas","twitter_misc":{"Skriven av":"Tomas Jarvid","Ber\u00e4knad l\u00e4stid":"6 minuter"},"schema":{"@context":"https:\/\/schema.org","@graph":[{"@type":"Article","@id":"https:\/\/blogg.svenskakyrkan.se\/vandravagen\/2018\/10\/17\/att-resa-sig-stark-med-brene-brown\/#article","isPartOf":{"@id":"https:\/\/blogg.svenskakyrkan.se\/vandravagen\/2018\/10\/17\/att-resa-sig-stark-med-brene-brown\/"},"author":{"name":"Tomas Jarvid","@id":"https:\/\/blogg.svenskakyrkan.se\/vandravagen\/#\/schema\/person\/25da02d4f76b137d04291711e2c9fc16"},"headline":"Att resa sig stark med Bren\u00e9 Brown","datePublished":"2018-10-17T05:00:37+00:00","mainEntityOfPage":{"@id":"https:\/\/blogg.svenskakyrkan.se\/vandravagen\/2018\/10\/17\/att-resa-sig-stark-med-brene-brown\/"},"wordCount":1134,"commentCount":4,"publisher":{"@id":"https:\/\/blogg.svenskakyrkan.se\/vandravagen\/#organization"},"image":{"@id":"https:\/\/blogg.svenskakyrkan.se\/vandravagen\/2018\/10\/17\/att-resa-sig-stark-med-brene-brown\/#primaryimage"},"thumbnailUrl":"https:\/\/blogg.svenskakyrkan.se\/vandravagen\/files\/2018\/10\/IMG_5945.jpg","articleSection":["b\u00f6cker","boktips","relationer","skam","vara m\u00e4nniska"],"inLanguage":"sv-SE","potentialAction":[{"@type":"CommentAction","name":"Comment","target":["https:\/\/blogg.svenskakyrkan.se\/vandravagen\/2018\/10\/17\/att-resa-sig-stark-med-brene-brown\/#respond"]}]},{"@type":"WebPage","@id":"https:\/\/blogg.svenskakyrkan.se\/vandravagen\/2018\/10\/17\/att-resa-sig-stark-med-brene-brown\/","url":"https:\/\/blogg.svenskakyrkan.se\/vandravagen\/2018\/10\/17\/att-resa-sig-stark-med-brene-brown\/","name":"Att resa sig stark med Bren\u00e9 Brown - Vandra V\u00e4gen","isPartOf":{"@id":"https:\/\/blogg.svenskakyrkan.se\/vandravagen\/#website"},"primaryImageOfPage":{"@id":"https:\/\/blogg.svenskakyrkan.se\/vandravagen\/2018\/10\/17\/att-resa-sig-stark-med-brene-brown\/#primaryimage"},"image":{"@id":"https:\/\/blogg.svenskakyrkan.se\/vandravagen\/2018\/10\/17\/att-resa-sig-stark-med-brene-brown\/#primaryimage"},"thumbnailUrl":"https:\/\/blogg.svenskakyrkan.se\/vandravagen\/files\/2018\/10\/IMG_5945.jpg","datePublished":"2018-10-17T05:00:37+00:00","breadcrumb":{"@id":"https:\/\/blogg.svenskakyrkan.se\/vandravagen\/2018\/10\/17\/att-resa-sig-stark-med-brene-brown\/#breadcrumb"},"inLanguage":"sv-SE","potentialAction":[{"@type":"ReadAction","target":["https:\/\/blogg.svenskakyrkan.se\/vandravagen\/2018\/10\/17\/att-resa-sig-stark-med-brene-brown\/"]}]},{"@type":"ImageObject","inLanguage":"sv-SE","@id":"https:\/\/blogg.svenskakyrkan.se\/vandravagen\/2018\/10\/17\/att-resa-sig-stark-med-brene-brown\/#primaryimage","url":"https:\/\/blogg.svenskakyrkan.se\/vandravagen\/files\/2018\/10\/IMG_5945.jpg","contentUrl":"https:\/\/blogg.svenskakyrkan.se\/vandravagen\/files\/2018\/10\/IMG_5945.jpg","width":960,"height":1280,"caption":"Att resa sig stark med Brene Brown."},{"@type":"BreadcrumbList","@id":"https:\/\/blogg.svenskakyrkan.se\/vandravagen\/2018\/10\/17\/att-resa-sig-stark-med-brene-brown\/#breadcrumb","itemListElement":[{"@type":"ListItem","position":1,"name":"Hem","item":"https:\/\/blogg.svenskakyrkan.se\/vandravagen\/"},{"@type":"ListItem","position":2,"name":"Att resa sig stark med Bren\u00e9 Brown"}]},{"@type":"WebSite","@id":"https:\/\/blogg.svenskakyrkan.se\/vandravagen\/#website","url":"https:\/\/blogg.svenskakyrkan.se\/vandravagen\/","name":"Vandra V\u00e4gen","description":"-Mot en tro f\u00f6r hela livet","publisher":{"@id":"https:\/\/blogg.svenskakyrkan.se\/vandravagen\/#organization"},"potentialAction":[{"@type":"SearchAction","target":{"@type":"EntryPoint","urlTemplate":"https:\/\/blogg.svenskakyrkan.se\/vandravagen\/?s={search_term_string}"},"query-input":{"@type":"PropertyValueSpecification","valueRequired":true,"valueName":"search_term_string"}}],"inLanguage":"sv-SE"},{"@type":"Organization","@id":"https:\/\/blogg.svenskakyrkan.se\/vandravagen\/#organization","name":"ulricehamns pastorat","alternateName":"ulricehamns pastorat","url":"https:\/\/blogg.svenskakyrkan.se\/vandravagen\/","logo":{"@type":"ImageObject","inLanguage":"sv-SE","@id":"https:\/\/blogg.svenskakyrkan.se\/vandravagen\/#\/schema\/logo\/image\/","url":"https:\/\/blogg.svenskakyrkan.se\/vandravagen\/files\/2023\/05\/Ulr_logo_RGB.png","contentUrl":"https:\/\/blogg.svenskakyrkan.se\/vandravagen\/files\/2023\/05\/Ulr_logo_RGB.png","width":205,"height":77,"caption":"ulricehamns pastorat"},"image":{"@id":"https:\/\/blogg.svenskakyrkan.se\/vandravagen\/#\/schema\/logo\/image\/"},"sameAs":["http:\/\/facebook.com\/vandravagen","https:\/\/x.com\/fadertomas","http:\/\/www.facebook.com\/svenskakyrkaniulricehamn"]},{"@type":"Person","@id":"https:\/\/blogg.svenskakyrkan.se\/vandravagen\/#\/schema\/person\/25da02d4f76b137d04291711e2c9fc16","name":"Tomas Jarvid","image":{"@type":"ImageObject","inLanguage":"sv-SE","@id":"https:\/\/blogg.svenskakyrkan.se\/vandravagen\/#\/schema\/person\/image\/","url":"https:\/\/secure.gravatar.com\/avatar\/7fa71899795e8f540f615a1f5ab25255dc27aa40f05ee7ddd21aac521e01bf50?s=96&d=identicon&r=g","contentUrl":"https:\/\/secure.gravatar.com\/avatar\/7fa71899795e8f540f615a1f5ab25255dc27aa40f05ee7ddd21aac521e01bf50?s=96&d=identicon&r=g","caption":"Tomas Jarvid"},"description":"Jag bor i Ulricehamn i V\u00e4sterg\u00f6tland och \u00e4r f\u00f6rsamlingspr\u00e4st i Svenska Kyrkan f\u00f6r Dalstorps f\u00f6rsamling i Kinds pastorat. P\u00e5 den h\u00e4r bloggen skriver jag ner tankar om vandringen som kristen.","sameAs":["http:\/\/www.vandravagen.se"],"url":"https:\/\/blogg.svenskakyrkan.se\/vandravagen\/author\/vandravagen\/"}]}},"author_meta":{"ID":"392","user_nicename":"vandravagen","user_url":"http:\/\/www.vandravagen.se","user_registered":"2014-05-19 05:44:52","display_name":"Tomas Jarvid","first_name":"Tomas","last_name":"Jarvid","avatar":"https:\/\/secure.gravatar.com\/avatar\/7fa71899795e8f540f615a1f5ab25255dc27aa40f05ee7ddd21aac521e01bf50?s=96&d=identicon&r=g"},"featured_image":["https:\/\/blogg.svenskakyrkan.se\/vandravagen\/files\/2018\/10\/IMG_5945.jpg",960,1280,false],"bloginfo":{"name":"Vandra V\u00e4gen","url":"https:\/\/blogg.svenskakyrkan.se\/vandravagen"},"_links":{"self":[{"href":"https:\/\/blogg.svenskakyrkan.se\/vandravagen\/wp-json\/wp\/v2\/posts\/6649","targetHints":{"allow":["GET"]}}],"collection":[{"href":"https:\/\/blogg.svenskakyrkan.se\/vandravagen\/wp-json\/wp\/v2\/posts"}],"about":[{"href":"https:\/\/blogg.svenskakyrkan.se\/vandravagen\/wp-json\/wp\/v2\/types\/post"}],"author":[{"embeddable":true,"href":"https:\/\/blogg.svenskakyrkan.se\/vandravagen\/wp-json\/wp\/v2\/users\/392"}],"replies":[{"embeddable":true,"href":"https:\/\/blogg.svenskakyrkan.se\/vandravagen\/wp-json\/wp\/v2\/comments?post=6649"}],"version-history":[{"count":3,"href":"https:\/\/blogg.svenskakyrkan.se\/vandravagen\/wp-json\/wp\/v2\/posts\/6649\/revisions"}],"predecessor-version":[{"id":6669,"href":"https:\/\/blogg.svenskakyrkan.se\/vandravagen\/wp-json\/wp\/v2\/posts\/6649\/revisions\/6669"}],"wp:featuredmedia":[{"embeddable":true,"href":"https:\/\/blogg.svenskakyrkan.se\/vandravagen\/wp-json\/wp\/v2\/media\/6650"}],"wp:attachment":[{"href":"https:\/\/blogg.svenskakyrkan.se\/vandravagen\/wp-json\/wp\/v2\/media?parent=6649"}],"wp:term":[{"taxonomy":"category","embeddable":true,"href":"https:\/\/blogg.svenskakyrkan.se\/vandravagen\/wp-json\/wp\/v2\/categories?post=6649"},{"taxonomy":"post_tag","embeddable":true,"href":"https:\/\/blogg.svenskakyrkan.se\/vandravagen\/wp-json\/wp\/v2\/tags?post=6649"}],"curies":[{"name":"wp","href":"https:\/\/api.w.org\/{rel}","templated":true}]}}