{"id":666,"date":"2013-03-14T09:27:00","date_gmt":"2013-03-14T08:27:00","guid":{"rendered":"http:\/\/blogg.svenskakyrkan.se\/vandravagen\/2013\/03\/14\/vaga-ta-plats-i-ditt-barns-liv-sager-gordon-neufeld\/"},"modified":"2013-03-14T09:27:00","modified_gmt":"2013-03-14T08:27:00","slug":"vaga-ta-plats-i-ditt-barns-liv-sager-gordon-neufeld","status":"publish","type":"post","link":"https:\/\/blogg.svenskakyrkan.se\/vandravagen\/2013\/03\/14\/vaga-ta-plats-i-ditt-barns-liv-sager-gordon-neufeld\/","title":{"rendered":"V\u00e5ga ta plats i ditt barns liv, s\u00e4ger Gordon Neufeld"},"content":{"rendered":"<div><a href=\"http:\/\/4.bp.blogspot.com\/-f4buWXpGR94\/UTzdX5gANUI\/AAAAAAAACvQ\/NBGwDFRQ8RM\/s1600\/vagataplats.jpg\"><img loading=\"lazy\" decoding=\"async\" border=\"0\" height=\"266\" src=\"http:\/\/4.bp.blogspot.com\/-f4buWXpGR94\/UTzdX5gANUI\/AAAAAAAACvQ\/NBGwDFRQ8RM\/s400\/vagataplats.jpg\" width=\"400\"><\/a><\/div>\n<p>Jag skrev f\u00f6r ett tag sedan <a href=\"http:\/\/www.vandravagen.se\/2013\/02\/ordet-anknytning-en-riktig-ogonoppnare.html\">om begreppet anknytning<\/a> som \u00f6ppnat f\u00f6r nya insikter f\u00f6r mig (och lite om <a href=\"http:\/\/www.vandravagen.se\/2013\/02\/anknytning-och-kristen-tro.html\">vad anknytningsteorin knyter an till i den kristna tron<\/a>). Nu g\u00e5r vi vidare med det \u00e4mnet, f\u00f6rst med ett riktigt, riktigt viktigt boktips, d\u00e4refter med ett eller flera uppf\u00f6ljande inl\u00e4gg om s\u00e5dant som st\u00e5r i boken.<\/p>\n<p>Boken heter &#8221;<a href=\"http:\/\/www.adlibris.com\/se\/product.aspx?isbn=9185327557\">V\u00e5ga ta plat<\/a><a href=\"http:\/\/www.bokus.com\/bok\/9789185327553\/vaga-ta-plats-i-ditt-barns-liv-sa-starker-du-relationen-till-ditt-barn-och-undviker-att-barnets-jamnariga-overtar-din-roll\/\">s i ditt barns liv<\/a>&#8221; och \u00e4r resultatet av Gordon Neufelds forskning och arbete (skriven ihop med Gabor Mat\u00e9). Jag rekommenderar alla som har ansvar f\u00f6r barn och ungdomar p\u00e5 ett eller annat s\u00e4tt att l\u00e4sa den. Den finns p\u00e5 G\u00f6tene bibliotek och bor du n\u00e5gon annanstans finns den s\u00e4kert d\u00e4r ocks\u00e5.<\/p>\n<p>S\u00e5 om du \u00e4r f\u00f6r\u00e4lder, l\u00e4rare, fritidsledare, pr\u00e4st eller kommunpolitiker hoppas jag du hittar denna skatt.<\/p>\n<p>Neufeld har mycket l\u00e5ng erfarenhet som forskare och av psykologisk praktik, han har utarbetat en slags metamodell d\u00e4r han utg\u00e5r fr\u00e5n en m\u00e4ngd olika forskningsr\u00f6n och f\u00e5r ihop en helhetsbild.<\/p>\n<p>Huvudpo\u00e4ngen \u00e4r att barnuppfostran mer \u00e4n n\u00e5got annat handlar om anknytning och relation till barnet. I v\u00e5r tid finns det en tendens att f\u00f6r\u00e4ldraskap uppfattas som en teknik man m\u00e5ste l\u00e4ra sig men enligt Neufeld g\u00e5r det mesta, under goda omst\u00e4ndigheter, av sig sj\u00e4lvt. Vi lyssnar och l\u00e4r endast av den som ocks\u00e5 vunnit v\u00e5rt hj\u00e4rta. En utmanande tanke!<\/p>\n<p>Huvudproblemet i v\u00e5r v\u00e4sterl\u00e4ndska kultur idag \u00e4r att f\u00f6r\u00e4lder-barn-relationer ofta utmanas och ers\u00e4tts av j\u00e4mn\u00e5rigrelationer. D\u00e5 g\u00e5r det illa eftersom barn inte kan ge den villkorsl\u00f6sa k\u00e4rlek som v\u00e5ra barn beh\u00f6ver. Det \u00e4r ett r\u00e4tt stort \u00e4mne s\u00e5 jag skriver en separat bloggpost om &#8221;j\u00e4mn\u00e5rigorientering&#8221; s\u00e5 snart jag kan.<\/p>\n<p>J\u00e4mn\u00e5rigorientering leder sedan i sin tur till d\u00e5liga effekter f\u00f6r barns inl\u00e4rning och skolg\u00e5ng, sexuella m\u00f6nster, v\u00e5ld och mobbning, alkoholvanor och s\u00e5 vidare. Neufeld skriver \u00f6vertygande om en rad samh\u00e4llsproblem utifr\u00e5n forskningr\u00f6n om barns utveckling och olika m\u00e4nskliga psykologiska<br \/>mekanismer.<\/p>\n<p>Det finns mycket filmmaterial p\u00e5 n\u00e4tet f\u00f6r att bilda sig en f\u00f6rsta uppfattning. B\u00f6rja med \u00a0att se p\u00e5 den h\u00e4r:<\/p>\n<div><\/div>\n<p>Tyv\u00e4rr \u00e4r v\u00e5rt samh\u00e4lle p\u00e5 m\u00e5nga s\u00e4tt uppbyggt s\u00e5 att barn har alltf\u00f6r f\u00e5 vuxenkontakter och umg\u00e5s i stora barngrupper. Ocks\u00e5 h\u00e4r har Neufeld mycket att s\u00e4ga om vad som enkelt skulle kunna f\u00f6r\u00e4ndras med lite vilja.<\/p>\n<p>L\u00e4s boken men g\u00f6r ocks\u00e5 som Owe Th\u00f6rnqvist en g\u00e5ng sj\u00f6ng: krama ditt barn idag. V\u00e4rna om rutiner som g\u00f6r att ni umg\u00e5s, g\u00e4rna p\u00e5 tu man hand. Det kan vara det viktigaste s\u00e4ttet att skydda barn fr\u00e5n mycket el\u00e4nde!<\/p>\n<p>Har du h\u00f6rt talas om de h\u00e4r tankarna? Kommentera nedan!<\/p>\n","protected":false},"excerpt":{"rendered":"<p>Jag skrev f\u00f6r ett tag sedan om begreppet anknytning som \u00f6ppnat f\u00f6r nya insikter f\u00f6r mig (och lite om vad anknytningsteorin knyter an till i den kristna tron). Nu g\u00e5r vi vidare med det \u00e4mnet, f\u00f6rst med ett riktigt, riktigt viktigt boktips, d\u00e4refter med ett eller flera uppf\u00f6ljande inl\u00e4gg om s\u00e5dant som st\u00e5r i boken. [&hellip;]<\/p>\n","protected":false},"author":392,"featured_media":0,"comment_status":"open","ping_status":"open","sticky":false,"template":"","format":"standard","meta":{"_acf_changed":false,"footnotes":""},"categories":[8253,42374,77554],"tags":[],"class_list":["post-666","post","type-post","status-publish","format-standard","hentry","category-bocker","category-boktips","category-vara-manniska"],"acf":[],"yoast_head":"<!-- This site is optimized with the Yoast SEO plugin v27.1.1 - https:\/\/yoast.com\/product\/yoast-seo-wordpress\/ -->\n<title>V\u00e5ga ta plats i ditt barns liv, s\u00e4ger Gordon Neufeld - Vandra V\u00e4gen<\/title>\n<meta name=\"robots\" content=\"index, follow, max-snippet:-1, max-image-preview:large, max-video-preview:-1\" \/>\n<link rel=\"canonical\" href=\"https:\/\/blogg.svenskakyrkan.se\/vandravagen\/2013\/03\/14\/vaga-ta-plats-i-ditt-barns-liv-sager-gordon-neufeld\/\" \/>\n<meta property=\"og:locale\" content=\"sv_SE\" \/>\n<meta property=\"og:type\" content=\"article\" \/>\n<meta property=\"og:title\" content=\"V\u00e5ga ta plats i ditt barns liv, s\u00e4ger Gordon Neufeld - Vandra V\u00e4gen\" \/>\n<meta property=\"og:description\" content=\"Jag skrev f\u00f6r ett tag sedan om begreppet anknytning som \u00f6ppnat f\u00f6r nya insikter f\u00f6r mig (och lite om vad anknytningsteorin knyter an till i den kristna tron). Nu g\u00e5r vi vidare med det \u00e4mnet, f\u00f6rst med ett riktigt, riktigt viktigt boktips, d\u00e4refter med ett eller flera uppf\u00f6ljande inl\u00e4gg om s\u00e5dant som st\u00e5r i boken. [&hellip;]\" \/>\n<meta property=\"og:url\" content=\"https:\/\/blogg.svenskakyrkan.se\/vandravagen\/2013\/03\/14\/vaga-ta-plats-i-ditt-barns-liv-sager-gordon-neufeld\/\" \/>\n<meta property=\"og:site_name\" content=\"Vandra V\u00e4gen\" \/>\n<meta property=\"article:publisher\" content=\"http:\/\/facebook.com\/vandravagen\" \/>\n<meta property=\"article:published_time\" content=\"2013-03-14T08:27:00+00:00\" \/>\n<meta property=\"og:image\" content=\"http:\/\/4.bp.blogspot.com\/-f4buWXpGR94\/UTzdX5gANUI\/AAAAAAAACvQ\/NBGwDFRQ8RM\/s400\/vagataplats.jpg\" \/>\n<meta name=\"author\" content=\"Tomas Jarvid\" \/>\n<meta name=\"twitter:card\" content=\"summary_large_image\" \/>\n<meta name=\"twitter:creator\" content=\"@fadertomas\" \/>\n<meta name=\"twitter:site\" content=\"@fadertomas\" \/>\n<meta name=\"twitter:label1\" content=\"Skriven av\" \/>\n\t<meta name=\"twitter:data1\" content=\"Tomas Jarvid\" \/>\n\t<meta name=\"twitter:label2\" content=\"Ber\u00e4knad l\u00e4stid\" \/>\n\t<meta name=\"twitter:data2\" content=\"3 minuter\" \/>\n<script type=\"application\/ld+json\" class=\"yoast-schema-graph\">{\"@context\":\"https:\/\/schema.org\",\"@graph\":[{\"@type\":\"Article\",\"@id\":\"https:\/\/blogg.svenskakyrkan.se\/vandravagen\/2013\/03\/14\/vaga-ta-plats-i-ditt-barns-liv-sager-gordon-neufeld\/#article\",\"isPartOf\":{\"@id\":\"https:\/\/blogg.svenskakyrkan.se\/vandravagen\/2013\/03\/14\/vaga-ta-plats-i-ditt-barns-liv-sager-gordon-neufeld\/\"},\"author\":{\"name\":\"Tomas Jarvid\",\"@id\":\"https:\/\/blogg.svenskakyrkan.se\/vandravagen\/#\/schema\/person\/25da02d4f76b137d04291711e2c9fc16\"},\"headline\":\"V\u00e5ga ta plats i ditt barns liv, s\u00e4ger Gordon Neufeld\",\"datePublished\":\"2013-03-14T08:27:00+00:00\",\"mainEntityOfPage\":{\"@id\":\"https:\/\/blogg.svenskakyrkan.se\/vandravagen\/2013\/03\/14\/vaga-ta-plats-i-ditt-barns-liv-sager-gordon-neufeld\/\"},\"wordCount\":524,\"commentCount\":4,\"publisher\":{\"@id\":\"https:\/\/blogg.svenskakyrkan.se\/vandravagen\/#organization\"},\"image\":{\"@id\":\"https:\/\/blogg.svenskakyrkan.se\/vandravagen\/2013\/03\/14\/vaga-ta-plats-i-ditt-barns-liv-sager-gordon-neufeld\/#primaryimage\"},\"thumbnailUrl\":\"http:\/\/4.bp.blogspot.com\/-f4buWXpGR94\/UTzdX5gANUI\/AAAAAAAACvQ\/NBGwDFRQ8RM\/s400\/vagataplats.jpg\",\"articleSection\":[\"b\u00f6cker\",\"boktips\",\"vara m\u00e4nniska\"],\"inLanguage\":\"sv-SE\",\"potentialAction\":[{\"@type\":\"CommentAction\",\"name\":\"Comment\",\"target\":[\"https:\/\/blogg.svenskakyrkan.se\/vandravagen\/2013\/03\/14\/vaga-ta-plats-i-ditt-barns-liv-sager-gordon-neufeld\/#respond\"]}]},{\"@type\":\"WebPage\",\"@id\":\"https:\/\/blogg.svenskakyrkan.se\/vandravagen\/2013\/03\/14\/vaga-ta-plats-i-ditt-barns-liv-sager-gordon-neufeld\/\",\"url\":\"https:\/\/blogg.svenskakyrkan.se\/vandravagen\/2013\/03\/14\/vaga-ta-plats-i-ditt-barns-liv-sager-gordon-neufeld\/\",\"name\":\"V\u00e5ga ta plats i ditt barns liv, s\u00e4ger Gordon Neufeld - Vandra V\u00e4gen\",\"isPartOf\":{\"@id\":\"https:\/\/blogg.svenskakyrkan.se\/vandravagen\/#website\"},\"primaryImageOfPage\":{\"@id\":\"https:\/\/blogg.svenskakyrkan.se\/vandravagen\/2013\/03\/14\/vaga-ta-plats-i-ditt-barns-liv-sager-gordon-neufeld\/#primaryimage\"},\"image\":{\"@id\":\"https:\/\/blogg.svenskakyrkan.se\/vandravagen\/2013\/03\/14\/vaga-ta-plats-i-ditt-barns-liv-sager-gordon-neufeld\/#primaryimage\"},\"thumbnailUrl\":\"http:\/\/4.bp.blogspot.com\/-f4buWXpGR94\/UTzdX5gANUI\/AAAAAAAACvQ\/NBGwDFRQ8RM\/s400\/vagataplats.jpg\",\"datePublished\":\"2013-03-14T08:27:00+00:00\",\"breadcrumb\":{\"@id\":\"https:\/\/blogg.svenskakyrkan.se\/vandravagen\/2013\/03\/14\/vaga-ta-plats-i-ditt-barns-liv-sager-gordon-neufeld\/#breadcrumb\"},\"inLanguage\":\"sv-SE\",\"potentialAction\":[{\"@type\":\"ReadAction\",\"target\":[\"https:\/\/blogg.svenskakyrkan.se\/vandravagen\/2013\/03\/14\/vaga-ta-plats-i-ditt-barns-liv-sager-gordon-neufeld\/\"]}]},{\"@type\":\"ImageObject\",\"inLanguage\":\"sv-SE\",\"@id\":\"https:\/\/blogg.svenskakyrkan.se\/vandravagen\/2013\/03\/14\/vaga-ta-plats-i-ditt-barns-liv-sager-gordon-neufeld\/#primaryimage\",\"url\":\"http:\/\/4.bp.blogspot.com\/-f4buWXpGR94\/UTzdX5gANUI\/AAAAAAAACvQ\/NBGwDFRQ8RM\/s400\/vagataplats.jpg\",\"contentUrl\":\"http:\/\/4.bp.blogspot.com\/-f4buWXpGR94\/UTzdX5gANUI\/AAAAAAAACvQ\/NBGwDFRQ8RM\/s400\/vagataplats.jpg\"},{\"@type\":\"BreadcrumbList\",\"@id\":\"https:\/\/blogg.svenskakyrkan.se\/vandravagen\/2013\/03\/14\/vaga-ta-plats-i-ditt-barns-liv-sager-gordon-neufeld\/#breadcrumb\",\"itemListElement\":[{\"@type\":\"ListItem\",\"position\":1,\"name\":\"Hem\",\"item\":\"https:\/\/blogg.svenskakyrkan.se\/vandravagen\/\"},{\"@type\":\"ListItem\",\"position\":2,\"name\":\"V\u00e5ga ta plats i ditt barns liv, s\u00e4ger Gordon Neufeld\"}]},{\"@type\":\"WebSite\",\"@id\":\"https:\/\/blogg.svenskakyrkan.se\/vandravagen\/#website\",\"url\":\"https:\/\/blogg.svenskakyrkan.se\/vandravagen\/\",\"name\":\"Vandra V\u00e4gen\",\"description\":\"-Mot en tro f\u00f6r hela livet\",\"publisher\":{\"@id\":\"https:\/\/blogg.svenskakyrkan.se\/vandravagen\/#organization\"},\"potentialAction\":[{\"@type\":\"SearchAction\",\"target\":{\"@type\":\"EntryPoint\",\"urlTemplate\":\"https:\/\/blogg.svenskakyrkan.se\/vandravagen\/?s={search_term_string}\"},\"query-input\":{\"@type\":\"PropertyValueSpecification\",\"valueRequired\":true,\"valueName\":\"search_term_string\"}}],\"inLanguage\":\"sv-SE\"},{\"@type\":\"Organization\",\"@id\":\"https:\/\/blogg.svenskakyrkan.se\/vandravagen\/#organization\",\"name\":\"ulricehamns pastorat\",\"alternateName\":\"ulricehamns pastorat\",\"url\":\"https:\/\/blogg.svenskakyrkan.se\/vandravagen\/\",\"logo\":{\"@type\":\"ImageObject\",\"inLanguage\":\"sv-SE\",\"@id\":\"https:\/\/blogg.svenskakyrkan.se\/vandravagen\/#\/schema\/logo\/image\/\",\"url\":\"https:\/\/blogg.svenskakyrkan.se\/vandravagen\/files\/2023\/05\/Ulr_logo_RGB.png\",\"contentUrl\":\"https:\/\/blogg.svenskakyrkan.se\/vandravagen\/files\/2023\/05\/Ulr_logo_RGB.png\",\"width\":205,\"height\":77,\"caption\":\"ulricehamns pastorat\"},\"image\":{\"@id\":\"https:\/\/blogg.svenskakyrkan.se\/vandravagen\/#\/schema\/logo\/image\/\"},\"sameAs\":[\"http:\/\/facebook.com\/vandravagen\",\"https:\/\/x.com\/fadertomas\",\"http:\/\/www.facebook.com\/svenskakyrkaniulricehamn\"]},{\"@type\":\"Person\",\"@id\":\"https:\/\/blogg.svenskakyrkan.se\/vandravagen\/#\/schema\/person\/25da02d4f76b137d04291711e2c9fc16\",\"name\":\"Tomas Jarvid\",\"image\":{\"@type\":\"ImageObject\",\"inLanguage\":\"sv-SE\",\"@id\":\"https:\/\/blogg.svenskakyrkan.se\/vandravagen\/#\/schema\/person\/image\/\",\"url\":\"https:\/\/secure.gravatar.com\/avatar\/7fa71899795e8f540f615a1f5ab25255dc27aa40f05ee7ddd21aac521e01bf50?s=96&d=identicon&r=g\",\"contentUrl\":\"https:\/\/secure.gravatar.com\/avatar\/7fa71899795e8f540f615a1f5ab25255dc27aa40f05ee7ddd21aac521e01bf50?s=96&d=identicon&r=g\",\"caption\":\"Tomas Jarvid\"},\"description\":\"Jag bor i Ulricehamn i V\u00e4sterg\u00f6tland och \u00e4r f\u00f6rsamlingspr\u00e4st i Svenska Kyrkan f\u00f6r Dalstorps f\u00f6rsamling i Kinds pastorat. P\u00e5 den h\u00e4r bloggen skriver jag ner tankar om vandringen som kristen.\",\"sameAs\":[\"http:\/\/www.vandravagen.se\"],\"url\":\"https:\/\/blogg.svenskakyrkan.se\/vandravagen\/author\/vandravagen\/\"}]}<\/script>\n<!-- \/ Yoast SEO plugin. -->","yoast_head_json":{"title":"V\u00e5ga ta plats i ditt barns liv, s\u00e4ger Gordon Neufeld - Vandra V\u00e4gen","robots":{"index":"index","follow":"follow","max-snippet":"max-snippet:-1","max-image-preview":"max-image-preview:large","max-video-preview":"max-video-preview:-1"},"canonical":"https:\/\/blogg.svenskakyrkan.se\/vandravagen\/2013\/03\/14\/vaga-ta-plats-i-ditt-barns-liv-sager-gordon-neufeld\/","og_locale":"sv_SE","og_type":"article","og_title":"V\u00e5ga ta plats i ditt barns liv, s\u00e4ger Gordon Neufeld - Vandra V\u00e4gen","og_description":"Jag skrev f\u00f6r ett tag sedan om begreppet anknytning som \u00f6ppnat f\u00f6r nya insikter f\u00f6r mig (och lite om vad anknytningsteorin knyter an till i den kristna tron). Nu g\u00e5r vi vidare med det \u00e4mnet, f\u00f6rst med ett riktigt, riktigt viktigt boktips, d\u00e4refter med ett eller flera uppf\u00f6ljande inl\u00e4gg om s\u00e5dant som st\u00e5r i boken. [&hellip;]","og_url":"https:\/\/blogg.svenskakyrkan.se\/vandravagen\/2013\/03\/14\/vaga-ta-plats-i-ditt-barns-liv-sager-gordon-neufeld\/","og_site_name":"Vandra V\u00e4gen","article_publisher":"http:\/\/facebook.com\/vandravagen","article_published_time":"2013-03-14T08:27:00+00:00","og_image":[{"url":"http:\/\/4.bp.blogspot.com\/-f4buWXpGR94\/UTzdX5gANUI\/AAAAAAAACvQ\/NBGwDFRQ8RM\/s400\/vagataplats.jpg","type":"","width":"","height":""}],"author":"Tomas Jarvid","twitter_card":"summary_large_image","twitter_creator":"@fadertomas","twitter_site":"@fadertomas","twitter_misc":{"Skriven av":"Tomas Jarvid","Ber\u00e4knad l\u00e4stid":"3 minuter"},"schema":{"@context":"https:\/\/schema.org","@graph":[{"@type":"Article","@id":"https:\/\/blogg.svenskakyrkan.se\/vandravagen\/2013\/03\/14\/vaga-ta-plats-i-ditt-barns-liv-sager-gordon-neufeld\/#article","isPartOf":{"@id":"https:\/\/blogg.svenskakyrkan.se\/vandravagen\/2013\/03\/14\/vaga-ta-plats-i-ditt-barns-liv-sager-gordon-neufeld\/"},"author":{"name":"Tomas Jarvid","@id":"https:\/\/blogg.svenskakyrkan.se\/vandravagen\/#\/schema\/person\/25da02d4f76b137d04291711e2c9fc16"},"headline":"V\u00e5ga ta plats i ditt barns liv, s\u00e4ger Gordon Neufeld","datePublished":"2013-03-14T08:27:00+00:00","mainEntityOfPage":{"@id":"https:\/\/blogg.svenskakyrkan.se\/vandravagen\/2013\/03\/14\/vaga-ta-plats-i-ditt-barns-liv-sager-gordon-neufeld\/"},"wordCount":524,"commentCount":4,"publisher":{"@id":"https:\/\/blogg.svenskakyrkan.se\/vandravagen\/#organization"},"image":{"@id":"https:\/\/blogg.svenskakyrkan.se\/vandravagen\/2013\/03\/14\/vaga-ta-plats-i-ditt-barns-liv-sager-gordon-neufeld\/#primaryimage"},"thumbnailUrl":"http:\/\/4.bp.blogspot.com\/-f4buWXpGR94\/UTzdX5gANUI\/AAAAAAAACvQ\/NBGwDFRQ8RM\/s400\/vagataplats.jpg","articleSection":["b\u00f6cker","boktips","vara m\u00e4nniska"],"inLanguage":"sv-SE","potentialAction":[{"@type":"CommentAction","name":"Comment","target":["https:\/\/blogg.svenskakyrkan.se\/vandravagen\/2013\/03\/14\/vaga-ta-plats-i-ditt-barns-liv-sager-gordon-neufeld\/#respond"]}]},{"@type":"WebPage","@id":"https:\/\/blogg.svenskakyrkan.se\/vandravagen\/2013\/03\/14\/vaga-ta-plats-i-ditt-barns-liv-sager-gordon-neufeld\/","url":"https:\/\/blogg.svenskakyrkan.se\/vandravagen\/2013\/03\/14\/vaga-ta-plats-i-ditt-barns-liv-sager-gordon-neufeld\/","name":"V\u00e5ga ta plats i ditt barns liv, s\u00e4ger Gordon Neufeld - Vandra V\u00e4gen","isPartOf":{"@id":"https:\/\/blogg.svenskakyrkan.se\/vandravagen\/#website"},"primaryImageOfPage":{"@id":"https:\/\/blogg.svenskakyrkan.se\/vandravagen\/2013\/03\/14\/vaga-ta-plats-i-ditt-barns-liv-sager-gordon-neufeld\/#primaryimage"},"image":{"@id":"https:\/\/blogg.svenskakyrkan.se\/vandravagen\/2013\/03\/14\/vaga-ta-plats-i-ditt-barns-liv-sager-gordon-neufeld\/#primaryimage"},"thumbnailUrl":"http:\/\/4.bp.blogspot.com\/-f4buWXpGR94\/UTzdX5gANUI\/AAAAAAAACvQ\/NBGwDFRQ8RM\/s400\/vagataplats.jpg","datePublished":"2013-03-14T08:27:00+00:00","breadcrumb":{"@id":"https:\/\/blogg.svenskakyrkan.se\/vandravagen\/2013\/03\/14\/vaga-ta-plats-i-ditt-barns-liv-sager-gordon-neufeld\/#breadcrumb"},"inLanguage":"sv-SE","potentialAction":[{"@type":"ReadAction","target":["https:\/\/blogg.svenskakyrkan.se\/vandravagen\/2013\/03\/14\/vaga-ta-plats-i-ditt-barns-liv-sager-gordon-neufeld\/"]}]},{"@type":"ImageObject","inLanguage":"sv-SE","@id":"https:\/\/blogg.svenskakyrkan.se\/vandravagen\/2013\/03\/14\/vaga-ta-plats-i-ditt-barns-liv-sager-gordon-neufeld\/#primaryimage","url":"http:\/\/4.bp.blogspot.com\/-f4buWXpGR94\/UTzdX5gANUI\/AAAAAAAACvQ\/NBGwDFRQ8RM\/s400\/vagataplats.jpg","contentUrl":"http:\/\/4.bp.blogspot.com\/-f4buWXpGR94\/UTzdX5gANUI\/AAAAAAAACvQ\/NBGwDFRQ8RM\/s400\/vagataplats.jpg"},{"@type":"BreadcrumbList","@id":"https:\/\/blogg.svenskakyrkan.se\/vandravagen\/2013\/03\/14\/vaga-ta-plats-i-ditt-barns-liv-sager-gordon-neufeld\/#breadcrumb","itemListElement":[{"@type":"ListItem","position":1,"name":"Hem","item":"https:\/\/blogg.svenskakyrkan.se\/vandravagen\/"},{"@type":"ListItem","position":2,"name":"V\u00e5ga ta plats i ditt barns liv, s\u00e4ger Gordon Neufeld"}]},{"@type":"WebSite","@id":"https:\/\/blogg.svenskakyrkan.se\/vandravagen\/#website","url":"https:\/\/blogg.svenskakyrkan.se\/vandravagen\/","name":"Vandra V\u00e4gen","description":"-Mot en tro f\u00f6r hela livet","publisher":{"@id":"https:\/\/blogg.svenskakyrkan.se\/vandravagen\/#organization"},"potentialAction":[{"@type":"SearchAction","target":{"@type":"EntryPoint","urlTemplate":"https:\/\/blogg.svenskakyrkan.se\/vandravagen\/?s={search_term_string}"},"query-input":{"@type":"PropertyValueSpecification","valueRequired":true,"valueName":"search_term_string"}}],"inLanguage":"sv-SE"},{"@type":"Organization","@id":"https:\/\/blogg.svenskakyrkan.se\/vandravagen\/#organization","name":"ulricehamns pastorat","alternateName":"ulricehamns pastorat","url":"https:\/\/blogg.svenskakyrkan.se\/vandravagen\/","logo":{"@type":"ImageObject","inLanguage":"sv-SE","@id":"https:\/\/blogg.svenskakyrkan.se\/vandravagen\/#\/schema\/logo\/image\/","url":"https:\/\/blogg.svenskakyrkan.se\/vandravagen\/files\/2023\/05\/Ulr_logo_RGB.png","contentUrl":"https:\/\/blogg.svenskakyrkan.se\/vandravagen\/files\/2023\/05\/Ulr_logo_RGB.png","width":205,"height":77,"caption":"ulricehamns pastorat"},"image":{"@id":"https:\/\/blogg.svenskakyrkan.se\/vandravagen\/#\/schema\/logo\/image\/"},"sameAs":["http:\/\/facebook.com\/vandravagen","https:\/\/x.com\/fadertomas","http:\/\/www.facebook.com\/svenskakyrkaniulricehamn"]},{"@type":"Person","@id":"https:\/\/blogg.svenskakyrkan.se\/vandravagen\/#\/schema\/person\/25da02d4f76b137d04291711e2c9fc16","name":"Tomas Jarvid","image":{"@type":"ImageObject","inLanguage":"sv-SE","@id":"https:\/\/blogg.svenskakyrkan.se\/vandravagen\/#\/schema\/person\/image\/","url":"https:\/\/secure.gravatar.com\/avatar\/7fa71899795e8f540f615a1f5ab25255dc27aa40f05ee7ddd21aac521e01bf50?s=96&d=identicon&r=g","contentUrl":"https:\/\/secure.gravatar.com\/avatar\/7fa71899795e8f540f615a1f5ab25255dc27aa40f05ee7ddd21aac521e01bf50?s=96&d=identicon&r=g","caption":"Tomas Jarvid"},"description":"Jag bor i Ulricehamn i V\u00e4sterg\u00f6tland och \u00e4r f\u00f6rsamlingspr\u00e4st i Svenska Kyrkan f\u00f6r Dalstorps f\u00f6rsamling i Kinds pastorat. P\u00e5 den h\u00e4r bloggen skriver jag ner tankar om vandringen som kristen.","sameAs":["http:\/\/www.vandravagen.se"],"url":"https:\/\/blogg.svenskakyrkan.se\/vandravagen\/author\/vandravagen\/"}]}},"author_meta":{"ID":"392","user_nicename":"vandravagen","user_url":"http:\/\/www.vandravagen.se","user_registered":"2014-05-19 05:44:52","display_name":"Tomas Jarvid","first_name":"Tomas","last_name":"Jarvid","avatar":"https:\/\/secure.gravatar.com\/avatar\/7fa71899795e8f540f615a1f5ab25255dc27aa40f05ee7ddd21aac521e01bf50?s=96&d=identicon&r=g"},"featured_image":false,"bloginfo":{"name":"Vandra V\u00e4gen","url":"https:\/\/blogg.svenskakyrkan.se\/vandravagen"},"_links":{"self":[{"href":"https:\/\/blogg.svenskakyrkan.se\/vandravagen\/wp-json\/wp\/v2\/posts\/666","targetHints":{"allow":["GET"]}}],"collection":[{"href":"https:\/\/blogg.svenskakyrkan.se\/vandravagen\/wp-json\/wp\/v2\/posts"}],"about":[{"href":"https:\/\/blogg.svenskakyrkan.se\/vandravagen\/wp-json\/wp\/v2\/types\/post"}],"author":[{"embeddable":true,"href":"https:\/\/blogg.svenskakyrkan.se\/vandravagen\/wp-json\/wp\/v2\/users\/392"}],"replies":[{"embeddable":true,"href":"https:\/\/blogg.svenskakyrkan.se\/vandravagen\/wp-json\/wp\/v2\/comments?post=666"}],"version-history":[{"count":0,"href":"https:\/\/blogg.svenskakyrkan.se\/vandravagen\/wp-json\/wp\/v2\/posts\/666\/revisions"}],"wp:attachment":[{"href":"https:\/\/blogg.svenskakyrkan.se\/vandravagen\/wp-json\/wp\/v2\/media?parent=666"}],"wp:term":[{"taxonomy":"category","embeddable":true,"href":"https:\/\/blogg.svenskakyrkan.se\/vandravagen\/wp-json\/wp\/v2\/categories?post=666"},{"taxonomy":"post_tag","embeddable":true,"href":"https:\/\/blogg.svenskakyrkan.se\/vandravagen\/wp-json\/wp\/v2\/tags?post=666"}],"curies":[{"name":"wp","href":"https:\/\/api.w.org\/{rel}","templated":true}]}}