{"id":6689,"date":"2018-11-13T07:00:51","date_gmt":"2018-11-13T06:00:51","guid":{"rendered":"http:\/\/blogg.svenskakyrkan.se\/vandravagen\/?p=6689"},"modified":"2018-11-12T20:30:17","modified_gmt":"2018-11-12T19:30:17","slug":"biologisk-och-kristen-symbios","status":"publish","type":"post","link":"https:\/\/blogg.svenskakyrkan.se\/vandravagen\/2018\/11\/13\/biologisk-och-kristen-symbios\/","title":{"rendered":"Biologisk och kristen symbios"},"content":{"rendered":"<p>N\u00e4r jag nu skrivit om <a href=\"https:\/\/blogg.svenskakyrkan.se\/vandravagen\/2018\/10\/02\/svamparna-och-vi-ar-slakt\/\">svampar<\/a> och <a href=\"https:\/\/blogg.svenskakyrkan.se\/vandravagen\/2018\/10\/10\/lavarnas-dubbla-identitet\/\">lavar<\/a> och annat (och kanske f\u00e5tt en och annan att undra om det h\u00e4r \u00e4r en biologiblogg pl\u00f6tsligt?) s\u00e5 har jag n\u00e5gra g\u00e5nger n\u00e4mnt det som kallas &#8221;symbios&#8221;.<\/p>\n<p>Symbios \u00e4r ju f\u00f6r svamparnas del n\u00e4r de lever i samarbete med till exempel en tr\u00e4drot genom att bilda &#8221;mykorhiza&#8221; kring rottr\u00e5darna. Laven \u00e4r en svamp som inuti sin egen kropp har alger eller bakterier som kan sk\u00f6ta fotosyntesen \u00e5t den. Tv\u00e5 organismer som blivit som en. Det \u00e4r inte samma sak som hos en parasit d\u00e4r bara den ena parten har nytta av det hela.<\/p>\n<p>Min kunnige kollega Mikael har ber\u00e4ttat att det finns olika slags symbioser. Ofta stannar det vid att (exempelvis) svampens hyfer och tr\u00e4dets r\u00f6tter knyter an till varann men i en del fall bjuder den ena parten in den andra <strong>\u00e4nda in i cellk\u00e4rnorna.<\/strong> Det blir om\u00f6jligt att s\u00e4ga var den ena b\u00f6rjar och den andra slutar.<\/p>\n<p>Symbios \u00e4r f\u00f6rst\u00e5s ett grekiskt ord. En annan kollega, Lars-Olle, har hj\u00e4lpt mig leta efter ordet i det nytestamentliga materialet men efter vad vi f\u00f6rst\u00e5tt finns inte ordet med d\u00e4r. Det finns \u00e4nd\u00e5 i min urgamla grekiska ordbok s\u00e5 jag gissar att ordet f\u00f6rekommer bland de v\u00e4ldigt gamla texterna &#8221;de apostoliska f\u00e4derna&#8221; s\u00e5 h\u00e4r st\u00e5r det d\u00e5:<\/p>\n<div id=\"attachment_6708\" style=\"width: 2058px\" class=\"wp-caption aligncenter\"><img loading=\"lazy\" decoding=\"async\" aria-describedby=\"caption-attachment-6708\" class=\"wp-image-6708 size-full\" src=\"http:\/\/blogg.svenskakyrkan.se\/vandravagen\/files\/2018\/10\/44798436_2044849772237108_303789384807743488_n.jpg\" alt=\"\" width=\"2048\" height=\"441\" srcset=\"https:\/\/blogg.svenskakyrkan.se\/vandravagen\/files\/2018\/10\/44798436_2044849772237108_303789384807743488_n.jpg 2048w, https:\/\/blogg.svenskakyrkan.se\/vandravagen\/files\/2018\/10\/44798436_2044849772237108_303789384807743488_n-300x65.jpg 300w, https:\/\/blogg.svenskakyrkan.se\/vandravagen\/files\/2018\/10\/44798436_2044849772237108_303789384807743488_n-768x165.jpg 768w, https:\/\/blogg.svenskakyrkan.se\/vandravagen\/files\/2018\/10\/44798436_2044849772237108_303789384807743488_n-1024x221.jpg 1024w, https:\/\/blogg.svenskakyrkan.se\/vandravagen\/files\/2018\/10\/44798436_2044849772237108_303789384807743488_n-1200x258.jpg 1200w\" sizes=\"auto, (max-width: 2048px) 100vw, 2048px\" \/><p id=\"caption-attachment-6708\" class=\"wp-caption-text\">&#8221;Symbios&#8221;, sammanlevande. Substantiv. Betecknar make eller maka.<\/p><\/div>\n<p>&#8221;Sym&#8221;= som h\u00e4nger samman (typ) och &#8221;bios&#8221; har med det som lever att g\u00f6ra (som i biologi, l\u00e4ran om det levande). Tydligen kan det anv\u00e4ndas ganska vardagligt f\u00f6r att beteckna den man lever tillsammans med.<\/p>\n<p>M\u00e4nniskan lever i mycket h\u00f6g grad i symbios med andra. I v\u00e5ra celler har vi den lilla mitokondrien (tack f\u00f6r p\u00e5minnelsen om detta Thorsten) som bidrar med massor av energi i cellerna. Den har sitt eget dna och tros vara en egen varelse fr\u00e5n b\u00f6rjan. <strong>I v\u00e5ra magar har vi 1-2 kg(!) bakterier<\/strong> som hj\u00e4lper oss bryta ner maten och p\u00e5 det hela taget \u00e4r vi en vandrande bakteriekoloni. Ser man det p\u00e5 det s\u00e4ttet \u00e4r det om\u00f6jligt att s\u00e4ga var m\u00e4nniskan slutar och den omgivande naturen tar vid. Vi lever i symbios och gr\u00e4nsen \u00e4r otydlig eftersom vi bara kan leva tillsammans.<\/p>\n<p><strong>F\u00f6r mig \u00e4r det en uppbygglig kristen tanke<\/strong> att vi h\u00f6r s\u00e5 djupt samman med allt i Guds skapelse. Vi kan f\u00f6rledas att tro att vi kan vara v\u00e5ra egna och klara oss sj\u00e4lva gentemot Gud, m\u00e4nniskor och annat skapat men s\u00e5 fort vi g\u00e5r den v\u00e4gen leder det till ont. \u00d6dmjukhet inf\u00f6r v\u00e5r samh\u00f6righet och v\u00e5rt stora beroende av det st\u00f6rre livet som hela tiden lever oss \u00e4r v\u00e4gen till tro, vishet och k\u00e4rlek.<\/p>\n<p>Jag hade kanske v\u00e4ntat mig att ordet symbios skulle vara vanligare i nya testamentet men det som d\u00e4remot finns \u00e4r att bilden av makar som lever tillsammans \u00e4r v\u00e4ldigt vanlig. Gud och hans folk, och ytterst sett m\u00e4nskligheten, liknas vid make och maka. M\u00e4nniskan beskrivs som m\u00e4nsklig just i att vi h\u00f6r samman med varandra och blir hela tillsammans (vilket f\u00f6rst\u00e5s \u00e4r sant vare sig man har en s\u00e4rskild livskamrat eller inte).<\/p>\n<p><strong>Eller f\u00f6r att avsluta med en annan sorts symbios.<\/strong> I romarbrevet anv\u00e4nds ympande som bild d\u00e4r vi \u00e4r grenar som f\u00e5r h\u00e4nga samman och f\u00e5 liv av olivtr\u00e4dets urgamla rot:<\/p>\n<blockquote>\n<p>Om n\u00e5gra av olivtr\u00e4dets grenar har brutits bort och du, som \u00e4r en gren av en vildoliv, har ympats in i st\u00e4llet och f\u00e5r del av saven fr\u00e5n det \u00e4kta tr\u00e4dets rot, <span class=\"selection\">s\u00e5 f\u00f6rh\u00e4v dig inte \u00f6ver de andra grenarna. Om du g\u00f6r det skall du veta: det \u00e4r inte du som b\u00e4r roten utan roten som b\u00e4r dig. (Rom 11:17-18)<\/span><\/p>\n<\/blockquote>\n<p>Vad t\u00e4nker du efter att ha l\u00e4st detta? \u00c4r det h\u00e4rligt att t\u00e4nka s\u00e5? Lite konstigt? Skriv en kommentar!<\/p>\n","protected":false},"excerpt":{"rendered":"<p>N\u00e4r jag nu skrivit om svampar och lavar och annat (och kanske f\u00e5tt en och annan att undra om det h\u00e4r \u00e4r en biologiblogg pl\u00f6tsligt?) s\u00e5 har jag n\u00e5gra g\u00e5nger n\u00e4mnt det som kallas &#8221;symbios&#8221;. Symbios \u00e4r ju f\u00f6r svamparnas del n\u00e4r de lever i samarbete med till exempel en tr\u00e4drot genom att bilda &#8221;mykorhiza&#8221; [&hellip;]<\/p>\n","protected":false},"author":392,"featured_media":6714,"comment_status":"open","ping_status":"open","sticky":false,"template":"","format":"standard","meta":{"_acf_changed":false,"footnotes":""},"categories":[75887,33562,81117,77554],"tags":[],"class_list":["post-6689","post","type-post","status-publish","format-standard","has-post-thumbnail","hentry","category-andlighet","category-skapelsen","category-skapelseteologi","category-vara-manniska"],"acf":[],"yoast_head":"<!-- This site is optimized with the Yoast SEO plugin v27.1.1 - https:\/\/yoast.com\/product\/yoast-seo-wordpress\/ -->\n<title>Biologisk och kristen symbios - Vandra V\u00e4gen<\/title>\n<meta name=\"robots\" content=\"index, follow, max-snippet:-1, max-image-preview:large, max-video-preview:-1\" \/>\n<link rel=\"canonical\" href=\"https:\/\/blogg.svenskakyrkan.se\/vandravagen\/2018\/11\/13\/biologisk-och-kristen-symbios\/\" \/>\n<meta property=\"og:locale\" content=\"sv_SE\" \/>\n<meta property=\"og:type\" content=\"article\" \/>\n<meta property=\"og:title\" content=\"Biologisk och kristen symbios - Vandra V\u00e4gen\" \/>\n<meta property=\"og:description\" content=\"N\u00e4r jag nu skrivit om svampar och lavar och annat (och kanske f\u00e5tt en och annan att undra om det h\u00e4r \u00e4r en biologiblogg pl\u00f6tsligt?) s\u00e5 har jag n\u00e5gra g\u00e5nger n\u00e4mnt det som kallas &#8221;symbios&#8221;. Symbios \u00e4r ju f\u00f6r svamparnas del n\u00e4r de lever i samarbete med till exempel en tr\u00e4drot genom att bilda &#8221;mykorhiza&#8221; [&hellip;]\" \/>\n<meta property=\"og:url\" content=\"https:\/\/blogg.svenskakyrkan.se\/vandravagen\/2018\/11\/13\/biologisk-och-kristen-symbios\/\" \/>\n<meta property=\"og:site_name\" content=\"Vandra V\u00e4gen\" \/>\n<meta property=\"article:publisher\" content=\"http:\/\/facebook.com\/vandravagen\" \/>\n<meta property=\"article:published_time\" content=\"2018-11-13T06:00:51+00:00\" \/>\n<meta property=\"og:image\" content=\"http:\/\/blogg.svenskakyrkan.se\/vandravagen\/files\/2018\/10\/44798436_2044849772237108_303789384807743488_n.jpg\" \/>\n<meta name=\"author\" content=\"Tomas Jarvid\" \/>\n<meta name=\"twitter:card\" content=\"summary_large_image\" \/>\n<meta name=\"twitter:creator\" content=\"@fadertomas\" \/>\n<meta name=\"twitter:site\" content=\"@fadertomas\" \/>\n<meta name=\"twitter:label1\" content=\"Skriven av\" \/>\n\t<meta name=\"twitter:data1\" content=\"Tomas Jarvid\" \/>\n\t<meta name=\"twitter:label2\" content=\"Ber\u00e4knad l\u00e4stid\" \/>\n\t<meta name=\"twitter:data2\" content=\"4 minuter\" \/>\n<script type=\"application\/ld+json\" class=\"yoast-schema-graph\">{\"@context\":\"https:\/\/schema.org\",\"@graph\":[{\"@type\":\"Article\",\"@id\":\"https:\/\/blogg.svenskakyrkan.se\/vandravagen\/2018\/11\/13\/biologisk-och-kristen-symbios\/#article\",\"isPartOf\":{\"@id\":\"https:\/\/blogg.svenskakyrkan.se\/vandravagen\/2018\/11\/13\/biologisk-och-kristen-symbios\/\"},\"author\":{\"name\":\"Tomas Jarvid\",\"@id\":\"https:\/\/blogg.svenskakyrkan.se\/vandravagen\/#\/schema\/person\/25da02d4f76b137d04291711e2c9fc16\"},\"headline\":\"Biologisk och kristen symbios\",\"datePublished\":\"2018-11-13T06:00:51+00:00\",\"mainEntityOfPage\":{\"@id\":\"https:\/\/blogg.svenskakyrkan.se\/vandravagen\/2018\/11\/13\/biologisk-och-kristen-symbios\/\"},\"wordCount\":723,\"commentCount\":4,\"publisher\":{\"@id\":\"https:\/\/blogg.svenskakyrkan.se\/vandravagen\/#organization\"},\"image\":{\"@id\":\"https:\/\/blogg.svenskakyrkan.se\/vandravagen\/2018\/11\/13\/biologisk-och-kristen-symbios\/#primaryimage\"},\"thumbnailUrl\":\"https:\/\/blogg.svenskakyrkan.se\/vandravagen\/files\/2018\/10\/IMG_6009.jpg\",\"articleSection\":[\"andlighet\",\"skapelsen\",\"skapelseteologi\",\"vara m\u00e4nniska\"],\"inLanguage\":\"sv-SE\",\"potentialAction\":[{\"@type\":\"CommentAction\",\"name\":\"Comment\",\"target\":[\"https:\/\/blogg.svenskakyrkan.se\/vandravagen\/2018\/11\/13\/biologisk-och-kristen-symbios\/#respond\"]}]},{\"@type\":\"WebPage\",\"@id\":\"https:\/\/blogg.svenskakyrkan.se\/vandravagen\/2018\/11\/13\/biologisk-och-kristen-symbios\/\",\"url\":\"https:\/\/blogg.svenskakyrkan.se\/vandravagen\/2018\/11\/13\/biologisk-och-kristen-symbios\/\",\"name\":\"Biologisk och kristen symbios - Vandra V\u00e4gen\",\"isPartOf\":{\"@id\":\"https:\/\/blogg.svenskakyrkan.se\/vandravagen\/#website\"},\"primaryImageOfPage\":{\"@id\":\"https:\/\/blogg.svenskakyrkan.se\/vandravagen\/2018\/11\/13\/biologisk-och-kristen-symbios\/#primaryimage\"},\"image\":{\"@id\":\"https:\/\/blogg.svenskakyrkan.se\/vandravagen\/2018\/11\/13\/biologisk-och-kristen-symbios\/#primaryimage\"},\"thumbnailUrl\":\"https:\/\/blogg.svenskakyrkan.se\/vandravagen\/files\/2018\/10\/IMG_6009.jpg\",\"datePublished\":\"2018-11-13T06:00:51+00:00\",\"breadcrumb\":{\"@id\":\"https:\/\/blogg.svenskakyrkan.se\/vandravagen\/2018\/11\/13\/biologisk-och-kristen-symbios\/#breadcrumb\"},\"inLanguage\":\"sv-SE\",\"potentialAction\":[{\"@type\":\"ReadAction\",\"target\":[\"https:\/\/blogg.svenskakyrkan.se\/vandravagen\/2018\/11\/13\/biologisk-och-kristen-symbios\/\"]}]},{\"@type\":\"ImageObject\",\"inLanguage\":\"sv-SE\",\"@id\":\"https:\/\/blogg.svenskakyrkan.se\/vandravagen\/2018\/11\/13\/biologisk-och-kristen-symbios\/#primaryimage\",\"url\":\"https:\/\/blogg.svenskakyrkan.se\/vandravagen\/files\/2018\/10\/IMG_6009.jpg\",\"contentUrl\":\"https:\/\/blogg.svenskakyrkan.se\/vandravagen\/files\/2018\/10\/IMG_6009.jpg\",\"width\":1280,\"height\":1270,\"caption\":\"En symbol f\u00f6r symbios? Tv\u00e5 som blivit ett.\"},{\"@type\":\"BreadcrumbList\",\"@id\":\"https:\/\/blogg.svenskakyrkan.se\/vandravagen\/2018\/11\/13\/biologisk-och-kristen-symbios\/#breadcrumb\",\"itemListElement\":[{\"@type\":\"ListItem\",\"position\":1,\"name\":\"Hem\",\"item\":\"https:\/\/blogg.svenskakyrkan.se\/vandravagen\/\"},{\"@type\":\"ListItem\",\"position\":2,\"name\":\"Biologisk och kristen symbios\"}]},{\"@type\":\"WebSite\",\"@id\":\"https:\/\/blogg.svenskakyrkan.se\/vandravagen\/#website\",\"url\":\"https:\/\/blogg.svenskakyrkan.se\/vandravagen\/\",\"name\":\"Vandra V\u00e4gen\",\"description\":\"-Mot en tro f\u00f6r hela livet\",\"publisher\":{\"@id\":\"https:\/\/blogg.svenskakyrkan.se\/vandravagen\/#organization\"},\"potentialAction\":[{\"@type\":\"SearchAction\",\"target\":{\"@type\":\"EntryPoint\",\"urlTemplate\":\"https:\/\/blogg.svenskakyrkan.se\/vandravagen\/?s={search_term_string}\"},\"query-input\":{\"@type\":\"PropertyValueSpecification\",\"valueRequired\":true,\"valueName\":\"search_term_string\"}}],\"inLanguage\":\"sv-SE\"},{\"@type\":\"Organization\",\"@id\":\"https:\/\/blogg.svenskakyrkan.se\/vandravagen\/#organization\",\"name\":\"ulricehamns pastorat\",\"alternateName\":\"ulricehamns pastorat\",\"url\":\"https:\/\/blogg.svenskakyrkan.se\/vandravagen\/\",\"logo\":{\"@type\":\"ImageObject\",\"inLanguage\":\"sv-SE\",\"@id\":\"https:\/\/blogg.svenskakyrkan.se\/vandravagen\/#\/schema\/logo\/image\/\",\"url\":\"https:\/\/blogg.svenskakyrkan.se\/vandravagen\/files\/2023\/05\/Ulr_logo_RGB.png\",\"contentUrl\":\"https:\/\/blogg.svenskakyrkan.se\/vandravagen\/files\/2023\/05\/Ulr_logo_RGB.png\",\"width\":205,\"height\":77,\"caption\":\"ulricehamns pastorat\"},\"image\":{\"@id\":\"https:\/\/blogg.svenskakyrkan.se\/vandravagen\/#\/schema\/logo\/image\/\"},\"sameAs\":[\"http:\/\/facebook.com\/vandravagen\",\"https:\/\/x.com\/fadertomas\",\"http:\/\/www.facebook.com\/svenskakyrkaniulricehamn\"]},{\"@type\":\"Person\",\"@id\":\"https:\/\/blogg.svenskakyrkan.se\/vandravagen\/#\/schema\/person\/25da02d4f76b137d04291711e2c9fc16\",\"name\":\"Tomas Jarvid\",\"image\":{\"@type\":\"ImageObject\",\"inLanguage\":\"sv-SE\",\"@id\":\"https:\/\/blogg.svenskakyrkan.se\/vandravagen\/#\/schema\/person\/image\/\",\"url\":\"https:\/\/secure.gravatar.com\/avatar\/7fa71899795e8f540f615a1f5ab25255dc27aa40f05ee7ddd21aac521e01bf50?s=96&d=identicon&r=g\",\"contentUrl\":\"https:\/\/secure.gravatar.com\/avatar\/7fa71899795e8f540f615a1f5ab25255dc27aa40f05ee7ddd21aac521e01bf50?s=96&d=identicon&r=g\",\"caption\":\"Tomas Jarvid\"},\"description\":\"Jag bor i Ulricehamn i V\u00e4sterg\u00f6tland och \u00e4r f\u00f6rsamlingspr\u00e4st i Svenska Kyrkan f\u00f6r Dalstorps f\u00f6rsamling i Kinds pastorat. P\u00e5 den h\u00e4r bloggen skriver jag ner tankar om vandringen som kristen.\",\"sameAs\":[\"http:\/\/www.vandravagen.se\"],\"url\":\"https:\/\/blogg.svenskakyrkan.se\/vandravagen\/author\/vandravagen\/\"}]}<\/script>\n<!-- \/ Yoast SEO plugin. -->","yoast_head_json":{"title":"Biologisk och kristen symbios - Vandra V\u00e4gen","robots":{"index":"index","follow":"follow","max-snippet":"max-snippet:-1","max-image-preview":"max-image-preview:large","max-video-preview":"max-video-preview:-1"},"canonical":"https:\/\/blogg.svenskakyrkan.se\/vandravagen\/2018\/11\/13\/biologisk-och-kristen-symbios\/","og_locale":"sv_SE","og_type":"article","og_title":"Biologisk och kristen symbios - Vandra V\u00e4gen","og_description":"N\u00e4r jag nu skrivit om svampar och lavar och annat (och kanske f\u00e5tt en och annan att undra om det h\u00e4r \u00e4r en biologiblogg pl\u00f6tsligt?) s\u00e5 har jag n\u00e5gra g\u00e5nger n\u00e4mnt det som kallas &#8221;symbios&#8221;. Symbios \u00e4r ju f\u00f6r svamparnas del n\u00e4r de lever i samarbete med till exempel en tr\u00e4drot genom att bilda &#8221;mykorhiza&#8221; [&hellip;]","og_url":"https:\/\/blogg.svenskakyrkan.se\/vandravagen\/2018\/11\/13\/biologisk-och-kristen-symbios\/","og_site_name":"Vandra V\u00e4gen","article_publisher":"http:\/\/facebook.com\/vandravagen","article_published_time":"2018-11-13T06:00:51+00:00","og_image":[{"url":"http:\/\/blogg.svenskakyrkan.se\/vandravagen\/files\/2018\/10\/44798436_2044849772237108_303789384807743488_n.jpg","type":"","width":"","height":""}],"author":"Tomas Jarvid","twitter_card":"summary_large_image","twitter_creator":"@fadertomas","twitter_site":"@fadertomas","twitter_misc":{"Skriven av":"Tomas Jarvid","Ber\u00e4knad l\u00e4stid":"4 minuter"},"schema":{"@context":"https:\/\/schema.org","@graph":[{"@type":"Article","@id":"https:\/\/blogg.svenskakyrkan.se\/vandravagen\/2018\/11\/13\/biologisk-och-kristen-symbios\/#article","isPartOf":{"@id":"https:\/\/blogg.svenskakyrkan.se\/vandravagen\/2018\/11\/13\/biologisk-och-kristen-symbios\/"},"author":{"name":"Tomas Jarvid","@id":"https:\/\/blogg.svenskakyrkan.se\/vandravagen\/#\/schema\/person\/25da02d4f76b137d04291711e2c9fc16"},"headline":"Biologisk och kristen symbios","datePublished":"2018-11-13T06:00:51+00:00","mainEntityOfPage":{"@id":"https:\/\/blogg.svenskakyrkan.se\/vandravagen\/2018\/11\/13\/biologisk-och-kristen-symbios\/"},"wordCount":723,"commentCount":4,"publisher":{"@id":"https:\/\/blogg.svenskakyrkan.se\/vandravagen\/#organization"},"image":{"@id":"https:\/\/blogg.svenskakyrkan.se\/vandravagen\/2018\/11\/13\/biologisk-och-kristen-symbios\/#primaryimage"},"thumbnailUrl":"https:\/\/blogg.svenskakyrkan.se\/vandravagen\/files\/2018\/10\/IMG_6009.jpg","articleSection":["andlighet","skapelsen","skapelseteologi","vara m\u00e4nniska"],"inLanguage":"sv-SE","potentialAction":[{"@type":"CommentAction","name":"Comment","target":["https:\/\/blogg.svenskakyrkan.se\/vandravagen\/2018\/11\/13\/biologisk-och-kristen-symbios\/#respond"]}]},{"@type":"WebPage","@id":"https:\/\/blogg.svenskakyrkan.se\/vandravagen\/2018\/11\/13\/biologisk-och-kristen-symbios\/","url":"https:\/\/blogg.svenskakyrkan.se\/vandravagen\/2018\/11\/13\/biologisk-och-kristen-symbios\/","name":"Biologisk och kristen symbios - Vandra V\u00e4gen","isPartOf":{"@id":"https:\/\/blogg.svenskakyrkan.se\/vandravagen\/#website"},"primaryImageOfPage":{"@id":"https:\/\/blogg.svenskakyrkan.se\/vandravagen\/2018\/11\/13\/biologisk-och-kristen-symbios\/#primaryimage"},"image":{"@id":"https:\/\/blogg.svenskakyrkan.se\/vandravagen\/2018\/11\/13\/biologisk-och-kristen-symbios\/#primaryimage"},"thumbnailUrl":"https:\/\/blogg.svenskakyrkan.se\/vandravagen\/files\/2018\/10\/IMG_6009.jpg","datePublished":"2018-11-13T06:00:51+00:00","breadcrumb":{"@id":"https:\/\/blogg.svenskakyrkan.se\/vandravagen\/2018\/11\/13\/biologisk-och-kristen-symbios\/#breadcrumb"},"inLanguage":"sv-SE","potentialAction":[{"@type":"ReadAction","target":["https:\/\/blogg.svenskakyrkan.se\/vandravagen\/2018\/11\/13\/biologisk-och-kristen-symbios\/"]}]},{"@type":"ImageObject","inLanguage":"sv-SE","@id":"https:\/\/blogg.svenskakyrkan.se\/vandravagen\/2018\/11\/13\/biologisk-och-kristen-symbios\/#primaryimage","url":"https:\/\/blogg.svenskakyrkan.se\/vandravagen\/files\/2018\/10\/IMG_6009.jpg","contentUrl":"https:\/\/blogg.svenskakyrkan.se\/vandravagen\/files\/2018\/10\/IMG_6009.jpg","width":1280,"height":1270,"caption":"En symbol f\u00f6r symbios? Tv\u00e5 som blivit ett."},{"@type":"BreadcrumbList","@id":"https:\/\/blogg.svenskakyrkan.se\/vandravagen\/2018\/11\/13\/biologisk-och-kristen-symbios\/#breadcrumb","itemListElement":[{"@type":"ListItem","position":1,"name":"Hem","item":"https:\/\/blogg.svenskakyrkan.se\/vandravagen\/"},{"@type":"ListItem","position":2,"name":"Biologisk och kristen symbios"}]},{"@type":"WebSite","@id":"https:\/\/blogg.svenskakyrkan.se\/vandravagen\/#website","url":"https:\/\/blogg.svenskakyrkan.se\/vandravagen\/","name":"Vandra V\u00e4gen","description":"-Mot en tro f\u00f6r hela livet","publisher":{"@id":"https:\/\/blogg.svenskakyrkan.se\/vandravagen\/#organization"},"potentialAction":[{"@type":"SearchAction","target":{"@type":"EntryPoint","urlTemplate":"https:\/\/blogg.svenskakyrkan.se\/vandravagen\/?s={search_term_string}"},"query-input":{"@type":"PropertyValueSpecification","valueRequired":true,"valueName":"search_term_string"}}],"inLanguage":"sv-SE"},{"@type":"Organization","@id":"https:\/\/blogg.svenskakyrkan.se\/vandravagen\/#organization","name":"ulricehamns pastorat","alternateName":"ulricehamns pastorat","url":"https:\/\/blogg.svenskakyrkan.se\/vandravagen\/","logo":{"@type":"ImageObject","inLanguage":"sv-SE","@id":"https:\/\/blogg.svenskakyrkan.se\/vandravagen\/#\/schema\/logo\/image\/","url":"https:\/\/blogg.svenskakyrkan.se\/vandravagen\/files\/2023\/05\/Ulr_logo_RGB.png","contentUrl":"https:\/\/blogg.svenskakyrkan.se\/vandravagen\/files\/2023\/05\/Ulr_logo_RGB.png","width":205,"height":77,"caption":"ulricehamns pastorat"},"image":{"@id":"https:\/\/blogg.svenskakyrkan.se\/vandravagen\/#\/schema\/logo\/image\/"},"sameAs":["http:\/\/facebook.com\/vandravagen","https:\/\/x.com\/fadertomas","http:\/\/www.facebook.com\/svenskakyrkaniulricehamn"]},{"@type":"Person","@id":"https:\/\/blogg.svenskakyrkan.se\/vandravagen\/#\/schema\/person\/25da02d4f76b137d04291711e2c9fc16","name":"Tomas Jarvid","image":{"@type":"ImageObject","inLanguage":"sv-SE","@id":"https:\/\/blogg.svenskakyrkan.se\/vandravagen\/#\/schema\/person\/image\/","url":"https:\/\/secure.gravatar.com\/avatar\/7fa71899795e8f540f615a1f5ab25255dc27aa40f05ee7ddd21aac521e01bf50?s=96&d=identicon&r=g","contentUrl":"https:\/\/secure.gravatar.com\/avatar\/7fa71899795e8f540f615a1f5ab25255dc27aa40f05ee7ddd21aac521e01bf50?s=96&d=identicon&r=g","caption":"Tomas Jarvid"},"description":"Jag bor i Ulricehamn i V\u00e4sterg\u00f6tland och \u00e4r f\u00f6rsamlingspr\u00e4st i Svenska Kyrkan f\u00f6r Dalstorps f\u00f6rsamling i Kinds pastorat. P\u00e5 den h\u00e4r bloggen skriver jag ner tankar om vandringen som kristen.","sameAs":["http:\/\/www.vandravagen.se"],"url":"https:\/\/blogg.svenskakyrkan.se\/vandravagen\/author\/vandravagen\/"}]}},"author_meta":{"ID":"392","user_nicename":"vandravagen","user_url":"http:\/\/www.vandravagen.se","user_registered":"2014-05-19 05:44:52","display_name":"Tomas Jarvid","first_name":"Tomas","last_name":"Jarvid","avatar":"https:\/\/secure.gravatar.com\/avatar\/7fa71899795e8f540f615a1f5ab25255dc27aa40f05ee7ddd21aac521e01bf50?s=96&d=identicon&r=g"},"featured_image":["https:\/\/blogg.svenskakyrkan.se\/vandravagen\/files\/2018\/10\/IMG_6009-1024x1016.jpg",1024,1016,true],"bloginfo":{"name":"Vandra V\u00e4gen","url":"https:\/\/blogg.svenskakyrkan.se\/vandravagen"},"_links":{"self":[{"href":"https:\/\/blogg.svenskakyrkan.se\/vandravagen\/wp-json\/wp\/v2\/posts\/6689","targetHints":{"allow":["GET"]}}],"collection":[{"href":"https:\/\/blogg.svenskakyrkan.se\/vandravagen\/wp-json\/wp\/v2\/posts"}],"about":[{"href":"https:\/\/blogg.svenskakyrkan.se\/vandravagen\/wp-json\/wp\/v2\/types\/post"}],"author":[{"embeddable":true,"href":"https:\/\/blogg.svenskakyrkan.se\/vandravagen\/wp-json\/wp\/v2\/users\/392"}],"replies":[{"embeddable":true,"href":"https:\/\/blogg.svenskakyrkan.se\/vandravagen\/wp-json\/wp\/v2\/comments?post=6689"}],"version-history":[{"count":3,"href":"https:\/\/blogg.svenskakyrkan.se\/vandravagen\/wp-json\/wp\/v2\/posts\/6689\/revisions"}],"predecessor-version":[{"id":6715,"href":"https:\/\/blogg.svenskakyrkan.se\/vandravagen\/wp-json\/wp\/v2\/posts\/6689\/revisions\/6715"}],"wp:featuredmedia":[{"embeddable":true,"href":"https:\/\/blogg.svenskakyrkan.se\/vandravagen\/wp-json\/wp\/v2\/media\/6714"}],"wp:attachment":[{"href":"https:\/\/blogg.svenskakyrkan.se\/vandravagen\/wp-json\/wp\/v2\/media?parent=6689"}],"wp:term":[{"taxonomy":"category","embeddable":true,"href":"https:\/\/blogg.svenskakyrkan.se\/vandravagen\/wp-json\/wp\/v2\/categories?post=6689"},{"taxonomy":"post_tag","embeddable":true,"href":"https:\/\/blogg.svenskakyrkan.se\/vandravagen\/wp-json\/wp\/v2\/tags?post=6689"}],"curies":[{"name":"wp","href":"https:\/\/api.w.org\/{rel}","templated":true}]}}