{"id":669,"date":"2013-03-12T19:56:00","date_gmt":"2013-03-12T18:56:00","guid":{"rendered":"http:\/\/blogg.svenskakyrkan.se\/vandravagen\/2013\/03\/12\/gregorius-den-store-och-musiken\/"},"modified":"2013-03-12T19:56:00","modified_gmt":"2013-03-12T18:56:00","slug":"gregorius-den-store-och-musiken","status":"publish","type":"post","link":"https:\/\/blogg.svenskakyrkan.se\/vandravagen\/2013\/03\/12\/gregorius-den-store-och-musiken\/","title":{"rendered":"Gregorius den store och musiken"},"content":{"rendered":"<table align=\"center\" cellpadding=\"0\" cellspacing=\"0\">\n<tbody>\n<tr>\n<td><a href=\"http:\/\/upload.wikimedia.org\/wikipedia\/commons\/thumb\/9\/99\/Registrum_gregorii,_san_gregorio_magno_ispirato_dalla_colomba,_983_miniatura,_treviri_stadtbiblithek,_19,8x27_cm.jpg\/441px-Registrum_gregorii,_san_gregorio_magno_ispirato_dalla_colomba,_983_miniatura,_treviri_stadtbiblithek,_19,8x27_cm.jpg\"><img loading=\"lazy\" decoding=\"async\" border=\"0\" height=\"400\" src=\"http:\/\/upload.wikimedia.org\/wikipedia\/commons\/thumb\/9\/99\/Registrum_gregorii,_san_gregorio_magno_ispirato_dalla_colomba,_983_miniatura,_treviri_stadtbiblithek,_19,8x27_cm.jpg\/441px-Registrum_gregorii,_san_gregorio_magno_ispirato_dalla_colomba,_983_miniatura,_treviri_stadtbiblithek,_19,8x27_cm.jpg\" width=\"293\"><\/a><\/td>\n<\/tr>\n<tr>\n<td>Gregorius skriver inspirerad av helig Ande<\/td>\n<\/tr>\n<\/tbody>\n<\/table>\n<p>Den 12e mars \u00e5r 604 dog p\u00e5ven Gregorius den store. Han l\u00e4mnade m\u00e5nga sp\u00e5r efter sig genom sitt stora f\u00f6rfattarskap och sitt goda inflytande \u00f6ver Kyrkan. L\u00e5ngt efter hans d\u00f6d uppkallades den v\u00e4stliga enst\u00e4mmiga kyrkomusiken efter honom men i sj\u00e4lva verket hade han inget med den saken att g\u00f6ra. Musiktraditioner v\u00e4xer fram och ihop fr\u00e5n olika h\u00e5ll och den gregorianska musiken fick snarare sin stil i st Gallen och andra kloster i frankerriket.<\/p>\n<p>Det passar \u00e4nd\u00e5 bra att \u00e4gna n\u00e5gra minuter idag \u00e5t vacker kyrkmusik.<\/p>\n<div><\/div>\n<p>D\u00e4remot kanske b\u00e5de Gregorius och Gallenbr\u00f6derna skulle v\u00e4nda sig i graven om de fick h\u00f6ra att det h\u00e4r kallas f\u00f6r gregorianskt numera&#8230;<\/p>\n<div><\/div>\n","protected":false},"excerpt":{"rendered":"<p>Gregorius skriver inspirerad av helig Ande Den 12e mars \u00e5r 604 dog p\u00e5ven Gregorius den store. Han l\u00e4mnade m\u00e5nga sp\u00e5r efter sig genom sitt stora f\u00f6rfattarskap och sitt goda inflytande \u00f6ver Kyrkan. L\u00e5ngt efter hans d\u00f6d uppkallades den v\u00e4stliga enst\u00e4mmiga kyrkomusiken efter honom men i sj\u00e4lva verket hade han inget med den saken att g\u00f6ra. [&hellip;]<\/p>\n","protected":false},"author":392,"featured_media":0,"comment_status":"open","ping_status":"open","sticky":false,"template":"","format":"standard","meta":{"_acf_changed":false,"footnotes":""},"categories":[19356,8337,46705],"tags":[],"class_list":["post-669","post","type-post","status-publish","format-standard","hentry","category-helgon","category-historia","category-video"],"acf":[],"yoast_head":"<!-- This site is optimized with the Yoast SEO plugin v27.1.1 - https:\/\/yoast.com\/product\/yoast-seo-wordpress\/ -->\n<title>Gregorius den store och musiken - Vandra V\u00e4gen<\/title>\n<meta name=\"robots\" content=\"index, follow, max-snippet:-1, max-image-preview:large, max-video-preview:-1\" \/>\n<link rel=\"canonical\" href=\"https:\/\/blogg.svenskakyrkan.se\/vandravagen\/2013\/03\/12\/gregorius-den-store-och-musiken\/\" \/>\n<meta property=\"og:locale\" content=\"sv_SE\" \/>\n<meta property=\"og:type\" content=\"article\" \/>\n<meta property=\"og:title\" content=\"Gregorius den store och musiken - Vandra V\u00e4gen\" \/>\n<meta property=\"og:description\" content=\"Gregorius skriver inspirerad av helig Ande Den 12e mars \u00e5r 604 dog p\u00e5ven Gregorius den store. Han l\u00e4mnade m\u00e5nga sp\u00e5r efter sig genom sitt stora f\u00f6rfattarskap och sitt goda inflytande \u00f6ver Kyrkan. L\u00e5ngt efter hans d\u00f6d uppkallades den v\u00e4stliga enst\u00e4mmiga kyrkomusiken efter honom men i sj\u00e4lva verket hade han inget med den saken att g\u00f6ra. [&hellip;]\" \/>\n<meta property=\"og:url\" content=\"https:\/\/blogg.svenskakyrkan.se\/vandravagen\/2013\/03\/12\/gregorius-den-store-och-musiken\/\" \/>\n<meta property=\"og:site_name\" content=\"Vandra V\u00e4gen\" \/>\n<meta property=\"article:publisher\" content=\"http:\/\/facebook.com\/vandravagen\" \/>\n<meta property=\"article:published_time\" content=\"2013-03-12T18:56:00+00:00\" \/>\n<meta property=\"og:image\" content=\"http:\/\/upload.wikimedia.org\/wikipedia\/commons\/thumb\/9\/99\/Registrum_gregorii,_san_gregorio_magno_ispirato_dalla_colomba,_983_miniatura,_treviri_stadtbiblithek,_19,8x27_cm.jpg\/441px-Registrum_gregorii,_san_gregorio_magno_ispirato_dalla_colomba,_983_miniatura,_treviri_stadtbiblithek,_19,8x27_cm.jpg\" \/>\n<meta name=\"author\" content=\"Tomas Jarvid\" \/>\n<meta name=\"twitter:card\" content=\"summary_large_image\" \/>\n<meta name=\"twitter:creator\" content=\"@fadertomas\" \/>\n<meta name=\"twitter:site\" content=\"@fadertomas\" \/>\n<meta name=\"twitter:label1\" content=\"Skriven av\" \/>\n\t<meta name=\"twitter:data1\" content=\"Tomas Jarvid\" \/>\n\t<meta name=\"twitter:label2\" content=\"Ber\u00e4knad l\u00e4stid\" \/>\n\t<meta name=\"twitter:data2\" content=\"1 minut\" \/>\n<script type=\"application\/ld+json\" class=\"yoast-schema-graph\">{\"@context\":\"https:\/\/schema.org\",\"@graph\":[{\"@type\":\"Article\",\"@id\":\"https:\/\/blogg.svenskakyrkan.se\/vandravagen\/2013\/03\/12\/gregorius-den-store-och-musiken\/#article\",\"isPartOf\":{\"@id\":\"https:\/\/blogg.svenskakyrkan.se\/vandravagen\/2013\/03\/12\/gregorius-den-store-och-musiken\/\"},\"author\":{\"name\":\"Tomas Jarvid\",\"@id\":\"https:\/\/blogg.svenskakyrkan.se\/vandravagen\/#\/schema\/person\/25da02d4f76b137d04291711e2c9fc16\"},\"headline\":\"Gregorius den store och musiken\",\"datePublished\":\"2013-03-12T18:56:00+00:00\",\"mainEntityOfPage\":{\"@id\":\"https:\/\/blogg.svenskakyrkan.se\/vandravagen\/2013\/03\/12\/gregorius-den-store-och-musiken\/\"},\"wordCount\":139,\"commentCount\":0,\"publisher\":{\"@id\":\"https:\/\/blogg.svenskakyrkan.se\/vandravagen\/#organization\"},\"image\":{\"@id\":\"https:\/\/blogg.svenskakyrkan.se\/vandravagen\/2013\/03\/12\/gregorius-den-store-och-musiken\/#primaryimage\"},\"thumbnailUrl\":\"http:\/\/upload.wikimedia.org\/wikipedia\/commons\/thumb\/9\/99\/Registrum_gregorii,_san_gregorio_magno_ispirato_dalla_colomba,_983_miniatura,_treviri_stadtbiblithek,_19,8x27_cm.jpg\/441px-Registrum_gregorii,_san_gregorio_magno_ispirato_dalla_colomba,_983_miniatura,_treviri_stadtbiblithek,_19,8x27_cm.jpg\",\"articleSection\":[\"helgon\",\"historia\",\"video\"],\"inLanguage\":\"sv-SE\",\"potentialAction\":[{\"@type\":\"CommentAction\",\"name\":\"Comment\",\"target\":[\"https:\/\/blogg.svenskakyrkan.se\/vandravagen\/2013\/03\/12\/gregorius-den-store-och-musiken\/#respond\"]}]},{\"@type\":\"WebPage\",\"@id\":\"https:\/\/blogg.svenskakyrkan.se\/vandravagen\/2013\/03\/12\/gregorius-den-store-och-musiken\/\",\"url\":\"https:\/\/blogg.svenskakyrkan.se\/vandravagen\/2013\/03\/12\/gregorius-den-store-och-musiken\/\",\"name\":\"Gregorius den store och musiken - Vandra V\u00e4gen\",\"isPartOf\":{\"@id\":\"https:\/\/blogg.svenskakyrkan.se\/vandravagen\/#website\"},\"primaryImageOfPage\":{\"@id\":\"https:\/\/blogg.svenskakyrkan.se\/vandravagen\/2013\/03\/12\/gregorius-den-store-och-musiken\/#primaryimage\"},\"image\":{\"@id\":\"https:\/\/blogg.svenskakyrkan.se\/vandravagen\/2013\/03\/12\/gregorius-den-store-och-musiken\/#primaryimage\"},\"thumbnailUrl\":\"http:\/\/upload.wikimedia.org\/wikipedia\/commons\/thumb\/9\/99\/Registrum_gregorii,_san_gregorio_magno_ispirato_dalla_colomba,_983_miniatura,_treviri_stadtbiblithek,_19,8x27_cm.jpg\/441px-Registrum_gregorii,_san_gregorio_magno_ispirato_dalla_colomba,_983_miniatura,_treviri_stadtbiblithek,_19,8x27_cm.jpg\",\"datePublished\":\"2013-03-12T18:56:00+00:00\",\"breadcrumb\":{\"@id\":\"https:\/\/blogg.svenskakyrkan.se\/vandravagen\/2013\/03\/12\/gregorius-den-store-och-musiken\/#breadcrumb\"},\"inLanguage\":\"sv-SE\",\"potentialAction\":[{\"@type\":\"ReadAction\",\"target\":[\"https:\/\/blogg.svenskakyrkan.se\/vandravagen\/2013\/03\/12\/gregorius-den-store-och-musiken\/\"]}]},{\"@type\":\"ImageObject\",\"inLanguage\":\"sv-SE\",\"@id\":\"https:\/\/blogg.svenskakyrkan.se\/vandravagen\/2013\/03\/12\/gregorius-den-store-och-musiken\/#primaryimage\",\"url\":\"http:\/\/upload.wikimedia.org\/wikipedia\/commons\/thumb\/9\/99\/Registrum_gregorii,_san_gregorio_magno_ispirato_dalla_colomba,_983_miniatura,_treviri_stadtbiblithek,_19,8x27_cm.jpg\/441px-Registrum_gregorii,_san_gregorio_magno_ispirato_dalla_colomba,_983_miniatura,_treviri_stadtbiblithek,_19,8x27_cm.jpg\",\"contentUrl\":\"http:\/\/upload.wikimedia.org\/wikipedia\/commons\/thumb\/9\/99\/Registrum_gregorii,_san_gregorio_magno_ispirato_dalla_colomba,_983_miniatura,_treviri_stadtbiblithek,_19,8x27_cm.jpg\/441px-Registrum_gregorii,_san_gregorio_magno_ispirato_dalla_colomba,_983_miniatura,_treviri_stadtbiblithek,_19,8x27_cm.jpg\"},{\"@type\":\"BreadcrumbList\",\"@id\":\"https:\/\/blogg.svenskakyrkan.se\/vandravagen\/2013\/03\/12\/gregorius-den-store-och-musiken\/#breadcrumb\",\"itemListElement\":[{\"@type\":\"ListItem\",\"position\":1,\"name\":\"Hem\",\"item\":\"https:\/\/blogg.svenskakyrkan.se\/vandravagen\/\"},{\"@type\":\"ListItem\",\"position\":2,\"name\":\"Gregorius den store och musiken\"}]},{\"@type\":\"WebSite\",\"@id\":\"https:\/\/blogg.svenskakyrkan.se\/vandravagen\/#website\",\"url\":\"https:\/\/blogg.svenskakyrkan.se\/vandravagen\/\",\"name\":\"Vandra V\u00e4gen\",\"description\":\"-Mot en tro f\u00f6r hela livet\",\"publisher\":{\"@id\":\"https:\/\/blogg.svenskakyrkan.se\/vandravagen\/#organization\"},\"potentialAction\":[{\"@type\":\"SearchAction\",\"target\":{\"@type\":\"EntryPoint\",\"urlTemplate\":\"https:\/\/blogg.svenskakyrkan.se\/vandravagen\/?s={search_term_string}\"},\"query-input\":{\"@type\":\"PropertyValueSpecification\",\"valueRequired\":true,\"valueName\":\"search_term_string\"}}],\"inLanguage\":\"sv-SE\"},{\"@type\":\"Organization\",\"@id\":\"https:\/\/blogg.svenskakyrkan.se\/vandravagen\/#organization\",\"name\":\"ulricehamns pastorat\",\"alternateName\":\"ulricehamns pastorat\",\"url\":\"https:\/\/blogg.svenskakyrkan.se\/vandravagen\/\",\"logo\":{\"@type\":\"ImageObject\",\"inLanguage\":\"sv-SE\",\"@id\":\"https:\/\/blogg.svenskakyrkan.se\/vandravagen\/#\/schema\/logo\/image\/\",\"url\":\"https:\/\/blogg.svenskakyrkan.se\/vandravagen\/files\/2023\/05\/Ulr_logo_RGB.png\",\"contentUrl\":\"https:\/\/blogg.svenskakyrkan.se\/vandravagen\/files\/2023\/05\/Ulr_logo_RGB.png\",\"width\":205,\"height\":77,\"caption\":\"ulricehamns pastorat\"},\"image\":{\"@id\":\"https:\/\/blogg.svenskakyrkan.se\/vandravagen\/#\/schema\/logo\/image\/\"},\"sameAs\":[\"http:\/\/facebook.com\/vandravagen\",\"https:\/\/x.com\/fadertomas\",\"http:\/\/www.facebook.com\/svenskakyrkaniulricehamn\"]},{\"@type\":\"Person\",\"@id\":\"https:\/\/blogg.svenskakyrkan.se\/vandravagen\/#\/schema\/person\/25da02d4f76b137d04291711e2c9fc16\",\"name\":\"Tomas Jarvid\",\"image\":{\"@type\":\"ImageObject\",\"inLanguage\":\"sv-SE\",\"@id\":\"https:\/\/blogg.svenskakyrkan.se\/vandravagen\/#\/schema\/person\/image\/\",\"url\":\"https:\/\/secure.gravatar.com\/avatar\/7fa71899795e8f540f615a1f5ab25255dc27aa40f05ee7ddd21aac521e01bf50?s=96&d=identicon&r=g\",\"contentUrl\":\"https:\/\/secure.gravatar.com\/avatar\/7fa71899795e8f540f615a1f5ab25255dc27aa40f05ee7ddd21aac521e01bf50?s=96&d=identicon&r=g\",\"caption\":\"Tomas Jarvid\"},\"description\":\"Jag bor i Ulricehamn i V\u00e4sterg\u00f6tland och \u00e4r f\u00f6rsamlingspr\u00e4st i Svenska Kyrkan f\u00f6r Dalstorps f\u00f6rsamling i Kinds pastorat. P\u00e5 den h\u00e4r bloggen skriver jag ner tankar om vandringen som kristen.\",\"sameAs\":[\"http:\/\/www.vandravagen.se\"],\"url\":\"https:\/\/blogg.svenskakyrkan.se\/vandravagen\/author\/vandravagen\/\"}]}<\/script>\n<!-- \/ Yoast SEO plugin. -->","yoast_head_json":{"title":"Gregorius den store och musiken - Vandra V\u00e4gen","robots":{"index":"index","follow":"follow","max-snippet":"max-snippet:-1","max-image-preview":"max-image-preview:large","max-video-preview":"max-video-preview:-1"},"canonical":"https:\/\/blogg.svenskakyrkan.se\/vandravagen\/2013\/03\/12\/gregorius-den-store-och-musiken\/","og_locale":"sv_SE","og_type":"article","og_title":"Gregorius den store och musiken - Vandra V\u00e4gen","og_description":"Gregorius skriver inspirerad av helig Ande Den 12e mars \u00e5r 604 dog p\u00e5ven Gregorius den store. Han l\u00e4mnade m\u00e5nga sp\u00e5r efter sig genom sitt stora f\u00f6rfattarskap och sitt goda inflytande \u00f6ver Kyrkan. L\u00e5ngt efter hans d\u00f6d uppkallades den v\u00e4stliga enst\u00e4mmiga kyrkomusiken efter honom men i sj\u00e4lva verket hade han inget med den saken att g\u00f6ra. [&hellip;]","og_url":"https:\/\/blogg.svenskakyrkan.se\/vandravagen\/2013\/03\/12\/gregorius-den-store-och-musiken\/","og_site_name":"Vandra V\u00e4gen","article_publisher":"http:\/\/facebook.com\/vandravagen","article_published_time":"2013-03-12T18:56:00+00:00","og_image":[{"url":"http:\/\/upload.wikimedia.org\/wikipedia\/commons\/thumb\/9\/99\/Registrum_gregorii,_san_gregorio_magno_ispirato_dalla_colomba,_983_miniatura,_treviri_stadtbiblithek,_19,8x27_cm.jpg\/441px-Registrum_gregorii,_san_gregorio_magno_ispirato_dalla_colomba,_983_miniatura,_treviri_stadtbiblithek,_19,8x27_cm.jpg","type":"","width":"","height":""}],"author":"Tomas Jarvid","twitter_card":"summary_large_image","twitter_creator":"@fadertomas","twitter_site":"@fadertomas","twitter_misc":{"Skriven av":"Tomas Jarvid","Ber\u00e4knad l\u00e4stid":"1 minut"},"schema":{"@context":"https:\/\/schema.org","@graph":[{"@type":"Article","@id":"https:\/\/blogg.svenskakyrkan.se\/vandravagen\/2013\/03\/12\/gregorius-den-store-och-musiken\/#article","isPartOf":{"@id":"https:\/\/blogg.svenskakyrkan.se\/vandravagen\/2013\/03\/12\/gregorius-den-store-och-musiken\/"},"author":{"name":"Tomas Jarvid","@id":"https:\/\/blogg.svenskakyrkan.se\/vandravagen\/#\/schema\/person\/25da02d4f76b137d04291711e2c9fc16"},"headline":"Gregorius den store och musiken","datePublished":"2013-03-12T18:56:00+00:00","mainEntityOfPage":{"@id":"https:\/\/blogg.svenskakyrkan.se\/vandravagen\/2013\/03\/12\/gregorius-den-store-och-musiken\/"},"wordCount":139,"commentCount":0,"publisher":{"@id":"https:\/\/blogg.svenskakyrkan.se\/vandravagen\/#organization"},"image":{"@id":"https:\/\/blogg.svenskakyrkan.se\/vandravagen\/2013\/03\/12\/gregorius-den-store-och-musiken\/#primaryimage"},"thumbnailUrl":"http:\/\/upload.wikimedia.org\/wikipedia\/commons\/thumb\/9\/99\/Registrum_gregorii,_san_gregorio_magno_ispirato_dalla_colomba,_983_miniatura,_treviri_stadtbiblithek,_19,8x27_cm.jpg\/441px-Registrum_gregorii,_san_gregorio_magno_ispirato_dalla_colomba,_983_miniatura,_treviri_stadtbiblithek,_19,8x27_cm.jpg","articleSection":["helgon","historia","video"],"inLanguage":"sv-SE","potentialAction":[{"@type":"CommentAction","name":"Comment","target":["https:\/\/blogg.svenskakyrkan.se\/vandravagen\/2013\/03\/12\/gregorius-den-store-och-musiken\/#respond"]}]},{"@type":"WebPage","@id":"https:\/\/blogg.svenskakyrkan.se\/vandravagen\/2013\/03\/12\/gregorius-den-store-och-musiken\/","url":"https:\/\/blogg.svenskakyrkan.se\/vandravagen\/2013\/03\/12\/gregorius-den-store-och-musiken\/","name":"Gregorius den store och musiken - Vandra V\u00e4gen","isPartOf":{"@id":"https:\/\/blogg.svenskakyrkan.se\/vandravagen\/#website"},"primaryImageOfPage":{"@id":"https:\/\/blogg.svenskakyrkan.se\/vandravagen\/2013\/03\/12\/gregorius-den-store-och-musiken\/#primaryimage"},"image":{"@id":"https:\/\/blogg.svenskakyrkan.se\/vandravagen\/2013\/03\/12\/gregorius-den-store-och-musiken\/#primaryimage"},"thumbnailUrl":"http:\/\/upload.wikimedia.org\/wikipedia\/commons\/thumb\/9\/99\/Registrum_gregorii,_san_gregorio_magno_ispirato_dalla_colomba,_983_miniatura,_treviri_stadtbiblithek,_19,8x27_cm.jpg\/441px-Registrum_gregorii,_san_gregorio_magno_ispirato_dalla_colomba,_983_miniatura,_treviri_stadtbiblithek,_19,8x27_cm.jpg","datePublished":"2013-03-12T18:56:00+00:00","breadcrumb":{"@id":"https:\/\/blogg.svenskakyrkan.se\/vandravagen\/2013\/03\/12\/gregorius-den-store-och-musiken\/#breadcrumb"},"inLanguage":"sv-SE","potentialAction":[{"@type":"ReadAction","target":["https:\/\/blogg.svenskakyrkan.se\/vandravagen\/2013\/03\/12\/gregorius-den-store-och-musiken\/"]}]},{"@type":"ImageObject","inLanguage":"sv-SE","@id":"https:\/\/blogg.svenskakyrkan.se\/vandravagen\/2013\/03\/12\/gregorius-den-store-och-musiken\/#primaryimage","url":"http:\/\/upload.wikimedia.org\/wikipedia\/commons\/thumb\/9\/99\/Registrum_gregorii,_san_gregorio_magno_ispirato_dalla_colomba,_983_miniatura,_treviri_stadtbiblithek,_19,8x27_cm.jpg\/441px-Registrum_gregorii,_san_gregorio_magno_ispirato_dalla_colomba,_983_miniatura,_treviri_stadtbiblithek,_19,8x27_cm.jpg","contentUrl":"http:\/\/upload.wikimedia.org\/wikipedia\/commons\/thumb\/9\/99\/Registrum_gregorii,_san_gregorio_magno_ispirato_dalla_colomba,_983_miniatura,_treviri_stadtbiblithek,_19,8x27_cm.jpg\/441px-Registrum_gregorii,_san_gregorio_magno_ispirato_dalla_colomba,_983_miniatura,_treviri_stadtbiblithek,_19,8x27_cm.jpg"},{"@type":"BreadcrumbList","@id":"https:\/\/blogg.svenskakyrkan.se\/vandravagen\/2013\/03\/12\/gregorius-den-store-och-musiken\/#breadcrumb","itemListElement":[{"@type":"ListItem","position":1,"name":"Hem","item":"https:\/\/blogg.svenskakyrkan.se\/vandravagen\/"},{"@type":"ListItem","position":2,"name":"Gregorius den store och musiken"}]},{"@type":"WebSite","@id":"https:\/\/blogg.svenskakyrkan.se\/vandravagen\/#website","url":"https:\/\/blogg.svenskakyrkan.se\/vandravagen\/","name":"Vandra V\u00e4gen","description":"-Mot en tro f\u00f6r hela livet","publisher":{"@id":"https:\/\/blogg.svenskakyrkan.se\/vandravagen\/#organization"},"potentialAction":[{"@type":"SearchAction","target":{"@type":"EntryPoint","urlTemplate":"https:\/\/blogg.svenskakyrkan.se\/vandravagen\/?s={search_term_string}"},"query-input":{"@type":"PropertyValueSpecification","valueRequired":true,"valueName":"search_term_string"}}],"inLanguage":"sv-SE"},{"@type":"Organization","@id":"https:\/\/blogg.svenskakyrkan.se\/vandravagen\/#organization","name":"ulricehamns pastorat","alternateName":"ulricehamns pastorat","url":"https:\/\/blogg.svenskakyrkan.se\/vandravagen\/","logo":{"@type":"ImageObject","inLanguage":"sv-SE","@id":"https:\/\/blogg.svenskakyrkan.se\/vandravagen\/#\/schema\/logo\/image\/","url":"https:\/\/blogg.svenskakyrkan.se\/vandravagen\/files\/2023\/05\/Ulr_logo_RGB.png","contentUrl":"https:\/\/blogg.svenskakyrkan.se\/vandravagen\/files\/2023\/05\/Ulr_logo_RGB.png","width":205,"height":77,"caption":"ulricehamns pastorat"},"image":{"@id":"https:\/\/blogg.svenskakyrkan.se\/vandravagen\/#\/schema\/logo\/image\/"},"sameAs":["http:\/\/facebook.com\/vandravagen","https:\/\/x.com\/fadertomas","http:\/\/www.facebook.com\/svenskakyrkaniulricehamn"]},{"@type":"Person","@id":"https:\/\/blogg.svenskakyrkan.se\/vandravagen\/#\/schema\/person\/25da02d4f76b137d04291711e2c9fc16","name":"Tomas Jarvid","image":{"@type":"ImageObject","inLanguage":"sv-SE","@id":"https:\/\/blogg.svenskakyrkan.se\/vandravagen\/#\/schema\/person\/image\/","url":"https:\/\/secure.gravatar.com\/avatar\/7fa71899795e8f540f615a1f5ab25255dc27aa40f05ee7ddd21aac521e01bf50?s=96&d=identicon&r=g","contentUrl":"https:\/\/secure.gravatar.com\/avatar\/7fa71899795e8f540f615a1f5ab25255dc27aa40f05ee7ddd21aac521e01bf50?s=96&d=identicon&r=g","caption":"Tomas Jarvid"},"description":"Jag bor i Ulricehamn i V\u00e4sterg\u00f6tland och \u00e4r f\u00f6rsamlingspr\u00e4st i Svenska Kyrkan f\u00f6r Dalstorps f\u00f6rsamling i Kinds pastorat. P\u00e5 den h\u00e4r bloggen skriver jag ner tankar om vandringen som kristen.","sameAs":["http:\/\/www.vandravagen.se"],"url":"https:\/\/blogg.svenskakyrkan.se\/vandravagen\/author\/vandravagen\/"}]}},"author_meta":{"ID":"392","user_nicename":"vandravagen","user_url":"http:\/\/www.vandravagen.se","user_registered":"2014-05-19 05:44:52","display_name":"Tomas Jarvid","first_name":"Tomas","last_name":"Jarvid","avatar":"https:\/\/secure.gravatar.com\/avatar\/7fa71899795e8f540f615a1f5ab25255dc27aa40f05ee7ddd21aac521e01bf50?s=96&d=identicon&r=g"},"featured_image":false,"bloginfo":{"name":"Vandra V\u00e4gen","url":"https:\/\/blogg.svenskakyrkan.se\/vandravagen"},"_links":{"self":[{"href":"https:\/\/blogg.svenskakyrkan.se\/vandravagen\/wp-json\/wp\/v2\/posts\/669","targetHints":{"allow":["GET"]}}],"collection":[{"href":"https:\/\/blogg.svenskakyrkan.se\/vandravagen\/wp-json\/wp\/v2\/posts"}],"about":[{"href":"https:\/\/blogg.svenskakyrkan.se\/vandravagen\/wp-json\/wp\/v2\/types\/post"}],"author":[{"embeddable":true,"href":"https:\/\/blogg.svenskakyrkan.se\/vandravagen\/wp-json\/wp\/v2\/users\/392"}],"replies":[{"embeddable":true,"href":"https:\/\/blogg.svenskakyrkan.se\/vandravagen\/wp-json\/wp\/v2\/comments?post=669"}],"version-history":[{"count":0,"href":"https:\/\/blogg.svenskakyrkan.se\/vandravagen\/wp-json\/wp\/v2\/posts\/669\/revisions"}],"wp:attachment":[{"href":"https:\/\/blogg.svenskakyrkan.se\/vandravagen\/wp-json\/wp\/v2\/media?parent=669"}],"wp:term":[{"taxonomy":"category","embeddable":true,"href":"https:\/\/blogg.svenskakyrkan.se\/vandravagen\/wp-json\/wp\/v2\/categories?post=669"},{"taxonomy":"post_tag","embeddable":true,"href":"https:\/\/blogg.svenskakyrkan.se\/vandravagen\/wp-json\/wp\/v2\/tags?post=669"}],"curies":[{"name":"wp","href":"https:\/\/api.w.org\/{rel}","templated":true}]}}