{"id":671,"date":"2013-03-11T10:01:00","date_gmt":"2013-03-11T09:01:00","guid":{"rendered":"http:\/\/blogg.svenskakyrkan.se\/vandravagen\/2013\/03\/11\/veckans-favorittweets-5\/"},"modified":"2013-03-11T10:01:00","modified_gmt":"2013-03-11T09:01:00","slug":"veckans-favorittweets-5","status":"publish","type":"post","link":"https:\/\/blogg.svenskakyrkan.se\/vandravagen\/2013\/03\/11\/veckans-favorittweets-5\/","title":{"rendered":"Veckans favorittweets!"},"content":{"rendered":"<div>Visserligen \u00e4r det inte s\u00f6ndagskv\u00e4ll utan m\u00e5ndagsmorgon men vad kan v\u00e4l passa b\u00e4ttre \u00e4n veckans favorittweets f\u00f6r att knyta ihop det gamla och blicka mot det nya. H\u00e4r \u00e4r fromma, kloka och roliga. Tydligen har det varit en mindre klok och mera rolig vecka av n\u00e5gon anledning?<\/div>\n<div><\/div>\n<div>De fromma:<\/div>\n<div><\/div>\n<div><a href=\"http:\/\/1.bp.blogspot.com\/-fcNhege-p24\/UTzJL1X4rBI\/AAAAAAAACsk\/sZNYnhJtLrU\/s1600\/a%CC%88ga.jpg\"><img loading=\"lazy\" decoding=\"async\" border=\"0\" height=\"81\" src=\"http:\/\/1.bp.blogspot.com\/-fcNhege-p24\/UTzJL1X4rBI\/AAAAAAAACsk\/sZNYnhJtLrU\/s400\/a%CC%88ga.jpg\" width=\"400\"><\/a><\/div>\n<\/p>\n<div><a href=\"http:\/\/1.bp.blogspot.com\/-6OHHlfxSCBs\/UTzJL6USUGI\/AAAAAAAACso\/fDbxsF1W48A\/s1600\/bibel.jpg\"><img loading=\"lazy\" decoding=\"async\" border=\"0\" height=\"68\" src=\"http:\/\/1.bp.blogspot.com\/-6OHHlfxSCBs\/UTzJL6USUGI\/AAAAAAAACso\/fDbxsF1W48A\/s400\/bibel.jpg\" width=\"400\"><\/a><\/div>\n<div><\/div>\n<div>Och detta \u00e4r f\u00f6rst\u00e5s oerh\u00f6rt viktigt:<\/div>\n<div><a href=\"http:\/\/2.bp.blogspot.com\/-ZtMNFlFyEp8\/UTzJMSXY4II\/AAAAAAAACsw\/Oz2I8KOfIfo\/s1600\/bratro.jpg\"><img loading=\"lazy\" decoding=\"async\" border=\"0\" height=\"67\" src=\"http:\/\/2.bp.blogspot.com\/-ZtMNFlFyEp8\/UTzJMSXY4II\/AAAAAAAACsw\/Oz2I8KOfIfo\/s400\/bratro.jpg\" width=\"400\"><\/a><\/div>\n<div><\/div>\n<div>Och DETTA \u00e4nnu mer:<\/div>\n<\/p>\n<div><\/div>\n<div><a href=\"http:\/\/4.bp.blogspot.com\/-UFxvF_gdwfo\/UTzJMgpD9-I\/AAAAAAAACtE\/IiBwWXo0cqQ\/s1600\/evbehov.jpg\"><img loading=\"lazy\" decoding=\"async\" border=\"0\" height=\"58\" src=\"http:\/\/4.bp.blogspot.com\/-UFxvF_gdwfo\/UTzJMgpD9-I\/AAAAAAAACtE\/IiBwWXo0cqQ\/s400\/evbehov.jpg\" width=\"400\"><\/a><\/div>\n<div><\/div>\n<div>Gl\u00e4djen \u00e4r det b\u00e4sta m\u00e5ttet p\u00e5 god andlighet!<\/div>\n<div><\/div>\n<div><a href=\"http:\/\/2.bp.blogspot.com\/-UAitRMmCsNY\/UTzJNLMwpNI\/AAAAAAAACtY\/gkBqFSRR-RY\/s1600\/gla%CC%88dje.jpg\"><img loading=\"lazy\" decoding=\"async\" border=\"0\" height=\"72\" src=\"http:\/\/2.bp.blogspot.com\/-UAitRMmCsNY\/UTzJNLMwpNI\/AAAAAAAACtY\/gkBqFSRR-RY\/s400\/gla%CC%88dje.jpg\" width=\"400\"><\/a><\/div>\n<div><\/div>\n<div><a href=\"http:\/\/4.bp.blogspot.com\/-jVQYja7MuQY\/UTzJNnKJs6I\/AAAAAAAACtg\/CA7_T2ZiRII\/s1600\/gla%CC%88dje2.jpg\"><img loading=\"lazy\" decoding=\"async\" border=\"0\" height=\"62\" src=\"http:\/\/4.bp.blogspot.com\/-jVQYja7MuQY\/UTzJNnKJs6I\/AAAAAAAACtg\/CA7_T2ZiRII\/s400\/gla%CC%88dje2.jpg\" width=\"400\"><\/a><\/div>\n<div><\/div>\n<div>Det h\u00e4r tycker jag var v\u00e4ldigt intressant po\u00e4ng (nedifr\u00e5n och upp), n\u00e4r det kommer till Kyrkans l\u00e4ra \u00e4r det f\u00f6rst\u00e5s oerh\u00f6rt provocerande f\u00f6r oss moderna att det inte \u00e4r vi som best\u00e4mmer \u00f6ver den?<\/div>\n<div><\/div>\n<div><a href=\"http:\/\/3.bp.blogspot.com\/-hbmKGMRia0I\/UTzJPYnt3oI\/AAAAAAAACuw\/hJSaLqlB448\/s1600\/sva%CC%8Arsma%CC%88lt.jpg\"><img loading=\"lazy\" decoding=\"async\" border=\"0\" height=\"141\" src=\"http:\/\/3.bp.blogspot.com\/-hbmKGMRia0I\/UTzJPYnt3oI\/AAAAAAAACuw\/hJSaLqlB448\/s400\/sva%CC%8Arsma%CC%88lt.jpg\" width=\"400\"><\/a><\/div>\n<div><\/div>\n<div>Och Joachim Elsander, champion f\u00f6rra veckan h\u00e4r, bidrar med detta lite m\u00e4rkliga men faktiskt riktigt fyndiga citat:<\/div>\n<div><\/div>\n<div><a href=\"http:\/\/2.bp.blogspot.com\/-ObJgZ2Vhrn8\/UTzJPY5udII\/AAAAAAAACuc\/1Wfax67gJ_c\/s1600\/zombiejesus.jpg\"><img loading=\"lazy\" decoding=\"async\" border=\"0\" height=\"81\" src=\"http:\/\/2.bp.blogspot.com\/-ObJgZ2Vhrn8\/UTzJPY5udII\/AAAAAAAACuc\/1Wfax67gJ_c\/s400\/zombiejesus.jpg\" width=\"400\"><\/a><\/div>\n<div><\/div>\n<div><\/div>\n<div><\/div>\n<div><\/div>\n<div>Och s\u00e5 de fromma tweetsen (bara tre tydligen):\u00a0<\/div>\n<div><\/div>\n<div><\/div>\n<\/p>\n<div><a href=\"http:\/\/3.bp.blogspot.com\/-H0KQ_xsSiDk\/UTzJL3cpIAI\/AAAAAAAACss\/bLL0L3lPMUg\/s1600\/beroende.jpg\"><img loading=\"lazy\" decoding=\"async\" border=\"0\" height=\"57\" src=\"http:\/\/3.bp.blogspot.com\/-H0KQ_xsSiDk\/UTzJL3cpIAI\/AAAAAAAACss\/bLL0L3lPMUg\/s400\/beroende.jpg\" width=\"400\"><\/a><\/div>\n<div><\/div>\n<div>Visst verkar det ibland funka s\u00e5h\u00e4r:<\/div>\n<div><a href=\"http:\/\/2.bp.blogspot.com\/-Zce2NJ30wKc\/UTzJMjTE7FI\/AAAAAAAACtA\/4yAQqJaipig\/s1600\/demok.jpg\"><img loading=\"lazy\" decoding=\"async\" border=\"0\" height=\"56\" src=\"http:\/\/2.bp.blogspot.com\/-Zce2NJ30wKc\/UTzJMjTE7FI\/AAAAAAAACtA\/4yAQqJaipig\/s400\/demok.jpg\" width=\"400\"><\/a><\/div>\n<div><\/div>\n<div><\/div>\n<div><a href=\"http:\/\/2.bp.blogspot.com\/-eOWA7PnbQa4\/UTzJNDfUa2I\/AAAAAAAACtU\/Y0ABX8r-Tko\/s1600\/fo%CC%88rdom.jpg\"><img loading=\"lazy\" decoding=\"async\" border=\"0\" height=\"68\" src=\"http:\/\/2.bp.blogspot.com\/-eOWA7PnbQa4\/UTzJNDfUa2I\/AAAAAAAACtU\/Y0ABX8r-Tko\/s400\/fo%CC%88rdom.jpg\" width=\"400\"><\/a><\/div>\n<div><\/div>\n<div><\/div>\n<div>De roliga!<\/div>\n<div><\/div>\n<div>Desto fler roliga tweets d\u00e5, som denna:<\/div>\n<div><\/div>\n<div><a href=\"http:\/\/3.bp.blogspot.com\/-iTEOveHyAcw\/UTzJMg29NqI\/AAAAAAAACs8\/RjHGkKEBfDk\/s1600\/bro%CC%88llop.jpg\"><img loading=\"lazy\" decoding=\"async\" border=\"0\" height=\"68\" src=\"http:\/\/3.bp.blogspot.com\/-iTEOveHyAcw\/UTzJMg29NqI\/AAAAAAAACs8\/RjHGkKEBfDk\/s400\/bro%CC%88llop.jpg\" width=\"400\"><\/a><\/div>\n<\/p>\n<div><a href=\"http:\/\/2.bp.blogspot.com\/-98pZRiUU7es\/UTzJNDhm8pI\/AAAAAAAACtM\/aiz_mPXMqYk\/s1600\/frosen.jpg\"><img loading=\"lazy\" decoding=\"async\" border=\"0\" height=\"78\" src=\"http:\/\/2.bp.blogspot.com\/-98pZRiUU7es\/UTzJNDhm8pI\/AAAAAAAACtM\/aiz_mPXMqYk\/s400\/frosen.jpg\" width=\"400\"><\/a><\/div>\n<\/p>\n<div><\/div>\n<div>\u00a0<a href=\"http:\/\/4.bp.blogspot.com\/-cAPAlKeM8V8\/UTzJN6ZEvYI\/AAAAAAAACto\/xK49K3BGRCQ\/s1600\/ordvits.jpg\"><img loading=\"lazy\" decoding=\"async\" border=\"0\" height=\"70\" src=\"http:\/\/4.bp.blogspot.com\/-cAPAlKeM8V8\/UTzJN6ZEvYI\/AAAAAAAACto\/xK49K3BGRCQ\/s400\/ordvits.jpg\" width=\"400\"><\/a><\/div>\n<div><\/div>\n<\/p>\n<div><a href=\"http:\/\/4.bp.blogspot.com\/-utlbhm5lUcI\/UTzJOCbT7HI\/AAAAAAAACtw\/GgUa5dRB3ww\/s1600\/ordvits2.jpg\"><img loading=\"lazy\" decoding=\"async\" border=\"0\" height=\"50\" src=\"http:\/\/4.bp.blogspot.com\/-utlbhm5lUcI\/UTzJOCbT7HI\/AAAAAAAACtw\/GgUa5dRB3ww\/s400\/ordvits2.jpg\" width=\"400\"><\/a><\/div>\n<div><\/div>\n<\/p>\n<div><a href=\"http:\/\/4.bp.blogspot.com\/-4B-UyuS6Mfk\/UTzJNhsgPrI\/AAAAAAAACt4\/AIKum3qHw-A\/s1600\/ha%CC%8Allka%CC%88ften.jpg\"><img loading=\"lazy\" decoding=\"async\" border=\"0\" height=\"60\" src=\"http:\/\/4.bp.blogspot.com\/-4B-UyuS6Mfk\/UTzJNhsgPrI\/AAAAAAAACt4\/AIKum3qHw-A\/s400\/ha%CC%8Allka%CC%88ften.jpg\" width=\"400\"><\/a><\/div>\n<div><\/div>\n<\/p>\n<div><a href=\"http:\/\/4.bp.blogspot.com\/-idvGfAA_tNc\/UTzJOeIAsBI\/AAAAAAAACt8\/Io5fNXCQv5M\/s1600\/palt.jpg\"><img loading=\"lazy\" decoding=\"async\" border=\"0\" height=\"63\" src=\"http:\/\/4.bp.blogspot.com\/-idvGfAA_tNc\/UTzJOeIAsBI\/AAAAAAAACt8\/Io5fNXCQv5M\/s400\/palt.jpg\" width=\"400\"><\/a><\/div>\n<div><\/div>\n<\/p>\n<div>P\u00e5vevalssk\u00e4mt!<\/div>\n<div><a href=\"http:\/\/3.bp.blogspot.com\/-BYcRM4UekT0\/UTzJOq4Ye4I\/AAAAAAAACuM\/YyDyD7XYzrw\/s1600\/pa%CC%8Aveska%CC%88mt.jpg\"><img loading=\"lazy\" decoding=\"async\" border=\"0\" height=\"66\" src=\"http:\/\/3.bp.blogspot.com\/-BYcRM4UekT0\/UTzJOq4Ye4I\/AAAAAAAACuM\/YyDyD7XYzrw\/s400\/pa%CC%8Aveska%CC%88mt.jpg\" width=\"400\"><\/a><\/div>\n<\/p>\n<div>Och ett erk\u00e4nnande! Typ?<\/div>\n<div><a href=\"http:\/\/1.bp.blogspot.com\/-GVX6xEz8kDw\/UTzJO__IVkI\/AAAAAAAACuU\/aC3sQIO08Ls\/s1600\/pra%CC%88ster.jpg\"><img loading=\"lazy\" decoding=\"async\" border=\"0\" height=\"68\" src=\"http:\/\/1.bp.blogspot.com\/-GVX6xEz8kDw\/UTzJO__IVkI\/AAAAAAAACuU\/aC3sQIO08Ls\/s400\/pra%CC%88ster.jpg\" width=\"400\"><\/a><\/div>\n<div><\/div>\n<div><\/div>\n<div>Veckans b\u00e4sta st\u00e5r polisen f\u00f6r. Gjorde min dag!<\/div>\n<div><\/div>\n<\/p>\n<div><a href=\"http:\/\/3.bp.blogspot.com\/-Ewy3nefXf-g\/UTzJO3f0RNI\/AAAAAAAACuI\/m0b2gphZC-A\/s1600\/pra%CC%88st2.jpg\"><img loading=\"lazy\" decoding=\"async\" border=\"0\" height=\"75\" src=\"http:\/\/3.bp.blogspot.com\/-Ewy3nefXf-g\/UTzJO3f0RNI\/AAAAAAAACuI\/m0b2gphZC-A\/s400\/pra%CC%88st2.jpg\" width=\"400\"><\/a><\/div>\n<\/p>\n<div><\/div><\/p>\n","protected":false},"excerpt":{"rendered":"<p>Visserligen \u00e4r det inte s\u00f6ndagskv\u00e4ll utan m\u00e5ndagsmorgon men vad kan v\u00e4l passa b\u00e4ttre \u00e4n veckans favorittweets f\u00f6r att knyta ihop det gamla och blicka mot det nya. H\u00e4r \u00e4r fromma, kloka och roliga. Tydligen har det varit en mindre klok och mera rolig vecka av n\u00e5gon anledning? De fromma: Och detta \u00e4r f\u00f6rst\u00e5s oerh\u00f6rt viktigt: [&hellip;]<\/p>\n","protected":false},"author":392,"featured_media":0,"comment_status":"open","ping_status":"open","sticky":false,"template":"","format":"standard","meta":{"_acf_changed":false,"footnotes":""},"categories":[76766],"tags":[],"class_list":["post-671","post","type-post","status-publish","format-standard","hentry","category-blandat"],"acf":[],"yoast_head":"<!-- This site is optimized with the Yoast SEO plugin v27.1.1 - https:\/\/yoast.com\/product\/yoast-seo-wordpress\/ -->\n<title>Veckans favorittweets! - Vandra V\u00e4gen<\/title>\n<meta name=\"robots\" content=\"index, follow, max-snippet:-1, max-image-preview:large, max-video-preview:-1\" \/>\n<link rel=\"canonical\" href=\"https:\/\/blogg.svenskakyrkan.se\/vandravagen\/2013\/03\/11\/veckans-favorittweets-5\/\" \/>\n<meta property=\"og:locale\" content=\"sv_SE\" \/>\n<meta property=\"og:type\" content=\"article\" \/>\n<meta property=\"og:title\" content=\"Veckans favorittweets! - Vandra V\u00e4gen\" \/>\n<meta property=\"og:description\" content=\"Visserligen \u00e4r det inte s\u00f6ndagskv\u00e4ll utan m\u00e5ndagsmorgon men vad kan v\u00e4l passa b\u00e4ttre \u00e4n veckans favorittweets f\u00f6r att knyta ihop det gamla och blicka mot det nya. H\u00e4r \u00e4r fromma, kloka och roliga. Tydligen har det varit en mindre klok och mera rolig vecka av n\u00e5gon anledning? De fromma: Och detta \u00e4r f\u00f6rst\u00e5s oerh\u00f6rt viktigt: [&hellip;]\" \/>\n<meta property=\"og:url\" content=\"https:\/\/blogg.svenskakyrkan.se\/vandravagen\/2013\/03\/11\/veckans-favorittweets-5\/\" \/>\n<meta property=\"og:site_name\" content=\"Vandra V\u00e4gen\" \/>\n<meta property=\"article:publisher\" content=\"http:\/\/facebook.com\/vandravagen\" \/>\n<meta property=\"article:published_time\" content=\"2013-03-11T09:01:00+00:00\" \/>\n<meta property=\"og:image\" content=\"http:\/\/1.bp.blogspot.com\/-fcNhege-p24\/UTzJL1X4rBI\/AAAAAAAACsk\/sZNYnhJtLrU\/s400\/a%CC%88ga.jpg\" \/>\n<meta name=\"author\" content=\"Tomas Jarvid\" \/>\n<meta name=\"twitter:card\" content=\"summary_large_image\" \/>\n<meta name=\"twitter:creator\" content=\"@fadertomas\" \/>\n<meta name=\"twitter:site\" content=\"@fadertomas\" \/>\n<meta name=\"twitter:label1\" content=\"Skriven av\" \/>\n\t<meta name=\"twitter:data1\" content=\"Tomas Jarvid\" \/>\n\t<meta name=\"twitter:label2\" content=\"Ber\u00e4knad l\u00e4stid\" \/>\n\t<meta name=\"twitter:data2\" content=\"1 minut\" \/>\n<script type=\"application\/ld+json\" class=\"yoast-schema-graph\">{\"@context\":\"https:\/\/schema.org\",\"@graph\":[{\"@type\":\"Article\",\"@id\":\"https:\/\/blogg.svenskakyrkan.se\/vandravagen\/2013\/03\/11\/veckans-favorittweets-5\/#article\",\"isPartOf\":{\"@id\":\"https:\/\/blogg.svenskakyrkan.se\/vandravagen\/2013\/03\/11\/veckans-favorittweets-5\/\"},\"author\":{\"name\":\"Tomas Jarvid\",\"@id\":\"https:\/\/blogg.svenskakyrkan.se\/vandravagen\/#\/schema\/person\/25da02d4f76b137d04291711e2c9fc16\"},\"headline\":\"Veckans favorittweets!\",\"datePublished\":\"2013-03-11T09:01:00+00:00\",\"mainEntityOfPage\":{\"@id\":\"https:\/\/blogg.svenskakyrkan.se\/vandravagen\/2013\/03\/11\/veckans-favorittweets-5\/\"},\"wordCount\":192,\"commentCount\":0,\"publisher\":{\"@id\":\"https:\/\/blogg.svenskakyrkan.se\/vandravagen\/#organization\"},\"image\":{\"@id\":\"https:\/\/blogg.svenskakyrkan.se\/vandravagen\/2013\/03\/11\/veckans-favorittweets-5\/#primaryimage\"},\"thumbnailUrl\":\"http:\/\/1.bp.blogspot.com\/-fcNhege-p24\/UTzJL1X4rBI\/AAAAAAAACsk\/sZNYnhJtLrU\/s400\/a%CC%88ga.jpg\",\"articleSection\":[\"blandat\"],\"inLanguage\":\"sv-SE\",\"potentialAction\":[{\"@type\":\"CommentAction\",\"name\":\"Comment\",\"target\":[\"https:\/\/blogg.svenskakyrkan.se\/vandravagen\/2013\/03\/11\/veckans-favorittweets-5\/#respond\"]}]},{\"@type\":\"WebPage\",\"@id\":\"https:\/\/blogg.svenskakyrkan.se\/vandravagen\/2013\/03\/11\/veckans-favorittweets-5\/\",\"url\":\"https:\/\/blogg.svenskakyrkan.se\/vandravagen\/2013\/03\/11\/veckans-favorittweets-5\/\",\"name\":\"Veckans favorittweets! - Vandra V\u00e4gen\",\"isPartOf\":{\"@id\":\"https:\/\/blogg.svenskakyrkan.se\/vandravagen\/#website\"},\"primaryImageOfPage\":{\"@id\":\"https:\/\/blogg.svenskakyrkan.se\/vandravagen\/2013\/03\/11\/veckans-favorittweets-5\/#primaryimage\"},\"image\":{\"@id\":\"https:\/\/blogg.svenskakyrkan.se\/vandravagen\/2013\/03\/11\/veckans-favorittweets-5\/#primaryimage\"},\"thumbnailUrl\":\"http:\/\/1.bp.blogspot.com\/-fcNhege-p24\/UTzJL1X4rBI\/AAAAAAAACsk\/sZNYnhJtLrU\/s400\/a%CC%88ga.jpg\",\"datePublished\":\"2013-03-11T09:01:00+00:00\",\"breadcrumb\":{\"@id\":\"https:\/\/blogg.svenskakyrkan.se\/vandravagen\/2013\/03\/11\/veckans-favorittweets-5\/#breadcrumb\"},\"inLanguage\":\"sv-SE\",\"potentialAction\":[{\"@type\":\"ReadAction\",\"target\":[\"https:\/\/blogg.svenskakyrkan.se\/vandravagen\/2013\/03\/11\/veckans-favorittweets-5\/\"]}]},{\"@type\":\"ImageObject\",\"inLanguage\":\"sv-SE\",\"@id\":\"https:\/\/blogg.svenskakyrkan.se\/vandravagen\/2013\/03\/11\/veckans-favorittweets-5\/#primaryimage\",\"url\":\"http:\/\/1.bp.blogspot.com\/-fcNhege-p24\/UTzJL1X4rBI\/AAAAAAAACsk\/sZNYnhJtLrU\/s400\/a%CC%88ga.jpg\",\"contentUrl\":\"http:\/\/1.bp.blogspot.com\/-fcNhege-p24\/UTzJL1X4rBI\/AAAAAAAACsk\/sZNYnhJtLrU\/s400\/a%CC%88ga.jpg\"},{\"@type\":\"BreadcrumbList\",\"@id\":\"https:\/\/blogg.svenskakyrkan.se\/vandravagen\/2013\/03\/11\/veckans-favorittweets-5\/#breadcrumb\",\"itemListElement\":[{\"@type\":\"ListItem\",\"position\":1,\"name\":\"Hem\",\"item\":\"https:\/\/blogg.svenskakyrkan.se\/vandravagen\/\"},{\"@type\":\"ListItem\",\"position\":2,\"name\":\"Veckans favorittweets!\"}]},{\"@type\":\"WebSite\",\"@id\":\"https:\/\/blogg.svenskakyrkan.se\/vandravagen\/#website\",\"url\":\"https:\/\/blogg.svenskakyrkan.se\/vandravagen\/\",\"name\":\"Vandra V\u00e4gen\",\"description\":\"-Mot en tro f\u00f6r hela livet\",\"publisher\":{\"@id\":\"https:\/\/blogg.svenskakyrkan.se\/vandravagen\/#organization\"},\"potentialAction\":[{\"@type\":\"SearchAction\",\"target\":{\"@type\":\"EntryPoint\",\"urlTemplate\":\"https:\/\/blogg.svenskakyrkan.se\/vandravagen\/?s={search_term_string}\"},\"query-input\":{\"@type\":\"PropertyValueSpecification\",\"valueRequired\":true,\"valueName\":\"search_term_string\"}}],\"inLanguage\":\"sv-SE\"},{\"@type\":\"Organization\",\"@id\":\"https:\/\/blogg.svenskakyrkan.se\/vandravagen\/#organization\",\"name\":\"ulricehamns pastorat\",\"alternateName\":\"ulricehamns pastorat\",\"url\":\"https:\/\/blogg.svenskakyrkan.se\/vandravagen\/\",\"logo\":{\"@type\":\"ImageObject\",\"inLanguage\":\"sv-SE\",\"@id\":\"https:\/\/blogg.svenskakyrkan.se\/vandravagen\/#\/schema\/logo\/image\/\",\"url\":\"https:\/\/blogg.svenskakyrkan.se\/vandravagen\/files\/2023\/05\/Ulr_logo_RGB.png\",\"contentUrl\":\"https:\/\/blogg.svenskakyrkan.se\/vandravagen\/files\/2023\/05\/Ulr_logo_RGB.png\",\"width\":205,\"height\":77,\"caption\":\"ulricehamns pastorat\"},\"image\":{\"@id\":\"https:\/\/blogg.svenskakyrkan.se\/vandravagen\/#\/schema\/logo\/image\/\"},\"sameAs\":[\"http:\/\/facebook.com\/vandravagen\",\"https:\/\/x.com\/fadertomas\",\"http:\/\/www.facebook.com\/svenskakyrkaniulricehamn\"]},{\"@type\":\"Person\",\"@id\":\"https:\/\/blogg.svenskakyrkan.se\/vandravagen\/#\/schema\/person\/25da02d4f76b137d04291711e2c9fc16\",\"name\":\"Tomas Jarvid\",\"image\":{\"@type\":\"ImageObject\",\"inLanguage\":\"sv-SE\",\"@id\":\"https:\/\/blogg.svenskakyrkan.se\/vandravagen\/#\/schema\/person\/image\/\",\"url\":\"https:\/\/secure.gravatar.com\/avatar\/7fa71899795e8f540f615a1f5ab25255dc27aa40f05ee7ddd21aac521e01bf50?s=96&d=identicon&r=g\",\"contentUrl\":\"https:\/\/secure.gravatar.com\/avatar\/7fa71899795e8f540f615a1f5ab25255dc27aa40f05ee7ddd21aac521e01bf50?s=96&d=identicon&r=g\",\"caption\":\"Tomas Jarvid\"},\"description\":\"Jag bor i Ulricehamn i V\u00e4sterg\u00f6tland och \u00e4r f\u00f6rsamlingspr\u00e4st i Svenska Kyrkan f\u00f6r Dalstorps f\u00f6rsamling i Kinds pastorat. P\u00e5 den h\u00e4r bloggen skriver jag ner tankar om vandringen som kristen.\",\"sameAs\":[\"http:\/\/www.vandravagen.se\"],\"url\":\"https:\/\/blogg.svenskakyrkan.se\/vandravagen\/author\/vandravagen\/\"}]}<\/script>\n<!-- \/ Yoast SEO plugin. -->","yoast_head_json":{"title":"Veckans favorittweets! - Vandra V\u00e4gen","robots":{"index":"index","follow":"follow","max-snippet":"max-snippet:-1","max-image-preview":"max-image-preview:large","max-video-preview":"max-video-preview:-1"},"canonical":"https:\/\/blogg.svenskakyrkan.se\/vandravagen\/2013\/03\/11\/veckans-favorittweets-5\/","og_locale":"sv_SE","og_type":"article","og_title":"Veckans favorittweets! - Vandra V\u00e4gen","og_description":"Visserligen \u00e4r det inte s\u00f6ndagskv\u00e4ll utan m\u00e5ndagsmorgon men vad kan v\u00e4l passa b\u00e4ttre \u00e4n veckans favorittweets f\u00f6r att knyta ihop det gamla och blicka mot det nya. H\u00e4r \u00e4r fromma, kloka och roliga. Tydligen har det varit en mindre klok och mera rolig vecka av n\u00e5gon anledning? De fromma: Och detta \u00e4r f\u00f6rst\u00e5s oerh\u00f6rt viktigt: [&hellip;]","og_url":"https:\/\/blogg.svenskakyrkan.se\/vandravagen\/2013\/03\/11\/veckans-favorittweets-5\/","og_site_name":"Vandra V\u00e4gen","article_publisher":"http:\/\/facebook.com\/vandravagen","article_published_time":"2013-03-11T09:01:00+00:00","og_image":[{"url":"http:\/\/1.bp.blogspot.com\/-fcNhege-p24\/UTzJL1X4rBI\/AAAAAAAACsk\/sZNYnhJtLrU\/s400\/a%CC%88ga.jpg","type":"","width":"","height":""}],"author":"Tomas Jarvid","twitter_card":"summary_large_image","twitter_creator":"@fadertomas","twitter_site":"@fadertomas","twitter_misc":{"Skriven av":"Tomas Jarvid","Ber\u00e4knad l\u00e4stid":"1 minut"},"schema":{"@context":"https:\/\/schema.org","@graph":[{"@type":"Article","@id":"https:\/\/blogg.svenskakyrkan.se\/vandravagen\/2013\/03\/11\/veckans-favorittweets-5\/#article","isPartOf":{"@id":"https:\/\/blogg.svenskakyrkan.se\/vandravagen\/2013\/03\/11\/veckans-favorittweets-5\/"},"author":{"name":"Tomas Jarvid","@id":"https:\/\/blogg.svenskakyrkan.se\/vandravagen\/#\/schema\/person\/25da02d4f76b137d04291711e2c9fc16"},"headline":"Veckans favorittweets!","datePublished":"2013-03-11T09:01:00+00:00","mainEntityOfPage":{"@id":"https:\/\/blogg.svenskakyrkan.se\/vandravagen\/2013\/03\/11\/veckans-favorittweets-5\/"},"wordCount":192,"commentCount":0,"publisher":{"@id":"https:\/\/blogg.svenskakyrkan.se\/vandravagen\/#organization"},"image":{"@id":"https:\/\/blogg.svenskakyrkan.se\/vandravagen\/2013\/03\/11\/veckans-favorittweets-5\/#primaryimage"},"thumbnailUrl":"http:\/\/1.bp.blogspot.com\/-fcNhege-p24\/UTzJL1X4rBI\/AAAAAAAACsk\/sZNYnhJtLrU\/s400\/a%CC%88ga.jpg","articleSection":["blandat"],"inLanguage":"sv-SE","potentialAction":[{"@type":"CommentAction","name":"Comment","target":["https:\/\/blogg.svenskakyrkan.se\/vandravagen\/2013\/03\/11\/veckans-favorittweets-5\/#respond"]}]},{"@type":"WebPage","@id":"https:\/\/blogg.svenskakyrkan.se\/vandravagen\/2013\/03\/11\/veckans-favorittweets-5\/","url":"https:\/\/blogg.svenskakyrkan.se\/vandravagen\/2013\/03\/11\/veckans-favorittweets-5\/","name":"Veckans favorittweets! - Vandra V\u00e4gen","isPartOf":{"@id":"https:\/\/blogg.svenskakyrkan.se\/vandravagen\/#website"},"primaryImageOfPage":{"@id":"https:\/\/blogg.svenskakyrkan.se\/vandravagen\/2013\/03\/11\/veckans-favorittweets-5\/#primaryimage"},"image":{"@id":"https:\/\/blogg.svenskakyrkan.se\/vandravagen\/2013\/03\/11\/veckans-favorittweets-5\/#primaryimage"},"thumbnailUrl":"http:\/\/1.bp.blogspot.com\/-fcNhege-p24\/UTzJL1X4rBI\/AAAAAAAACsk\/sZNYnhJtLrU\/s400\/a%CC%88ga.jpg","datePublished":"2013-03-11T09:01:00+00:00","breadcrumb":{"@id":"https:\/\/blogg.svenskakyrkan.se\/vandravagen\/2013\/03\/11\/veckans-favorittweets-5\/#breadcrumb"},"inLanguage":"sv-SE","potentialAction":[{"@type":"ReadAction","target":["https:\/\/blogg.svenskakyrkan.se\/vandravagen\/2013\/03\/11\/veckans-favorittweets-5\/"]}]},{"@type":"ImageObject","inLanguage":"sv-SE","@id":"https:\/\/blogg.svenskakyrkan.se\/vandravagen\/2013\/03\/11\/veckans-favorittweets-5\/#primaryimage","url":"http:\/\/1.bp.blogspot.com\/-fcNhege-p24\/UTzJL1X4rBI\/AAAAAAAACsk\/sZNYnhJtLrU\/s400\/a%CC%88ga.jpg","contentUrl":"http:\/\/1.bp.blogspot.com\/-fcNhege-p24\/UTzJL1X4rBI\/AAAAAAAACsk\/sZNYnhJtLrU\/s400\/a%CC%88ga.jpg"},{"@type":"BreadcrumbList","@id":"https:\/\/blogg.svenskakyrkan.se\/vandravagen\/2013\/03\/11\/veckans-favorittweets-5\/#breadcrumb","itemListElement":[{"@type":"ListItem","position":1,"name":"Hem","item":"https:\/\/blogg.svenskakyrkan.se\/vandravagen\/"},{"@type":"ListItem","position":2,"name":"Veckans favorittweets!"}]},{"@type":"WebSite","@id":"https:\/\/blogg.svenskakyrkan.se\/vandravagen\/#website","url":"https:\/\/blogg.svenskakyrkan.se\/vandravagen\/","name":"Vandra V\u00e4gen","description":"-Mot en tro f\u00f6r hela livet","publisher":{"@id":"https:\/\/blogg.svenskakyrkan.se\/vandravagen\/#organization"},"potentialAction":[{"@type":"SearchAction","target":{"@type":"EntryPoint","urlTemplate":"https:\/\/blogg.svenskakyrkan.se\/vandravagen\/?s={search_term_string}"},"query-input":{"@type":"PropertyValueSpecification","valueRequired":true,"valueName":"search_term_string"}}],"inLanguage":"sv-SE"},{"@type":"Organization","@id":"https:\/\/blogg.svenskakyrkan.se\/vandravagen\/#organization","name":"ulricehamns pastorat","alternateName":"ulricehamns pastorat","url":"https:\/\/blogg.svenskakyrkan.se\/vandravagen\/","logo":{"@type":"ImageObject","inLanguage":"sv-SE","@id":"https:\/\/blogg.svenskakyrkan.se\/vandravagen\/#\/schema\/logo\/image\/","url":"https:\/\/blogg.svenskakyrkan.se\/vandravagen\/files\/2023\/05\/Ulr_logo_RGB.png","contentUrl":"https:\/\/blogg.svenskakyrkan.se\/vandravagen\/files\/2023\/05\/Ulr_logo_RGB.png","width":205,"height":77,"caption":"ulricehamns pastorat"},"image":{"@id":"https:\/\/blogg.svenskakyrkan.se\/vandravagen\/#\/schema\/logo\/image\/"},"sameAs":["http:\/\/facebook.com\/vandravagen","https:\/\/x.com\/fadertomas","http:\/\/www.facebook.com\/svenskakyrkaniulricehamn"]},{"@type":"Person","@id":"https:\/\/blogg.svenskakyrkan.se\/vandravagen\/#\/schema\/person\/25da02d4f76b137d04291711e2c9fc16","name":"Tomas Jarvid","image":{"@type":"ImageObject","inLanguage":"sv-SE","@id":"https:\/\/blogg.svenskakyrkan.se\/vandravagen\/#\/schema\/person\/image\/","url":"https:\/\/secure.gravatar.com\/avatar\/7fa71899795e8f540f615a1f5ab25255dc27aa40f05ee7ddd21aac521e01bf50?s=96&d=identicon&r=g","contentUrl":"https:\/\/secure.gravatar.com\/avatar\/7fa71899795e8f540f615a1f5ab25255dc27aa40f05ee7ddd21aac521e01bf50?s=96&d=identicon&r=g","caption":"Tomas Jarvid"},"description":"Jag bor i Ulricehamn i V\u00e4sterg\u00f6tland och \u00e4r f\u00f6rsamlingspr\u00e4st i Svenska Kyrkan f\u00f6r Dalstorps f\u00f6rsamling i Kinds pastorat. P\u00e5 den h\u00e4r bloggen skriver jag ner tankar om vandringen som kristen.","sameAs":["http:\/\/www.vandravagen.se"],"url":"https:\/\/blogg.svenskakyrkan.se\/vandravagen\/author\/vandravagen\/"}]}},"author_meta":{"ID":"392","user_nicename":"vandravagen","user_url":"http:\/\/www.vandravagen.se","user_registered":"2014-05-19 05:44:52","display_name":"Tomas Jarvid","first_name":"Tomas","last_name":"Jarvid","avatar":"https:\/\/secure.gravatar.com\/avatar\/7fa71899795e8f540f615a1f5ab25255dc27aa40f05ee7ddd21aac521e01bf50?s=96&d=identicon&r=g"},"featured_image":false,"bloginfo":{"name":"Vandra V\u00e4gen","url":"https:\/\/blogg.svenskakyrkan.se\/vandravagen"},"_links":{"self":[{"href":"https:\/\/blogg.svenskakyrkan.se\/vandravagen\/wp-json\/wp\/v2\/posts\/671","targetHints":{"allow":["GET"]}}],"collection":[{"href":"https:\/\/blogg.svenskakyrkan.se\/vandravagen\/wp-json\/wp\/v2\/posts"}],"about":[{"href":"https:\/\/blogg.svenskakyrkan.se\/vandravagen\/wp-json\/wp\/v2\/types\/post"}],"author":[{"embeddable":true,"href":"https:\/\/blogg.svenskakyrkan.se\/vandravagen\/wp-json\/wp\/v2\/users\/392"}],"replies":[{"embeddable":true,"href":"https:\/\/blogg.svenskakyrkan.se\/vandravagen\/wp-json\/wp\/v2\/comments?post=671"}],"version-history":[{"count":0,"href":"https:\/\/blogg.svenskakyrkan.se\/vandravagen\/wp-json\/wp\/v2\/posts\/671\/revisions"}],"wp:attachment":[{"href":"https:\/\/blogg.svenskakyrkan.se\/vandravagen\/wp-json\/wp\/v2\/media?parent=671"}],"wp:term":[{"taxonomy":"category","embeddable":true,"href":"https:\/\/blogg.svenskakyrkan.se\/vandravagen\/wp-json\/wp\/v2\/categories?post=671"},{"taxonomy":"post_tag","embeddable":true,"href":"https:\/\/blogg.svenskakyrkan.se\/vandravagen\/wp-json\/wp\/v2\/tags?post=671"}],"curies":[{"name":"wp","href":"https:\/\/api.w.org\/{rel}","templated":true}]}}