{"id":674,"date":"2013-03-09T19:14:00","date_gmt":"2013-03-09T18:14:00","guid":{"rendered":"http:\/\/blogg.svenskakyrkan.se\/vandravagen\/2013\/03\/09\/vardagstro-the-god-of-the-mundane-av-matt-redmond\/"},"modified":"2013-03-09T19:14:00","modified_gmt":"2013-03-09T18:14:00","slug":"vardagstro-the-god-of-the-mundane-av-matt-redmond","status":"publish","type":"post","link":"https:\/\/blogg.svenskakyrkan.se\/vandravagen\/2013\/03\/09\/vardagstro-the-god-of-the-mundane-av-matt-redmond\/","title":{"rendered":"Vardagstro: The God of the mundane av Matt Redmond"},"content":{"rendered":"<p>Den \u00e5terkommande l\u00e4saren minns att jag f\u00e5tt uppdrag som bokrecensent. Genom de sociala medierna har jag ett bra tag f\u00f6ljt Matt Redmond. D\u00e5 jag b\u00f6rjade l\u00e4sa <a href=\"http:\/\/mattbredmond.com\/\">hans blogg<\/a> arbetade han som pastor men senare l\u00e4mnade han det jobbet f\u00f6r att ist\u00e4llet jobba p\u00e5 bank. Det beslutet h\u00e4ngde nog mycket ihop med m\u00f6jligheten att f\u00e5 ihop ekonomi och familjeliv, i vilket fall som helst bildar det en viktig bakgrund till hans bok. Jag har allts\u00e5 f\u00e5tt en bok (tv\u00e5 egentligen men mer om det senare) mot att jag skriver om den, bra deal f\u00f6r alla.<\/p>\n<p>F\u00f6r l\u00e4\u00e4\u00e4\u00e4\u00e4nge sedan, i bloggens sp\u00e4dbarnstid, skrev jag om hans tankar i en bloggpost jag kallade &#8221;<a href=\"http:\/\/vagenixp.blogspot.se\/2012\/02\/alla-dessa-dagar-som-kom-och-gick-det.html\">alla dessa dagar som kom och gick, det var vardagslivet<\/a>&#8221; och som jag tycker \u00e4r l\u00e4sv\u00e4rd \u00e4n.<\/p>\n<p>S\u00e5, till saken. Jag har allts\u00e5 l\u00e4st den h\u00e4r boken:<\/p>\n<div><a href=\"http:\/\/1.bp.blogspot.com\/-mr2tnaqT_Tw\/URFDiP-fqoI\/AAAAAAAACIQ\/lSDM4A2nBEQ\/s1600\/blogger-image--437749753.jpg\"><img loading=\"lazy\" decoding=\"async\" border=\"0\" height=\"298\" src=\"http:\/\/1.bp.blogspot.com\/-mr2tnaqT_Tw\/URFDiP-fqoI\/AAAAAAAACIQ\/lSDM4A2nBEQ\/s400\/blogger-image--437749753.jpg\" width=\"400\"><\/a><\/div>\n<div><\/div>\n<div>&#8221;The God of the Mundane&#8221; av Matthew B Redond.<\/div>\n<div><\/div>\n<div>B\u00e4st att b\u00f6rja med lite \u00f6vers\u00e4ttning. Mundane kan man \u00f6vers\u00e4tta med trivial, vardaglig eller kanske oansenlig. Finns det en Gud f\u00f6r det vardagsgr\u00e5?<\/div>\n<div><\/div>\n<div>Det m\u00e4rks visserligen att boken \u00e4r riktad till en ganska annorlunda kyrka \u00e4n jag \u00e4r van vid men det g\u00f6r inte s\u00e5 mycket. Det g\u00e5r bra att \u00f6vers\u00e4tta till v\u00e5ra sammanhang \u00e4nd\u00e5. N\u00e5gra megakyrkor och k\u00e4ndispastorer att tala om har vi inte p\u00e5 samma s\u00e4tt i Sverige, och i svenska kyrkan har jag inte h\u00f6rt m\u00e5nga predikningar som manar till att l\u00e4mna allt och bli mission\u00e4r (vilket tydligen Matt har).\u00a0<\/div>\n<div><\/div>\n<div>I en kultur som \u00e4lskar framg\u00e5ng \u00e4r det ofta s\u00e5 att kyrkorna h\u00e4nger p\u00e5. Man visar upp sina k\u00e4ndisar och de som gjort n\u00e5got spektakul\u00e4rt. Eftersom det mest \u00e4r pr\u00e4ster och pastorer som predikar blir det ocks\u00e5 deras perspektiv p\u00e5 v\u00e4rlden som h\u00f6rs mest. Andra kan k\u00e4nna sig tillplattade av upplevda krav p\u00e5 att leva mer h\u00e4ngivet och &#8221;andligt&#8221; \u00e4n de g\u00f6r. Problemet \u00e4r bara att de faktiskt har ett jobb att sk\u00f6ta och en familj att ta hand om. Ditt och mitt liv (jod\u00e5, fast jag \u00e4r pr\u00e4st) verkar ibland s\u00e5 otroligt l\u00e5ngt fr\u00e5n de idealbilder vi har av hur en kristen b\u00f6r vara och g\u00f6ra.<\/div>\n<div><\/div>\n<div>G\u00e5r det d\u00e5 att vara kristen &#8221;p\u00e5 riktigt&#8221; mitt i det vardagsgr\u00e5? N\u00e4r jobbet \u00e4r stressigt och tv\u00e4tten v\u00e4ntar? Jo, sj\u00e4lvklart g\u00f6r det det, och det \u00e4r ofta ett v\u00e4ldigt befriande budskap Matt kommer med. N\u00e4r Paulus skrev sina brev var det inte till en f\u00f6rsamling full av Paulusar, utan till en f\u00f6rsamling av vanliga m\u00e4nniskor. Sedan de blivit kristna stannade de flesta f\u00f6rmodligen kvar i sina yrken, hus, relationer och levde sina liv som kristna till sin d\u00f6d. Det skrevs inga b\u00f6cker om dem, de levde sina liv i stillhet samtidigt som allt var f\u00f6r\u00e4ndrat f\u00f6r dem.<\/div>\n<div><\/div>\n<div>F\u00f6r mig \u00e4r det oftast en jobbig tanke att leva obem\u00e4rkt. Mitt h\u00f6gmod g\u00e5r emot den p\u00e5 en g\u00e5ng. Jag vill helst vara en av de som utr\u00e4ttar n\u00e5got viktigt, som det talas om med respekt, som det kanske skrivs b\u00f6cker om en dag. Samtidigt vet jag att det f\u00f6rmodligen aldrig kommer att h\u00e4nda och att om det g\u00f6r det \u00e4r det egentligen inte s\u00e5 mycket v\u00e4rt, trots allt.\u00a0<\/div>\n<div><\/div>\n<div>Hur mycket vi \u00e4n l\u00e4ser Bibeln \u00e4r det l\u00e4tt att vi g\u00f6r det p\u00e5 fel s\u00e4tt, som att det \u00e4nd\u00e5 handlar om oss och vad vi ska g\u00f6ra.\u00a0<\/div>\n<div><\/div>\n<div>Vi m\u00e5ste b\u00f6rja l\u00e4sa Bibeln annorlunda. T\u00e4nka annorlunda om oss sj\u00e4lva. Sluta att ringakta de enkla sysslorna, \u00e4r Matts budskap. Den som lagar r\u00f6r eller t\u00e4nder, den som st\u00e4dar ett hus eller byter bl\u00f6jor p\u00e5 ett barn, de bidrar p\u00e5 sina s\u00e4tt till att h\u00e5lla ondskan i schack och g\u00f6ra v\u00e4rlden till en god plats att leva i. Varje syssla kan bli en kallelse om vi s\u00e4tter in den i Guds perspektiv. F\u00f6r Matt var det en f\u00f6r\u00f6dmjukande upplevelse att b\u00f6rja jobba p\u00e5 bank i mogen \u00e5lder. Han kunde inget om det och vantrivdes. Samtidigt uppt\u00e4ckte han att det gick att gl\u00e4dja och hj\u00e4lpa m\u00e4nniskor ocks\u00e5 d\u00e4r. Det gick att forts\u00e4tta leva kristenlivet \u00e4ven om man inte predikade mer \u00e4n med leenden mot de man m\u00f6tte.<\/div>\n<div><\/div>\n<div>Gud \u00e4lskar uppenbarligen den vardagsgr\u00e5. Han har skapat ocks\u00e5 vad vi ser som transportstr\u00e4ckor eller ogr\u00e4s. Han \u00e4lskar visst vanliga m\u00e4nniskor eftersom han gjort s\u00e5 m\u00e5nga. Det finns en stor tr\u00f6st i det!<\/div>\n<div><\/div>\n<div><\/div>\n<div><\/div>\n<div>&#8221;God of the Mundane&#8221; \u00e4r en nyttig bok f\u00f6r alla som arbetar p\u00e5 att leva sina kristna liv i vardagen. Speciellt f\u00f6r alla som k\u00e4nner sig illa till mods \u00f6ver att vardagen \u00e4r s\u00e5 l\u00e5ngt ifr\u00e5n idealen. Den \u00e4r ocks\u00e5 mycket nyttig f\u00f6r pr\u00e4ster och predikanter som beh\u00f6ver perspektiv p\u00e5 saker och ting.<\/div>\n<div><\/div>\n<div>Boken g\u00e5r att k\u00f6pa fr\u00e5n USA som fysisk bok eller som e-bok, du hittar den p\u00e5 f\u00f6rlaget: <a href=\"http:\/\/www.kalospress.org\/books\/books\/god-of-the-mundane-digital.html#.UTjsnqVF5aI\">Kalospress <\/a>Den \u00e4r inte s\u00e5 tjock s\u00e5 du orkar s\u00e4kert ge dig p\u00e5 den bara du orkat skaffa hem den.<\/div>\n","protected":false},"excerpt":{"rendered":"<p>Den \u00e5terkommande l\u00e4saren minns att jag f\u00e5tt uppdrag som bokrecensent. Genom de sociala medierna har jag ett bra tag f\u00f6ljt Matt Redmond. D\u00e5 jag b\u00f6rjade l\u00e4sa hans blogg arbetade han som pastor men senare l\u00e4mnade han det jobbet f\u00f6r att ist\u00e4llet jobba p\u00e5 bank. Det beslutet h\u00e4ngde nog mycket ihop med m\u00f6jligheten att f\u00e5 ihop [&hellip;]<\/p>\n","protected":false},"author":392,"featured_media":0,"comment_status":"open","ping_status":"open","sticky":false,"template":"","format":"standard","meta":{"_acf_changed":false,"footnotes":""},"categories":[8253,42374,117],"tags":[],"class_list":["post-674","post","type-post","status-publish","format-standard","hentry","category-bocker","category-boktips","category-teologi"],"acf":[],"yoast_head":"<!-- This site is optimized with the Yoast SEO plugin v27.1.1 - https:\/\/yoast.com\/product\/yoast-seo-wordpress\/ -->\n<title>Vardagstro: The God of the mundane av Matt Redmond - Vandra V\u00e4gen<\/title>\n<meta name=\"robots\" content=\"index, follow, max-snippet:-1, max-image-preview:large, max-video-preview:-1\" \/>\n<link rel=\"canonical\" href=\"https:\/\/blogg.svenskakyrkan.se\/vandravagen\/2013\/03\/09\/vardagstro-the-god-of-the-mundane-av-matt-redmond\/\" \/>\n<meta property=\"og:locale\" content=\"sv_SE\" \/>\n<meta property=\"og:type\" content=\"article\" \/>\n<meta property=\"og:title\" content=\"Vardagstro: The God of the mundane av Matt Redmond - Vandra V\u00e4gen\" \/>\n<meta property=\"og:description\" content=\"Den \u00e5terkommande l\u00e4saren minns att jag f\u00e5tt uppdrag som bokrecensent. Genom de sociala medierna har jag ett bra tag f\u00f6ljt Matt Redmond. D\u00e5 jag b\u00f6rjade l\u00e4sa hans blogg arbetade han som pastor men senare l\u00e4mnade han det jobbet f\u00f6r att ist\u00e4llet jobba p\u00e5 bank. Det beslutet h\u00e4ngde nog mycket ihop med m\u00f6jligheten att f\u00e5 ihop [&hellip;]\" \/>\n<meta property=\"og:url\" content=\"https:\/\/blogg.svenskakyrkan.se\/vandravagen\/2013\/03\/09\/vardagstro-the-god-of-the-mundane-av-matt-redmond\/\" \/>\n<meta property=\"og:site_name\" content=\"Vandra V\u00e4gen\" \/>\n<meta property=\"article:publisher\" content=\"http:\/\/facebook.com\/vandravagen\" \/>\n<meta property=\"article:published_time\" content=\"2013-03-09T18:14:00+00:00\" \/>\n<meta property=\"og:image\" content=\"http:\/\/1.bp.blogspot.com\/-mr2tnaqT_Tw\/URFDiP-fqoI\/AAAAAAAACIQ\/lSDM4A2nBEQ\/s400\/blogger-image--437749753.jpg\" \/>\n<meta name=\"author\" content=\"Tomas Jarvid\" \/>\n<meta name=\"twitter:card\" content=\"summary_large_image\" \/>\n<meta name=\"twitter:creator\" content=\"@fadertomas\" \/>\n<meta name=\"twitter:site\" content=\"@fadertomas\" \/>\n<meta name=\"twitter:label1\" content=\"Skriven av\" \/>\n\t<meta name=\"twitter:data1\" content=\"Tomas Jarvid\" \/>\n\t<meta name=\"twitter:label2\" content=\"Ber\u00e4knad l\u00e4stid\" \/>\n\t<meta name=\"twitter:data2\" content=\"5 minuter\" \/>\n<script type=\"application\/ld+json\" class=\"yoast-schema-graph\">{\"@context\":\"https:\/\/schema.org\",\"@graph\":[{\"@type\":\"Article\",\"@id\":\"https:\/\/blogg.svenskakyrkan.se\/vandravagen\/2013\/03\/09\/vardagstro-the-god-of-the-mundane-av-matt-redmond\/#article\",\"isPartOf\":{\"@id\":\"https:\/\/blogg.svenskakyrkan.se\/vandravagen\/2013\/03\/09\/vardagstro-the-god-of-the-mundane-av-matt-redmond\/\"},\"author\":{\"name\":\"Tomas Jarvid\",\"@id\":\"https:\/\/blogg.svenskakyrkan.se\/vandravagen\/#\/schema\/person\/25da02d4f76b137d04291711e2c9fc16\"},\"headline\":\"Vardagstro: The God of the mundane av Matt Redmond\",\"datePublished\":\"2013-03-09T18:14:00+00:00\",\"mainEntityOfPage\":{\"@id\":\"https:\/\/blogg.svenskakyrkan.se\/vandravagen\/2013\/03\/09\/vardagstro-the-god-of-the-mundane-av-matt-redmond\/\"},\"wordCount\":929,\"commentCount\":2,\"publisher\":{\"@id\":\"https:\/\/blogg.svenskakyrkan.se\/vandravagen\/#organization\"},\"image\":{\"@id\":\"https:\/\/blogg.svenskakyrkan.se\/vandravagen\/2013\/03\/09\/vardagstro-the-god-of-the-mundane-av-matt-redmond\/#primaryimage\"},\"thumbnailUrl\":\"http:\/\/1.bp.blogspot.com\/-mr2tnaqT_Tw\/URFDiP-fqoI\/AAAAAAAACIQ\/lSDM4A2nBEQ\/s400\/blogger-image--437749753.jpg\",\"articleSection\":[\"b\u00f6cker\",\"boktips\",\"Teologi\"],\"inLanguage\":\"sv-SE\",\"potentialAction\":[{\"@type\":\"CommentAction\",\"name\":\"Comment\",\"target\":[\"https:\/\/blogg.svenskakyrkan.se\/vandravagen\/2013\/03\/09\/vardagstro-the-god-of-the-mundane-av-matt-redmond\/#respond\"]}]},{\"@type\":\"WebPage\",\"@id\":\"https:\/\/blogg.svenskakyrkan.se\/vandravagen\/2013\/03\/09\/vardagstro-the-god-of-the-mundane-av-matt-redmond\/\",\"url\":\"https:\/\/blogg.svenskakyrkan.se\/vandravagen\/2013\/03\/09\/vardagstro-the-god-of-the-mundane-av-matt-redmond\/\",\"name\":\"Vardagstro: The God of the mundane av Matt Redmond - Vandra V\u00e4gen\",\"isPartOf\":{\"@id\":\"https:\/\/blogg.svenskakyrkan.se\/vandravagen\/#website\"},\"primaryImageOfPage\":{\"@id\":\"https:\/\/blogg.svenskakyrkan.se\/vandravagen\/2013\/03\/09\/vardagstro-the-god-of-the-mundane-av-matt-redmond\/#primaryimage\"},\"image\":{\"@id\":\"https:\/\/blogg.svenskakyrkan.se\/vandravagen\/2013\/03\/09\/vardagstro-the-god-of-the-mundane-av-matt-redmond\/#primaryimage\"},\"thumbnailUrl\":\"http:\/\/1.bp.blogspot.com\/-mr2tnaqT_Tw\/URFDiP-fqoI\/AAAAAAAACIQ\/lSDM4A2nBEQ\/s400\/blogger-image--437749753.jpg\",\"datePublished\":\"2013-03-09T18:14:00+00:00\",\"breadcrumb\":{\"@id\":\"https:\/\/blogg.svenskakyrkan.se\/vandravagen\/2013\/03\/09\/vardagstro-the-god-of-the-mundane-av-matt-redmond\/#breadcrumb\"},\"inLanguage\":\"sv-SE\",\"potentialAction\":[{\"@type\":\"ReadAction\",\"target\":[\"https:\/\/blogg.svenskakyrkan.se\/vandravagen\/2013\/03\/09\/vardagstro-the-god-of-the-mundane-av-matt-redmond\/\"]}]},{\"@type\":\"ImageObject\",\"inLanguage\":\"sv-SE\",\"@id\":\"https:\/\/blogg.svenskakyrkan.se\/vandravagen\/2013\/03\/09\/vardagstro-the-god-of-the-mundane-av-matt-redmond\/#primaryimage\",\"url\":\"http:\/\/1.bp.blogspot.com\/-mr2tnaqT_Tw\/URFDiP-fqoI\/AAAAAAAACIQ\/lSDM4A2nBEQ\/s400\/blogger-image--437749753.jpg\",\"contentUrl\":\"http:\/\/1.bp.blogspot.com\/-mr2tnaqT_Tw\/URFDiP-fqoI\/AAAAAAAACIQ\/lSDM4A2nBEQ\/s400\/blogger-image--437749753.jpg\"},{\"@type\":\"BreadcrumbList\",\"@id\":\"https:\/\/blogg.svenskakyrkan.se\/vandravagen\/2013\/03\/09\/vardagstro-the-god-of-the-mundane-av-matt-redmond\/#breadcrumb\",\"itemListElement\":[{\"@type\":\"ListItem\",\"position\":1,\"name\":\"Hem\",\"item\":\"https:\/\/blogg.svenskakyrkan.se\/vandravagen\/\"},{\"@type\":\"ListItem\",\"position\":2,\"name\":\"Vardagstro: The God of the mundane av Matt Redmond\"}]},{\"@type\":\"WebSite\",\"@id\":\"https:\/\/blogg.svenskakyrkan.se\/vandravagen\/#website\",\"url\":\"https:\/\/blogg.svenskakyrkan.se\/vandravagen\/\",\"name\":\"Vandra V\u00e4gen\",\"description\":\"-Mot en tro f\u00f6r hela livet\",\"publisher\":{\"@id\":\"https:\/\/blogg.svenskakyrkan.se\/vandravagen\/#organization\"},\"potentialAction\":[{\"@type\":\"SearchAction\",\"target\":{\"@type\":\"EntryPoint\",\"urlTemplate\":\"https:\/\/blogg.svenskakyrkan.se\/vandravagen\/?s={search_term_string}\"},\"query-input\":{\"@type\":\"PropertyValueSpecification\",\"valueRequired\":true,\"valueName\":\"search_term_string\"}}],\"inLanguage\":\"sv-SE\"},{\"@type\":\"Organization\",\"@id\":\"https:\/\/blogg.svenskakyrkan.se\/vandravagen\/#organization\",\"name\":\"ulricehamns pastorat\",\"alternateName\":\"ulricehamns pastorat\",\"url\":\"https:\/\/blogg.svenskakyrkan.se\/vandravagen\/\",\"logo\":{\"@type\":\"ImageObject\",\"inLanguage\":\"sv-SE\",\"@id\":\"https:\/\/blogg.svenskakyrkan.se\/vandravagen\/#\/schema\/logo\/image\/\",\"url\":\"https:\/\/blogg.svenskakyrkan.se\/vandravagen\/files\/2023\/05\/Ulr_logo_RGB.png\",\"contentUrl\":\"https:\/\/blogg.svenskakyrkan.se\/vandravagen\/files\/2023\/05\/Ulr_logo_RGB.png\",\"width\":205,\"height\":77,\"caption\":\"ulricehamns pastorat\"},\"image\":{\"@id\":\"https:\/\/blogg.svenskakyrkan.se\/vandravagen\/#\/schema\/logo\/image\/\"},\"sameAs\":[\"http:\/\/facebook.com\/vandravagen\",\"https:\/\/x.com\/fadertomas\",\"http:\/\/www.facebook.com\/svenskakyrkaniulricehamn\"]},{\"@type\":\"Person\",\"@id\":\"https:\/\/blogg.svenskakyrkan.se\/vandravagen\/#\/schema\/person\/25da02d4f76b137d04291711e2c9fc16\",\"name\":\"Tomas Jarvid\",\"image\":{\"@type\":\"ImageObject\",\"inLanguage\":\"sv-SE\",\"@id\":\"https:\/\/blogg.svenskakyrkan.se\/vandravagen\/#\/schema\/person\/image\/\",\"url\":\"https:\/\/secure.gravatar.com\/avatar\/7fa71899795e8f540f615a1f5ab25255dc27aa40f05ee7ddd21aac521e01bf50?s=96&d=identicon&r=g\",\"contentUrl\":\"https:\/\/secure.gravatar.com\/avatar\/7fa71899795e8f540f615a1f5ab25255dc27aa40f05ee7ddd21aac521e01bf50?s=96&d=identicon&r=g\",\"caption\":\"Tomas Jarvid\"},\"description\":\"Jag bor i Ulricehamn i V\u00e4sterg\u00f6tland och \u00e4r f\u00f6rsamlingspr\u00e4st i Svenska Kyrkan f\u00f6r Dalstorps f\u00f6rsamling i Kinds pastorat. P\u00e5 den h\u00e4r bloggen skriver jag ner tankar om vandringen som kristen.\",\"sameAs\":[\"http:\/\/www.vandravagen.se\"],\"url\":\"https:\/\/blogg.svenskakyrkan.se\/vandravagen\/author\/vandravagen\/\"}]}<\/script>\n<!-- \/ Yoast SEO plugin. -->","yoast_head_json":{"title":"Vardagstro: The God of the mundane av Matt Redmond - Vandra V\u00e4gen","robots":{"index":"index","follow":"follow","max-snippet":"max-snippet:-1","max-image-preview":"max-image-preview:large","max-video-preview":"max-video-preview:-1"},"canonical":"https:\/\/blogg.svenskakyrkan.se\/vandravagen\/2013\/03\/09\/vardagstro-the-god-of-the-mundane-av-matt-redmond\/","og_locale":"sv_SE","og_type":"article","og_title":"Vardagstro: The God of the mundane av Matt Redmond - Vandra V\u00e4gen","og_description":"Den \u00e5terkommande l\u00e4saren minns att jag f\u00e5tt uppdrag som bokrecensent. Genom de sociala medierna har jag ett bra tag f\u00f6ljt Matt Redmond. D\u00e5 jag b\u00f6rjade l\u00e4sa hans blogg arbetade han som pastor men senare l\u00e4mnade han det jobbet f\u00f6r att ist\u00e4llet jobba p\u00e5 bank. Det beslutet h\u00e4ngde nog mycket ihop med m\u00f6jligheten att f\u00e5 ihop [&hellip;]","og_url":"https:\/\/blogg.svenskakyrkan.se\/vandravagen\/2013\/03\/09\/vardagstro-the-god-of-the-mundane-av-matt-redmond\/","og_site_name":"Vandra V\u00e4gen","article_publisher":"http:\/\/facebook.com\/vandravagen","article_published_time":"2013-03-09T18:14:00+00:00","og_image":[{"url":"http:\/\/1.bp.blogspot.com\/-mr2tnaqT_Tw\/URFDiP-fqoI\/AAAAAAAACIQ\/lSDM4A2nBEQ\/s400\/blogger-image--437749753.jpg","type":"","width":"","height":""}],"author":"Tomas Jarvid","twitter_card":"summary_large_image","twitter_creator":"@fadertomas","twitter_site":"@fadertomas","twitter_misc":{"Skriven av":"Tomas Jarvid","Ber\u00e4knad l\u00e4stid":"5 minuter"},"schema":{"@context":"https:\/\/schema.org","@graph":[{"@type":"Article","@id":"https:\/\/blogg.svenskakyrkan.se\/vandravagen\/2013\/03\/09\/vardagstro-the-god-of-the-mundane-av-matt-redmond\/#article","isPartOf":{"@id":"https:\/\/blogg.svenskakyrkan.se\/vandravagen\/2013\/03\/09\/vardagstro-the-god-of-the-mundane-av-matt-redmond\/"},"author":{"name":"Tomas Jarvid","@id":"https:\/\/blogg.svenskakyrkan.se\/vandravagen\/#\/schema\/person\/25da02d4f76b137d04291711e2c9fc16"},"headline":"Vardagstro: The God of the mundane av Matt Redmond","datePublished":"2013-03-09T18:14:00+00:00","mainEntityOfPage":{"@id":"https:\/\/blogg.svenskakyrkan.se\/vandravagen\/2013\/03\/09\/vardagstro-the-god-of-the-mundane-av-matt-redmond\/"},"wordCount":929,"commentCount":2,"publisher":{"@id":"https:\/\/blogg.svenskakyrkan.se\/vandravagen\/#organization"},"image":{"@id":"https:\/\/blogg.svenskakyrkan.se\/vandravagen\/2013\/03\/09\/vardagstro-the-god-of-the-mundane-av-matt-redmond\/#primaryimage"},"thumbnailUrl":"http:\/\/1.bp.blogspot.com\/-mr2tnaqT_Tw\/URFDiP-fqoI\/AAAAAAAACIQ\/lSDM4A2nBEQ\/s400\/blogger-image--437749753.jpg","articleSection":["b\u00f6cker","boktips","Teologi"],"inLanguage":"sv-SE","potentialAction":[{"@type":"CommentAction","name":"Comment","target":["https:\/\/blogg.svenskakyrkan.se\/vandravagen\/2013\/03\/09\/vardagstro-the-god-of-the-mundane-av-matt-redmond\/#respond"]}]},{"@type":"WebPage","@id":"https:\/\/blogg.svenskakyrkan.se\/vandravagen\/2013\/03\/09\/vardagstro-the-god-of-the-mundane-av-matt-redmond\/","url":"https:\/\/blogg.svenskakyrkan.se\/vandravagen\/2013\/03\/09\/vardagstro-the-god-of-the-mundane-av-matt-redmond\/","name":"Vardagstro: The God of the mundane av Matt Redmond - Vandra V\u00e4gen","isPartOf":{"@id":"https:\/\/blogg.svenskakyrkan.se\/vandravagen\/#website"},"primaryImageOfPage":{"@id":"https:\/\/blogg.svenskakyrkan.se\/vandravagen\/2013\/03\/09\/vardagstro-the-god-of-the-mundane-av-matt-redmond\/#primaryimage"},"image":{"@id":"https:\/\/blogg.svenskakyrkan.se\/vandravagen\/2013\/03\/09\/vardagstro-the-god-of-the-mundane-av-matt-redmond\/#primaryimage"},"thumbnailUrl":"http:\/\/1.bp.blogspot.com\/-mr2tnaqT_Tw\/URFDiP-fqoI\/AAAAAAAACIQ\/lSDM4A2nBEQ\/s400\/blogger-image--437749753.jpg","datePublished":"2013-03-09T18:14:00+00:00","breadcrumb":{"@id":"https:\/\/blogg.svenskakyrkan.se\/vandravagen\/2013\/03\/09\/vardagstro-the-god-of-the-mundane-av-matt-redmond\/#breadcrumb"},"inLanguage":"sv-SE","potentialAction":[{"@type":"ReadAction","target":["https:\/\/blogg.svenskakyrkan.se\/vandravagen\/2013\/03\/09\/vardagstro-the-god-of-the-mundane-av-matt-redmond\/"]}]},{"@type":"ImageObject","inLanguage":"sv-SE","@id":"https:\/\/blogg.svenskakyrkan.se\/vandravagen\/2013\/03\/09\/vardagstro-the-god-of-the-mundane-av-matt-redmond\/#primaryimage","url":"http:\/\/1.bp.blogspot.com\/-mr2tnaqT_Tw\/URFDiP-fqoI\/AAAAAAAACIQ\/lSDM4A2nBEQ\/s400\/blogger-image--437749753.jpg","contentUrl":"http:\/\/1.bp.blogspot.com\/-mr2tnaqT_Tw\/URFDiP-fqoI\/AAAAAAAACIQ\/lSDM4A2nBEQ\/s400\/blogger-image--437749753.jpg"},{"@type":"BreadcrumbList","@id":"https:\/\/blogg.svenskakyrkan.se\/vandravagen\/2013\/03\/09\/vardagstro-the-god-of-the-mundane-av-matt-redmond\/#breadcrumb","itemListElement":[{"@type":"ListItem","position":1,"name":"Hem","item":"https:\/\/blogg.svenskakyrkan.se\/vandravagen\/"},{"@type":"ListItem","position":2,"name":"Vardagstro: The God of the mundane av Matt Redmond"}]},{"@type":"WebSite","@id":"https:\/\/blogg.svenskakyrkan.se\/vandravagen\/#website","url":"https:\/\/blogg.svenskakyrkan.se\/vandravagen\/","name":"Vandra V\u00e4gen","description":"-Mot en tro f\u00f6r hela livet","publisher":{"@id":"https:\/\/blogg.svenskakyrkan.se\/vandravagen\/#organization"},"potentialAction":[{"@type":"SearchAction","target":{"@type":"EntryPoint","urlTemplate":"https:\/\/blogg.svenskakyrkan.se\/vandravagen\/?s={search_term_string}"},"query-input":{"@type":"PropertyValueSpecification","valueRequired":true,"valueName":"search_term_string"}}],"inLanguage":"sv-SE"},{"@type":"Organization","@id":"https:\/\/blogg.svenskakyrkan.se\/vandravagen\/#organization","name":"ulricehamns pastorat","alternateName":"ulricehamns pastorat","url":"https:\/\/blogg.svenskakyrkan.se\/vandravagen\/","logo":{"@type":"ImageObject","inLanguage":"sv-SE","@id":"https:\/\/blogg.svenskakyrkan.se\/vandravagen\/#\/schema\/logo\/image\/","url":"https:\/\/blogg.svenskakyrkan.se\/vandravagen\/files\/2023\/05\/Ulr_logo_RGB.png","contentUrl":"https:\/\/blogg.svenskakyrkan.se\/vandravagen\/files\/2023\/05\/Ulr_logo_RGB.png","width":205,"height":77,"caption":"ulricehamns pastorat"},"image":{"@id":"https:\/\/blogg.svenskakyrkan.se\/vandravagen\/#\/schema\/logo\/image\/"},"sameAs":["http:\/\/facebook.com\/vandravagen","https:\/\/x.com\/fadertomas","http:\/\/www.facebook.com\/svenskakyrkaniulricehamn"]},{"@type":"Person","@id":"https:\/\/blogg.svenskakyrkan.se\/vandravagen\/#\/schema\/person\/25da02d4f76b137d04291711e2c9fc16","name":"Tomas Jarvid","image":{"@type":"ImageObject","inLanguage":"sv-SE","@id":"https:\/\/blogg.svenskakyrkan.se\/vandravagen\/#\/schema\/person\/image\/","url":"https:\/\/secure.gravatar.com\/avatar\/7fa71899795e8f540f615a1f5ab25255dc27aa40f05ee7ddd21aac521e01bf50?s=96&d=identicon&r=g","contentUrl":"https:\/\/secure.gravatar.com\/avatar\/7fa71899795e8f540f615a1f5ab25255dc27aa40f05ee7ddd21aac521e01bf50?s=96&d=identicon&r=g","caption":"Tomas Jarvid"},"description":"Jag bor i Ulricehamn i V\u00e4sterg\u00f6tland och \u00e4r f\u00f6rsamlingspr\u00e4st i Svenska Kyrkan f\u00f6r Dalstorps f\u00f6rsamling i Kinds pastorat. P\u00e5 den h\u00e4r bloggen skriver jag ner tankar om vandringen som kristen.","sameAs":["http:\/\/www.vandravagen.se"],"url":"https:\/\/blogg.svenskakyrkan.se\/vandravagen\/author\/vandravagen\/"}]}},"author_meta":{"ID":"392","user_nicename":"vandravagen","user_url":"http:\/\/www.vandravagen.se","user_registered":"2014-05-19 05:44:52","display_name":"Tomas Jarvid","first_name":"Tomas","last_name":"Jarvid","avatar":"https:\/\/secure.gravatar.com\/avatar\/7fa71899795e8f540f615a1f5ab25255dc27aa40f05ee7ddd21aac521e01bf50?s=96&d=identicon&r=g"},"featured_image":false,"bloginfo":{"name":"Vandra V\u00e4gen","url":"https:\/\/blogg.svenskakyrkan.se\/vandravagen"},"_links":{"self":[{"href":"https:\/\/blogg.svenskakyrkan.se\/vandravagen\/wp-json\/wp\/v2\/posts\/674","targetHints":{"allow":["GET"]}}],"collection":[{"href":"https:\/\/blogg.svenskakyrkan.se\/vandravagen\/wp-json\/wp\/v2\/posts"}],"about":[{"href":"https:\/\/blogg.svenskakyrkan.se\/vandravagen\/wp-json\/wp\/v2\/types\/post"}],"author":[{"embeddable":true,"href":"https:\/\/blogg.svenskakyrkan.se\/vandravagen\/wp-json\/wp\/v2\/users\/392"}],"replies":[{"embeddable":true,"href":"https:\/\/blogg.svenskakyrkan.se\/vandravagen\/wp-json\/wp\/v2\/comments?post=674"}],"version-history":[{"count":0,"href":"https:\/\/blogg.svenskakyrkan.se\/vandravagen\/wp-json\/wp\/v2\/posts\/674\/revisions"}],"wp:attachment":[{"href":"https:\/\/blogg.svenskakyrkan.se\/vandravagen\/wp-json\/wp\/v2\/media?parent=674"}],"wp:term":[{"taxonomy":"category","embeddable":true,"href":"https:\/\/blogg.svenskakyrkan.se\/vandravagen\/wp-json\/wp\/v2\/categories?post=674"},{"taxonomy":"post_tag","embeddable":true,"href":"https:\/\/blogg.svenskakyrkan.se\/vandravagen\/wp-json\/wp\/v2\/tags?post=674"}],"curies":[{"name":"wp","href":"https:\/\/api.w.org\/{rel}","templated":true}]}}