{"id":675,"date":"2013-03-09T08:53:00","date_gmt":"2013-03-09T07:53:00","guid":{"rendered":"http:\/\/blogg.svenskakyrkan.se\/vandravagen\/2013\/03\/09\/varfor-finns-praster\/"},"modified":"2013-03-09T08:53:00","modified_gmt":"2013-03-09T07:53:00","slug":"varfor-finns-praster","status":"publish","type":"post","link":"https:\/\/blogg.svenskakyrkan.se\/vandravagen\/2013\/03\/09\/varfor-finns-praster\/","title":{"rendered":"Varf\u00f6r finns pr\u00e4ster?"},"content":{"rendered":"<table align=\"center\" cellpadding=\"0\" cellspacing=\"0\">\n<tbody>\n<tr>\n<td><a href=\"http:\/\/www.nad.riksarkivet.se\/sbl\/bilder\/18387_7_003_00000030_2.jpg\"><img loading=\"lazy\" decoding=\"async\" border=\"0\" height=\"400\" src=\"http:\/\/www.nad.riksarkivet.se\/sbl\/bilder\/18387_7_003_00000030_2.jpg\" width=\"276\"><\/a><\/td>\n<\/tr>\n<tr>\n<td>K\u00e4lla Riksarkivet<\/td>\n<\/tr>\n<\/tbody>\n<\/table>\n<p>Det \u00e4r en bra fr\u00e5ga det! Det finns s\u00e5 m\u00e5nga bra fr\u00e5gor som man aldrig st\u00e4ller f\u00f6r att man p\u00e5 n\u00e5got s\u00e4tt k\u00e4nner p\u00e5 sig att man borde veta svaret. Det \u00e4r dumt att g\u00f6ra s\u00e5 f\u00f6rst\u00e5s, och det d\u00e4r med varf\u00f6r pr\u00e4ster finns \u00e4r inte helt sj\u00e4lvklart (eller?). H\u00e4r \u00e4r i alla fall mitt (f\u00f6rmodligen v\u00e4ldigt lutherska) svar (f\u00f6rmodligen v\u00e4ldigt lutherskt). Det \u00e4r inte s\u00e5 utt\u00f6mmande eller fullst\u00e4ndigt men det \u00e4r \u00e4nd\u00e5 en tanke jag g\u00e5r med. Allts\u00e5:<\/p>\n<p>M\u00e4nniskan befinner sig i en jobbig situation. Vi \u00e4r inkr\u00f6kta i oss sj\u00e4lva och skilda fr\u00e5n varandra. Vi \u00e4r misst\u00e4nksamma mot Gud och tror att om han finns s\u00e5 \u00e4r han s\u00e4kert mest sur p\u00e5 oss. Vi bygger st\u00e4ndigt p\u00e5 v\u00e5ra egna f\u00e4ngelser.<\/p>\n<p>Gud har tagit initiativ till att r\u00e4dda oss m\u00e4nniskor tillsammans med hela sin skapelse. Han har s\u00e4nt sin son till jorden, besegrat ondska och d\u00f6d p\u00e5 korset och visat oss vem Gud verkligen \u00e4r, den K\u00e4rleksfulle.<\/p>\n<p>F\u00f6r att vi som n\u00e5tts av detta gl\u00e4djebud inte ska falla tillbaka i el\u00e4ndet igen \u00e4r det viktigt att vi bevarar det vi f\u00e5tt och forts\u00e4tter att utforska vad detta evangelium betyder.<\/p>\n<p>P\u00e5 det s\u00e4ttet uppstod Kyrkan, vilket betyder &#8221;de som tillh\u00f6r Herren&#8221;. De har \u00e4ven f\u00e5tt en uppgift, att k\u00e4mpa emot syndens krafter i sina liv och i sin omv\u00e4rld med Guds hj\u00e4lp. Och ber\u00e4tta om vad de vet om Gud.<\/p>\n<p>Den uppgiften har egentligen alla kristna utifr\u00e5n sina olika platser i livet och personliga egenskaper, det betyder att egentligen \u00e4r det s\u00e5 att<\/p>\n<p>Alla kristna \u00e4r pr\u00e4ster. Alla kristna \u00e4r kallade.<\/p>\n<p>Varje d\u00f6pt st\u00e5r Gud lika n\u00e4ra och beh\u00f6ver inga mellanh\u00e4nder f\u00f6r att kontakta Gud. Vi kan alla be. Vi har alla befogenhet att vara ambassad\u00f6rer f\u00f6r Guds rike h\u00e4r p\u00e5 jorden.<\/p>\n<p>MEN<\/p>\n<p>Det kan ibland vara s\u00e5 att om <i>alla<\/i> har en uppgift blir det som att <i>ingen<\/i> har den. Barnen i de rum\u00e4nska barnhemmen var s\u00e4kert i teorin hela folkets barn men i praktiken blev de r\u00e4tt bortgl\u00f6mda. D\u00e4rf\u00f6r kan det ofta vara en bra id\u00e9 att utse n\u00e5gra f\u00f6r att representera helheten och se till att s\u00e4kra att viktiga uppgifter blir utf\u00f6rda v\u00e4l.<\/p>\n<p>D\u00e4r kommer de vigda pr\u00e4sterna in. De \u00e4r personer som har satt sig in grundligt i teologi och gudstj\u00e4nstfirande s\u00e5 att det kommer helheten till del. Det \u00e4r dock inte meningen att pr\u00e4ster ska g\u00f6ra allt och passivisera andra, eller hantera sin uppgift som en maktposition att dra nytta av f\u00f6r egen del. Man ska heller inte uppfatta det h\u00e4r som rent byr\u00e5kratiskt ordnat. Det \u00e4r Gud som kallar ocks\u00e5 vigda pr\u00e4ster.<\/p>\n<p>Men huvudpo\u00e4ngen med pr\u00e4ster \u00e4r att f\u00f6r att vi alla hela tiden ska f\u00e5 h\u00e4mta ny kraft ur evangeliet och gudstj\u00e4nsten s\u00e5 beh\u00f6ver n\u00e5gon ha hand om det. Det \u00e4r inte det enda s\u00e4ttet att leva ett kristet liv men det \u00e4r ett av dem.<\/p>\n<p>Fr\u00e5n ortodoxt h\u00e5ll har jag f\u00e5tt ett citat som jag g\u00e4rna b\u00e4r med mig i mitt eget arbete som pr\u00e4st.<\/p>\n<p>&#8221;Pr\u00e4stens roll \u00e4r att vara den v\u00e4lsignande handen&#8221;<\/p><\/p>\n","protected":false},"excerpt":{"rendered":"<p>K\u00e4lla Riksarkivet Det \u00e4r en bra fr\u00e5ga det! Det finns s\u00e5 m\u00e5nga bra fr\u00e5gor som man aldrig st\u00e4ller f\u00f6r att man p\u00e5 n\u00e5got s\u00e4tt k\u00e4nner p\u00e5 sig att man borde veta svaret. Det \u00e4r dumt att g\u00f6ra s\u00e5 f\u00f6rst\u00e5s, och det d\u00e4r med varf\u00f6r pr\u00e4ster finns \u00e4r inte helt sj\u00e4lvklart (eller?). H\u00e4r \u00e4r i alla [&hellip;]<\/p>\n","protected":false},"author":392,"featured_media":0,"comment_status":"open","ping_status":"open","sticky":false,"template":"","format":"standard","meta":{"_acf_changed":false,"footnotes":""},"categories":[33574,117],"tags":[],"class_list":["post-675","post","type-post","status-publish","format-standard","hentry","category-kyrkan","category-teologi"],"acf":[],"yoast_head":"<!-- This site is optimized with the Yoast SEO plugin v27.1.1 - https:\/\/yoast.com\/product\/yoast-seo-wordpress\/ -->\n<title>Varf\u00f6r finns pr\u00e4ster? - Vandra V\u00e4gen<\/title>\n<meta name=\"robots\" content=\"index, follow, max-snippet:-1, max-image-preview:large, max-video-preview:-1\" \/>\n<link rel=\"canonical\" href=\"https:\/\/blogg.svenskakyrkan.se\/vandravagen\/2013\/03\/09\/varfor-finns-praster\/\" \/>\n<meta property=\"og:locale\" content=\"sv_SE\" \/>\n<meta property=\"og:type\" content=\"article\" \/>\n<meta property=\"og:title\" content=\"Varf\u00f6r finns pr\u00e4ster? - Vandra V\u00e4gen\" \/>\n<meta property=\"og:description\" content=\"K\u00e4lla Riksarkivet Det \u00e4r en bra fr\u00e5ga det! Det finns s\u00e5 m\u00e5nga bra fr\u00e5gor som man aldrig st\u00e4ller f\u00f6r att man p\u00e5 n\u00e5got s\u00e4tt k\u00e4nner p\u00e5 sig att man borde veta svaret. Det \u00e4r dumt att g\u00f6ra s\u00e5 f\u00f6rst\u00e5s, och det d\u00e4r med varf\u00f6r pr\u00e4ster finns \u00e4r inte helt sj\u00e4lvklart (eller?). H\u00e4r \u00e4r i alla [&hellip;]\" \/>\n<meta property=\"og:url\" content=\"https:\/\/blogg.svenskakyrkan.se\/vandravagen\/2013\/03\/09\/varfor-finns-praster\/\" \/>\n<meta property=\"og:site_name\" content=\"Vandra V\u00e4gen\" \/>\n<meta property=\"article:publisher\" content=\"http:\/\/facebook.com\/vandravagen\" \/>\n<meta property=\"article:published_time\" content=\"2013-03-09T07:53:00+00:00\" \/>\n<meta property=\"og:image\" content=\"http:\/\/www.nad.riksarkivet.se\/sbl\/bilder\/18387_7_003_00000030_2.jpg\" \/>\n<meta name=\"author\" content=\"Tomas Jarvid\" \/>\n<meta name=\"twitter:card\" content=\"summary_large_image\" \/>\n<meta name=\"twitter:creator\" content=\"@fadertomas\" \/>\n<meta name=\"twitter:site\" content=\"@fadertomas\" \/>\n<meta name=\"twitter:label1\" content=\"Skriven av\" \/>\n\t<meta name=\"twitter:data1\" content=\"Tomas Jarvid\" \/>\n\t<meta name=\"twitter:label2\" content=\"Ber\u00e4knad l\u00e4stid\" \/>\n\t<meta name=\"twitter:data2\" content=\"3 minuter\" \/>\n<script type=\"application\/ld+json\" class=\"yoast-schema-graph\">{\"@context\":\"https:\/\/schema.org\",\"@graph\":[{\"@type\":\"Article\",\"@id\":\"https:\/\/blogg.svenskakyrkan.se\/vandravagen\/2013\/03\/09\/varfor-finns-praster\/#article\",\"isPartOf\":{\"@id\":\"https:\/\/blogg.svenskakyrkan.se\/vandravagen\/2013\/03\/09\/varfor-finns-praster\/\"},\"author\":{\"name\":\"Tomas Jarvid\",\"@id\":\"https:\/\/blogg.svenskakyrkan.se\/vandravagen\/#\/schema\/person\/25da02d4f76b137d04291711e2c9fc16\"},\"headline\":\"Varf\u00f6r finns pr\u00e4ster?\",\"datePublished\":\"2013-03-09T07:53:00+00:00\",\"mainEntityOfPage\":{\"@id\":\"https:\/\/blogg.svenskakyrkan.se\/vandravagen\/2013\/03\/09\/varfor-finns-praster\/\"},\"wordCount\":606,\"commentCount\":0,\"publisher\":{\"@id\":\"https:\/\/blogg.svenskakyrkan.se\/vandravagen\/#organization\"},\"image\":{\"@id\":\"https:\/\/blogg.svenskakyrkan.se\/vandravagen\/2013\/03\/09\/varfor-finns-praster\/#primaryimage\"},\"thumbnailUrl\":\"http:\/\/www.nad.riksarkivet.se\/sbl\/bilder\/18387_7_003_00000030_2.jpg\",\"articleSection\":[\"kyrkan\",\"Teologi\"],\"inLanguage\":\"sv-SE\",\"potentialAction\":[{\"@type\":\"CommentAction\",\"name\":\"Comment\",\"target\":[\"https:\/\/blogg.svenskakyrkan.se\/vandravagen\/2013\/03\/09\/varfor-finns-praster\/#respond\"]}]},{\"@type\":\"WebPage\",\"@id\":\"https:\/\/blogg.svenskakyrkan.se\/vandravagen\/2013\/03\/09\/varfor-finns-praster\/\",\"url\":\"https:\/\/blogg.svenskakyrkan.se\/vandravagen\/2013\/03\/09\/varfor-finns-praster\/\",\"name\":\"Varf\u00f6r finns pr\u00e4ster? - Vandra V\u00e4gen\",\"isPartOf\":{\"@id\":\"https:\/\/blogg.svenskakyrkan.se\/vandravagen\/#website\"},\"primaryImageOfPage\":{\"@id\":\"https:\/\/blogg.svenskakyrkan.se\/vandravagen\/2013\/03\/09\/varfor-finns-praster\/#primaryimage\"},\"image\":{\"@id\":\"https:\/\/blogg.svenskakyrkan.se\/vandravagen\/2013\/03\/09\/varfor-finns-praster\/#primaryimage\"},\"thumbnailUrl\":\"http:\/\/www.nad.riksarkivet.se\/sbl\/bilder\/18387_7_003_00000030_2.jpg\",\"datePublished\":\"2013-03-09T07:53:00+00:00\",\"breadcrumb\":{\"@id\":\"https:\/\/blogg.svenskakyrkan.se\/vandravagen\/2013\/03\/09\/varfor-finns-praster\/#breadcrumb\"},\"inLanguage\":\"sv-SE\",\"potentialAction\":[{\"@type\":\"ReadAction\",\"target\":[\"https:\/\/blogg.svenskakyrkan.se\/vandravagen\/2013\/03\/09\/varfor-finns-praster\/\"]}]},{\"@type\":\"ImageObject\",\"inLanguage\":\"sv-SE\",\"@id\":\"https:\/\/blogg.svenskakyrkan.se\/vandravagen\/2013\/03\/09\/varfor-finns-praster\/#primaryimage\",\"url\":\"http:\/\/www.nad.riksarkivet.se\/sbl\/bilder\/18387_7_003_00000030_2.jpg\",\"contentUrl\":\"http:\/\/www.nad.riksarkivet.se\/sbl\/bilder\/18387_7_003_00000030_2.jpg\"},{\"@type\":\"BreadcrumbList\",\"@id\":\"https:\/\/blogg.svenskakyrkan.se\/vandravagen\/2013\/03\/09\/varfor-finns-praster\/#breadcrumb\",\"itemListElement\":[{\"@type\":\"ListItem\",\"position\":1,\"name\":\"Hem\",\"item\":\"https:\/\/blogg.svenskakyrkan.se\/vandravagen\/\"},{\"@type\":\"ListItem\",\"position\":2,\"name\":\"Varf\u00f6r finns pr\u00e4ster?\"}]},{\"@type\":\"WebSite\",\"@id\":\"https:\/\/blogg.svenskakyrkan.se\/vandravagen\/#website\",\"url\":\"https:\/\/blogg.svenskakyrkan.se\/vandravagen\/\",\"name\":\"Vandra V\u00e4gen\",\"description\":\"-Mot en tro f\u00f6r hela livet\",\"publisher\":{\"@id\":\"https:\/\/blogg.svenskakyrkan.se\/vandravagen\/#organization\"},\"potentialAction\":[{\"@type\":\"SearchAction\",\"target\":{\"@type\":\"EntryPoint\",\"urlTemplate\":\"https:\/\/blogg.svenskakyrkan.se\/vandravagen\/?s={search_term_string}\"},\"query-input\":{\"@type\":\"PropertyValueSpecification\",\"valueRequired\":true,\"valueName\":\"search_term_string\"}}],\"inLanguage\":\"sv-SE\"},{\"@type\":\"Organization\",\"@id\":\"https:\/\/blogg.svenskakyrkan.se\/vandravagen\/#organization\",\"name\":\"ulricehamns pastorat\",\"alternateName\":\"ulricehamns pastorat\",\"url\":\"https:\/\/blogg.svenskakyrkan.se\/vandravagen\/\",\"logo\":{\"@type\":\"ImageObject\",\"inLanguage\":\"sv-SE\",\"@id\":\"https:\/\/blogg.svenskakyrkan.se\/vandravagen\/#\/schema\/logo\/image\/\",\"url\":\"https:\/\/blogg.svenskakyrkan.se\/vandravagen\/files\/2023\/05\/Ulr_logo_RGB.png\",\"contentUrl\":\"https:\/\/blogg.svenskakyrkan.se\/vandravagen\/files\/2023\/05\/Ulr_logo_RGB.png\",\"width\":205,\"height\":77,\"caption\":\"ulricehamns pastorat\"},\"image\":{\"@id\":\"https:\/\/blogg.svenskakyrkan.se\/vandravagen\/#\/schema\/logo\/image\/\"},\"sameAs\":[\"http:\/\/facebook.com\/vandravagen\",\"https:\/\/x.com\/fadertomas\",\"http:\/\/www.facebook.com\/svenskakyrkaniulricehamn\"]},{\"@type\":\"Person\",\"@id\":\"https:\/\/blogg.svenskakyrkan.se\/vandravagen\/#\/schema\/person\/25da02d4f76b137d04291711e2c9fc16\",\"name\":\"Tomas Jarvid\",\"image\":{\"@type\":\"ImageObject\",\"inLanguage\":\"sv-SE\",\"@id\":\"https:\/\/blogg.svenskakyrkan.se\/vandravagen\/#\/schema\/person\/image\/\",\"url\":\"https:\/\/secure.gravatar.com\/avatar\/7fa71899795e8f540f615a1f5ab25255dc27aa40f05ee7ddd21aac521e01bf50?s=96&d=identicon&r=g\",\"contentUrl\":\"https:\/\/secure.gravatar.com\/avatar\/7fa71899795e8f540f615a1f5ab25255dc27aa40f05ee7ddd21aac521e01bf50?s=96&d=identicon&r=g\",\"caption\":\"Tomas Jarvid\"},\"description\":\"Jag bor i Ulricehamn i V\u00e4sterg\u00f6tland och \u00e4r f\u00f6rsamlingspr\u00e4st i Svenska Kyrkan f\u00f6r Dalstorps f\u00f6rsamling i Kinds pastorat. P\u00e5 den h\u00e4r bloggen skriver jag ner tankar om vandringen som kristen.\",\"sameAs\":[\"http:\/\/www.vandravagen.se\"],\"url\":\"https:\/\/blogg.svenskakyrkan.se\/vandravagen\/author\/vandravagen\/\"}]}<\/script>\n<!-- \/ Yoast SEO plugin. -->","yoast_head_json":{"title":"Varf\u00f6r finns pr\u00e4ster? - Vandra V\u00e4gen","robots":{"index":"index","follow":"follow","max-snippet":"max-snippet:-1","max-image-preview":"max-image-preview:large","max-video-preview":"max-video-preview:-1"},"canonical":"https:\/\/blogg.svenskakyrkan.se\/vandravagen\/2013\/03\/09\/varfor-finns-praster\/","og_locale":"sv_SE","og_type":"article","og_title":"Varf\u00f6r finns pr\u00e4ster? - Vandra V\u00e4gen","og_description":"K\u00e4lla Riksarkivet Det \u00e4r en bra fr\u00e5ga det! Det finns s\u00e5 m\u00e5nga bra fr\u00e5gor som man aldrig st\u00e4ller f\u00f6r att man p\u00e5 n\u00e5got s\u00e4tt k\u00e4nner p\u00e5 sig att man borde veta svaret. Det \u00e4r dumt att g\u00f6ra s\u00e5 f\u00f6rst\u00e5s, och det d\u00e4r med varf\u00f6r pr\u00e4ster finns \u00e4r inte helt sj\u00e4lvklart (eller?). H\u00e4r \u00e4r i alla [&hellip;]","og_url":"https:\/\/blogg.svenskakyrkan.se\/vandravagen\/2013\/03\/09\/varfor-finns-praster\/","og_site_name":"Vandra V\u00e4gen","article_publisher":"http:\/\/facebook.com\/vandravagen","article_published_time":"2013-03-09T07:53:00+00:00","og_image":[{"url":"http:\/\/www.nad.riksarkivet.se\/sbl\/bilder\/18387_7_003_00000030_2.jpg","type":"","width":"","height":""}],"author":"Tomas Jarvid","twitter_card":"summary_large_image","twitter_creator":"@fadertomas","twitter_site":"@fadertomas","twitter_misc":{"Skriven av":"Tomas Jarvid","Ber\u00e4knad l\u00e4stid":"3 minuter"},"schema":{"@context":"https:\/\/schema.org","@graph":[{"@type":"Article","@id":"https:\/\/blogg.svenskakyrkan.se\/vandravagen\/2013\/03\/09\/varfor-finns-praster\/#article","isPartOf":{"@id":"https:\/\/blogg.svenskakyrkan.se\/vandravagen\/2013\/03\/09\/varfor-finns-praster\/"},"author":{"name":"Tomas Jarvid","@id":"https:\/\/blogg.svenskakyrkan.se\/vandravagen\/#\/schema\/person\/25da02d4f76b137d04291711e2c9fc16"},"headline":"Varf\u00f6r finns pr\u00e4ster?","datePublished":"2013-03-09T07:53:00+00:00","mainEntityOfPage":{"@id":"https:\/\/blogg.svenskakyrkan.se\/vandravagen\/2013\/03\/09\/varfor-finns-praster\/"},"wordCount":606,"commentCount":0,"publisher":{"@id":"https:\/\/blogg.svenskakyrkan.se\/vandravagen\/#organization"},"image":{"@id":"https:\/\/blogg.svenskakyrkan.se\/vandravagen\/2013\/03\/09\/varfor-finns-praster\/#primaryimage"},"thumbnailUrl":"http:\/\/www.nad.riksarkivet.se\/sbl\/bilder\/18387_7_003_00000030_2.jpg","articleSection":["kyrkan","Teologi"],"inLanguage":"sv-SE","potentialAction":[{"@type":"CommentAction","name":"Comment","target":["https:\/\/blogg.svenskakyrkan.se\/vandravagen\/2013\/03\/09\/varfor-finns-praster\/#respond"]}]},{"@type":"WebPage","@id":"https:\/\/blogg.svenskakyrkan.se\/vandravagen\/2013\/03\/09\/varfor-finns-praster\/","url":"https:\/\/blogg.svenskakyrkan.se\/vandravagen\/2013\/03\/09\/varfor-finns-praster\/","name":"Varf\u00f6r finns pr\u00e4ster? - Vandra V\u00e4gen","isPartOf":{"@id":"https:\/\/blogg.svenskakyrkan.se\/vandravagen\/#website"},"primaryImageOfPage":{"@id":"https:\/\/blogg.svenskakyrkan.se\/vandravagen\/2013\/03\/09\/varfor-finns-praster\/#primaryimage"},"image":{"@id":"https:\/\/blogg.svenskakyrkan.se\/vandravagen\/2013\/03\/09\/varfor-finns-praster\/#primaryimage"},"thumbnailUrl":"http:\/\/www.nad.riksarkivet.se\/sbl\/bilder\/18387_7_003_00000030_2.jpg","datePublished":"2013-03-09T07:53:00+00:00","breadcrumb":{"@id":"https:\/\/blogg.svenskakyrkan.se\/vandravagen\/2013\/03\/09\/varfor-finns-praster\/#breadcrumb"},"inLanguage":"sv-SE","potentialAction":[{"@type":"ReadAction","target":["https:\/\/blogg.svenskakyrkan.se\/vandravagen\/2013\/03\/09\/varfor-finns-praster\/"]}]},{"@type":"ImageObject","inLanguage":"sv-SE","@id":"https:\/\/blogg.svenskakyrkan.se\/vandravagen\/2013\/03\/09\/varfor-finns-praster\/#primaryimage","url":"http:\/\/www.nad.riksarkivet.se\/sbl\/bilder\/18387_7_003_00000030_2.jpg","contentUrl":"http:\/\/www.nad.riksarkivet.se\/sbl\/bilder\/18387_7_003_00000030_2.jpg"},{"@type":"BreadcrumbList","@id":"https:\/\/blogg.svenskakyrkan.se\/vandravagen\/2013\/03\/09\/varfor-finns-praster\/#breadcrumb","itemListElement":[{"@type":"ListItem","position":1,"name":"Hem","item":"https:\/\/blogg.svenskakyrkan.se\/vandravagen\/"},{"@type":"ListItem","position":2,"name":"Varf\u00f6r finns pr\u00e4ster?"}]},{"@type":"WebSite","@id":"https:\/\/blogg.svenskakyrkan.se\/vandravagen\/#website","url":"https:\/\/blogg.svenskakyrkan.se\/vandravagen\/","name":"Vandra V\u00e4gen","description":"-Mot en tro f\u00f6r hela livet","publisher":{"@id":"https:\/\/blogg.svenskakyrkan.se\/vandravagen\/#organization"},"potentialAction":[{"@type":"SearchAction","target":{"@type":"EntryPoint","urlTemplate":"https:\/\/blogg.svenskakyrkan.se\/vandravagen\/?s={search_term_string}"},"query-input":{"@type":"PropertyValueSpecification","valueRequired":true,"valueName":"search_term_string"}}],"inLanguage":"sv-SE"},{"@type":"Organization","@id":"https:\/\/blogg.svenskakyrkan.se\/vandravagen\/#organization","name":"ulricehamns pastorat","alternateName":"ulricehamns pastorat","url":"https:\/\/blogg.svenskakyrkan.se\/vandravagen\/","logo":{"@type":"ImageObject","inLanguage":"sv-SE","@id":"https:\/\/blogg.svenskakyrkan.se\/vandravagen\/#\/schema\/logo\/image\/","url":"https:\/\/blogg.svenskakyrkan.se\/vandravagen\/files\/2023\/05\/Ulr_logo_RGB.png","contentUrl":"https:\/\/blogg.svenskakyrkan.se\/vandravagen\/files\/2023\/05\/Ulr_logo_RGB.png","width":205,"height":77,"caption":"ulricehamns pastorat"},"image":{"@id":"https:\/\/blogg.svenskakyrkan.se\/vandravagen\/#\/schema\/logo\/image\/"},"sameAs":["http:\/\/facebook.com\/vandravagen","https:\/\/x.com\/fadertomas","http:\/\/www.facebook.com\/svenskakyrkaniulricehamn"]},{"@type":"Person","@id":"https:\/\/blogg.svenskakyrkan.se\/vandravagen\/#\/schema\/person\/25da02d4f76b137d04291711e2c9fc16","name":"Tomas Jarvid","image":{"@type":"ImageObject","inLanguage":"sv-SE","@id":"https:\/\/blogg.svenskakyrkan.se\/vandravagen\/#\/schema\/person\/image\/","url":"https:\/\/secure.gravatar.com\/avatar\/7fa71899795e8f540f615a1f5ab25255dc27aa40f05ee7ddd21aac521e01bf50?s=96&d=identicon&r=g","contentUrl":"https:\/\/secure.gravatar.com\/avatar\/7fa71899795e8f540f615a1f5ab25255dc27aa40f05ee7ddd21aac521e01bf50?s=96&d=identicon&r=g","caption":"Tomas Jarvid"},"description":"Jag bor i Ulricehamn i V\u00e4sterg\u00f6tland och \u00e4r f\u00f6rsamlingspr\u00e4st i Svenska Kyrkan f\u00f6r Dalstorps f\u00f6rsamling i Kinds pastorat. P\u00e5 den h\u00e4r bloggen skriver jag ner tankar om vandringen som kristen.","sameAs":["http:\/\/www.vandravagen.se"],"url":"https:\/\/blogg.svenskakyrkan.se\/vandravagen\/author\/vandravagen\/"}]}},"author_meta":{"ID":"392","user_nicename":"vandravagen","user_url":"http:\/\/www.vandravagen.se","user_registered":"2014-05-19 05:44:52","display_name":"Tomas Jarvid","first_name":"Tomas","last_name":"Jarvid","avatar":"https:\/\/secure.gravatar.com\/avatar\/7fa71899795e8f540f615a1f5ab25255dc27aa40f05ee7ddd21aac521e01bf50?s=96&d=identicon&r=g"},"featured_image":false,"bloginfo":{"name":"Vandra V\u00e4gen","url":"https:\/\/blogg.svenskakyrkan.se\/vandravagen"},"_links":{"self":[{"href":"https:\/\/blogg.svenskakyrkan.se\/vandravagen\/wp-json\/wp\/v2\/posts\/675","targetHints":{"allow":["GET"]}}],"collection":[{"href":"https:\/\/blogg.svenskakyrkan.se\/vandravagen\/wp-json\/wp\/v2\/posts"}],"about":[{"href":"https:\/\/blogg.svenskakyrkan.se\/vandravagen\/wp-json\/wp\/v2\/types\/post"}],"author":[{"embeddable":true,"href":"https:\/\/blogg.svenskakyrkan.se\/vandravagen\/wp-json\/wp\/v2\/users\/392"}],"replies":[{"embeddable":true,"href":"https:\/\/blogg.svenskakyrkan.se\/vandravagen\/wp-json\/wp\/v2\/comments?post=675"}],"version-history":[{"count":0,"href":"https:\/\/blogg.svenskakyrkan.se\/vandravagen\/wp-json\/wp\/v2\/posts\/675\/revisions"}],"wp:attachment":[{"href":"https:\/\/blogg.svenskakyrkan.se\/vandravagen\/wp-json\/wp\/v2\/media?parent=675"}],"wp:term":[{"taxonomy":"category","embeddable":true,"href":"https:\/\/blogg.svenskakyrkan.se\/vandravagen\/wp-json\/wp\/v2\/categories?post=675"},{"taxonomy":"post_tag","embeddable":true,"href":"https:\/\/blogg.svenskakyrkan.se\/vandravagen\/wp-json\/wp\/v2\/tags?post=675"}],"curies":[{"name":"wp","href":"https:\/\/api.w.org\/{rel}","templated":true}]}}