{"id":6754,"date":"2018-11-28T07:00:58","date_gmt":"2018-11-28T06:00:58","guid":{"rendered":"http:\/\/blogg.svenskakyrkan.se\/vandravagen\/?p=6754"},"modified":"2018-11-27T19:38:30","modified_gmt":"2018-11-27T18:38:30","slug":"den-sorjande-kyrkan","status":"publish","type":"post","link":"https:\/\/blogg.svenskakyrkan.se\/vandravagen\/2018\/11\/28\/den-sorjande-kyrkan\/","title":{"rendered":"Den s\u00f6rjande kyrkan"},"content":{"rendered":"<p>Jag har haft den h\u00e4r rubriken i tankarna ett tag. Det k\u00e4nns p\u00e5 m\u00e5nga s\u00e4tt som att kyrkan har mycket att s\u00f6rja \u00f6ver. S\u00e4rskilt kanske i alla de sammanhang d\u00e4r kyrkan \u00e4r p\u00e5 tillbakag\u00e5ng. De som \u00e4r engagerade blir allt \u00e4ldre och minns andra tider med livfullare f\u00f6rsamlingsliv. Som f\u00f6rsamlingspr\u00e4st f\u00e5r man ofta h\u00f6ra klagom\u00e5l p\u00e5 kyrkan som den \u00e4r nu j\u00e4mf\u00f6rt med hur det var p\u00e5 den gamla goda tiden.<\/p>\n<p>Det g\u00e5r f\u00f6rst\u00e5s inte att v\u00e4nda tillbaka tiden. \u00c4r det n\u00e5got vi kan vara s\u00e4kra p\u00e5 s\u00e5 \u00e4r det att kyrkan inte kommer vara som den varit. Hela samh\u00e4llet f\u00f6r\u00e4ndras ju. Det \u00e4r inte alls bara p\u00e5 ont utan mycket p\u00e5 gott men kyrkan m\u00e5ste f\u00f6rst\u00e5s hitta nya s\u00e4tt f\u00f6r nya tider och det \u00e4r inte l\u00e4tt. Som enskild f\u00f6rsamlingsbo kanske man inte alltid hunnit t\u00e4nka s\u00e5 mycket p\u00e5 exakt hur detta ska ske mer \u00e4n att man \u00e4r ledsen och frustrerad \u00f6ver situationen.<\/p>\n<p>Och d\u00e5 brukar jag t\u00e4nka p\u00e5 det jag vet om sorg i andra sammanhang. Att det kr\u00e4vs att man erk\u00e4nner f\u00f6rlusten och sina k\u00e4nslor inf\u00f6r den f\u00f6r att inte fastna i det som varit utan kunna rikta blicken fram\u00e5t. Det hj\u00e4lper nog inte heller kyrkan att hoppas att n\u00e5gon annan ska &#8221;fixa&#8221; allting. Det \u00e4r ju inte det kyrkan \u00c4R, kyrkan \u00e4r ju vi alla tillsammans.<\/p>\n<p>Och sj\u00e4lv s\u00f6rjer jag ocks\u00e5 en del saker som g\u00e5tt f\u00f6rlorade eller h\u00e5ller p\u00e5 att g\u00e5 f\u00f6rlorade. F\u00f6r\u00e4ndringarna rymmer mycket sm\u00e4rta. Det hj\u00e4lper i viss m\u00e5n att man ju alltid ocks\u00e5 m\u00f6ter uppmuntrande erfarenheter l\u00e4ngs v\u00e4gen men allra mest g\u00e4ller det nog att det \u00e4r kyrkan inre liv, b\u00f6n och gudst\u00e4nst och bibell\u00e4sning, som f\u00f6rankrar oss hos Gud och ger oss hopp. D\u00e4r finns s\u00e5klart v\u00e4gen till kyrkans framtid. Smarta strategier och policys kan nog skydda det som finns men det uppst\u00e5r inte nytt liv ur s\u00e5dant.<\/p>\n<p>Det jobbiga med sorg \u00e4r att att den \u00e4r sv\u00e5r att styra. Sorgen tar den tid den tar. Ibland fastnar man ocks\u00e5. Kanske s\u00e4rskilt om ingen lyssnar till ens frustration eller ledsenhet.<\/p>\n<p>Jag tror p\u00e5 n\u00e5got s\u00e4tt att vi kyrkan m\u00e5ste till\u00e5ta sorgen \u00f6ver det som varit och inte l\u00e4ngre finns. Det sv\u00e5ra \u00e4r att inte l\u00e5ta det ta \u00f6ver helt f\u00f6r det kan bli s\u00e5 v\u00e4ldigt tungt och g\u00f6ra det om\u00f6jligt att t\u00e4nka fram\u00e5t.<\/p>\n<p>Vad s\u00e4ger du som l\u00e4ser? Ing\u00e5r du i &#8221;den s\u00f6rjande kyrkan&#8221; som k\u00e4nner sig modf\u00e4lld och tycker det mesta g\u00e5r utf\u00f6r? Brukar du f\u00e5 utlopp f\u00f6r din sorg p\u00e5 n\u00e5got s\u00e4tt och hur hittar du hopp? Skriv en kommentar!<\/p>\n","protected":false},"excerpt":{"rendered":"<p>Jag har haft den h\u00e4r rubriken i tankarna ett tag. Det k\u00e4nns p\u00e5 m\u00e5nga s\u00e4tt som att kyrkan har mycket att s\u00f6rja \u00f6ver. S\u00e4rskilt kanske i alla de sammanhang d\u00e4r kyrkan \u00e4r p\u00e5 tillbakag\u00e5ng. De som \u00e4r engagerade blir allt \u00e4ldre och minns andra tider med livfullare f\u00f6rsamlingsliv. Som f\u00f6rsamlingspr\u00e4st f\u00e5r man ofta h\u00f6ra klagom\u00e5l [&hellip;]<\/p>\n","protected":false},"author":392,"featured_media":6790,"comment_status":"open","ping_status":"open","sticky":false,"template":"","format":"standard","meta":{"_acf_changed":false,"footnotes":""},"categories":[33574,77554],"tags":[],"class_list":["post-6754","post","type-post","status-publish","format-standard","has-post-thumbnail","hentry","category-kyrkan","category-vara-manniska"],"acf":[],"yoast_head":"<!-- This site is optimized with the Yoast SEO plugin v27.1.1 - https:\/\/yoast.com\/product\/yoast-seo-wordpress\/ -->\n<title>Den s\u00f6rjande kyrkan - Vandra V\u00e4gen<\/title>\n<meta name=\"robots\" content=\"index, follow, max-snippet:-1, max-image-preview:large, max-video-preview:-1\" \/>\n<link rel=\"canonical\" href=\"https:\/\/blogg.svenskakyrkan.se\/vandravagen\/2018\/11\/28\/den-sorjande-kyrkan\/\" \/>\n<meta property=\"og:locale\" content=\"sv_SE\" \/>\n<meta property=\"og:type\" content=\"article\" \/>\n<meta property=\"og:title\" content=\"Den s\u00f6rjande kyrkan - Vandra V\u00e4gen\" \/>\n<meta property=\"og:description\" content=\"Jag har haft den h\u00e4r rubriken i tankarna ett tag. Det k\u00e4nns p\u00e5 m\u00e5nga s\u00e4tt som att kyrkan har mycket att s\u00f6rja \u00f6ver. S\u00e4rskilt kanske i alla de sammanhang d\u00e4r kyrkan \u00e4r p\u00e5 tillbakag\u00e5ng. De som \u00e4r engagerade blir allt \u00e4ldre och minns andra tider med livfullare f\u00f6rsamlingsliv. Som f\u00f6rsamlingspr\u00e4st f\u00e5r man ofta h\u00f6ra klagom\u00e5l [&hellip;]\" \/>\n<meta property=\"og:url\" content=\"https:\/\/blogg.svenskakyrkan.se\/vandravagen\/2018\/11\/28\/den-sorjande-kyrkan\/\" \/>\n<meta property=\"og:site_name\" content=\"Vandra V\u00e4gen\" \/>\n<meta property=\"article:publisher\" content=\"http:\/\/facebook.com\/vandravagen\" \/>\n<meta property=\"article:published_time\" content=\"2018-11-28T06:00:58+00:00\" \/>\n<meta name=\"author\" content=\"Tomas Jarvid\" \/>\n<meta name=\"twitter:card\" content=\"summary_large_image\" \/>\n<meta name=\"twitter:creator\" content=\"@fadertomas\" \/>\n<meta name=\"twitter:site\" content=\"@fadertomas\" \/>\n<meta name=\"twitter:label1\" content=\"Skriven av\" \/>\n\t<meta name=\"twitter:data1\" content=\"Tomas Jarvid\" \/>\n\t<meta name=\"twitter:label2\" content=\"Ber\u00e4knad l\u00e4stid\" \/>\n\t<meta name=\"twitter:data2\" content=\"3 minuter\" \/>\n<script type=\"application\/ld+json\" class=\"yoast-schema-graph\">{\"@context\":\"https:\/\/schema.org\",\"@graph\":[{\"@type\":\"Article\",\"@id\":\"https:\/\/blogg.svenskakyrkan.se\/vandravagen\/2018\/11\/28\/den-sorjande-kyrkan\/#article\",\"isPartOf\":{\"@id\":\"https:\/\/blogg.svenskakyrkan.se\/vandravagen\/2018\/11\/28\/den-sorjande-kyrkan\/\"},\"author\":{\"name\":\"Tomas Jarvid\",\"@id\":\"https:\/\/blogg.svenskakyrkan.se\/vandravagen\/#\/schema\/person\/25da02d4f76b137d04291711e2c9fc16\"},\"headline\":\"Den s\u00f6rjande kyrkan\",\"datePublished\":\"2018-11-28T06:00:58+00:00\",\"mainEntityOfPage\":{\"@id\":\"https:\/\/blogg.svenskakyrkan.se\/vandravagen\/2018\/11\/28\/den-sorjande-kyrkan\/\"},\"wordCount\":519,\"commentCount\":6,\"publisher\":{\"@id\":\"https:\/\/blogg.svenskakyrkan.se\/vandravagen\/#organization\"},\"image\":{\"@id\":\"https:\/\/blogg.svenskakyrkan.se\/vandravagen\/2018\/11\/28\/den-sorjande-kyrkan\/#primaryimage\"},\"thumbnailUrl\":\"https:\/\/blogg.svenskakyrkan.se\/vandravagen\/files\/2018\/11\/IMG_6121.jpg\",\"articleSection\":[\"kyrkan\",\"vara m\u00e4nniska\"],\"inLanguage\":\"sv-SE\",\"potentialAction\":[{\"@type\":\"CommentAction\",\"name\":\"Comment\",\"target\":[\"https:\/\/blogg.svenskakyrkan.se\/vandravagen\/2018\/11\/28\/den-sorjande-kyrkan\/#respond\"]}]},{\"@type\":\"WebPage\",\"@id\":\"https:\/\/blogg.svenskakyrkan.se\/vandravagen\/2018\/11\/28\/den-sorjande-kyrkan\/\",\"url\":\"https:\/\/blogg.svenskakyrkan.se\/vandravagen\/2018\/11\/28\/den-sorjande-kyrkan\/\",\"name\":\"Den s\u00f6rjande kyrkan - Vandra V\u00e4gen\",\"isPartOf\":{\"@id\":\"https:\/\/blogg.svenskakyrkan.se\/vandravagen\/#website\"},\"primaryImageOfPage\":{\"@id\":\"https:\/\/blogg.svenskakyrkan.se\/vandravagen\/2018\/11\/28\/den-sorjande-kyrkan\/#primaryimage\"},\"image\":{\"@id\":\"https:\/\/blogg.svenskakyrkan.se\/vandravagen\/2018\/11\/28\/den-sorjande-kyrkan\/#primaryimage\"},\"thumbnailUrl\":\"https:\/\/blogg.svenskakyrkan.se\/vandravagen\/files\/2018\/11\/IMG_6121.jpg\",\"datePublished\":\"2018-11-28T06:00:58+00:00\",\"breadcrumb\":{\"@id\":\"https:\/\/blogg.svenskakyrkan.se\/vandravagen\/2018\/11\/28\/den-sorjande-kyrkan\/#breadcrumb\"},\"inLanguage\":\"sv-SE\",\"potentialAction\":[{\"@type\":\"ReadAction\",\"target\":[\"https:\/\/blogg.svenskakyrkan.se\/vandravagen\/2018\/11\/28\/den-sorjande-kyrkan\/\"]}]},{\"@type\":\"ImageObject\",\"inLanguage\":\"sv-SE\",\"@id\":\"https:\/\/blogg.svenskakyrkan.se\/vandravagen\/2018\/11\/28\/den-sorjande-kyrkan\/#primaryimage\",\"url\":\"https:\/\/blogg.svenskakyrkan.se\/vandravagen\/files\/2018\/11\/IMG_6121.jpg\",\"contentUrl\":\"https:\/\/blogg.svenskakyrkan.se\/vandravagen\/files\/2018\/11\/IMG_6121.jpg\",\"width\":500,\"height\":380},{\"@type\":\"BreadcrumbList\",\"@id\":\"https:\/\/blogg.svenskakyrkan.se\/vandravagen\/2018\/11\/28\/den-sorjande-kyrkan\/#breadcrumb\",\"itemListElement\":[{\"@type\":\"ListItem\",\"position\":1,\"name\":\"Hem\",\"item\":\"https:\/\/blogg.svenskakyrkan.se\/vandravagen\/\"},{\"@type\":\"ListItem\",\"position\":2,\"name\":\"Den s\u00f6rjande kyrkan\"}]},{\"@type\":\"WebSite\",\"@id\":\"https:\/\/blogg.svenskakyrkan.se\/vandravagen\/#website\",\"url\":\"https:\/\/blogg.svenskakyrkan.se\/vandravagen\/\",\"name\":\"Vandra V\u00e4gen\",\"description\":\"-Mot en tro f\u00f6r hela livet\",\"publisher\":{\"@id\":\"https:\/\/blogg.svenskakyrkan.se\/vandravagen\/#organization\"},\"potentialAction\":[{\"@type\":\"SearchAction\",\"target\":{\"@type\":\"EntryPoint\",\"urlTemplate\":\"https:\/\/blogg.svenskakyrkan.se\/vandravagen\/?s={search_term_string}\"},\"query-input\":{\"@type\":\"PropertyValueSpecification\",\"valueRequired\":true,\"valueName\":\"search_term_string\"}}],\"inLanguage\":\"sv-SE\"},{\"@type\":\"Organization\",\"@id\":\"https:\/\/blogg.svenskakyrkan.se\/vandravagen\/#organization\",\"name\":\"ulricehamns pastorat\",\"alternateName\":\"ulricehamns pastorat\",\"url\":\"https:\/\/blogg.svenskakyrkan.se\/vandravagen\/\",\"logo\":{\"@type\":\"ImageObject\",\"inLanguage\":\"sv-SE\",\"@id\":\"https:\/\/blogg.svenskakyrkan.se\/vandravagen\/#\/schema\/logo\/image\/\",\"url\":\"https:\/\/blogg.svenskakyrkan.se\/vandravagen\/files\/2023\/05\/Ulr_logo_RGB.png\",\"contentUrl\":\"https:\/\/blogg.svenskakyrkan.se\/vandravagen\/files\/2023\/05\/Ulr_logo_RGB.png\",\"width\":205,\"height\":77,\"caption\":\"ulricehamns pastorat\"},\"image\":{\"@id\":\"https:\/\/blogg.svenskakyrkan.se\/vandravagen\/#\/schema\/logo\/image\/\"},\"sameAs\":[\"http:\/\/facebook.com\/vandravagen\",\"https:\/\/x.com\/fadertomas\",\"http:\/\/www.facebook.com\/svenskakyrkaniulricehamn\"]},{\"@type\":\"Person\",\"@id\":\"https:\/\/blogg.svenskakyrkan.se\/vandravagen\/#\/schema\/person\/25da02d4f76b137d04291711e2c9fc16\",\"name\":\"Tomas Jarvid\",\"image\":{\"@type\":\"ImageObject\",\"inLanguage\":\"sv-SE\",\"@id\":\"https:\/\/blogg.svenskakyrkan.se\/vandravagen\/#\/schema\/person\/image\/\",\"url\":\"https:\/\/secure.gravatar.com\/avatar\/7fa71899795e8f540f615a1f5ab25255dc27aa40f05ee7ddd21aac521e01bf50?s=96&d=identicon&r=g\",\"contentUrl\":\"https:\/\/secure.gravatar.com\/avatar\/7fa71899795e8f540f615a1f5ab25255dc27aa40f05ee7ddd21aac521e01bf50?s=96&d=identicon&r=g\",\"caption\":\"Tomas Jarvid\"},\"description\":\"Jag bor i Ulricehamn i V\u00e4sterg\u00f6tland och \u00e4r f\u00f6rsamlingspr\u00e4st i Svenska Kyrkan f\u00f6r Dalstorps f\u00f6rsamling i Kinds pastorat. P\u00e5 den h\u00e4r bloggen skriver jag ner tankar om vandringen som kristen.\",\"sameAs\":[\"http:\/\/www.vandravagen.se\"],\"url\":\"https:\/\/blogg.svenskakyrkan.se\/vandravagen\/author\/vandravagen\/\"}]}<\/script>\n<!-- \/ Yoast SEO plugin. -->","yoast_head_json":{"title":"Den s\u00f6rjande kyrkan - Vandra V\u00e4gen","robots":{"index":"index","follow":"follow","max-snippet":"max-snippet:-1","max-image-preview":"max-image-preview:large","max-video-preview":"max-video-preview:-1"},"canonical":"https:\/\/blogg.svenskakyrkan.se\/vandravagen\/2018\/11\/28\/den-sorjande-kyrkan\/","og_locale":"sv_SE","og_type":"article","og_title":"Den s\u00f6rjande kyrkan - Vandra V\u00e4gen","og_description":"Jag har haft den h\u00e4r rubriken i tankarna ett tag. Det k\u00e4nns p\u00e5 m\u00e5nga s\u00e4tt som att kyrkan har mycket att s\u00f6rja \u00f6ver. S\u00e4rskilt kanske i alla de sammanhang d\u00e4r kyrkan \u00e4r p\u00e5 tillbakag\u00e5ng. De som \u00e4r engagerade blir allt \u00e4ldre och minns andra tider med livfullare f\u00f6rsamlingsliv. Som f\u00f6rsamlingspr\u00e4st f\u00e5r man ofta h\u00f6ra klagom\u00e5l [&hellip;]","og_url":"https:\/\/blogg.svenskakyrkan.se\/vandravagen\/2018\/11\/28\/den-sorjande-kyrkan\/","og_site_name":"Vandra V\u00e4gen","article_publisher":"http:\/\/facebook.com\/vandravagen","article_published_time":"2018-11-28T06:00:58+00:00","author":"Tomas Jarvid","twitter_card":"summary_large_image","twitter_creator":"@fadertomas","twitter_site":"@fadertomas","twitter_misc":{"Skriven av":"Tomas Jarvid","Ber\u00e4knad l\u00e4stid":"3 minuter"},"schema":{"@context":"https:\/\/schema.org","@graph":[{"@type":"Article","@id":"https:\/\/blogg.svenskakyrkan.se\/vandravagen\/2018\/11\/28\/den-sorjande-kyrkan\/#article","isPartOf":{"@id":"https:\/\/blogg.svenskakyrkan.se\/vandravagen\/2018\/11\/28\/den-sorjande-kyrkan\/"},"author":{"name":"Tomas Jarvid","@id":"https:\/\/blogg.svenskakyrkan.se\/vandravagen\/#\/schema\/person\/25da02d4f76b137d04291711e2c9fc16"},"headline":"Den s\u00f6rjande kyrkan","datePublished":"2018-11-28T06:00:58+00:00","mainEntityOfPage":{"@id":"https:\/\/blogg.svenskakyrkan.se\/vandravagen\/2018\/11\/28\/den-sorjande-kyrkan\/"},"wordCount":519,"commentCount":6,"publisher":{"@id":"https:\/\/blogg.svenskakyrkan.se\/vandravagen\/#organization"},"image":{"@id":"https:\/\/blogg.svenskakyrkan.se\/vandravagen\/2018\/11\/28\/den-sorjande-kyrkan\/#primaryimage"},"thumbnailUrl":"https:\/\/blogg.svenskakyrkan.se\/vandravagen\/files\/2018\/11\/IMG_6121.jpg","articleSection":["kyrkan","vara m\u00e4nniska"],"inLanguage":"sv-SE","potentialAction":[{"@type":"CommentAction","name":"Comment","target":["https:\/\/blogg.svenskakyrkan.se\/vandravagen\/2018\/11\/28\/den-sorjande-kyrkan\/#respond"]}]},{"@type":"WebPage","@id":"https:\/\/blogg.svenskakyrkan.se\/vandravagen\/2018\/11\/28\/den-sorjande-kyrkan\/","url":"https:\/\/blogg.svenskakyrkan.se\/vandravagen\/2018\/11\/28\/den-sorjande-kyrkan\/","name":"Den s\u00f6rjande kyrkan - Vandra V\u00e4gen","isPartOf":{"@id":"https:\/\/blogg.svenskakyrkan.se\/vandravagen\/#website"},"primaryImageOfPage":{"@id":"https:\/\/blogg.svenskakyrkan.se\/vandravagen\/2018\/11\/28\/den-sorjande-kyrkan\/#primaryimage"},"image":{"@id":"https:\/\/blogg.svenskakyrkan.se\/vandravagen\/2018\/11\/28\/den-sorjande-kyrkan\/#primaryimage"},"thumbnailUrl":"https:\/\/blogg.svenskakyrkan.se\/vandravagen\/files\/2018\/11\/IMG_6121.jpg","datePublished":"2018-11-28T06:00:58+00:00","breadcrumb":{"@id":"https:\/\/blogg.svenskakyrkan.se\/vandravagen\/2018\/11\/28\/den-sorjande-kyrkan\/#breadcrumb"},"inLanguage":"sv-SE","potentialAction":[{"@type":"ReadAction","target":["https:\/\/blogg.svenskakyrkan.se\/vandravagen\/2018\/11\/28\/den-sorjande-kyrkan\/"]}]},{"@type":"ImageObject","inLanguage":"sv-SE","@id":"https:\/\/blogg.svenskakyrkan.se\/vandravagen\/2018\/11\/28\/den-sorjande-kyrkan\/#primaryimage","url":"https:\/\/blogg.svenskakyrkan.se\/vandravagen\/files\/2018\/11\/IMG_6121.jpg","contentUrl":"https:\/\/blogg.svenskakyrkan.se\/vandravagen\/files\/2018\/11\/IMG_6121.jpg","width":500,"height":380},{"@type":"BreadcrumbList","@id":"https:\/\/blogg.svenskakyrkan.se\/vandravagen\/2018\/11\/28\/den-sorjande-kyrkan\/#breadcrumb","itemListElement":[{"@type":"ListItem","position":1,"name":"Hem","item":"https:\/\/blogg.svenskakyrkan.se\/vandravagen\/"},{"@type":"ListItem","position":2,"name":"Den s\u00f6rjande kyrkan"}]},{"@type":"WebSite","@id":"https:\/\/blogg.svenskakyrkan.se\/vandravagen\/#website","url":"https:\/\/blogg.svenskakyrkan.se\/vandravagen\/","name":"Vandra V\u00e4gen","description":"-Mot en tro f\u00f6r hela livet","publisher":{"@id":"https:\/\/blogg.svenskakyrkan.se\/vandravagen\/#organization"},"potentialAction":[{"@type":"SearchAction","target":{"@type":"EntryPoint","urlTemplate":"https:\/\/blogg.svenskakyrkan.se\/vandravagen\/?s={search_term_string}"},"query-input":{"@type":"PropertyValueSpecification","valueRequired":true,"valueName":"search_term_string"}}],"inLanguage":"sv-SE"},{"@type":"Organization","@id":"https:\/\/blogg.svenskakyrkan.se\/vandravagen\/#organization","name":"ulricehamns pastorat","alternateName":"ulricehamns pastorat","url":"https:\/\/blogg.svenskakyrkan.se\/vandravagen\/","logo":{"@type":"ImageObject","inLanguage":"sv-SE","@id":"https:\/\/blogg.svenskakyrkan.se\/vandravagen\/#\/schema\/logo\/image\/","url":"https:\/\/blogg.svenskakyrkan.se\/vandravagen\/files\/2023\/05\/Ulr_logo_RGB.png","contentUrl":"https:\/\/blogg.svenskakyrkan.se\/vandravagen\/files\/2023\/05\/Ulr_logo_RGB.png","width":205,"height":77,"caption":"ulricehamns pastorat"},"image":{"@id":"https:\/\/blogg.svenskakyrkan.se\/vandravagen\/#\/schema\/logo\/image\/"},"sameAs":["http:\/\/facebook.com\/vandravagen","https:\/\/x.com\/fadertomas","http:\/\/www.facebook.com\/svenskakyrkaniulricehamn"]},{"@type":"Person","@id":"https:\/\/blogg.svenskakyrkan.se\/vandravagen\/#\/schema\/person\/25da02d4f76b137d04291711e2c9fc16","name":"Tomas Jarvid","image":{"@type":"ImageObject","inLanguage":"sv-SE","@id":"https:\/\/blogg.svenskakyrkan.se\/vandravagen\/#\/schema\/person\/image\/","url":"https:\/\/secure.gravatar.com\/avatar\/7fa71899795e8f540f615a1f5ab25255dc27aa40f05ee7ddd21aac521e01bf50?s=96&d=identicon&r=g","contentUrl":"https:\/\/secure.gravatar.com\/avatar\/7fa71899795e8f540f615a1f5ab25255dc27aa40f05ee7ddd21aac521e01bf50?s=96&d=identicon&r=g","caption":"Tomas Jarvid"},"description":"Jag bor i Ulricehamn i V\u00e4sterg\u00f6tland och \u00e4r f\u00f6rsamlingspr\u00e4st i Svenska Kyrkan f\u00f6r Dalstorps f\u00f6rsamling i Kinds pastorat. P\u00e5 den h\u00e4r bloggen skriver jag ner tankar om vandringen som kristen.","sameAs":["http:\/\/www.vandravagen.se"],"url":"https:\/\/blogg.svenskakyrkan.se\/vandravagen\/author\/vandravagen\/"}]}},"author_meta":{"ID":"392","user_nicename":"vandravagen","user_url":"http:\/\/www.vandravagen.se","user_registered":"2014-05-19 05:44:52","display_name":"Tomas Jarvid","first_name":"Tomas","last_name":"Jarvid","avatar":"https:\/\/secure.gravatar.com\/avatar\/7fa71899795e8f540f615a1f5ab25255dc27aa40f05ee7ddd21aac521e01bf50?s=96&d=identicon&r=g"},"featured_image":["https:\/\/blogg.svenskakyrkan.se\/vandravagen\/files\/2018\/11\/IMG_6121.jpg",500,380,false],"bloginfo":{"name":"Vandra V\u00e4gen","url":"https:\/\/blogg.svenskakyrkan.se\/vandravagen"},"_links":{"self":[{"href":"https:\/\/blogg.svenskakyrkan.se\/vandravagen\/wp-json\/wp\/v2\/posts\/6754","targetHints":{"allow":["GET"]}}],"collection":[{"href":"https:\/\/blogg.svenskakyrkan.se\/vandravagen\/wp-json\/wp\/v2\/posts"}],"about":[{"href":"https:\/\/blogg.svenskakyrkan.se\/vandravagen\/wp-json\/wp\/v2\/types\/post"}],"author":[{"embeddable":true,"href":"https:\/\/blogg.svenskakyrkan.se\/vandravagen\/wp-json\/wp\/v2\/users\/392"}],"replies":[{"embeddable":true,"href":"https:\/\/blogg.svenskakyrkan.se\/vandravagen\/wp-json\/wp\/v2\/comments?post=6754"}],"version-history":[{"count":3,"href":"https:\/\/blogg.svenskakyrkan.se\/vandravagen\/wp-json\/wp\/v2\/posts\/6754\/revisions"}],"predecessor-version":[{"id":6791,"href":"https:\/\/blogg.svenskakyrkan.se\/vandravagen\/wp-json\/wp\/v2\/posts\/6754\/revisions\/6791"}],"wp:featuredmedia":[{"embeddable":true,"href":"https:\/\/blogg.svenskakyrkan.se\/vandravagen\/wp-json\/wp\/v2\/media\/6790"}],"wp:attachment":[{"href":"https:\/\/blogg.svenskakyrkan.se\/vandravagen\/wp-json\/wp\/v2\/media?parent=6754"}],"wp:term":[{"taxonomy":"category","embeddable":true,"href":"https:\/\/blogg.svenskakyrkan.se\/vandravagen\/wp-json\/wp\/v2\/categories?post=6754"},{"taxonomy":"post_tag","embeddable":true,"href":"https:\/\/blogg.svenskakyrkan.se\/vandravagen\/wp-json\/wp\/v2\/tags?post=6754"}],"curies":[{"name":"wp","href":"https:\/\/api.w.org\/{rel}","templated":true}]}}