{"id":678,"date":"2013-03-07T11:18:00","date_gmt":"2013-03-07T10:18:00","guid":{"rendered":"http:\/\/blogg.svenskakyrkan.se\/vandravagen\/2013\/03\/07\/saker-alla-vet-om-kristen-tro-del-viii-de-forstor-sina-barn\/"},"modified":"2013-03-07T11:18:00","modified_gmt":"2013-03-07T10:18:00","slug":"saker-alla-vet-om-kristen-tro-del-viii-de-forstor-sina-barn","status":"publish","type":"post","link":"https:\/\/blogg.svenskakyrkan.se\/vandravagen\/2013\/03\/07\/saker-alla-vet-om-kristen-tro-del-viii-de-forstor-sina-barn\/","title":{"rendered":"Saker alla &quot;vet&quot; om kristen tro del VIII; De f\u00f6rst\u00f6r sina barn"},"content":{"rendered":"<table align=\"center\" cellpadding=\"0\" cellspacing=\"0\">\n<tbody>\n<tr>\n<td><a href=\"http:\/\/runeberg.org\/frostmo\/0025s.jpg\"><img loading=\"lazy\" decoding=\"async\" border=\"0\" height=\"313\" src=\"http:\/\/runeberg.org\/frostmo\/0025s.jpg\" width=\"400\"><\/a><\/td>\n<\/tr>\n<tr>\n<td>Barn som har det tufft. P\u00e5 Frostmofj\u00e4llet&#8230;<\/td>\n<\/tr>\n<\/tbody>\n<\/table>\n<p><span><br \/><\/span><span>D\u00e5 var vi framme vid den sista delen i serien om s\u00e5dant alla &#8221;vet&#8221; om kristen tro. Jag har valt att kalla den &#8221;De f\u00f6rst\u00f6r sina barn&#8221;, kanske skulle man satt dit &#8221;med religion&#8221; ocks\u00e5 men jag tror \u00e4nd\u00e5 tankarna g\u00e5r dit\u00e5t.<\/span><br \/><span><span><br \/><\/span><span>Religi\u00f6sa m\u00e4nniskor f\u00f6rst\u00f6r sina barn med religion. S\u00e5 framst\u00e5r det i alla fall ofta nog i debatter i media. R\u00f6ster h\u00f6js mot religi\u00f6sa friskolor men ocks\u00e5 r\u00e4tt ofta mot s\u00e5dant som barndop &#8221;mot barnets vilja&#8221; och religi\u00f6s p\u00e5verkar \u00f6ver huvud taget. Det kanske \u00e4r begripligt med tanke p\u00e5 att medier alltid gr\u00e4ver fram de mest extrema formerna av religion samtidigt som kunskap om den kristna traditionen minskar i v\u00e5rt land men i grund och botten \u00e4r det fel.<\/span><\/span><br \/><span><span><br \/><\/span><span>Det finns f\u00f6rst\u00e5s m\u00e5nga kristna som \u00e4r d\u00e5liga f\u00f6r\u00e4ldrar. Kanske inte st\u00f6rre andel \u00e4n andra f\u00f6r\u00e4ldrar skulle jag dock misst\u00e4nka.\u00a0<\/span><\/span><br \/><span><span><br \/><\/span><span>Det finns tv\u00e5 saker jag tycker \u00e4r v\u00e4rt att n\u00e4mna om det h\u00e4r. F\u00f6rst handlar det om vilken syn som r\u00e5der om barn och religion i v\u00e5rt samh\u00e4lle. Ofta framst\u00e5r det som <\/span><span>att religion i sig skulle vara n\u00e5got ont som barn ska skyddas ifr\u00e5n. S\u00e5 \u00e4r det f\u00f6rst\u00e5s inte, i alla fall inte speciellt ofta. Det \u00e4r till och med s\u00e5 att r\u00e4tt till en tro st\u00e5r med i barnkonventionen. Barn har r\u00e4tt att f\u00e5 ut\u00f6va en tro de ocks\u00e5 utifr\u00e5n sina f\u00f6ruts\u00e4ttningar. Religion och kristen trosut\u00f6vning pr\u00e4glas av de som f\u00f6rmedlar den till barnen vilket g\u00f6r att det mer \u00e4r en fr\u00e5ga om <i>hur<\/i> kristen tro kan f\u00e5 en positiv roll i livet \u00e4n <i>om<\/i>.<\/span><\/span><br \/><span><span><br \/><\/span><span>Det andra jag inv\u00e4nder mot \u00e4r att troende f\u00f6r\u00e4ldrar skulle vara annorlunda \u00e4n andra genom att pracka p\u00e5 sina barn en massa trosuppfattningar och v\u00e4rderingar. Det g\u00f6r n\u00e4mligen alla f\u00f6r\u00e4ldrar, det \u00e4r oundvikligt. Man st\u00e5r inte p\u00e5 n\u00e5gon slags neutral mark bara f\u00f6r att man saknar\u00a0gudstro. Nej, att avvisa religion \u00e4r precis lika mycket ett st\u00e4llningstagande byggt p\u00e5 olika antaganden om tillvaron.\u00a0Den som tror att det inte finns n\u00e5gon Gud eller att alla religioner \u00e4r lika bra v\u00e4gar till Gud f\u00f6rmedlar inte n\u00e5gon mer neutral sanning utan bara en annan \u00e5sikt.<\/span><\/span><\/p>\n<p>Vad har du blivit uppfostrad till f\u00f6r v\u00e4rderingar och sanningar?<\/p>\n","protected":false},"excerpt":{"rendered":"<p>Barn som har det tufft. P\u00e5 Frostmofj\u00e4llet&#8230; D\u00e5 var vi framme vid den sista delen i serien om s\u00e5dant alla &#8221;vet&#8221; om kristen tro. Jag har valt att kalla den &#8221;De f\u00f6rst\u00f6r sina barn&#8221;, kanske skulle man satt dit &#8221;med religion&#8221; ocks\u00e5 men jag tror \u00e4nd\u00e5 tankarna g\u00e5r dit\u00e5t.Religi\u00f6sa m\u00e4nniskor f\u00f6rst\u00f6r sina barn med religion. [&hellip;]<\/p>\n","protected":false},"author":392,"featured_media":0,"comment_status":"open","ping_status":"open","sticky":false,"template":"","format":"standard","meta":{"_acf_changed":false,"footnotes":""},"categories":[75887,117],"tags":[],"class_list":["post-678","post","type-post","status-publish","format-standard","hentry","category-andlighet","category-teologi"],"acf":[],"yoast_head":"<!-- This site is optimized with the Yoast SEO plugin v27.1.1 - https:\/\/yoast.com\/product\/yoast-seo-wordpress\/ -->\n<title>Saker alla &quot;vet&quot; om kristen tro del VIII; De f\u00f6rst\u00f6r sina barn - Vandra V\u00e4gen<\/title>\n<meta name=\"robots\" content=\"index, follow, max-snippet:-1, max-image-preview:large, max-video-preview:-1\" \/>\n<link rel=\"canonical\" href=\"https:\/\/blogg.svenskakyrkan.se\/vandravagen\/2013\/03\/07\/saker-alla-vet-om-kristen-tro-del-viii-de-forstor-sina-barn\/\" \/>\n<meta property=\"og:locale\" content=\"sv_SE\" \/>\n<meta property=\"og:type\" content=\"article\" \/>\n<meta property=\"og:title\" content=\"Saker alla &quot;vet&quot; om kristen tro del VIII; De f\u00f6rst\u00f6r sina barn - Vandra V\u00e4gen\" \/>\n<meta property=\"og:description\" content=\"Barn som har det tufft. P\u00e5 Frostmofj\u00e4llet&#8230; D\u00e5 var vi framme vid den sista delen i serien om s\u00e5dant alla &#8221;vet&#8221; om kristen tro. Jag har valt att kalla den &#8221;De f\u00f6rst\u00f6r sina barn&#8221;, kanske skulle man satt dit &#8221;med religion&#8221; ocks\u00e5 men jag tror \u00e4nd\u00e5 tankarna g\u00e5r dit\u00e5t.Religi\u00f6sa m\u00e4nniskor f\u00f6rst\u00f6r sina barn med religion. [&hellip;]\" \/>\n<meta property=\"og:url\" content=\"https:\/\/blogg.svenskakyrkan.se\/vandravagen\/2013\/03\/07\/saker-alla-vet-om-kristen-tro-del-viii-de-forstor-sina-barn\/\" \/>\n<meta property=\"og:site_name\" content=\"Vandra V\u00e4gen\" \/>\n<meta property=\"article:publisher\" content=\"http:\/\/facebook.com\/vandravagen\" \/>\n<meta property=\"article:published_time\" content=\"2013-03-07T10:18:00+00:00\" \/>\n<meta property=\"og:image\" content=\"http:\/\/runeberg.org\/frostmo\/0025s.jpg\" \/>\n<meta name=\"author\" content=\"Tomas Jarvid\" \/>\n<meta name=\"twitter:card\" content=\"summary_large_image\" \/>\n<meta name=\"twitter:creator\" content=\"@fadertomas\" \/>\n<meta name=\"twitter:site\" content=\"@fadertomas\" \/>\n<meta name=\"twitter:label1\" content=\"Skriven av\" \/>\n\t<meta name=\"twitter:data1\" content=\"Tomas Jarvid\" \/>\n\t<meta name=\"twitter:label2\" content=\"Ber\u00e4knad l\u00e4stid\" \/>\n\t<meta name=\"twitter:data2\" content=\"2 minuter\" \/>\n<script type=\"application\/ld+json\" class=\"yoast-schema-graph\">{\"@context\":\"https:\/\/schema.org\",\"@graph\":[{\"@type\":\"Article\",\"@id\":\"https:\/\/blogg.svenskakyrkan.se\/vandravagen\/2013\/03\/07\/saker-alla-vet-om-kristen-tro-del-viii-de-forstor-sina-barn\/#article\",\"isPartOf\":{\"@id\":\"https:\/\/blogg.svenskakyrkan.se\/vandravagen\/2013\/03\/07\/saker-alla-vet-om-kristen-tro-del-viii-de-forstor-sina-barn\/\"},\"author\":{\"name\":\"Tomas Jarvid\",\"@id\":\"https:\/\/blogg.svenskakyrkan.se\/vandravagen\/#\/schema\/person\/25da02d4f76b137d04291711e2c9fc16\"},\"headline\":\"Saker alla &quot;vet&quot; om kristen tro del VIII; De f\u00f6rst\u00f6r sina barn\",\"datePublished\":\"2013-03-07T10:18:00+00:00\",\"mainEntityOfPage\":{\"@id\":\"https:\/\/blogg.svenskakyrkan.se\/vandravagen\/2013\/03\/07\/saker-alla-vet-om-kristen-tro-del-viii-de-forstor-sina-barn\/\"},\"wordCount\":455,\"commentCount\":3,\"publisher\":{\"@id\":\"https:\/\/blogg.svenskakyrkan.se\/vandravagen\/#organization\"},\"image\":{\"@id\":\"https:\/\/blogg.svenskakyrkan.se\/vandravagen\/2013\/03\/07\/saker-alla-vet-om-kristen-tro-del-viii-de-forstor-sina-barn\/#primaryimage\"},\"thumbnailUrl\":\"http:\/\/runeberg.org\/frostmo\/0025s.jpg\",\"articleSection\":[\"andlighet\",\"Teologi\"],\"inLanguage\":\"sv-SE\",\"potentialAction\":[{\"@type\":\"CommentAction\",\"name\":\"Comment\",\"target\":[\"https:\/\/blogg.svenskakyrkan.se\/vandravagen\/2013\/03\/07\/saker-alla-vet-om-kristen-tro-del-viii-de-forstor-sina-barn\/#respond\"]}]},{\"@type\":\"WebPage\",\"@id\":\"https:\/\/blogg.svenskakyrkan.se\/vandravagen\/2013\/03\/07\/saker-alla-vet-om-kristen-tro-del-viii-de-forstor-sina-barn\/\",\"url\":\"https:\/\/blogg.svenskakyrkan.se\/vandravagen\/2013\/03\/07\/saker-alla-vet-om-kristen-tro-del-viii-de-forstor-sina-barn\/\",\"name\":\"Saker alla &quot;vet&quot; om kristen tro del VIII; De f\u00f6rst\u00f6r sina barn - Vandra V\u00e4gen\",\"isPartOf\":{\"@id\":\"https:\/\/blogg.svenskakyrkan.se\/vandravagen\/#website\"},\"primaryImageOfPage\":{\"@id\":\"https:\/\/blogg.svenskakyrkan.se\/vandravagen\/2013\/03\/07\/saker-alla-vet-om-kristen-tro-del-viii-de-forstor-sina-barn\/#primaryimage\"},\"image\":{\"@id\":\"https:\/\/blogg.svenskakyrkan.se\/vandravagen\/2013\/03\/07\/saker-alla-vet-om-kristen-tro-del-viii-de-forstor-sina-barn\/#primaryimage\"},\"thumbnailUrl\":\"http:\/\/runeberg.org\/frostmo\/0025s.jpg\",\"datePublished\":\"2013-03-07T10:18:00+00:00\",\"breadcrumb\":{\"@id\":\"https:\/\/blogg.svenskakyrkan.se\/vandravagen\/2013\/03\/07\/saker-alla-vet-om-kristen-tro-del-viii-de-forstor-sina-barn\/#breadcrumb\"},\"inLanguage\":\"sv-SE\",\"potentialAction\":[{\"@type\":\"ReadAction\",\"target\":[\"https:\/\/blogg.svenskakyrkan.se\/vandravagen\/2013\/03\/07\/saker-alla-vet-om-kristen-tro-del-viii-de-forstor-sina-barn\/\"]}]},{\"@type\":\"ImageObject\",\"inLanguage\":\"sv-SE\",\"@id\":\"https:\/\/blogg.svenskakyrkan.se\/vandravagen\/2013\/03\/07\/saker-alla-vet-om-kristen-tro-del-viii-de-forstor-sina-barn\/#primaryimage\",\"url\":\"http:\/\/runeberg.org\/frostmo\/0025s.jpg\",\"contentUrl\":\"http:\/\/runeberg.org\/frostmo\/0025s.jpg\"},{\"@type\":\"BreadcrumbList\",\"@id\":\"https:\/\/blogg.svenskakyrkan.se\/vandravagen\/2013\/03\/07\/saker-alla-vet-om-kristen-tro-del-viii-de-forstor-sina-barn\/#breadcrumb\",\"itemListElement\":[{\"@type\":\"ListItem\",\"position\":1,\"name\":\"Hem\",\"item\":\"https:\/\/blogg.svenskakyrkan.se\/vandravagen\/\"},{\"@type\":\"ListItem\",\"position\":2,\"name\":\"Saker alla &quot;vet&quot; om kristen tro del VIII; De f\u00f6rst\u00f6r sina barn\"}]},{\"@type\":\"WebSite\",\"@id\":\"https:\/\/blogg.svenskakyrkan.se\/vandravagen\/#website\",\"url\":\"https:\/\/blogg.svenskakyrkan.se\/vandravagen\/\",\"name\":\"Vandra V\u00e4gen\",\"description\":\"-Mot en tro f\u00f6r hela livet\",\"publisher\":{\"@id\":\"https:\/\/blogg.svenskakyrkan.se\/vandravagen\/#organization\"},\"potentialAction\":[{\"@type\":\"SearchAction\",\"target\":{\"@type\":\"EntryPoint\",\"urlTemplate\":\"https:\/\/blogg.svenskakyrkan.se\/vandravagen\/?s={search_term_string}\"},\"query-input\":{\"@type\":\"PropertyValueSpecification\",\"valueRequired\":true,\"valueName\":\"search_term_string\"}}],\"inLanguage\":\"sv-SE\"},{\"@type\":\"Organization\",\"@id\":\"https:\/\/blogg.svenskakyrkan.se\/vandravagen\/#organization\",\"name\":\"ulricehamns pastorat\",\"alternateName\":\"ulricehamns pastorat\",\"url\":\"https:\/\/blogg.svenskakyrkan.se\/vandravagen\/\",\"logo\":{\"@type\":\"ImageObject\",\"inLanguage\":\"sv-SE\",\"@id\":\"https:\/\/blogg.svenskakyrkan.se\/vandravagen\/#\/schema\/logo\/image\/\",\"url\":\"https:\/\/blogg.svenskakyrkan.se\/vandravagen\/files\/2023\/05\/Ulr_logo_RGB.png\",\"contentUrl\":\"https:\/\/blogg.svenskakyrkan.se\/vandravagen\/files\/2023\/05\/Ulr_logo_RGB.png\",\"width\":205,\"height\":77,\"caption\":\"ulricehamns pastorat\"},\"image\":{\"@id\":\"https:\/\/blogg.svenskakyrkan.se\/vandravagen\/#\/schema\/logo\/image\/\"},\"sameAs\":[\"http:\/\/facebook.com\/vandravagen\",\"https:\/\/x.com\/fadertomas\",\"http:\/\/www.facebook.com\/svenskakyrkaniulricehamn\"]},{\"@type\":\"Person\",\"@id\":\"https:\/\/blogg.svenskakyrkan.se\/vandravagen\/#\/schema\/person\/25da02d4f76b137d04291711e2c9fc16\",\"name\":\"Tomas Jarvid\",\"image\":{\"@type\":\"ImageObject\",\"inLanguage\":\"sv-SE\",\"@id\":\"https:\/\/blogg.svenskakyrkan.se\/vandravagen\/#\/schema\/person\/image\/\",\"url\":\"https:\/\/secure.gravatar.com\/avatar\/7fa71899795e8f540f615a1f5ab25255dc27aa40f05ee7ddd21aac521e01bf50?s=96&d=identicon&r=g\",\"contentUrl\":\"https:\/\/secure.gravatar.com\/avatar\/7fa71899795e8f540f615a1f5ab25255dc27aa40f05ee7ddd21aac521e01bf50?s=96&d=identicon&r=g\",\"caption\":\"Tomas Jarvid\"},\"description\":\"Jag bor i Ulricehamn i V\u00e4sterg\u00f6tland och \u00e4r f\u00f6rsamlingspr\u00e4st i Svenska Kyrkan f\u00f6r Dalstorps f\u00f6rsamling i Kinds pastorat. P\u00e5 den h\u00e4r bloggen skriver jag ner tankar om vandringen som kristen.\",\"sameAs\":[\"http:\/\/www.vandravagen.se\"],\"url\":\"https:\/\/blogg.svenskakyrkan.se\/vandravagen\/author\/vandravagen\/\"}]}<\/script>\n<!-- \/ Yoast SEO plugin. -->","yoast_head_json":{"title":"Saker alla &quot;vet&quot; om kristen tro del VIII; De f\u00f6rst\u00f6r sina barn - Vandra V\u00e4gen","robots":{"index":"index","follow":"follow","max-snippet":"max-snippet:-1","max-image-preview":"max-image-preview:large","max-video-preview":"max-video-preview:-1"},"canonical":"https:\/\/blogg.svenskakyrkan.se\/vandravagen\/2013\/03\/07\/saker-alla-vet-om-kristen-tro-del-viii-de-forstor-sina-barn\/","og_locale":"sv_SE","og_type":"article","og_title":"Saker alla &quot;vet&quot; om kristen tro del VIII; De f\u00f6rst\u00f6r sina barn - Vandra V\u00e4gen","og_description":"Barn som har det tufft. P\u00e5 Frostmofj\u00e4llet&#8230; D\u00e5 var vi framme vid den sista delen i serien om s\u00e5dant alla &#8221;vet&#8221; om kristen tro. Jag har valt att kalla den &#8221;De f\u00f6rst\u00f6r sina barn&#8221;, kanske skulle man satt dit &#8221;med religion&#8221; ocks\u00e5 men jag tror \u00e4nd\u00e5 tankarna g\u00e5r dit\u00e5t.Religi\u00f6sa m\u00e4nniskor f\u00f6rst\u00f6r sina barn med religion. [&hellip;]","og_url":"https:\/\/blogg.svenskakyrkan.se\/vandravagen\/2013\/03\/07\/saker-alla-vet-om-kristen-tro-del-viii-de-forstor-sina-barn\/","og_site_name":"Vandra V\u00e4gen","article_publisher":"http:\/\/facebook.com\/vandravagen","article_published_time":"2013-03-07T10:18:00+00:00","og_image":[{"url":"http:\/\/runeberg.org\/frostmo\/0025s.jpg","type":"","width":"","height":""}],"author":"Tomas Jarvid","twitter_card":"summary_large_image","twitter_creator":"@fadertomas","twitter_site":"@fadertomas","twitter_misc":{"Skriven av":"Tomas Jarvid","Ber\u00e4knad l\u00e4stid":"2 minuter"},"schema":{"@context":"https:\/\/schema.org","@graph":[{"@type":"Article","@id":"https:\/\/blogg.svenskakyrkan.se\/vandravagen\/2013\/03\/07\/saker-alla-vet-om-kristen-tro-del-viii-de-forstor-sina-barn\/#article","isPartOf":{"@id":"https:\/\/blogg.svenskakyrkan.se\/vandravagen\/2013\/03\/07\/saker-alla-vet-om-kristen-tro-del-viii-de-forstor-sina-barn\/"},"author":{"name":"Tomas Jarvid","@id":"https:\/\/blogg.svenskakyrkan.se\/vandravagen\/#\/schema\/person\/25da02d4f76b137d04291711e2c9fc16"},"headline":"Saker alla &quot;vet&quot; om kristen tro del VIII; De f\u00f6rst\u00f6r sina barn","datePublished":"2013-03-07T10:18:00+00:00","mainEntityOfPage":{"@id":"https:\/\/blogg.svenskakyrkan.se\/vandravagen\/2013\/03\/07\/saker-alla-vet-om-kristen-tro-del-viii-de-forstor-sina-barn\/"},"wordCount":455,"commentCount":3,"publisher":{"@id":"https:\/\/blogg.svenskakyrkan.se\/vandravagen\/#organization"},"image":{"@id":"https:\/\/blogg.svenskakyrkan.se\/vandravagen\/2013\/03\/07\/saker-alla-vet-om-kristen-tro-del-viii-de-forstor-sina-barn\/#primaryimage"},"thumbnailUrl":"http:\/\/runeberg.org\/frostmo\/0025s.jpg","articleSection":["andlighet","Teologi"],"inLanguage":"sv-SE","potentialAction":[{"@type":"CommentAction","name":"Comment","target":["https:\/\/blogg.svenskakyrkan.se\/vandravagen\/2013\/03\/07\/saker-alla-vet-om-kristen-tro-del-viii-de-forstor-sina-barn\/#respond"]}]},{"@type":"WebPage","@id":"https:\/\/blogg.svenskakyrkan.se\/vandravagen\/2013\/03\/07\/saker-alla-vet-om-kristen-tro-del-viii-de-forstor-sina-barn\/","url":"https:\/\/blogg.svenskakyrkan.se\/vandravagen\/2013\/03\/07\/saker-alla-vet-om-kristen-tro-del-viii-de-forstor-sina-barn\/","name":"Saker alla &quot;vet&quot; om kristen tro del VIII; De f\u00f6rst\u00f6r sina barn - Vandra V\u00e4gen","isPartOf":{"@id":"https:\/\/blogg.svenskakyrkan.se\/vandravagen\/#website"},"primaryImageOfPage":{"@id":"https:\/\/blogg.svenskakyrkan.se\/vandravagen\/2013\/03\/07\/saker-alla-vet-om-kristen-tro-del-viii-de-forstor-sina-barn\/#primaryimage"},"image":{"@id":"https:\/\/blogg.svenskakyrkan.se\/vandravagen\/2013\/03\/07\/saker-alla-vet-om-kristen-tro-del-viii-de-forstor-sina-barn\/#primaryimage"},"thumbnailUrl":"http:\/\/runeberg.org\/frostmo\/0025s.jpg","datePublished":"2013-03-07T10:18:00+00:00","breadcrumb":{"@id":"https:\/\/blogg.svenskakyrkan.se\/vandravagen\/2013\/03\/07\/saker-alla-vet-om-kristen-tro-del-viii-de-forstor-sina-barn\/#breadcrumb"},"inLanguage":"sv-SE","potentialAction":[{"@type":"ReadAction","target":["https:\/\/blogg.svenskakyrkan.se\/vandravagen\/2013\/03\/07\/saker-alla-vet-om-kristen-tro-del-viii-de-forstor-sina-barn\/"]}]},{"@type":"ImageObject","inLanguage":"sv-SE","@id":"https:\/\/blogg.svenskakyrkan.se\/vandravagen\/2013\/03\/07\/saker-alla-vet-om-kristen-tro-del-viii-de-forstor-sina-barn\/#primaryimage","url":"http:\/\/runeberg.org\/frostmo\/0025s.jpg","contentUrl":"http:\/\/runeberg.org\/frostmo\/0025s.jpg"},{"@type":"BreadcrumbList","@id":"https:\/\/blogg.svenskakyrkan.se\/vandravagen\/2013\/03\/07\/saker-alla-vet-om-kristen-tro-del-viii-de-forstor-sina-barn\/#breadcrumb","itemListElement":[{"@type":"ListItem","position":1,"name":"Hem","item":"https:\/\/blogg.svenskakyrkan.se\/vandravagen\/"},{"@type":"ListItem","position":2,"name":"Saker alla &quot;vet&quot; om kristen tro del VIII; De f\u00f6rst\u00f6r sina barn"}]},{"@type":"WebSite","@id":"https:\/\/blogg.svenskakyrkan.se\/vandravagen\/#website","url":"https:\/\/blogg.svenskakyrkan.se\/vandravagen\/","name":"Vandra V\u00e4gen","description":"-Mot en tro f\u00f6r hela livet","publisher":{"@id":"https:\/\/blogg.svenskakyrkan.se\/vandravagen\/#organization"},"potentialAction":[{"@type":"SearchAction","target":{"@type":"EntryPoint","urlTemplate":"https:\/\/blogg.svenskakyrkan.se\/vandravagen\/?s={search_term_string}"},"query-input":{"@type":"PropertyValueSpecification","valueRequired":true,"valueName":"search_term_string"}}],"inLanguage":"sv-SE"},{"@type":"Organization","@id":"https:\/\/blogg.svenskakyrkan.se\/vandravagen\/#organization","name":"ulricehamns pastorat","alternateName":"ulricehamns pastorat","url":"https:\/\/blogg.svenskakyrkan.se\/vandravagen\/","logo":{"@type":"ImageObject","inLanguage":"sv-SE","@id":"https:\/\/blogg.svenskakyrkan.se\/vandravagen\/#\/schema\/logo\/image\/","url":"https:\/\/blogg.svenskakyrkan.se\/vandravagen\/files\/2023\/05\/Ulr_logo_RGB.png","contentUrl":"https:\/\/blogg.svenskakyrkan.se\/vandravagen\/files\/2023\/05\/Ulr_logo_RGB.png","width":205,"height":77,"caption":"ulricehamns pastorat"},"image":{"@id":"https:\/\/blogg.svenskakyrkan.se\/vandravagen\/#\/schema\/logo\/image\/"},"sameAs":["http:\/\/facebook.com\/vandravagen","https:\/\/x.com\/fadertomas","http:\/\/www.facebook.com\/svenskakyrkaniulricehamn"]},{"@type":"Person","@id":"https:\/\/blogg.svenskakyrkan.se\/vandravagen\/#\/schema\/person\/25da02d4f76b137d04291711e2c9fc16","name":"Tomas Jarvid","image":{"@type":"ImageObject","inLanguage":"sv-SE","@id":"https:\/\/blogg.svenskakyrkan.se\/vandravagen\/#\/schema\/person\/image\/","url":"https:\/\/secure.gravatar.com\/avatar\/7fa71899795e8f540f615a1f5ab25255dc27aa40f05ee7ddd21aac521e01bf50?s=96&d=identicon&r=g","contentUrl":"https:\/\/secure.gravatar.com\/avatar\/7fa71899795e8f540f615a1f5ab25255dc27aa40f05ee7ddd21aac521e01bf50?s=96&d=identicon&r=g","caption":"Tomas Jarvid"},"description":"Jag bor i Ulricehamn i V\u00e4sterg\u00f6tland och \u00e4r f\u00f6rsamlingspr\u00e4st i Svenska Kyrkan f\u00f6r Dalstorps f\u00f6rsamling i Kinds pastorat. P\u00e5 den h\u00e4r bloggen skriver jag ner tankar om vandringen som kristen.","sameAs":["http:\/\/www.vandravagen.se"],"url":"https:\/\/blogg.svenskakyrkan.se\/vandravagen\/author\/vandravagen\/"}]}},"author_meta":{"ID":"392","user_nicename":"vandravagen","user_url":"http:\/\/www.vandravagen.se","user_registered":"2014-05-19 05:44:52","display_name":"Tomas Jarvid","first_name":"Tomas","last_name":"Jarvid","avatar":"https:\/\/secure.gravatar.com\/avatar\/7fa71899795e8f540f615a1f5ab25255dc27aa40f05ee7ddd21aac521e01bf50?s=96&d=identicon&r=g"},"featured_image":false,"bloginfo":{"name":"Vandra V\u00e4gen","url":"https:\/\/blogg.svenskakyrkan.se\/vandravagen"},"_links":{"self":[{"href":"https:\/\/blogg.svenskakyrkan.se\/vandravagen\/wp-json\/wp\/v2\/posts\/678","targetHints":{"allow":["GET"]}}],"collection":[{"href":"https:\/\/blogg.svenskakyrkan.se\/vandravagen\/wp-json\/wp\/v2\/posts"}],"about":[{"href":"https:\/\/blogg.svenskakyrkan.se\/vandravagen\/wp-json\/wp\/v2\/types\/post"}],"author":[{"embeddable":true,"href":"https:\/\/blogg.svenskakyrkan.se\/vandravagen\/wp-json\/wp\/v2\/users\/392"}],"replies":[{"embeddable":true,"href":"https:\/\/blogg.svenskakyrkan.se\/vandravagen\/wp-json\/wp\/v2\/comments?post=678"}],"version-history":[{"count":0,"href":"https:\/\/blogg.svenskakyrkan.se\/vandravagen\/wp-json\/wp\/v2\/posts\/678\/revisions"}],"wp:attachment":[{"href":"https:\/\/blogg.svenskakyrkan.se\/vandravagen\/wp-json\/wp\/v2\/media?parent=678"}],"wp:term":[{"taxonomy":"category","embeddable":true,"href":"https:\/\/blogg.svenskakyrkan.se\/vandravagen\/wp-json\/wp\/v2\/categories?post=678"},{"taxonomy":"post_tag","embeddable":true,"href":"https:\/\/blogg.svenskakyrkan.se\/vandravagen\/wp-json\/wp\/v2\/tags?post=678"}],"curies":[{"name":"wp","href":"https:\/\/api.w.org\/{rel}","templated":true}]}}