{"id":681,"date":"2013-03-06T10:17:00","date_gmt":"2013-03-06T09:17:00","guid":{"rendered":"http:\/\/blogg.svenskakyrkan.se\/vandravagen\/2013\/03\/06\/fantastiska-ikoner-i-skara\/"},"modified":"2013-03-06T10:17:00","modified_gmt":"2013-03-06T09:17:00","slug":"fantastiska-ikoner-i-skara","status":"publish","type":"post","link":"https:\/\/blogg.svenskakyrkan.se\/vandravagen\/2013\/03\/06\/fantastiska-ikoner-i-skara\/","title":{"rendered":"Fantastiska ikoner i Skara!"},"content":{"rendered":"<table align=\"center\" cellpadding=\"0\" cellspacing=\"0\">\n<tbody>\n<tr>\n<td><a href=\"http:\/\/1.bp.blogspot.com\/-pQW9NPtWqZo\/UK-E0B42NbI\/AAAAAAAABII\/xFhrsoTiKo8\/s1600\/blogger-image-1762679718.jpg\"><img loading=\"lazy\" decoding=\"async\" border=\"0\" height=\"300\" src=\"http:\/\/1.bp.blogspot.com\/-pQW9NPtWqZo\/UK-E0B42NbI\/AAAAAAAABII\/xFhrsoTiKo8\/s400\/blogger-image-1762679718.jpg\" width=\"400\"><\/a><\/td>\n<\/tr>\n<tr>\n<td>Christina och n\u00e5gra av hennes ikoner<\/td>\n<\/tr>\n<\/tbody>\n<\/table>\n<p>Nu kan du som bor i skaratrakten se fantastiska ikoner i Skara domkyrka. Det kan kanske ocks\u00e5 du som bor p\u00e5 annat h\u00e5ll f\u00f6r den delen f\u00f6r de reser runt mellan katedraler i landet.<\/p>\n<p>Det \u00e4r Christina Lundstr\u00f6ms ikonserie om heliga Birgitta och hennes pilgrimsf\u00e4rder som kommer hit. Jag har ju haft gl\u00e4djen att bes\u00f6ka Christina i \u00c5kerby intill B\u00e4linge (och det har jag skrivit om <a href=\"http:\/\/vagenixp.blogspot.se\/2012\/11\/pa-besok-hos-ikonograf-christina.html\">h\u00e4r p\u00e5 bloggen ocks\u00e5<\/a>). Hon \u00e4r traditionsf\u00f6rvaltare och f\u00f6rnyare av ikonm\u00e5lningen och anpassar den delvis till v\u00e5r kultur. Jag har sett Birgittaikonerna p\u00e5 bild men ser fram emot att se dem i storformat.<\/p>\n<p>Ikonerna visas i Skara domkyrka 12-24 mars och den 14e blir det n\u00e5gon slags f\u00f6redrag kring ikonerna av domprost och komminister. Det finns ocks\u00e5 en tonsatt dikt av Ylva Eggehorn till ikonerna, s\u00e4kert kommer den att framf\u00f6ras p\u00e5 n\u00e5got s\u00e4tt.<\/p>\n<p>L\u00e4s i alla fall mer om utst\u00e4llningen p\u00e5 <a href=\"http:\/\/www.skarapastorat.se\/alias\/users\/10001\/Skara+domkyrka+Utst%E4llningar,10472,0.html\">pastoratets hemsida h\u00e4r<\/a>, och titta p\u00e5 alla fantastiska ikoner p\u00e5 <a href=\"http:\/\/www.ikonograf.se\/\">Christinas hemsida<\/a> ocks\u00e5.<\/p>\n<p>Det h\u00e4r f\u00e5r ni inte missa!<\/p>\n","protected":false},"excerpt":{"rendered":"<p>Christina och n\u00e5gra av hennes ikoner Nu kan du som bor i skaratrakten se fantastiska ikoner i Skara domkyrka. Det kan kanske ocks\u00e5 du som bor p\u00e5 annat h\u00e5ll f\u00f6r den delen f\u00f6r de reser runt mellan katedraler i landet. Det \u00e4r Christina Lundstr\u00f6ms ikonserie om heliga Birgitta och hennes pilgrimsf\u00e4rder som kommer hit. Jag [&hellip;]<\/p>\n","protected":false},"author":392,"featured_media":0,"comment_status":"open","ping_status":"open","sticky":false,"template":"","format":"standard","meta":{"_acf_changed":false,"footnotes":""},"categories":[76766],"tags":[],"class_list":["post-681","post","type-post","status-publish","format-standard","hentry","category-blandat"],"acf":[],"yoast_head":"<!-- This site is optimized with the Yoast SEO plugin v27.1.1 - https:\/\/yoast.com\/product\/yoast-seo-wordpress\/ -->\n<title>Fantastiska ikoner i Skara! - Vandra V\u00e4gen<\/title>\n<meta name=\"robots\" content=\"index, follow, max-snippet:-1, max-image-preview:large, max-video-preview:-1\" \/>\n<link rel=\"canonical\" href=\"https:\/\/blogg.svenskakyrkan.se\/vandravagen\/2013\/03\/06\/fantastiska-ikoner-i-skara\/\" \/>\n<meta property=\"og:locale\" content=\"sv_SE\" \/>\n<meta property=\"og:type\" content=\"article\" \/>\n<meta property=\"og:title\" content=\"Fantastiska ikoner i Skara! - Vandra V\u00e4gen\" \/>\n<meta property=\"og:description\" content=\"Christina och n\u00e5gra av hennes ikoner Nu kan du som bor i skaratrakten se fantastiska ikoner i Skara domkyrka. Det kan kanske ocks\u00e5 du som bor p\u00e5 annat h\u00e5ll f\u00f6r den delen f\u00f6r de reser runt mellan katedraler i landet. Det \u00e4r Christina Lundstr\u00f6ms ikonserie om heliga Birgitta och hennes pilgrimsf\u00e4rder som kommer hit. Jag [&hellip;]\" \/>\n<meta property=\"og:url\" content=\"https:\/\/blogg.svenskakyrkan.se\/vandravagen\/2013\/03\/06\/fantastiska-ikoner-i-skara\/\" \/>\n<meta property=\"og:site_name\" content=\"Vandra V\u00e4gen\" \/>\n<meta property=\"article:publisher\" content=\"http:\/\/facebook.com\/vandravagen\" \/>\n<meta property=\"article:published_time\" content=\"2013-03-06T09:17:00+00:00\" \/>\n<meta property=\"og:image\" content=\"http:\/\/1.bp.blogspot.com\/-pQW9NPtWqZo\/UK-E0B42NbI\/AAAAAAAABII\/xFhrsoTiKo8\/s400\/blogger-image-1762679718.jpg\" \/>\n<meta name=\"author\" content=\"Tomas Jarvid\" \/>\n<meta name=\"twitter:card\" content=\"summary_large_image\" \/>\n<meta name=\"twitter:creator\" content=\"@fadertomas\" \/>\n<meta name=\"twitter:site\" content=\"@fadertomas\" \/>\n<meta name=\"twitter:label1\" content=\"Skriven av\" \/>\n\t<meta name=\"twitter:data1\" content=\"Tomas Jarvid\" \/>\n\t<meta name=\"twitter:label2\" content=\"Ber\u00e4knad l\u00e4stid\" \/>\n\t<meta name=\"twitter:data2\" content=\"1 minut\" \/>\n<script type=\"application\/ld+json\" class=\"yoast-schema-graph\">{\"@context\":\"https:\/\/schema.org\",\"@graph\":[{\"@type\":\"Article\",\"@id\":\"https:\/\/blogg.svenskakyrkan.se\/vandravagen\/2013\/03\/06\/fantastiska-ikoner-i-skara\/#article\",\"isPartOf\":{\"@id\":\"https:\/\/blogg.svenskakyrkan.se\/vandravagen\/2013\/03\/06\/fantastiska-ikoner-i-skara\/\"},\"author\":{\"name\":\"Tomas Jarvid\",\"@id\":\"https:\/\/blogg.svenskakyrkan.se\/vandravagen\/#\/schema\/person\/25da02d4f76b137d04291711e2c9fc16\"},\"headline\":\"Fantastiska ikoner i Skara!\",\"datePublished\":\"2013-03-06T09:17:00+00:00\",\"mainEntityOfPage\":{\"@id\":\"https:\/\/blogg.svenskakyrkan.se\/vandravagen\/2013\/03\/06\/fantastiska-ikoner-i-skara\/\"},\"wordCount\":201,\"commentCount\":0,\"publisher\":{\"@id\":\"https:\/\/blogg.svenskakyrkan.se\/vandravagen\/#organization\"},\"image\":{\"@id\":\"https:\/\/blogg.svenskakyrkan.se\/vandravagen\/2013\/03\/06\/fantastiska-ikoner-i-skara\/#primaryimage\"},\"thumbnailUrl\":\"http:\/\/1.bp.blogspot.com\/-pQW9NPtWqZo\/UK-E0B42NbI\/AAAAAAAABII\/xFhrsoTiKo8\/s400\/blogger-image-1762679718.jpg\",\"articleSection\":[\"blandat\"],\"inLanguage\":\"sv-SE\",\"potentialAction\":[{\"@type\":\"CommentAction\",\"name\":\"Comment\",\"target\":[\"https:\/\/blogg.svenskakyrkan.se\/vandravagen\/2013\/03\/06\/fantastiska-ikoner-i-skara\/#respond\"]}]},{\"@type\":\"WebPage\",\"@id\":\"https:\/\/blogg.svenskakyrkan.se\/vandravagen\/2013\/03\/06\/fantastiska-ikoner-i-skara\/\",\"url\":\"https:\/\/blogg.svenskakyrkan.se\/vandravagen\/2013\/03\/06\/fantastiska-ikoner-i-skara\/\",\"name\":\"Fantastiska ikoner i Skara! - Vandra V\u00e4gen\",\"isPartOf\":{\"@id\":\"https:\/\/blogg.svenskakyrkan.se\/vandravagen\/#website\"},\"primaryImageOfPage\":{\"@id\":\"https:\/\/blogg.svenskakyrkan.se\/vandravagen\/2013\/03\/06\/fantastiska-ikoner-i-skara\/#primaryimage\"},\"image\":{\"@id\":\"https:\/\/blogg.svenskakyrkan.se\/vandravagen\/2013\/03\/06\/fantastiska-ikoner-i-skara\/#primaryimage\"},\"thumbnailUrl\":\"http:\/\/1.bp.blogspot.com\/-pQW9NPtWqZo\/UK-E0B42NbI\/AAAAAAAABII\/xFhrsoTiKo8\/s400\/blogger-image-1762679718.jpg\",\"datePublished\":\"2013-03-06T09:17:00+00:00\",\"breadcrumb\":{\"@id\":\"https:\/\/blogg.svenskakyrkan.se\/vandravagen\/2013\/03\/06\/fantastiska-ikoner-i-skara\/#breadcrumb\"},\"inLanguage\":\"sv-SE\",\"potentialAction\":[{\"@type\":\"ReadAction\",\"target\":[\"https:\/\/blogg.svenskakyrkan.se\/vandravagen\/2013\/03\/06\/fantastiska-ikoner-i-skara\/\"]}]},{\"@type\":\"ImageObject\",\"inLanguage\":\"sv-SE\",\"@id\":\"https:\/\/blogg.svenskakyrkan.se\/vandravagen\/2013\/03\/06\/fantastiska-ikoner-i-skara\/#primaryimage\",\"url\":\"http:\/\/1.bp.blogspot.com\/-pQW9NPtWqZo\/UK-E0B42NbI\/AAAAAAAABII\/xFhrsoTiKo8\/s400\/blogger-image-1762679718.jpg\",\"contentUrl\":\"http:\/\/1.bp.blogspot.com\/-pQW9NPtWqZo\/UK-E0B42NbI\/AAAAAAAABII\/xFhrsoTiKo8\/s400\/blogger-image-1762679718.jpg\"},{\"@type\":\"BreadcrumbList\",\"@id\":\"https:\/\/blogg.svenskakyrkan.se\/vandravagen\/2013\/03\/06\/fantastiska-ikoner-i-skara\/#breadcrumb\",\"itemListElement\":[{\"@type\":\"ListItem\",\"position\":1,\"name\":\"Hem\",\"item\":\"https:\/\/blogg.svenskakyrkan.se\/vandravagen\/\"},{\"@type\":\"ListItem\",\"position\":2,\"name\":\"Fantastiska ikoner i Skara!\"}]},{\"@type\":\"WebSite\",\"@id\":\"https:\/\/blogg.svenskakyrkan.se\/vandravagen\/#website\",\"url\":\"https:\/\/blogg.svenskakyrkan.se\/vandravagen\/\",\"name\":\"Vandra V\u00e4gen\",\"description\":\"-Mot en tro f\u00f6r hela livet\",\"publisher\":{\"@id\":\"https:\/\/blogg.svenskakyrkan.se\/vandravagen\/#organization\"},\"potentialAction\":[{\"@type\":\"SearchAction\",\"target\":{\"@type\":\"EntryPoint\",\"urlTemplate\":\"https:\/\/blogg.svenskakyrkan.se\/vandravagen\/?s={search_term_string}\"},\"query-input\":{\"@type\":\"PropertyValueSpecification\",\"valueRequired\":true,\"valueName\":\"search_term_string\"}}],\"inLanguage\":\"sv-SE\"},{\"@type\":\"Organization\",\"@id\":\"https:\/\/blogg.svenskakyrkan.se\/vandravagen\/#organization\",\"name\":\"ulricehamns pastorat\",\"alternateName\":\"ulricehamns pastorat\",\"url\":\"https:\/\/blogg.svenskakyrkan.se\/vandravagen\/\",\"logo\":{\"@type\":\"ImageObject\",\"inLanguage\":\"sv-SE\",\"@id\":\"https:\/\/blogg.svenskakyrkan.se\/vandravagen\/#\/schema\/logo\/image\/\",\"url\":\"https:\/\/blogg.svenskakyrkan.se\/vandravagen\/files\/2023\/05\/Ulr_logo_RGB.png\",\"contentUrl\":\"https:\/\/blogg.svenskakyrkan.se\/vandravagen\/files\/2023\/05\/Ulr_logo_RGB.png\",\"width\":205,\"height\":77,\"caption\":\"ulricehamns pastorat\"},\"image\":{\"@id\":\"https:\/\/blogg.svenskakyrkan.se\/vandravagen\/#\/schema\/logo\/image\/\"},\"sameAs\":[\"http:\/\/facebook.com\/vandravagen\",\"https:\/\/x.com\/fadertomas\",\"http:\/\/www.facebook.com\/svenskakyrkaniulricehamn\"]},{\"@type\":\"Person\",\"@id\":\"https:\/\/blogg.svenskakyrkan.se\/vandravagen\/#\/schema\/person\/25da02d4f76b137d04291711e2c9fc16\",\"name\":\"Tomas Jarvid\",\"image\":{\"@type\":\"ImageObject\",\"inLanguage\":\"sv-SE\",\"@id\":\"https:\/\/blogg.svenskakyrkan.se\/vandravagen\/#\/schema\/person\/image\/\",\"url\":\"https:\/\/secure.gravatar.com\/avatar\/7fa71899795e8f540f615a1f5ab25255dc27aa40f05ee7ddd21aac521e01bf50?s=96&d=identicon&r=g\",\"contentUrl\":\"https:\/\/secure.gravatar.com\/avatar\/7fa71899795e8f540f615a1f5ab25255dc27aa40f05ee7ddd21aac521e01bf50?s=96&d=identicon&r=g\",\"caption\":\"Tomas Jarvid\"},\"description\":\"Jag bor i Ulricehamn i V\u00e4sterg\u00f6tland och \u00e4r f\u00f6rsamlingspr\u00e4st i Svenska Kyrkan f\u00f6r Dalstorps f\u00f6rsamling i Kinds pastorat. P\u00e5 den h\u00e4r bloggen skriver jag ner tankar om vandringen som kristen.\",\"sameAs\":[\"http:\/\/www.vandravagen.se\"],\"url\":\"https:\/\/blogg.svenskakyrkan.se\/vandravagen\/author\/vandravagen\/\"}]}<\/script>\n<!-- \/ Yoast SEO plugin. -->","yoast_head_json":{"title":"Fantastiska ikoner i Skara! - Vandra V\u00e4gen","robots":{"index":"index","follow":"follow","max-snippet":"max-snippet:-1","max-image-preview":"max-image-preview:large","max-video-preview":"max-video-preview:-1"},"canonical":"https:\/\/blogg.svenskakyrkan.se\/vandravagen\/2013\/03\/06\/fantastiska-ikoner-i-skara\/","og_locale":"sv_SE","og_type":"article","og_title":"Fantastiska ikoner i Skara! - Vandra V\u00e4gen","og_description":"Christina och n\u00e5gra av hennes ikoner Nu kan du som bor i skaratrakten se fantastiska ikoner i Skara domkyrka. Det kan kanske ocks\u00e5 du som bor p\u00e5 annat h\u00e5ll f\u00f6r den delen f\u00f6r de reser runt mellan katedraler i landet. Det \u00e4r Christina Lundstr\u00f6ms ikonserie om heliga Birgitta och hennes pilgrimsf\u00e4rder som kommer hit. Jag [&hellip;]","og_url":"https:\/\/blogg.svenskakyrkan.se\/vandravagen\/2013\/03\/06\/fantastiska-ikoner-i-skara\/","og_site_name":"Vandra V\u00e4gen","article_publisher":"http:\/\/facebook.com\/vandravagen","article_published_time":"2013-03-06T09:17:00+00:00","og_image":[{"url":"http:\/\/1.bp.blogspot.com\/-pQW9NPtWqZo\/UK-E0B42NbI\/AAAAAAAABII\/xFhrsoTiKo8\/s400\/blogger-image-1762679718.jpg","type":"","width":"","height":""}],"author":"Tomas Jarvid","twitter_card":"summary_large_image","twitter_creator":"@fadertomas","twitter_site":"@fadertomas","twitter_misc":{"Skriven av":"Tomas Jarvid","Ber\u00e4knad l\u00e4stid":"1 minut"},"schema":{"@context":"https:\/\/schema.org","@graph":[{"@type":"Article","@id":"https:\/\/blogg.svenskakyrkan.se\/vandravagen\/2013\/03\/06\/fantastiska-ikoner-i-skara\/#article","isPartOf":{"@id":"https:\/\/blogg.svenskakyrkan.se\/vandravagen\/2013\/03\/06\/fantastiska-ikoner-i-skara\/"},"author":{"name":"Tomas Jarvid","@id":"https:\/\/blogg.svenskakyrkan.se\/vandravagen\/#\/schema\/person\/25da02d4f76b137d04291711e2c9fc16"},"headline":"Fantastiska ikoner i Skara!","datePublished":"2013-03-06T09:17:00+00:00","mainEntityOfPage":{"@id":"https:\/\/blogg.svenskakyrkan.se\/vandravagen\/2013\/03\/06\/fantastiska-ikoner-i-skara\/"},"wordCount":201,"commentCount":0,"publisher":{"@id":"https:\/\/blogg.svenskakyrkan.se\/vandravagen\/#organization"},"image":{"@id":"https:\/\/blogg.svenskakyrkan.se\/vandravagen\/2013\/03\/06\/fantastiska-ikoner-i-skara\/#primaryimage"},"thumbnailUrl":"http:\/\/1.bp.blogspot.com\/-pQW9NPtWqZo\/UK-E0B42NbI\/AAAAAAAABII\/xFhrsoTiKo8\/s400\/blogger-image-1762679718.jpg","articleSection":["blandat"],"inLanguage":"sv-SE","potentialAction":[{"@type":"CommentAction","name":"Comment","target":["https:\/\/blogg.svenskakyrkan.se\/vandravagen\/2013\/03\/06\/fantastiska-ikoner-i-skara\/#respond"]}]},{"@type":"WebPage","@id":"https:\/\/blogg.svenskakyrkan.se\/vandravagen\/2013\/03\/06\/fantastiska-ikoner-i-skara\/","url":"https:\/\/blogg.svenskakyrkan.se\/vandravagen\/2013\/03\/06\/fantastiska-ikoner-i-skara\/","name":"Fantastiska ikoner i Skara! - Vandra V\u00e4gen","isPartOf":{"@id":"https:\/\/blogg.svenskakyrkan.se\/vandravagen\/#website"},"primaryImageOfPage":{"@id":"https:\/\/blogg.svenskakyrkan.se\/vandravagen\/2013\/03\/06\/fantastiska-ikoner-i-skara\/#primaryimage"},"image":{"@id":"https:\/\/blogg.svenskakyrkan.se\/vandravagen\/2013\/03\/06\/fantastiska-ikoner-i-skara\/#primaryimage"},"thumbnailUrl":"http:\/\/1.bp.blogspot.com\/-pQW9NPtWqZo\/UK-E0B42NbI\/AAAAAAAABII\/xFhrsoTiKo8\/s400\/blogger-image-1762679718.jpg","datePublished":"2013-03-06T09:17:00+00:00","breadcrumb":{"@id":"https:\/\/blogg.svenskakyrkan.se\/vandravagen\/2013\/03\/06\/fantastiska-ikoner-i-skara\/#breadcrumb"},"inLanguage":"sv-SE","potentialAction":[{"@type":"ReadAction","target":["https:\/\/blogg.svenskakyrkan.se\/vandravagen\/2013\/03\/06\/fantastiska-ikoner-i-skara\/"]}]},{"@type":"ImageObject","inLanguage":"sv-SE","@id":"https:\/\/blogg.svenskakyrkan.se\/vandravagen\/2013\/03\/06\/fantastiska-ikoner-i-skara\/#primaryimage","url":"http:\/\/1.bp.blogspot.com\/-pQW9NPtWqZo\/UK-E0B42NbI\/AAAAAAAABII\/xFhrsoTiKo8\/s400\/blogger-image-1762679718.jpg","contentUrl":"http:\/\/1.bp.blogspot.com\/-pQW9NPtWqZo\/UK-E0B42NbI\/AAAAAAAABII\/xFhrsoTiKo8\/s400\/blogger-image-1762679718.jpg"},{"@type":"BreadcrumbList","@id":"https:\/\/blogg.svenskakyrkan.se\/vandravagen\/2013\/03\/06\/fantastiska-ikoner-i-skara\/#breadcrumb","itemListElement":[{"@type":"ListItem","position":1,"name":"Hem","item":"https:\/\/blogg.svenskakyrkan.se\/vandravagen\/"},{"@type":"ListItem","position":2,"name":"Fantastiska ikoner i Skara!"}]},{"@type":"WebSite","@id":"https:\/\/blogg.svenskakyrkan.se\/vandravagen\/#website","url":"https:\/\/blogg.svenskakyrkan.se\/vandravagen\/","name":"Vandra V\u00e4gen","description":"-Mot en tro f\u00f6r hela livet","publisher":{"@id":"https:\/\/blogg.svenskakyrkan.se\/vandravagen\/#organization"},"potentialAction":[{"@type":"SearchAction","target":{"@type":"EntryPoint","urlTemplate":"https:\/\/blogg.svenskakyrkan.se\/vandravagen\/?s={search_term_string}"},"query-input":{"@type":"PropertyValueSpecification","valueRequired":true,"valueName":"search_term_string"}}],"inLanguage":"sv-SE"},{"@type":"Organization","@id":"https:\/\/blogg.svenskakyrkan.se\/vandravagen\/#organization","name":"ulricehamns pastorat","alternateName":"ulricehamns pastorat","url":"https:\/\/blogg.svenskakyrkan.se\/vandravagen\/","logo":{"@type":"ImageObject","inLanguage":"sv-SE","@id":"https:\/\/blogg.svenskakyrkan.se\/vandravagen\/#\/schema\/logo\/image\/","url":"https:\/\/blogg.svenskakyrkan.se\/vandravagen\/files\/2023\/05\/Ulr_logo_RGB.png","contentUrl":"https:\/\/blogg.svenskakyrkan.se\/vandravagen\/files\/2023\/05\/Ulr_logo_RGB.png","width":205,"height":77,"caption":"ulricehamns pastorat"},"image":{"@id":"https:\/\/blogg.svenskakyrkan.se\/vandravagen\/#\/schema\/logo\/image\/"},"sameAs":["http:\/\/facebook.com\/vandravagen","https:\/\/x.com\/fadertomas","http:\/\/www.facebook.com\/svenskakyrkaniulricehamn"]},{"@type":"Person","@id":"https:\/\/blogg.svenskakyrkan.se\/vandravagen\/#\/schema\/person\/25da02d4f76b137d04291711e2c9fc16","name":"Tomas Jarvid","image":{"@type":"ImageObject","inLanguage":"sv-SE","@id":"https:\/\/blogg.svenskakyrkan.se\/vandravagen\/#\/schema\/person\/image\/","url":"https:\/\/secure.gravatar.com\/avatar\/7fa71899795e8f540f615a1f5ab25255dc27aa40f05ee7ddd21aac521e01bf50?s=96&d=identicon&r=g","contentUrl":"https:\/\/secure.gravatar.com\/avatar\/7fa71899795e8f540f615a1f5ab25255dc27aa40f05ee7ddd21aac521e01bf50?s=96&d=identicon&r=g","caption":"Tomas Jarvid"},"description":"Jag bor i Ulricehamn i V\u00e4sterg\u00f6tland och \u00e4r f\u00f6rsamlingspr\u00e4st i Svenska Kyrkan f\u00f6r Dalstorps f\u00f6rsamling i Kinds pastorat. P\u00e5 den h\u00e4r bloggen skriver jag ner tankar om vandringen som kristen.","sameAs":["http:\/\/www.vandravagen.se"],"url":"https:\/\/blogg.svenskakyrkan.se\/vandravagen\/author\/vandravagen\/"}]}},"author_meta":{"ID":"392","user_nicename":"vandravagen","user_url":"http:\/\/www.vandravagen.se","user_registered":"2014-05-19 05:44:52","display_name":"Tomas Jarvid","first_name":"Tomas","last_name":"Jarvid","avatar":"https:\/\/secure.gravatar.com\/avatar\/7fa71899795e8f540f615a1f5ab25255dc27aa40f05ee7ddd21aac521e01bf50?s=96&d=identicon&r=g"},"featured_image":false,"bloginfo":{"name":"Vandra V\u00e4gen","url":"https:\/\/blogg.svenskakyrkan.se\/vandravagen"},"_links":{"self":[{"href":"https:\/\/blogg.svenskakyrkan.se\/vandravagen\/wp-json\/wp\/v2\/posts\/681","targetHints":{"allow":["GET"]}}],"collection":[{"href":"https:\/\/blogg.svenskakyrkan.se\/vandravagen\/wp-json\/wp\/v2\/posts"}],"about":[{"href":"https:\/\/blogg.svenskakyrkan.se\/vandravagen\/wp-json\/wp\/v2\/types\/post"}],"author":[{"embeddable":true,"href":"https:\/\/blogg.svenskakyrkan.se\/vandravagen\/wp-json\/wp\/v2\/users\/392"}],"replies":[{"embeddable":true,"href":"https:\/\/blogg.svenskakyrkan.se\/vandravagen\/wp-json\/wp\/v2\/comments?post=681"}],"version-history":[{"count":0,"href":"https:\/\/blogg.svenskakyrkan.se\/vandravagen\/wp-json\/wp\/v2\/posts\/681\/revisions"}],"wp:attachment":[{"href":"https:\/\/blogg.svenskakyrkan.se\/vandravagen\/wp-json\/wp\/v2\/media?parent=681"}],"wp:term":[{"taxonomy":"category","embeddable":true,"href":"https:\/\/blogg.svenskakyrkan.se\/vandravagen\/wp-json\/wp\/v2\/categories?post=681"},{"taxonomy":"post_tag","embeddable":true,"href":"https:\/\/blogg.svenskakyrkan.se\/vandravagen\/wp-json\/wp\/v2\/tags?post=681"}],"curies":[{"name":"wp","href":"https:\/\/api.w.org\/{rel}","templated":true}]}}