{"id":683,"date":"2013-03-05T09:48:00","date_gmt":"2013-03-05T08:48:00","guid":{"rendered":"http:\/\/blogg.svenskakyrkan.se\/vandravagen\/2013\/03\/05\/mer-bibellasningshemligheter-birger-olsson-saxad\/"},"modified":"2013-03-05T09:48:00","modified_gmt":"2013-03-05T08:48:00","slug":"mer-bibellasningshemligheter-birger-olsson-saxad","status":"publish","type":"post","link":"https:\/\/blogg.svenskakyrkan.se\/vandravagen\/2013\/03\/05\/mer-bibellasningshemligheter-birger-olsson-saxad\/","title":{"rendered":"Mer bibell\u00e4sningshemligheter -Birger Olsson saxad"},"content":{"rendered":"<div>Inspirerad av inl\u00e4gget om myter \u00e4r jag sugen p\u00e5 att skriva n\u00e5gra bloggposter till om hur man l\u00e4ser Bibeln p\u00e5 ett begripligt s\u00e4tt. F\u00f6rst vill jag i alla fall saxa in de h\u00e4r raderna av Birger Olsson fr\u00e5n en ledare i EFS-tidningen Budb\u00e4raren.<\/div>\n<div><\/div>\n<div><a href=\"http:\/\/4.bp.blogspot.com\/-W-reHsAqsFY\/UTHAnfHbNlI\/AAAAAAAACmg\/YCIozA9IPrM\/s1600\/birger+Olsson.jpg\"><img loading=\"lazy\" decoding=\"async\" border=\"0\" height=\"640\" src=\"http:\/\/4.bp.blogspot.com\/-W-reHsAqsFY\/UTHAnfHbNlI\/AAAAAAAACmg\/YCIozA9IPrM\/s640\/birger+Olsson.jpg\" width=\"376\"><\/a><\/div>\n<div><\/div>\n<div><a href=\"http:\/\/4.bp.blogspot.com\/-frLaDt0ZoR0\/UTJYgsZPrtI\/AAAAAAAACng\/Jb8Oi1xlCCI\/s1600\/IMG_2962.jpg\"><img loading=\"lazy\" decoding=\"async\" border=\"0\" height=\"236\" src=\"http:\/\/4.bp.blogspot.com\/-frLaDt0ZoR0\/UTJYgsZPrtI\/AAAAAAAACng\/Jb8Oi1xlCCI\/s320\/IMG_2962.jpg\" width=\"320\"><\/a><\/div>\n<div><\/div>\n<div>Och s\u00e5 h\u00e4r ser Birger ut.<\/div>\n<div><\/div>\n<div><\/div>\n<div><\/div>\n<div><\/div><\/p>\n","protected":false},"excerpt":{"rendered":"<p>Inspirerad av inl\u00e4gget om myter \u00e4r jag sugen p\u00e5 att skriva n\u00e5gra bloggposter till om hur man l\u00e4ser Bibeln p\u00e5 ett begripligt s\u00e4tt. F\u00f6rst vill jag i alla fall saxa in de h\u00e4r raderna av Birger Olsson fr\u00e5n en ledare i EFS-tidningen Budb\u00e4raren. Och s\u00e5 h\u00e4r ser Birger ut.<\/p>\n","protected":false},"author":392,"featured_media":0,"comment_status":"open","ping_status":"open","sticky":false,"template":"","format":"standard","meta":{"_acf_changed":false,"footnotes":""},"categories":[8298],"tags":[],"class_list":["post-683","post","type-post","status-publish","format-standard","hentry","category-bibeln"],"acf":[],"yoast_head":"<!-- This site is optimized with the Yoast SEO plugin v27.1.1 - https:\/\/yoast.com\/product\/yoast-seo-wordpress\/ -->\n<title>Mer bibell\u00e4sningshemligheter -Birger Olsson saxad - Vandra V\u00e4gen<\/title>\n<meta name=\"robots\" content=\"index, follow, max-snippet:-1, max-image-preview:large, max-video-preview:-1\" \/>\n<link rel=\"canonical\" href=\"https:\/\/blogg.svenskakyrkan.se\/vandravagen\/2013\/03\/05\/mer-bibellasningshemligheter-birger-olsson-saxad\/\" \/>\n<meta property=\"og:locale\" content=\"sv_SE\" \/>\n<meta property=\"og:type\" content=\"article\" \/>\n<meta property=\"og:title\" content=\"Mer bibell\u00e4sningshemligheter -Birger Olsson saxad - Vandra V\u00e4gen\" \/>\n<meta property=\"og:description\" content=\"Inspirerad av inl\u00e4gget om myter \u00e4r jag sugen p\u00e5 att skriva n\u00e5gra bloggposter till om hur man l\u00e4ser Bibeln p\u00e5 ett begripligt s\u00e4tt. F\u00f6rst vill jag i alla fall saxa in de h\u00e4r raderna av Birger Olsson fr\u00e5n en ledare i EFS-tidningen Budb\u00e4raren. Och s\u00e5 h\u00e4r ser Birger ut.\" \/>\n<meta property=\"og:url\" content=\"https:\/\/blogg.svenskakyrkan.se\/vandravagen\/2013\/03\/05\/mer-bibellasningshemligheter-birger-olsson-saxad\/\" \/>\n<meta property=\"og:site_name\" content=\"Vandra V\u00e4gen\" \/>\n<meta property=\"article:publisher\" content=\"http:\/\/facebook.com\/vandravagen\" \/>\n<meta property=\"article:published_time\" content=\"2013-03-05T08:48:00+00:00\" \/>\n<meta property=\"og:image\" content=\"http:\/\/4.bp.blogspot.com\/-W-reHsAqsFY\/UTHAnfHbNlI\/AAAAAAAACmg\/YCIozA9IPrM\/s640\/birger+Olsson.jpg\" \/>\n<meta name=\"author\" content=\"Tomas Jarvid\" \/>\n<meta name=\"twitter:card\" content=\"summary_large_image\" \/>\n<meta name=\"twitter:creator\" content=\"@fadertomas\" \/>\n<meta name=\"twitter:site\" content=\"@fadertomas\" \/>\n<meta name=\"twitter:label1\" content=\"Skriven av\" \/>\n\t<meta name=\"twitter:data1\" content=\"Tomas Jarvid\" \/>\n<script type=\"application\/ld+json\" class=\"yoast-schema-graph\">{\"@context\":\"https:\/\/schema.org\",\"@graph\":[{\"@type\":\"Article\",\"@id\":\"https:\/\/blogg.svenskakyrkan.se\/vandravagen\/2013\/03\/05\/mer-bibellasningshemligheter-birger-olsson-saxad\/#article\",\"isPartOf\":{\"@id\":\"https:\/\/blogg.svenskakyrkan.se\/vandravagen\/2013\/03\/05\/mer-bibellasningshemligheter-birger-olsson-saxad\/\"},\"author\":{\"name\":\"Tomas Jarvid\",\"@id\":\"https:\/\/blogg.svenskakyrkan.se\/vandravagen\/#\/schema\/person\/25da02d4f76b137d04291711e2c9fc16\"},\"headline\":\"Mer bibell\u00e4sningshemligheter -Birger Olsson saxad\",\"datePublished\":\"2013-03-05T08:48:00+00:00\",\"mainEntityOfPage\":{\"@id\":\"https:\/\/blogg.svenskakyrkan.se\/vandravagen\/2013\/03\/05\/mer-bibellasningshemligheter-birger-olsson-saxad\/\"},\"wordCount\":64,\"commentCount\":0,\"publisher\":{\"@id\":\"https:\/\/blogg.svenskakyrkan.se\/vandravagen\/#organization\"},\"image\":{\"@id\":\"https:\/\/blogg.svenskakyrkan.se\/vandravagen\/2013\/03\/05\/mer-bibellasningshemligheter-birger-olsson-saxad\/#primaryimage\"},\"thumbnailUrl\":\"http:\/\/4.bp.blogspot.com\/-W-reHsAqsFY\/UTHAnfHbNlI\/AAAAAAAACmg\/YCIozA9IPrM\/s640\/birger+Olsson.jpg\",\"articleSection\":[\"Bibeln\"],\"inLanguage\":\"sv-SE\",\"potentialAction\":[{\"@type\":\"CommentAction\",\"name\":\"Comment\",\"target\":[\"https:\/\/blogg.svenskakyrkan.se\/vandravagen\/2013\/03\/05\/mer-bibellasningshemligheter-birger-olsson-saxad\/#respond\"]}]},{\"@type\":\"WebPage\",\"@id\":\"https:\/\/blogg.svenskakyrkan.se\/vandravagen\/2013\/03\/05\/mer-bibellasningshemligheter-birger-olsson-saxad\/\",\"url\":\"https:\/\/blogg.svenskakyrkan.se\/vandravagen\/2013\/03\/05\/mer-bibellasningshemligheter-birger-olsson-saxad\/\",\"name\":\"Mer bibell\u00e4sningshemligheter -Birger Olsson saxad - Vandra V\u00e4gen\",\"isPartOf\":{\"@id\":\"https:\/\/blogg.svenskakyrkan.se\/vandravagen\/#website\"},\"primaryImageOfPage\":{\"@id\":\"https:\/\/blogg.svenskakyrkan.se\/vandravagen\/2013\/03\/05\/mer-bibellasningshemligheter-birger-olsson-saxad\/#primaryimage\"},\"image\":{\"@id\":\"https:\/\/blogg.svenskakyrkan.se\/vandravagen\/2013\/03\/05\/mer-bibellasningshemligheter-birger-olsson-saxad\/#primaryimage\"},\"thumbnailUrl\":\"http:\/\/4.bp.blogspot.com\/-W-reHsAqsFY\/UTHAnfHbNlI\/AAAAAAAACmg\/YCIozA9IPrM\/s640\/birger+Olsson.jpg\",\"datePublished\":\"2013-03-05T08:48:00+00:00\",\"breadcrumb\":{\"@id\":\"https:\/\/blogg.svenskakyrkan.se\/vandravagen\/2013\/03\/05\/mer-bibellasningshemligheter-birger-olsson-saxad\/#breadcrumb\"},\"inLanguage\":\"sv-SE\",\"potentialAction\":[{\"@type\":\"ReadAction\",\"target\":[\"https:\/\/blogg.svenskakyrkan.se\/vandravagen\/2013\/03\/05\/mer-bibellasningshemligheter-birger-olsson-saxad\/\"]}]},{\"@type\":\"ImageObject\",\"inLanguage\":\"sv-SE\",\"@id\":\"https:\/\/blogg.svenskakyrkan.se\/vandravagen\/2013\/03\/05\/mer-bibellasningshemligheter-birger-olsson-saxad\/#primaryimage\",\"url\":\"http:\/\/4.bp.blogspot.com\/-W-reHsAqsFY\/UTHAnfHbNlI\/AAAAAAAACmg\/YCIozA9IPrM\/s640\/birger+Olsson.jpg\",\"contentUrl\":\"http:\/\/4.bp.blogspot.com\/-W-reHsAqsFY\/UTHAnfHbNlI\/AAAAAAAACmg\/YCIozA9IPrM\/s640\/birger+Olsson.jpg\"},{\"@type\":\"BreadcrumbList\",\"@id\":\"https:\/\/blogg.svenskakyrkan.se\/vandravagen\/2013\/03\/05\/mer-bibellasningshemligheter-birger-olsson-saxad\/#breadcrumb\",\"itemListElement\":[{\"@type\":\"ListItem\",\"position\":1,\"name\":\"Hem\",\"item\":\"https:\/\/blogg.svenskakyrkan.se\/vandravagen\/\"},{\"@type\":\"ListItem\",\"position\":2,\"name\":\"Mer bibell\u00e4sningshemligheter -Birger Olsson saxad\"}]},{\"@type\":\"WebSite\",\"@id\":\"https:\/\/blogg.svenskakyrkan.se\/vandravagen\/#website\",\"url\":\"https:\/\/blogg.svenskakyrkan.se\/vandravagen\/\",\"name\":\"Vandra V\u00e4gen\",\"description\":\"-Mot en tro f\u00f6r hela livet\",\"publisher\":{\"@id\":\"https:\/\/blogg.svenskakyrkan.se\/vandravagen\/#organization\"},\"potentialAction\":[{\"@type\":\"SearchAction\",\"target\":{\"@type\":\"EntryPoint\",\"urlTemplate\":\"https:\/\/blogg.svenskakyrkan.se\/vandravagen\/?s={search_term_string}\"},\"query-input\":{\"@type\":\"PropertyValueSpecification\",\"valueRequired\":true,\"valueName\":\"search_term_string\"}}],\"inLanguage\":\"sv-SE\"},{\"@type\":\"Organization\",\"@id\":\"https:\/\/blogg.svenskakyrkan.se\/vandravagen\/#organization\",\"name\":\"ulricehamns pastorat\",\"alternateName\":\"ulricehamns pastorat\",\"url\":\"https:\/\/blogg.svenskakyrkan.se\/vandravagen\/\",\"logo\":{\"@type\":\"ImageObject\",\"inLanguage\":\"sv-SE\",\"@id\":\"https:\/\/blogg.svenskakyrkan.se\/vandravagen\/#\/schema\/logo\/image\/\",\"url\":\"https:\/\/blogg.svenskakyrkan.se\/vandravagen\/files\/2023\/05\/Ulr_logo_RGB.png\",\"contentUrl\":\"https:\/\/blogg.svenskakyrkan.se\/vandravagen\/files\/2023\/05\/Ulr_logo_RGB.png\",\"width\":205,\"height\":77,\"caption\":\"ulricehamns pastorat\"},\"image\":{\"@id\":\"https:\/\/blogg.svenskakyrkan.se\/vandravagen\/#\/schema\/logo\/image\/\"},\"sameAs\":[\"http:\/\/facebook.com\/vandravagen\",\"https:\/\/x.com\/fadertomas\",\"http:\/\/www.facebook.com\/svenskakyrkaniulricehamn\"]},{\"@type\":\"Person\",\"@id\":\"https:\/\/blogg.svenskakyrkan.se\/vandravagen\/#\/schema\/person\/25da02d4f76b137d04291711e2c9fc16\",\"name\":\"Tomas Jarvid\",\"image\":{\"@type\":\"ImageObject\",\"inLanguage\":\"sv-SE\",\"@id\":\"https:\/\/blogg.svenskakyrkan.se\/vandravagen\/#\/schema\/person\/image\/\",\"url\":\"https:\/\/secure.gravatar.com\/avatar\/7fa71899795e8f540f615a1f5ab25255dc27aa40f05ee7ddd21aac521e01bf50?s=96&d=identicon&r=g\",\"contentUrl\":\"https:\/\/secure.gravatar.com\/avatar\/7fa71899795e8f540f615a1f5ab25255dc27aa40f05ee7ddd21aac521e01bf50?s=96&d=identicon&r=g\",\"caption\":\"Tomas Jarvid\"},\"description\":\"Jag bor i Ulricehamn i V\u00e4sterg\u00f6tland och \u00e4r f\u00f6rsamlingspr\u00e4st i Svenska Kyrkan f\u00f6r Dalstorps f\u00f6rsamling i Kinds pastorat. P\u00e5 den h\u00e4r bloggen skriver jag ner tankar om vandringen som kristen.\",\"sameAs\":[\"http:\/\/www.vandravagen.se\"],\"url\":\"https:\/\/blogg.svenskakyrkan.se\/vandravagen\/author\/vandravagen\/\"}]}<\/script>\n<!-- \/ Yoast SEO plugin. -->","yoast_head_json":{"title":"Mer bibell\u00e4sningshemligheter -Birger Olsson saxad - Vandra V\u00e4gen","robots":{"index":"index","follow":"follow","max-snippet":"max-snippet:-1","max-image-preview":"max-image-preview:large","max-video-preview":"max-video-preview:-1"},"canonical":"https:\/\/blogg.svenskakyrkan.se\/vandravagen\/2013\/03\/05\/mer-bibellasningshemligheter-birger-olsson-saxad\/","og_locale":"sv_SE","og_type":"article","og_title":"Mer bibell\u00e4sningshemligheter -Birger Olsson saxad - Vandra V\u00e4gen","og_description":"Inspirerad av inl\u00e4gget om myter \u00e4r jag sugen p\u00e5 att skriva n\u00e5gra bloggposter till om hur man l\u00e4ser Bibeln p\u00e5 ett begripligt s\u00e4tt. F\u00f6rst vill jag i alla fall saxa in de h\u00e4r raderna av Birger Olsson fr\u00e5n en ledare i EFS-tidningen Budb\u00e4raren. Och s\u00e5 h\u00e4r ser Birger ut.","og_url":"https:\/\/blogg.svenskakyrkan.se\/vandravagen\/2013\/03\/05\/mer-bibellasningshemligheter-birger-olsson-saxad\/","og_site_name":"Vandra V\u00e4gen","article_publisher":"http:\/\/facebook.com\/vandravagen","article_published_time":"2013-03-05T08:48:00+00:00","og_image":[{"url":"http:\/\/4.bp.blogspot.com\/-W-reHsAqsFY\/UTHAnfHbNlI\/AAAAAAAACmg\/YCIozA9IPrM\/s640\/birger+Olsson.jpg","type":"","width":"","height":""}],"author":"Tomas Jarvid","twitter_card":"summary_large_image","twitter_creator":"@fadertomas","twitter_site":"@fadertomas","twitter_misc":{"Skriven av":"Tomas Jarvid"},"schema":{"@context":"https:\/\/schema.org","@graph":[{"@type":"Article","@id":"https:\/\/blogg.svenskakyrkan.se\/vandravagen\/2013\/03\/05\/mer-bibellasningshemligheter-birger-olsson-saxad\/#article","isPartOf":{"@id":"https:\/\/blogg.svenskakyrkan.se\/vandravagen\/2013\/03\/05\/mer-bibellasningshemligheter-birger-olsson-saxad\/"},"author":{"name":"Tomas Jarvid","@id":"https:\/\/blogg.svenskakyrkan.se\/vandravagen\/#\/schema\/person\/25da02d4f76b137d04291711e2c9fc16"},"headline":"Mer bibell\u00e4sningshemligheter -Birger Olsson saxad","datePublished":"2013-03-05T08:48:00+00:00","mainEntityOfPage":{"@id":"https:\/\/blogg.svenskakyrkan.se\/vandravagen\/2013\/03\/05\/mer-bibellasningshemligheter-birger-olsson-saxad\/"},"wordCount":64,"commentCount":0,"publisher":{"@id":"https:\/\/blogg.svenskakyrkan.se\/vandravagen\/#organization"},"image":{"@id":"https:\/\/blogg.svenskakyrkan.se\/vandravagen\/2013\/03\/05\/mer-bibellasningshemligheter-birger-olsson-saxad\/#primaryimage"},"thumbnailUrl":"http:\/\/4.bp.blogspot.com\/-W-reHsAqsFY\/UTHAnfHbNlI\/AAAAAAAACmg\/YCIozA9IPrM\/s640\/birger+Olsson.jpg","articleSection":["Bibeln"],"inLanguage":"sv-SE","potentialAction":[{"@type":"CommentAction","name":"Comment","target":["https:\/\/blogg.svenskakyrkan.se\/vandravagen\/2013\/03\/05\/mer-bibellasningshemligheter-birger-olsson-saxad\/#respond"]}]},{"@type":"WebPage","@id":"https:\/\/blogg.svenskakyrkan.se\/vandravagen\/2013\/03\/05\/mer-bibellasningshemligheter-birger-olsson-saxad\/","url":"https:\/\/blogg.svenskakyrkan.se\/vandravagen\/2013\/03\/05\/mer-bibellasningshemligheter-birger-olsson-saxad\/","name":"Mer bibell\u00e4sningshemligheter -Birger Olsson saxad - Vandra V\u00e4gen","isPartOf":{"@id":"https:\/\/blogg.svenskakyrkan.se\/vandravagen\/#website"},"primaryImageOfPage":{"@id":"https:\/\/blogg.svenskakyrkan.se\/vandravagen\/2013\/03\/05\/mer-bibellasningshemligheter-birger-olsson-saxad\/#primaryimage"},"image":{"@id":"https:\/\/blogg.svenskakyrkan.se\/vandravagen\/2013\/03\/05\/mer-bibellasningshemligheter-birger-olsson-saxad\/#primaryimage"},"thumbnailUrl":"http:\/\/4.bp.blogspot.com\/-W-reHsAqsFY\/UTHAnfHbNlI\/AAAAAAAACmg\/YCIozA9IPrM\/s640\/birger+Olsson.jpg","datePublished":"2013-03-05T08:48:00+00:00","breadcrumb":{"@id":"https:\/\/blogg.svenskakyrkan.se\/vandravagen\/2013\/03\/05\/mer-bibellasningshemligheter-birger-olsson-saxad\/#breadcrumb"},"inLanguage":"sv-SE","potentialAction":[{"@type":"ReadAction","target":["https:\/\/blogg.svenskakyrkan.se\/vandravagen\/2013\/03\/05\/mer-bibellasningshemligheter-birger-olsson-saxad\/"]}]},{"@type":"ImageObject","inLanguage":"sv-SE","@id":"https:\/\/blogg.svenskakyrkan.se\/vandravagen\/2013\/03\/05\/mer-bibellasningshemligheter-birger-olsson-saxad\/#primaryimage","url":"http:\/\/4.bp.blogspot.com\/-W-reHsAqsFY\/UTHAnfHbNlI\/AAAAAAAACmg\/YCIozA9IPrM\/s640\/birger+Olsson.jpg","contentUrl":"http:\/\/4.bp.blogspot.com\/-W-reHsAqsFY\/UTHAnfHbNlI\/AAAAAAAACmg\/YCIozA9IPrM\/s640\/birger+Olsson.jpg"},{"@type":"BreadcrumbList","@id":"https:\/\/blogg.svenskakyrkan.se\/vandravagen\/2013\/03\/05\/mer-bibellasningshemligheter-birger-olsson-saxad\/#breadcrumb","itemListElement":[{"@type":"ListItem","position":1,"name":"Hem","item":"https:\/\/blogg.svenskakyrkan.se\/vandravagen\/"},{"@type":"ListItem","position":2,"name":"Mer bibell\u00e4sningshemligheter -Birger Olsson saxad"}]},{"@type":"WebSite","@id":"https:\/\/blogg.svenskakyrkan.se\/vandravagen\/#website","url":"https:\/\/blogg.svenskakyrkan.se\/vandravagen\/","name":"Vandra V\u00e4gen","description":"-Mot en tro f\u00f6r hela livet","publisher":{"@id":"https:\/\/blogg.svenskakyrkan.se\/vandravagen\/#organization"},"potentialAction":[{"@type":"SearchAction","target":{"@type":"EntryPoint","urlTemplate":"https:\/\/blogg.svenskakyrkan.se\/vandravagen\/?s={search_term_string}"},"query-input":{"@type":"PropertyValueSpecification","valueRequired":true,"valueName":"search_term_string"}}],"inLanguage":"sv-SE"},{"@type":"Organization","@id":"https:\/\/blogg.svenskakyrkan.se\/vandravagen\/#organization","name":"ulricehamns pastorat","alternateName":"ulricehamns pastorat","url":"https:\/\/blogg.svenskakyrkan.se\/vandravagen\/","logo":{"@type":"ImageObject","inLanguage":"sv-SE","@id":"https:\/\/blogg.svenskakyrkan.se\/vandravagen\/#\/schema\/logo\/image\/","url":"https:\/\/blogg.svenskakyrkan.se\/vandravagen\/files\/2023\/05\/Ulr_logo_RGB.png","contentUrl":"https:\/\/blogg.svenskakyrkan.se\/vandravagen\/files\/2023\/05\/Ulr_logo_RGB.png","width":205,"height":77,"caption":"ulricehamns pastorat"},"image":{"@id":"https:\/\/blogg.svenskakyrkan.se\/vandravagen\/#\/schema\/logo\/image\/"},"sameAs":["http:\/\/facebook.com\/vandravagen","https:\/\/x.com\/fadertomas","http:\/\/www.facebook.com\/svenskakyrkaniulricehamn"]},{"@type":"Person","@id":"https:\/\/blogg.svenskakyrkan.se\/vandravagen\/#\/schema\/person\/25da02d4f76b137d04291711e2c9fc16","name":"Tomas Jarvid","image":{"@type":"ImageObject","inLanguage":"sv-SE","@id":"https:\/\/blogg.svenskakyrkan.se\/vandravagen\/#\/schema\/person\/image\/","url":"https:\/\/secure.gravatar.com\/avatar\/7fa71899795e8f540f615a1f5ab25255dc27aa40f05ee7ddd21aac521e01bf50?s=96&d=identicon&r=g","contentUrl":"https:\/\/secure.gravatar.com\/avatar\/7fa71899795e8f540f615a1f5ab25255dc27aa40f05ee7ddd21aac521e01bf50?s=96&d=identicon&r=g","caption":"Tomas Jarvid"},"description":"Jag bor i Ulricehamn i V\u00e4sterg\u00f6tland och \u00e4r f\u00f6rsamlingspr\u00e4st i Svenska Kyrkan f\u00f6r Dalstorps f\u00f6rsamling i Kinds pastorat. P\u00e5 den h\u00e4r bloggen skriver jag ner tankar om vandringen som kristen.","sameAs":["http:\/\/www.vandravagen.se"],"url":"https:\/\/blogg.svenskakyrkan.se\/vandravagen\/author\/vandravagen\/"}]}},"author_meta":{"ID":"392","user_nicename":"vandravagen","user_url":"http:\/\/www.vandravagen.se","user_registered":"2014-05-19 05:44:52","display_name":"Tomas Jarvid","first_name":"Tomas","last_name":"Jarvid","avatar":"https:\/\/secure.gravatar.com\/avatar\/7fa71899795e8f540f615a1f5ab25255dc27aa40f05ee7ddd21aac521e01bf50?s=96&d=identicon&r=g"},"featured_image":false,"bloginfo":{"name":"Vandra V\u00e4gen","url":"https:\/\/blogg.svenskakyrkan.se\/vandravagen"},"_links":{"self":[{"href":"https:\/\/blogg.svenskakyrkan.se\/vandravagen\/wp-json\/wp\/v2\/posts\/683","targetHints":{"allow":["GET"]}}],"collection":[{"href":"https:\/\/blogg.svenskakyrkan.se\/vandravagen\/wp-json\/wp\/v2\/posts"}],"about":[{"href":"https:\/\/blogg.svenskakyrkan.se\/vandravagen\/wp-json\/wp\/v2\/types\/post"}],"author":[{"embeddable":true,"href":"https:\/\/blogg.svenskakyrkan.se\/vandravagen\/wp-json\/wp\/v2\/users\/392"}],"replies":[{"embeddable":true,"href":"https:\/\/blogg.svenskakyrkan.se\/vandravagen\/wp-json\/wp\/v2\/comments?post=683"}],"version-history":[{"count":0,"href":"https:\/\/blogg.svenskakyrkan.se\/vandravagen\/wp-json\/wp\/v2\/posts\/683\/revisions"}],"wp:attachment":[{"href":"https:\/\/blogg.svenskakyrkan.se\/vandravagen\/wp-json\/wp\/v2\/media?parent=683"}],"wp:term":[{"taxonomy":"category","embeddable":true,"href":"https:\/\/blogg.svenskakyrkan.se\/vandravagen\/wp-json\/wp\/v2\/categories?post=683"},{"taxonomy":"post_tag","embeddable":true,"href":"https:\/\/blogg.svenskakyrkan.se\/vandravagen\/wp-json\/wp\/v2\/tags?post=683"}],"curies":[{"name":"wp","href":"https:\/\/api.w.org\/{rel}","templated":true}]}}