{"id":684,"date":"2013-03-04T10:39:00","date_gmt":"2013-03-04T09:39:00","guid":{"rendered":"http:\/\/blogg.svenskakyrkan.se\/vandravagen\/2013\/03\/04\/barnens-katedral-i-lidkoping\/"},"modified":"2013-03-04T10:39:00","modified_gmt":"2013-03-04T09:39:00","slug":"barnens-katedral-i-lidkoping","status":"publish","type":"post","link":"https:\/\/blogg.svenskakyrkan.se\/vandravagen\/2013\/03\/04\/barnens-katedral-i-lidkoping\/","title":{"rendered":"Barnens katedral i Lidk\u00f6ping!"},"content":{"rendered":"<p>Denna s\u00f6ndag firade vi v\u00e5r gudstj\u00e4nst i &#8221;barnens katedral&#8221; i f\u00f6rsamlingsg\u00e5rden i Lock\u00f6rn i Lidk\u00f6ping. Det \u00e4r en familjegudstj\u00e4nst som firas varannan vecka och d\u00e4r barnen f\u00e5r mycket plats. Det var roligt f\u00f6r v\u00e5r lilla barnfamilj och jag kan rekommendera det till fler som bor h\u00e4r i trakten.<\/p>\n<div><a href=\"https:\/\/lh3.googleusercontent.com\/-jvG38fGflA4\/UTOhEvXhPiI\/AAAAAAAACqQ\/GXCtJbjIkFo\/s640\/blogger-image-1683441784.jpg\"><img loading=\"lazy\" decoding=\"async\" border=\"0\" height=\"357\" src=\"https:\/\/lh3.googleusercontent.com\/-jvG38fGflA4\/UTOhEvXhPiI\/AAAAAAAACqQ\/GXCtJbjIkFo\/s400\/blogger-image-1683441784.jpg\" width=\"400\"><\/a><\/div>\n<div><\/div>\n<div>H\u00e4r ser man pr\u00e4sten Rickard Bur\u00e9n inleda med att leda ing\u00e5ngss\u00e5ngen. Sedan ringde ett av barnen i klockorna, barnk\u00f6ren sj\u00f6ng, en buktalardocka pratade med pr\u00e4sten om Guds rustning, barn tog upp kollekt och delade ut minneslappar om villighetens skor, ledde f\u00f6rb\u00f6n och mycket annat.<\/div>\n<div><a href=\"https:\/\/lh5.googleusercontent.com\/-swUh_hidBDg\/UTOhIFkNvgI\/AAAAAAAACqY\/fPmCykb_jN8\/s640\/blogger-image--583960694.jpg\"><img loading=\"lazy\" decoding=\"async\" border=\"0\" height=\"295\" src=\"https:\/\/lh5.googleusercontent.com\/-swUh_hidBDg\/UTOhIFkNvgI\/AAAAAAAACqY\/fPmCykb_jN8\/s400\/blogger-image--583960694.jpg\" width=\"400\"><\/a><\/div>\n<div><\/div>\n<div>Det fanns ocks\u00e5 mycket f\u00f6r oss som jobbar med gudstj\u00e4nster att t\u00e4nka p\u00e5, en hel del av det h\u00e4r borde vi alltid ha i alla v\u00e5ra gudstj\u00e4nster!<\/div>\n","protected":false},"excerpt":{"rendered":"<p>Denna s\u00f6ndag firade vi v\u00e5r gudstj\u00e4nst i &#8221;barnens katedral&#8221; i f\u00f6rsamlingsg\u00e5rden i Lock\u00f6rn i Lidk\u00f6ping. Det \u00e4r en familjegudstj\u00e4nst som firas varannan vecka och d\u00e4r barnen f\u00e5r mycket plats. Det var roligt f\u00f6r v\u00e5r lilla barnfamilj och jag kan rekommendera det till fler som bor h\u00e4r i trakten. H\u00e4r ser man pr\u00e4sten Rickard Bur\u00e9n inleda [&hellip;]<\/p>\n","protected":false},"author":392,"featured_media":0,"comment_status":"open","ping_status":"open","sticky":false,"template":"","format":"standard","meta":{"_acf_changed":false,"footnotes":""},"categories":[8265],"tags":[],"class_list":["post-684","post","type-post","status-publish","format-standard","hentry","category-gudstjanst"],"acf":[],"yoast_head":"<!-- This site is optimized with the Yoast SEO plugin v27.1.1 - https:\/\/yoast.com\/product\/yoast-seo-wordpress\/ -->\n<title>Barnens katedral i Lidk\u00f6ping! - Vandra V\u00e4gen<\/title>\n<meta name=\"robots\" content=\"index, follow, max-snippet:-1, max-image-preview:large, max-video-preview:-1\" \/>\n<link rel=\"canonical\" href=\"https:\/\/blogg.svenskakyrkan.se\/vandravagen\/2013\/03\/04\/barnens-katedral-i-lidkoping\/\" \/>\n<meta property=\"og:locale\" content=\"sv_SE\" \/>\n<meta property=\"og:type\" content=\"article\" \/>\n<meta property=\"og:title\" content=\"Barnens katedral i Lidk\u00f6ping! - Vandra V\u00e4gen\" \/>\n<meta property=\"og:description\" content=\"Denna s\u00f6ndag firade vi v\u00e5r gudstj\u00e4nst i &#8221;barnens katedral&#8221; i f\u00f6rsamlingsg\u00e5rden i Lock\u00f6rn i Lidk\u00f6ping. Det \u00e4r en familjegudstj\u00e4nst som firas varannan vecka och d\u00e4r barnen f\u00e5r mycket plats. Det var roligt f\u00f6r v\u00e5r lilla barnfamilj och jag kan rekommendera det till fler som bor h\u00e4r i trakten. H\u00e4r ser man pr\u00e4sten Rickard Bur\u00e9n inleda [&hellip;]\" \/>\n<meta property=\"og:url\" content=\"https:\/\/blogg.svenskakyrkan.se\/vandravagen\/2013\/03\/04\/barnens-katedral-i-lidkoping\/\" \/>\n<meta property=\"og:site_name\" content=\"Vandra V\u00e4gen\" \/>\n<meta property=\"article:publisher\" content=\"http:\/\/facebook.com\/vandravagen\" \/>\n<meta property=\"article:published_time\" content=\"2013-03-04T09:39:00+00:00\" \/>\n<meta property=\"og:image\" content=\"https:\/\/lh3.googleusercontent.com\/-jvG38fGflA4\/UTOhEvXhPiI\/AAAAAAAACqQ\/GXCtJbjIkFo\/s400\/blogger-image-1683441784.jpg\" \/>\n<meta name=\"author\" content=\"Tomas Jarvid\" \/>\n<meta name=\"twitter:card\" content=\"summary_large_image\" \/>\n<meta name=\"twitter:creator\" content=\"@fadertomas\" \/>\n<meta name=\"twitter:site\" content=\"@fadertomas\" \/>\n<meta name=\"twitter:label1\" content=\"Skriven av\" \/>\n\t<meta name=\"twitter:data1\" content=\"Tomas Jarvid\" \/>\n\t<meta name=\"twitter:label2\" content=\"Ber\u00e4knad l\u00e4stid\" \/>\n\t<meta name=\"twitter:data2\" content=\"1 minut\" \/>\n<script type=\"application\/ld+json\" class=\"yoast-schema-graph\">{\"@context\":\"https:\/\/schema.org\",\"@graph\":[{\"@type\":\"Article\",\"@id\":\"https:\/\/blogg.svenskakyrkan.se\/vandravagen\/2013\/03\/04\/barnens-katedral-i-lidkoping\/#article\",\"isPartOf\":{\"@id\":\"https:\/\/blogg.svenskakyrkan.se\/vandravagen\/2013\/03\/04\/barnens-katedral-i-lidkoping\/\"},\"author\":{\"name\":\"Tomas Jarvid\",\"@id\":\"https:\/\/blogg.svenskakyrkan.se\/vandravagen\/#\/schema\/person\/25da02d4f76b137d04291711e2c9fc16\"},\"headline\":\"Barnens katedral i Lidk\u00f6ping!\",\"datePublished\":\"2013-03-04T09:39:00+00:00\",\"mainEntityOfPage\":{\"@id\":\"https:\/\/blogg.svenskakyrkan.se\/vandravagen\/2013\/03\/04\/barnens-katedral-i-lidkoping\/\"},\"wordCount\":153,\"commentCount\":1,\"publisher\":{\"@id\":\"https:\/\/blogg.svenskakyrkan.se\/vandravagen\/#organization\"},\"image\":{\"@id\":\"https:\/\/blogg.svenskakyrkan.se\/vandravagen\/2013\/03\/04\/barnens-katedral-i-lidkoping\/#primaryimage\"},\"thumbnailUrl\":\"https:\/\/lh3.googleusercontent.com\/-jvG38fGflA4\/UTOhEvXhPiI\/AAAAAAAACqQ\/GXCtJbjIkFo\/s400\/blogger-image-1683441784.jpg\",\"articleSection\":[\"Gudstj\u00e4nst\"],\"inLanguage\":\"sv-SE\",\"potentialAction\":[{\"@type\":\"CommentAction\",\"name\":\"Comment\",\"target\":[\"https:\/\/blogg.svenskakyrkan.se\/vandravagen\/2013\/03\/04\/barnens-katedral-i-lidkoping\/#respond\"]}]},{\"@type\":\"WebPage\",\"@id\":\"https:\/\/blogg.svenskakyrkan.se\/vandravagen\/2013\/03\/04\/barnens-katedral-i-lidkoping\/\",\"url\":\"https:\/\/blogg.svenskakyrkan.se\/vandravagen\/2013\/03\/04\/barnens-katedral-i-lidkoping\/\",\"name\":\"Barnens katedral i Lidk\u00f6ping! - Vandra V\u00e4gen\",\"isPartOf\":{\"@id\":\"https:\/\/blogg.svenskakyrkan.se\/vandravagen\/#website\"},\"primaryImageOfPage\":{\"@id\":\"https:\/\/blogg.svenskakyrkan.se\/vandravagen\/2013\/03\/04\/barnens-katedral-i-lidkoping\/#primaryimage\"},\"image\":{\"@id\":\"https:\/\/blogg.svenskakyrkan.se\/vandravagen\/2013\/03\/04\/barnens-katedral-i-lidkoping\/#primaryimage\"},\"thumbnailUrl\":\"https:\/\/lh3.googleusercontent.com\/-jvG38fGflA4\/UTOhEvXhPiI\/AAAAAAAACqQ\/GXCtJbjIkFo\/s400\/blogger-image-1683441784.jpg\",\"datePublished\":\"2013-03-04T09:39:00+00:00\",\"breadcrumb\":{\"@id\":\"https:\/\/blogg.svenskakyrkan.se\/vandravagen\/2013\/03\/04\/barnens-katedral-i-lidkoping\/#breadcrumb\"},\"inLanguage\":\"sv-SE\",\"potentialAction\":[{\"@type\":\"ReadAction\",\"target\":[\"https:\/\/blogg.svenskakyrkan.se\/vandravagen\/2013\/03\/04\/barnens-katedral-i-lidkoping\/\"]}]},{\"@type\":\"ImageObject\",\"inLanguage\":\"sv-SE\",\"@id\":\"https:\/\/blogg.svenskakyrkan.se\/vandravagen\/2013\/03\/04\/barnens-katedral-i-lidkoping\/#primaryimage\",\"url\":\"https:\/\/lh3.googleusercontent.com\/-jvG38fGflA4\/UTOhEvXhPiI\/AAAAAAAACqQ\/GXCtJbjIkFo\/s400\/blogger-image-1683441784.jpg\",\"contentUrl\":\"https:\/\/lh3.googleusercontent.com\/-jvG38fGflA4\/UTOhEvXhPiI\/AAAAAAAACqQ\/GXCtJbjIkFo\/s400\/blogger-image-1683441784.jpg\"},{\"@type\":\"BreadcrumbList\",\"@id\":\"https:\/\/blogg.svenskakyrkan.se\/vandravagen\/2013\/03\/04\/barnens-katedral-i-lidkoping\/#breadcrumb\",\"itemListElement\":[{\"@type\":\"ListItem\",\"position\":1,\"name\":\"Hem\",\"item\":\"https:\/\/blogg.svenskakyrkan.se\/vandravagen\/\"},{\"@type\":\"ListItem\",\"position\":2,\"name\":\"Barnens katedral i Lidk\u00f6ping!\"}]},{\"@type\":\"WebSite\",\"@id\":\"https:\/\/blogg.svenskakyrkan.se\/vandravagen\/#website\",\"url\":\"https:\/\/blogg.svenskakyrkan.se\/vandravagen\/\",\"name\":\"Vandra V\u00e4gen\",\"description\":\"-Mot en tro f\u00f6r hela livet\",\"publisher\":{\"@id\":\"https:\/\/blogg.svenskakyrkan.se\/vandravagen\/#organization\"},\"potentialAction\":[{\"@type\":\"SearchAction\",\"target\":{\"@type\":\"EntryPoint\",\"urlTemplate\":\"https:\/\/blogg.svenskakyrkan.se\/vandravagen\/?s={search_term_string}\"},\"query-input\":{\"@type\":\"PropertyValueSpecification\",\"valueRequired\":true,\"valueName\":\"search_term_string\"}}],\"inLanguage\":\"sv-SE\"},{\"@type\":\"Organization\",\"@id\":\"https:\/\/blogg.svenskakyrkan.se\/vandravagen\/#organization\",\"name\":\"ulricehamns pastorat\",\"alternateName\":\"ulricehamns pastorat\",\"url\":\"https:\/\/blogg.svenskakyrkan.se\/vandravagen\/\",\"logo\":{\"@type\":\"ImageObject\",\"inLanguage\":\"sv-SE\",\"@id\":\"https:\/\/blogg.svenskakyrkan.se\/vandravagen\/#\/schema\/logo\/image\/\",\"url\":\"https:\/\/blogg.svenskakyrkan.se\/vandravagen\/files\/2023\/05\/Ulr_logo_RGB.png\",\"contentUrl\":\"https:\/\/blogg.svenskakyrkan.se\/vandravagen\/files\/2023\/05\/Ulr_logo_RGB.png\",\"width\":205,\"height\":77,\"caption\":\"ulricehamns pastorat\"},\"image\":{\"@id\":\"https:\/\/blogg.svenskakyrkan.se\/vandravagen\/#\/schema\/logo\/image\/\"},\"sameAs\":[\"http:\/\/facebook.com\/vandravagen\",\"https:\/\/x.com\/fadertomas\",\"http:\/\/www.facebook.com\/svenskakyrkaniulricehamn\"]},{\"@type\":\"Person\",\"@id\":\"https:\/\/blogg.svenskakyrkan.se\/vandravagen\/#\/schema\/person\/25da02d4f76b137d04291711e2c9fc16\",\"name\":\"Tomas Jarvid\",\"image\":{\"@type\":\"ImageObject\",\"inLanguage\":\"sv-SE\",\"@id\":\"https:\/\/blogg.svenskakyrkan.se\/vandravagen\/#\/schema\/person\/image\/\",\"url\":\"https:\/\/secure.gravatar.com\/avatar\/7fa71899795e8f540f615a1f5ab25255dc27aa40f05ee7ddd21aac521e01bf50?s=96&d=identicon&r=g\",\"contentUrl\":\"https:\/\/secure.gravatar.com\/avatar\/7fa71899795e8f540f615a1f5ab25255dc27aa40f05ee7ddd21aac521e01bf50?s=96&d=identicon&r=g\",\"caption\":\"Tomas Jarvid\"},\"description\":\"Jag bor i Ulricehamn i V\u00e4sterg\u00f6tland och \u00e4r f\u00f6rsamlingspr\u00e4st i Svenska Kyrkan f\u00f6r Dalstorps f\u00f6rsamling i Kinds pastorat. P\u00e5 den h\u00e4r bloggen skriver jag ner tankar om vandringen som kristen.\",\"sameAs\":[\"http:\/\/www.vandravagen.se\"],\"url\":\"https:\/\/blogg.svenskakyrkan.se\/vandravagen\/author\/vandravagen\/\"}]}<\/script>\n<!-- \/ Yoast SEO plugin. -->","yoast_head_json":{"title":"Barnens katedral i Lidk\u00f6ping! - Vandra V\u00e4gen","robots":{"index":"index","follow":"follow","max-snippet":"max-snippet:-1","max-image-preview":"max-image-preview:large","max-video-preview":"max-video-preview:-1"},"canonical":"https:\/\/blogg.svenskakyrkan.se\/vandravagen\/2013\/03\/04\/barnens-katedral-i-lidkoping\/","og_locale":"sv_SE","og_type":"article","og_title":"Barnens katedral i Lidk\u00f6ping! - Vandra V\u00e4gen","og_description":"Denna s\u00f6ndag firade vi v\u00e5r gudstj\u00e4nst i &#8221;barnens katedral&#8221; i f\u00f6rsamlingsg\u00e5rden i Lock\u00f6rn i Lidk\u00f6ping. Det \u00e4r en familjegudstj\u00e4nst som firas varannan vecka och d\u00e4r barnen f\u00e5r mycket plats. Det var roligt f\u00f6r v\u00e5r lilla barnfamilj och jag kan rekommendera det till fler som bor h\u00e4r i trakten. H\u00e4r ser man pr\u00e4sten Rickard Bur\u00e9n inleda [&hellip;]","og_url":"https:\/\/blogg.svenskakyrkan.se\/vandravagen\/2013\/03\/04\/barnens-katedral-i-lidkoping\/","og_site_name":"Vandra V\u00e4gen","article_publisher":"http:\/\/facebook.com\/vandravagen","article_published_time":"2013-03-04T09:39:00+00:00","og_image":[{"url":"https:\/\/lh3.googleusercontent.com\/-jvG38fGflA4\/UTOhEvXhPiI\/AAAAAAAACqQ\/GXCtJbjIkFo\/s400\/blogger-image-1683441784.jpg","type":"","width":"","height":""}],"author":"Tomas Jarvid","twitter_card":"summary_large_image","twitter_creator":"@fadertomas","twitter_site":"@fadertomas","twitter_misc":{"Skriven av":"Tomas Jarvid","Ber\u00e4knad l\u00e4stid":"1 minut"},"schema":{"@context":"https:\/\/schema.org","@graph":[{"@type":"Article","@id":"https:\/\/blogg.svenskakyrkan.se\/vandravagen\/2013\/03\/04\/barnens-katedral-i-lidkoping\/#article","isPartOf":{"@id":"https:\/\/blogg.svenskakyrkan.se\/vandravagen\/2013\/03\/04\/barnens-katedral-i-lidkoping\/"},"author":{"name":"Tomas Jarvid","@id":"https:\/\/blogg.svenskakyrkan.se\/vandravagen\/#\/schema\/person\/25da02d4f76b137d04291711e2c9fc16"},"headline":"Barnens katedral i Lidk\u00f6ping!","datePublished":"2013-03-04T09:39:00+00:00","mainEntityOfPage":{"@id":"https:\/\/blogg.svenskakyrkan.se\/vandravagen\/2013\/03\/04\/barnens-katedral-i-lidkoping\/"},"wordCount":153,"commentCount":1,"publisher":{"@id":"https:\/\/blogg.svenskakyrkan.se\/vandravagen\/#organization"},"image":{"@id":"https:\/\/blogg.svenskakyrkan.se\/vandravagen\/2013\/03\/04\/barnens-katedral-i-lidkoping\/#primaryimage"},"thumbnailUrl":"https:\/\/lh3.googleusercontent.com\/-jvG38fGflA4\/UTOhEvXhPiI\/AAAAAAAACqQ\/GXCtJbjIkFo\/s400\/blogger-image-1683441784.jpg","articleSection":["Gudstj\u00e4nst"],"inLanguage":"sv-SE","potentialAction":[{"@type":"CommentAction","name":"Comment","target":["https:\/\/blogg.svenskakyrkan.se\/vandravagen\/2013\/03\/04\/barnens-katedral-i-lidkoping\/#respond"]}]},{"@type":"WebPage","@id":"https:\/\/blogg.svenskakyrkan.se\/vandravagen\/2013\/03\/04\/barnens-katedral-i-lidkoping\/","url":"https:\/\/blogg.svenskakyrkan.se\/vandravagen\/2013\/03\/04\/barnens-katedral-i-lidkoping\/","name":"Barnens katedral i Lidk\u00f6ping! - Vandra V\u00e4gen","isPartOf":{"@id":"https:\/\/blogg.svenskakyrkan.se\/vandravagen\/#website"},"primaryImageOfPage":{"@id":"https:\/\/blogg.svenskakyrkan.se\/vandravagen\/2013\/03\/04\/barnens-katedral-i-lidkoping\/#primaryimage"},"image":{"@id":"https:\/\/blogg.svenskakyrkan.se\/vandravagen\/2013\/03\/04\/barnens-katedral-i-lidkoping\/#primaryimage"},"thumbnailUrl":"https:\/\/lh3.googleusercontent.com\/-jvG38fGflA4\/UTOhEvXhPiI\/AAAAAAAACqQ\/GXCtJbjIkFo\/s400\/blogger-image-1683441784.jpg","datePublished":"2013-03-04T09:39:00+00:00","breadcrumb":{"@id":"https:\/\/blogg.svenskakyrkan.se\/vandravagen\/2013\/03\/04\/barnens-katedral-i-lidkoping\/#breadcrumb"},"inLanguage":"sv-SE","potentialAction":[{"@type":"ReadAction","target":["https:\/\/blogg.svenskakyrkan.se\/vandravagen\/2013\/03\/04\/barnens-katedral-i-lidkoping\/"]}]},{"@type":"ImageObject","inLanguage":"sv-SE","@id":"https:\/\/blogg.svenskakyrkan.se\/vandravagen\/2013\/03\/04\/barnens-katedral-i-lidkoping\/#primaryimage","url":"https:\/\/lh3.googleusercontent.com\/-jvG38fGflA4\/UTOhEvXhPiI\/AAAAAAAACqQ\/GXCtJbjIkFo\/s400\/blogger-image-1683441784.jpg","contentUrl":"https:\/\/lh3.googleusercontent.com\/-jvG38fGflA4\/UTOhEvXhPiI\/AAAAAAAACqQ\/GXCtJbjIkFo\/s400\/blogger-image-1683441784.jpg"},{"@type":"BreadcrumbList","@id":"https:\/\/blogg.svenskakyrkan.se\/vandravagen\/2013\/03\/04\/barnens-katedral-i-lidkoping\/#breadcrumb","itemListElement":[{"@type":"ListItem","position":1,"name":"Hem","item":"https:\/\/blogg.svenskakyrkan.se\/vandravagen\/"},{"@type":"ListItem","position":2,"name":"Barnens katedral i Lidk\u00f6ping!"}]},{"@type":"WebSite","@id":"https:\/\/blogg.svenskakyrkan.se\/vandravagen\/#website","url":"https:\/\/blogg.svenskakyrkan.se\/vandravagen\/","name":"Vandra V\u00e4gen","description":"-Mot en tro f\u00f6r hela livet","publisher":{"@id":"https:\/\/blogg.svenskakyrkan.se\/vandravagen\/#organization"},"potentialAction":[{"@type":"SearchAction","target":{"@type":"EntryPoint","urlTemplate":"https:\/\/blogg.svenskakyrkan.se\/vandravagen\/?s={search_term_string}"},"query-input":{"@type":"PropertyValueSpecification","valueRequired":true,"valueName":"search_term_string"}}],"inLanguage":"sv-SE"},{"@type":"Organization","@id":"https:\/\/blogg.svenskakyrkan.se\/vandravagen\/#organization","name":"ulricehamns pastorat","alternateName":"ulricehamns pastorat","url":"https:\/\/blogg.svenskakyrkan.se\/vandravagen\/","logo":{"@type":"ImageObject","inLanguage":"sv-SE","@id":"https:\/\/blogg.svenskakyrkan.se\/vandravagen\/#\/schema\/logo\/image\/","url":"https:\/\/blogg.svenskakyrkan.se\/vandravagen\/files\/2023\/05\/Ulr_logo_RGB.png","contentUrl":"https:\/\/blogg.svenskakyrkan.se\/vandravagen\/files\/2023\/05\/Ulr_logo_RGB.png","width":205,"height":77,"caption":"ulricehamns pastorat"},"image":{"@id":"https:\/\/blogg.svenskakyrkan.se\/vandravagen\/#\/schema\/logo\/image\/"},"sameAs":["http:\/\/facebook.com\/vandravagen","https:\/\/x.com\/fadertomas","http:\/\/www.facebook.com\/svenskakyrkaniulricehamn"]},{"@type":"Person","@id":"https:\/\/blogg.svenskakyrkan.se\/vandravagen\/#\/schema\/person\/25da02d4f76b137d04291711e2c9fc16","name":"Tomas Jarvid","image":{"@type":"ImageObject","inLanguage":"sv-SE","@id":"https:\/\/blogg.svenskakyrkan.se\/vandravagen\/#\/schema\/person\/image\/","url":"https:\/\/secure.gravatar.com\/avatar\/7fa71899795e8f540f615a1f5ab25255dc27aa40f05ee7ddd21aac521e01bf50?s=96&d=identicon&r=g","contentUrl":"https:\/\/secure.gravatar.com\/avatar\/7fa71899795e8f540f615a1f5ab25255dc27aa40f05ee7ddd21aac521e01bf50?s=96&d=identicon&r=g","caption":"Tomas Jarvid"},"description":"Jag bor i Ulricehamn i V\u00e4sterg\u00f6tland och \u00e4r f\u00f6rsamlingspr\u00e4st i Svenska Kyrkan f\u00f6r Dalstorps f\u00f6rsamling i Kinds pastorat. P\u00e5 den h\u00e4r bloggen skriver jag ner tankar om vandringen som kristen.","sameAs":["http:\/\/www.vandravagen.se"],"url":"https:\/\/blogg.svenskakyrkan.se\/vandravagen\/author\/vandravagen\/"}]}},"author_meta":{"ID":"392","user_nicename":"vandravagen","user_url":"http:\/\/www.vandravagen.se","user_registered":"2014-05-19 05:44:52","display_name":"Tomas Jarvid","first_name":"Tomas","last_name":"Jarvid","avatar":"https:\/\/secure.gravatar.com\/avatar\/7fa71899795e8f540f615a1f5ab25255dc27aa40f05ee7ddd21aac521e01bf50?s=96&d=identicon&r=g"},"featured_image":false,"bloginfo":{"name":"Vandra V\u00e4gen","url":"https:\/\/blogg.svenskakyrkan.se\/vandravagen"},"_links":{"self":[{"href":"https:\/\/blogg.svenskakyrkan.se\/vandravagen\/wp-json\/wp\/v2\/posts\/684","targetHints":{"allow":["GET"]}}],"collection":[{"href":"https:\/\/blogg.svenskakyrkan.se\/vandravagen\/wp-json\/wp\/v2\/posts"}],"about":[{"href":"https:\/\/blogg.svenskakyrkan.se\/vandravagen\/wp-json\/wp\/v2\/types\/post"}],"author":[{"embeddable":true,"href":"https:\/\/blogg.svenskakyrkan.se\/vandravagen\/wp-json\/wp\/v2\/users\/392"}],"replies":[{"embeddable":true,"href":"https:\/\/blogg.svenskakyrkan.se\/vandravagen\/wp-json\/wp\/v2\/comments?post=684"}],"version-history":[{"count":0,"href":"https:\/\/blogg.svenskakyrkan.se\/vandravagen\/wp-json\/wp\/v2\/posts\/684\/revisions"}],"wp:attachment":[{"href":"https:\/\/blogg.svenskakyrkan.se\/vandravagen\/wp-json\/wp\/v2\/media?parent=684"}],"wp:term":[{"taxonomy":"category","embeddable":true,"href":"https:\/\/blogg.svenskakyrkan.se\/vandravagen\/wp-json\/wp\/v2\/categories?post=684"},{"taxonomy":"post_tag","embeddable":true,"href":"https:\/\/blogg.svenskakyrkan.se\/vandravagen\/wp-json\/wp\/v2\/tags?post=684"}],"curies":[{"name":"wp","href":"https:\/\/api.w.org\/{rel}","templated":true}]}}