{"id":6870,"date":"2019-01-06T07:00:01","date_gmt":"2019-01-06T06:00:01","guid":{"rendered":"http:\/\/blogg.svenskakyrkan.se\/vandravagen\/?p=6870"},"modified":"2019-01-05T21:36:38","modified_gmt":"2019-01-05T20:36:38","slug":"10-blandade-tankar-pa-trettondagen","status":"publish","type":"post","link":"https:\/\/blogg.svenskakyrkan.se\/vandravagen\/2019\/01\/06\/10-blandade-tankar-pa-trettondagen\/","title":{"rendered":"10 blandade tankar p\u00e5 trettondagen"},"content":{"rendered":"<ol>\n<li>Glad trettondag k\u00e4ra l\u00e4sare!<\/li>\n<\/ol>\n<p>2. Idag arbetar jag inte (men g\u00e5 g\u00e4rna p\u00e5 julens s\u00e5nger i Ljungsarp kl 17!) \u00a0utan kommer sitta i kyrkb\u00e4nken i Ulricehamns kyrka f\u00f6r trettondagsgudstj\u00e4nst och julgransplundring efter\u00e5t i f\u00f6rsamlingsg\u00e5rden.<\/p>\n<p>3. Det \u00e4r ytterligare en s\u00e5n d\u00e4r konstig cirkel som slut. N\u00e4r jag var gammal som mina barn b\u00f6rjar bli gick jag ocks\u00e5 p\u00e5 julgransplundring i f\u00f6rsamlingsg\u00e5rden. Minnesv\u00e4rdast var n\u00e4r jag och en kille till lyckades leka med hissen tills den stannade mitt emellan v\u00e5ningarna utan lampor i en halvtimme. \u00c4ven d\u00e5liga minnen \u00e4r p\u00e5 n\u00e5got s\u00e4tt ibland bra minnen l\u00e5ngt efter\u00e5t.<\/p>\n<p>4. Trettondagshelgen \u00e4r helgen d\u00e5 allt \u00e4r samlat i v\u00e5r familj. Trettondagsafton \u00e4r v\u00e5r br\u00f6llopsdag och mellanflickans f\u00f6delsedag, trettondagen \u00e4r dopdag f\u00f6r den \u00e4ldsta. Jag kan t\u00e4nka nu att det kanske inte ens var helt r\u00e4tt utr\u00e4knat fr\u00e5n b\u00f6rjan att trettonhelgen skulle vara en s\u00e5 v\u00e4rst ledig helg att ha br\u00f6llopsdag p\u00e5 i familjen pr\u00e4st men sedan har det ju bara eskalerat.<\/p>\n<p>5. Mitt arbete just nu best\u00e5r f\u00f6rresten mycket i att skicka brev med inbjudningar till olika slags fester i f\u00f6rsamlingen; dopfest f\u00f6r f\u00f6rra \u00e5rets dopbarn, vinterfest f\u00f6r alla engagerade och f\u00f6delsedagsfest f\u00f6r de gamla som fyllt j\u00e4mnt. Festfixare var inte riktigt med p\u00e5 listan \u00f6ver vad jag trodde pr\u00e4ster gjorde men se d\u00e4r hade jag fel.<\/p>\n<p>6. Att byta till nytt \u00e5r har g\u00e5tt enkelt och r\u00e4tt obem\u00e4rkt. Jag har inte beh\u00f6vt skriva 2019 n\u00e5gonstans \u00e4n i och f\u00f6r sig, \u00e5terst\u00e5r att se hur l\u00e5ng tid det tar att l\u00e4ra.<\/p>\n<p>7. Jag ska ju allts\u00e5 inte predika idag men de d\u00e4r vise m\u00e4nnen \u00e4r bara alltmer fascinerande. Idag \u00e4r en bra dag f\u00f6r alla s\u00f6kare, som ibland g\u00e5r fel (och hamnar hos Herodes i v\u00e4rsta fall) men som ocks\u00e5 kan hamna helt r\u00e4tt. Den som s\u00f6ker, den finner. Som Jesus s\u00e4ger.<\/p>\n<p>8. Jag har b\u00f6rjat tycka alltmer om Standup. Undrar vad det kan bli f\u00f6r l\u00e5ngsiktiga f\u00f6ljder av detta.<\/p>\n<p>9. Jag har en ny rolig id\u00e9 till en kort film i kyrkan tj\u00e4nst. F\u00e5r \u00e5terkomma med den vid palms\u00f6ndagen.<\/p>\n<p>10. Hur har du det? Skriv en rad och ber\u00e4tta!<\/p>\n","protected":false},"excerpt":{"rendered":"<p>Glad trettondag k\u00e4ra l\u00e4sare! 2. Idag arbetar jag inte (men g\u00e5 g\u00e4rna p\u00e5 julens s\u00e5nger i Ljungsarp kl 17!) \u00a0utan kommer sitta i kyrkb\u00e4nken i Ulricehamns kyrka f\u00f6r trettondagsgudstj\u00e4nst och julgransplundring efter\u00e5t i f\u00f6rsamlingsg\u00e5rden. 3. Det \u00e4r ytterligare en s\u00e5n d\u00e4r konstig cirkel som slut. N\u00e4r jag var gammal som mina barn b\u00f6rjar bli gick [&hellip;]<\/p>\n","protected":false},"author":392,"featured_media":6871,"comment_status":"open","ping_status":"open","sticky":false,"template":"","format":"standard","meta":{"_acf_changed":false,"footnotes":""},"categories":[76766],"tags":[],"class_list":["post-6870","post","type-post","status-publish","format-standard","has-post-thumbnail","hentry","category-blandat"],"acf":[],"yoast_head":"<!-- This site is optimized with the Yoast SEO plugin v27.1.1 - https:\/\/yoast.com\/product\/yoast-seo-wordpress\/ -->\n<title>10 blandade tankar p\u00e5 trettondagen - Vandra V\u00e4gen<\/title>\n<meta name=\"robots\" content=\"index, follow, max-snippet:-1, max-image-preview:large, max-video-preview:-1\" \/>\n<link rel=\"canonical\" href=\"https:\/\/blogg.svenskakyrkan.se\/vandravagen\/2019\/01\/06\/10-blandade-tankar-pa-trettondagen\/\" \/>\n<meta property=\"og:locale\" content=\"sv_SE\" \/>\n<meta property=\"og:type\" content=\"article\" \/>\n<meta property=\"og:title\" content=\"10 blandade tankar p\u00e5 trettondagen - Vandra V\u00e4gen\" \/>\n<meta property=\"og:description\" content=\"Glad trettondag k\u00e4ra l\u00e4sare! 2. Idag arbetar jag inte (men g\u00e5 g\u00e4rna p\u00e5 julens s\u00e5nger i Ljungsarp kl 17!) \u00a0utan kommer sitta i kyrkb\u00e4nken i Ulricehamns kyrka f\u00f6r trettondagsgudstj\u00e4nst och julgransplundring efter\u00e5t i f\u00f6rsamlingsg\u00e5rden. 3. Det \u00e4r ytterligare en s\u00e5n d\u00e4r konstig cirkel som slut. N\u00e4r jag var gammal som mina barn b\u00f6rjar bli gick [&hellip;]\" \/>\n<meta property=\"og:url\" content=\"https:\/\/blogg.svenskakyrkan.se\/vandravagen\/2019\/01\/06\/10-blandade-tankar-pa-trettondagen\/\" \/>\n<meta property=\"og:site_name\" content=\"Vandra V\u00e4gen\" \/>\n<meta property=\"article:publisher\" content=\"http:\/\/facebook.com\/vandravagen\" \/>\n<meta property=\"article:published_time\" content=\"2019-01-06T06:00:01+00:00\" \/>\n<meta name=\"author\" content=\"Tomas Jarvid\" \/>\n<meta name=\"twitter:card\" content=\"summary_large_image\" \/>\n<meta name=\"twitter:creator\" content=\"@fadertomas\" \/>\n<meta name=\"twitter:site\" content=\"@fadertomas\" \/>\n<meta name=\"twitter:label1\" content=\"Skriven av\" \/>\n\t<meta name=\"twitter:data1\" content=\"Tomas Jarvid\" \/>\n\t<meta name=\"twitter:label2\" content=\"Ber\u00e4knad l\u00e4stid\" \/>\n\t<meta name=\"twitter:data2\" content=\"2 minuter\" \/>\n<script type=\"application\/ld+json\" class=\"yoast-schema-graph\">{\"@context\":\"https:\/\/schema.org\",\"@graph\":[{\"@type\":\"Article\",\"@id\":\"https:\/\/blogg.svenskakyrkan.se\/vandravagen\/2019\/01\/06\/10-blandade-tankar-pa-trettondagen\/#article\",\"isPartOf\":{\"@id\":\"https:\/\/blogg.svenskakyrkan.se\/vandravagen\/2019\/01\/06\/10-blandade-tankar-pa-trettondagen\/\"},\"author\":{\"name\":\"Tomas Jarvid\",\"@id\":\"https:\/\/blogg.svenskakyrkan.se\/vandravagen\/#\/schema\/person\/25da02d4f76b137d04291711e2c9fc16\"},\"headline\":\"10 blandade tankar p\u00e5 trettondagen\",\"datePublished\":\"2019-01-06T06:00:01+00:00\",\"mainEntityOfPage\":{\"@id\":\"https:\/\/blogg.svenskakyrkan.se\/vandravagen\/2019\/01\/06\/10-blandade-tankar-pa-trettondagen\/\"},\"wordCount\":414,\"commentCount\":4,\"publisher\":{\"@id\":\"https:\/\/blogg.svenskakyrkan.se\/vandravagen\/#organization\"},\"image\":{\"@id\":\"https:\/\/blogg.svenskakyrkan.se\/vandravagen\/2019\/01\/06\/10-blandade-tankar-pa-trettondagen\/#primaryimage\"},\"thumbnailUrl\":\"https:\/\/blogg.svenskakyrkan.se\/vandravagen\/files\/2019\/01\/IMG_6406.jpg\",\"articleSection\":[\"blandat\"],\"inLanguage\":\"sv-SE\",\"potentialAction\":[{\"@type\":\"CommentAction\",\"name\":\"Comment\",\"target\":[\"https:\/\/blogg.svenskakyrkan.se\/vandravagen\/2019\/01\/06\/10-blandade-tankar-pa-trettondagen\/#respond\"]}]},{\"@type\":\"WebPage\",\"@id\":\"https:\/\/blogg.svenskakyrkan.se\/vandravagen\/2019\/01\/06\/10-blandade-tankar-pa-trettondagen\/\",\"url\":\"https:\/\/blogg.svenskakyrkan.se\/vandravagen\/2019\/01\/06\/10-blandade-tankar-pa-trettondagen\/\",\"name\":\"10 blandade tankar p\u00e5 trettondagen - Vandra V\u00e4gen\",\"isPartOf\":{\"@id\":\"https:\/\/blogg.svenskakyrkan.se\/vandravagen\/#website\"},\"primaryImageOfPage\":{\"@id\":\"https:\/\/blogg.svenskakyrkan.se\/vandravagen\/2019\/01\/06\/10-blandade-tankar-pa-trettondagen\/#primaryimage\"},\"image\":{\"@id\":\"https:\/\/blogg.svenskakyrkan.se\/vandravagen\/2019\/01\/06\/10-blandade-tankar-pa-trettondagen\/#primaryimage\"},\"thumbnailUrl\":\"https:\/\/blogg.svenskakyrkan.se\/vandravagen\/files\/2019\/01\/IMG_6406.jpg\",\"datePublished\":\"2019-01-06T06:00:01+00:00\",\"breadcrumb\":{\"@id\":\"https:\/\/blogg.svenskakyrkan.se\/vandravagen\/2019\/01\/06\/10-blandade-tankar-pa-trettondagen\/#breadcrumb\"},\"inLanguage\":\"sv-SE\",\"potentialAction\":[{\"@type\":\"ReadAction\",\"target\":[\"https:\/\/blogg.svenskakyrkan.se\/vandravagen\/2019\/01\/06\/10-blandade-tankar-pa-trettondagen\/\"]}]},{\"@type\":\"ImageObject\",\"inLanguage\":\"sv-SE\",\"@id\":\"https:\/\/blogg.svenskakyrkan.se\/vandravagen\/2019\/01\/06\/10-blandade-tankar-pa-trettondagen\/#primaryimage\",\"url\":\"https:\/\/blogg.svenskakyrkan.se\/vandravagen\/files\/2019\/01\/IMG_6406.jpg\",\"contentUrl\":\"https:\/\/blogg.svenskakyrkan.se\/vandravagen\/files\/2019\/01\/IMG_6406.jpg\",\"width\":750,\"height\":716,\"caption\":\"\\\"Vem av er ger ert barn en scelidosaurus n\u00e4r han ber om br\u00f6d?\\\" Fr\u00e5gade Jesus. N\u00e4stan.\"},{\"@type\":\"BreadcrumbList\",\"@id\":\"https:\/\/blogg.svenskakyrkan.se\/vandravagen\/2019\/01\/06\/10-blandade-tankar-pa-trettondagen\/#breadcrumb\",\"itemListElement\":[{\"@type\":\"ListItem\",\"position\":1,\"name\":\"Hem\",\"item\":\"https:\/\/blogg.svenskakyrkan.se\/vandravagen\/\"},{\"@type\":\"ListItem\",\"position\":2,\"name\":\"10 blandade tankar p\u00e5 trettondagen\"}]},{\"@type\":\"WebSite\",\"@id\":\"https:\/\/blogg.svenskakyrkan.se\/vandravagen\/#website\",\"url\":\"https:\/\/blogg.svenskakyrkan.se\/vandravagen\/\",\"name\":\"Vandra V\u00e4gen\",\"description\":\"-Mot en tro f\u00f6r hela livet\",\"publisher\":{\"@id\":\"https:\/\/blogg.svenskakyrkan.se\/vandravagen\/#organization\"},\"potentialAction\":[{\"@type\":\"SearchAction\",\"target\":{\"@type\":\"EntryPoint\",\"urlTemplate\":\"https:\/\/blogg.svenskakyrkan.se\/vandravagen\/?s={search_term_string}\"},\"query-input\":{\"@type\":\"PropertyValueSpecification\",\"valueRequired\":true,\"valueName\":\"search_term_string\"}}],\"inLanguage\":\"sv-SE\"},{\"@type\":\"Organization\",\"@id\":\"https:\/\/blogg.svenskakyrkan.se\/vandravagen\/#organization\",\"name\":\"ulricehamns pastorat\",\"alternateName\":\"ulricehamns pastorat\",\"url\":\"https:\/\/blogg.svenskakyrkan.se\/vandravagen\/\",\"logo\":{\"@type\":\"ImageObject\",\"inLanguage\":\"sv-SE\",\"@id\":\"https:\/\/blogg.svenskakyrkan.se\/vandravagen\/#\/schema\/logo\/image\/\",\"url\":\"https:\/\/blogg.svenskakyrkan.se\/vandravagen\/files\/2023\/05\/Ulr_logo_RGB.png\",\"contentUrl\":\"https:\/\/blogg.svenskakyrkan.se\/vandravagen\/files\/2023\/05\/Ulr_logo_RGB.png\",\"width\":205,\"height\":77,\"caption\":\"ulricehamns pastorat\"},\"image\":{\"@id\":\"https:\/\/blogg.svenskakyrkan.se\/vandravagen\/#\/schema\/logo\/image\/\"},\"sameAs\":[\"http:\/\/facebook.com\/vandravagen\",\"https:\/\/x.com\/fadertomas\",\"http:\/\/www.facebook.com\/svenskakyrkaniulricehamn\"]},{\"@type\":\"Person\",\"@id\":\"https:\/\/blogg.svenskakyrkan.se\/vandravagen\/#\/schema\/person\/25da02d4f76b137d04291711e2c9fc16\",\"name\":\"Tomas Jarvid\",\"image\":{\"@type\":\"ImageObject\",\"inLanguage\":\"sv-SE\",\"@id\":\"https:\/\/blogg.svenskakyrkan.se\/vandravagen\/#\/schema\/person\/image\/\",\"url\":\"https:\/\/secure.gravatar.com\/avatar\/7fa71899795e8f540f615a1f5ab25255dc27aa40f05ee7ddd21aac521e01bf50?s=96&d=identicon&r=g\",\"contentUrl\":\"https:\/\/secure.gravatar.com\/avatar\/7fa71899795e8f540f615a1f5ab25255dc27aa40f05ee7ddd21aac521e01bf50?s=96&d=identicon&r=g\",\"caption\":\"Tomas Jarvid\"},\"description\":\"Jag bor i Ulricehamn i V\u00e4sterg\u00f6tland och \u00e4r f\u00f6rsamlingspr\u00e4st i Svenska Kyrkan f\u00f6r Dalstorps f\u00f6rsamling i Kinds pastorat. P\u00e5 den h\u00e4r bloggen skriver jag ner tankar om vandringen som kristen.\",\"sameAs\":[\"http:\/\/www.vandravagen.se\"],\"url\":\"https:\/\/blogg.svenskakyrkan.se\/vandravagen\/author\/vandravagen\/\"}]}<\/script>\n<!-- \/ Yoast SEO plugin. -->","yoast_head_json":{"title":"10 blandade tankar p\u00e5 trettondagen - Vandra V\u00e4gen","robots":{"index":"index","follow":"follow","max-snippet":"max-snippet:-1","max-image-preview":"max-image-preview:large","max-video-preview":"max-video-preview:-1"},"canonical":"https:\/\/blogg.svenskakyrkan.se\/vandravagen\/2019\/01\/06\/10-blandade-tankar-pa-trettondagen\/","og_locale":"sv_SE","og_type":"article","og_title":"10 blandade tankar p\u00e5 trettondagen - Vandra V\u00e4gen","og_description":"Glad trettondag k\u00e4ra l\u00e4sare! 2. Idag arbetar jag inte (men g\u00e5 g\u00e4rna p\u00e5 julens s\u00e5nger i Ljungsarp kl 17!) \u00a0utan kommer sitta i kyrkb\u00e4nken i Ulricehamns kyrka f\u00f6r trettondagsgudstj\u00e4nst och julgransplundring efter\u00e5t i f\u00f6rsamlingsg\u00e5rden. 3. Det \u00e4r ytterligare en s\u00e5n d\u00e4r konstig cirkel som slut. N\u00e4r jag var gammal som mina barn b\u00f6rjar bli gick [&hellip;]","og_url":"https:\/\/blogg.svenskakyrkan.se\/vandravagen\/2019\/01\/06\/10-blandade-tankar-pa-trettondagen\/","og_site_name":"Vandra V\u00e4gen","article_publisher":"http:\/\/facebook.com\/vandravagen","article_published_time":"2019-01-06T06:00:01+00:00","author":"Tomas Jarvid","twitter_card":"summary_large_image","twitter_creator":"@fadertomas","twitter_site":"@fadertomas","twitter_misc":{"Skriven av":"Tomas Jarvid","Ber\u00e4knad l\u00e4stid":"2 minuter"},"schema":{"@context":"https:\/\/schema.org","@graph":[{"@type":"Article","@id":"https:\/\/blogg.svenskakyrkan.se\/vandravagen\/2019\/01\/06\/10-blandade-tankar-pa-trettondagen\/#article","isPartOf":{"@id":"https:\/\/blogg.svenskakyrkan.se\/vandravagen\/2019\/01\/06\/10-blandade-tankar-pa-trettondagen\/"},"author":{"name":"Tomas Jarvid","@id":"https:\/\/blogg.svenskakyrkan.se\/vandravagen\/#\/schema\/person\/25da02d4f76b137d04291711e2c9fc16"},"headline":"10 blandade tankar p\u00e5 trettondagen","datePublished":"2019-01-06T06:00:01+00:00","mainEntityOfPage":{"@id":"https:\/\/blogg.svenskakyrkan.se\/vandravagen\/2019\/01\/06\/10-blandade-tankar-pa-trettondagen\/"},"wordCount":414,"commentCount":4,"publisher":{"@id":"https:\/\/blogg.svenskakyrkan.se\/vandravagen\/#organization"},"image":{"@id":"https:\/\/blogg.svenskakyrkan.se\/vandravagen\/2019\/01\/06\/10-blandade-tankar-pa-trettondagen\/#primaryimage"},"thumbnailUrl":"https:\/\/blogg.svenskakyrkan.se\/vandravagen\/files\/2019\/01\/IMG_6406.jpg","articleSection":["blandat"],"inLanguage":"sv-SE","potentialAction":[{"@type":"CommentAction","name":"Comment","target":["https:\/\/blogg.svenskakyrkan.se\/vandravagen\/2019\/01\/06\/10-blandade-tankar-pa-trettondagen\/#respond"]}]},{"@type":"WebPage","@id":"https:\/\/blogg.svenskakyrkan.se\/vandravagen\/2019\/01\/06\/10-blandade-tankar-pa-trettondagen\/","url":"https:\/\/blogg.svenskakyrkan.se\/vandravagen\/2019\/01\/06\/10-blandade-tankar-pa-trettondagen\/","name":"10 blandade tankar p\u00e5 trettondagen - Vandra V\u00e4gen","isPartOf":{"@id":"https:\/\/blogg.svenskakyrkan.se\/vandravagen\/#website"},"primaryImageOfPage":{"@id":"https:\/\/blogg.svenskakyrkan.se\/vandravagen\/2019\/01\/06\/10-blandade-tankar-pa-trettondagen\/#primaryimage"},"image":{"@id":"https:\/\/blogg.svenskakyrkan.se\/vandravagen\/2019\/01\/06\/10-blandade-tankar-pa-trettondagen\/#primaryimage"},"thumbnailUrl":"https:\/\/blogg.svenskakyrkan.se\/vandravagen\/files\/2019\/01\/IMG_6406.jpg","datePublished":"2019-01-06T06:00:01+00:00","breadcrumb":{"@id":"https:\/\/blogg.svenskakyrkan.se\/vandravagen\/2019\/01\/06\/10-blandade-tankar-pa-trettondagen\/#breadcrumb"},"inLanguage":"sv-SE","potentialAction":[{"@type":"ReadAction","target":["https:\/\/blogg.svenskakyrkan.se\/vandravagen\/2019\/01\/06\/10-blandade-tankar-pa-trettondagen\/"]}]},{"@type":"ImageObject","inLanguage":"sv-SE","@id":"https:\/\/blogg.svenskakyrkan.se\/vandravagen\/2019\/01\/06\/10-blandade-tankar-pa-trettondagen\/#primaryimage","url":"https:\/\/blogg.svenskakyrkan.se\/vandravagen\/files\/2019\/01\/IMG_6406.jpg","contentUrl":"https:\/\/blogg.svenskakyrkan.se\/vandravagen\/files\/2019\/01\/IMG_6406.jpg","width":750,"height":716,"caption":"\"Vem av er ger ert barn en scelidosaurus n\u00e4r han ber om br\u00f6d?\" Fr\u00e5gade Jesus. N\u00e4stan."},{"@type":"BreadcrumbList","@id":"https:\/\/blogg.svenskakyrkan.se\/vandravagen\/2019\/01\/06\/10-blandade-tankar-pa-trettondagen\/#breadcrumb","itemListElement":[{"@type":"ListItem","position":1,"name":"Hem","item":"https:\/\/blogg.svenskakyrkan.se\/vandravagen\/"},{"@type":"ListItem","position":2,"name":"10 blandade tankar p\u00e5 trettondagen"}]},{"@type":"WebSite","@id":"https:\/\/blogg.svenskakyrkan.se\/vandravagen\/#website","url":"https:\/\/blogg.svenskakyrkan.se\/vandravagen\/","name":"Vandra V\u00e4gen","description":"-Mot en tro f\u00f6r hela livet","publisher":{"@id":"https:\/\/blogg.svenskakyrkan.se\/vandravagen\/#organization"},"potentialAction":[{"@type":"SearchAction","target":{"@type":"EntryPoint","urlTemplate":"https:\/\/blogg.svenskakyrkan.se\/vandravagen\/?s={search_term_string}"},"query-input":{"@type":"PropertyValueSpecification","valueRequired":true,"valueName":"search_term_string"}}],"inLanguage":"sv-SE"},{"@type":"Organization","@id":"https:\/\/blogg.svenskakyrkan.se\/vandravagen\/#organization","name":"ulricehamns pastorat","alternateName":"ulricehamns pastorat","url":"https:\/\/blogg.svenskakyrkan.se\/vandravagen\/","logo":{"@type":"ImageObject","inLanguage":"sv-SE","@id":"https:\/\/blogg.svenskakyrkan.se\/vandravagen\/#\/schema\/logo\/image\/","url":"https:\/\/blogg.svenskakyrkan.se\/vandravagen\/files\/2023\/05\/Ulr_logo_RGB.png","contentUrl":"https:\/\/blogg.svenskakyrkan.se\/vandravagen\/files\/2023\/05\/Ulr_logo_RGB.png","width":205,"height":77,"caption":"ulricehamns pastorat"},"image":{"@id":"https:\/\/blogg.svenskakyrkan.se\/vandravagen\/#\/schema\/logo\/image\/"},"sameAs":["http:\/\/facebook.com\/vandravagen","https:\/\/x.com\/fadertomas","http:\/\/www.facebook.com\/svenskakyrkaniulricehamn"]},{"@type":"Person","@id":"https:\/\/blogg.svenskakyrkan.se\/vandravagen\/#\/schema\/person\/25da02d4f76b137d04291711e2c9fc16","name":"Tomas Jarvid","image":{"@type":"ImageObject","inLanguage":"sv-SE","@id":"https:\/\/blogg.svenskakyrkan.se\/vandravagen\/#\/schema\/person\/image\/","url":"https:\/\/secure.gravatar.com\/avatar\/7fa71899795e8f540f615a1f5ab25255dc27aa40f05ee7ddd21aac521e01bf50?s=96&d=identicon&r=g","contentUrl":"https:\/\/secure.gravatar.com\/avatar\/7fa71899795e8f540f615a1f5ab25255dc27aa40f05ee7ddd21aac521e01bf50?s=96&d=identicon&r=g","caption":"Tomas Jarvid"},"description":"Jag bor i Ulricehamn i V\u00e4sterg\u00f6tland och \u00e4r f\u00f6rsamlingspr\u00e4st i Svenska Kyrkan f\u00f6r Dalstorps f\u00f6rsamling i Kinds pastorat. P\u00e5 den h\u00e4r bloggen skriver jag ner tankar om vandringen som kristen.","sameAs":["http:\/\/www.vandravagen.se"],"url":"https:\/\/blogg.svenskakyrkan.se\/vandravagen\/author\/vandravagen\/"}]}},"author_meta":{"ID":"392","user_nicename":"vandravagen","user_url":"http:\/\/www.vandravagen.se","user_registered":"2014-05-19 05:44:52","display_name":"Tomas Jarvid","first_name":"Tomas","last_name":"Jarvid","avatar":"https:\/\/secure.gravatar.com\/avatar\/7fa71899795e8f540f615a1f5ab25255dc27aa40f05ee7ddd21aac521e01bf50?s=96&d=identicon&r=g"},"featured_image":["https:\/\/blogg.svenskakyrkan.se\/vandravagen\/files\/2019\/01\/IMG_6406.jpg",750,716,false],"bloginfo":{"name":"Vandra V\u00e4gen","url":"https:\/\/blogg.svenskakyrkan.se\/vandravagen"},"_links":{"self":[{"href":"https:\/\/blogg.svenskakyrkan.se\/vandravagen\/wp-json\/wp\/v2\/posts\/6870","targetHints":{"allow":["GET"]}}],"collection":[{"href":"https:\/\/blogg.svenskakyrkan.se\/vandravagen\/wp-json\/wp\/v2\/posts"}],"about":[{"href":"https:\/\/blogg.svenskakyrkan.se\/vandravagen\/wp-json\/wp\/v2\/types\/post"}],"author":[{"embeddable":true,"href":"https:\/\/blogg.svenskakyrkan.se\/vandravagen\/wp-json\/wp\/v2\/users\/392"}],"replies":[{"embeddable":true,"href":"https:\/\/blogg.svenskakyrkan.se\/vandravagen\/wp-json\/wp\/v2\/comments?post=6870"}],"version-history":[{"count":1,"href":"https:\/\/blogg.svenskakyrkan.se\/vandravagen\/wp-json\/wp\/v2\/posts\/6870\/revisions"}],"predecessor-version":[{"id":6872,"href":"https:\/\/blogg.svenskakyrkan.se\/vandravagen\/wp-json\/wp\/v2\/posts\/6870\/revisions\/6872"}],"wp:featuredmedia":[{"embeddable":true,"href":"https:\/\/blogg.svenskakyrkan.se\/vandravagen\/wp-json\/wp\/v2\/media\/6871"}],"wp:attachment":[{"href":"https:\/\/blogg.svenskakyrkan.se\/vandravagen\/wp-json\/wp\/v2\/media?parent=6870"}],"wp:term":[{"taxonomy":"category","embeddable":true,"href":"https:\/\/blogg.svenskakyrkan.se\/vandravagen\/wp-json\/wp\/v2\/categories?post=6870"},{"taxonomy":"post_tag","embeddable":true,"href":"https:\/\/blogg.svenskakyrkan.se\/vandravagen\/wp-json\/wp\/v2\/tags?post=6870"}],"curies":[{"name":"wp","href":"https:\/\/api.w.org\/{rel}","templated":true}]}}