{"id":689,"date":"2013-03-02T10:52:00","date_gmt":"2013-03-02T09:52:00","guid":{"rendered":"http:\/\/blogg.svenskakyrkan.se\/vandravagen\/2013\/03\/02\/livet-som-manniska-enligt-kallocain-av-karin-boye\/"},"modified":"2013-03-02T10:52:00","modified_gmt":"2013-03-02T09:52:00","slug":"livet-som-manniska-enligt-kallocain-av-karin-boye","status":"publish","type":"post","link":"https:\/\/blogg.svenskakyrkan.se\/vandravagen\/2013\/03\/02\/livet-som-manniska-enligt-kallocain-av-karin-boye\/","title":{"rendered":"Livet som m\u00e4nniska enligt Kallocain av Karin Boye"},"content":{"rendered":"<table align=\"center\" cellpadding=\"0\" cellspacing=\"0\">\n<tbody>\n<tr>\n<td><a href=\"http:\/\/upload.wikimedia.org\/wikipedia\/commons\/thumb\/4\/49\/Karin_Boye,_1940s.gif\/200px-Karin_Boye,_1940s.gif\"><img loading=\"lazy\" decoding=\"async\" border=\"0\" height=\"400\" src=\"http:\/\/upload.wikimedia.org\/wikipedia\/commons\/thumb\/4\/49\/Karin_Boye,_1940s.gif\/200px-Karin_Boye,_1940s.gif\" width=\"272\"><\/a><\/td>\n<\/tr>\n<tr>\n<td>Karin Boye, \u00a0stor poet<\/td>\n<\/tr>\n<\/tbody>\n<\/table>\n<p>t<br \/>Ibland h\u00e4nder det att man l\u00e4ser en riktigt bra bok. Det har jag gjort, eller i mitt fall lyssnat p\u00e5. Jag har h\u00f6rt Kallocain av Karin Boye i uppl\u00e4sning av&#8230; Leif Pagrotsky. Jag  rekommenderar verkligen boken, den v\u00e4cker m\u00e4ngder av tankar.<\/p>\n<p>Det \u00e4r r\u00e4tt l\u00e4nge sedan jag l\u00e4ste 1984 av Orwell men jag har en k\u00e4nsla av att Kallocain \u00e4nd\u00e5 \u00e4r n\u00e5gra sn\u00e4pp vassare, den f\u00e5ngar livet i ett framtida totalit\u00e4rt samh\u00e4lle p\u00e5 ett s\u00e4tt som speglar v\u00e5r existentiella situation fantastiskt. Science Fiction \u00e4r ju b\u00e4st n\u00e4r den handlar om hur vi alla har det alltid. H\u00e4r \u00e4r n\u00e5gra s\u00e5dana dimensioner i boken:<\/p>\n<p>Hur \u00e4r det att leva utan privat sf\u00e4r, \u00f6vervakad \u00e4ven i hemmet? Utan tankefrihet? I &#8221;v\u00e4rldsstaten&#8221; \u00e4r m\u00e4nniskorna s\u00e5 ohyggligt ensamma, de tvingas leva p\u00e5 &#8221;ytan&#8221; utan att v\u00e5ga k\u00e4nnas vid motstridiga k\u00e4nslor eller tvivel p\u00e5 statens sanning. \u00c4ven man, fru eller barn \u00e4r potentiella angivare. I boken n\u00e4mns det att nativiteten i landet \u00e4r i kris. Det kan man v\u00e4l f\u00f6rst\u00e5, fast jag tror inte kamera\u00f6gonen i sovrummet \u00e4r det som avskr\u00e4cker mest. Vem vill egentligen dela s\u00e4ng med den man inte v\u00e5gar dela sitt innersta med? <\/p>\n<p>&#8221;Medsoldaterna&#8221; \u00e4r uppfostrade till blind laglydnad men sedan f\u00e5r man veta att de h\u00f6gre upp i makthierarkierna \u00e4r desto krassare. Lagar ger ju n\u00e4mligen ocks\u00e5 r\u00e4ttigheter och skydd f\u00f6r den enskilde, allt m\u00e5ste tolkas utifr\u00e5n att staten har alla r\u00e4ttigheter p\u00e5 sin sida. N\u00e4r huvudpersonen Leo Kall uppfunnit sin sanningsdrog \u00f6ppnas v\u00e4gen upp f\u00f6r kontroll \u00e4ven av tankarna hos de enskilda. Det h\u00e4r \u00e4r kanske det mest sp\u00e4nnande av allt och det man aldrig f\u00e5r svar p\u00e5; vad kommer det leda till n\u00e4r staten har drogen att tillg\u00e5? \u00c4r det f\u00f6rbi f\u00f6r alltid f\u00f6r den m\u00e4nskliga friheten? Eller kommer det leda till att det blir uppenbart vilken l\u00f6gn samh\u00e4llspropagandan bygger p\u00e5 och b\u00f6rjan p\u00e5 slutet f\u00f6r staten?<\/p>\n<p>Sedan \u00e4r det f\u00f6rst\u00e5s otroligt sp\u00e4nnande n\u00e4r det dyker upp n\u00e5gon sorts religi\u00f6s grupp i romanen. Jag vet inte s\u00e5 mycket om Boyes trosuppfattning men det skulle kunna finnas n\u00e5gon slags kristen tro i det hela (utifr\u00e5n d\u00e5tidens l\u00e4tt upplysningsfilosofiska teologi?), i vilket fall v\u00e4cker de sympati. I ett samh\u00e4lle helt pr\u00e4glat av r\u00e4dsla och misstro (fast kl\u00e4tt i vackra ord om gemenskap) s\u00e5 \u00f6var de sig p\u00e5 tillit till varandra och \u00e4r \u00f6ppna f\u00f6r att det finns djupare v\u00e4rden \u00e4n effektivitet och f\u00f6rsvar mot fienden.<\/p>\n<p>Har du l\u00e4st Kallocain? Vad tyckte du? Vad har den att s\u00e4ga oss i en tid som inte alls pr\u00e4glas av kollektivism utan individualism (hur det nu \u00e4r med den saken)?<\/p><\/p>\n","protected":false},"excerpt":{"rendered":"<p>Karin Boye, \u00a0stor poet tIbland h\u00e4nder det att man l\u00e4ser en riktigt bra bok. Det har jag gjort, eller i mitt fall lyssnat p\u00e5. Jag har h\u00f6rt Kallocain av Karin Boye i uppl\u00e4sning av&#8230; Leif Pagrotsky. Jag rekommenderar verkligen boken, den v\u00e4cker m\u00e4ngder av tankar. Det \u00e4r r\u00e4tt l\u00e4nge sedan jag l\u00e4ste 1984 av Orwell [&hellip;]<\/p>\n","protected":false},"author":392,"featured_media":0,"comment_status":"open","ping_status":"open","sticky":false,"template":"","format":"standard","meta":{"_acf_changed":false,"footnotes":""},"categories":[8253],"tags":[],"class_list":["post-689","post","type-post","status-publish","format-standard","hentry","category-bocker"],"acf":[],"yoast_head":"<!-- This site is optimized with the Yoast SEO plugin v27.1.1 - https:\/\/yoast.com\/product\/yoast-seo-wordpress\/ -->\n<title>Livet som m\u00e4nniska enligt Kallocain av Karin Boye - Vandra V\u00e4gen<\/title>\n<meta name=\"robots\" content=\"index, follow, max-snippet:-1, max-image-preview:large, max-video-preview:-1\" \/>\n<link rel=\"canonical\" href=\"https:\/\/blogg.svenskakyrkan.se\/vandravagen\/2013\/03\/02\/livet-som-manniska-enligt-kallocain-av-karin-boye\/\" \/>\n<meta property=\"og:locale\" content=\"sv_SE\" \/>\n<meta property=\"og:type\" content=\"article\" \/>\n<meta property=\"og:title\" content=\"Livet som m\u00e4nniska enligt Kallocain av Karin Boye - Vandra V\u00e4gen\" \/>\n<meta property=\"og:description\" content=\"Karin Boye, \u00a0stor poet tIbland h\u00e4nder det att man l\u00e4ser en riktigt bra bok. Det har jag gjort, eller i mitt fall lyssnat p\u00e5. Jag har h\u00f6rt Kallocain av Karin Boye i uppl\u00e4sning av&#8230; Leif Pagrotsky. Jag rekommenderar verkligen boken, den v\u00e4cker m\u00e4ngder av tankar. Det \u00e4r r\u00e4tt l\u00e4nge sedan jag l\u00e4ste 1984 av Orwell [&hellip;]\" \/>\n<meta property=\"og:url\" content=\"https:\/\/blogg.svenskakyrkan.se\/vandravagen\/2013\/03\/02\/livet-som-manniska-enligt-kallocain-av-karin-boye\/\" \/>\n<meta property=\"og:site_name\" content=\"Vandra V\u00e4gen\" \/>\n<meta property=\"article:publisher\" content=\"http:\/\/facebook.com\/vandravagen\" \/>\n<meta property=\"article:published_time\" content=\"2013-03-02T09:52:00+00:00\" \/>\n<meta property=\"og:image\" content=\"http:\/\/upload.wikimedia.org\/wikipedia\/commons\/thumb\/4\/49\/Karin_Boye,_1940s.gif\/200px-Karin_Boye,_1940s.gif\" \/>\n<meta name=\"author\" content=\"Tomas Jarvid\" \/>\n<meta name=\"twitter:card\" content=\"summary_large_image\" \/>\n<meta name=\"twitter:creator\" content=\"@fadertomas\" \/>\n<meta name=\"twitter:site\" content=\"@fadertomas\" \/>\n<meta name=\"twitter:label1\" content=\"Skriven av\" \/>\n\t<meta name=\"twitter:data1\" content=\"Tomas Jarvid\" \/>\n\t<meta name=\"twitter:label2\" content=\"Ber\u00e4knad l\u00e4stid\" \/>\n\t<meta name=\"twitter:data2\" content=\"3 minuter\" \/>\n<script type=\"application\/ld+json\" class=\"yoast-schema-graph\">{\"@context\":\"https:\/\/schema.org\",\"@graph\":[{\"@type\":\"Article\",\"@id\":\"https:\/\/blogg.svenskakyrkan.se\/vandravagen\/2013\/03\/02\/livet-som-manniska-enligt-kallocain-av-karin-boye\/#article\",\"isPartOf\":{\"@id\":\"https:\/\/blogg.svenskakyrkan.se\/vandravagen\/2013\/03\/02\/livet-som-manniska-enligt-kallocain-av-karin-boye\/\"},\"author\":{\"name\":\"Tomas Jarvid\",\"@id\":\"https:\/\/blogg.svenskakyrkan.se\/vandravagen\/#\/schema\/person\/25da02d4f76b137d04291711e2c9fc16\"},\"headline\":\"Livet som m\u00e4nniska enligt Kallocain av Karin Boye\",\"datePublished\":\"2013-03-02T09:52:00+00:00\",\"mainEntityOfPage\":{\"@id\":\"https:\/\/blogg.svenskakyrkan.se\/vandravagen\/2013\/03\/02\/livet-som-manniska-enligt-kallocain-av-karin-boye\/\"},\"wordCount\":516,\"commentCount\":3,\"publisher\":{\"@id\":\"https:\/\/blogg.svenskakyrkan.se\/vandravagen\/#organization\"},\"image\":{\"@id\":\"https:\/\/blogg.svenskakyrkan.se\/vandravagen\/2013\/03\/02\/livet-som-manniska-enligt-kallocain-av-karin-boye\/#primaryimage\"},\"thumbnailUrl\":\"http:\/\/upload.wikimedia.org\/wikipedia\/commons\/thumb\/4\/49\/Karin_Boye,_1940s.gif\/200px-Karin_Boye,_1940s.gif\",\"articleSection\":[\"b\u00f6cker\"],\"inLanguage\":\"sv-SE\",\"potentialAction\":[{\"@type\":\"CommentAction\",\"name\":\"Comment\",\"target\":[\"https:\/\/blogg.svenskakyrkan.se\/vandravagen\/2013\/03\/02\/livet-som-manniska-enligt-kallocain-av-karin-boye\/#respond\"]}]},{\"@type\":\"WebPage\",\"@id\":\"https:\/\/blogg.svenskakyrkan.se\/vandravagen\/2013\/03\/02\/livet-som-manniska-enligt-kallocain-av-karin-boye\/\",\"url\":\"https:\/\/blogg.svenskakyrkan.se\/vandravagen\/2013\/03\/02\/livet-som-manniska-enligt-kallocain-av-karin-boye\/\",\"name\":\"Livet som m\u00e4nniska enligt Kallocain av Karin Boye - Vandra V\u00e4gen\",\"isPartOf\":{\"@id\":\"https:\/\/blogg.svenskakyrkan.se\/vandravagen\/#website\"},\"primaryImageOfPage\":{\"@id\":\"https:\/\/blogg.svenskakyrkan.se\/vandravagen\/2013\/03\/02\/livet-som-manniska-enligt-kallocain-av-karin-boye\/#primaryimage\"},\"image\":{\"@id\":\"https:\/\/blogg.svenskakyrkan.se\/vandravagen\/2013\/03\/02\/livet-som-manniska-enligt-kallocain-av-karin-boye\/#primaryimage\"},\"thumbnailUrl\":\"http:\/\/upload.wikimedia.org\/wikipedia\/commons\/thumb\/4\/49\/Karin_Boye,_1940s.gif\/200px-Karin_Boye,_1940s.gif\",\"datePublished\":\"2013-03-02T09:52:00+00:00\",\"breadcrumb\":{\"@id\":\"https:\/\/blogg.svenskakyrkan.se\/vandravagen\/2013\/03\/02\/livet-som-manniska-enligt-kallocain-av-karin-boye\/#breadcrumb\"},\"inLanguage\":\"sv-SE\",\"potentialAction\":[{\"@type\":\"ReadAction\",\"target\":[\"https:\/\/blogg.svenskakyrkan.se\/vandravagen\/2013\/03\/02\/livet-som-manniska-enligt-kallocain-av-karin-boye\/\"]}]},{\"@type\":\"ImageObject\",\"inLanguage\":\"sv-SE\",\"@id\":\"https:\/\/blogg.svenskakyrkan.se\/vandravagen\/2013\/03\/02\/livet-som-manniska-enligt-kallocain-av-karin-boye\/#primaryimage\",\"url\":\"http:\/\/upload.wikimedia.org\/wikipedia\/commons\/thumb\/4\/49\/Karin_Boye,_1940s.gif\/200px-Karin_Boye,_1940s.gif\",\"contentUrl\":\"http:\/\/upload.wikimedia.org\/wikipedia\/commons\/thumb\/4\/49\/Karin_Boye,_1940s.gif\/200px-Karin_Boye,_1940s.gif\"},{\"@type\":\"BreadcrumbList\",\"@id\":\"https:\/\/blogg.svenskakyrkan.se\/vandravagen\/2013\/03\/02\/livet-som-manniska-enligt-kallocain-av-karin-boye\/#breadcrumb\",\"itemListElement\":[{\"@type\":\"ListItem\",\"position\":1,\"name\":\"Hem\",\"item\":\"https:\/\/blogg.svenskakyrkan.se\/vandravagen\/\"},{\"@type\":\"ListItem\",\"position\":2,\"name\":\"Livet som m\u00e4nniska enligt Kallocain av Karin Boye\"}]},{\"@type\":\"WebSite\",\"@id\":\"https:\/\/blogg.svenskakyrkan.se\/vandravagen\/#website\",\"url\":\"https:\/\/blogg.svenskakyrkan.se\/vandravagen\/\",\"name\":\"Vandra V\u00e4gen\",\"description\":\"-Mot en tro f\u00f6r hela livet\",\"publisher\":{\"@id\":\"https:\/\/blogg.svenskakyrkan.se\/vandravagen\/#organization\"},\"potentialAction\":[{\"@type\":\"SearchAction\",\"target\":{\"@type\":\"EntryPoint\",\"urlTemplate\":\"https:\/\/blogg.svenskakyrkan.se\/vandravagen\/?s={search_term_string}\"},\"query-input\":{\"@type\":\"PropertyValueSpecification\",\"valueRequired\":true,\"valueName\":\"search_term_string\"}}],\"inLanguage\":\"sv-SE\"},{\"@type\":\"Organization\",\"@id\":\"https:\/\/blogg.svenskakyrkan.se\/vandravagen\/#organization\",\"name\":\"ulricehamns pastorat\",\"alternateName\":\"ulricehamns pastorat\",\"url\":\"https:\/\/blogg.svenskakyrkan.se\/vandravagen\/\",\"logo\":{\"@type\":\"ImageObject\",\"inLanguage\":\"sv-SE\",\"@id\":\"https:\/\/blogg.svenskakyrkan.se\/vandravagen\/#\/schema\/logo\/image\/\",\"url\":\"https:\/\/blogg.svenskakyrkan.se\/vandravagen\/files\/2023\/05\/Ulr_logo_RGB.png\",\"contentUrl\":\"https:\/\/blogg.svenskakyrkan.se\/vandravagen\/files\/2023\/05\/Ulr_logo_RGB.png\",\"width\":205,\"height\":77,\"caption\":\"ulricehamns pastorat\"},\"image\":{\"@id\":\"https:\/\/blogg.svenskakyrkan.se\/vandravagen\/#\/schema\/logo\/image\/\"},\"sameAs\":[\"http:\/\/facebook.com\/vandravagen\",\"https:\/\/x.com\/fadertomas\",\"http:\/\/www.facebook.com\/svenskakyrkaniulricehamn\"]},{\"@type\":\"Person\",\"@id\":\"https:\/\/blogg.svenskakyrkan.se\/vandravagen\/#\/schema\/person\/25da02d4f76b137d04291711e2c9fc16\",\"name\":\"Tomas Jarvid\",\"image\":{\"@type\":\"ImageObject\",\"inLanguage\":\"sv-SE\",\"@id\":\"https:\/\/blogg.svenskakyrkan.se\/vandravagen\/#\/schema\/person\/image\/\",\"url\":\"https:\/\/secure.gravatar.com\/avatar\/7fa71899795e8f540f615a1f5ab25255dc27aa40f05ee7ddd21aac521e01bf50?s=96&d=identicon&r=g\",\"contentUrl\":\"https:\/\/secure.gravatar.com\/avatar\/7fa71899795e8f540f615a1f5ab25255dc27aa40f05ee7ddd21aac521e01bf50?s=96&d=identicon&r=g\",\"caption\":\"Tomas Jarvid\"},\"description\":\"Jag bor i Ulricehamn i V\u00e4sterg\u00f6tland och \u00e4r f\u00f6rsamlingspr\u00e4st i Svenska Kyrkan f\u00f6r Dalstorps f\u00f6rsamling i Kinds pastorat. P\u00e5 den h\u00e4r bloggen skriver jag ner tankar om vandringen som kristen.\",\"sameAs\":[\"http:\/\/www.vandravagen.se\"],\"url\":\"https:\/\/blogg.svenskakyrkan.se\/vandravagen\/author\/vandravagen\/\"}]}<\/script>\n<!-- \/ Yoast SEO plugin. -->","yoast_head_json":{"title":"Livet som m\u00e4nniska enligt Kallocain av Karin Boye - Vandra V\u00e4gen","robots":{"index":"index","follow":"follow","max-snippet":"max-snippet:-1","max-image-preview":"max-image-preview:large","max-video-preview":"max-video-preview:-1"},"canonical":"https:\/\/blogg.svenskakyrkan.se\/vandravagen\/2013\/03\/02\/livet-som-manniska-enligt-kallocain-av-karin-boye\/","og_locale":"sv_SE","og_type":"article","og_title":"Livet som m\u00e4nniska enligt Kallocain av Karin Boye - Vandra V\u00e4gen","og_description":"Karin Boye, \u00a0stor poet tIbland h\u00e4nder det att man l\u00e4ser en riktigt bra bok. Det har jag gjort, eller i mitt fall lyssnat p\u00e5. Jag har h\u00f6rt Kallocain av Karin Boye i uppl\u00e4sning av&#8230; Leif Pagrotsky. Jag rekommenderar verkligen boken, den v\u00e4cker m\u00e4ngder av tankar. Det \u00e4r r\u00e4tt l\u00e4nge sedan jag l\u00e4ste 1984 av Orwell [&hellip;]","og_url":"https:\/\/blogg.svenskakyrkan.se\/vandravagen\/2013\/03\/02\/livet-som-manniska-enligt-kallocain-av-karin-boye\/","og_site_name":"Vandra V\u00e4gen","article_publisher":"http:\/\/facebook.com\/vandravagen","article_published_time":"2013-03-02T09:52:00+00:00","og_image":[{"url":"http:\/\/upload.wikimedia.org\/wikipedia\/commons\/thumb\/4\/49\/Karin_Boye,_1940s.gif\/200px-Karin_Boye,_1940s.gif","type":"","width":"","height":""}],"author":"Tomas Jarvid","twitter_card":"summary_large_image","twitter_creator":"@fadertomas","twitter_site":"@fadertomas","twitter_misc":{"Skriven av":"Tomas Jarvid","Ber\u00e4knad l\u00e4stid":"3 minuter"},"schema":{"@context":"https:\/\/schema.org","@graph":[{"@type":"Article","@id":"https:\/\/blogg.svenskakyrkan.se\/vandravagen\/2013\/03\/02\/livet-som-manniska-enligt-kallocain-av-karin-boye\/#article","isPartOf":{"@id":"https:\/\/blogg.svenskakyrkan.se\/vandravagen\/2013\/03\/02\/livet-som-manniska-enligt-kallocain-av-karin-boye\/"},"author":{"name":"Tomas Jarvid","@id":"https:\/\/blogg.svenskakyrkan.se\/vandravagen\/#\/schema\/person\/25da02d4f76b137d04291711e2c9fc16"},"headline":"Livet som m\u00e4nniska enligt Kallocain av Karin Boye","datePublished":"2013-03-02T09:52:00+00:00","mainEntityOfPage":{"@id":"https:\/\/blogg.svenskakyrkan.se\/vandravagen\/2013\/03\/02\/livet-som-manniska-enligt-kallocain-av-karin-boye\/"},"wordCount":516,"commentCount":3,"publisher":{"@id":"https:\/\/blogg.svenskakyrkan.se\/vandravagen\/#organization"},"image":{"@id":"https:\/\/blogg.svenskakyrkan.se\/vandravagen\/2013\/03\/02\/livet-som-manniska-enligt-kallocain-av-karin-boye\/#primaryimage"},"thumbnailUrl":"http:\/\/upload.wikimedia.org\/wikipedia\/commons\/thumb\/4\/49\/Karin_Boye,_1940s.gif\/200px-Karin_Boye,_1940s.gif","articleSection":["b\u00f6cker"],"inLanguage":"sv-SE","potentialAction":[{"@type":"CommentAction","name":"Comment","target":["https:\/\/blogg.svenskakyrkan.se\/vandravagen\/2013\/03\/02\/livet-som-manniska-enligt-kallocain-av-karin-boye\/#respond"]}]},{"@type":"WebPage","@id":"https:\/\/blogg.svenskakyrkan.se\/vandravagen\/2013\/03\/02\/livet-som-manniska-enligt-kallocain-av-karin-boye\/","url":"https:\/\/blogg.svenskakyrkan.se\/vandravagen\/2013\/03\/02\/livet-som-manniska-enligt-kallocain-av-karin-boye\/","name":"Livet som m\u00e4nniska enligt Kallocain av Karin Boye - Vandra V\u00e4gen","isPartOf":{"@id":"https:\/\/blogg.svenskakyrkan.se\/vandravagen\/#website"},"primaryImageOfPage":{"@id":"https:\/\/blogg.svenskakyrkan.se\/vandravagen\/2013\/03\/02\/livet-som-manniska-enligt-kallocain-av-karin-boye\/#primaryimage"},"image":{"@id":"https:\/\/blogg.svenskakyrkan.se\/vandravagen\/2013\/03\/02\/livet-som-manniska-enligt-kallocain-av-karin-boye\/#primaryimage"},"thumbnailUrl":"http:\/\/upload.wikimedia.org\/wikipedia\/commons\/thumb\/4\/49\/Karin_Boye,_1940s.gif\/200px-Karin_Boye,_1940s.gif","datePublished":"2013-03-02T09:52:00+00:00","breadcrumb":{"@id":"https:\/\/blogg.svenskakyrkan.se\/vandravagen\/2013\/03\/02\/livet-som-manniska-enligt-kallocain-av-karin-boye\/#breadcrumb"},"inLanguage":"sv-SE","potentialAction":[{"@type":"ReadAction","target":["https:\/\/blogg.svenskakyrkan.se\/vandravagen\/2013\/03\/02\/livet-som-manniska-enligt-kallocain-av-karin-boye\/"]}]},{"@type":"ImageObject","inLanguage":"sv-SE","@id":"https:\/\/blogg.svenskakyrkan.se\/vandravagen\/2013\/03\/02\/livet-som-manniska-enligt-kallocain-av-karin-boye\/#primaryimage","url":"http:\/\/upload.wikimedia.org\/wikipedia\/commons\/thumb\/4\/49\/Karin_Boye,_1940s.gif\/200px-Karin_Boye,_1940s.gif","contentUrl":"http:\/\/upload.wikimedia.org\/wikipedia\/commons\/thumb\/4\/49\/Karin_Boye,_1940s.gif\/200px-Karin_Boye,_1940s.gif"},{"@type":"BreadcrumbList","@id":"https:\/\/blogg.svenskakyrkan.se\/vandravagen\/2013\/03\/02\/livet-som-manniska-enligt-kallocain-av-karin-boye\/#breadcrumb","itemListElement":[{"@type":"ListItem","position":1,"name":"Hem","item":"https:\/\/blogg.svenskakyrkan.se\/vandravagen\/"},{"@type":"ListItem","position":2,"name":"Livet som m\u00e4nniska enligt Kallocain av Karin Boye"}]},{"@type":"WebSite","@id":"https:\/\/blogg.svenskakyrkan.se\/vandravagen\/#website","url":"https:\/\/blogg.svenskakyrkan.se\/vandravagen\/","name":"Vandra V\u00e4gen","description":"-Mot en tro f\u00f6r hela livet","publisher":{"@id":"https:\/\/blogg.svenskakyrkan.se\/vandravagen\/#organization"},"potentialAction":[{"@type":"SearchAction","target":{"@type":"EntryPoint","urlTemplate":"https:\/\/blogg.svenskakyrkan.se\/vandravagen\/?s={search_term_string}"},"query-input":{"@type":"PropertyValueSpecification","valueRequired":true,"valueName":"search_term_string"}}],"inLanguage":"sv-SE"},{"@type":"Organization","@id":"https:\/\/blogg.svenskakyrkan.se\/vandravagen\/#organization","name":"ulricehamns pastorat","alternateName":"ulricehamns pastorat","url":"https:\/\/blogg.svenskakyrkan.se\/vandravagen\/","logo":{"@type":"ImageObject","inLanguage":"sv-SE","@id":"https:\/\/blogg.svenskakyrkan.se\/vandravagen\/#\/schema\/logo\/image\/","url":"https:\/\/blogg.svenskakyrkan.se\/vandravagen\/files\/2023\/05\/Ulr_logo_RGB.png","contentUrl":"https:\/\/blogg.svenskakyrkan.se\/vandravagen\/files\/2023\/05\/Ulr_logo_RGB.png","width":205,"height":77,"caption":"ulricehamns pastorat"},"image":{"@id":"https:\/\/blogg.svenskakyrkan.se\/vandravagen\/#\/schema\/logo\/image\/"},"sameAs":["http:\/\/facebook.com\/vandravagen","https:\/\/x.com\/fadertomas","http:\/\/www.facebook.com\/svenskakyrkaniulricehamn"]},{"@type":"Person","@id":"https:\/\/blogg.svenskakyrkan.se\/vandravagen\/#\/schema\/person\/25da02d4f76b137d04291711e2c9fc16","name":"Tomas Jarvid","image":{"@type":"ImageObject","inLanguage":"sv-SE","@id":"https:\/\/blogg.svenskakyrkan.se\/vandravagen\/#\/schema\/person\/image\/","url":"https:\/\/secure.gravatar.com\/avatar\/7fa71899795e8f540f615a1f5ab25255dc27aa40f05ee7ddd21aac521e01bf50?s=96&d=identicon&r=g","contentUrl":"https:\/\/secure.gravatar.com\/avatar\/7fa71899795e8f540f615a1f5ab25255dc27aa40f05ee7ddd21aac521e01bf50?s=96&d=identicon&r=g","caption":"Tomas Jarvid"},"description":"Jag bor i Ulricehamn i V\u00e4sterg\u00f6tland och \u00e4r f\u00f6rsamlingspr\u00e4st i Svenska Kyrkan f\u00f6r Dalstorps f\u00f6rsamling i Kinds pastorat. P\u00e5 den h\u00e4r bloggen skriver jag ner tankar om vandringen som kristen.","sameAs":["http:\/\/www.vandravagen.se"],"url":"https:\/\/blogg.svenskakyrkan.se\/vandravagen\/author\/vandravagen\/"}]}},"author_meta":{"ID":"392","user_nicename":"vandravagen","user_url":"http:\/\/www.vandravagen.se","user_registered":"2014-05-19 05:44:52","display_name":"Tomas Jarvid","first_name":"Tomas","last_name":"Jarvid","avatar":"https:\/\/secure.gravatar.com\/avatar\/7fa71899795e8f540f615a1f5ab25255dc27aa40f05ee7ddd21aac521e01bf50?s=96&d=identicon&r=g"},"featured_image":false,"bloginfo":{"name":"Vandra V\u00e4gen","url":"https:\/\/blogg.svenskakyrkan.se\/vandravagen"},"_links":{"self":[{"href":"https:\/\/blogg.svenskakyrkan.se\/vandravagen\/wp-json\/wp\/v2\/posts\/689","targetHints":{"allow":["GET"]}}],"collection":[{"href":"https:\/\/blogg.svenskakyrkan.se\/vandravagen\/wp-json\/wp\/v2\/posts"}],"about":[{"href":"https:\/\/blogg.svenskakyrkan.se\/vandravagen\/wp-json\/wp\/v2\/types\/post"}],"author":[{"embeddable":true,"href":"https:\/\/blogg.svenskakyrkan.se\/vandravagen\/wp-json\/wp\/v2\/users\/392"}],"replies":[{"embeddable":true,"href":"https:\/\/blogg.svenskakyrkan.se\/vandravagen\/wp-json\/wp\/v2\/comments?post=689"}],"version-history":[{"count":0,"href":"https:\/\/blogg.svenskakyrkan.se\/vandravagen\/wp-json\/wp\/v2\/posts\/689\/revisions"}],"wp:attachment":[{"href":"https:\/\/blogg.svenskakyrkan.se\/vandravagen\/wp-json\/wp\/v2\/media?parent=689"}],"wp:term":[{"taxonomy":"category","embeddable":true,"href":"https:\/\/blogg.svenskakyrkan.se\/vandravagen\/wp-json\/wp\/v2\/categories?post=689"},{"taxonomy":"post_tag","embeddable":true,"href":"https:\/\/blogg.svenskakyrkan.se\/vandravagen\/wp-json\/wp\/v2\/tags?post=689"}],"curies":[{"name":"wp","href":"https:\/\/api.w.org\/{rel}","templated":true}]}}