{"id":690,"date":"2013-03-01T20:14:00","date_gmt":"2013-03-01T19:14:00","guid":{"rendered":"http:\/\/blogg.svenskakyrkan.se\/vandravagen\/2013\/03\/01\/hjalp-till-att-utvardera-vandra-vagen\/"},"modified":"2013-03-01T20:14:00","modified_gmt":"2013-03-01T19:14:00","slug":"hjalp-till-att-utvardera-vandra-vagen","status":"publish","type":"post","link":"https:\/\/blogg.svenskakyrkan.se\/vandravagen\/2013\/03\/01\/hjalp-till-att-utvardera-vandra-vagen\/","title":{"rendered":"Hj\u00e4lp till att utv\u00e4rdera Vandra V\u00e4gen!"},"content":{"rendered":"<table align=\"center\" cellpadding=\"0\" cellspacing=\"0\">\n<tbody>\n<tr>\n<td><a href=\"http:\/\/1.bp.blogspot.com\/-LnnCnHqsh78\/T7PBx60EvjI\/AAAAAAAAALo\/H0JWNUmPvsk\/s1600\/ok_att_gora_fel.jpg\"><img loading=\"lazy\" decoding=\"async\" border=\"0\" height=\"400\" src=\"http:\/\/1.bp.blogspot.com\/-LnnCnHqsh78\/T7PBx60EvjI\/AAAAAAAAALo\/H0JWNUmPvsk\/s400\/ok_att_gora_fel.jpg\" width=\"385\"><\/a><\/td>\n<\/tr>\n<tr>\n<td>Hur bra blev det h\u00e4r?<\/td>\n<\/tr>\n<\/tbody>\n<\/table>\n<p>Jag undrar f\u00f6rst\u00e5s ibland hur bra bloggen lever upp till sina stolta m\u00e5l. Vilka som l\u00e4ser och s\u00e5 vidare.<\/p>\n<p>F\u00f6r den som har facebook f\u00e5r man g\u00e4rna ta en sekund till att svara p\u00e5 den fr\u00e5ga jag lagt ut d\u00e4r:<\/p>\n<p><a href=\"http:\/\/www.facebook.com\/questions\/414250402001732\/\">http:\/\/www.facebook.com\/questions\/414250402001732\/<\/a><\/p>\n<p>Annars tar jag f\u00f6rst\u00e5s som vanligt g\u00e4rna emot feedback i kommentarsf\u00e4ltet eller till Tomas.jarvid@svenskakyrkan.se<\/p>\n<p>P\u00e5&#8217;t bara!<\/p><\/p>\n","protected":false},"excerpt":{"rendered":"<p>Hur bra blev det h\u00e4r? Jag undrar f\u00f6rst\u00e5s ibland hur bra bloggen lever upp till sina stolta m\u00e5l. Vilka som l\u00e4ser och s\u00e5 vidare. F\u00f6r den som har facebook f\u00e5r man g\u00e4rna ta en sekund till att svara p\u00e5 den fr\u00e5ga jag lagt ut d\u00e4r: http:\/\/www.facebook.com\/questions\/414250402001732\/ Annars tar jag f\u00f6rst\u00e5s som vanligt g\u00e4rna emot feedback [&hellip;]<\/p>\n","protected":false},"author":392,"featured_media":0,"comment_status":"open","ping_status":"open","sticky":false,"template":"","format":"standard","meta":{"_acf_changed":false,"footnotes":""},"categories":[76608],"tags":[],"class_list":["post-690","post","type-post","status-publish","format-standard","hentry","category-bloggen"],"acf":[],"yoast_head":"<!-- This site is optimized with the Yoast SEO plugin v27.1.1 - https:\/\/yoast.com\/product\/yoast-seo-wordpress\/ -->\n<title>Hj\u00e4lp till att utv\u00e4rdera Vandra V\u00e4gen! - Vandra V\u00e4gen<\/title>\n<meta name=\"robots\" content=\"index, follow, max-snippet:-1, max-image-preview:large, max-video-preview:-1\" \/>\n<link rel=\"canonical\" href=\"https:\/\/blogg.svenskakyrkan.se\/vandravagen\/2013\/03\/01\/hjalp-till-att-utvardera-vandra-vagen\/\" \/>\n<meta property=\"og:locale\" content=\"sv_SE\" \/>\n<meta property=\"og:type\" content=\"article\" \/>\n<meta property=\"og:title\" content=\"Hj\u00e4lp till att utv\u00e4rdera Vandra V\u00e4gen! - Vandra V\u00e4gen\" \/>\n<meta property=\"og:description\" content=\"Hur bra blev det h\u00e4r? Jag undrar f\u00f6rst\u00e5s ibland hur bra bloggen lever upp till sina stolta m\u00e5l. Vilka som l\u00e4ser och s\u00e5 vidare. F\u00f6r den som har facebook f\u00e5r man g\u00e4rna ta en sekund till att svara p\u00e5 den fr\u00e5ga jag lagt ut d\u00e4r: http:\/\/www.facebook.com\/questions\/414250402001732\/ Annars tar jag f\u00f6rst\u00e5s som vanligt g\u00e4rna emot feedback [&hellip;]\" \/>\n<meta property=\"og:url\" content=\"https:\/\/blogg.svenskakyrkan.se\/vandravagen\/2013\/03\/01\/hjalp-till-att-utvardera-vandra-vagen\/\" \/>\n<meta property=\"og:site_name\" content=\"Vandra V\u00e4gen\" \/>\n<meta property=\"article:publisher\" content=\"http:\/\/facebook.com\/vandravagen\" \/>\n<meta property=\"article:published_time\" content=\"2013-03-01T19:14:00+00:00\" \/>\n<meta property=\"og:image\" content=\"http:\/\/1.bp.blogspot.com\/-LnnCnHqsh78\/T7PBx60EvjI\/AAAAAAAAALo\/H0JWNUmPvsk\/s400\/ok_att_gora_fel.jpg\" \/>\n<meta name=\"author\" content=\"Tomas Jarvid\" \/>\n<meta name=\"twitter:card\" content=\"summary_large_image\" \/>\n<meta name=\"twitter:creator\" content=\"@fadertomas\" \/>\n<meta name=\"twitter:site\" content=\"@fadertomas\" \/>\n<meta name=\"twitter:label1\" content=\"Skriven av\" \/>\n\t<meta name=\"twitter:data1\" content=\"Tomas Jarvid\" \/>\n<script type=\"application\/ld+json\" class=\"yoast-schema-graph\">{\"@context\":\"https:\/\/schema.org\",\"@graph\":[{\"@type\":\"Article\",\"@id\":\"https:\/\/blogg.svenskakyrkan.se\/vandravagen\/2013\/03\/01\/hjalp-till-att-utvardera-vandra-vagen\/#article\",\"isPartOf\":{\"@id\":\"https:\/\/blogg.svenskakyrkan.se\/vandravagen\/2013\/03\/01\/hjalp-till-att-utvardera-vandra-vagen\/\"},\"author\":{\"name\":\"Tomas Jarvid\",\"@id\":\"https:\/\/blogg.svenskakyrkan.se\/vandravagen\/#\/schema\/person\/25da02d4f76b137d04291711e2c9fc16\"},\"headline\":\"Hj\u00e4lp till att utv\u00e4rdera Vandra V\u00e4gen!\",\"datePublished\":\"2013-03-01T19:14:00+00:00\",\"mainEntityOfPage\":{\"@id\":\"https:\/\/blogg.svenskakyrkan.se\/vandravagen\/2013\/03\/01\/hjalp-till-att-utvardera-vandra-vagen\/\"},\"wordCount\":93,\"commentCount\":0,\"publisher\":{\"@id\":\"https:\/\/blogg.svenskakyrkan.se\/vandravagen\/#organization\"},\"image\":{\"@id\":\"https:\/\/blogg.svenskakyrkan.se\/vandravagen\/2013\/03\/01\/hjalp-till-att-utvardera-vandra-vagen\/#primaryimage\"},\"thumbnailUrl\":\"http:\/\/1.bp.blogspot.com\/-LnnCnHqsh78\/T7PBx60EvjI\/AAAAAAAAALo\/H0JWNUmPvsk\/s400\/ok_att_gora_fel.jpg\",\"articleSection\":[\"bloggen\"],\"inLanguage\":\"sv-SE\",\"potentialAction\":[{\"@type\":\"CommentAction\",\"name\":\"Comment\",\"target\":[\"https:\/\/blogg.svenskakyrkan.se\/vandravagen\/2013\/03\/01\/hjalp-till-att-utvardera-vandra-vagen\/#respond\"]}]},{\"@type\":\"WebPage\",\"@id\":\"https:\/\/blogg.svenskakyrkan.se\/vandravagen\/2013\/03\/01\/hjalp-till-att-utvardera-vandra-vagen\/\",\"url\":\"https:\/\/blogg.svenskakyrkan.se\/vandravagen\/2013\/03\/01\/hjalp-till-att-utvardera-vandra-vagen\/\",\"name\":\"Hj\u00e4lp till att utv\u00e4rdera Vandra V\u00e4gen! - Vandra V\u00e4gen\",\"isPartOf\":{\"@id\":\"https:\/\/blogg.svenskakyrkan.se\/vandravagen\/#website\"},\"primaryImageOfPage\":{\"@id\":\"https:\/\/blogg.svenskakyrkan.se\/vandravagen\/2013\/03\/01\/hjalp-till-att-utvardera-vandra-vagen\/#primaryimage\"},\"image\":{\"@id\":\"https:\/\/blogg.svenskakyrkan.se\/vandravagen\/2013\/03\/01\/hjalp-till-att-utvardera-vandra-vagen\/#primaryimage\"},\"thumbnailUrl\":\"http:\/\/1.bp.blogspot.com\/-LnnCnHqsh78\/T7PBx60EvjI\/AAAAAAAAALo\/H0JWNUmPvsk\/s400\/ok_att_gora_fel.jpg\",\"datePublished\":\"2013-03-01T19:14:00+00:00\",\"breadcrumb\":{\"@id\":\"https:\/\/blogg.svenskakyrkan.se\/vandravagen\/2013\/03\/01\/hjalp-till-att-utvardera-vandra-vagen\/#breadcrumb\"},\"inLanguage\":\"sv-SE\",\"potentialAction\":[{\"@type\":\"ReadAction\",\"target\":[\"https:\/\/blogg.svenskakyrkan.se\/vandravagen\/2013\/03\/01\/hjalp-till-att-utvardera-vandra-vagen\/\"]}]},{\"@type\":\"ImageObject\",\"inLanguage\":\"sv-SE\",\"@id\":\"https:\/\/blogg.svenskakyrkan.se\/vandravagen\/2013\/03\/01\/hjalp-till-att-utvardera-vandra-vagen\/#primaryimage\",\"url\":\"http:\/\/1.bp.blogspot.com\/-LnnCnHqsh78\/T7PBx60EvjI\/AAAAAAAAALo\/H0JWNUmPvsk\/s400\/ok_att_gora_fel.jpg\",\"contentUrl\":\"http:\/\/1.bp.blogspot.com\/-LnnCnHqsh78\/T7PBx60EvjI\/AAAAAAAAALo\/H0JWNUmPvsk\/s400\/ok_att_gora_fel.jpg\"},{\"@type\":\"BreadcrumbList\",\"@id\":\"https:\/\/blogg.svenskakyrkan.se\/vandravagen\/2013\/03\/01\/hjalp-till-att-utvardera-vandra-vagen\/#breadcrumb\",\"itemListElement\":[{\"@type\":\"ListItem\",\"position\":1,\"name\":\"Hem\",\"item\":\"https:\/\/blogg.svenskakyrkan.se\/vandravagen\/\"},{\"@type\":\"ListItem\",\"position\":2,\"name\":\"Hj\u00e4lp till att utv\u00e4rdera Vandra V\u00e4gen!\"}]},{\"@type\":\"WebSite\",\"@id\":\"https:\/\/blogg.svenskakyrkan.se\/vandravagen\/#website\",\"url\":\"https:\/\/blogg.svenskakyrkan.se\/vandravagen\/\",\"name\":\"Vandra V\u00e4gen\",\"description\":\"-Mot en tro f\u00f6r hela livet\",\"publisher\":{\"@id\":\"https:\/\/blogg.svenskakyrkan.se\/vandravagen\/#organization\"},\"potentialAction\":[{\"@type\":\"SearchAction\",\"target\":{\"@type\":\"EntryPoint\",\"urlTemplate\":\"https:\/\/blogg.svenskakyrkan.se\/vandravagen\/?s={search_term_string}\"},\"query-input\":{\"@type\":\"PropertyValueSpecification\",\"valueRequired\":true,\"valueName\":\"search_term_string\"}}],\"inLanguage\":\"sv-SE\"},{\"@type\":\"Organization\",\"@id\":\"https:\/\/blogg.svenskakyrkan.se\/vandravagen\/#organization\",\"name\":\"ulricehamns pastorat\",\"alternateName\":\"ulricehamns pastorat\",\"url\":\"https:\/\/blogg.svenskakyrkan.se\/vandravagen\/\",\"logo\":{\"@type\":\"ImageObject\",\"inLanguage\":\"sv-SE\",\"@id\":\"https:\/\/blogg.svenskakyrkan.se\/vandravagen\/#\/schema\/logo\/image\/\",\"url\":\"https:\/\/blogg.svenskakyrkan.se\/vandravagen\/files\/2023\/05\/Ulr_logo_RGB.png\",\"contentUrl\":\"https:\/\/blogg.svenskakyrkan.se\/vandravagen\/files\/2023\/05\/Ulr_logo_RGB.png\",\"width\":205,\"height\":77,\"caption\":\"ulricehamns pastorat\"},\"image\":{\"@id\":\"https:\/\/blogg.svenskakyrkan.se\/vandravagen\/#\/schema\/logo\/image\/\"},\"sameAs\":[\"http:\/\/facebook.com\/vandravagen\",\"https:\/\/x.com\/fadertomas\",\"http:\/\/www.facebook.com\/svenskakyrkaniulricehamn\"]},{\"@type\":\"Person\",\"@id\":\"https:\/\/blogg.svenskakyrkan.se\/vandravagen\/#\/schema\/person\/25da02d4f76b137d04291711e2c9fc16\",\"name\":\"Tomas Jarvid\",\"image\":{\"@type\":\"ImageObject\",\"inLanguage\":\"sv-SE\",\"@id\":\"https:\/\/blogg.svenskakyrkan.se\/vandravagen\/#\/schema\/person\/image\/\",\"url\":\"https:\/\/secure.gravatar.com\/avatar\/7fa71899795e8f540f615a1f5ab25255dc27aa40f05ee7ddd21aac521e01bf50?s=96&d=identicon&r=g\",\"contentUrl\":\"https:\/\/secure.gravatar.com\/avatar\/7fa71899795e8f540f615a1f5ab25255dc27aa40f05ee7ddd21aac521e01bf50?s=96&d=identicon&r=g\",\"caption\":\"Tomas Jarvid\"},\"description\":\"Jag bor i Ulricehamn i V\u00e4sterg\u00f6tland och \u00e4r f\u00f6rsamlingspr\u00e4st i Svenska Kyrkan f\u00f6r Dalstorps f\u00f6rsamling i Kinds pastorat. P\u00e5 den h\u00e4r bloggen skriver jag ner tankar om vandringen som kristen.\",\"sameAs\":[\"http:\/\/www.vandravagen.se\"],\"url\":\"https:\/\/blogg.svenskakyrkan.se\/vandravagen\/author\/vandravagen\/\"}]}<\/script>\n<!-- \/ Yoast SEO plugin. -->","yoast_head_json":{"title":"Hj\u00e4lp till att utv\u00e4rdera Vandra V\u00e4gen! - Vandra V\u00e4gen","robots":{"index":"index","follow":"follow","max-snippet":"max-snippet:-1","max-image-preview":"max-image-preview:large","max-video-preview":"max-video-preview:-1"},"canonical":"https:\/\/blogg.svenskakyrkan.se\/vandravagen\/2013\/03\/01\/hjalp-till-att-utvardera-vandra-vagen\/","og_locale":"sv_SE","og_type":"article","og_title":"Hj\u00e4lp till att utv\u00e4rdera Vandra V\u00e4gen! - Vandra V\u00e4gen","og_description":"Hur bra blev det h\u00e4r? Jag undrar f\u00f6rst\u00e5s ibland hur bra bloggen lever upp till sina stolta m\u00e5l. Vilka som l\u00e4ser och s\u00e5 vidare. F\u00f6r den som har facebook f\u00e5r man g\u00e4rna ta en sekund till att svara p\u00e5 den fr\u00e5ga jag lagt ut d\u00e4r: http:\/\/www.facebook.com\/questions\/414250402001732\/ Annars tar jag f\u00f6rst\u00e5s som vanligt g\u00e4rna emot feedback [&hellip;]","og_url":"https:\/\/blogg.svenskakyrkan.se\/vandravagen\/2013\/03\/01\/hjalp-till-att-utvardera-vandra-vagen\/","og_site_name":"Vandra V\u00e4gen","article_publisher":"http:\/\/facebook.com\/vandravagen","article_published_time":"2013-03-01T19:14:00+00:00","og_image":[{"url":"http:\/\/1.bp.blogspot.com\/-LnnCnHqsh78\/T7PBx60EvjI\/AAAAAAAAALo\/H0JWNUmPvsk\/s400\/ok_att_gora_fel.jpg","type":"","width":"","height":""}],"author":"Tomas Jarvid","twitter_card":"summary_large_image","twitter_creator":"@fadertomas","twitter_site":"@fadertomas","twitter_misc":{"Skriven av":"Tomas Jarvid"},"schema":{"@context":"https:\/\/schema.org","@graph":[{"@type":"Article","@id":"https:\/\/blogg.svenskakyrkan.se\/vandravagen\/2013\/03\/01\/hjalp-till-att-utvardera-vandra-vagen\/#article","isPartOf":{"@id":"https:\/\/blogg.svenskakyrkan.se\/vandravagen\/2013\/03\/01\/hjalp-till-att-utvardera-vandra-vagen\/"},"author":{"name":"Tomas Jarvid","@id":"https:\/\/blogg.svenskakyrkan.se\/vandravagen\/#\/schema\/person\/25da02d4f76b137d04291711e2c9fc16"},"headline":"Hj\u00e4lp till att utv\u00e4rdera Vandra V\u00e4gen!","datePublished":"2013-03-01T19:14:00+00:00","mainEntityOfPage":{"@id":"https:\/\/blogg.svenskakyrkan.se\/vandravagen\/2013\/03\/01\/hjalp-till-att-utvardera-vandra-vagen\/"},"wordCount":93,"commentCount":0,"publisher":{"@id":"https:\/\/blogg.svenskakyrkan.se\/vandravagen\/#organization"},"image":{"@id":"https:\/\/blogg.svenskakyrkan.se\/vandravagen\/2013\/03\/01\/hjalp-till-att-utvardera-vandra-vagen\/#primaryimage"},"thumbnailUrl":"http:\/\/1.bp.blogspot.com\/-LnnCnHqsh78\/T7PBx60EvjI\/AAAAAAAAALo\/H0JWNUmPvsk\/s400\/ok_att_gora_fel.jpg","articleSection":["bloggen"],"inLanguage":"sv-SE","potentialAction":[{"@type":"CommentAction","name":"Comment","target":["https:\/\/blogg.svenskakyrkan.se\/vandravagen\/2013\/03\/01\/hjalp-till-att-utvardera-vandra-vagen\/#respond"]}]},{"@type":"WebPage","@id":"https:\/\/blogg.svenskakyrkan.se\/vandravagen\/2013\/03\/01\/hjalp-till-att-utvardera-vandra-vagen\/","url":"https:\/\/blogg.svenskakyrkan.se\/vandravagen\/2013\/03\/01\/hjalp-till-att-utvardera-vandra-vagen\/","name":"Hj\u00e4lp till att utv\u00e4rdera Vandra V\u00e4gen! - Vandra V\u00e4gen","isPartOf":{"@id":"https:\/\/blogg.svenskakyrkan.se\/vandravagen\/#website"},"primaryImageOfPage":{"@id":"https:\/\/blogg.svenskakyrkan.se\/vandravagen\/2013\/03\/01\/hjalp-till-att-utvardera-vandra-vagen\/#primaryimage"},"image":{"@id":"https:\/\/blogg.svenskakyrkan.se\/vandravagen\/2013\/03\/01\/hjalp-till-att-utvardera-vandra-vagen\/#primaryimage"},"thumbnailUrl":"http:\/\/1.bp.blogspot.com\/-LnnCnHqsh78\/T7PBx60EvjI\/AAAAAAAAALo\/H0JWNUmPvsk\/s400\/ok_att_gora_fel.jpg","datePublished":"2013-03-01T19:14:00+00:00","breadcrumb":{"@id":"https:\/\/blogg.svenskakyrkan.se\/vandravagen\/2013\/03\/01\/hjalp-till-att-utvardera-vandra-vagen\/#breadcrumb"},"inLanguage":"sv-SE","potentialAction":[{"@type":"ReadAction","target":["https:\/\/blogg.svenskakyrkan.se\/vandravagen\/2013\/03\/01\/hjalp-till-att-utvardera-vandra-vagen\/"]}]},{"@type":"ImageObject","inLanguage":"sv-SE","@id":"https:\/\/blogg.svenskakyrkan.se\/vandravagen\/2013\/03\/01\/hjalp-till-att-utvardera-vandra-vagen\/#primaryimage","url":"http:\/\/1.bp.blogspot.com\/-LnnCnHqsh78\/T7PBx60EvjI\/AAAAAAAAALo\/H0JWNUmPvsk\/s400\/ok_att_gora_fel.jpg","contentUrl":"http:\/\/1.bp.blogspot.com\/-LnnCnHqsh78\/T7PBx60EvjI\/AAAAAAAAALo\/H0JWNUmPvsk\/s400\/ok_att_gora_fel.jpg"},{"@type":"BreadcrumbList","@id":"https:\/\/blogg.svenskakyrkan.se\/vandravagen\/2013\/03\/01\/hjalp-till-att-utvardera-vandra-vagen\/#breadcrumb","itemListElement":[{"@type":"ListItem","position":1,"name":"Hem","item":"https:\/\/blogg.svenskakyrkan.se\/vandravagen\/"},{"@type":"ListItem","position":2,"name":"Hj\u00e4lp till att utv\u00e4rdera Vandra V\u00e4gen!"}]},{"@type":"WebSite","@id":"https:\/\/blogg.svenskakyrkan.se\/vandravagen\/#website","url":"https:\/\/blogg.svenskakyrkan.se\/vandravagen\/","name":"Vandra V\u00e4gen","description":"-Mot en tro f\u00f6r hela livet","publisher":{"@id":"https:\/\/blogg.svenskakyrkan.se\/vandravagen\/#organization"},"potentialAction":[{"@type":"SearchAction","target":{"@type":"EntryPoint","urlTemplate":"https:\/\/blogg.svenskakyrkan.se\/vandravagen\/?s={search_term_string}"},"query-input":{"@type":"PropertyValueSpecification","valueRequired":true,"valueName":"search_term_string"}}],"inLanguage":"sv-SE"},{"@type":"Organization","@id":"https:\/\/blogg.svenskakyrkan.se\/vandravagen\/#organization","name":"ulricehamns pastorat","alternateName":"ulricehamns pastorat","url":"https:\/\/blogg.svenskakyrkan.se\/vandravagen\/","logo":{"@type":"ImageObject","inLanguage":"sv-SE","@id":"https:\/\/blogg.svenskakyrkan.se\/vandravagen\/#\/schema\/logo\/image\/","url":"https:\/\/blogg.svenskakyrkan.se\/vandravagen\/files\/2023\/05\/Ulr_logo_RGB.png","contentUrl":"https:\/\/blogg.svenskakyrkan.se\/vandravagen\/files\/2023\/05\/Ulr_logo_RGB.png","width":205,"height":77,"caption":"ulricehamns pastorat"},"image":{"@id":"https:\/\/blogg.svenskakyrkan.se\/vandravagen\/#\/schema\/logo\/image\/"},"sameAs":["http:\/\/facebook.com\/vandravagen","https:\/\/x.com\/fadertomas","http:\/\/www.facebook.com\/svenskakyrkaniulricehamn"]},{"@type":"Person","@id":"https:\/\/blogg.svenskakyrkan.se\/vandravagen\/#\/schema\/person\/25da02d4f76b137d04291711e2c9fc16","name":"Tomas Jarvid","image":{"@type":"ImageObject","inLanguage":"sv-SE","@id":"https:\/\/blogg.svenskakyrkan.se\/vandravagen\/#\/schema\/person\/image\/","url":"https:\/\/secure.gravatar.com\/avatar\/7fa71899795e8f540f615a1f5ab25255dc27aa40f05ee7ddd21aac521e01bf50?s=96&d=identicon&r=g","contentUrl":"https:\/\/secure.gravatar.com\/avatar\/7fa71899795e8f540f615a1f5ab25255dc27aa40f05ee7ddd21aac521e01bf50?s=96&d=identicon&r=g","caption":"Tomas Jarvid"},"description":"Jag bor i Ulricehamn i V\u00e4sterg\u00f6tland och \u00e4r f\u00f6rsamlingspr\u00e4st i Svenska Kyrkan f\u00f6r Dalstorps f\u00f6rsamling i Kinds pastorat. P\u00e5 den h\u00e4r bloggen skriver jag ner tankar om vandringen som kristen.","sameAs":["http:\/\/www.vandravagen.se"],"url":"https:\/\/blogg.svenskakyrkan.se\/vandravagen\/author\/vandravagen\/"}]}},"author_meta":{"ID":"392","user_nicename":"vandravagen","user_url":"http:\/\/www.vandravagen.se","user_registered":"2014-05-19 05:44:52","display_name":"Tomas Jarvid","first_name":"Tomas","last_name":"Jarvid","avatar":"https:\/\/secure.gravatar.com\/avatar\/7fa71899795e8f540f615a1f5ab25255dc27aa40f05ee7ddd21aac521e01bf50?s=96&d=identicon&r=g"},"featured_image":false,"bloginfo":{"name":"Vandra V\u00e4gen","url":"https:\/\/blogg.svenskakyrkan.se\/vandravagen"},"_links":{"self":[{"href":"https:\/\/blogg.svenskakyrkan.se\/vandravagen\/wp-json\/wp\/v2\/posts\/690","targetHints":{"allow":["GET"]}}],"collection":[{"href":"https:\/\/blogg.svenskakyrkan.se\/vandravagen\/wp-json\/wp\/v2\/posts"}],"about":[{"href":"https:\/\/blogg.svenskakyrkan.se\/vandravagen\/wp-json\/wp\/v2\/types\/post"}],"author":[{"embeddable":true,"href":"https:\/\/blogg.svenskakyrkan.se\/vandravagen\/wp-json\/wp\/v2\/users\/392"}],"replies":[{"embeddable":true,"href":"https:\/\/blogg.svenskakyrkan.se\/vandravagen\/wp-json\/wp\/v2\/comments?post=690"}],"version-history":[{"count":0,"href":"https:\/\/blogg.svenskakyrkan.se\/vandravagen\/wp-json\/wp\/v2\/posts\/690\/revisions"}],"wp:attachment":[{"href":"https:\/\/blogg.svenskakyrkan.se\/vandravagen\/wp-json\/wp\/v2\/media?parent=690"}],"wp:term":[{"taxonomy":"category","embeddable":true,"href":"https:\/\/blogg.svenskakyrkan.se\/vandravagen\/wp-json\/wp\/v2\/categories?post=690"},{"taxonomy":"post_tag","embeddable":true,"href":"https:\/\/blogg.svenskakyrkan.se\/vandravagen\/wp-json\/wp\/v2\/tags?post=690"}],"curies":[{"name":"wp","href":"https:\/\/api.w.org\/{rel}","templated":true}]}}