{"id":696,"date":"2013-02-27T09:16:00","date_gmt":"2013-02-27T08:16:00","guid":{"rendered":"http:\/\/blogg.svenskakyrkan.se\/vandravagen\/2013\/02\/27\/mats-kamp-och-en-av-livets-hemligheter\/"},"modified":"2013-02-27T09:16:00","modified_gmt":"2013-02-27T08:16:00","slug":"mats-kamp-och-en-av-livets-hemligheter","status":"publish","type":"post","link":"https:\/\/blogg.svenskakyrkan.se\/vandravagen\/2013\/02\/27\/mats-kamp-och-en-av-livets-hemligheter\/","title":{"rendered":"Mats kamp och en av livets hemligheter"},"content":{"rendered":"<\/p>\n<div><a href=\"https:\/\/lh4.googleusercontent.com\/-xjVPX4yz1E8\/USupWXp77II\/AAAAAAAAChc\/FNmUTlrM0wE\/s640\/blogger-image--939969569.jpg\"><img loading=\"lazy\" decoding=\"async\" border=\"0\" height=\"400\" src=\"https:\/\/lh4.googleusercontent.com\/-xjVPX4yz1E8\/USupWXp77II\/AAAAAAAAChc\/FNmUTlrM0wE\/s400\/blogger-image--939969569.jpg\" width=\"300\"><\/a><\/div>\n<div><\/div>\n<div>Den trogna Vandra V\u00e4gen-l\u00e4saren vet att jag l\u00e4ser en hel del serier. Jag har l\u00e4st Mats Jonssons tidigare serieromaner d\u00e4r han skildrat sin barndom och sina ungdoms\u00e5r men kanske \u00e4r igenk\u00e4nningsfaktorn allra st\u00f6rst i den senaste. <a href=\"http:\/\/www.adlibris.com\/se\/product.aspx?isbn=9170377103\">Mats kamp<\/a>. Den handlar n\u00e4mligen om att bli pappa och att vara f\u00f6r\u00e4lder i dagens Sverige.<\/div>\n<div><\/div>\n<div>Mats skildrar k\u00e4rleken till sin dotter Ellen och sin relation till sin fru genom de p\u00e5frestningar som f\u00f6r\u00e4ldraskapet b\u00e4r med sig. Ofta \u00e4r det r\u00e4tt roligt skildrat och ibland tar han i med samh\u00e4llskritiken ocks\u00e5. Jag undrade in i det sista hur det skulle g\u00e5 f\u00f6r dem, skulle de lyckas h\u00e5lla ihop \u00e4ktenskapet mitt i allt? Det slog mig \u00e4n en g\u00e5ng hur sant det \u00e4r, det som Nicky Gumble uttrycker s\u00e5h\u00e4r:<\/div>\n<div><\/div>\n<div><a href=\"http:\/\/4.bp.blogspot.com\/-ak5PIrSCU0E\/USupmzlfsdI\/AAAAAAAAChk\/7rLiR_LSCTs\/s1600\/mo%CC%88tsisvaghet.jpg\"><img loading=\"lazy\" decoding=\"async\" border=\"0\" height=\"75\" src=\"http:\/\/4.bp.blogspot.com\/-ak5PIrSCU0E\/USupmzlfsdI\/AAAAAAAAChk\/7rLiR_LSCTs\/s400\/mo%CC%88tsisvaghet.jpg\" width=\"400\"><\/a><\/div>\n<div><\/div>\n<div>Vi kan bara m\u00f6tas i v\u00e5r svaghet. Ofta vill vi vara starka inf\u00f6r varandra men det \u00e4r inte f\u00f6rr\u00e4n s\u00e5r l\u00e4ggs till s\u00e5r som det sker helande. Det k\u00e4nner jag igen fr\u00e5n ett otal tillf\u00e4llen i mitt eget liv. K\u00e4nner du igen det? Skriv i kommentarsf\u00e4ltet om dina upplevelser av styrka och svaghet i olika relationer, det skulle jag tycka var v\u00e4ldigt intressant!<\/div>\n<div><\/div>\n<div>Jag rekommenderar i alla fall Mats kamp. Den kan du gott l\u00e4sa \u00e4ven om du inte l\u00e4ser serier i \u00f6vrigt.<\/div>\n<div><\/div>\n","protected":false},"excerpt":{"rendered":"<p>Den trogna Vandra V\u00e4gen-l\u00e4saren vet att jag l\u00e4ser en hel del serier. Jag har l\u00e4st Mats Jonssons tidigare serieromaner d\u00e4r han skildrat sin barndom och sina ungdoms\u00e5r men kanske \u00e4r igenk\u00e4nningsfaktorn allra st\u00f6rst i den senaste. Mats kamp. Den handlar n\u00e4mligen om att bli pappa och att vara f\u00f6r\u00e4lder i dagens Sverige. Mats skildrar k\u00e4rleken [&hellip;]<\/p>\n","protected":false},"author":392,"featured_media":0,"comment_status":"open","ping_status":"open","sticky":false,"template":"","format":"standard","meta":{"_acf_changed":false,"footnotes":""},"categories":[80416,77554],"tags":[],"class_list":["post-696","post","type-post","status-publish","format-standard","hentry","category-serier","category-vara-manniska"],"acf":[],"yoast_head":"<!-- This site is optimized with the Yoast SEO plugin v27.1.1 - https:\/\/yoast.com\/product\/yoast-seo-wordpress\/ -->\n<title>Mats kamp och en av livets hemligheter - Vandra V\u00e4gen<\/title>\n<meta name=\"robots\" content=\"index, follow, max-snippet:-1, max-image-preview:large, max-video-preview:-1\" \/>\n<link rel=\"canonical\" href=\"https:\/\/blogg.svenskakyrkan.se\/vandravagen\/2013\/02\/27\/mats-kamp-och-en-av-livets-hemligheter\/\" \/>\n<meta property=\"og:locale\" content=\"sv_SE\" \/>\n<meta property=\"og:type\" content=\"article\" \/>\n<meta property=\"og:title\" content=\"Mats kamp och en av livets hemligheter - Vandra V\u00e4gen\" \/>\n<meta property=\"og:description\" content=\"Den trogna Vandra V\u00e4gen-l\u00e4saren vet att jag l\u00e4ser en hel del serier. Jag har l\u00e4st Mats Jonssons tidigare serieromaner d\u00e4r han skildrat sin barndom och sina ungdoms\u00e5r men kanske \u00e4r igenk\u00e4nningsfaktorn allra st\u00f6rst i den senaste. Mats kamp. Den handlar n\u00e4mligen om att bli pappa och att vara f\u00f6r\u00e4lder i dagens Sverige. Mats skildrar k\u00e4rleken [&hellip;]\" \/>\n<meta property=\"og:url\" content=\"https:\/\/blogg.svenskakyrkan.se\/vandravagen\/2013\/02\/27\/mats-kamp-och-en-av-livets-hemligheter\/\" \/>\n<meta property=\"og:site_name\" content=\"Vandra V\u00e4gen\" \/>\n<meta property=\"article:publisher\" content=\"http:\/\/facebook.com\/vandravagen\" \/>\n<meta property=\"article:published_time\" content=\"2013-02-27T08:16:00+00:00\" \/>\n<meta property=\"og:image\" content=\"https:\/\/lh4.googleusercontent.com\/-xjVPX4yz1E8\/USupWXp77II\/AAAAAAAAChc\/FNmUTlrM0wE\/s400\/blogger-image--939969569.jpg\" \/>\n<meta name=\"author\" content=\"Tomas Jarvid\" \/>\n<meta name=\"twitter:card\" content=\"summary_large_image\" \/>\n<meta name=\"twitter:creator\" content=\"@fadertomas\" \/>\n<meta name=\"twitter:site\" content=\"@fadertomas\" \/>\n<meta name=\"twitter:label1\" content=\"Skriven av\" \/>\n\t<meta name=\"twitter:data1\" content=\"Tomas Jarvid\" \/>\n\t<meta name=\"twitter:label2\" content=\"Ber\u00e4knad l\u00e4stid\" \/>\n\t<meta name=\"twitter:data2\" content=\"1 minut\" \/>\n<script type=\"application\/ld+json\" class=\"yoast-schema-graph\">{\"@context\":\"https:\/\/schema.org\",\"@graph\":[{\"@type\":\"Article\",\"@id\":\"https:\/\/blogg.svenskakyrkan.se\/vandravagen\/2013\/02\/27\/mats-kamp-och-en-av-livets-hemligheter\/#article\",\"isPartOf\":{\"@id\":\"https:\/\/blogg.svenskakyrkan.se\/vandravagen\/2013\/02\/27\/mats-kamp-och-en-av-livets-hemligheter\/\"},\"author\":{\"name\":\"Tomas Jarvid\",\"@id\":\"https:\/\/blogg.svenskakyrkan.se\/vandravagen\/#\/schema\/person\/25da02d4f76b137d04291711e2c9fc16\"},\"headline\":\"Mats kamp och en av livets hemligheter\",\"datePublished\":\"2013-02-27T08:16:00+00:00\",\"mainEntityOfPage\":{\"@id\":\"https:\/\/blogg.svenskakyrkan.se\/vandravagen\/2013\/02\/27\/mats-kamp-och-en-av-livets-hemligheter\/\"},\"wordCount\":253,\"commentCount\":0,\"publisher\":{\"@id\":\"https:\/\/blogg.svenskakyrkan.se\/vandravagen\/#organization\"},\"image\":{\"@id\":\"https:\/\/blogg.svenskakyrkan.se\/vandravagen\/2013\/02\/27\/mats-kamp-och-en-av-livets-hemligheter\/#primaryimage\"},\"thumbnailUrl\":\"https:\/\/lh4.googleusercontent.com\/-xjVPX4yz1E8\/USupWXp77II\/AAAAAAAAChc\/FNmUTlrM0wE\/s400\/blogger-image--939969569.jpg\",\"articleSection\":[\"serier\",\"vara m\u00e4nniska\"],\"inLanguage\":\"sv-SE\",\"potentialAction\":[{\"@type\":\"CommentAction\",\"name\":\"Comment\",\"target\":[\"https:\/\/blogg.svenskakyrkan.se\/vandravagen\/2013\/02\/27\/mats-kamp-och-en-av-livets-hemligheter\/#respond\"]}]},{\"@type\":\"WebPage\",\"@id\":\"https:\/\/blogg.svenskakyrkan.se\/vandravagen\/2013\/02\/27\/mats-kamp-och-en-av-livets-hemligheter\/\",\"url\":\"https:\/\/blogg.svenskakyrkan.se\/vandravagen\/2013\/02\/27\/mats-kamp-och-en-av-livets-hemligheter\/\",\"name\":\"Mats kamp och en av livets hemligheter - Vandra V\u00e4gen\",\"isPartOf\":{\"@id\":\"https:\/\/blogg.svenskakyrkan.se\/vandravagen\/#website\"},\"primaryImageOfPage\":{\"@id\":\"https:\/\/blogg.svenskakyrkan.se\/vandravagen\/2013\/02\/27\/mats-kamp-och-en-av-livets-hemligheter\/#primaryimage\"},\"image\":{\"@id\":\"https:\/\/blogg.svenskakyrkan.se\/vandravagen\/2013\/02\/27\/mats-kamp-och-en-av-livets-hemligheter\/#primaryimage\"},\"thumbnailUrl\":\"https:\/\/lh4.googleusercontent.com\/-xjVPX4yz1E8\/USupWXp77II\/AAAAAAAAChc\/FNmUTlrM0wE\/s400\/blogger-image--939969569.jpg\",\"datePublished\":\"2013-02-27T08:16:00+00:00\",\"breadcrumb\":{\"@id\":\"https:\/\/blogg.svenskakyrkan.se\/vandravagen\/2013\/02\/27\/mats-kamp-och-en-av-livets-hemligheter\/#breadcrumb\"},\"inLanguage\":\"sv-SE\",\"potentialAction\":[{\"@type\":\"ReadAction\",\"target\":[\"https:\/\/blogg.svenskakyrkan.se\/vandravagen\/2013\/02\/27\/mats-kamp-och-en-av-livets-hemligheter\/\"]}]},{\"@type\":\"ImageObject\",\"inLanguage\":\"sv-SE\",\"@id\":\"https:\/\/blogg.svenskakyrkan.se\/vandravagen\/2013\/02\/27\/mats-kamp-och-en-av-livets-hemligheter\/#primaryimage\",\"url\":\"https:\/\/lh4.googleusercontent.com\/-xjVPX4yz1E8\/USupWXp77II\/AAAAAAAAChc\/FNmUTlrM0wE\/s400\/blogger-image--939969569.jpg\",\"contentUrl\":\"https:\/\/lh4.googleusercontent.com\/-xjVPX4yz1E8\/USupWXp77II\/AAAAAAAAChc\/FNmUTlrM0wE\/s400\/blogger-image--939969569.jpg\"},{\"@type\":\"BreadcrumbList\",\"@id\":\"https:\/\/blogg.svenskakyrkan.se\/vandravagen\/2013\/02\/27\/mats-kamp-och-en-av-livets-hemligheter\/#breadcrumb\",\"itemListElement\":[{\"@type\":\"ListItem\",\"position\":1,\"name\":\"Hem\",\"item\":\"https:\/\/blogg.svenskakyrkan.se\/vandravagen\/\"},{\"@type\":\"ListItem\",\"position\":2,\"name\":\"Mats kamp och en av livets hemligheter\"}]},{\"@type\":\"WebSite\",\"@id\":\"https:\/\/blogg.svenskakyrkan.se\/vandravagen\/#website\",\"url\":\"https:\/\/blogg.svenskakyrkan.se\/vandravagen\/\",\"name\":\"Vandra V\u00e4gen\",\"description\":\"-Mot en tro f\u00f6r hela livet\",\"publisher\":{\"@id\":\"https:\/\/blogg.svenskakyrkan.se\/vandravagen\/#organization\"},\"potentialAction\":[{\"@type\":\"SearchAction\",\"target\":{\"@type\":\"EntryPoint\",\"urlTemplate\":\"https:\/\/blogg.svenskakyrkan.se\/vandravagen\/?s={search_term_string}\"},\"query-input\":{\"@type\":\"PropertyValueSpecification\",\"valueRequired\":true,\"valueName\":\"search_term_string\"}}],\"inLanguage\":\"sv-SE\"},{\"@type\":\"Organization\",\"@id\":\"https:\/\/blogg.svenskakyrkan.se\/vandravagen\/#organization\",\"name\":\"ulricehamns pastorat\",\"alternateName\":\"ulricehamns pastorat\",\"url\":\"https:\/\/blogg.svenskakyrkan.se\/vandravagen\/\",\"logo\":{\"@type\":\"ImageObject\",\"inLanguage\":\"sv-SE\",\"@id\":\"https:\/\/blogg.svenskakyrkan.se\/vandravagen\/#\/schema\/logo\/image\/\",\"url\":\"https:\/\/blogg.svenskakyrkan.se\/vandravagen\/files\/2023\/05\/Ulr_logo_RGB.png\",\"contentUrl\":\"https:\/\/blogg.svenskakyrkan.se\/vandravagen\/files\/2023\/05\/Ulr_logo_RGB.png\",\"width\":205,\"height\":77,\"caption\":\"ulricehamns pastorat\"},\"image\":{\"@id\":\"https:\/\/blogg.svenskakyrkan.se\/vandravagen\/#\/schema\/logo\/image\/\"},\"sameAs\":[\"http:\/\/facebook.com\/vandravagen\",\"https:\/\/x.com\/fadertomas\",\"http:\/\/www.facebook.com\/svenskakyrkaniulricehamn\"]},{\"@type\":\"Person\",\"@id\":\"https:\/\/blogg.svenskakyrkan.se\/vandravagen\/#\/schema\/person\/25da02d4f76b137d04291711e2c9fc16\",\"name\":\"Tomas Jarvid\",\"image\":{\"@type\":\"ImageObject\",\"inLanguage\":\"sv-SE\",\"@id\":\"https:\/\/blogg.svenskakyrkan.se\/vandravagen\/#\/schema\/person\/image\/\",\"url\":\"https:\/\/secure.gravatar.com\/avatar\/7fa71899795e8f540f615a1f5ab25255dc27aa40f05ee7ddd21aac521e01bf50?s=96&d=identicon&r=g\",\"contentUrl\":\"https:\/\/secure.gravatar.com\/avatar\/7fa71899795e8f540f615a1f5ab25255dc27aa40f05ee7ddd21aac521e01bf50?s=96&d=identicon&r=g\",\"caption\":\"Tomas Jarvid\"},\"description\":\"Jag bor i Ulricehamn i V\u00e4sterg\u00f6tland och \u00e4r f\u00f6rsamlingspr\u00e4st i Svenska Kyrkan f\u00f6r Dalstorps f\u00f6rsamling i Kinds pastorat. P\u00e5 den h\u00e4r bloggen skriver jag ner tankar om vandringen som kristen.\",\"sameAs\":[\"http:\/\/www.vandravagen.se\"],\"url\":\"https:\/\/blogg.svenskakyrkan.se\/vandravagen\/author\/vandravagen\/\"}]}<\/script>\n<!-- \/ Yoast SEO plugin. -->","yoast_head_json":{"title":"Mats kamp och en av livets hemligheter - Vandra V\u00e4gen","robots":{"index":"index","follow":"follow","max-snippet":"max-snippet:-1","max-image-preview":"max-image-preview:large","max-video-preview":"max-video-preview:-1"},"canonical":"https:\/\/blogg.svenskakyrkan.se\/vandravagen\/2013\/02\/27\/mats-kamp-och-en-av-livets-hemligheter\/","og_locale":"sv_SE","og_type":"article","og_title":"Mats kamp och en av livets hemligheter - Vandra V\u00e4gen","og_description":"Den trogna Vandra V\u00e4gen-l\u00e4saren vet att jag l\u00e4ser en hel del serier. Jag har l\u00e4st Mats Jonssons tidigare serieromaner d\u00e4r han skildrat sin barndom och sina ungdoms\u00e5r men kanske \u00e4r igenk\u00e4nningsfaktorn allra st\u00f6rst i den senaste. Mats kamp. Den handlar n\u00e4mligen om att bli pappa och att vara f\u00f6r\u00e4lder i dagens Sverige. Mats skildrar k\u00e4rleken [&hellip;]","og_url":"https:\/\/blogg.svenskakyrkan.se\/vandravagen\/2013\/02\/27\/mats-kamp-och-en-av-livets-hemligheter\/","og_site_name":"Vandra V\u00e4gen","article_publisher":"http:\/\/facebook.com\/vandravagen","article_published_time":"2013-02-27T08:16:00+00:00","og_image":[{"url":"https:\/\/lh4.googleusercontent.com\/-xjVPX4yz1E8\/USupWXp77II\/AAAAAAAAChc\/FNmUTlrM0wE\/s400\/blogger-image--939969569.jpg","type":"","width":"","height":""}],"author":"Tomas Jarvid","twitter_card":"summary_large_image","twitter_creator":"@fadertomas","twitter_site":"@fadertomas","twitter_misc":{"Skriven av":"Tomas Jarvid","Ber\u00e4knad l\u00e4stid":"1 minut"},"schema":{"@context":"https:\/\/schema.org","@graph":[{"@type":"Article","@id":"https:\/\/blogg.svenskakyrkan.se\/vandravagen\/2013\/02\/27\/mats-kamp-och-en-av-livets-hemligheter\/#article","isPartOf":{"@id":"https:\/\/blogg.svenskakyrkan.se\/vandravagen\/2013\/02\/27\/mats-kamp-och-en-av-livets-hemligheter\/"},"author":{"name":"Tomas Jarvid","@id":"https:\/\/blogg.svenskakyrkan.se\/vandravagen\/#\/schema\/person\/25da02d4f76b137d04291711e2c9fc16"},"headline":"Mats kamp och en av livets hemligheter","datePublished":"2013-02-27T08:16:00+00:00","mainEntityOfPage":{"@id":"https:\/\/blogg.svenskakyrkan.se\/vandravagen\/2013\/02\/27\/mats-kamp-och-en-av-livets-hemligheter\/"},"wordCount":253,"commentCount":0,"publisher":{"@id":"https:\/\/blogg.svenskakyrkan.se\/vandravagen\/#organization"},"image":{"@id":"https:\/\/blogg.svenskakyrkan.se\/vandravagen\/2013\/02\/27\/mats-kamp-och-en-av-livets-hemligheter\/#primaryimage"},"thumbnailUrl":"https:\/\/lh4.googleusercontent.com\/-xjVPX4yz1E8\/USupWXp77II\/AAAAAAAAChc\/FNmUTlrM0wE\/s400\/blogger-image--939969569.jpg","articleSection":["serier","vara m\u00e4nniska"],"inLanguage":"sv-SE","potentialAction":[{"@type":"CommentAction","name":"Comment","target":["https:\/\/blogg.svenskakyrkan.se\/vandravagen\/2013\/02\/27\/mats-kamp-och-en-av-livets-hemligheter\/#respond"]}]},{"@type":"WebPage","@id":"https:\/\/blogg.svenskakyrkan.se\/vandravagen\/2013\/02\/27\/mats-kamp-och-en-av-livets-hemligheter\/","url":"https:\/\/blogg.svenskakyrkan.se\/vandravagen\/2013\/02\/27\/mats-kamp-och-en-av-livets-hemligheter\/","name":"Mats kamp och en av livets hemligheter - Vandra V\u00e4gen","isPartOf":{"@id":"https:\/\/blogg.svenskakyrkan.se\/vandravagen\/#website"},"primaryImageOfPage":{"@id":"https:\/\/blogg.svenskakyrkan.se\/vandravagen\/2013\/02\/27\/mats-kamp-och-en-av-livets-hemligheter\/#primaryimage"},"image":{"@id":"https:\/\/blogg.svenskakyrkan.se\/vandravagen\/2013\/02\/27\/mats-kamp-och-en-av-livets-hemligheter\/#primaryimage"},"thumbnailUrl":"https:\/\/lh4.googleusercontent.com\/-xjVPX4yz1E8\/USupWXp77II\/AAAAAAAAChc\/FNmUTlrM0wE\/s400\/blogger-image--939969569.jpg","datePublished":"2013-02-27T08:16:00+00:00","breadcrumb":{"@id":"https:\/\/blogg.svenskakyrkan.se\/vandravagen\/2013\/02\/27\/mats-kamp-och-en-av-livets-hemligheter\/#breadcrumb"},"inLanguage":"sv-SE","potentialAction":[{"@type":"ReadAction","target":["https:\/\/blogg.svenskakyrkan.se\/vandravagen\/2013\/02\/27\/mats-kamp-och-en-av-livets-hemligheter\/"]}]},{"@type":"ImageObject","inLanguage":"sv-SE","@id":"https:\/\/blogg.svenskakyrkan.se\/vandravagen\/2013\/02\/27\/mats-kamp-och-en-av-livets-hemligheter\/#primaryimage","url":"https:\/\/lh4.googleusercontent.com\/-xjVPX4yz1E8\/USupWXp77II\/AAAAAAAAChc\/FNmUTlrM0wE\/s400\/blogger-image--939969569.jpg","contentUrl":"https:\/\/lh4.googleusercontent.com\/-xjVPX4yz1E8\/USupWXp77II\/AAAAAAAAChc\/FNmUTlrM0wE\/s400\/blogger-image--939969569.jpg"},{"@type":"BreadcrumbList","@id":"https:\/\/blogg.svenskakyrkan.se\/vandravagen\/2013\/02\/27\/mats-kamp-och-en-av-livets-hemligheter\/#breadcrumb","itemListElement":[{"@type":"ListItem","position":1,"name":"Hem","item":"https:\/\/blogg.svenskakyrkan.se\/vandravagen\/"},{"@type":"ListItem","position":2,"name":"Mats kamp och en av livets hemligheter"}]},{"@type":"WebSite","@id":"https:\/\/blogg.svenskakyrkan.se\/vandravagen\/#website","url":"https:\/\/blogg.svenskakyrkan.se\/vandravagen\/","name":"Vandra V\u00e4gen","description":"-Mot en tro f\u00f6r hela livet","publisher":{"@id":"https:\/\/blogg.svenskakyrkan.se\/vandravagen\/#organization"},"potentialAction":[{"@type":"SearchAction","target":{"@type":"EntryPoint","urlTemplate":"https:\/\/blogg.svenskakyrkan.se\/vandravagen\/?s={search_term_string}"},"query-input":{"@type":"PropertyValueSpecification","valueRequired":true,"valueName":"search_term_string"}}],"inLanguage":"sv-SE"},{"@type":"Organization","@id":"https:\/\/blogg.svenskakyrkan.se\/vandravagen\/#organization","name":"ulricehamns pastorat","alternateName":"ulricehamns pastorat","url":"https:\/\/blogg.svenskakyrkan.se\/vandravagen\/","logo":{"@type":"ImageObject","inLanguage":"sv-SE","@id":"https:\/\/blogg.svenskakyrkan.se\/vandravagen\/#\/schema\/logo\/image\/","url":"https:\/\/blogg.svenskakyrkan.se\/vandravagen\/files\/2023\/05\/Ulr_logo_RGB.png","contentUrl":"https:\/\/blogg.svenskakyrkan.se\/vandravagen\/files\/2023\/05\/Ulr_logo_RGB.png","width":205,"height":77,"caption":"ulricehamns pastorat"},"image":{"@id":"https:\/\/blogg.svenskakyrkan.se\/vandravagen\/#\/schema\/logo\/image\/"},"sameAs":["http:\/\/facebook.com\/vandravagen","https:\/\/x.com\/fadertomas","http:\/\/www.facebook.com\/svenskakyrkaniulricehamn"]},{"@type":"Person","@id":"https:\/\/blogg.svenskakyrkan.se\/vandravagen\/#\/schema\/person\/25da02d4f76b137d04291711e2c9fc16","name":"Tomas Jarvid","image":{"@type":"ImageObject","inLanguage":"sv-SE","@id":"https:\/\/blogg.svenskakyrkan.se\/vandravagen\/#\/schema\/person\/image\/","url":"https:\/\/secure.gravatar.com\/avatar\/7fa71899795e8f540f615a1f5ab25255dc27aa40f05ee7ddd21aac521e01bf50?s=96&d=identicon&r=g","contentUrl":"https:\/\/secure.gravatar.com\/avatar\/7fa71899795e8f540f615a1f5ab25255dc27aa40f05ee7ddd21aac521e01bf50?s=96&d=identicon&r=g","caption":"Tomas Jarvid"},"description":"Jag bor i Ulricehamn i V\u00e4sterg\u00f6tland och \u00e4r f\u00f6rsamlingspr\u00e4st i Svenska Kyrkan f\u00f6r Dalstorps f\u00f6rsamling i Kinds pastorat. P\u00e5 den h\u00e4r bloggen skriver jag ner tankar om vandringen som kristen.","sameAs":["http:\/\/www.vandravagen.se"],"url":"https:\/\/blogg.svenskakyrkan.se\/vandravagen\/author\/vandravagen\/"}]}},"author_meta":{"ID":"392","user_nicename":"vandravagen","user_url":"http:\/\/www.vandravagen.se","user_registered":"2014-05-19 05:44:52","display_name":"Tomas Jarvid","first_name":"Tomas","last_name":"Jarvid","avatar":"https:\/\/secure.gravatar.com\/avatar\/7fa71899795e8f540f615a1f5ab25255dc27aa40f05ee7ddd21aac521e01bf50?s=96&d=identicon&r=g"},"featured_image":false,"bloginfo":{"name":"Vandra V\u00e4gen","url":"https:\/\/blogg.svenskakyrkan.se\/vandravagen"},"_links":{"self":[{"href":"https:\/\/blogg.svenskakyrkan.se\/vandravagen\/wp-json\/wp\/v2\/posts\/696","targetHints":{"allow":["GET"]}}],"collection":[{"href":"https:\/\/blogg.svenskakyrkan.se\/vandravagen\/wp-json\/wp\/v2\/posts"}],"about":[{"href":"https:\/\/blogg.svenskakyrkan.se\/vandravagen\/wp-json\/wp\/v2\/types\/post"}],"author":[{"embeddable":true,"href":"https:\/\/blogg.svenskakyrkan.se\/vandravagen\/wp-json\/wp\/v2\/users\/392"}],"replies":[{"embeddable":true,"href":"https:\/\/blogg.svenskakyrkan.se\/vandravagen\/wp-json\/wp\/v2\/comments?post=696"}],"version-history":[{"count":0,"href":"https:\/\/blogg.svenskakyrkan.se\/vandravagen\/wp-json\/wp\/v2\/posts\/696\/revisions"}],"wp:attachment":[{"href":"https:\/\/blogg.svenskakyrkan.se\/vandravagen\/wp-json\/wp\/v2\/media?parent=696"}],"wp:term":[{"taxonomy":"category","embeddable":true,"href":"https:\/\/blogg.svenskakyrkan.se\/vandravagen\/wp-json\/wp\/v2\/categories?post=696"},{"taxonomy":"post_tag","embeddable":true,"href":"https:\/\/blogg.svenskakyrkan.se\/vandravagen\/wp-json\/wp\/v2\/tags?post=696"}],"curies":[{"name":"wp","href":"https:\/\/api.w.org\/{rel}","templated":true}]}}