{"id":6969,"date":"2019-02-08T07:00:25","date_gmt":"2019-02-08T06:00:25","guid":{"rendered":"http:\/\/blogg.svenskakyrkan.se\/vandravagen\/?p=6969"},"modified":"2019-02-07T23:09:48","modified_gmt":"2019-02-07T22:09:48","slug":"jesus-trampar-pa-huggormsyngel","status":"publish","type":"post","link":"https:\/\/blogg.svenskakyrkan.se\/vandravagen\/2019\/02\/08\/jesus-trampar-pa-huggormsyngel\/","title":{"rendered":"Jesus trampar p\u00e5 huggormsyngel"},"content":{"rendered":"<div>Jag har funderat mycket p\u00e5 ormarna i bibeln p\u00e5 sistone. Och jag tror att jag hittat n\u00e5got riktigt h\u00e4ftigt!<\/div>\n<div><\/div>\n<div>Det st\u00e5r om ormar p\u00e5 en hel m\u00e4ngd st\u00e4llen i bibeln. Ofta \u00e4r de helt enkelt giftiga och farliga djur som man ska akta sig f\u00f6r, och som \u00e4r ganska m\u00e4rkligt och obegripligt. S\u00e5 st\u00e5r det till exempel i ordspr\u00e5ksboken:<\/div>\n<div><\/div>\n<div>\n<blockquote>\n<div class=\"line\">Tre ting \u00f6verg\u00e5r mitt f\u00f6rst\u00e5nd,<\/div>\n<div class=\"line\">fyra kan jag inte fatta:<\/div>\n<div class=\"line\"><span class=\"selection\">\u00f6rnens v\u00e4g \u00f6ver himlen,<\/span><\/div>\n<div class=\"line\"><strong><span class=\"selection\">ormens v\u00e4g \u00f6ver klippan,<\/span><\/strong><\/div>\n<div class=\"line\"><span class=\"selection\">skeppets v\u00e4g \u00f6ver havet<\/span><\/div>\n<div class=\"line\"><span class=\"selection\">och mannens v\u00e4g i kvinnan. (ords 30:18f)<\/span><\/div>\n<\/blockquote>\n<\/div>\n<div>Ormen \u00e4r ocks\u00e5 listig, t\u00e4nk till exempel p\u00e5 detta som Jesus s\u00e4ger:<\/div>\n<div><\/div>\n<blockquote>\n<div>Jag skickar er som f\u00e5r in bland vargar. Var d\u00e4rf\u00f6r kloka som\u00a0<strong class=\"match\">ormar\u00a0<\/strong>och oskyldiga som duvor. (matt 10:16)<\/div>\n<\/blockquote>\n<div><\/div>\n<div><strong>Mose stav<\/strong> f\u00f6rvandlas till en orm och en orm p\u00e5 en stav i \u00f6knen r\u00e4ddar de ormbitna m\u00e4nniskorna d\u00e4r. Det finns ocks\u00e5 bibelst\u00e4llen d\u00e4r urtidsmonster som Leviathan kallas f\u00f6r en orm och s\u00e5 detta m\u00e4rkliga st\u00e4lle fr\u00e5n <strong>det apokryfa till\u00e4gget till Daniel<\/strong> om en orm som blev dyrkad som en Gud i Babylon:<\/div>\n<div><\/div>\n<div>\n<blockquote>\n<p><span class=\"selection\">I staden fanns ocks\u00e5 <strong>en stor orm som babylonierna dyrkade<\/strong>.\u00a0<\/span>Kungen sade till Daniel: \u201dDu vill v\u00e4l inte s\u00e4ga att han ocks\u00e5 \u00e4r av koppar? Han lever ju, han \u00e4ter och dricker. Du kan inte p\u00e5st\u00e5 att inte han \u00e4r en levande gud \u2013 tillbe honom d\u00e5!\u201d\u00a0Daniel svarade: \u201dHerren, min Gud, skall jag tillbe \u2013 han \u00e4r en levande gud.\u00a0Men ge mig ditt tillst\u00e5nd, konung, s\u00e5 skall jag d\u00f6da ormen utan vare sig sv\u00e4rd eller k\u00e4pp.\u201d \u2013 \u201dDu har mitt tillst\u00e5nd\u201d, svarade kungen.\u00a0D\u00e5 tog Daniel tj\u00e4ra, talg och h\u00e5r, kokade samman det och gjorde kakor och stoppade dem i munnen p\u00e5 ormen, och n\u00e4r ormen \u00e5t dem sprack den. \u201d<strong>Se d\u00e4r vad ni dyrkar\u201d, sade Daniel.<\/strong> (till\u00e4gg till Daniel C)<\/p>\n<\/blockquote>\n<p>Men nu n\u00e4r jag cirklat runt det en stund m\u00e5ste vi f\u00f6rst\u00e5s tala om <strong>Adam och Eva och ormen i Edens lustg\u00e5rd<\/strong>! Sedan Adam och Eva \u00e4tit den f\u00f6rbjudna frukten kan de inte l\u00e4ngre stanna i paradiset och s\u00e5 h\u00e4r l\u00e5ter det n\u00e4r Gud f\u00f6rklarar vad det blir f\u00f6r konsekvenser av det de gjort:<\/p>\n<blockquote>\n<p>&#8221;D\u00e5 sade Herren Gud till ormen:<\/p>\n<p>\u201dDu som gjorde detta,<\/p>\n<\/blockquote>\n<div class=\"poetry\">\n<blockquote>\n<div class=\"line\">f\u00f6rbannad skall du vara,<\/div>\n<div class=\"line\">utst\u00f6tt fr\u00e5n boskapen och de vilda djuren.<\/div>\n<div class=\"line\">P\u00e5 din buk skall du kr\u00e4la<\/div>\n<div class=\"line\">och jord skall du \u00e4ta s\u00e5 l\u00e4nge du lever.<\/div>\n<div class=\"line\"><strong>Jag skall v\u00e4cka fiendskap mellan dig och kvinnan,<\/strong><\/div>\n<div class=\"line\"><strong>mellan din avkomma och hennes:<\/strong><\/div>\n<div class=\"line\"><strong>de skall trampa p\u00e5 ditt huvud<\/strong><\/div>\n<div class=\"line\"><strong>och du skall hugga dem i h\u00e4len.\u201d<\/strong> (1 mos 3:14f)<\/div>\n<\/blockquote>\n<\/div>\n<\/div>\n<div>Det talas om fiendskap mellan ormens avkomma och kvinnans (det st\u00e5r till och med kvinnans s\u00e4d, det \u00e4r ett lite lustigt uttryck men det kan vara t\u00e4nkv\u00e4rt f\u00f6r oss som vi ska se). Det \u00e4r som att detta att lyssna till ormens r\u00f6st lever kvar i m\u00e4nskligheten s\u00e5 att man kan vara som en avkomling till ormen. Men kvinnans s\u00e4d ska trampa ner ormen men bli stucken n\u00e4r detta sker.<\/div>\n<div><\/div>\n<div>Detta st\u00e4lle i bibeln \u00e4r k\u00e4nt som &#8221;det f\u00f6rsta l\u00f6ftet&#8221; och anses d\u00e5 peka fram emot Jesus (som ju till och med var barn endast till en kvinna genom jungfruf\u00f6delsen), som krossade det ondas makt men samtidigt blev d\u00f6dad p\u00e5 korset sj\u00e4lv.\u00a0Naturligtvis ska Jesus inte krossa n\u00e5gra m\u00e4nskliga fiender (han vill vinna oss alla och r\u00e4dda oss till sig) men han besegrar det onda.<\/div>\n<div><\/div>\n<div>Det h\u00e4r har \u00e5terklang p\u00e5 flera s\u00e4tt i bibeln. I matteusevangeliet framtr\u00e4der Johannes d\u00f6paren och b\u00f6rjar sk\u00e4lla p\u00e5 folk och mena att de \u00e4r ormens barn! S\u00e5 st\u00e5r det:<\/div>\n<blockquote>\n<div><\/div>\n<div>N\u00e4r han s\u00e5g att m\u00e5nga fariseer och saddukeer kom f\u00f6r att bli d\u00f6pta sade han till dem: \u201d<strong>Huggormsyngel<\/strong>, vem har sagt er att ni kan slippa undan den kommande vreden?\u00a0<strong>B\u00e4r d\u00e5 s\u00e5dan frukt som h\u00f6r till omv\u00e4ndelsen.<\/strong>\u00a0Och tro inte att ni bara kan s\u00e4ga er: <strong>Vi har Abraham till fader<\/strong>. Jag s\u00e4ger er att Gud kan uppv\u00e4cka barn \u00e5t Abraham ur dessa stenar.\u00a0Redan \u00e4r yxan satt till roten p\u00e5 tr\u00e4den. Varje tr\u00e4d som inte b\u00e4r god frukt skall huggas bort och kastas i elden.\u00a0Jag d\u00f6per er med vatten f\u00f6r omv\u00e4ndelsens skull. <strong>Men han som kommer efter mig<\/strong> \u00e4r starkare \u00e4n jag, och jag \u00e4r inte v\u00e4rdig att ta av honom hans sandaler. Han skall d\u00f6pa er med helig ande och eld.\u00a0Han har kastskoveln i handen och skall rensa den tr\u00f6skade s\u00e4den och samla vetet i sin lada, men agnarna skall han br\u00e4nna i en eld som aldrig slocknar.\u201d matt 3:7ff<\/div>\n<\/blockquote>\n<div>De h\u00e4r predikade jag \u00f6ver f\u00f6r bara n\u00e5gra veckor sedan (&#8221;<a href=\"https:\/\/blogg.svenskakyrkan.se\/vandravagen\/2019\/01\/14\/det-harliga-i-att-jesus-skiljer-agnarna-fran-vetet\/\">det h\u00e4rliga i att Jesus skiljer agnarna fr\u00e5n vetet<\/a>&#8221;), men nu har jag uppt\u00e4ckt hur v\u00e4l det passar ihop med orden till ormen i paradiset! Johannes s\u00e4ger till folket att \u00e4ven om de ber\u00f6mmer sig att vara Abrahams avkomma s\u00e5 m\u00e4rks det i sj\u00e4lva verket p\u00e5 deras g\u00e4rningar att de \u00e4r ormens avkomma (som en fotnot kan s\u00e4gas att huggormen verkligen f\u00f6der levande ungar, \u00e4spingar. Snoken d\u00e4remot l\u00e4gger \u00e4gg). Och <strong>dessutom knyter han an genom att tala om en som \u00e4r st\u00f6rre \u00e4n han<\/strong> som ska \u00e4ndra p\u00e5 allt. Det ligger n\u00e4ra till hands att associera denne till att vara <strong>kvinnans s\u00e4d. Eller som Jesus sj\u00e4lv s\u00e4ger: M\u00e4nniskoson.<\/strong><\/div>\n<div><\/div>\n<div>Jesus \u00e4r f\u00f6r \u00f6vrigt sj\u00e4lv en som kallar folk f\u00f6r huggormsyngel, p\u00e5 tv\u00e5 st\u00e4llen i Matteus, till exempel detta, snarlikt det Johannes d\u00f6paren sade:<\/div>\n<div><\/div>\n<blockquote>\n<div><span class=\"selection\">Ormar, <strong>huggormsyngel<\/strong>, hur skall ni kunna undg\u00e5 att d\u00f6mas till helvetet? (matt 23:33)<\/span><\/div>\n<\/blockquote>\n<div>Men det finns ju en sida till som \u00e4r mer positiv! Kvinnans s\u00e4d ska ju trampa s\u00f6nder ormens avkomma. Det har vi redan konstaterat att Jesus ska g\u00f6ra p\u00e5 korset men det h\u00e4r \u00e4r ocks\u00e5 n\u00e5got som finns p\u00e5 fler st\u00e4llen. Ett k\u00e4nt st\u00e4lle finns i Ps 91, d\u00e4r talas det om att inget ont ska h\u00e4nda den som Gud skyddar:<\/div>\n<div><\/div>\n<blockquote>\n<div class=\"line\">\u00d6ver lejon och\u00a0<strong class=\"match\">ormar<\/strong>\u00a0g\u00e5r du fram,<\/div>\n<div class=\"line\">du trampar p\u00e5 vilddjur och drakar. (ps 91:13)<\/div>\n<\/blockquote>\n<div>Vilket Jesus f\u00f6ljer upp med att s\u00e4ga s\u00e5 h\u00e4r till l\u00e4rjungarna (visst \u00e4r det likt!):<\/div>\n<div><\/div>\n<blockquote>\n<p>Ja, jag har gett er makt att trampa p\u00e5\u00a0<strong class=\"match\">ormar<\/strong>\u00a0och skorpioner och att st\u00e5 emot fiendens hela styrka, och ingenting skall skada er.<\/p>\n<\/blockquote>\n<p>Jag tolkar det som att tack vare att Jesus visat sig vara kvinnans s\u00e4d och besegrat det onda s\u00e5 f\u00e5r vi tillsammans med honom sluta frukta det onda utan kan p\u00e5 v\u00e5rt s\u00e4tt st\u00e5 det onda emot.<\/p>\n<p>&nbsp;<\/p>\n<p>Det h\u00e4r blev l\u00e5ngt, jag har n\u00e5gra saker till om ormar men jag spar det till en annan dag. Jag tycker sj\u00e4lv det h\u00e4r var v\u00e4ldigt fascinerande. Vad s\u00e4ger du om ormarna i bibeln? Har detta v\u00e4ckt n\u00e5gra tankar hos dig? Skriv en rad och ber\u00e4tta!<\/p>\n","protected":false},"excerpt":{"rendered":"<p>Jag har funderat mycket p\u00e5 ormarna i bibeln p\u00e5 sistone. Och jag tror att jag hittat n\u00e5got riktigt h\u00e4ftigt! Det st\u00e5r om ormar p\u00e5 en hel m\u00e4ngd st\u00e4llen i bibeln. Ofta \u00e4r de helt enkelt giftiga och farliga djur som man ska akta sig f\u00f6r, och som \u00e4r ganska m\u00e4rkligt och obegripligt. S\u00e5 st\u00e5r det [&hellip;]<\/p>\n","protected":false},"author":392,"featured_media":6972,"comment_status":"open","ping_status":"open","sticky":false,"template":"","format":"standard","meta":{"_acf_changed":false,"footnotes":""},"categories":[14252,8298,117],"tags":[],"class_list":["post-6969","post","type-post","status-publish","format-standard","has-post-thumbnail","hentry","category-bibel","category-bibeln","category-teologi"],"acf":[],"yoast_head":"<!-- This site is optimized with the Yoast SEO plugin v27.1.1 - https:\/\/yoast.com\/product\/yoast-seo-wordpress\/ -->\n<title>Jesus trampar p\u00e5 huggormsyngel - Vandra V\u00e4gen<\/title>\n<meta name=\"robots\" content=\"index, follow, max-snippet:-1, max-image-preview:large, max-video-preview:-1\" \/>\n<link rel=\"canonical\" href=\"https:\/\/blogg.svenskakyrkan.se\/vandravagen\/2019\/02\/08\/jesus-trampar-pa-huggormsyngel\/\" \/>\n<meta property=\"og:locale\" content=\"sv_SE\" \/>\n<meta property=\"og:type\" content=\"article\" \/>\n<meta property=\"og:title\" content=\"Jesus trampar p\u00e5 huggormsyngel - Vandra V\u00e4gen\" \/>\n<meta property=\"og:description\" content=\"Jag har funderat mycket p\u00e5 ormarna i bibeln p\u00e5 sistone. Och jag tror att jag hittat n\u00e5got riktigt h\u00e4ftigt! Det st\u00e5r om ormar p\u00e5 en hel m\u00e4ngd st\u00e4llen i bibeln. Ofta \u00e4r de helt enkelt giftiga och farliga djur som man ska akta sig f\u00f6r, och som \u00e4r ganska m\u00e4rkligt och obegripligt. S\u00e5 st\u00e5r det [&hellip;]\" \/>\n<meta property=\"og:url\" content=\"https:\/\/blogg.svenskakyrkan.se\/vandravagen\/2019\/02\/08\/jesus-trampar-pa-huggormsyngel\/\" \/>\n<meta property=\"og:site_name\" content=\"Vandra V\u00e4gen\" \/>\n<meta property=\"article:publisher\" content=\"http:\/\/facebook.com\/vandravagen\" \/>\n<meta property=\"article:published_time\" content=\"2019-02-08T06:00:25+00:00\" \/>\n<meta name=\"author\" content=\"Tomas Jarvid\" \/>\n<meta name=\"twitter:card\" content=\"summary_large_image\" \/>\n<meta name=\"twitter:creator\" content=\"@fadertomas\" \/>\n<meta name=\"twitter:site\" content=\"@fadertomas\" \/>\n<meta name=\"twitter:label1\" content=\"Skriven av\" \/>\n\t<meta name=\"twitter:data1\" content=\"Tomas Jarvid\" \/>\n\t<meta name=\"twitter:label2\" content=\"Ber\u00e4knad l\u00e4stid\" \/>\n\t<meta name=\"twitter:data2\" content=\"6 minuter\" \/>\n<script type=\"application\/ld+json\" class=\"yoast-schema-graph\">{\"@context\":\"https:\/\/schema.org\",\"@graph\":[{\"@type\":\"Article\",\"@id\":\"https:\/\/blogg.svenskakyrkan.se\/vandravagen\/2019\/02\/08\/jesus-trampar-pa-huggormsyngel\/#article\",\"isPartOf\":{\"@id\":\"https:\/\/blogg.svenskakyrkan.se\/vandravagen\/2019\/02\/08\/jesus-trampar-pa-huggormsyngel\/\"},\"author\":{\"name\":\"Tomas Jarvid\",\"@id\":\"https:\/\/blogg.svenskakyrkan.se\/vandravagen\/#\/schema\/person\/25da02d4f76b137d04291711e2c9fc16\"},\"headline\":\"Jesus trampar p\u00e5 huggormsyngel\",\"datePublished\":\"2019-02-08T06:00:25+00:00\",\"mainEntityOfPage\":{\"@id\":\"https:\/\/blogg.svenskakyrkan.se\/vandravagen\/2019\/02\/08\/jesus-trampar-pa-huggormsyngel\/\"},\"wordCount\":1253,\"commentCount\":14,\"publisher\":{\"@id\":\"https:\/\/blogg.svenskakyrkan.se\/vandravagen\/#organization\"},\"image\":{\"@id\":\"https:\/\/blogg.svenskakyrkan.se\/vandravagen\/2019\/02\/08\/jesus-trampar-pa-huggormsyngel\/#primaryimage\"},\"thumbnailUrl\":\"https:\/\/blogg.svenskakyrkan.se\/vandravagen\/files\/2019\/02\/dancing-jesus.jpg\",\"articleSection\":[\"bibel\",\"Bibeln\",\"Teologi\"],\"inLanguage\":\"sv-SE\",\"potentialAction\":[{\"@type\":\"CommentAction\",\"name\":\"Comment\",\"target\":[\"https:\/\/blogg.svenskakyrkan.se\/vandravagen\/2019\/02\/08\/jesus-trampar-pa-huggormsyngel\/#respond\"]}]},{\"@type\":\"WebPage\",\"@id\":\"https:\/\/blogg.svenskakyrkan.se\/vandravagen\/2019\/02\/08\/jesus-trampar-pa-huggormsyngel\/\",\"url\":\"https:\/\/blogg.svenskakyrkan.se\/vandravagen\/2019\/02\/08\/jesus-trampar-pa-huggormsyngel\/\",\"name\":\"Jesus trampar p\u00e5 huggormsyngel - Vandra V\u00e4gen\",\"isPartOf\":{\"@id\":\"https:\/\/blogg.svenskakyrkan.se\/vandravagen\/#website\"},\"primaryImageOfPage\":{\"@id\":\"https:\/\/blogg.svenskakyrkan.se\/vandravagen\/2019\/02\/08\/jesus-trampar-pa-huggormsyngel\/#primaryimage\"},\"image\":{\"@id\":\"https:\/\/blogg.svenskakyrkan.se\/vandravagen\/2019\/02\/08\/jesus-trampar-pa-huggormsyngel\/#primaryimage\"},\"thumbnailUrl\":\"https:\/\/blogg.svenskakyrkan.se\/vandravagen\/files\/2019\/02\/dancing-jesus.jpg\",\"datePublished\":\"2019-02-08T06:00:25+00:00\",\"breadcrumb\":{\"@id\":\"https:\/\/blogg.svenskakyrkan.se\/vandravagen\/2019\/02\/08\/jesus-trampar-pa-huggormsyngel\/#breadcrumb\"},\"inLanguage\":\"sv-SE\",\"potentialAction\":[{\"@type\":\"ReadAction\",\"target\":[\"https:\/\/blogg.svenskakyrkan.se\/vandravagen\/2019\/02\/08\/jesus-trampar-pa-huggormsyngel\/\"]}]},{\"@type\":\"ImageObject\",\"inLanguage\":\"sv-SE\",\"@id\":\"https:\/\/blogg.svenskakyrkan.se\/vandravagen\/2019\/02\/08\/jesus-trampar-pa-huggormsyngel\/#primaryimage\",\"url\":\"https:\/\/blogg.svenskakyrkan.se\/vandravagen\/files\/2019\/02\/dancing-jesus.jpg\",\"contentUrl\":\"https:\/\/blogg.svenskakyrkan.se\/vandravagen\/files\/2019\/02\/dancing-jesus.jpg\",\"width\":558,\"height\":748,\"caption\":\"Indisk avbildning av hur Jesus p\u00e5 korset dansar och krossar ormens huvud. Fr\u00e5n https:\/\/thejesusquestion.org\/2012\/03\/02\/jesus-the-dancer-part-4-snakes-and-maize\/\"},{\"@type\":\"BreadcrumbList\",\"@id\":\"https:\/\/blogg.svenskakyrkan.se\/vandravagen\/2019\/02\/08\/jesus-trampar-pa-huggormsyngel\/#breadcrumb\",\"itemListElement\":[{\"@type\":\"ListItem\",\"position\":1,\"name\":\"Hem\",\"item\":\"https:\/\/blogg.svenskakyrkan.se\/vandravagen\/\"},{\"@type\":\"ListItem\",\"position\":2,\"name\":\"Jesus trampar p\u00e5 huggormsyngel\"}]},{\"@type\":\"WebSite\",\"@id\":\"https:\/\/blogg.svenskakyrkan.se\/vandravagen\/#website\",\"url\":\"https:\/\/blogg.svenskakyrkan.se\/vandravagen\/\",\"name\":\"Vandra V\u00e4gen\",\"description\":\"-Mot en tro f\u00f6r hela livet\",\"publisher\":{\"@id\":\"https:\/\/blogg.svenskakyrkan.se\/vandravagen\/#organization\"},\"potentialAction\":[{\"@type\":\"SearchAction\",\"target\":{\"@type\":\"EntryPoint\",\"urlTemplate\":\"https:\/\/blogg.svenskakyrkan.se\/vandravagen\/?s={search_term_string}\"},\"query-input\":{\"@type\":\"PropertyValueSpecification\",\"valueRequired\":true,\"valueName\":\"search_term_string\"}}],\"inLanguage\":\"sv-SE\"},{\"@type\":\"Organization\",\"@id\":\"https:\/\/blogg.svenskakyrkan.se\/vandravagen\/#organization\",\"name\":\"ulricehamns pastorat\",\"alternateName\":\"ulricehamns pastorat\",\"url\":\"https:\/\/blogg.svenskakyrkan.se\/vandravagen\/\",\"logo\":{\"@type\":\"ImageObject\",\"inLanguage\":\"sv-SE\",\"@id\":\"https:\/\/blogg.svenskakyrkan.se\/vandravagen\/#\/schema\/logo\/image\/\",\"url\":\"https:\/\/blogg.svenskakyrkan.se\/vandravagen\/files\/2023\/05\/Ulr_logo_RGB.png\",\"contentUrl\":\"https:\/\/blogg.svenskakyrkan.se\/vandravagen\/files\/2023\/05\/Ulr_logo_RGB.png\",\"width\":205,\"height\":77,\"caption\":\"ulricehamns pastorat\"},\"image\":{\"@id\":\"https:\/\/blogg.svenskakyrkan.se\/vandravagen\/#\/schema\/logo\/image\/\"},\"sameAs\":[\"http:\/\/facebook.com\/vandravagen\",\"https:\/\/x.com\/fadertomas\",\"http:\/\/www.facebook.com\/svenskakyrkaniulricehamn\"]},{\"@type\":\"Person\",\"@id\":\"https:\/\/blogg.svenskakyrkan.se\/vandravagen\/#\/schema\/person\/25da02d4f76b137d04291711e2c9fc16\",\"name\":\"Tomas Jarvid\",\"image\":{\"@type\":\"ImageObject\",\"inLanguage\":\"sv-SE\",\"@id\":\"https:\/\/blogg.svenskakyrkan.se\/vandravagen\/#\/schema\/person\/image\/\",\"url\":\"https:\/\/secure.gravatar.com\/avatar\/7fa71899795e8f540f615a1f5ab25255dc27aa40f05ee7ddd21aac521e01bf50?s=96&d=identicon&r=g\",\"contentUrl\":\"https:\/\/secure.gravatar.com\/avatar\/7fa71899795e8f540f615a1f5ab25255dc27aa40f05ee7ddd21aac521e01bf50?s=96&d=identicon&r=g\",\"caption\":\"Tomas Jarvid\"},\"description\":\"Jag bor i Ulricehamn i V\u00e4sterg\u00f6tland och \u00e4r f\u00f6rsamlingspr\u00e4st i Svenska Kyrkan f\u00f6r Dalstorps f\u00f6rsamling i Kinds pastorat. P\u00e5 den h\u00e4r bloggen skriver jag ner tankar om vandringen som kristen.\",\"sameAs\":[\"http:\/\/www.vandravagen.se\"],\"url\":\"https:\/\/blogg.svenskakyrkan.se\/vandravagen\/author\/vandravagen\/\"}]}<\/script>\n<!-- \/ Yoast SEO plugin. -->","yoast_head_json":{"title":"Jesus trampar p\u00e5 huggormsyngel - Vandra V\u00e4gen","robots":{"index":"index","follow":"follow","max-snippet":"max-snippet:-1","max-image-preview":"max-image-preview:large","max-video-preview":"max-video-preview:-1"},"canonical":"https:\/\/blogg.svenskakyrkan.se\/vandravagen\/2019\/02\/08\/jesus-trampar-pa-huggormsyngel\/","og_locale":"sv_SE","og_type":"article","og_title":"Jesus trampar p\u00e5 huggormsyngel - Vandra V\u00e4gen","og_description":"Jag har funderat mycket p\u00e5 ormarna i bibeln p\u00e5 sistone. Och jag tror att jag hittat n\u00e5got riktigt h\u00e4ftigt! Det st\u00e5r om ormar p\u00e5 en hel m\u00e4ngd st\u00e4llen i bibeln. Ofta \u00e4r de helt enkelt giftiga och farliga djur som man ska akta sig f\u00f6r, och som \u00e4r ganska m\u00e4rkligt och obegripligt. S\u00e5 st\u00e5r det [&hellip;]","og_url":"https:\/\/blogg.svenskakyrkan.se\/vandravagen\/2019\/02\/08\/jesus-trampar-pa-huggormsyngel\/","og_site_name":"Vandra V\u00e4gen","article_publisher":"http:\/\/facebook.com\/vandravagen","article_published_time":"2019-02-08T06:00:25+00:00","author":"Tomas Jarvid","twitter_card":"summary_large_image","twitter_creator":"@fadertomas","twitter_site":"@fadertomas","twitter_misc":{"Skriven av":"Tomas Jarvid","Ber\u00e4knad l\u00e4stid":"6 minuter"},"schema":{"@context":"https:\/\/schema.org","@graph":[{"@type":"Article","@id":"https:\/\/blogg.svenskakyrkan.se\/vandravagen\/2019\/02\/08\/jesus-trampar-pa-huggormsyngel\/#article","isPartOf":{"@id":"https:\/\/blogg.svenskakyrkan.se\/vandravagen\/2019\/02\/08\/jesus-trampar-pa-huggormsyngel\/"},"author":{"name":"Tomas Jarvid","@id":"https:\/\/blogg.svenskakyrkan.se\/vandravagen\/#\/schema\/person\/25da02d4f76b137d04291711e2c9fc16"},"headline":"Jesus trampar p\u00e5 huggormsyngel","datePublished":"2019-02-08T06:00:25+00:00","mainEntityOfPage":{"@id":"https:\/\/blogg.svenskakyrkan.se\/vandravagen\/2019\/02\/08\/jesus-trampar-pa-huggormsyngel\/"},"wordCount":1253,"commentCount":14,"publisher":{"@id":"https:\/\/blogg.svenskakyrkan.se\/vandravagen\/#organization"},"image":{"@id":"https:\/\/blogg.svenskakyrkan.se\/vandravagen\/2019\/02\/08\/jesus-trampar-pa-huggormsyngel\/#primaryimage"},"thumbnailUrl":"https:\/\/blogg.svenskakyrkan.se\/vandravagen\/files\/2019\/02\/dancing-jesus.jpg","articleSection":["bibel","Bibeln","Teologi"],"inLanguage":"sv-SE","potentialAction":[{"@type":"CommentAction","name":"Comment","target":["https:\/\/blogg.svenskakyrkan.se\/vandravagen\/2019\/02\/08\/jesus-trampar-pa-huggormsyngel\/#respond"]}]},{"@type":"WebPage","@id":"https:\/\/blogg.svenskakyrkan.se\/vandravagen\/2019\/02\/08\/jesus-trampar-pa-huggormsyngel\/","url":"https:\/\/blogg.svenskakyrkan.se\/vandravagen\/2019\/02\/08\/jesus-trampar-pa-huggormsyngel\/","name":"Jesus trampar p\u00e5 huggormsyngel - Vandra V\u00e4gen","isPartOf":{"@id":"https:\/\/blogg.svenskakyrkan.se\/vandravagen\/#website"},"primaryImageOfPage":{"@id":"https:\/\/blogg.svenskakyrkan.se\/vandravagen\/2019\/02\/08\/jesus-trampar-pa-huggormsyngel\/#primaryimage"},"image":{"@id":"https:\/\/blogg.svenskakyrkan.se\/vandravagen\/2019\/02\/08\/jesus-trampar-pa-huggormsyngel\/#primaryimage"},"thumbnailUrl":"https:\/\/blogg.svenskakyrkan.se\/vandravagen\/files\/2019\/02\/dancing-jesus.jpg","datePublished":"2019-02-08T06:00:25+00:00","breadcrumb":{"@id":"https:\/\/blogg.svenskakyrkan.se\/vandravagen\/2019\/02\/08\/jesus-trampar-pa-huggormsyngel\/#breadcrumb"},"inLanguage":"sv-SE","potentialAction":[{"@type":"ReadAction","target":["https:\/\/blogg.svenskakyrkan.se\/vandravagen\/2019\/02\/08\/jesus-trampar-pa-huggormsyngel\/"]}]},{"@type":"ImageObject","inLanguage":"sv-SE","@id":"https:\/\/blogg.svenskakyrkan.se\/vandravagen\/2019\/02\/08\/jesus-trampar-pa-huggormsyngel\/#primaryimage","url":"https:\/\/blogg.svenskakyrkan.se\/vandravagen\/files\/2019\/02\/dancing-jesus.jpg","contentUrl":"https:\/\/blogg.svenskakyrkan.se\/vandravagen\/files\/2019\/02\/dancing-jesus.jpg","width":558,"height":748,"caption":"Indisk avbildning av hur Jesus p\u00e5 korset dansar och krossar ormens huvud. Fr\u00e5n https:\/\/thejesusquestion.org\/2012\/03\/02\/jesus-the-dancer-part-4-snakes-and-maize\/"},{"@type":"BreadcrumbList","@id":"https:\/\/blogg.svenskakyrkan.se\/vandravagen\/2019\/02\/08\/jesus-trampar-pa-huggormsyngel\/#breadcrumb","itemListElement":[{"@type":"ListItem","position":1,"name":"Hem","item":"https:\/\/blogg.svenskakyrkan.se\/vandravagen\/"},{"@type":"ListItem","position":2,"name":"Jesus trampar p\u00e5 huggormsyngel"}]},{"@type":"WebSite","@id":"https:\/\/blogg.svenskakyrkan.se\/vandravagen\/#website","url":"https:\/\/blogg.svenskakyrkan.se\/vandravagen\/","name":"Vandra V\u00e4gen","description":"-Mot en tro f\u00f6r hela livet","publisher":{"@id":"https:\/\/blogg.svenskakyrkan.se\/vandravagen\/#organization"},"potentialAction":[{"@type":"SearchAction","target":{"@type":"EntryPoint","urlTemplate":"https:\/\/blogg.svenskakyrkan.se\/vandravagen\/?s={search_term_string}"},"query-input":{"@type":"PropertyValueSpecification","valueRequired":true,"valueName":"search_term_string"}}],"inLanguage":"sv-SE"},{"@type":"Organization","@id":"https:\/\/blogg.svenskakyrkan.se\/vandravagen\/#organization","name":"ulricehamns pastorat","alternateName":"ulricehamns pastorat","url":"https:\/\/blogg.svenskakyrkan.se\/vandravagen\/","logo":{"@type":"ImageObject","inLanguage":"sv-SE","@id":"https:\/\/blogg.svenskakyrkan.se\/vandravagen\/#\/schema\/logo\/image\/","url":"https:\/\/blogg.svenskakyrkan.se\/vandravagen\/files\/2023\/05\/Ulr_logo_RGB.png","contentUrl":"https:\/\/blogg.svenskakyrkan.se\/vandravagen\/files\/2023\/05\/Ulr_logo_RGB.png","width":205,"height":77,"caption":"ulricehamns pastorat"},"image":{"@id":"https:\/\/blogg.svenskakyrkan.se\/vandravagen\/#\/schema\/logo\/image\/"},"sameAs":["http:\/\/facebook.com\/vandravagen","https:\/\/x.com\/fadertomas","http:\/\/www.facebook.com\/svenskakyrkaniulricehamn"]},{"@type":"Person","@id":"https:\/\/blogg.svenskakyrkan.se\/vandravagen\/#\/schema\/person\/25da02d4f76b137d04291711e2c9fc16","name":"Tomas Jarvid","image":{"@type":"ImageObject","inLanguage":"sv-SE","@id":"https:\/\/blogg.svenskakyrkan.se\/vandravagen\/#\/schema\/person\/image\/","url":"https:\/\/secure.gravatar.com\/avatar\/7fa71899795e8f540f615a1f5ab25255dc27aa40f05ee7ddd21aac521e01bf50?s=96&d=identicon&r=g","contentUrl":"https:\/\/secure.gravatar.com\/avatar\/7fa71899795e8f540f615a1f5ab25255dc27aa40f05ee7ddd21aac521e01bf50?s=96&d=identicon&r=g","caption":"Tomas Jarvid"},"description":"Jag bor i Ulricehamn i V\u00e4sterg\u00f6tland och \u00e4r f\u00f6rsamlingspr\u00e4st i Svenska Kyrkan f\u00f6r Dalstorps f\u00f6rsamling i Kinds pastorat. P\u00e5 den h\u00e4r bloggen skriver jag ner tankar om vandringen som kristen.","sameAs":["http:\/\/www.vandravagen.se"],"url":"https:\/\/blogg.svenskakyrkan.se\/vandravagen\/author\/vandravagen\/"}]}},"author_meta":{"ID":"392","user_nicename":"vandravagen","user_url":"http:\/\/www.vandravagen.se","user_registered":"2014-05-19 05:44:52","display_name":"Tomas Jarvid","first_name":"Tomas","last_name":"Jarvid","avatar":"https:\/\/secure.gravatar.com\/avatar\/7fa71899795e8f540f615a1f5ab25255dc27aa40f05ee7ddd21aac521e01bf50?s=96&d=identicon&r=g"},"featured_image":["https:\/\/blogg.svenskakyrkan.se\/vandravagen\/files\/2019\/02\/dancing-jesus.jpg",558,748,false],"bloginfo":{"name":"Vandra V\u00e4gen","url":"https:\/\/blogg.svenskakyrkan.se\/vandravagen"},"_links":{"self":[{"href":"https:\/\/blogg.svenskakyrkan.se\/vandravagen\/wp-json\/wp\/v2\/posts\/6969","targetHints":{"allow":["GET"]}}],"collection":[{"href":"https:\/\/blogg.svenskakyrkan.se\/vandravagen\/wp-json\/wp\/v2\/posts"}],"about":[{"href":"https:\/\/blogg.svenskakyrkan.se\/vandravagen\/wp-json\/wp\/v2\/types\/post"}],"author":[{"embeddable":true,"href":"https:\/\/blogg.svenskakyrkan.se\/vandravagen\/wp-json\/wp\/v2\/users\/392"}],"replies":[{"embeddable":true,"href":"https:\/\/blogg.svenskakyrkan.se\/vandravagen\/wp-json\/wp\/v2\/comments?post=6969"}],"version-history":[{"count":3,"href":"https:\/\/blogg.svenskakyrkan.se\/vandravagen\/wp-json\/wp\/v2\/posts\/6969\/revisions"}],"predecessor-version":[{"id":6973,"href":"https:\/\/blogg.svenskakyrkan.se\/vandravagen\/wp-json\/wp\/v2\/posts\/6969\/revisions\/6973"}],"wp:featuredmedia":[{"embeddable":true,"href":"https:\/\/blogg.svenskakyrkan.se\/vandravagen\/wp-json\/wp\/v2\/media\/6972"}],"wp:attachment":[{"href":"https:\/\/blogg.svenskakyrkan.se\/vandravagen\/wp-json\/wp\/v2\/media?parent=6969"}],"wp:term":[{"taxonomy":"category","embeddable":true,"href":"https:\/\/blogg.svenskakyrkan.se\/vandravagen\/wp-json\/wp\/v2\/categories?post=6969"},{"taxonomy":"post_tag","embeddable":true,"href":"https:\/\/blogg.svenskakyrkan.se\/vandravagen\/wp-json\/wp\/v2\/tags?post=6969"}],"curies":[{"name":"wp","href":"https:\/\/api.w.org\/{rel}","templated":true}]}}