{"id":6974,"date":"2019-02-15T07:00:48","date_gmt":"2019-02-15T06:00:48","guid":{"rendered":"http:\/\/blogg.svenskakyrkan.se\/vandravagen\/?p=6974"},"modified":"2019-02-15T09:22:08","modified_gmt":"2019-02-15T08:22:08","slug":"jesus-motte-aldrig-en-orm-i-oknen-men-anda-gjorde-han-det","status":"publish","type":"post","link":"https:\/\/blogg.svenskakyrkan.se\/vandravagen\/2019\/02\/15\/jesus-motte-aldrig-en-orm-i-oknen-men-anda-gjorde-han-det\/","title":{"rendered":"Jesus m\u00f6tte aldrig en orm i \u00f6knen, men \u00e4nd\u00e5 gjorde han det!"},"content":{"rendered":"<p>Jag blev s\u00e5 glad att se denne illustration i bibeln f\u00f6r barn. Jesus pr\u00f6vas i \u00f6knen av dj\u00e4vulen men p\u00e5 bilden ser vi en orm ist\u00e4llet. Jag gissar att illustrat\u00f6ren ville undvika att m\u00e5la en demonfigur av n\u00e5got slag och d\u00e5 var ju ormen ett genialt val.<\/p>\n<p><strong>Det \u00e4r n\u00e4mligen samma orm<\/strong> som den Adam och Eva m\u00f6ter i Edens lustg\u00e5rd. Det st\u00e5r f\u00f6rst\u00e5s inget om ormar n\u00e4r Jesus \u00e4r i \u00f6knen men i allt annat p\u00e5minner ber\u00e4ttelserna s\u00e5 starkt om varandra att de m\u00e5ste h\u00f6ra ihop. Adam och Eva blir frestade att v\u00e4lja sin egen v\u00e4g och sj\u00e4lva d\u00f6ma mellan ont och gott och de faller f\u00f6r frestelsen. Jesus blir st\u00e4lld p\u00e5 prov p\u00e5 samma s\u00e4tt, dj\u00e4vulen lockar honom att tro att det han f\u00f6resl\u00e5r \u00e4r b\u00e4ttre \u00e4n det Gud sagt, men Jesus st\u00e5r emot och klarar provet.<\/p>\n<p>Jag skrev h\u00e4romdagen <a href=\"https:\/\/blogg.svenskakyrkan.se\/vandravagen\/2019\/02\/08\/jesus-trampar-pa-huggormsyngel\/\">om hur Jesus krossar huggormsyngelns huvud<\/a> och en hel m\u00e4ngd bibelst\u00e4llen om ormar i bibeln. Nu lite om inneb\u00f6rden i detta (tack bibelprojektet!).<\/p>\n<p><strong>Det \u00e4r m\u00e4rkligt att det \u00e4r ett djur<\/strong> som talar och f\u00f6rleder de f\u00f6rsta m\u00e4nniskorna. Djuren \u00e4r ju skapade av Gud? Det v\u00e4cker en massa fr\u00e5gor om ormens ursprung. Vi f\u00f6rst\u00e5r ocks\u00e5 att ormen p\u00e5 n\u00e5got s\u00e4tt \u00e4r en andevarelse (eller vad vi ska kalla det) med insikt i en del saker som m\u00e4nniskan inte k\u00e4nner till. Intressant nog kan man s\u00e4ga att det \u00e4r det allra f\u00f6rsta exemplet i bibeln p\u00e5 hur den yngre f\u00e5r f\u00f6retr\u00e4de f\u00f6re den \u00e4ldre (som sedan i ber\u00e4ttelsen om Jakob och Esau och kung David och tusen andra sm\u00e5syskon i bibeln som ov\u00e4ntat f\u00e5r en chans). Djuren \u00e4r skapade samma skapelsedag som m\u00e4nniskan men f\u00f6re.<\/p>\n<p>Ormen vill locka m\u00e4nniskan att bli som gudav\u00e4sen. Att \u00f6verskrida gr\u00e4nserna Gud gett dem. Men det underliga som h\u00e4nder \u00e4r att den som lyssnar p\u00e5 ormens r\u00f6st snarare blir om\u00e4nsklig, blir som ett djur (liknar ormen). Genom gamla testamentet liknas ofta sedan hotande onda fiender vid djur som ormar eller vilda oxar som stormar an. Det starkaste exemplet finns i Daniels bok<\/p>\n<blockquote>\n<p>Allt detta drabbade kung Nebukadnessar. Tolv m\u00e5nader senare, d\u00e5 kungen en g\u00e5ng gick omkring p\u00e5 taket till sitt palats i Babylon, utbrast han: \u201dDetta \u00e4r det stora Babylon, som jag sj\u00e4lv har byggt till en kunglig huvudstad med min egen kraft, till min egen \u00e4ra!\u201d Medan orden \u00e4nnu var p\u00e5 kungens l\u00e4ppar kom en r\u00f6st fr\u00e5n himlen: \u201d<strong>Konung Nebukadnessar, du skall veta: ditt rike har tagits ifr\u00e5n dig! Du kommer att f\u00f6rdrivas ur m\u00e4nniskors krets, och du skall bo bland markens djur och f\u00e5 gr\u00e4s att \u00e4ta som oxarna<\/strong>; s\u00e5 skall sju tider f\u00f6rg\u00e5, till dess du inser att den H\u00f6gste r\u00e5der \u00f6ver m\u00e4nniskors riken och att han ger dem \u00e5t vem han vill.\u201d I samma \u00f6gonblick gick orden i uppfyllelse: Nebukadnessar f\u00f6rdrevs ur m\u00e4nniskors krets, han \u00e5t gr\u00e4s som oxarna och hans kropp fuktades av himlens dagg, tills h\u00e5ret var som \u00f6rnens fj\u00e4drar och naglarna som f\u00e5gelklor.<\/p>\n<p><strong>Men n\u00e4r den fastst\u00e4llda tiden hade g\u00e5tt s\u00e5g jag, Nebukadnessar, upp mot himlen och fick mitt f\u00f6rst\u00e5nd tillbaka; d\u00e5 prisade jag den H\u00f6gste<\/strong>, jag lovade och \u00e4rade honom som lever i evighet.(Dan 4:25ff)<\/p>\n<\/blockquote>\n<p>Se vilket samband mellan att bli \u00f6vermodig och str\u00e4va efter att bli som en Gud och verkligen bli ett djur! Sedan h\u00e4nger det ocks\u00e5 samman att han blir m\u00e4nniska igen och att han prisar och \u00e4rar Gud ist\u00e4llet f\u00f6r sig sj\u00e4lv.<\/p>\n<p>Det h\u00e4r \u00e4r inte sv\u00e5rt att iaktta i v\u00e5r v\u00e4rld eller kanske i sitt eget hj\u00e4rta (fast det brukar vara l\u00e4ttare att se felen hos m\u00e4nniskorna i sin omgivning). Den som vill bli mer \u00e4n m\u00e4nniska blir mindre m\u00e4nsklig. M\u00e4nniskans str\u00e4van efter makt och status och rikedom m\u00e5ste v\u00e4l s\u00e4gas ha f\u00f6rst\u00f6rt mycket p\u00e5 v\u00e5r planet och f\u00f6r m\u00e4nskligheten.<\/p>\n<p>Den motsatta v\u00e4gen \u00e4r den Jesus tar i \u00f6knen och den ska vi v\u00e4l ocks\u00e5 ta. Det \u00e4r bara det att vi inte klarar det sj\u00e4lva. Och vi m\u00e5ste inte heller, vi f\u00e5r be om hj\u00e4lp. Den som ber om hj\u00e4lp tr\u00e4der automatiskt in i det \u00f6dmjuka och goda f\u00f6rh\u00e5llningss\u00e4ttet.<\/p>\n<p>Vad t\u00e4nker du om att bli som ett djur och om Jesus i \u00f6knen? Skriv och ber\u00e4tta!<\/p>\n","protected":false},"excerpt":{"rendered":"<p>Jag blev s\u00e5 glad att se denne illustration i bibeln f\u00f6r barn. Jesus pr\u00f6vas i \u00f6knen av dj\u00e4vulen men p\u00e5 bilden ser vi en orm ist\u00e4llet. Jag gissar att illustrat\u00f6ren ville undvika att m\u00e5la en demonfigur av n\u00e5got slag och d\u00e5 var ju ormen ett genialt val. Det \u00e4r n\u00e4mligen samma orm som den Adam [&hellip;]<\/p>\n","protected":false},"author":392,"featured_media":6983,"comment_status":"open","ping_status":"open","sticky":false,"template":"","format":"standard","meta":{"_acf_changed":false,"footnotes":""},"categories":[14252,81118,8298],"tags":[],"class_list":["post-6974","post","type-post","status-publish","format-standard","has-post-thumbnail","hentry","category-bibel","category-bibelbocker","category-bibeln"],"acf":[],"yoast_head":"<!-- This site is optimized with the Yoast SEO plugin v27.1.1 - https:\/\/yoast.com\/product\/yoast-seo-wordpress\/ -->\n<title>Jesus m\u00f6tte aldrig en orm i \u00f6knen, men \u00e4nd\u00e5 gjorde han det! - Vandra V\u00e4gen<\/title>\n<meta name=\"robots\" content=\"index, follow, max-snippet:-1, max-image-preview:large, max-video-preview:-1\" \/>\n<link rel=\"canonical\" href=\"https:\/\/blogg.svenskakyrkan.se\/vandravagen\/2019\/02\/15\/jesus-motte-aldrig-en-orm-i-oknen-men-anda-gjorde-han-det\/\" \/>\n<meta property=\"og:locale\" content=\"sv_SE\" \/>\n<meta property=\"og:type\" content=\"article\" \/>\n<meta property=\"og:title\" content=\"Jesus m\u00f6tte aldrig en orm i \u00f6knen, men \u00e4nd\u00e5 gjorde han det! - Vandra V\u00e4gen\" \/>\n<meta property=\"og:description\" content=\"Jag blev s\u00e5 glad att se denne illustration i bibeln f\u00f6r barn. Jesus pr\u00f6vas i \u00f6knen av dj\u00e4vulen men p\u00e5 bilden ser vi en orm ist\u00e4llet. Jag gissar att illustrat\u00f6ren ville undvika att m\u00e5la en demonfigur av n\u00e5got slag och d\u00e5 var ju ormen ett genialt val. Det \u00e4r n\u00e4mligen samma orm som den Adam [&hellip;]\" \/>\n<meta property=\"og:url\" content=\"https:\/\/blogg.svenskakyrkan.se\/vandravagen\/2019\/02\/15\/jesus-motte-aldrig-en-orm-i-oknen-men-anda-gjorde-han-det\/\" \/>\n<meta property=\"og:site_name\" content=\"Vandra V\u00e4gen\" \/>\n<meta property=\"article:publisher\" content=\"http:\/\/facebook.com\/vandravagen\" \/>\n<meta property=\"article:published_time\" content=\"2019-02-15T06:00:48+00:00\" \/>\n<meta property=\"article:modified_time\" content=\"2019-02-15T08:22:08+00:00\" \/>\n<meta name=\"author\" content=\"Tomas Jarvid\" \/>\n<meta name=\"twitter:card\" content=\"summary_large_image\" \/>\n<meta name=\"twitter:creator\" content=\"@fadertomas\" \/>\n<meta name=\"twitter:site\" content=\"@fadertomas\" \/>\n<meta name=\"twitter:label1\" content=\"Skriven av\" \/>\n\t<meta name=\"twitter:data1\" content=\"Tomas Jarvid\" \/>\n\t<meta name=\"twitter:label2\" content=\"Ber\u00e4knad l\u00e4stid\" \/>\n\t<meta name=\"twitter:data2\" content=\"4 minuter\" \/>\n<script type=\"application\/ld+json\" class=\"yoast-schema-graph\">{\"@context\":\"https:\/\/schema.org\",\"@graph\":[{\"@type\":\"Article\",\"@id\":\"https:\/\/blogg.svenskakyrkan.se\/vandravagen\/2019\/02\/15\/jesus-motte-aldrig-en-orm-i-oknen-men-anda-gjorde-han-det\/#article\",\"isPartOf\":{\"@id\":\"https:\/\/blogg.svenskakyrkan.se\/vandravagen\/2019\/02\/15\/jesus-motte-aldrig-en-orm-i-oknen-men-anda-gjorde-han-det\/\"},\"author\":{\"name\":\"Tomas Jarvid\",\"@id\":\"https:\/\/blogg.svenskakyrkan.se\/vandravagen\/#\/schema\/person\/25da02d4f76b137d04291711e2c9fc16\"},\"headline\":\"Jesus m\u00f6tte aldrig en orm i \u00f6knen, men \u00e4nd\u00e5 gjorde han det!\",\"datePublished\":\"2019-02-15T06:00:48+00:00\",\"dateModified\":\"2019-02-15T08:22:08+00:00\",\"mainEntityOfPage\":{\"@id\":\"https:\/\/blogg.svenskakyrkan.se\/vandravagen\/2019\/02\/15\/jesus-motte-aldrig-en-orm-i-oknen-men-anda-gjorde-han-det\/\"},\"wordCount\":829,\"commentCount\":4,\"publisher\":{\"@id\":\"https:\/\/blogg.svenskakyrkan.se\/vandravagen\/#organization\"},\"image\":{\"@id\":\"https:\/\/blogg.svenskakyrkan.se\/vandravagen\/2019\/02\/15\/jesus-motte-aldrig-en-orm-i-oknen-men-anda-gjorde-han-det\/#primaryimage\"},\"thumbnailUrl\":\"https:\/\/blogg.svenskakyrkan.se\/vandravagen\/files\/2019\/02\/IMG_6650.jpg\",\"articleSection\":[\"bibel\",\"bibelb\u00f6cker\",\"Bibeln\"],\"inLanguage\":\"sv-SE\",\"potentialAction\":[{\"@type\":\"CommentAction\",\"name\":\"Comment\",\"target\":[\"https:\/\/blogg.svenskakyrkan.se\/vandravagen\/2019\/02\/15\/jesus-motte-aldrig-en-orm-i-oknen-men-anda-gjorde-han-det\/#respond\"]}]},{\"@type\":\"WebPage\",\"@id\":\"https:\/\/blogg.svenskakyrkan.se\/vandravagen\/2019\/02\/15\/jesus-motte-aldrig-en-orm-i-oknen-men-anda-gjorde-han-det\/\",\"url\":\"https:\/\/blogg.svenskakyrkan.se\/vandravagen\/2019\/02\/15\/jesus-motte-aldrig-en-orm-i-oknen-men-anda-gjorde-han-det\/\",\"name\":\"Jesus m\u00f6tte aldrig en orm i \u00f6knen, men \u00e4nd\u00e5 gjorde han det! - Vandra V\u00e4gen\",\"isPartOf\":{\"@id\":\"https:\/\/blogg.svenskakyrkan.se\/vandravagen\/#website\"},\"primaryImageOfPage\":{\"@id\":\"https:\/\/blogg.svenskakyrkan.se\/vandravagen\/2019\/02\/15\/jesus-motte-aldrig-en-orm-i-oknen-men-anda-gjorde-han-det\/#primaryimage\"},\"image\":{\"@id\":\"https:\/\/blogg.svenskakyrkan.se\/vandravagen\/2019\/02\/15\/jesus-motte-aldrig-en-orm-i-oknen-men-anda-gjorde-han-det\/#primaryimage\"},\"thumbnailUrl\":\"https:\/\/blogg.svenskakyrkan.se\/vandravagen\/files\/2019\/02\/IMG_6650.jpg\",\"datePublished\":\"2019-02-15T06:00:48+00:00\",\"dateModified\":\"2019-02-15T08:22:08+00:00\",\"breadcrumb\":{\"@id\":\"https:\/\/blogg.svenskakyrkan.se\/vandravagen\/2019\/02\/15\/jesus-motte-aldrig-en-orm-i-oknen-men-anda-gjorde-han-det\/#breadcrumb\"},\"inLanguage\":\"sv-SE\",\"potentialAction\":[{\"@type\":\"ReadAction\",\"target\":[\"https:\/\/blogg.svenskakyrkan.se\/vandravagen\/2019\/02\/15\/jesus-motte-aldrig-en-orm-i-oknen-men-anda-gjorde-han-det\/\"]}]},{\"@type\":\"ImageObject\",\"inLanguage\":\"sv-SE\",\"@id\":\"https:\/\/blogg.svenskakyrkan.se\/vandravagen\/2019\/02\/15\/jesus-motte-aldrig-en-orm-i-oknen-men-anda-gjorde-han-det\/#primaryimage\",\"url\":\"https:\/\/blogg.svenskakyrkan.se\/vandravagen\/files\/2019\/02\/IMG_6650.jpg\",\"contentUrl\":\"https:\/\/blogg.svenskakyrkan.se\/vandravagen\/files\/2019\/02\/IMG_6650.jpg\",\"width\":3515,\"height\":2091,\"caption\":\"Titta h\u00e4r \u00e4r ju en orm med Jesus i \u00f6knen! Samma sura orm som en g\u00e5ng syntes med Adam och Eva.\"},{\"@type\":\"BreadcrumbList\",\"@id\":\"https:\/\/blogg.svenskakyrkan.se\/vandravagen\/2019\/02\/15\/jesus-motte-aldrig-en-orm-i-oknen-men-anda-gjorde-han-det\/#breadcrumb\",\"itemListElement\":[{\"@type\":\"ListItem\",\"position\":1,\"name\":\"Hem\",\"item\":\"https:\/\/blogg.svenskakyrkan.se\/vandravagen\/\"},{\"@type\":\"ListItem\",\"position\":2,\"name\":\"Jesus m\u00f6tte aldrig en orm i \u00f6knen, men \u00e4nd\u00e5 gjorde han det!\"}]},{\"@type\":\"WebSite\",\"@id\":\"https:\/\/blogg.svenskakyrkan.se\/vandravagen\/#website\",\"url\":\"https:\/\/blogg.svenskakyrkan.se\/vandravagen\/\",\"name\":\"Vandra V\u00e4gen\",\"description\":\"-Mot en tro f\u00f6r hela livet\",\"publisher\":{\"@id\":\"https:\/\/blogg.svenskakyrkan.se\/vandravagen\/#organization\"},\"potentialAction\":[{\"@type\":\"SearchAction\",\"target\":{\"@type\":\"EntryPoint\",\"urlTemplate\":\"https:\/\/blogg.svenskakyrkan.se\/vandravagen\/?s={search_term_string}\"},\"query-input\":{\"@type\":\"PropertyValueSpecification\",\"valueRequired\":true,\"valueName\":\"search_term_string\"}}],\"inLanguage\":\"sv-SE\"},{\"@type\":\"Organization\",\"@id\":\"https:\/\/blogg.svenskakyrkan.se\/vandravagen\/#organization\",\"name\":\"ulricehamns pastorat\",\"alternateName\":\"ulricehamns pastorat\",\"url\":\"https:\/\/blogg.svenskakyrkan.se\/vandravagen\/\",\"logo\":{\"@type\":\"ImageObject\",\"inLanguage\":\"sv-SE\",\"@id\":\"https:\/\/blogg.svenskakyrkan.se\/vandravagen\/#\/schema\/logo\/image\/\",\"url\":\"https:\/\/blogg.svenskakyrkan.se\/vandravagen\/files\/2023\/05\/Ulr_logo_RGB.png\",\"contentUrl\":\"https:\/\/blogg.svenskakyrkan.se\/vandravagen\/files\/2023\/05\/Ulr_logo_RGB.png\",\"width\":205,\"height\":77,\"caption\":\"ulricehamns pastorat\"},\"image\":{\"@id\":\"https:\/\/blogg.svenskakyrkan.se\/vandravagen\/#\/schema\/logo\/image\/\"},\"sameAs\":[\"http:\/\/facebook.com\/vandravagen\",\"https:\/\/x.com\/fadertomas\",\"http:\/\/www.facebook.com\/svenskakyrkaniulricehamn\"]},{\"@type\":\"Person\",\"@id\":\"https:\/\/blogg.svenskakyrkan.se\/vandravagen\/#\/schema\/person\/25da02d4f76b137d04291711e2c9fc16\",\"name\":\"Tomas Jarvid\",\"image\":{\"@type\":\"ImageObject\",\"inLanguage\":\"sv-SE\",\"@id\":\"https:\/\/blogg.svenskakyrkan.se\/vandravagen\/#\/schema\/person\/image\/\",\"url\":\"https:\/\/secure.gravatar.com\/avatar\/7fa71899795e8f540f615a1f5ab25255dc27aa40f05ee7ddd21aac521e01bf50?s=96&d=identicon&r=g\",\"contentUrl\":\"https:\/\/secure.gravatar.com\/avatar\/7fa71899795e8f540f615a1f5ab25255dc27aa40f05ee7ddd21aac521e01bf50?s=96&d=identicon&r=g\",\"caption\":\"Tomas Jarvid\"},\"description\":\"Jag bor i Ulricehamn i V\u00e4sterg\u00f6tland och \u00e4r f\u00f6rsamlingspr\u00e4st i Svenska Kyrkan f\u00f6r Dalstorps f\u00f6rsamling i Kinds pastorat. P\u00e5 den h\u00e4r bloggen skriver jag ner tankar om vandringen som kristen.\",\"sameAs\":[\"http:\/\/www.vandravagen.se\"],\"url\":\"https:\/\/blogg.svenskakyrkan.se\/vandravagen\/author\/vandravagen\/\"}]}<\/script>\n<!-- \/ Yoast SEO plugin. -->","yoast_head_json":{"title":"Jesus m\u00f6tte aldrig en orm i \u00f6knen, men \u00e4nd\u00e5 gjorde han det! - Vandra V\u00e4gen","robots":{"index":"index","follow":"follow","max-snippet":"max-snippet:-1","max-image-preview":"max-image-preview:large","max-video-preview":"max-video-preview:-1"},"canonical":"https:\/\/blogg.svenskakyrkan.se\/vandravagen\/2019\/02\/15\/jesus-motte-aldrig-en-orm-i-oknen-men-anda-gjorde-han-det\/","og_locale":"sv_SE","og_type":"article","og_title":"Jesus m\u00f6tte aldrig en orm i \u00f6knen, men \u00e4nd\u00e5 gjorde han det! - Vandra V\u00e4gen","og_description":"Jag blev s\u00e5 glad att se denne illustration i bibeln f\u00f6r barn. Jesus pr\u00f6vas i \u00f6knen av dj\u00e4vulen men p\u00e5 bilden ser vi en orm ist\u00e4llet. Jag gissar att illustrat\u00f6ren ville undvika att m\u00e5la en demonfigur av n\u00e5got slag och d\u00e5 var ju ormen ett genialt val. Det \u00e4r n\u00e4mligen samma orm som den Adam [&hellip;]","og_url":"https:\/\/blogg.svenskakyrkan.se\/vandravagen\/2019\/02\/15\/jesus-motte-aldrig-en-orm-i-oknen-men-anda-gjorde-han-det\/","og_site_name":"Vandra V\u00e4gen","article_publisher":"http:\/\/facebook.com\/vandravagen","article_published_time":"2019-02-15T06:00:48+00:00","article_modified_time":"2019-02-15T08:22:08+00:00","author":"Tomas Jarvid","twitter_card":"summary_large_image","twitter_creator":"@fadertomas","twitter_site":"@fadertomas","twitter_misc":{"Skriven av":"Tomas Jarvid","Ber\u00e4knad l\u00e4stid":"4 minuter"},"schema":{"@context":"https:\/\/schema.org","@graph":[{"@type":"Article","@id":"https:\/\/blogg.svenskakyrkan.se\/vandravagen\/2019\/02\/15\/jesus-motte-aldrig-en-orm-i-oknen-men-anda-gjorde-han-det\/#article","isPartOf":{"@id":"https:\/\/blogg.svenskakyrkan.se\/vandravagen\/2019\/02\/15\/jesus-motte-aldrig-en-orm-i-oknen-men-anda-gjorde-han-det\/"},"author":{"name":"Tomas Jarvid","@id":"https:\/\/blogg.svenskakyrkan.se\/vandravagen\/#\/schema\/person\/25da02d4f76b137d04291711e2c9fc16"},"headline":"Jesus m\u00f6tte aldrig en orm i \u00f6knen, men \u00e4nd\u00e5 gjorde han det!","datePublished":"2019-02-15T06:00:48+00:00","dateModified":"2019-02-15T08:22:08+00:00","mainEntityOfPage":{"@id":"https:\/\/blogg.svenskakyrkan.se\/vandravagen\/2019\/02\/15\/jesus-motte-aldrig-en-orm-i-oknen-men-anda-gjorde-han-det\/"},"wordCount":829,"commentCount":4,"publisher":{"@id":"https:\/\/blogg.svenskakyrkan.se\/vandravagen\/#organization"},"image":{"@id":"https:\/\/blogg.svenskakyrkan.se\/vandravagen\/2019\/02\/15\/jesus-motte-aldrig-en-orm-i-oknen-men-anda-gjorde-han-det\/#primaryimage"},"thumbnailUrl":"https:\/\/blogg.svenskakyrkan.se\/vandravagen\/files\/2019\/02\/IMG_6650.jpg","articleSection":["bibel","bibelb\u00f6cker","Bibeln"],"inLanguage":"sv-SE","potentialAction":[{"@type":"CommentAction","name":"Comment","target":["https:\/\/blogg.svenskakyrkan.se\/vandravagen\/2019\/02\/15\/jesus-motte-aldrig-en-orm-i-oknen-men-anda-gjorde-han-det\/#respond"]}]},{"@type":"WebPage","@id":"https:\/\/blogg.svenskakyrkan.se\/vandravagen\/2019\/02\/15\/jesus-motte-aldrig-en-orm-i-oknen-men-anda-gjorde-han-det\/","url":"https:\/\/blogg.svenskakyrkan.se\/vandravagen\/2019\/02\/15\/jesus-motte-aldrig-en-orm-i-oknen-men-anda-gjorde-han-det\/","name":"Jesus m\u00f6tte aldrig en orm i \u00f6knen, men \u00e4nd\u00e5 gjorde han det! - Vandra V\u00e4gen","isPartOf":{"@id":"https:\/\/blogg.svenskakyrkan.se\/vandravagen\/#website"},"primaryImageOfPage":{"@id":"https:\/\/blogg.svenskakyrkan.se\/vandravagen\/2019\/02\/15\/jesus-motte-aldrig-en-orm-i-oknen-men-anda-gjorde-han-det\/#primaryimage"},"image":{"@id":"https:\/\/blogg.svenskakyrkan.se\/vandravagen\/2019\/02\/15\/jesus-motte-aldrig-en-orm-i-oknen-men-anda-gjorde-han-det\/#primaryimage"},"thumbnailUrl":"https:\/\/blogg.svenskakyrkan.se\/vandravagen\/files\/2019\/02\/IMG_6650.jpg","datePublished":"2019-02-15T06:00:48+00:00","dateModified":"2019-02-15T08:22:08+00:00","breadcrumb":{"@id":"https:\/\/blogg.svenskakyrkan.se\/vandravagen\/2019\/02\/15\/jesus-motte-aldrig-en-orm-i-oknen-men-anda-gjorde-han-det\/#breadcrumb"},"inLanguage":"sv-SE","potentialAction":[{"@type":"ReadAction","target":["https:\/\/blogg.svenskakyrkan.se\/vandravagen\/2019\/02\/15\/jesus-motte-aldrig-en-orm-i-oknen-men-anda-gjorde-han-det\/"]}]},{"@type":"ImageObject","inLanguage":"sv-SE","@id":"https:\/\/blogg.svenskakyrkan.se\/vandravagen\/2019\/02\/15\/jesus-motte-aldrig-en-orm-i-oknen-men-anda-gjorde-han-det\/#primaryimage","url":"https:\/\/blogg.svenskakyrkan.se\/vandravagen\/files\/2019\/02\/IMG_6650.jpg","contentUrl":"https:\/\/blogg.svenskakyrkan.se\/vandravagen\/files\/2019\/02\/IMG_6650.jpg","width":3515,"height":2091,"caption":"Titta h\u00e4r \u00e4r ju en orm med Jesus i \u00f6knen! Samma sura orm som en g\u00e5ng syntes med Adam och Eva."},{"@type":"BreadcrumbList","@id":"https:\/\/blogg.svenskakyrkan.se\/vandravagen\/2019\/02\/15\/jesus-motte-aldrig-en-orm-i-oknen-men-anda-gjorde-han-det\/#breadcrumb","itemListElement":[{"@type":"ListItem","position":1,"name":"Hem","item":"https:\/\/blogg.svenskakyrkan.se\/vandravagen\/"},{"@type":"ListItem","position":2,"name":"Jesus m\u00f6tte aldrig en orm i \u00f6knen, men \u00e4nd\u00e5 gjorde han det!"}]},{"@type":"WebSite","@id":"https:\/\/blogg.svenskakyrkan.se\/vandravagen\/#website","url":"https:\/\/blogg.svenskakyrkan.se\/vandravagen\/","name":"Vandra V\u00e4gen","description":"-Mot en tro f\u00f6r hela livet","publisher":{"@id":"https:\/\/blogg.svenskakyrkan.se\/vandravagen\/#organization"},"potentialAction":[{"@type":"SearchAction","target":{"@type":"EntryPoint","urlTemplate":"https:\/\/blogg.svenskakyrkan.se\/vandravagen\/?s={search_term_string}"},"query-input":{"@type":"PropertyValueSpecification","valueRequired":true,"valueName":"search_term_string"}}],"inLanguage":"sv-SE"},{"@type":"Organization","@id":"https:\/\/blogg.svenskakyrkan.se\/vandravagen\/#organization","name":"ulricehamns pastorat","alternateName":"ulricehamns pastorat","url":"https:\/\/blogg.svenskakyrkan.se\/vandravagen\/","logo":{"@type":"ImageObject","inLanguage":"sv-SE","@id":"https:\/\/blogg.svenskakyrkan.se\/vandravagen\/#\/schema\/logo\/image\/","url":"https:\/\/blogg.svenskakyrkan.se\/vandravagen\/files\/2023\/05\/Ulr_logo_RGB.png","contentUrl":"https:\/\/blogg.svenskakyrkan.se\/vandravagen\/files\/2023\/05\/Ulr_logo_RGB.png","width":205,"height":77,"caption":"ulricehamns pastorat"},"image":{"@id":"https:\/\/blogg.svenskakyrkan.se\/vandravagen\/#\/schema\/logo\/image\/"},"sameAs":["http:\/\/facebook.com\/vandravagen","https:\/\/x.com\/fadertomas","http:\/\/www.facebook.com\/svenskakyrkaniulricehamn"]},{"@type":"Person","@id":"https:\/\/blogg.svenskakyrkan.se\/vandravagen\/#\/schema\/person\/25da02d4f76b137d04291711e2c9fc16","name":"Tomas Jarvid","image":{"@type":"ImageObject","inLanguage":"sv-SE","@id":"https:\/\/blogg.svenskakyrkan.se\/vandravagen\/#\/schema\/person\/image\/","url":"https:\/\/secure.gravatar.com\/avatar\/7fa71899795e8f540f615a1f5ab25255dc27aa40f05ee7ddd21aac521e01bf50?s=96&d=identicon&r=g","contentUrl":"https:\/\/secure.gravatar.com\/avatar\/7fa71899795e8f540f615a1f5ab25255dc27aa40f05ee7ddd21aac521e01bf50?s=96&d=identicon&r=g","caption":"Tomas Jarvid"},"description":"Jag bor i Ulricehamn i V\u00e4sterg\u00f6tland och \u00e4r f\u00f6rsamlingspr\u00e4st i Svenska Kyrkan f\u00f6r Dalstorps f\u00f6rsamling i Kinds pastorat. P\u00e5 den h\u00e4r bloggen skriver jag ner tankar om vandringen som kristen.","sameAs":["http:\/\/www.vandravagen.se"],"url":"https:\/\/blogg.svenskakyrkan.se\/vandravagen\/author\/vandravagen\/"}]}},"author_meta":{"ID":"392","user_nicename":"vandravagen","user_url":"http:\/\/www.vandravagen.se","user_registered":"2014-05-19 05:44:52","display_name":"Tomas Jarvid","first_name":"Tomas","last_name":"Jarvid","avatar":"https:\/\/secure.gravatar.com\/avatar\/7fa71899795e8f540f615a1f5ab25255dc27aa40f05ee7ddd21aac521e01bf50?s=96&d=identicon&r=g"},"featured_image":["https:\/\/blogg.svenskakyrkan.se\/vandravagen\/files\/2019\/02\/IMG_6650-1024x609.jpg",1024,609,true],"bloginfo":{"name":"Vandra V\u00e4gen","url":"https:\/\/blogg.svenskakyrkan.se\/vandravagen"},"_links":{"self":[{"href":"https:\/\/blogg.svenskakyrkan.se\/vandravagen\/wp-json\/wp\/v2\/posts\/6974","targetHints":{"allow":["GET"]}}],"collection":[{"href":"https:\/\/blogg.svenskakyrkan.se\/vandravagen\/wp-json\/wp\/v2\/posts"}],"about":[{"href":"https:\/\/blogg.svenskakyrkan.se\/vandravagen\/wp-json\/wp\/v2\/types\/post"}],"author":[{"embeddable":true,"href":"https:\/\/blogg.svenskakyrkan.se\/vandravagen\/wp-json\/wp\/v2\/users\/392"}],"replies":[{"embeddable":true,"href":"https:\/\/blogg.svenskakyrkan.se\/vandravagen\/wp-json\/wp\/v2\/comments?post=6974"}],"version-history":[{"count":4,"href":"https:\/\/blogg.svenskakyrkan.se\/vandravagen\/wp-json\/wp\/v2\/posts\/6974\/revisions"}],"predecessor-version":[{"id":6986,"href":"https:\/\/blogg.svenskakyrkan.se\/vandravagen\/wp-json\/wp\/v2\/posts\/6974\/revisions\/6986"}],"wp:featuredmedia":[{"embeddable":true,"href":"https:\/\/blogg.svenskakyrkan.se\/vandravagen\/wp-json\/wp\/v2\/media\/6983"}],"wp:attachment":[{"href":"https:\/\/blogg.svenskakyrkan.se\/vandravagen\/wp-json\/wp\/v2\/media?parent=6974"}],"wp:term":[{"taxonomy":"category","embeddable":true,"href":"https:\/\/blogg.svenskakyrkan.se\/vandravagen\/wp-json\/wp\/v2\/categories?post=6974"},{"taxonomy":"post_tag","embeddable":true,"href":"https:\/\/blogg.svenskakyrkan.se\/vandravagen\/wp-json\/wp\/v2\/tags?post=6974"}],"curies":[{"name":"wp","href":"https:\/\/api.w.org\/{rel}","templated":true}]}}