{"id":698,"date":"2013-02-26T10:01:00","date_gmt":"2013-02-26T09:01:00","guid":{"rendered":"http:\/\/blogg.svenskakyrkan.se\/vandravagen\/2013\/02\/26\/veckans-favorittweets-7\/"},"modified":"2013-02-26T10:01:00","modified_gmt":"2013-02-26T09:01:00","slug":"veckans-favorittweets-7","status":"publish","type":"post","link":"https:\/\/blogg.svenskakyrkan.se\/vandravagen\/2013\/02\/26\/veckans-favorittweets-7\/","title":{"rendered":"Veckans favorittweets"},"content":{"rendered":"<div>S\u00e5 var det dags f\u00f6r \u00e4nnu en upplaga av veckans b\u00e4sta tweets. Lite klokt, lite fromt och lite skojigt. Detta \u00e4r de jag tyckt kvalar till en andra chans f\u00f6r uppm\u00e4rksamhet av dig och mig:<\/div>\n<div><\/div>\n<div>De kloka:<\/div>\n<div><\/div>\n<div><\/div>\n<div><a href=\"http:\/\/1.bp.blogspot.com\/-Gps7ovmwJ2k\/USuiVNdhJ9I\/AAAAAAAACdY\/QA3aZ3laMg8\/s1600\/bastard.jpg\"><img loading=\"lazy\" decoding=\"async\" border=\"0\" height=\"66\" src=\"http:\/\/1.bp.blogspot.com\/-Gps7ovmwJ2k\/USuiVNdhJ9I\/AAAAAAAACdY\/QA3aZ3laMg8\/s400\/bastard.jpg\" width=\"400\"><\/a><\/div>\n<div><\/div>\n<div><\/div>\n<\/p>\n<div><a href=\"http:\/\/1.bp.blogspot.com\/-kzo7abXjHHk\/USuiU6idaEI\/AAAAAAAACdc\/zsVJPVi4gno\/s1600\/Gumbleledare.jpg\"><img loading=\"lazy\" decoding=\"async\" border=\"0\" height=\"72\" src=\"http:\/\/1.bp.blogspot.com\/-kzo7abXjHHk\/USuiU6idaEI\/AAAAAAAACdc\/zsVJPVi4gno\/s400\/Gumbleledare.jpg\" width=\"400\"><\/a><\/div>\n<div><\/div>\n<div><\/div>\n<div>\u00c4ntligen ett bra svar p\u00e5 &#8221;hur \u00e4r l\u00e4get&#8221;!<\/div>\n<div><a href=\"http:\/\/1.bp.blogspot.com\/-lTDltbQnJ8k\/USuiWuYdHeI\/AAAAAAAACd0\/X-cyLu5POBk\/s1600\/buitton.jpg\"><img loading=\"lazy\" decoding=\"async\" border=\"0\" height=\"140\" src=\"http:\/\/1.bp.blogspot.com\/-lTDltbQnJ8k\/USuiWuYdHeI\/AAAAAAAACd0\/X-cyLu5POBk\/s400\/buitton.jpg\" width=\"400\"><\/a><\/div>\n<div><\/div>\n<div><\/div>\n<div><\/div>\n<div><a href=\"http:\/\/3.bp.blogspot.com\/-sYkClVSIXRw\/USuiWoKWKtI\/AAAAAAAACd4\/EBU9Q7SE0ks\/s1600\/braprincip.jpg\"><img loading=\"lazy\" decoding=\"async\" border=\"0\" height=\"58\" src=\"http:\/\/3.bp.blogspot.com\/-sYkClVSIXRw\/USuiWoKWKtI\/AAAAAAAACd4\/EBU9Q7SE0ks\/s400\/braprincip.jpg\" width=\"400\"><\/a><\/div>\n<div><\/div>\n<\/p>\n<div><a href=\"http:\/\/2.bp.blogspot.com\/-wreyioF8QSM\/USuiXY3anZI\/AAAAAAAACeI\/6G8CDwnCsPY\/s1600\/egocentrism.jpg\"><img loading=\"lazy\" decoding=\"async\" border=\"0\" height=\"72\" src=\"http:\/\/2.bp.blogspot.com\/-wreyioF8QSM\/USuiXY3anZI\/AAAAAAAACeI\/6G8CDwnCsPY\/s400\/egocentrism.jpg\" width=\"400\"><\/a><\/div>\n<div><\/div>\n<div><\/div>\n<div><a href=\"http:\/\/4.bp.blogspot.com\/-7bEEWlKf_0M\/USuiZi8iZaI\/AAAAAAAACfA\/494IiWPjRq4\/s1600\/hurhardedet.jpg\"><img loading=\"lazy\" decoding=\"async\" border=\"0\" height=\"70\" src=\"http:\/\/4.bp.blogspot.com\/-7bEEWlKf_0M\/USuiZi8iZaI\/AAAAAAAACfA\/494IiWPjRq4\/s400\/hurhardedet.jpg\" width=\"400\"><\/a><\/div>\n<div><\/div>\n<div><\/div>\n<div><a href=\"http:\/\/1.bp.blogspot.com\/-eoAK5oiDLdo\/USuiaS-CkfI\/AAAAAAAACfQ\/ErxjyrkGvys\/s1600\/levasommanlar.jpg\"><img loading=\"lazy\" decoding=\"async\" border=\"0\" height=\"68\" src=\"http:\/\/1.bp.blogspot.com\/-eoAK5oiDLdo\/USuiaS-CkfI\/AAAAAAAACfQ\/ErxjyrkGvys\/s400\/levasommanlar.jpg\" width=\"400\"><\/a><\/div>\n<div><\/div>\n<div><\/div>\n<div><a href=\"http:\/\/3.bp.blogspot.com\/-EZZ_zvyMBEI\/USuibJniccI\/AAAAAAAACfo\/bs7o-qvmkik\/s1600\/orenhetidag.jpg\"><img loading=\"lazy\" decoding=\"async\" border=\"0\" height=\"68\" src=\"http:\/\/3.bp.blogspot.com\/-EZZ_zvyMBEI\/USuibJniccI\/AAAAAAAACfo\/bs7o-qvmkik\/s400\/orenhetidag.jpg\" width=\"400\"><\/a><\/div>\n<\/p>\n<div><\/div>\n<div><a href=\"http:\/\/4.bp.blogspot.com\/-jDuzWTBnpfE\/USuiZqHZ0JI\/AAAAAAAACe8\/7e5rJy1DKZQ\/s1600\/ingeneingen.jpg\"><img loading=\"lazy\" decoding=\"async\" border=\"0\" height=\"58\" src=\"http:\/\/4.bp.blogspot.com\/-jDuzWTBnpfE\/USuiZqHZ0JI\/AAAAAAAACe8\/7e5rJy1DKZQ\/s400\/ingeneingen.jpg\" width=\"400\"><\/a><\/div>\n<div><\/div>\n<div><\/div>\n<div><\/div>\n<div>Och visst k\u00e4nner man igen den h\u00e4r k\u00e4nslan?<\/div>\n<div><a href=\"http:\/\/1.bp.blogspot.com\/-jvFCvDuur4U\/USuia34_u7I\/AAAAAAAACfc\/NIkLwpx5ir4\/s1600\/livetkort.jpg\"><img loading=\"lazy\" decoding=\"async\" border=\"0\" height=\"56\" src=\"http:\/\/1.bp.blogspot.com\/-jvFCvDuur4U\/USuia34_u7I\/AAAAAAAACfc\/NIkLwpx5ir4\/s400\/livetkort.jpg\" width=\"400\"><\/a><\/div>\n<\/p>\n<div>De fromma:<\/div>\n<div><\/div>\n<div>F\u00f6rst ett bibell\u00e4sningsr\u00e5d, be om ledning.<\/div>\n<div><a href=\"http:\/\/4.bp.blogspot.com\/-E_zlUVKVG0Y\/USuiX10hi1I\/AAAAAAAACeU\/VAUsgU06Z68\/s1600\/fo%CC%88rsta%CC%8Abibeln.jpg\"><img loading=\"lazy\" decoding=\"async\" border=\"0\" height=\"67\" src=\"http:\/\/4.bp.blogspot.com\/-E_zlUVKVG0Y\/USuiX10hi1I\/AAAAAAAACeU\/VAUsgU06Z68\/s400\/fo%CC%88rsta%CC%8Abibeln.jpg\" width=\"400\"><\/a><\/div>\n<div><\/div>\n<div><\/div>\n<div>Och Gud \u00e4r r\u00e4ttvis men&#8230;<\/div>\n<div><a href=\"http:\/\/2.bp.blogspot.com\/-H4O1JwxfrrU\/USuiYV91rqI\/AAAAAAAACek\/ZbUpwcHhK6A\/s1600\/gudbetalarla%CC%8Angsamt.jpg\"><img loading=\"lazy\" decoding=\"async\" border=\"0\" height=\"56\" src=\"http:\/\/2.bp.blogspot.com\/-H4O1JwxfrrU\/USuiYV91rqI\/AAAAAAAACek\/ZbUpwcHhK6A\/s400\/gudbetalarla%CC%8Angsamt.jpg\" width=\"400\"><\/a><\/div>\n<div><\/div>\n<div><\/div>\n<div>H\u00e4r \u00e4r ett grymt bra r\u00e5d! Tvivla ocks\u00e5 p\u00e5 dina tvivel!<\/div>\n<div><a href=\"http:\/\/3.bp.blogspot.com\/-ytB2QImuSXs\/USuiYzDu6eI\/AAAAAAAACes\/l-6BGFoC_Wc\/s1600\/hanteratvivel.jpg\"><img loading=\"lazy\" decoding=\"async\" border=\"0\" height=\"65\" src=\"http:\/\/3.bp.blogspot.com\/-ytB2QImuSXs\/USuiYzDu6eI\/AAAAAAAACes\/l-6BGFoC_Wc\/s400\/hanteratvivel.jpg\" width=\"400\"><\/a><\/div>\n<div><\/div>\n<div>Och p\u00e5 pricken!<\/div>\n<div><a href=\"http:\/\/3.bp.blogspot.com\/-seXqwDVvrqM\/USuiZNb4pBI\/AAAAAAAACe0\/XcDYp4jKRzY\/s1600\/gudsfel.jpg\"><img loading=\"lazy\" decoding=\"async\" border=\"0\" height=\"63\" src=\"http:\/\/3.bp.blogspot.com\/-seXqwDVvrqM\/USuiZNb4pBI\/AAAAAAAACe0\/XcDYp4jKRzY\/s400\/gudsfel.jpg\" width=\"400\"><\/a><\/div>\n<div><a href=\"http:\/\/3.bp.blogspot.com\/-ge2k1kP3GvM\/USuiZxs4qvI\/AAAAAAAACfE\/nojECbh2IqY\/s1600\/jesusskamsinte.jpg\"><img loading=\"lazy\" decoding=\"async\" border=\"0\" height=\"55\" src=\"http:\/\/3.bp.blogspot.com\/-ge2k1kP3GvM\/USuiZxs4qvI\/AAAAAAAACfE\/nojECbh2IqY\/s400\/jesusskamsinte.jpg\" width=\"400\"><\/a><\/div>\n<div>\u00a0Att lida och \u00e4lska h\u00f6r ihop, b\u00e5de f\u00f6r Gud och oss m\u00e4nniskor?<\/div>\n<div><a href=\"http:\/\/2.bp.blogspot.com\/-6pIIEyKAqKI\/USuia8nUdsI\/AAAAAAAACfg\/6MvIch3Yu8A\/s1600\/lidandegud.jpg\"><img loading=\"lazy\" decoding=\"async\" border=\"0\" height=\"71\" src=\"http:\/\/2.bp.blogspot.com\/-6pIIEyKAqKI\/USuia8nUdsI\/AAAAAAAACfg\/6MvIch3Yu8A\/s400\/lidandegud.jpg\" width=\"400\"><\/a><\/div>\n<div><\/div>\n<\/p>\n<div><a href=\"http:\/\/4.bp.blogspot.com\/-PBMhaHDgAVk\/USuibRfFzOI\/AAAAAAAACfw\/wrLraY_vk-4\/s1600\/sjalvbild.jpg\"><img loading=\"lazy\" decoding=\"async\" border=\"0\" height=\"55\" src=\"http:\/\/4.bp.blogspot.com\/-PBMhaHDgAVk\/USuibRfFzOI\/AAAAAAAACfw\/wrLraY_vk-4\/s400\/sjalvbild.jpg\" width=\"400\"><\/a><\/div>\n<div><\/div>\n<div><\/div>\n<div>Och vare sig ni scrollade direkt hit eller l\u00e4ste allt ovan&#8230;<\/div>\n<div><\/div>\n<div>De roliga:<\/div>\n<\/p>\n<div><a href=\"http:\/\/1.bp.blogspot.com\/-NMVINzFIDpM\/USuiV0SWH8I\/AAAAAAAACdo\/vdM0GFQEKqA\/s1600\/bokba%CC%8Al.jpg\"><img loading=\"lazy\" decoding=\"async\" border=\"0\" height=\"70\" src=\"http:\/\/1.bp.blogspot.com\/-NMVINzFIDpM\/USuiV0SWH8I\/AAAAAAAACdo\/vdM0GFQEKqA\/s400\/bokba%CC%8Al.jpg\" width=\"400\"><\/a><\/div>\n<div><a href=\"http:\/\/3.bp.blogspot.com\/-XtX9MAHxzGQ\/USuiXBMiYII\/AAAAAAAACd8\/5R7aix7y8sI\/s1600\/constantine.jpg\"><img loading=\"lazy\" decoding=\"async\" border=\"0\" height=\"68\" src=\"http:\/\/3.bp.blogspot.com\/-XtX9MAHxzGQ\/USuiXBMiYII\/AAAAAAAACd8\/5R7aix7y8sI\/s400\/constantine.jpg\" width=\"400\"><\/a><\/div>\n<div>(Det \u00e4r allts\u00e5 namnen p\u00e5 kejsar Konstantins tre s\u00f6ner, \u00e4r det f\u00f6r sent att byta namn p\u00e5 dottern till Tomasina?)<\/div>\n<\/p>\n<div><a href=\"http:\/\/3.bp.blogspot.com\/-JggLrL8Koyo\/USuibt5omlI\/AAAAAAAACf4\/92SPBuVsj3Y\/s1600\/socialtmedium.jpg\"><img loading=\"lazy\" decoding=\"async\" border=\"0\" height=\"71\" src=\"http:\/\/3.bp.blogspot.com\/-JggLrL8Koyo\/USuibt5omlI\/AAAAAAAACf4\/92SPBuVsj3Y\/s400\/socialtmedium.jpg\" width=\"400\"><\/a><\/div>\n<div><\/div>\n<div><a href=\"http:\/\/3.bp.blogspot.com\/-7TFu_fH6WXc\/USuib6rGTjI\/AAAAAAAACf8\/ZISVB2ufnQk\/s1600\/storskapare.jpg\"><img loading=\"lazy\" decoding=\"async\" border=\"0\" height=\"61\" src=\"http:\/\/3.bp.blogspot.com\/-7TFu_fH6WXc\/USuib6rGTjI\/AAAAAAAACf8\/ZISVB2ufnQk\/s400\/storskapare.jpg\" width=\"400\"><\/a><\/div>\n<div><\/div>\n<div><\/div>\n<div>Och veckans b\u00e4sta! Tycker iallafall jag som lever med alla bl\u00f6jbyten. Stor komik!<\/div>\n<div><\/div>\n<div><\/div>\n<div><a href=\"http:\/\/4.bp.blogspot.com\/-EuYC-1sfV8Q\/USuiUxDGrAI\/AAAAAAAACdU\/WVTBNvcfXdA\/s1600\/blojskoj.jpg\"><img loading=\"lazy\" decoding=\"async\" border=\"0\" height=\"85\" src=\"http:\/\/4.bp.blogspot.com\/-EuYC-1sfV8Q\/USuiUxDGrAI\/AAAAAAAACdU\/WVTBNvcfXdA\/s400\/blojskoj.jpg\" width=\"400\"><\/a><\/div><\/p>\n","protected":false},"excerpt":{"rendered":"<p>S\u00e5 var det dags f\u00f6r \u00e4nnu en upplaga av veckans b\u00e4sta tweets. Lite klokt, lite fromt och lite skojigt. Detta \u00e4r de jag tyckt kvalar till en andra chans f\u00f6r uppm\u00e4rksamhet av dig och mig: De kloka: \u00c4ntligen ett bra svar p\u00e5 &#8221;hur \u00e4r l\u00e4get&#8221;! Och visst k\u00e4nner man igen den h\u00e4r k\u00e4nslan? De fromma: [&hellip;]<\/p>\n","protected":false},"author":392,"featured_media":0,"comment_status":"open","ping_status":"open","sticky":false,"template":"","format":"standard","meta":{"_acf_changed":false,"footnotes":""},"categories":[76766],"tags":[],"class_list":["post-698","post","type-post","status-publish","format-standard","hentry","category-blandat"],"acf":[],"yoast_head":"<!-- This site is optimized with the Yoast SEO plugin v27.1.1 - https:\/\/yoast.com\/product\/yoast-seo-wordpress\/ -->\n<title>Veckans favorittweets - Vandra V\u00e4gen<\/title>\n<meta name=\"robots\" content=\"index, follow, max-snippet:-1, max-image-preview:large, max-video-preview:-1\" \/>\n<link rel=\"canonical\" href=\"https:\/\/blogg.svenskakyrkan.se\/vandravagen\/2013\/02\/26\/veckans-favorittweets-7\/\" \/>\n<meta property=\"og:locale\" content=\"sv_SE\" \/>\n<meta property=\"og:type\" content=\"article\" \/>\n<meta property=\"og:title\" content=\"Veckans favorittweets - Vandra V\u00e4gen\" \/>\n<meta property=\"og:description\" content=\"S\u00e5 var det dags f\u00f6r \u00e4nnu en upplaga av veckans b\u00e4sta tweets. Lite klokt, lite fromt och lite skojigt. Detta \u00e4r de jag tyckt kvalar till en andra chans f\u00f6r uppm\u00e4rksamhet av dig och mig: De kloka: \u00c4ntligen ett bra svar p\u00e5 &#8221;hur \u00e4r l\u00e4get&#8221;! Och visst k\u00e4nner man igen den h\u00e4r k\u00e4nslan? De fromma: [&hellip;]\" \/>\n<meta property=\"og:url\" content=\"https:\/\/blogg.svenskakyrkan.se\/vandravagen\/2013\/02\/26\/veckans-favorittweets-7\/\" \/>\n<meta property=\"og:site_name\" content=\"Vandra V\u00e4gen\" \/>\n<meta property=\"article:publisher\" content=\"http:\/\/facebook.com\/vandravagen\" \/>\n<meta property=\"article:published_time\" content=\"2013-02-26T09:01:00+00:00\" \/>\n<meta property=\"og:image\" content=\"http:\/\/1.bp.blogspot.com\/-Gps7ovmwJ2k\/USuiVNdhJ9I\/AAAAAAAACdY\/QA3aZ3laMg8\/s400\/bastard.jpg\" \/>\n<meta name=\"author\" content=\"Tomas Jarvid\" \/>\n<meta name=\"twitter:card\" content=\"summary_large_image\" \/>\n<meta name=\"twitter:creator\" content=\"@fadertomas\" \/>\n<meta name=\"twitter:site\" content=\"@fadertomas\" \/>\n<meta name=\"twitter:label1\" content=\"Skriven av\" \/>\n\t<meta name=\"twitter:data1\" content=\"Tomas Jarvid\" \/>\n\t<meta name=\"twitter:label2\" content=\"Ber\u00e4knad l\u00e4stid\" \/>\n\t<meta name=\"twitter:data2\" content=\"1 minut\" \/>\n<script type=\"application\/ld+json\" class=\"yoast-schema-graph\">{\"@context\":\"https:\/\/schema.org\",\"@graph\":[{\"@type\":\"Article\",\"@id\":\"https:\/\/blogg.svenskakyrkan.se\/vandravagen\/2013\/02\/26\/veckans-favorittweets-7\/#article\",\"isPartOf\":{\"@id\":\"https:\/\/blogg.svenskakyrkan.se\/vandravagen\/2013\/02\/26\/veckans-favorittweets-7\/\"},\"author\":{\"name\":\"Tomas Jarvid\",\"@id\":\"https:\/\/blogg.svenskakyrkan.se\/vandravagen\/#\/schema\/person\/25da02d4f76b137d04291711e2c9fc16\"},\"headline\":\"Veckans favorittweets\",\"datePublished\":\"2013-02-26T09:01:00+00:00\",\"mainEntityOfPage\":{\"@id\":\"https:\/\/blogg.svenskakyrkan.se\/vandravagen\/2013\/02\/26\/veckans-favorittweets-7\/\"},\"wordCount\":163,\"commentCount\":0,\"publisher\":{\"@id\":\"https:\/\/blogg.svenskakyrkan.se\/vandravagen\/#organization\"},\"image\":{\"@id\":\"https:\/\/blogg.svenskakyrkan.se\/vandravagen\/2013\/02\/26\/veckans-favorittweets-7\/#primaryimage\"},\"thumbnailUrl\":\"http:\/\/1.bp.blogspot.com\/-Gps7ovmwJ2k\/USuiVNdhJ9I\/AAAAAAAACdY\/QA3aZ3laMg8\/s400\/bastard.jpg\",\"articleSection\":[\"blandat\"],\"inLanguage\":\"sv-SE\",\"potentialAction\":[{\"@type\":\"CommentAction\",\"name\":\"Comment\",\"target\":[\"https:\/\/blogg.svenskakyrkan.se\/vandravagen\/2013\/02\/26\/veckans-favorittweets-7\/#respond\"]}]},{\"@type\":\"WebPage\",\"@id\":\"https:\/\/blogg.svenskakyrkan.se\/vandravagen\/2013\/02\/26\/veckans-favorittweets-7\/\",\"url\":\"https:\/\/blogg.svenskakyrkan.se\/vandravagen\/2013\/02\/26\/veckans-favorittweets-7\/\",\"name\":\"Veckans favorittweets - Vandra V\u00e4gen\",\"isPartOf\":{\"@id\":\"https:\/\/blogg.svenskakyrkan.se\/vandravagen\/#website\"},\"primaryImageOfPage\":{\"@id\":\"https:\/\/blogg.svenskakyrkan.se\/vandravagen\/2013\/02\/26\/veckans-favorittweets-7\/#primaryimage\"},\"image\":{\"@id\":\"https:\/\/blogg.svenskakyrkan.se\/vandravagen\/2013\/02\/26\/veckans-favorittweets-7\/#primaryimage\"},\"thumbnailUrl\":\"http:\/\/1.bp.blogspot.com\/-Gps7ovmwJ2k\/USuiVNdhJ9I\/AAAAAAAACdY\/QA3aZ3laMg8\/s400\/bastard.jpg\",\"datePublished\":\"2013-02-26T09:01:00+00:00\",\"breadcrumb\":{\"@id\":\"https:\/\/blogg.svenskakyrkan.se\/vandravagen\/2013\/02\/26\/veckans-favorittweets-7\/#breadcrumb\"},\"inLanguage\":\"sv-SE\",\"potentialAction\":[{\"@type\":\"ReadAction\",\"target\":[\"https:\/\/blogg.svenskakyrkan.se\/vandravagen\/2013\/02\/26\/veckans-favorittweets-7\/\"]}]},{\"@type\":\"ImageObject\",\"inLanguage\":\"sv-SE\",\"@id\":\"https:\/\/blogg.svenskakyrkan.se\/vandravagen\/2013\/02\/26\/veckans-favorittweets-7\/#primaryimage\",\"url\":\"http:\/\/1.bp.blogspot.com\/-Gps7ovmwJ2k\/USuiVNdhJ9I\/AAAAAAAACdY\/QA3aZ3laMg8\/s400\/bastard.jpg\",\"contentUrl\":\"http:\/\/1.bp.blogspot.com\/-Gps7ovmwJ2k\/USuiVNdhJ9I\/AAAAAAAACdY\/QA3aZ3laMg8\/s400\/bastard.jpg\"},{\"@type\":\"BreadcrumbList\",\"@id\":\"https:\/\/blogg.svenskakyrkan.se\/vandravagen\/2013\/02\/26\/veckans-favorittweets-7\/#breadcrumb\",\"itemListElement\":[{\"@type\":\"ListItem\",\"position\":1,\"name\":\"Hem\",\"item\":\"https:\/\/blogg.svenskakyrkan.se\/vandravagen\/\"},{\"@type\":\"ListItem\",\"position\":2,\"name\":\"Veckans favorittweets\"}]},{\"@type\":\"WebSite\",\"@id\":\"https:\/\/blogg.svenskakyrkan.se\/vandravagen\/#website\",\"url\":\"https:\/\/blogg.svenskakyrkan.se\/vandravagen\/\",\"name\":\"Vandra V\u00e4gen\",\"description\":\"-Mot en tro f\u00f6r hela livet\",\"publisher\":{\"@id\":\"https:\/\/blogg.svenskakyrkan.se\/vandravagen\/#organization\"},\"potentialAction\":[{\"@type\":\"SearchAction\",\"target\":{\"@type\":\"EntryPoint\",\"urlTemplate\":\"https:\/\/blogg.svenskakyrkan.se\/vandravagen\/?s={search_term_string}\"},\"query-input\":{\"@type\":\"PropertyValueSpecification\",\"valueRequired\":true,\"valueName\":\"search_term_string\"}}],\"inLanguage\":\"sv-SE\"},{\"@type\":\"Organization\",\"@id\":\"https:\/\/blogg.svenskakyrkan.se\/vandravagen\/#organization\",\"name\":\"ulricehamns pastorat\",\"alternateName\":\"ulricehamns pastorat\",\"url\":\"https:\/\/blogg.svenskakyrkan.se\/vandravagen\/\",\"logo\":{\"@type\":\"ImageObject\",\"inLanguage\":\"sv-SE\",\"@id\":\"https:\/\/blogg.svenskakyrkan.se\/vandravagen\/#\/schema\/logo\/image\/\",\"url\":\"https:\/\/blogg.svenskakyrkan.se\/vandravagen\/files\/2023\/05\/Ulr_logo_RGB.png\",\"contentUrl\":\"https:\/\/blogg.svenskakyrkan.se\/vandravagen\/files\/2023\/05\/Ulr_logo_RGB.png\",\"width\":205,\"height\":77,\"caption\":\"ulricehamns pastorat\"},\"image\":{\"@id\":\"https:\/\/blogg.svenskakyrkan.se\/vandravagen\/#\/schema\/logo\/image\/\"},\"sameAs\":[\"http:\/\/facebook.com\/vandravagen\",\"https:\/\/x.com\/fadertomas\",\"http:\/\/www.facebook.com\/svenskakyrkaniulricehamn\"]},{\"@type\":\"Person\",\"@id\":\"https:\/\/blogg.svenskakyrkan.se\/vandravagen\/#\/schema\/person\/25da02d4f76b137d04291711e2c9fc16\",\"name\":\"Tomas Jarvid\",\"image\":{\"@type\":\"ImageObject\",\"inLanguage\":\"sv-SE\",\"@id\":\"https:\/\/blogg.svenskakyrkan.se\/vandravagen\/#\/schema\/person\/image\/\",\"url\":\"https:\/\/secure.gravatar.com\/avatar\/7fa71899795e8f540f615a1f5ab25255dc27aa40f05ee7ddd21aac521e01bf50?s=96&d=identicon&r=g\",\"contentUrl\":\"https:\/\/secure.gravatar.com\/avatar\/7fa71899795e8f540f615a1f5ab25255dc27aa40f05ee7ddd21aac521e01bf50?s=96&d=identicon&r=g\",\"caption\":\"Tomas Jarvid\"},\"description\":\"Jag bor i Ulricehamn i V\u00e4sterg\u00f6tland och \u00e4r f\u00f6rsamlingspr\u00e4st i Svenska Kyrkan f\u00f6r Dalstorps f\u00f6rsamling i Kinds pastorat. P\u00e5 den h\u00e4r bloggen skriver jag ner tankar om vandringen som kristen.\",\"sameAs\":[\"http:\/\/www.vandravagen.se\"],\"url\":\"https:\/\/blogg.svenskakyrkan.se\/vandravagen\/author\/vandravagen\/\"}]}<\/script>\n<!-- \/ Yoast SEO plugin. -->","yoast_head_json":{"title":"Veckans favorittweets - Vandra V\u00e4gen","robots":{"index":"index","follow":"follow","max-snippet":"max-snippet:-1","max-image-preview":"max-image-preview:large","max-video-preview":"max-video-preview:-1"},"canonical":"https:\/\/blogg.svenskakyrkan.se\/vandravagen\/2013\/02\/26\/veckans-favorittweets-7\/","og_locale":"sv_SE","og_type":"article","og_title":"Veckans favorittweets - Vandra V\u00e4gen","og_description":"S\u00e5 var det dags f\u00f6r \u00e4nnu en upplaga av veckans b\u00e4sta tweets. Lite klokt, lite fromt och lite skojigt. Detta \u00e4r de jag tyckt kvalar till en andra chans f\u00f6r uppm\u00e4rksamhet av dig och mig: De kloka: \u00c4ntligen ett bra svar p\u00e5 &#8221;hur \u00e4r l\u00e4get&#8221;! Och visst k\u00e4nner man igen den h\u00e4r k\u00e4nslan? De fromma: [&hellip;]","og_url":"https:\/\/blogg.svenskakyrkan.se\/vandravagen\/2013\/02\/26\/veckans-favorittweets-7\/","og_site_name":"Vandra V\u00e4gen","article_publisher":"http:\/\/facebook.com\/vandravagen","article_published_time":"2013-02-26T09:01:00+00:00","og_image":[{"url":"http:\/\/1.bp.blogspot.com\/-Gps7ovmwJ2k\/USuiVNdhJ9I\/AAAAAAAACdY\/QA3aZ3laMg8\/s400\/bastard.jpg","type":"","width":"","height":""}],"author":"Tomas Jarvid","twitter_card":"summary_large_image","twitter_creator":"@fadertomas","twitter_site":"@fadertomas","twitter_misc":{"Skriven av":"Tomas Jarvid","Ber\u00e4knad l\u00e4stid":"1 minut"},"schema":{"@context":"https:\/\/schema.org","@graph":[{"@type":"Article","@id":"https:\/\/blogg.svenskakyrkan.se\/vandravagen\/2013\/02\/26\/veckans-favorittweets-7\/#article","isPartOf":{"@id":"https:\/\/blogg.svenskakyrkan.se\/vandravagen\/2013\/02\/26\/veckans-favorittweets-7\/"},"author":{"name":"Tomas Jarvid","@id":"https:\/\/blogg.svenskakyrkan.se\/vandravagen\/#\/schema\/person\/25da02d4f76b137d04291711e2c9fc16"},"headline":"Veckans favorittweets","datePublished":"2013-02-26T09:01:00+00:00","mainEntityOfPage":{"@id":"https:\/\/blogg.svenskakyrkan.se\/vandravagen\/2013\/02\/26\/veckans-favorittweets-7\/"},"wordCount":163,"commentCount":0,"publisher":{"@id":"https:\/\/blogg.svenskakyrkan.se\/vandravagen\/#organization"},"image":{"@id":"https:\/\/blogg.svenskakyrkan.se\/vandravagen\/2013\/02\/26\/veckans-favorittweets-7\/#primaryimage"},"thumbnailUrl":"http:\/\/1.bp.blogspot.com\/-Gps7ovmwJ2k\/USuiVNdhJ9I\/AAAAAAAACdY\/QA3aZ3laMg8\/s400\/bastard.jpg","articleSection":["blandat"],"inLanguage":"sv-SE","potentialAction":[{"@type":"CommentAction","name":"Comment","target":["https:\/\/blogg.svenskakyrkan.se\/vandravagen\/2013\/02\/26\/veckans-favorittweets-7\/#respond"]}]},{"@type":"WebPage","@id":"https:\/\/blogg.svenskakyrkan.se\/vandravagen\/2013\/02\/26\/veckans-favorittweets-7\/","url":"https:\/\/blogg.svenskakyrkan.se\/vandravagen\/2013\/02\/26\/veckans-favorittweets-7\/","name":"Veckans favorittweets - Vandra V\u00e4gen","isPartOf":{"@id":"https:\/\/blogg.svenskakyrkan.se\/vandravagen\/#website"},"primaryImageOfPage":{"@id":"https:\/\/blogg.svenskakyrkan.se\/vandravagen\/2013\/02\/26\/veckans-favorittweets-7\/#primaryimage"},"image":{"@id":"https:\/\/blogg.svenskakyrkan.se\/vandravagen\/2013\/02\/26\/veckans-favorittweets-7\/#primaryimage"},"thumbnailUrl":"http:\/\/1.bp.blogspot.com\/-Gps7ovmwJ2k\/USuiVNdhJ9I\/AAAAAAAACdY\/QA3aZ3laMg8\/s400\/bastard.jpg","datePublished":"2013-02-26T09:01:00+00:00","breadcrumb":{"@id":"https:\/\/blogg.svenskakyrkan.se\/vandravagen\/2013\/02\/26\/veckans-favorittweets-7\/#breadcrumb"},"inLanguage":"sv-SE","potentialAction":[{"@type":"ReadAction","target":["https:\/\/blogg.svenskakyrkan.se\/vandravagen\/2013\/02\/26\/veckans-favorittweets-7\/"]}]},{"@type":"ImageObject","inLanguage":"sv-SE","@id":"https:\/\/blogg.svenskakyrkan.se\/vandravagen\/2013\/02\/26\/veckans-favorittweets-7\/#primaryimage","url":"http:\/\/1.bp.blogspot.com\/-Gps7ovmwJ2k\/USuiVNdhJ9I\/AAAAAAAACdY\/QA3aZ3laMg8\/s400\/bastard.jpg","contentUrl":"http:\/\/1.bp.blogspot.com\/-Gps7ovmwJ2k\/USuiVNdhJ9I\/AAAAAAAACdY\/QA3aZ3laMg8\/s400\/bastard.jpg"},{"@type":"BreadcrumbList","@id":"https:\/\/blogg.svenskakyrkan.se\/vandravagen\/2013\/02\/26\/veckans-favorittweets-7\/#breadcrumb","itemListElement":[{"@type":"ListItem","position":1,"name":"Hem","item":"https:\/\/blogg.svenskakyrkan.se\/vandravagen\/"},{"@type":"ListItem","position":2,"name":"Veckans favorittweets"}]},{"@type":"WebSite","@id":"https:\/\/blogg.svenskakyrkan.se\/vandravagen\/#website","url":"https:\/\/blogg.svenskakyrkan.se\/vandravagen\/","name":"Vandra V\u00e4gen","description":"-Mot en tro f\u00f6r hela livet","publisher":{"@id":"https:\/\/blogg.svenskakyrkan.se\/vandravagen\/#organization"},"potentialAction":[{"@type":"SearchAction","target":{"@type":"EntryPoint","urlTemplate":"https:\/\/blogg.svenskakyrkan.se\/vandravagen\/?s={search_term_string}"},"query-input":{"@type":"PropertyValueSpecification","valueRequired":true,"valueName":"search_term_string"}}],"inLanguage":"sv-SE"},{"@type":"Organization","@id":"https:\/\/blogg.svenskakyrkan.se\/vandravagen\/#organization","name":"ulricehamns pastorat","alternateName":"ulricehamns pastorat","url":"https:\/\/blogg.svenskakyrkan.se\/vandravagen\/","logo":{"@type":"ImageObject","inLanguage":"sv-SE","@id":"https:\/\/blogg.svenskakyrkan.se\/vandravagen\/#\/schema\/logo\/image\/","url":"https:\/\/blogg.svenskakyrkan.se\/vandravagen\/files\/2023\/05\/Ulr_logo_RGB.png","contentUrl":"https:\/\/blogg.svenskakyrkan.se\/vandravagen\/files\/2023\/05\/Ulr_logo_RGB.png","width":205,"height":77,"caption":"ulricehamns pastorat"},"image":{"@id":"https:\/\/blogg.svenskakyrkan.se\/vandravagen\/#\/schema\/logo\/image\/"},"sameAs":["http:\/\/facebook.com\/vandravagen","https:\/\/x.com\/fadertomas","http:\/\/www.facebook.com\/svenskakyrkaniulricehamn"]},{"@type":"Person","@id":"https:\/\/blogg.svenskakyrkan.se\/vandravagen\/#\/schema\/person\/25da02d4f76b137d04291711e2c9fc16","name":"Tomas Jarvid","image":{"@type":"ImageObject","inLanguage":"sv-SE","@id":"https:\/\/blogg.svenskakyrkan.se\/vandravagen\/#\/schema\/person\/image\/","url":"https:\/\/secure.gravatar.com\/avatar\/7fa71899795e8f540f615a1f5ab25255dc27aa40f05ee7ddd21aac521e01bf50?s=96&d=identicon&r=g","contentUrl":"https:\/\/secure.gravatar.com\/avatar\/7fa71899795e8f540f615a1f5ab25255dc27aa40f05ee7ddd21aac521e01bf50?s=96&d=identicon&r=g","caption":"Tomas Jarvid"},"description":"Jag bor i Ulricehamn i V\u00e4sterg\u00f6tland och \u00e4r f\u00f6rsamlingspr\u00e4st i Svenska Kyrkan f\u00f6r Dalstorps f\u00f6rsamling i Kinds pastorat. P\u00e5 den h\u00e4r bloggen skriver jag ner tankar om vandringen som kristen.","sameAs":["http:\/\/www.vandravagen.se"],"url":"https:\/\/blogg.svenskakyrkan.se\/vandravagen\/author\/vandravagen\/"}]}},"author_meta":{"ID":"392","user_nicename":"vandravagen","user_url":"http:\/\/www.vandravagen.se","user_registered":"2014-05-19 05:44:52","display_name":"Tomas Jarvid","first_name":"Tomas","last_name":"Jarvid","avatar":"https:\/\/secure.gravatar.com\/avatar\/7fa71899795e8f540f615a1f5ab25255dc27aa40f05ee7ddd21aac521e01bf50?s=96&d=identicon&r=g"},"featured_image":false,"bloginfo":{"name":"Vandra V\u00e4gen","url":"https:\/\/blogg.svenskakyrkan.se\/vandravagen"},"_links":{"self":[{"href":"https:\/\/blogg.svenskakyrkan.se\/vandravagen\/wp-json\/wp\/v2\/posts\/698","targetHints":{"allow":["GET"]}}],"collection":[{"href":"https:\/\/blogg.svenskakyrkan.se\/vandravagen\/wp-json\/wp\/v2\/posts"}],"about":[{"href":"https:\/\/blogg.svenskakyrkan.se\/vandravagen\/wp-json\/wp\/v2\/types\/post"}],"author":[{"embeddable":true,"href":"https:\/\/blogg.svenskakyrkan.se\/vandravagen\/wp-json\/wp\/v2\/users\/392"}],"replies":[{"embeddable":true,"href":"https:\/\/blogg.svenskakyrkan.se\/vandravagen\/wp-json\/wp\/v2\/comments?post=698"}],"version-history":[{"count":0,"href":"https:\/\/blogg.svenskakyrkan.se\/vandravagen\/wp-json\/wp\/v2\/posts\/698\/revisions"}],"wp:attachment":[{"href":"https:\/\/blogg.svenskakyrkan.se\/vandravagen\/wp-json\/wp\/v2\/media?parent=698"}],"wp:term":[{"taxonomy":"category","embeddable":true,"href":"https:\/\/blogg.svenskakyrkan.se\/vandravagen\/wp-json\/wp\/v2\/categories?post=698"},{"taxonomy":"post_tag","embeddable":true,"href":"https:\/\/blogg.svenskakyrkan.se\/vandravagen\/wp-json\/wp\/v2\/tags?post=698"}],"curies":[{"name":"wp","href":"https:\/\/api.w.org\/{rel}","templated":true}]}}