{"id":6990,"date":"2019-02-20T07:00:29","date_gmt":"2019-02-20T06:00:29","guid":{"rendered":"http:\/\/blogg.svenskakyrkan.se\/vandravagen\/?p=6990"},"modified":"2019-02-19T22:44:54","modified_gmt":"2019-02-19T21:44:54","slug":"svenska-kyrkan-efter-katastrofen","status":"publish","type":"post","link":"https:\/\/blogg.svenskakyrkan.se\/vandravagen\/2019\/02\/20\/svenska-kyrkan-efter-katastrofen\/","title":{"rendered":"Svenska kyrkan efter katastrofen"},"content":{"rendered":"<p>Jag h\u00f6rde p\u00e5 en podd d\u00e4r Kent Wisti talade om svenska kyrkans d\u00f6d. Han g\u00f6r det ibland och f\u00f6rs\u00f6ker avdramatisera det f\u00f6r ingenting best\u00e5r ju p\u00e5 det s\u00e4tt som det \u00e4r nu hur l\u00e4nge som helst.<\/p>\n<p>Jag t\u00e4nker ibland p\u00e5 hur det kan bli i framtiden. Det \u00e4r sv\u00e5rt att veta hur l\u00e5ngt in i tiden man ska t\u00e4nka d\u00e5. Jag t\u00e4nker att jag som \u00e4r f\u00f6dd 82 kan jobba p\u00e5 till ca 2050 om man t\u00e4nker p\u00e5 pensions\u00e5lder av idag.<\/p>\n<p>Just nu finns det ett v\u00e4ldigt fokus i svenska kyrkan p\u00e5 att beh\u00e5lla medlemmar och arbeta p\u00e5 byr\u00e5kratiska strukturer. Det \u00e4r inget fel i att bevara och f\u00f6rvalta men det blir ocks\u00e5 l\u00e4tt \u00e4ngsligt. Det blir farligt att st\u00f6ta sig med folk b\u00e5de vad g\u00e4ller &#8221;serviceniv\u00e5&#8221; (d\u00e5ligt ord eller hur) och p\u00e5 vad man h\u00e4vdar f\u00f6r l\u00e4ra. Hur l\u00e4get \u00e4r om 30 \u00e5r \u00e4r om\u00f6jligt att s\u00e4ga. Jag tror sj\u00e4lv inte att det kommer vara ekonomin som kommer vara problemet utan engagemanget. Kommer det finnas m\u00e4nniskor som b\u00e4r upp f\u00f6rsamlingarna och kommer det finnas gudstj\u00e4nstledare, musiker och s\u00e5 vidare?<\/p>\n<p><strong>Hur det \u00e4n blir s\u00e5 \u00e4r det faktiskt inget hot mot min tro<\/strong>. Om svenska kyrkan skulle g\u00e5 under s\u00e5 g\u00e4ller det \u00e4nd\u00e5 inte Kristi kyrka i v\u00e4rlden. Jesus s\u00e4ger ju s\u00e5 h\u00e4r till Petrus:<\/p>\n<blockquote>\n<p>&#8221;Och jag s\u00e4ger dig att du \u00e4r Petrus, Klippan, och p\u00e5 den klippan skall jag bygga min kyrka, och <strong class=\"match\">d\u00f6dsrikets<\/strong> portar skall aldrig f\u00e5 makt \u00f6ver den.&#8221;(Matt 16:18)<\/p>\n<\/blockquote>\n<p>D\u00e4r syftar han p\u00e5 att d\u00f6dsriket inte f\u00f6rm\u00e5dde h\u00e5lla honom sj\u00e4lv f\u00e5ngen utan han uppstod p\u00e5 den tredje dagen med nytt liv. S\u00e5 \u00e4r det alltid p\u00e5 ett eller annat s\u00e4tt med Kristi kyrka ocks\u00e5 tror jag.<\/p>\n<p>Jag f\u00f6r min del kommer forts\u00e4tta att be och predika och leda m\u00e4ssa och d\u00f6pa och det kommer inte g\u00e5 s\u00e4mre f\u00f6r att vi kanske har f\u00e4rre byggnader eller f\u00e4rre medlemmar. Tron kommer att leva vidare, det \u00e4r det som betyder n\u00e5got.<\/p>\n<p>Det som \u00e4r v\u00e4rt att s\u00f6rja \u00e4r f\u00f6rst\u00e5s i f\u00f6rsta hand den m\u00e5n tron och kunskapen om den kristna tron f\u00f6rsvinner ur m\u00e4nniskors hj\u00e4rtan och liv. Att m\u00f6jligheter g\u00e5r till spillo. Just nu har vi p\u00e5 m\u00e5nga s\u00e4tt den b\u00e4sta kyrka vi kan hoppas p\u00e5 vad g\u00e4ller resurser och ett rimligt f\u00f6rh\u00e5llande mellan inflytande men inte makt \u00f6ver m\u00e4nniskors privatliv som det tidigare varit. M\u00e5 vi anv\u00e4nda de m\u00f6jligheter vi \u00e4nnu har ist\u00e4llet f\u00f6r att ge upp i f\u00f6rv\u00e4g.<\/p>\n<p>N\u00e4r jag t\u00e4nker p\u00e5 den d\u00e4r kyrkan \u00e5r 2050 s\u00e5 g\u00f6r jag faktiskt det v\u00e4ldigt hoppfullt. S\u00e4kert v\u00e4ntar mycket sm\u00e4rta innan dess och mycket kan g\u00e5 f\u00f6rlorat men det ska ocks\u00e5 bli v\u00e4ldigt sp\u00e4nnande om vi f\u00e5r se hur det g\u00e5r med allt.<\/p>\n<p>Det h\u00e4r var bara l\u00f6sa tankar egentligen. F\u00f6r att p\u00e5minna mig och kanske dig om &#8221;Gud \u00e4r Gud om alle land l\u00e5g \u00f6de&#8221; eller vad det heter. S\u00e4kert g\u00e4ller det h\u00e4r ocks\u00e5 f\u00f6r mina syskon i andra samfund vars situation kanske \u00e4r mer lik \u00e4n olik egentligen?<\/p>\n<p>Jag har skrivit tidigare om &#8221;<a href=\"https:\/\/blogg.svenskakyrkan.se\/vandravagen\/2018\/11\/28\/den-sorjande-kyrkan\/\">den s\u00f6rjande kyrkan<\/a>&#8221; och en dikt om att &#8221;<a href=\"https:\/\/blogg.svenskakyrkan.se\/vandravagen\/2018\/06\/08\/jag-ar-med-och-begraver-kyrkan\/\">jag \u00e4r med och begraver kyrkan<\/a>&#8221;, det h\u00e4r \u00e4r tydligen n\u00e5got jag \u00e5terv\u00e4nder till i tankarna ibland. Lika bra det, det talas nog f\u00f6r lite om framtiden. Jag tror det \u00e4r fyllt med alltf\u00f6r mycket hoppl\u00f6shet f\u00f6r alltf\u00f6r m\u00e5nga.<\/p>\n<p>Vad tror du sj\u00e4lv om kyrkan 2050? Skriv en kommentar och ber\u00e4tta!<\/p>\n<p>&nbsp;<\/p>\n<p>&nbsp;<\/p>\n<p>&nbsp;<\/p>\n","protected":false},"excerpt":{"rendered":"<p>Jag h\u00f6rde p\u00e5 en podd d\u00e4r Kent Wisti talade om svenska kyrkans d\u00f6d. Han g\u00f6r det ibland och f\u00f6rs\u00f6ker avdramatisera det f\u00f6r ingenting best\u00e5r ju p\u00e5 det s\u00e4tt som det \u00e4r nu hur l\u00e4nge som helst. Jag t\u00e4nker ibland p\u00e5 hur det kan bli i framtiden. Det \u00e4r sv\u00e5rt att veta hur l\u00e5ngt in i [&hellip;]<\/p>\n","protected":false},"author":392,"featured_media":6991,"comment_status":"open","ping_status":"open","sticky":false,"template":"","format":"standard","meta":{"_acf_changed":false,"footnotes":""},"categories":[33574],"tags":[],"class_list":["post-6990","post","type-post","status-publish","format-standard","has-post-thumbnail","hentry","category-kyrkan"],"acf":[],"yoast_head":"<!-- This site is optimized with the Yoast SEO plugin v27.1.1 - https:\/\/yoast.com\/product\/yoast-seo-wordpress\/ -->\n<title>Svenska kyrkan efter katastrofen - Vandra V\u00e4gen<\/title>\n<meta name=\"robots\" content=\"index, follow, max-snippet:-1, max-image-preview:large, max-video-preview:-1\" \/>\n<link rel=\"canonical\" href=\"https:\/\/blogg.svenskakyrkan.se\/vandravagen\/2019\/02\/20\/svenska-kyrkan-efter-katastrofen\/\" \/>\n<meta property=\"og:locale\" content=\"sv_SE\" \/>\n<meta property=\"og:type\" content=\"article\" \/>\n<meta property=\"og:title\" content=\"Svenska kyrkan efter katastrofen - Vandra V\u00e4gen\" \/>\n<meta property=\"og:description\" content=\"Jag h\u00f6rde p\u00e5 en podd d\u00e4r Kent Wisti talade om svenska kyrkans d\u00f6d. Han g\u00f6r det ibland och f\u00f6rs\u00f6ker avdramatisera det f\u00f6r ingenting best\u00e5r ju p\u00e5 det s\u00e4tt som det \u00e4r nu hur l\u00e4nge som helst. Jag t\u00e4nker ibland p\u00e5 hur det kan bli i framtiden. Det \u00e4r sv\u00e5rt att veta hur l\u00e5ngt in i [&hellip;]\" \/>\n<meta property=\"og:url\" content=\"https:\/\/blogg.svenskakyrkan.se\/vandravagen\/2019\/02\/20\/svenska-kyrkan-efter-katastrofen\/\" \/>\n<meta property=\"og:site_name\" content=\"Vandra V\u00e4gen\" \/>\n<meta property=\"article:publisher\" content=\"http:\/\/facebook.com\/vandravagen\" \/>\n<meta property=\"article:published_time\" content=\"2019-02-20T06:00:29+00:00\" \/>\n<meta name=\"author\" content=\"Tomas Jarvid\" \/>\n<meta name=\"twitter:card\" content=\"summary_large_image\" \/>\n<meta name=\"twitter:creator\" content=\"@fadertomas\" \/>\n<meta name=\"twitter:site\" content=\"@fadertomas\" \/>\n<meta name=\"twitter:label1\" content=\"Skriven av\" \/>\n\t<meta name=\"twitter:data1\" content=\"Tomas Jarvid\" \/>\n\t<meta name=\"twitter:label2\" content=\"Ber\u00e4knad l\u00e4stid\" \/>\n\t<meta name=\"twitter:data2\" content=\"3 minuter\" \/>\n<script type=\"application\/ld+json\" class=\"yoast-schema-graph\">{\"@context\":\"https:\/\/schema.org\",\"@graph\":[{\"@type\":\"Article\",\"@id\":\"https:\/\/blogg.svenskakyrkan.se\/vandravagen\/2019\/02\/20\/svenska-kyrkan-efter-katastrofen\/#article\",\"isPartOf\":{\"@id\":\"https:\/\/blogg.svenskakyrkan.se\/vandravagen\/2019\/02\/20\/svenska-kyrkan-efter-katastrofen\/\"},\"author\":{\"name\":\"Tomas Jarvid\",\"@id\":\"https:\/\/blogg.svenskakyrkan.se\/vandravagen\/#\/schema\/person\/25da02d4f76b137d04291711e2c9fc16\"},\"headline\":\"Svenska kyrkan efter katastrofen\",\"datePublished\":\"2019-02-20T06:00:29+00:00\",\"mainEntityOfPage\":{\"@id\":\"https:\/\/blogg.svenskakyrkan.se\/vandravagen\/2019\/02\/20\/svenska-kyrkan-efter-katastrofen\/\"},\"wordCount\":676,\"commentCount\":2,\"publisher\":{\"@id\":\"https:\/\/blogg.svenskakyrkan.se\/vandravagen\/#organization\"},\"image\":{\"@id\":\"https:\/\/blogg.svenskakyrkan.se\/vandravagen\/2019\/02\/20\/svenska-kyrkan-efter-katastrofen\/#primaryimage\"},\"thumbnailUrl\":\"https:\/\/blogg.svenskakyrkan.se\/vandravagen\/files\/2019\/02\/IMG_6647.jpg\",\"articleSection\":[\"kyrkan\"],\"inLanguage\":\"sv-SE\",\"potentialAction\":[{\"@type\":\"CommentAction\",\"name\":\"Comment\",\"target\":[\"https:\/\/blogg.svenskakyrkan.se\/vandravagen\/2019\/02\/20\/svenska-kyrkan-efter-katastrofen\/#respond\"]}]},{\"@type\":\"WebPage\",\"@id\":\"https:\/\/blogg.svenskakyrkan.se\/vandravagen\/2019\/02\/20\/svenska-kyrkan-efter-katastrofen\/\",\"url\":\"https:\/\/blogg.svenskakyrkan.se\/vandravagen\/2019\/02\/20\/svenska-kyrkan-efter-katastrofen\/\",\"name\":\"Svenska kyrkan efter katastrofen - Vandra V\u00e4gen\",\"isPartOf\":{\"@id\":\"https:\/\/blogg.svenskakyrkan.se\/vandravagen\/#website\"},\"primaryImageOfPage\":{\"@id\":\"https:\/\/blogg.svenskakyrkan.se\/vandravagen\/2019\/02\/20\/svenska-kyrkan-efter-katastrofen\/#primaryimage\"},\"image\":{\"@id\":\"https:\/\/blogg.svenskakyrkan.se\/vandravagen\/2019\/02\/20\/svenska-kyrkan-efter-katastrofen\/#primaryimage\"},\"thumbnailUrl\":\"https:\/\/blogg.svenskakyrkan.se\/vandravagen\/files\/2019\/02\/IMG_6647.jpg\",\"datePublished\":\"2019-02-20T06:00:29+00:00\",\"breadcrumb\":{\"@id\":\"https:\/\/blogg.svenskakyrkan.se\/vandravagen\/2019\/02\/20\/svenska-kyrkan-efter-katastrofen\/#breadcrumb\"},\"inLanguage\":\"sv-SE\",\"potentialAction\":[{\"@type\":\"ReadAction\",\"target\":[\"https:\/\/blogg.svenskakyrkan.se\/vandravagen\/2019\/02\/20\/svenska-kyrkan-efter-katastrofen\/\"]}]},{\"@type\":\"ImageObject\",\"inLanguage\":\"sv-SE\",\"@id\":\"https:\/\/blogg.svenskakyrkan.se\/vandravagen\/2019\/02\/20\/svenska-kyrkan-efter-katastrofen\/#primaryimage\",\"url\":\"https:\/\/blogg.svenskakyrkan.se\/vandravagen\/files\/2019\/02\/IMG_6647.jpg\",\"contentUrl\":\"https:\/\/blogg.svenskakyrkan.se\/vandravagen\/files\/2019\/02\/IMG_6647.jpg\",\"width\":1149,\"height\":1024,\"caption\":\"En liten, liten kyrka vid ett k\u00f6ksbord i Emmaus. S\u00e5na h\u00e4r kyrkor kommer alltid att finnas.\"},{\"@type\":\"BreadcrumbList\",\"@id\":\"https:\/\/blogg.svenskakyrkan.se\/vandravagen\/2019\/02\/20\/svenska-kyrkan-efter-katastrofen\/#breadcrumb\",\"itemListElement\":[{\"@type\":\"ListItem\",\"position\":1,\"name\":\"Hem\",\"item\":\"https:\/\/blogg.svenskakyrkan.se\/vandravagen\/\"},{\"@type\":\"ListItem\",\"position\":2,\"name\":\"Svenska kyrkan efter katastrofen\"}]},{\"@type\":\"WebSite\",\"@id\":\"https:\/\/blogg.svenskakyrkan.se\/vandravagen\/#website\",\"url\":\"https:\/\/blogg.svenskakyrkan.se\/vandravagen\/\",\"name\":\"Vandra V\u00e4gen\",\"description\":\"-Mot en tro f\u00f6r hela livet\",\"publisher\":{\"@id\":\"https:\/\/blogg.svenskakyrkan.se\/vandravagen\/#organization\"},\"potentialAction\":[{\"@type\":\"SearchAction\",\"target\":{\"@type\":\"EntryPoint\",\"urlTemplate\":\"https:\/\/blogg.svenskakyrkan.se\/vandravagen\/?s={search_term_string}\"},\"query-input\":{\"@type\":\"PropertyValueSpecification\",\"valueRequired\":true,\"valueName\":\"search_term_string\"}}],\"inLanguage\":\"sv-SE\"},{\"@type\":\"Organization\",\"@id\":\"https:\/\/blogg.svenskakyrkan.se\/vandravagen\/#organization\",\"name\":\"ulricehamns pastorat\",\"alternateName\":\"ulricehamns pastorat\",\"url\":\"https:\/\/blogg.svenskakyrkan.se\/vandravagen\/\",\"logo\":{\"@type\":\"ImageObject\",\"inLanguage\":\"sv-SE\",\"@id\":\"https:\/\/blogg.svenskakyrkan.se\/vandravagen\/#\/schema\/logo\/image\/\",\"url\":\"https:\/\/blogg.svenskakyrkan.se\/vandravagen\/files\/2023\/05\/Ulr_logo_RGB.png\",\"contentUrl\":\"https:\/\/blogg.svenskakyrkan.se\/vandravagen\/files\/2023\/05\/Ulr_logo_RGB.png\",\"width\":205,\"height\":77,\"caption\":\"ulricehamns pastorat\"},\"image\":{\"@id\":\"https:\/\/blogg.svenskakyrkan.se\/vandravagen\/#\/schema\/logo\/image\/\"},\"sameAs\":[\"http:\/\/facebook.com\/vandravagen\",\"https:\/\/x.com\/fadertomas\",\"http:\/\/www.facebook.com\/svenskakyrkaniulricehamn\"]},{\"@type\":\"Person\",\"@id\":\"https:\/\/blogg.svenskakyrkan.se\/vandravagen\/#\/schema\/person\/25da02d4f76b137d04291711e2c9fc16\",\"name\":\"Tomas Jarvid\",\"image\":{\"@type\":\"ImageObject\",\"inLanguage\":\"sv-SE\",\"@id\":\"https:\/\/blogg.svenskakyrkan.se\/vandravagen\/#\/schema\/person\/image\/\",\"url\":\"https:\/\/secure.gravatar.com\/avatar\/7fa71899795e8f540f615a1f5ab25255dc27aa40f05ee7ddd21aac521e01bf50?s=96&d=identicon&r=g\",\"contentUrl\":\"https:\/\/secure.gravatar.com\/avatar\/7fa71899795e8f540f615a1f5ab25255dc27aa40f05ee7ddd21aac521e01bf50?s=96&d=identicon&r=g\",\"caption\":\"Tomas Jarvid\"},\"description\":\"Jag bor i Ulricehamn i V\u00e4sterg\u00f6tland och \u00e4r f\u00f6rsamlingspr\u00e4st i Svenska Kyrkan f\u00f6r Dalstorps f\u00f6rsamling i Kinds pastorat. P\u00e5 den h\u00e4r bloggen skriver jag ner tankar om vandringen som kristen.\",\"sameAs\":[\"http:\/\/www.vandravagen.se\"],\"url\":\"https:\/\/blogg.svenskakyrkan.se\/vandravagen\/author\/vandravagen\/\"}]}<\/script>\n<!-- \/ Yoast SEO plugin. -->","yoast_head_json":{"title":"Svenska kyrkan efter katastrofen - Vandra V\u00e4gen","robots":{"index":"index","follow":"follow","max-snippet":"max-snippet:-1","max-image-preview":"max-image-preview:large","max-video-preview":"max-video-preview:-1"},"canonical":"https:\/\/blogg.svenskakyrkan.se\/vandravagen\/2019\/02\/20\/svenska-kyrkan-efter-katastrofen\/","og_locale":"sv_SE","og_type":"article","og_title":"Svenska kyrkan efter katastrofen - Vandra V\u00e4gen","og_description":"Jag h\u00f6rde p\u00e5 en podd d\u00e4r Kent Wisti talade om svenska kyrkans d\u00f6d. Han g\u00f6r det ibland och f\u00f6rs\u00f6ker avdramatisera det f\u00f6r ingenting best\u00e5r ju p\u00e5 det s\u00e4tt som det \u00e4r nu hur l\u00e4nge som helst. Jag t\u00e4nker ibland p\u00e5 hur det kan bli i framtiden. Det \u00e4r sv\u00e5rt att veta hur l\u00e5ngt in i [&hellip;]","og_url":"https:\/\/blogg.svenskakyrkan.se\/vandravagen\/2019\/02\/20\/svenska-kyrkan-efter-katastrofen\/","og_site_name":"Vandra V\u00e4gen","article_publisher":"http:\/\/facebook.com\/vandravagen","article_published_time":"2019-02-20T06:00:29+00:00","author":"Tomas Jarvid","twitter_card":"summary_large_image","twitter_creator":"@fadertomas","twitter_site":"@fadertomas","twitter_misc":{"Skriven av":"Tomas Jarvid","Ber\u00e4knad l\u00e4stid":"3 minuter"},"schema":{"@context":"https:\/\/schema.org","@graph":[{"@type":"Article","@id":"https:\/\/blogg.svenskakyrkan.se\/vandravagen\/2019\/02\/20\/svenska-kyrkan-efter-katastrofen\/#article","isPartOf":{"@id":"https:\/\/blogg.svenskakyrkan.se\/vandravagen\/2019\/02\/20\/svenska-kyrkan-efter-katastrofen\/"},"author":{"name":"Tomas Jarvid","@id":"https:\/\/blogg.svenskakyrkan.se\/vandravagen\/#\/schema\/person\/25da02d4f76b137d04291711e2c9fc16"},"headline":"Svenska kyrkan efter katastrofen","datePublished":"2019-02-20T06:00:29+00:00","mainEntityOfPage":{"@id":"https:\/\/blogg.svenskakyrkan.se\/vandravagen\/2019\/02\/20\/svenska-kyrkan-efter-katastrofen\/"},"wordCount":676,"commentCount":2,"publisher":{"@id":"https:\/\/blogg.svenskakyrkan.se\/vandravagen\/#organization"},"image":{"@id":"https:\/\/blogg.svenskakyrkan.se\/vandravagen\/2019\/02\/20\/svenska-kyrkan-efter-katastrofen\/#primaryimage"},"thumbnailUrl":"https:\/\/blogg.svenskakyrkan.se\/vandravagen\/files\/2019\/02\/IMG_6647.jpg","articleSection":["kyrkan"],"inLanguage":"sv-SE","potentialAction":[{"@type":"CommentAction","name":"Comment","target":["https:\/\/blogg.svenskakyrkan.se\/vandravagen\/2019\/02\/20\/svenska-kyrkan-efter-katastrofen\/#respond"]}]},{"@type":"WebPage","@id":"https:\/\/blogg.svenskakyrkan.se\/vandravagen\/2019\/02\/20\/svenska-kyrkan-efter-katastrofen\/","url":"https:\/\/blogg.svenskakyrkan.se\/vandravagen\/2019\/02\/20\/svenska-kyrkan-efter-katastrofen\/","name":"Svenska kyrkan efter katastrofen - Vandra V\u00e4gen","isPartOf":{"@id":"https:\/\/blogg.svenskakyrkan.se\/vandravagen\/#website"},"primaryImageOfPage":{"@id":"https:\/\/blogg.svenskakyrkan.se\/vandravagen\/2019\/02\/20\/svenska-kyrkan-efter-katastrofen\/#primaryimage"},"image":{"@id":"https:\/\/blogg.svenskakyrkan.se\/vandravagen\/2019\/02\/20\/svenska-kyrkan-efter-katastrofen\/#primaryimage"},"thumbnailUrl":"https:\/\/blogg.svenskakyrkan.se\/vandravagen\/files\/2019\/02\/IMG_6647.jpg","datePublished":"2019-02-20T06:00:29+00:00","breadcrumb":{"@id":"https:\/\/blogg.svenskakyrkan.se\/vandravagen\/2019\/02\/20\/svenska-kyrkan-efter-katastrofen\/#breadcrumb"},"inLanguage":"sv-SE","potentialAction":[{"@type":"ReadAction","target":["https:\/\/blogg.svenskakyrkan.se\/vandravagen\/2019\/02\/20\/svenska-kyrkan-efter-katastrofen\/"]}]},{"@type":"ImageObject","inLanguage":"sv-SE","@id":"https:\/\/blogg.svenskakyrkan.se\/vandravagen\/2019\/02\/20\/svenska-kyrkan-efter-katastrofen\/#primaryimage","url":"https:\/\/blogg.svenskakyrkan.se\/vandravagen\/files\/2019\/02\/IMG_6647.jpg","contentUrl":"https:\/\/blogg.svenskakyrkan.se\/vandravagen\/files\/2019\/02\/IMG_6647.jpg","width":1149,"height":1024,"caption":"En liten, liten kyrka vid ett k\u00f6ksbord i Emmaus. S\u00e5na h\u00e4r kyrkor kommer alltid att finnas."},{"@type":"BreadcrumbList","@id":"https:\/\/blogg.svenskakyrkan.se\/vandravagen\/2019\/02\/20\/svenska-kyrkan-efter-katastrofen\/#breadcrumb","itemListElement":[{"@type":"ListItem","position":1,"name":"Hem","item":"https:\/\/blogg.svenskakyrkan.se\/vandravagen\/"},{"@type":"ListItem","position":2,"name":"Svenska kyrkan efter katastrofen"}]},{"@type":"WebSite","@id":"https:\/\/blogg.svenskakyrkan.se\/vandravagen\/#website","url":"https:\/\/blogg.svenskakyrkan.se\/vandravagen\/","name":"Vandra V\u00e4gen","description":"-Mot en tro f\u00f6r hela livet","publisher":{"@id":"https:\/\/blogg.svenskakyrkan.se\/vandravagen\/#organization"},"potentialAction":[{"@type":"SearchAction","target":{"@type":"EntryPoint","urlTemplate":"https:\/\/blogg.svenskakyrkan.se\/vandravagen\/?s={search_term_string}"},"query-input":{"@type":"PropertyValueSpecification","valueRequired":true,"valueName":"search_term_string"}}],"inLanguage":"sv-SE"},{"@type":"Organization","@id":"https:\/\/blogg.svenskakyrkan.se\/vandravagen\/#organization","name":"ulricehamns pastorat","alternateName":"ulricehamns pastorat","url":"https:\/\/blogg.svenskakyrkan.se\/vandravagen\/","logo":{"@type":"ImageObject","inLanguage":"sv-SE","@id":"https:\/\/blogg.svenskakyrkan.se\/vandravagen\/#\/schema\/logo\/image\/","url":"https:\/\/blogg.svenskakyrkan.se\/vandravagen\/files\/2023\/05\/Ulr_logo_RGB.png","contentUrl":"https:\/\/blogg.svenskakyrkan.se\/vandravagen\/files\/2023\/05\/Ulr_logo_RGB.png","width":205,"height":77,"caption":"ulricehamns pastorat"},"image":{"@id":"https:\/\/blogg.svenskakyrkan.se\/vandravagen\/#\/schema\/logo\/image\/"},"sameAs":["http:\/\/facebook.com\/vandravagen","https:\/\/x.com\/fadertomas","http:\/\/www.facebook.com\/svenskakyrkaniulricehamn"]},{"@type":"Person","@id":"https:\/\/blogg.svenskakyrkan.se\/vandravagen\/#\/schema\/person\/25da02d4f76b137d04291711e2c9fc16","name":"Tomas Jarvid","image":{"@type":"ImageObject","inLanguage":"sv-SE","@id":"https:\/\/blogg.svenskakyrkan.se\/vandravagen\/#\/schema\/person\/image\/","url":"https:\/\/secure.gravatar.com\/avatar\/7fa71899795e8f540f615a1f5ab25255dc27aa40f05ee7ddd21aac521e01bf50?s=96&d=identicon&r=g","contentUrl":"https:\/\/secure.gravatar.com\/avatar\/7fa71899795e8f540f615a1f5ab25255dc27aa40f05ee7ddd21aac521e01bf50?s=96&d=identicon&r=g","caption":"Tomas Jarvid"},"description":"Jag bor i Ulricehamn i V\u00e4sterg\u00f6tland och \u00e4r f\u00f6rsamlingspr\u00e4st i Svenska Kyrkan f\u00f6r Dalstorps f\u00f6rsamling i Kinds pastorat. P\u00e5 den h\u00e4r bloggen skriver jag ner tankar om vandringen som kristen.","sameAs":["http:\/\/www.vandravagen.se"],"url":"https:\/\/blogg.svenskakyrkan.se\/vandravagen\/author\/vandravagen\/"}]}},"author_meta":{"ID":"392","user_nicename":"vandravagen","user_url":"http:\/\/www.vandravagen.se","user_registered":"2014-05-19 05:44:52","display_name":"Tomas Jarvid","first_name":"Tomas","last_name":"Jarvid","avatar":"https:\/\/secure.gravatar.com\/avatar\/7fa71899795e8f540f615a1f5ab25255dc27aa40f05ee7ddd21aac521e01bf50?s=96&d=identicon&r=g"},"featured_image":["https:\/\/blogg.svenskakyrkan.se\/vandravagen\/files\/2019\/02\/IMG_6647-1024x913.jpg",1024,913,true],"bloginfo":{"name":"Vandra V\u00e4gen","url":"https:\/\/blogg.svenskakyrkan.se\/vandravagen"},"_links":{"self":[{"href":"https:\/\/blogg.svenskakyrkan.se\/vandravagen\/wp-json\/wp\/v2\/posts\/6990","targetHints":{"allow":["GET"]}}],"collection":[{"href":"https:\/\/blogg.svenskakyrkan.se\/vandravagen\/wp-json\/wp\/v2\/posts"}],"about":[{"href":"https:\/\/blogg.svenskakyrkan.se\/vandravagen\/wp-json\/wp\/v2\/types\/post"}],"author":[{"embeddable":true,"href":"https:\/\/blogg.svenskakyrkan.se\/vandravagen\/wp-json\/wp\/v2\/users\/392"}],"replies":[{"embeddable":true,"href":"https:\/\/blogg.svenskakyrkan.se\/vandravagen\/wp-json\/wp\/v2\/comments?post=6990"}],"version-history":[{"count":1,"href":"https:\/\/blogg.svenskakyrkan.se\/vandravagen\/wp-json\/wp\/v2\/posts\/6990\/revisions"}],"predecessor-version":[{"id":6992,"href":"https:\/\/blogg.svenskakyrkan.se\/vandravagen\/wp-json\/wp\/v2\/posts\/6990\/revisions\/6992"}],"wp:featuredmedia":[{"embeddable":true,"href":"https:\/\/blogg.svenskakyrkan.se\/vandravagen\/wp-json\/wp\/v2\/media\/6991"}],"wp:attachment":[{"href":"https:\/\/blogg.svenskakyrkan.se\/vandravagen\/wp-json\/wp\/v2\/media?parent=6990"}],"wp:term":[{"taxonomy":"category","embeddable":true,"href":"https:\/\/blogg.svenskakyrkan.se\/vandravagen\/wp-json\/wp\/v2\/categories?post=6990"},{"taxonomy":"post_tag","embeddable":true,"href":"https:\/\/blogg.svenskakyrkan.se\/vandravagen\/wp-json\/wp\/v2\/tags?post=6990"}],"curies":[{"name":"wp","href":"https:\/\/api.w.org\/{rel}","templated":true}]}}