{"id":70,"date":"2014-04-20T07:00:00","date_gmt":"2014-04-20T05:00:00","guid":{"rendered":"http:\/\/blogg.svenskakyrkan.se\/vandravagen\/2014\/04\/20\/stor-uppstandelse\/"},"modified":"2014-04-20T07:00:00","modified_gmt":"2014-04-20T05:00:00","slug":"stor-uppstandelse","status":"publish","type":"post","link":"https:\/\/blogg.svenskakyrkan.se\/vandravagen\/2014\/04\/20\/stor-uppstandelse\/","title":{"rendered":"Stor uppst\u00e5ndelse!"},"content":{"rendered":"<div><a href=\"http:\/\/1.bp.blogspot.com\/-RgY7WYNAK5I\/U1LThR3Dd8I\/AAAAAAAAHWU\/xtPfdYzhlv4\/s1600\/IMG_3063.JPG\"><img loading=\"lazy\" decoding=\"async\" border=\"0\" src=\"http:\/\/1.bp.blogspot.com\/-RgY7WYNAK5I\/U1LThR3Dd8I\/AAAAAAAAHWU\/xtPfdYzhlv4\/s1600\/IMG_3063.JPG\" height=\"640\" width=\"426\"><\/a><\/div>\n<div><\/div>\n<div>Vandra V\u00e4gen (jag allts\u00e5, men jag har ju alltid varit svag f\u00f6r att uttrycka mig s\u00e5d\u00e4r) \u00f6nskar dig en glad p\u00e5sk!\u00a0<\/div>\n<div><\/div>\n<div>I natt har miljoner och \u00e5ter miljoner firat Kristi uppst\u00e5ndelse. I dag forts\u00e4tter firandet! F\u00f6r min del har jag firat p\u00e5sknatten i Husaby och nu v\u00e4ntar en h\u00e4rlig gudstj\u00e4nst i Ledsj\u00f6. Jag hinner\/orkar inte skriva mycket i mitt nuvarande tillst\u00e5nd (tr\u00f6tt men glad) men det tar jag igen med tiden. Det kommer forts\u00e4tta vara p\u00e5sk p\u00e5 bloggen och i kyrko\u00e5ret ett bra tag fram\u00f6ver.<\/div>\n<div><\/div>\n<div>Om Kristus har uppst\u00e5tt \u00e4r inget om\u00f6jligt och vi lever v\u00e5ra liv i Guds h\u00e4nder. Kristus <i>har<\/i> uppst\u00e5tt!<\/div><\/p>\n","protected":false},"excerpt":{"rendered":"<p>Vandra V\u00e4gen (jag allts\u00e5, men jag har ju alltid varit svag f\u00f6r att uttrycka mig s\u00e5d\u00e4r) \u00f6nskar dig en glad p\u00e5sk!\u00a0 I natt har miljoner och \u00e5ter miljoner firat Kristi uppst\u00e5ndelse. I dag forts\u00e4tter firandet! F\u00f6r min del har jag firat p\u00e5sknatten i Husaby och nu v\u00e4ntar en h\u00e4rlig gudstj\u00e4nst i Ledsj\u00f6. Jag hinner\/orkar inte [&hellip;]<\/p>\n","protected":false},"author":392,"featured_media":0,"comment_status":"open","ping_status":"open","sticky":false,"template":"","format":"standard","meta":{"_acf_changed":false,"footnotes":""},"categories":[76189,8252],"tags":[],"class_list":["post-70","post","type-post","status-publish","format-standard","hentry","category-dagens-kyrka","category-kyrkoaret"],"acf":[],"yoast_head":"<!-- This site is optimized with the Yoast SEO plugin v27.1.1 - https:\/\/yoast.com\/product\/yoast-seo-wordpress\/ -->\n<title>Stor uppst\u00e5ndelse! - Vandra V\u00e4gen<\/title>\n<meta name=\"robots\" content=\"index, follow, max-snippet:-1, max-image-preview:large, max-video-preview:-1\" \/>\n<link rel=\"canonical\" href=\"https:\/\/blogg.svenskakyrkan.se\/vandravagen\/2014\/04\/20\/stor-uppstandelse\/\" \/>\n<meta property=\"og:locale\" content=\"sv_SE\" \/>\n<meta property=\"og:type\" content=\"article\" \/>\n<meta property=\"og:title\" content=\"Stor uppst\u00e5ndelse! - Vandra V\u00e4gen\" \/>\n<meta property=\"og:description\" content=\"Vandra V\u00e4gen (jag allts\u00e5, men jag har ju alltid varit svag f\u00f6r att uttrycka mig s\u00e5d\u00e4r) \u00f6nskar dig en glad p\u00e5sk!\u00a0 I natt har miljoner och \u00e5ter miljoner firat Kristi uppst\u00e5ndelse. I dag forts\u00e4tter firandet! F\u00f6r min del har jag firat p\u00e5sknatten i Husaby och nu v\u00e4ntar en h\u00e4rlig gudstj\u00e4nst i Ledsj\u00f6. Jag hinner\/orkar inte [&hellip;]\" \/>\n<meta property=\"og:url\" content=\"https:\/\/blogg.svenskakyrkan.se\/vandravagen\/2014\/04\/20\/stor-uppstandelse\/\" \/>\n<meta property=\"og:site_name\" content=\"Vandra V\u00e4gen\" \/>\n<meta property=\"article:publisher\" content=\"http:\/\/facebook.com\/vandravagen\" \/>\n<meta property=\"article:published_time\" content=\"2014-04-20T05:00:00+00:00\" \/>\n<meta property=\"og:image\" content=\"http:\/\/1.bp.blogspot.com\/-RgY7WYNAK5I\/U1LThR3Dd8I\/AAAAAAAAHWU\/xtPfdYzhlv4\/s1600\/IMG_3063.JPG\" \/>\n<meta name=\"author\" content=\"Tomas Jarvid\" \/>\n<meta name=\"twitter:card\" content=\"summary_large_image\" \/>\n<meta name=\"twitter:creator\" content=\"@fadertomas\" \/>\n<meta name=\"twitter:site\" content=\"@fadertomas\" \/>\n<meta name=\"twitter:label1\" content=\"Skriven av\" \/>\n\t<meta name=\"twitter:data1\" content=\"Tomas Jarvid\" \/>\n\t<meta name=\"twitter:label2\" content=\"Ber\u00e4knad l\u00e4stid\" \/>\n\t<meta name=\"twitter:data2\" content=\"1 minut\" \/>\n<script type=\"application\/ld+json\" class=\"yoast-schema-graph\">{\"@context\":\"https:\/\/schema.org\",\"@graph\":[{\"@type\":\"Article\",\"@id\":\"https:\/\/blogg.svenskakyrkan.se\/vandravagen\/2014\/04\/20\/stor-uppstandelse\/#article\",\"isPartOf\":{\"@id\":\"https:\/\/blogg.svenskakyrkan.se\/vandravagen\/2014\/04\/20\/stor-uppstandelse\/\"},\"author\":{\"name\":\"Tomas Jarvid\",\"@id\":\"https:\/\/blogg.svenskakyrkan.se\/vandravagen\/#\/schema\/person\/25da02d4f76b137d04291711e2c9fc16\"},\"headline\":\"Stor uppst\u00e5ndelse!\",\"datePublished\":\"2014-04-20T05:00:00+00:00\",\"mainEntityOfPage\":{\"@id\":\"https:\/\/blogg.svenskakyrkan.se\/vandravagen\/2014\/04\/20\/stor-uppstandelse\/\"},\"wordCount\":130,\"commentCount\":4,\"publisher\":{\"@id\":\"https:\/\/blogg.svenskakyrkan.se\/vandravagen\/#organization\"},\"image\":{\"@id\":\"https:\/\/blogg.svenskakyrkan.se\/vandravagen\/2014\/04\/20\/stor-uppstandelse\/#primaryimage\"},\"thumbnailUrl\":\"http:\/\/1.bp.blogspot.com\/-RgY7WYNAK5I\/U1LThR3Dd8I\/AAAAAAAAHWU\/xtPfdYzhlv4\/s1600\/IMG_3063.JPG\",\"articleSection\":[\"Dagens Kyrka\",\"kyrko\u00e5ret\"],\"inLanguage\":\"sv-SE\",\"potentialAction\":[{\"@type\":\"CommentAction\",\"name\":\"Comment\",\"target\":[\"https:\/\/blogg.svenskakyrkan.se\/vandravagen\/2014\/04\/20\/stor-uppstandelse\/#respond\"]}]},{\"@type\":\"WebPage\",\"@id\":\"https:\/\/blogg.svenskakyrkan.se\/vandravagen\/2014\/04\/20\/stor-uppstandelse\/\",\"url\":\"https:\/\/blogg.svenskakyrkan.se\/vandravagen\/2014\/04\/20\/stor-uppstandelse\/\",\"name\":\"Stor uppst\u00e5ndelse! - Vandra V\u00e4gen\",\"isPartOf\":{\"@id\":\"https:\/\/blogg.svenskakyrkan.se\/vandravagen\/#website\"},\"primaryImageOfPage\":{\"@id\":\"https:\/\/blogg.svenskakyrkan.se\/vandravagen\/2014\/04\/20\/stor-uppstandelse\/#primaryimage\"},\"image\":{\"@id\":\"https:\/\/blogg.svenskakyrkan.se\/vandravagen\/2014\/04\/20\/stor-uppstandelse\/#primaryimage\"},\"thumbnailUrl\":\"http:\/\/1.bp.blogspot.com\/-RgY7WYNAK5I\/U1LThR3Dd8I\/AAAAAAAAHWU\/xtPfdYzhlv4\/s1600\/IMG_3063.JPG\",\"datePublished\":\"2014-04-20T05:00:00+00:00\",\"breadcrumb\":{\"@id\":\"https:\/\/blogg.svenskakyrkan.se\/vandravagen\/2014\/04\/20\/stor-uppstandelse\/#breadcrumb\"},\"inLanguage\":\"sv-SE\",\"potentialAction\":[{\"@type\":\"ReadAction\",\"target\":[\"https:\/\/blogg.svenskakyrkan.se\/vandravagen\/2014\/04\/20\/stor-uppstandelse\/\"]}]},{\"@type\":\"ImageObject\",\"inLanguage\":\"sv-SE\",\"@id\":\"https:\/\/blogg.svenskakyrkan.se\/vandravagen\/2014\/04\/20\/stor-uppstandelse\/#primaryimage\",\"url\":\"http:\/\/1.bp.blogspot.com\/-RgY7WYNAK5I\/U1LThR3Dd8I\/AAAAAAAAHWU\/xtPfdYzhlv4\/s1600\/IMG_3063.JPG\",\"contentUrl\":\"http:\/\/1.bp.blogspot.com\/-RgY7WYNAK5I\/U1LThR3Dd8I\/AAAAAAAAHWU\/xtPfdYzhlv4\/s1600\/IMG_3063.JPG\"},{\"@type\":\"BreadcrumbList\",\"@id\":\"https:\/\/blogg.svenskakyrkan.se\/vandravagen\/2014\/04\/20\/stor-uppstandelse\/#breadcrumb\",\"itemListElement\":[{\"@type\":\"ListItem\",\"position\":1,\"name\":\"Hem\",\"item\":\"https:\/\/blogg.svenskakyrkan.se\/vandravagen\/\"},{\"@type\":\"ListItem\",\"position\":2,\"name\":\"Stor uppst\u00e5ndelse!\"}]},{\"@type\":\"WebSite\",\"@id\":\"https:\/\/blogg.svenskakyrkan.se\/vandravagen\/#website\",\"url\":\"https:\/\/blogg.svenskakyrkan.se\/vandravagen\/\",\"name\":\"Vandra V\u00e4gen\",\"description\":\"-Mot en tro f\u00f6r hela livet\",\"publisher\":{\"@id\":\"https:\/\/blogg.svenskakyrkan.se\/vandravagen\/#organization\"},\"potentialAction\":[{\"@type\":\"SearchAction\",\"target\":{\"@type\":\"EntryPoint\",\"urlTemplate\":\"https:\/\/blogg.svenskakyrkan.se\/vandravagen\/?s={search_term_string}\"},\"query-input\":{\"@type\":\"PropertyValueSpecification\",\"valueRequired\":true,\"valueName\":\"search_term_string\"}}],\"inLanguage\":\"sv-SE\"},{\"@type\":\"Organization\",\"@id\":\"https:\/\/blogg.svenskakyrkan.se\/vandravagen\/#organization\",\"name\":\"ulricehamns pastorat\",\"alternateName\":\"ulricehamns pastorat\",\"url\":\"https:\/\/blogg.svenskakyrkan.se\/vandravagen\/\",\"logo\":{\"@type\":\"ImageObject\",\"inLanguage\":\"sv-SE\",\"@id\":\"https:\/\/blogg.svenskakyrkan.se\/vandravagen\/#\/schema\/logo\/image\/\",\"url\":\"https:\/\/blogg.svenskakyrkan.se\/vandravagen\/files\/2023\/05\/Ulr_logo_RGB.png\",\"contentUrl\":\"https:\/\/blogg.svenskakyrkan.se\/vandravagen\/files\/2023\/05\/Ulr_logo_RGB.png\",\"width\":205,\"height\":77,\"caption\":\"ulricehamns pastorat\"},\"image\":{\"@id\":\"https:\/\/blogg.svenskakyrkan.se\/vandravagen\/#\/schema\/logo\/image\/\"},\"sameAs\":[\"http:\/\/facebook.com\/vandravagen\",\"https:\/\/x.com\/fadertomas\",\"http:\/\/www.facebook.com\/svenskakyrkaniulricehamn\"]},{\"@type\":\"Person\",\"@id\":\"https:\/\/blogg.svenskakyrkan.se\/vandravagen\/#\/schema\/person\/25da02d4f76b137d04291711e2c9fc16\",\"name\":\"Tomas Jarvid\",\"image\":{\"@type\":\"ImageObject\",\"inLanguage\":\"sv-SE\",\"@id\":\"https:\/\/blogg.svenskakyrkan.se\/vandravagen\/#\/schema\/person\/image\/\",\"url\":\"https:\/\/secure.gravatar.com\/avatar\/7fa71899795e8f540f615a1f5ab25255dc27aa40f05ee7ddd21aac521e01bf50?s=96&d=identicon&r=g\",\"contentUrl\":\"https:\/\/secure.gravatar.com\/avatar\/7fa71899795e8f540f615a1f5ab25255dc27aa40f05ee7ddd21aac521e01bf50?s=96&d=identicon&r=g\",\"caption\":\"Tomas Jarvid\"},\"description\":\"Jag bor i Ulricehamn i V\u00e4sterg\u00f6tland och \u00e4r f\u00f6rsamlingspr\u00e4st i Svenska Kyrkan f\u00f6r Dalstorps f\u00f6rsamling i Kinds pastorat. P\u00e5 den h\u00e4r bloggen skriver jag ner tankar om vandringen som kristen.\",\"sameAs\":[\"http:\/\/www.vandravagen.se\"],\"url\":\"https:\/\/blogg.svenskakyrkan.se\/vandravagen\/author\/vandravagen\/\"}]}<\/script>\n<!-- \/ Yoast SEO plugin. -->","yoast_head_json":{"title":"Stor uppst\u00e5ndelse! - Vandra V\u00e4gen","robots":{"index":"index","follow":"follow","max-snippet":"max-snippet:-1","max-image-preview":"max-image-preview:large","max-video-preview":"max-video-preview:-1"},"canonical":"https:\/\/blogg.svenskakyrkan.se\/vandravagen\/2014\/04\/20\/stor-uppstandelse\/","og_locale":"sv_SE","og_type":"article","og_title":"Stor uppst\u00e5ndelse! - Vandra V\u00e4gen","og_description":"Vandra V\u00e4gen (jag allts\u00e5, men jag har ju alltid varit svag f\u00f6r att uttrycka mig s\u00e5d\u00e4r) \u00f6nskar dig en glad p\u00e5sk!\u00a0 I natt har miljoner och \u00e5ter miljoner firat Kristi uppst\u00e5ndelse. I dag forts\u00e4tter firandet! F\u00f6r min del har jag firat p\u00e5sknatten i Husaby och nu v\u00e4ntar en h\u00e4rlig gudstj\u00e4nst i Ledsj\u00f6. Jag hinner\/orkar inte [&hellip;]","og_url":"https:\/\/blogg.svenskakyrkan.se\/vandravagen\/2014\/04\/20\/stor-uppstandelse\/","og_site_name":"Vandra V\u00e4gen","article_publisher":"http:\/\/facebook.com\/vandravagen","article_published_time":"2014-04-20T05:00:00+00:00","og_image":[{"url":"http:\/\/1.bp.blogspot.com\/-RgY7WYNAK5I\/U1LThR3Dd8I\/AAAAAAAAHWU\/xtPfdYzhlv4\/s1600\/IMG_3063.JPG","type":"","width":"","height":""}],"author":"Tomas Jarvid","twitter_card":"summary_large_image","twitter_creator":"@fadertomas","twitter_site":"@fadertomas","twitter_misc":{"Skriven av":"Tomas Jarvid","Ber\u00e4knad l\u00e4stid":"1 minut"},"schema":{"@context":"https:\/\/schema.org","@graph":[{"@type":"Article","@id":"https:\/\/blogg.svenskakyrkan.se\/vandravagen\/2014\/04\/20\/stor-uppstandelse\/#article","isPartOf":{"@id":"https:\/\/blogg.svenskakyrkan.se\/vandravagen\/2014\/04\/20\/stor-uppstandelse\/"},"author":{"name":"Tomas Jarvid","@id":"https:\/\/blogg.svenskakyrkan.se\/vandravagen\/#\/schema\/person\/25da02d4f76b137d04291711e2c9fc16"},"headline":"Stor uppst\u00e5ndelse!","datePublished":"2014-04-20T05:00:00+00:00","mainEntityOfPage":{"@id":"https:\/\/blogg.svenskakyrkan.se\/vandravagen\/2014\/04\/20\/stor-uppstandelse\/"},"wordCount":130,"commentCount":4,"publisher":{"@id":"https:\/\/blogg.svenskakyrkan.se\/vandravagen\/#organization"},"image":{"@id":"https:\/\/blogg.svenskakyrkan.se\/vandravagen\/2014\/04\/20\/stor-uppstandelse\/#primaryimage"},"thumbnailUrl":"http:\/\/1.bp.blogspot.com\/-RgY7WYNAK5I\/U1LThR3Dd8I\/AAAAAAAAHWU\/xtPfdYzhlv4\/s1600\/IMG_3063.JPG","articleSection":["Dagens Kyrka","kyrko\u00e5ret"],"inLanguage":"sv-SE","potentialAction":[{"@type":"CommentAction","name":"Comment","target":["https:\/\/blogg.svenskakyrkan.se\/vandravagen\/2014\/04\/20\/stor-uppstandelse\/#respond"]}]},{"@type":"WebPage","@id":"https:\/\/blogg.svenskakyrkan.se\/vandravagen\/2014\/04\/20\/stor-uppstandelse\/","url":"https:\/\/blogg.svenskakyrkan.se\/vandravagen\/2014\/04\/20\/stor-uppstandelse\/","name":"Stor uppst\u00e5ndelse! - Vandra V\u00e4gen","isPartOf":{"@id":"https:\/\/blogg.svenskakyrkan.se\/vandravagen\/#website"},"primaryImageOfPage":{"@id":"https:\/\/blogg.svenskakyrkan.se\/vandravagen\/2014\/04\/20\/stor-uppstandelse\/#primaryimage"},"image":{"@id":"https:\/\/blogg.svenskakyrkan.se\/vandravagen\/2014\/04\/20\/stor-uppstandelse\/#primaryimage"},"thumbnailUrl":"http:\/\/1.bp.blogspot.com\/-RgY7WYNAK5I\/U1LThR3Dd8I\/AAAAAAAAHWU\/xtPfdYzhlv4\/s1600\/IMG_3063.JPG","datePublished":"2014-04-20T05:00:00+00:00","breadcrumb":{"@id":"https:\/\/blogg.svenskakyrkan.se\/vandravagen\/2014\/04\/20\/stor-uppstandelse\/#breadcrumb"},"inLanguage":"sv-SE","potentialAction":[{"@type":"ReadAction","target":["https:\/\/blogg.svenskakyrkan.se\/vandravagen\/2014\/04\/20\/stor-uppstandelse\/"]}]},{"@type":"ImageObject","inLanguage":"sv-SE","@id":"https:\/\/blogg.svenskakyrkan.se\/vandravagen\/2014\/04\/20\/stor-uppstandelse\/#primaryimage","url":"http:\/\/1.bp.blogspot.com\/-RgY7WYNAK5I\/U1LThR3Dd8I\/AAAAAAAAHWU\/xtPfdYzhlv4\/s1600\/IMG_3063.JPG","contentUrl":"http:\/\/1.bp.blogspot.com\/-RgY7WYNAK5I\/U1LThR3Dd8I\/AAAAAAAAHWU\/xtPfdYzhlv4\/s1600\/IMG_3063.JPG"},{"@type":"BreadcrumbList","@id":"https:\/\/blogg.svenskakyrkan.se\/vandravagen\/2014\/04\/20\/stor-uppstandelse\/#breadcrumb","itemListElement":[{"@type":"ListItem","position":1,"name":"Hem","item":"https:\/\/blogg.svenskakyrkan.se\/vandravagen\/"},{"@type":"ListItem","position":2,"name":"Stor uppst\u00e5ndelse!"}]},{"@type":"WebSite","@id":"https:\/\/blogg.svenskakyrkan.se\/vandravagen\/#website","url":"https:\/\/blogg.svenskakyrkan.se\/vandravagen\/","name":"Vandra V\u00e4gen","description":"-Mot en tro f\u00f6r hela livet","publisher":{"@id":"https:\/\/blogg.svenskakyrkan.se\/vandravagen\/#organization"},"potentialAction":[{"@type":"SearchAction","target":{"@type":"EntryPoint","urlTemplate":"https:\/\/blogg.svenskakyrkan.se\/vandravagen\/?s={search_term_string}"},"query-input":{"@type":"PropertyValueSpecification","valueRequired":true,"valueName":"search_term_string"}}],"inLanguage":"sv-SE"},{"@type":"Organization","@id":"https:\/\/blogg.svenskakyrkan.se\/vandravagen\/#organization","name":"ulricehamns pastorat","alternateName":"ulricehamns pastorat","url":"https:\/\/blogg.svenskakyrkan.se\/vandravagen\/","logo":{"@type":"ImageObject","inLanguage":"sv-SE","@id":"https:\/\/blogg.svenskakyrkan.se\/vandravagen\/#\/schema\/logo\/image\/","url":"https:\/\/blogg.svenskakyrkan.se\/vandravagen\/files\/2023\/05\/Ulr_logo_RGB.png","contentUrl":"https:\/\/blogg.svenskakyrkan.se\/vandravagen\/files\/2023\/05\/Ulr_logo_RGB.png","width":205,"height":77,"caption":"ulricehamns pastorat"},"image":{"@id":"https:\/\/blogg.svenskakyrkan.se\/vandravagen\/#\/schema\/logo\/image\/"},"sameAs":["http:\/\/facebook.com\/vandravagen","https:\/\/x.com\/fadertomas","http:\/\/www.facebook.com\/svenskakyrkaniulricehamn"]},{"@type":"Person","@id":"https:\/\/blogg.svenskakyrkan.se\/vandravagen\/#\/schema\/person\/25da02d4f76b137d04291711e2c9fc16","name":"Tomas Jarvid","image":{"@type":"ImageObject","inLanguage":"sv-SE","@id":"https:\/\/blogg.svenskakyrkan.se\/vandravagen\/#\/schema\/person\/image\/","url":"https:\/\/secure.gravatar.com\/avatar\/7fa71899795e8f540f615a1f5ab25255dc27aa40f05ee7ddd21aac521e01bf50?s=96&d=identicon&r=g","contentUrl":"https:\/\/secure.gravatar.com\/avatar\/7fa71899795e8f540f615a1f5ab25255dc27aa40f05ee7ddd21aac521e01bf50?s=96&d=identicon&r=g","caption":"Tomas Jarvid"},"description":"Jag bor i Ulricehamn i V\u00e4sterg\u00f6tland och \u00e4r f\u00f6rsamlingspr\u00e4st i Svenska Kyrkan f\u00f6r Dalstorps f\u00f6rsamling i Kinds pastorat. P\u00e5 den h\u00e4r bloggen skriver jag ner tankar om vandringen som kristen.","sameAs":["http:\/\/www.vandravagen.se"],"url":"https:\/\/blogg.svenskakyrkan.se\/vandravagen\/author\/vandravagen\/"}]}},"author_meta":{"ID":"392","user_nicename":"vandravagen","user_url":"http:\/\/www.vandravagen.se","user_registered":"2014-05-19 05:44:52","display_name":"Tomas Jarvid","first_name":"Tomas","last_name":"Jarvid","avatar":"https:\/\/secure.gravatar.com\/avatar\/7fa71899795e8f540f615a1f5ab25255dc27aa40f05ee7ddd21aac521e01bf50?s=96&d=identicon&r=g"},"featured_image":false,"bloginfo":{"name":"Vandra V\u00e4gen","url":"https:\/\/blogg.svenskakyrkan.se\/vandravagen"},"_links":{"self":[{"href":"https:\/\/blogg.svenskakyrkan.se\/vandravagen\/wp-json\/wp\/v2\/posts\/70","targetHints":{"allow":["GET"]}}],"collection":[{"href":"https:\/\/blogg.svenskakyrkan.se\/vandravagen\/wp-json\/wp\/v2\/posts"}],"about":[{"href":"https:\/\/blogg.svenskakyrkan.se\/vandravagen\/wp-json\/wp\/v2\/types\/post"}],"author":[{"embeddable":true,"href":"https:\/\/blogg.svenskakyrkan.se\/vandravagen\/wp-json\/wp\/v2\/users\/392"}],"replies":[{"embeddable":true,"href":"https:\/\/blogg.svenskakyrkan.se\/vandravagen\/wp-json\/wp\/v2\/comments?post=70"}],"version-history":[{"count":0,"href":"https:\/\/blogg.svenskakyrkan.se\/vandravagen\/wp-json\/wp\/v2\/posts\/70\/revisions"}],"wp:attachment":[{"href":"https:\/\/blogg.svenskakyrkan.se\/vandravagen\/wp-json\/wp\/v2\/media?parent=70"}],"wp:term":[{"taxonomy":"category","embeddable":true,"href":"https:\/\/blogg.svenskakyrkan.se\/vandravagen\/wp-json\/wp\/v2\/categories?post=70"},{"taxonomy":"post_tag","embeddable":true,"href":"https:\/\/blogg.svenskakyrkan.se\/vandravagen\/wp-json\/wp\/v2\/tags?post=70"}],"curies":[{"name":"wp","href":"https:\/\/api.w.org\/{rel}","templated":true}]}}