{"id":700,"date":"2013-02-23T20:03:00","date_gmt":"2013-02-23T19:03:00","guid":{"rendered":"http:\/\/blogg.svenskakyrkan.se\/vandravagen\/2013\/02\/23\/veckans-snabbgenomgang-10\/"},"modified":"2013-02-23T20:03:00","modified_gmt":"2013-02-23T19:03:00","slug":"veckans-snabbgenomgang-10","status":"publish","type":"post","link":"https:\/\/blogg.svenskakyrkan.se\/vandravagen\/2013\/02\/23\/veckans-snabbgenomgang-10\/","title":{"rendered":"Veckans snabbgenomg\u00e5ng!"},"content":{"rendered":"<div><a href=\"http:\/\/4.bp.blogspot.com\/-bdxujLDqTPc\/T1tfTM0M6PI\/AAAAAAAAAGg\/V5vUak4UBAc\/s1600\/links_iStock_000005060560XSmall.jpg\"><img loading=\"lazy\" decoding=\"async\" border=\"0\" height=\"240\" src=\"http:\/\/4.bp.blogspot.com\/-bdxujLDqTPc\/T1tfTM0M6PI\/AAAAAAAAAGg\/V5vUak4UBAc\/s320\/links_iStock_000005060560XSmall.jpg\" width=\"320\"><\/a><\/div>\n<p>S\u00e5 var det dags att sammanfatta veckans bloggposter igen. H\u00e4r \u00e4r de bloggposter det varit n\u00e5gorlunda tyngd i under veckan! I lite blandad ordning.<\/p>\n<p>1, Veckans skr\u00e4ll \u00e4r att bloggposten med filmen om <a href=\"http:\/\/vagenixp.blogspot.se\/2013\/02\/konsten-att-halla-folk-borta-fran-kyrkan.html\">konsten att h\u00e5lla folk borta fr\u00e5n kyrkan<\/a> small till och spreds vilt. S\u00e5 m\u00e5nga bes\u00f6kare p\u00e5 s\u00e5 kort tid har Vandra V\u00e4gen aldrig haft f\u00f6rut. S\u00e5 \u00e4r det ocks\u00e5 viktiga kritiska punkter v\u00e4l v\u00e4rda att fundera p\u00e5. Se filmen du med om du inte gjort det!<\/p>\n<p>2, Viss spridning fick ocks\u00e5 min <a href=\"http:\/\/vagenixp.blogspot.se\/2013\/02\/ordet-anknytning-en-riktig-ogonoppnare.html\">bloggpost om ordet anknytning<\/a>, ett ord som f\u00f6rklarar en hel del om oss m\u00e4nniskor.<\/p>\n<p>3, Sedan f\u00f6ljde jag upp och funderade lite kring hur det h\u00e4r med <a href=\"http:\/\/vagenixp.blogspot.se\/2013\/02\/anknytning-och-kristen-tro.html\">anknytning passar v\u00e4l ihop med en del tankar i den kristna tron<\/a>.<\/p>\n<p>4, Det blev ocks\u00e5 tv\u00e5 sm\u00e5 ber\u00e4ttelser om hur vi ser p\u00e5 tiden i livet. <a href=\"http:\/\/vagenixp.blogspot.se\/2013\/02\/nedrakning-till-livet-eller-till-doden.html\">Ser du n\u00e5gon g\u00e5ng p\u00e5 livet som en nedr\u00e4kning<\/a>?<\/p>\n<p>5, Serien med s\u00e5dant &#8221;alla vet&#8221; om kristen tro fick \u00e4nnu en del, denna g\u00e5ng om politik. <a href=\"http:\/\/vagenixp.blogspot.se\/2013\/02\/saker-alla-vet-om-kristen-tro-del-vii.html\">\u00c4r det givet att man \u00e4r h\u00f6ger politiskt bara f\u00f6r att man \u00e4r kristen?<\/a> M\u00e5nga tror kanske det?<\/p>\n<p>6, <a href=\"http:\/\/vagenixp.blogspot.se\/2013\/02\/grattis-st-sigfrid-local-saint.html\">Slutligen firade Vandra V\u00e4gen St Sigfrids helgondag<\/a>. Jag kan passa p\u00e5 att ber\u00e4tta att jag faktiskt ska tj\u00e4nstg\u00f6ra en del som pr\u00e4st i Husaby under v\u00e5ren s\u00e5 jag l\u00e4r v\u00e4l \u00e5terkomma med mer om Sigfrid och Brigida.<\/p><\/p>\n","protected":false},"excerpt":{"rendered":"<p>S\u00e5 var det dags att sammanfatta veckans bloggposter igen. H\u00e4r \u00e4r de bloggposter det varit n\u00e5gorlunda tyngd i under veckan! I lite blandad ordning. 1, Veckans skr\u00e4ll \u00e4r att bloggposten med filmen om konsten att h\u00e5lla folk borta fr\u00e5n kyrkan small till och spreds vilt. S\u00e5 m\u00e5nga bes\u00f6kare p\u00e5 s\u00e5 kort tid har Vandra V\u00e4gen [&hellip;]<\/p>\n","protected":false},"author":392,"featured_media":0,"comment_status":"open","ping_status":"open","sticky":false,"template":"","format":"standard","meta":{"_acf_changed":false,"footnotes":""},"categories":[76608],"tags":[],"class_list":["post-700","post","type-post","status-publish","format-standard","hentry","category-bloggen"],"acf":[],"yoast_head":"<!-- This site is optimized with the Yoast SEO plugin v27.1.1 - https:\/\/yoast.com\/product\/yoast-seo-wordpress\/ -->\n<title>Veckans snabbgenomg\u00e5ng! - Vandra V\u00e4gen<\/title>\n<meta name=\"robots\" content=\"index, follow, max-snippet:-1, max-image-preview:large, max-video-preview:-1\" \/>\n<link rel=\"canonical\" href=\"https:\/\/blogg.svenskakyrkan.se\/vandravagen\/2013\/02\/23\/veckans-snabbgenomgang-10\/\" \/>\n<meta property=\"og:locale\" content=\"sv_SE\" \/>\n<meta property=\"og:type\" content=\"article\" \/>\n<meta property=\"og:title\" content=\"Veckans snabbgenomg\u00e5ng! - Vandra V\u00e4gen\" \/>\n<meta property=\"og:description\" content=\"S\u00e5 var det dags att sammanfatta veckans bloggposter igen. H\u00e4r \u00e4r de bloggposter det varit n\u00e5gorlunda tyngd i under veckan! I lite blandad ordning. 1, Veckans skr\u00e4ll \u00e4r att bloggposten med filmen om konsten att h\u00e5lla folk borta fr\u00e5n kyrkan small till och spreds vilt. S\u00e5 m\u00e5nga bes\u00f6kare p\u00e5 s\u00e5 kort tid har Vandra V\u00e4gen [&hellip;]\" \/>\n<meta property=\"og:url\" content=\"https:\/\/blogg.svenskakyrkan.se\/vandravagen\/2013\/02\/23\/veckans-snabbgenomgang-10\/\" \/>\n<meta property=\"og:site_name\" content=\"Vandra V\u00e4gen\" \/>\n<meta property=\"article:publisher\" content=\"http:\/\/facebook.com\/vandravagen\" \/>\n<meta property=\"article:published_time\" content=\"2013-02-23T19:03:00+00:00\" \/>\n<meta property=\"og:image\" content=\"http:\/\/4.bp.blogspot.com\/-bdxujLDqTPc\/T1tfTM0M6PI\/AAAAAAAAAGg\/V5vUak4UBAc\/s320\/links_iStock_000005060560XSmall.jpg\" \/>\n<meta name=\"author\" content=\"Tomas Jarvid\" \/>\n<meta name=\"twitter:card\" content=\"summary_large_image\" \/>\n<meta name=\"twitter:creator\" content=\"@fadertomas\" \/>\n<meta name=\"twitter:site\" content=\"@fadertomas\" \/>\n<meta name=\"twitter:label1\" content=\"Skriven av\" \/>\n\t<meta name=\"twitter:data1\" content=\"Tomas Jarvid\" \/>\n\t<meta name=\"twitter:label2\" content=\"Ber\u00e4knad l\u00e4stid\" \/>\n\t<meta name=\"twitter:data2\" content=\"1 minut\" \/>\n<script type=\"application\/ld+json\" class=\"yoast-schema-graph\">{\"@context\":\"https:\/\/schema.org\",\"@graph\":[{\"@type\":\"Article\",\"@id\":\"https:\/\/blogg.svenskakyrkan.se\/vandravagen\/2013\/02\/23\/veckans-snabbgenomgang-10\/#article\",\"isPartOf\":{\"@id\":\"https:\/\/blogg.svenskakyrkan.se\/vandravagen\/2013\/02\/23\/veckans-snabbgenomgang-10\/\"},\"author\":{\"name\":\"Tomas Jarvid\",\"@id\":\"https:\/\/blogg.svenskakyrkan.se\/vandravagen\/#\/schema\/person\/25da02d4f76b137d04291711e2c9fc16\"},\"headline\":\"Veckans snabbgenomg\u00e5ng!\",\"datePublished\":\"2013-02-23T19:03:00+00:00\",\"mainEntityOfPage\":{\"@id\":\"https:\/\/blogg.svenskakyrkan.se\/vandravagen\/2013\/02\/23\/veckans-snabbgenomgang-10\/\"},\"wordCount\":251,\"commentCount\":0,\"publisher\":{\"@id\":\"https:\/\/blogg.svenskakyrkan.se\/vandravagen\/#organization\"},\"image\":{\"@id\":\"https:\/\/blogg.svenskakyrkan.se\/vandravagen\/2013\/02\/23\/veckans-snabbgenomgang-10\/#primaryimage\"},\"thumbnailUrl\":\"http:\/\/4.bp.blogspot.com\/-bdxujLDqTPc\/T1tfTM0M6PI\/AAAAAAAAAGg\/V5vUak4UBAc\/s320\/links_iStock_000005060560XSmall.jpg\",\"articleSection\":[\"bloggen\"],\"inLanguage\":\"sv-SE\",\"potentialAction\":[{\"@type\":\"CommentAction\",\"name\":\"Comment\",\"target\":[\"https:\/\/blogg.svenskakyrkan.se\/vandravagen\/2013\/02\/23\/veckans-snabbgenomgang-10\/#respond\"]}]},{\"@type\":\"WebPage\",\"@id\":\"https:\/\/blogg.svenskakyrkan.se\/vandravagen\/2013\/02\/23\/veckans-snabbgenomgang-10\/\",\"url\":\"https:\/\/blogg.svenskakyrkan.se\/vandravagen\/2013\/02\/23\/veckans-snabbgenomgang-10\/\",\"name\":\"Veckans snabbgenomg\u00e5ng! - Vandra V\u00e4gen\",\"isPartOf\":{\"@id\":\"https:\/\/blogg.svenskakyrkan.se\/vandravagen\/#website\"},\"primaryImageOfPage\":{\"@id\":\"https:\/\/blogg.svenskakyrkan.se\/vandravagen\/2013\/02\/23\/veckans-snabbgenomgang-10\/#primaryimage\"},\"image\":{\"@id\":\"https:\/\/blogg.svenskakyrkan.se\/vandravagen\/2013\/02\/23\/veckans-snabbgenomgang-10\/#primaryimage\"},\"thumbnailUrl\":\"http:\/\/4.bp.blogspot.com\/-bdxujLDqTPc\/T1tfTM0M6PI\/AAAAAAAAAGg\/V5vUak4UBAc\/s320\/links_iStock_000005060560XSmall.jpg\",\"datePublished\":\"2013-02-23T19:03:00+00:00\",\"breadcrumb\":{\"@id\":\"https:\/\/blogg.svenskakyrkan.se\/vandravagen\/2013\/02\/23\/veckans-snabbgenomgang-10\/#breadcrumb\"},\"inLanguage\":\"sv-SE\",\"potentialAction\":[{\"@type\":\"ReadAction\",\"target\":[\"https:\/\/blogg.svenskakyrkan.se\/vandravagen\/2013\/02\/23\/veckans-snabbgenomgang-10\/\"]}]},{\"@type\":\"ImageObject\",\"inLanguage\":\"sv-SE\",\"@id\":\"https:\/\/blogg.svenskakyrkan.se\/vandravagen\/2013\/02\/23\/veckans-snabbgenomgang-10\/#primaryimage\",\"url\":\"http:\/\/4.bp.blogspot.com\/-bdxujLDqTPc\/T1tfTM0M6PI\/AAAAAAAAAGg\/V5vUak4UBAc\/s320\/links_iStock_000005060560XSmall.jpg\",\"contentUrl\":\"http:\/\/4.bp.blogspot.com\/-bdxujLDqTPc\/T1tfTM0M6PI\/AAAAAAAAAGg\/V5vUak4UBAc\/s320\/links_iStock_000005060560XSmall.jpg\"},{\"@type\":\"BreadcrumbList\",\"@id\":\"https:\/\/blogg.svenskakyrkan.se\/vandravagen\/2013\/02\/23\/veckans-snabbgenomgang-10\/#breadcrumb\",\"itemListElement\":[{\"@type\":\"ListItem\",\"position\":1,\"name\":\"Hem\",\"item\":\"https:\/\/blogg.svenskakyrkan.se\/vandravagen\/\"},{\"@type\":\"ListItem\",\"position\":2,\"name\":\"Veckans snabbgenomg\u00e5ng!\"}]},{\"@type\":\"WebSite\",\"@id\":\"https:\/\/blogg.svenskakyrkan.se\/vandravagen\/#website\",\"url\":\"https:\/\/blogg.svenskakyrkan.se\/vandravagen\/\",\"name\":\"Vandra V\u00e4gen\",\"description\":\"-Mot en tro f\u00f6r hela livet\",\"publisher\":{\"@id\":\"https:\/\/blogg.svenskakyrkan.se\/vandravagen\/#organization\"},\"potentialAction\":[{\"@type\":\"SearchAction\",\"target\":{\"@type\":\"EntryPoint\",\"urlTemplate\":\"https:\/\/blogg.svenskakyrkan.se\/vandravagen\/?s={search_term_string}\"},\"query-input\":{\"@type\":\"PropertyValueSpecification\",\"valueRequired\":true,\"valueName\":\"search_term_string\"}}],\"inLanguage\":\"sv-SE\"},{\"@type\":\"Organization\",\"@id\":\"https:\/\/blogg.svenskakyrkan.se\/vandravagen\/#organization\",\"name\":\"ulricehamns pastorat\",\"alternateName\":\"ulricehamns pastorat\",\"url\":\"https:\/\/blogg.svenskakyrkan.se\/vandravagen\/\",\"logo\":{\"@type\":\"ImageObject\",\"inLanguage\":\"sv-SE\",\"@id\":\"https:\/\/blogg.svenskakyrkan.se\/vandravagen\/#\/schema\/logo\/image\/\",\"url\":\"https:\/\/blogg.svenskakyrkan.se\/vandravagen\/files\/2023\/05\/Ulr_logo_RGB.png\",\"contentUrl\":\"https:\/\/blogg.svenskakyrkan.se\/vandravagen\/files\/2023\/05\/Ulr_logo_RGB.png\",\"width\":205,\"height\":77,\"caption\":\"ulricehamns pastorat\"},\"image\":{\"@id\":\"https:\/\/blogg.svenskakyrkan.se\/vandravagen\/#\/schema\/logo\/image\/\"},\"sameAs\":[\"http:\/\/facebook.com\/vandravagen\",\"https:\/\/x.com\/fadertomas\",\"http:\/\/www.facebook.com\/svenskakyrkaniulricehamn\"]},{\"@type\":\"Person\",\"@id\":\"https:\/\/blogg.svenskakyrkan.se\/vandravagen\/#\/schema\/person\/25da02d4f76b137d04291711e2c9fc16\",\"name\":\"Tomas Jarvid\",\"image\":{\"@type\":\"ImageObject\",\"inLanguage\":\"sv-SE\",\"@id\":\"https:\/\/blogg.svenskakyrkan.se\/vandravagen\/#\/schema\/person\/image\/\",\"url\":\"https:\/\/secure.gravatar.com\/avatar\/7fa71899795e8f540f615a1f5ab25255dc27aa40f05ee7ddd21aac521e01bf50?s=96&d=identicon&r=g\",\"contentUrl\":\"https:\/\/secure.gravatar.com\/avatar\/7fa71899795e8f540f615a1f5ab25255dc27aa40f05ee7ddd21aac521e01bf50?s=96&d=identicon&r=g\",\"caption\":\"Tomas Jarvid\"},\"description\":\"Jag bor i Ulricehamn i V\u00e4sterg\u00f6tland och \u00e4r f\u00f6rsamlingspr\u00e4st i Svenska Kyrkan f\u00f6r Dalstorps f\u00f6rsamling i Kinds pastorat. P\u00e5 den h\u00e4r bloggen skriver jag ner tankar om vandringen som kristen.\",\"sameAs\":[\"http:\/\/www.vandravagen.se\"],\"url\":\"https:\/\/blogg.svenskakyrkan.se\/vandravagen\/author\/vandravagen\/\"}]}<\/script>\n<!-- \/ Yoast SEO plugin. -->","yoast_head_json":{"title":"Veckans snabbgenomg\u00e5ng! - Vandra V\u00e4gen","robots":{"index":"index","follow":"follow","max-snippet":"max-snippet:-1","max-image-preview":"max-image-preview:large","max-video-preview":"max-video-preview:-1"},"canonical":"https:\/\/blogg.svenskakyrkan.se\/vandravagen\/2013\/02\/23\/veckans-snabbgenomgang-10\/","og_locale":"sv_SE","og_type":"article","og_title":"Veckans snabbgenomg\u00e5ng! - Vandra V\u00e4gen","og_description":"S\u00e5 var det dags att sammanfatta veckans bloggposter igen. H\u00e4r \u00e4r de bloggposter det varit n\u00e5gorlunda tyngd i under veckan! I lite blandad ordning. 1, Veckans skr\u00e4ll \u00e4r att bloggposten med filmen om konsten att h\u00e5lla folk borta fr\u00e5n kyrkan small till och spreds vilt. S\u00e5 m\u00e5nga bes\u00f6kare p\u00e5 s\u00e5 kort tid har Vandra V\u00e4gen [&hellip;]","og_url":"https:\/\/blogg.svenskakyrkan.se\/vandravagen\/2013\/02\/23\/veckans-snabbgenomgang-10\/","og_site_name":"Vandra V\u00e4gen","article_publisher":"http:\/\/facebook.com\/vandravagen","article_published_time":"2013-02-23T19:03:00+00:00","og_image":[{"url":"http:\/\/4.bp.blogspot.com\/-bdxujLDqTPc\/T1tfTM0M6PI\/AAAAAAAAAGg\/V5vUak4UBAc\/s320\/links_iStock_000005060560XSmall.jpg","type":"","width":"","height":""}],"author":"Tomas Jarvid","twitter_card":"summary_large_image","twitter_creator":"@fadertomas","twitter_site":"@fadertomas","twitter_misc":{"Skriven av":"Tomas Jarvid","Ber\u00e4knad l\u00e4stid":"1 minut"},"schema":{"@context":"https:\/\/schema.org","@graph":[{"@type":"Article","@id":"https:\/\/blogg.svenskakyrkan.se\/vandravagen\/2013\/02\/23\/veckans-snabbgenomgang-10\/#article","isPartOf":{"@id":"https:\/\/blogg.svenskakyrkan.se\/vandravagen\/2013\/02\/23\/veckans-snabbgenomgang-10\/"},"author":{"name":"Tomas Jarvid","@id":"https:\/\/blogg.svenskakyrkan.se\/vandravagen\/#\/schema\/person\/25da02d4f76b137d04291711e2c9fc16"},"headline":"Veckans snabbgenomg\u00e5ng!","datePublished":"2013-02-23T19:03:00+00:00","mainEntityOfPage":{"@id":"https:\/\/blogg.svenskakyrkan.se\/vandravagen\/2013\/02\/23\/veckans-snabbgenomgang-10\/"},"wordCount":251,"commentCount":0,"publisher":{"@id":"https:\/\/blogg.svenskakyrkan.se\/vandravagen\/#organization"},"image":{"@id":"https:\/\/blogg.svenskakyrkan.se\/vandravagen\/2013\/02\/23\/veckans-snabbgenomgang-10\/#primaryimage"},"thumbnailUrl":"http:\/\/4.bp.blogspot.com\/-bdxujLDqTPc\/T1tfTM0M6PI\/AAAAAAAAAGg\/V5vUak4UBAc\/s320\/links_iStock_000005060560XSmall.jpg","articleSection":["bloggen"],"inLanguage":"sv-SE","potentialAction":[{"@type":"CommentAction","name":"Comment","target":["https:\/\/blogg.svenskakyrkan.se\/vandravagen\/2013\/02\/23\/veckans-snabbgenomgang-10\/#respond"]}]},{"@type":"WebPage","@id":"https:\/\/blogg.svenskakyrkan.se\/vandravagen\/2013\/02\/23\/veckans-snabbgenomgang-10\/","url":"https:\/\/blogg.svenskakyrkan.se\/vandravagen\/2013\/02\/23\/veckans-snabbgenomgang-10\/","name":"Veckans snabbgenomg\u00e5ng! - Vandra V\u00e4gen","isPartOf":{"@id":"https:\/\/blogg.svenskakyrkan.se\/vandravagen\/#website"},"primaryImageOfPage":{"@id":"https:\/\/blogg.svenskakyrkan.se\/vandravagen\/2013\/02\/23\/veckans-snabbgenomgang-10\/#primaryimage"},"image":{"@id":"https:\/\/blogg.svenskakyrkan.se\/vandravagen\/2013\/02\/23\/veckans-snabbgenomgang-10\/#primaryimage"},"thumbnailUrl":"http:\/\/4.bp.blogspot.com\/-bdxujLDqTPc\/T1tfTM0M6PI\/AAAAAAAAAGg\/V5vUak4UBAc\/s320\/links_iStock_000005060560XSmall.jpg","datePublished":"2013-02-23T19:03:00+00:00","breadcrumb":{"@id":"https:\/\/blogg.svenskakyrkan.se\/vandravagen\/2013\/02\/23\/veckans-snabbgenomgang-10\/#breadcrumb"},"inLanguage":"sv-SE","potentialAction":[{"@type":"ReadAction","target":["https:\/\/blogg.svenskakyrkan.se\/vandravagen\/2013\/02\/23\/veckans-snabbgenomgang-10\/"]}]},{"@type":"ImageObject","inLanguage":"sv-SE","@id":"https:\/\/blogg.svenskakyrkan.se\/vandravagen\/2013\/02\/23\/veckans-snabbgenomgang-10\/#primaryimage","url":"http:\/\/4.bp.blogspot.com\/-bdxujLDqTPc\/T1tfTM0M6PI\/AAAAAAAAAGg\/V5vUak4UBAc\/s320\/links_iStock_000005060560XSmall.jpg","contentUrl":"http:\/\/4.bp.blogspot.com\/-bdxujLDqTPc\/T1tfTM0M6PI\/AAAAAAAAAGg\/V5vUak4UBAc\/s320\/links_iStock_000005060560XSmall.jpg"},{"@type":"BreadcrumbList","@id":"https:\/\/blogg.svenskakyrkan.se\/vandravagen\/2013\/02\/23\/veckans-snabbgenomgang-10\/#breadcrumb","itemListElement":[{"@type":"ListItem","position":1,"name":"Hem","item":"https:\/\/blogg.svenskakyrkan.se\/vandravagen\/"},{"@type":"ListItem","position":2,"name":"Veckans snabbgenomg\u00e5ng!"}]},{"@type":"WebSite","@id":"https:\/\/blogg.svenskakyrkan.se\/vandravagen\/#website","url":"https:\/\/blogg.svenskakyrkan.se\/vandravagen\/","name":"Vandra V\u00e4gen","description":"-Mot en tro f\u00f6r hela livet","publisher":{"@id":"https:\/\/blogg.svenskakyrkan.se\/vandravagen\/#organization"},"potentialAction":[{"@type":"SearchAction","target":{"@type":"EntryPoint","urlTemplate":"https:\/\/blogg.svenskakyrkan.se\/vandravagen\/?s={search_term_string}"},"query-input":{"@type":"PropertyValueSpecification","valueRequired":true,"valueName":"search_term_string"}}],"inLanguage":"sv-SE"},{"@type":"Organization","@id":"https:\/\/blogg.svenskakyrkan.se\/vandravagen\/#organization","name":"ulricehamns pastorat","alternateName":"ulricehamns pastorat","url":"https:\/\/blogg.svenskakyrkan.se\/vandravagen\/","logo":{"@type":"ImageObject","inLanguage":"sv-SE","@id":"https:\/\/blogg.svenskakyrkan.se\/vandravagen\/#\/schema\/logo\/image\/","url":"https:\/\/blogg.svenskakyrkan.se\/vandravagen\/files\/2023\/05\/Ulr_logo_RGB.png","contentUrl":"https:\/\/blogg.svenskakyrkan.se\/vandravagen\/files\/2023\/05\/Ulr_logo_RGB.png","width":205,"height":77,"caption":"ulricehamns pastorat"},"image":{"@id":"https:\/\/blogg.svenskakyrkan.se\/vandravagen\/#\/schema\/logo\/image\/"},"sameAs":["http:\/\/facebook.com\/vandravagen","https:\/\/x.com\/fadertomas","http:\/\/www.facebook.com\/svenskakyrkaniulricehamn"]},{"@type":"Person","@id":"https:\/\/blogg.svenskakyrkan.se\/vandravagen\/#\/schema\/person\/25da02d4f76b137d04291711e2c9fc16","name":"Tomas Jarvid","image":{"@type":"ImageObject","inLanguage":"sv-SE","@id":"https:\/\/blogg.svenskakyrkan.se\/vandravagen\/#\/schema\/person\/image\/","url":"https:\/\/secure.gravatar.com\/avatar\/7fa71899795e8f540f615a1f5ab25255dc27aa40f05ee7ddd21aac521e01bf50?s=96&d=identicon&r=g","contentUrl":"https:\/\/secure.gravatar.com\/avatar\/7fa71899795e8f540f615a1f5ab25255dc27aa40f05ee7ddd21aac521e01bf50?s=96&d=identicon&r=g","caption":"Tomas Jarvid"},"description":"Jag bor i Ulricehamn i V\u00e4sterg\u00f6tland och \u00e4r f\u00f6rsamlingspr\u00e4st i Svenska Kyrkan f\u00f6r Dalstorps f\u00f6rsamling i Kinds pastorat. P\u00e5 den h\u00e4r bloggen skriver jag ner tankar om vandringen som kristen.","sameAs":["http:\/\/www.vandravagen.se"],"url":"https:\/\/blogg.svenskakyrkan.se\/vandravagen\/author\/vandravagen\/"}]}},"author_meta":{"ID":"392","user_nicename":"vandravagen","user_url":"http:\/\/www.vandravagen.se","user_registered":"2014-05-19 05:44:52","display_name":"Tomas Jarvid","first_name":"Tomas","last_name":"Jarvid","avatar":"https:\/\/secure.gravatar.com\/avatar\/7fa71899795e8f540f615a1f5ab25255dc27aa40f05ee7ddd21aac521e01bf50?s=96&d=identicon&r=g"},"featured_image":false,"bloginfo":{"name":"Vandra V\u00e4gen","url":"https:\/\/blogg.svenskakyrkan.se\/vandravagen"},"_links":{"self":[{"href":"https:\/\/blogg.svenskakyrkan.se\/vandravagen\/wp-json\/wp\/v2\/posts\/700","targetHints":{"allow":["GET"]}}],"collection":[{"href":"https:\/\/blogg.svenskakyrkan.se\/vandravagen\/wp-json\/wp\/v2\/posts"}],"about":[{"href":"https:\/\/blogg.svenskakyrkan.se\/vandravagen\/wp-json\/wp\/v2\/types\/post"}],"author":[{"embeddable":true,"href":"https:\/\/blogg.svenskakyrkan.se\/vandravagen\/wp-json\/wp\/v2\/users\/392"}],"replies":[{"embeddable":true,"href":"https:\/\/blogg.svenskakyrkan.se\/vandravagen\/wp-json\/wp\/v2\/comments?post=700"}],"version-history":[{"count":0,"href":"https:\/\/blogg.svenskakyrkan.se\/vandravagen\/wp-json\/wp\/v2\/posts\/700\/revisions"}],"wp:attachment":[{"href":"https:\/\/blogg.svenskakyrkan.se\/vandravagen\/wp-json\/wp\/v2\/media?parent=700"}],"wp:term":[{"taxonomy":"category","embeddable":true,"href":"https:\/\/blogg.svenskakyrkan.se\/vandravagen\/wp-json\/wp\/v2\/categories?post=700"},{"taxonomy":"post_tag","embeddable":true,"href":"https:\/\/blogg.svenskakyrkan.se\/vandravagen\/wp-json\/wp\/v2\/tags?post=700"}],"curies":[{"name":"wp","href":"https:\/\/api.w.org\/{rel}","templated":true}]}}