{"id":701,"date":"2013-02-23T11:30:00","date_gmt":"2013-02-23T10:30:00","guid":{"rendered":"http:\/\/blogg.svenskakyrkan.se\/vandravagen\/2013\/02\/23\/har-du-en-minotaurus-i-garderoben\/"},"modified":"2013-02-23T11:30:00","modified_gmt":"2013-02-23T10:30:00","slug":"har-du-en-minotaurus-i-garderoben","status":"publish","type":"post","link":"https:\/\/blogg.svenskakyrkan.se\/vandravagen\/2013\/02\/23\/har-du-en-minotaurus-i-garderoben\/","title":{"rendered":"Har du en Minotaurus i garderoben?"},"content":{"rendered":"<table align=\"center\" cellpadding=\"0\" cellspacing=\"0\">\n<tbody>\n<tr>\n<td><a href=\"http:\/\/www.knossos-kreta.net\/Knossos\/mynautier.jpg\"><img loading=\"lazy\" decoding=\"async\" border=\"0\" height=\"400\" src=\"http:\/\/www.knossos-kreta.net\/Knossos\/mynautier.jpg\" width=\"242\"><\/a><\/td>\n<\/tr>\n<tr>\n<td>Theseus dr\u00e4per Minotaurus, bildk\u00e4lla <a href=\"http:\/\/www.knossos-kreta.net\/\">www.knossos-kreta.net<\/a><\/td>\n<\/tr>\n<\/tbody>\n<\/table>\n<p>I en grekisk myt ber\u00e4ttas det om kung Minos av Kreta. Hans fru hade blivit havande med en tjur som havsguden Poseidon s\u00e4nt dit och f\u00f6dde sedan en monstru\u00f6s avkomma. En varelse med m\u00e4nniskokropp och tjurhuvud; Minotaurus.<\/p>\n<p>Kung Minos sk\u00e4mdes s\u00e5 mycket \u00f6ver denna varelse att han ville g\u00f6mma den f\u00f6r v\u00e4rlden. Han l\u00e4t bygga en stor labyrint som var helt om\u00f6jlig att hitta ut ur och d\u00e4r fick Minotaurus bo.<\/p>\n<p>Men han var ju \u00e4nd\u00e5 tvungen att h\u00e5lla Minotaurus vid liv. Och Minotaurus ville \u00e4ta m\u00e4nniskor. Varje \u00e5r kr\u00e4vdes det sju unga m\u00e4n och sju unga kvinnor som f\u00f6da. Dessa h\u00e4mtade givetvis kung Minos fr\u00e5n fastlandet ist\u00e4llet f\u00f6r fr\u00e5n sitt eget folk.<\/p>\n<p>Oftast anv\u00e4nder vi ordet &#8221;myt&#8221; helt enkelt f\u00f6r saker som inte \u00e4r sanna, men egentligen betecknar ordet historier med existentiell betydelse. Myter s\u00e4ger n\u00e5got om hur det \u00e4r att vara m\u00e4nniska och sett p\u00e5 det s\u00e4ttet \u00e4r en riktig myt <i>alltid<\/i> sann.<\/p>\n<p>Myten om Minotaurus talar till mig som en bild av <i>skam<\/i>. Vi har alla s\u00e5dant i v\u00e5ra liv som vi sk\u00e4ms \u00f6ver och f\u00f6rs\u00f6ker d\u00f6lja. Ofta kanske vi f\u00e5tt skammen \u00f6verf\u00f6rd p\u00e5 oss av andra eller f\u00e5tt den i arv. Och vi kan g\u00f6ra stora anstr\u00e4ngningar f\u00f6r att d\u00f6lja det vi sk\u00e4ms f\u00f6r. Trots det blir vi inte riktigt kvitt el\u00e4ndet. Vi kanske precis som kung Minos tar ut el\u00e4ndet p\u00e5 andra, att umg\u00e5s med oss blir minerad mark d\u00e4r vem som helst kan bli attackerad f\u00f6r egentligen obetydliga saker.<\/p>\n<p>Historien om Minotaurus slutar med ett hj\u00e4lted\u00e5d. Hj\u00e4lten Theseus anm\u00e4ler sig frivillig som en av de sju unga m\u00e4nnen. Kungens dotter blir f\u00f6r\u00e4lskad i honom och ger honom ett hj\u00e4lpande r\u00e5d hon f\u00e5tt fr\u00e5n labyrintens skapare, Daidalos. Theseus tar med ett garnnystan som han rullar ut efter sig. Sedan dr\u00e4per han Minotaurus med sina bara h\u00e4nder och f\u00f6ljer sedan garnet ut ur labyrinten igen.<\/p>\n<p>Enligt den kristna tron finns det en s\u00e5dan hj\u00e4lte som vill f\u00f6lja oss in i skammen i v\u00e5ra liv, Jesus Kristus. Han som gick i d\u00f6den p\u00e5 korset vill g\u00e5 med oss i det som \u00e4r m\u00f6rkast i v\u00e5ra liv, besegra det onda och f\u00f6ra oss ut i det \u00f6ppna. Sj\u00e4lva r\u00e5r vi inte p\u00e5 skammen. Vi beh\u00f6ver hj\u00e4ltar (andra m\u00e4nniskor ocks\u00e5 f\u00f6rst\u00e5s) som h\u00e4rdar ut att g\u00e5 med oss in i det skamfyllda utan att d\u00f6ma oss.<\/p>\n<p>Jag har ocks\u00e5 skrivit senare <a href=\"http:\/\/vagenixp.blogspot.se\/2013\/02\/surrad-vid-masten-som-odysseus.html\">om hj\u00e4lten Odysseus och hur han stod emot sirenernas s\u00e5ng<\/a>.<\/p>\n<p>Jag har ocks\u00e5 skrivit om hur man kan t\u00e4nka om mytiska inslag i Bibeln,\u00a0<a href=\"http:\/\/vagenixp.blogspot.se\/2013\/02\/ar-bibelns-historier-myter.html\">\u00e4r Bibelns ber\u00e4ttelser myter<\/a>?<\/p>\n","protected":false},"excerpt":{"rendered":"<p>Theseus dr\u00e4per Minotaurus, bildk\u00e4lla www.knossos-kreta.net I en grekisk myt ber\u00e4ttas det om kung Minos av Kreta. Hans fru hade blivit havande med en tjur som havsguden Poseidon s\u00e4nt dit och f\u00f6dde sedan en monstru\u00f6s avkomma. En varelse med m\u00e4nniskokropp och tjurhuvud; Minotaurus. Kung Minos sk\u00e4mdes s\u00e5 mycket \u00f6ver denna varelse att han ville g\u00f6mma den [&hellip;]<\/p>\n","protected":false},"author":392,"featured_media":0,"comment_status":"open","ping_status":"open","sticky":false,"template":"","format":"standard","meta":{"_acf_changed":false,"footnotes":""},"categories":[117,77554],"tags":[],"class_list":["post-701","post","type-post","status-publish","format-standard","hentry","category-teologi","category-vara-manniska"],"acf":[],"yoast_head":"<!-- This site is optimized with the Yoast SEO plugin v27.1.1 - https:\/\/yoast.com\/product\/yoast-seo-wordpress\/ -->\n<title>Har du en Minotaurus i garderoben? - Vandra V\u00e4gen<\/title>\n<meta name=\"robots\" content=\"index, follow, max-snippet:-1, max-image-preview:large, max-video-preview:-1\" \/>\n<link rel=\"canonical\" href=\"https:\/\/blogg.svenskakyrkan.se\/vandravagen\/2013\/02\/23\/har-du-en-minotaurus-i-garderoben\/\" \/>\n<meta property=\"og:locale\" content=\"sv_SE\" \/>\n<meta property=\"og:type\" content=\"article\" \/>\n<meta property=\"og:title\" content=\"Har du en Minotaurus i garderoben? - Vandra V\u00e4gen\" \/>\n<meta property=\"og:description\" content=\"Theseus dr\u00e4per Minotaurus, bildk\u00e4lla www.knossos-kreta.net I en grekisk myt ber\u00e4ttas det om kung Minos av Kreta. Hans fru hade blivit havande med en tjur som havsguden Poseidon s\u00e4nt dit och f\u00f6dde sedan en monstru\u00f6s avkomma. En varelse med m\u00e4nniskokropp och tjurhuvud; Minotaurus. Kung Minos sk\u00e4mdes s\u00e5 mycket \u00f6ver denna varelse att han ville g\u00f6mma den [&hellip;]\" \/>\n<meta property=\"og:url\" content=\"https:\/\/blogg.svenskakyrkan.se\/vandravagen\/2013\/02\/23\/har-du-en-minotaurus-i-garderoben\/\" \/>\n<meta property=\"og:site_name\" content=\"Vandra V\u00e4gen\" \/>\n<meta property=\"article:publisher\" content=\"http:\/\/facebook.com\/vandravagen\" \/>\n<meta property=\"article:published_time\" content=\"2013-02-23T10:30:00+00:00\" \/>\n<meta property=\"og:image\" content=\"http:\/\/www.knossos-kreta.net\/Knossos\/mynautier.jpg\" \/>\n<meta name=\"author\" content=\"Tomas Jarvid\" \/>\n<meta name=\"twitter:card\" content=\"summary_large_image\" \/>\n<meta name=\"twitter:creator\" content=\"@fadertomas\" \/>\n<meta name=\"twitter:site\" content=\"@fadertomas\" \/>\n<meta name=\"twitter:label1\" content=\"Skriven av\" \/>\n\t<meta name=\"twitter:data1\" content=\"Tomas Jarvid\" \/>\n\t<meta name=\"twitter:label2\" content=\"Ber\u00e4knad l\u00e4stid\" \/>\n\t<meta name=\"twitter:data2\" content=\"3 minuter\" \/>\n<script type=\"application\/ld+json\" class=\"yoast-schema-graph\">{\"@context\":\"https:\/\/schema.org\",\"@graph\":[{\"@type\":\"Article\",\"@id\":\"https:\/\/blogg.svenskakyrkan.se\/vandravagen\/2013\/02\/23\/har-du-en-minotaurus-i-garderoben\/#article\",\"isPartOf\":{\"@id\":\"https:\/\/blogg.svenskakyrkan.se\/vandravagen\/2013\/02\/23\/har-du-en-minotaurus-i-garderoben\/\"},\"author\":{\"name\":\"Tomas Jarvid\",\"@id\":\"https:\/\/blogg.svenskakyrkan.se\/vandravagen\/#\/schema\/person\/25da02d4f76b137d04291711e2c9fc16\"},\"headline\":\"Har du en Minotaurus i garderoben?\",\"datePublished\":\"2013-02-23T10:30:00+00:00\",\"mainEntityOfPage\":{\"@id\":\"https:\/\/blogg.svenskakyrkan.se\/vandravagen\/2013\/02\/23\/har-du-en-minotaurus-i-garderoben\/\"},\"wordCount\":518,\"commentCount\":6,\"publisher\":{\"@id\":\"https:\/\/blogg.svenskakyrkan.se\/vandravagen\/#organization\"},\"image\":{\"@id\":\"https:\/\/blogg.svenskakyrkan.se\/vandravagen\/2013\/02\/23\/har-du-en-minotaurus-i-garderoben\/#primaryimage\"},\"thumbnailUrl\":\"http:\/\/www.knossos-kreta.net\/Knossos\/mynautier.jpg\",\"articleSection\":[\"Teologi\",\"vara m\u00e4nniska\"],\"inLanguage\":\"sv-SE\",\"potentialAction\":[{\"@type\":\"CommentAction\",\"name\":\"Comment\",\"target\":[\"https:\/\/blogg.svenskakyrkan.se\/vandravagen\/2013\/02\/23\/har-du-en-minotaurus-i-garderoben\/#respond\"]}]},{\"@type\":\"WebPage\",\"@id\":\"https:\/\/blogg.svenskakyrkan.se\/vandravagen\/2013\/02\/23\/har-du-en-minotaurus-i-garderoben\/\",\"url\":\"https:\/\/blogg.svenskakyrkan.se\/vandravagen\/2013\/02\/23\/har-du-en-minotaurus-i-garderoben\/\",\"name\":\"Har du en Minotaurus i garderoben? - Vandra V\u00e4gen\",\"isPartOf\":{\"@id\":\"https:\/\/blogg.svenskakyrkan.se\/vandravagen\/#website\"},\"primaryImageOfPage\":{\"@id\":\"https:\/\/blogg.svenskakyrkan.se\/vandravagen\/2013\/02\/23\/har-du-en-minotaurus-i-garderoben\/#primaryimage\"},\"image\":{\"@id\":\"https:\/\/blogg.svenskakyrkan.se\/vandravagen\/2013\/02\/23\/har-du-en-minotaurus-i-garderoben\/#primaryimage\"},\"thumbnailUrl\":\"http:\/\/www.knossos-kreta.net\/Knossos\/mynautier.jpg\",\"datePublished\":\"2013-02-23T10:30:00+00:00\",\"breadcrumb\":{\"@id\":\"https:\/\/blogg.svenskakyrkan.se\/vandravagen\/2013\/02\/23\/har-du-en-minotaurus-i-garderoben\/#breadcrumb\"},\"inLanguage\":\"sv-SE\",\"potentialAction\":[{\"@type\":\"ReadAction\",\"target\":[\"https:\/\/blogg.svenskakyrkan.se\/vandravagen\/2013\/02\/23\/har-du-en-minotaurus-i-garderoben\/\"]}]},{\"@type\":\"ImageObject\",\"inLanguage\":\"sv-SE\",\"@id\":\"https:\/\/blogg.svenskakyrkan.se\/vandravagen\/2013\/02\/23\/har-du-en-minotaurus-i-garderoben\/#primaryimage\",\"url\":\"http:\/\/www.knossos-kreta.net\/Knossos\/mynautier.jpg\",\"contentUrl\":\"http:\/\/www.knossos-kreta.net\/Knossos\/mynautier.jpg\"},{\"@type\":\"BreadcrumbList\",\"@id\":\"https:\/\/blogg.svenskakyrkan.se\/vandravagen\/2013\/02\/23\/har-du-en-minotaurus-i-garderoben\/#breadcrumb\",\"itemListElement\":[{\"@type\":\"ListItem\",\"position\":1,\"name\":\"Hem\",\"item\":\"https:\/\/blogg.svenskakyrkan.se\/vandravagen\/\"},{\"@type\":\"ListItem\",\"position\":2,\"name\":\"Har du en Minotaurus i garderoben?\"}]},{\"@type\":\"WebSite\",\"@id\":\"https:\/\/blogg.svenskakyrkan.se\/vandravagen\/#website\",\"url\":\"https:\/\/blogg.svenskakyrkan.se\/vandravagen\/\",\"name\":\"Vandra V\u00e4gen\",\"description\":\"-Mot en tro f\u00f6r hela livet\",\"publisher\":{\"@id\":\"https:\/\/blogg.svenskakyrkan.se\/vandravagen\/#organization\"},\"potentialAction\":[{\"@type\":\"SearchAction\",\"target\":{\"@type\":\"EntryPoint\",\"urlTemplate\":\"https:\/\/blogg.svenskakyrkan.se\/vandravagen\/?s={search_term_string}\"},\"query-input\":{\"@type\":\"PropertyValueSpecification\",\"valueRequired\":true,\"valueName\":\"search_term_string\"}}],\"inLanguage\":\"sv-SE\"},{\"@type\":\"Organization\",\"@id\":\"https:\/\/blogg.svenskakyrkan.se\/vandravagen\/#organization\",\"name\":\"ulricehamns pastorat\",\"alternateName\":\"ulricehamns pastorat\",\"url\":\"https:\/\/blogg.svenskakyrkan.se\/vandravagen\/\",\"logo\":{\"@type\":\"ImageObject\",\"inLanguage\":\"sv-SE\",\"@id\":\"https:\/\/blogg.svenskakyrkan.se\/vandravagen\/#\/schema\/logo\/image\/\",\"url\":\"https:\/\/blogg.svenskakyrkan.se\/vandravagen\/files\/2023\/05\/Ulr_logo_RGB.png\",\"contentUrl\":\"https:\/\/blogg.svenskakyrkan.se\/vandravagen\/files\/2023\/05\/Ulr_logo_RGB.png\",\"width\":205,\"height\":77,\"caption\":\"ulricehamns pastorat\"},\"image\":{\"@id\":\"https:\/\/blogg.svenskakyrkan.se\/vandravagen\/#\/schema\/logo\/image\/\"},\"sameAs\":[\"http:\/\/facebook.com\/vandravagen\",\"https:\/\/x.com\/fadertomas\",\"http:\/\/www.facebook.com\/svenskakyrkaniulricehamn\"]},{\"@type\":\"Person\",\"@id\":\"https:\/\/blogg.svenskakyrkan.se\/vandravagen\/#\/schema\/person\/25da02d4f76b137d04291711e2c9fc16\",\"name\":\"Tomas Jarvid\",\"image\":{\"@type\":\"ImageObject\",\"inLanguage\":\"sv-SE\",\"@id\":\"https:\/\/blogg.svenskakyrkan.se\/vandravagen\/#\/schema\/person\/image\/\",\"url\":\"https:\/\/secure.gravatar.com\/avatar\/7fa71899795e8f540f615a1f5ab25255dc27aa40f05ee7ddd21aac521e01bf50?s=96&d=identicon&r=g\",\"contentUrl\":\"https:\/\/secure.gravatar.com\/avatar\/7fa71899795e8f540f615a1f5ab25255dc27aa40f05ee7ddd21aac521e01bf50?s=96&d=identicon&r=g\",\"caption\":\"Tomas Jarvid\"},\"description\":\"Jag bor i Ulricehamn i V\u00e4sterg\u00f6tland och \u00e4r f\u00f6rsamlingspr\u00e4st i Svenska Kyrkan f\u00f6r Dalstorps f\u00f6rsamling i Kinds pastorat. P\u00e5 den h\u00e4r bloggen skriver jag ner tankar om vandringen som kristen.\",\"sameAs\":[\"http:\/\/www.vandravagen.se\"],\"url\":\"https:\/\/blogg.svenskakyrkan.se\/vandravagen\/author\/vandravagen\/\"}]}<\/script>\n<!-- \/ Yoast SEO plugin. -->","yoast_head_json":{"title":"Har du en Minotaurus i garderoben? - Vandra V\u00e4gen","robots":{"index":"index","follow":"follow","max-snippet":"max-snippet:-1","max-image-preview":"max-image-preview:large","max-video-preview":"max-video-preview:-1"},"canonical":"https:\/\/blogg.svenskakyrkan.se\/vandravagen\/2013\/02\/23\/har-du-en-minotaurus-i-garderoben\/","og_locale":"sv_SE","og_type":"article","og_title":"Har du en Minotaurus i garderoben? - Vandra V\u00e4gen","og_description":"Theseus dr\u00e4per Minotaurus, bildk\u00e4lla www.knossos-kreta.net I en grekisk myt ber\u00e4ttas det om kung Minos av Kreta. Hans fru hade blivit havande med en tjur som havsguden Poseidon s\u00e4nt dit och f\u00f6dde sedan en monstru\u00f6s avkomma. En varelse med m\u00e4nniskokropp och tjurhuvud; Minotaurus. Kung Minos sk\u00e4mdes s\u00e5 mycket \u00f6ver denna varelse att han ville g\u00f6mma den [&hellip;]","og_url":"https:\/\/blogg.svenskakyrkan.se\/vandravagen\/2013\/02\/23\/har-du-en-minotaurus-i-garderoben\/","og_site_name":"Vandra V\u00e4gen","article_publisher":"http:\/\/facebook.com\/vandravagen","article_published_time":"2013-02-23T10:30:00+00:00","og_image":[{"url":"http:\/\/www.knossos-kreta.net\/Knossos\/mynautier.jpg","type":"","width":"","height":""}],"author":"Tomas Jarvid","twitter_card":"summary_large_image","twitter_creator":"@fadertomas","twitter_site":"@fadertomas","twitter_misc":{"Skriven av":"Tomas Jarvid","Ber\u00e4knad l\u00e4stid":"3 minuter"},"schema":{"@context":"https:\/\/schema.org","@graph":[{"@type":"Article","@id":"https:\/\/blogg.svenskakyrkan.se\/vandravagen\/2013\/02\/23\/har-du-en-minotaurus-i-garderoben\/#article","isPartOf":{"@id":"https:\/\/blogg.svenskakyrkan.se\/vandravagen\/2013\/02\/23\/har-du-en-minotaurus-i-garderoben\/"},"author":{"name":"Tomas Jarvid","@id":"https:\/\/blogg.svenskakyrkan.se\/vandravagen\/#\/schema\/person\/25da02d4f76b137d04291711e2c9fc16"},"headline":"Har du en Minotaurus i garderoben?","datePublished":"2013-02-23T10:30:00+00:00","mainEntityOfPage":{"@id":"https:\/\/blogg.svenskakyrkan.se\/vandravagen\/2013\/02\/23\/har-du-en-minotaurus-i-garderoben\/"},"wordCount":518,"commentCount":6,"publisher":{"@id":"https:\/\/blogg.svenskakyrkan.se\/vandravagen\/#organization"},"image":{"@id":"https:\/\/blogg.svenskakyrkan.se\/vandravagen\/2013\/02\/23\/har-du-en-minotaurus-i-garderoben\/#primaryimage"},"thumbnailUrl":"http:\/\/www.knossos-kreta.net\/Knossos\/mynautier.jpg","articleSection":["Teologi","vara m\u00e4nniska"],"inLanguage":"sv-SE","potentialAction":[{"@type":"CommentAction","name":"Comment","target":["https:\/\/blogg.svenskakyrkan.se\/vandravagen\/2013\/02\/23\/har-du-en-minotaurus-i-garderoben\/#respond"]}]},{"@type":"WebPage","@id":"https:\/\/blogg.svenskakyrkan.se\/vandravagen\/2013\/02\/23\/har-du-en-minotaurus-i-garderoben\/","url":"https:\/\/blogg.svenskakyrkan.se\/vandravagen\/2013\/02\/23\/har-du-en-minotaurus-i-garderoben\/","name":"Har du en Minotaurus i garderoben? - Vandra V\u00e4gen","isPartOf":{"@id":"https:\/\/blogg.svenskakyrkan.se\/vandravagen\/#website"},"primaryImageOfPage":{"@id":"https:\/\/blogg.svenskakyrkan.se\/vandravagen\/2013\/02\/23\/har-du-en-minotaurus-i-garderoben\/#primaryimage"},"image":{"@id":"https:\/\/blogg.svenskakyrkan.se\/vandravagen\/2013\/02\/23\/har-du-en-minotaurus-i-garderoben\/#primaryimage"},"thumbnailUrl":"http:\/\/www.knossos-kreta.net\/Knossos\/mynautier.jpg","datePublished":"2013-02-23T10:30:00+00:00","breadcrumb":{"@id":"https:\/\/blogg.svenskakyrkan.se\/vandravagen\/2013\/02\/23\/har-du-en-minotaurus-i-garderoben\/#breadcrumb"},"inLanguage":"sv-SE","potentialAction":[{"@type":"ReadAction","target":["https:\/\/blogg.svenskakyrkan.se\/vandravagen\/2013\/02\/23\/har-du-en-minotaurus-i-garderoben\/"]}]},{"@type":"ImageObject","inLanguage":"sv-SE","@id":"https:\/\/blogg.svenskakyrkan.se\/vandravagen\/2013\/02\/23\/har-du-en-minotaurus-i-garderoben\/#primaryimage","url":"http:\/\/www.knossos-kreta.net\/Knossos\/mynautier.jpg","contentUrl":"http:\/\/www.knossos-kreta.net\/Knossos\/mynautier.jpg"},{"@type":"BreadcrumbList","@id":"https:\/\/blogg.svenskakyrkan.se\/vandravagen\/2013\/02\/23\/har-du-en-minotaurus-i-garderoben\/#breadcrumb","itemListElement":[{"@type":"ListItem","position":1,"name":"Hem","item":"https:\/\/blogg.svenskakyrkan.se\/vandravagen\/"},{"@type":"ListItem","position":2,"name":"Har du en Minotaurus i garderoben?"}]},{"@type":"WebSite","@id":"https:\/\/blogg.svenskakyrkan.se\/vandravagen\/#website","url":"https:\/\/blogg.svenskakyrkan.se\/vandravagen\/","name":"Vandra V\u00e4gen","description":"-Mot en tro f\u00f6r hela livet","publisher":{"@id":"https:\/\/blogg.svenskakyrkan.se\/vandravagen\/#organization"},"potentialAction":[{"@type":"SearchAction","target":{"@type":"EntryPoint","urlTemplate":"https:\/\/blogg.svenskakyrkan.se\/vandravagen\/?s={search_term_string}"},"query-input":{"@type":"PropertyValueSpecification","valueRequired":true,"valueName":"search_term_string"}}],"inLanguage":"sv-SE"},{"@type":"Organization","@id":"https:\/\/blogg.svenskakyrkan.se\/vandravagen\/#organization","name":"ulricehamns pastorat","alternateName":"ulricehamns pastorat","url":"https:\/\/blogg.svenskakyrkan.se\/vandravagen\/","logo":{"@type":"ImageObject","inLanguage":"sv-SE","@id":"https:\/\/blogg.svenskakyrkan.se\/vandravagen\/#\/schema\/logo\/image\/","url":"https:\/\/blogg.svenskakyrkan.se\/vandravagen\/files\/2023\/05\/Ulr_logo_RGB.png","contentUrl":"https:\/\/blogg.svenskakyrkan.se\/vandravagen\/files\/2023\/05\/Ulr_logo_RGB.png","width":205,"height":77,"caption":"ulricehamns pastorat"},"image":{"@id":"https:\/\/blogg.svenskakyrkan.se\/vandravagen\/#\/schema\/logo\/image\/"},"sameAs":["http:\/\/facebook.com\/vandravagen","https:\/\/x.com\/fadertomas","http:\/\/www.facebook.com\/svenskakyrkaniulricehamn"]},{"@type":"Person","@id":"https:\/\/blogg.svenskakyrkan.se\/vandravagen\/#\/schema\/person\/25da02d4f76b137d04291711e2c9fc16","name":"Tomas Jarvid","image":{"@type":"ImageObject","inLanguage":"sv-SE","@id":"https:\/\/blogg.svenskakyrkan.se\/vandravagen\/#\/schema\/person\/image\/","url":"https:\/\/secure.gravatar.com\/avatar\/7fa71899795e8f540f615a1f5ab25255dc27aa40f05ee7ddd21aac521e01bf50?s=96&d=identicon&r=g","contentUrl":"https:\/\/secure.gravatar.com\/avatar\/7fa71899795e8f540f615a1f5ab25255dc27aa40f05ee7ddd21aac521e01bf50?s=96&d=identicon&r=g","caption":"Tomas Jarvid"},"description":"Jag bor i Ulricehamn i V\u00e4sterg\u00f6tland och \u00e4r f\u00f6rsamlingspr\u00e4st i Svenska Kyrkan f\u00f6r Dalstorps f\u00f6rsamling i Kinds pastorat. P\u00e5 den h\u00e4r bloggen skriver jag ner tankar om vandringen som kristen.","sameAs":["http:\/\/www.vandravagen.se"],"url":"https:\/\/blogg.svenskakyrkan.se\/vandravagen\/author\/vandravagen\/"}]}},"author_meta":{"ID":"392","user_nicename":"vandravagen","user_url":"http:\/\/www.vandravagen.se","user_registered":"2014-05-19 05:44:52","display_name":"Tomas Jarvid","first_name":"Tomas","last_name":"Jarvid","avatar":"https:\/\/secure.gravatar.com\/avatar\/7fa71899795e8f540f615a1f5ab25255dc27aa40f05ee7ddd21aac521e01bf50?s=96&d=identicon&r=g"},"featured_image":false,"bloginfo":{"name":"Vandra V\u00e4gen","url":"https:\/\/blogg.svenskakyrkan.se\/vandravagen"},"_links":{"self":[{"href":"https:\/\/blogg.svenskakyrkan.se\/vandravagen\/wp-json\/wp\/v2\/posts\/701","targetHints":{"allow":["GET"]}}],"collection":[{"href":"https:\/\/blogg.svenskakyrkan.se\/vandravagen\/wp-json\/wp\/v2\/posts"}],"about":[{"href":"https:\/\/blogg.svenskakyrkan.se\/vandravagen\/wp-json\/wp\/v2\/types\/post"}],"author":[{"embeddable":true,"href":"https:\/\/blogg.svenskakyrkan.se\/vandravagen\/wp-json\/wp\/v2\/users\/392"}],"replies":[{"embeddable":true,"href":"https:\/\/blogg.svenskakyrkan.se\/vandravagen\/wp-json\/wp\/v2\/comments?post=701"}],"version-history":[{"count":0,"href":"https:\/\/blogg.svenskakyrkan.se\/vandravagen\/wp-json\/wp\/v2\/posts\/701\/revisions"}],"wp:attachment":[{"href":"https:\/\/blogg.svenskakyrkan.se\/vandravagen\/wp-json\/wp\/v2\/media?parent=701"}],"wp:term":[{"taxonomy":"category","embeddable":true,"href":"https:\/\/blogg.svenskakyrkan.se\/vandravagen\/wp-json\/wp\/v2\/categories?post=701"},{"taxonomy":"post_tag","embeddable":true,"href":"https:\/\/blogg.svenskakyrkan.se\/vandravagen\/wp-json\/wp\/v2\/tags?post=701"}],"curies":[{"name":"wp","href":"https:\/\/api.w.org\/{rel}","templated":true}]}}