{"id":7023,"date":"2019-03-26T07:00:06","date_gmt":"2019-03-26T06:00:06","guid":{"rendered":"http:\/\/blogg.svenskakyrkan.se\/vandravagen\/?p=7023"},"modified":"2019-03-25T22:29:23","modified_gmt":"2019-03-25T21:29:23","slug":"en-prast-laser-silvertronen-igen","status":"publish","type":"post","link":"https:\/\/blogg.svenskakyrkan.se\/vandravagen\/2019\/03\/26\/en-prast-laser-silvertronen-igen\/","title":{"rendered":"En pr\u00e4st l\u00e4ser Silvertronen (igen)"},"content":{"rendered":"<p>Jag har \u00e5terigen l\u00e4st en narniabok h\u00f6gt f\u00f6r barnen; &#8221;silvertronen&#8221; av C S Lewis. Det \u00e4r f\u00f6rst\u00e5s ett rent n\u00f6je att f\u00e5 \u00e5terv\u00e4nda till de b\u00f6ckerna. Jag t\u00e4nkte dela n\u00e5gra reflektioner kring handlingen, det \u00e4r s\u00e4kert roligare att l\u00e4sa om man ocks\u00e5 l\u00e4st boken men vem vet, kanske blir det intressant oavsett.<\/p>\n<p>I b\u00f6rjan av boken f\u00e5r Jill i uppgift av Aslan att memorera de tecken de har att f\u00f6lja f\u00f6r att klara sitt uppdrag att hitta den f\u00f6rsvunne prinsen. Aslan sj\u00e4lv \u00e4r sedan i stort sett fr\u00e5nvarande i hela boken utan det g\u00e4ller f\u00f6r dem att h\u00e5lla fast vid den v\u00e4g han gett dem att f\u00f6lja. Detta med att memorera tecken och, som hon ocks\u00e5 ska g\u00f6ra, upprepa dem varje dag f\u00f6r att komma ih\u00e5g dem, k<strong>\u00e4nns v\u00e4ldigt likt det judiska s\u00e4ttet att f\u00f6rh\u00e5lla sig till (bland annat) trosbek\u00e4nnelsen: &#8221;<\/strong>H\u00f6r Israel, Herren (\u00e4r) v\u00e5r gud, Herren \u00e4r en&#8221;. Det ska varje jude just upprepa morgon och kv\u00e4ll och vid m\u00e5nga andra viktiga tillf\u00e4llen i livet. Det blir sedan inte l\u00e4tt f\u00f6r Jill och de andra att verkligen g\u00f6ra det, de gl\u00f6mmer tecknen n\u00e4r de blir lockade fr\u00e5n den angivna v\u00e4gen och det leder till b\u00e5de faror och besv\u00e4r gentemot hur det kanske kunde blivit.<\/p>\n<p>Jag t\u00e4nker om detta att det handlar om att dels h\u00e5lla fast vid sin identitet och komma ih\u00e5g vem man \u00e4r och vilket uppdrag man har, det g\u00e4ller v\u00e5ra hj\u00e4ltar och det g\u00e4ller varje kristen. Utan att ha n\u00e5got att h\u00e5lla fast vid i vanor och liturgi och annat \u00e4r det s\u00e5 l\u00e4tt att det just inte blir n\u00e5got av n\u00e5got med den kristna tron. Det blir ocks\u00e5 en fr\u00e5ga om att ha urskillningsf\u00f6rm\u00e5ga s\u00e5 att man inte s\u00e5 l\u00e4tt blir lurad, som nu Jill och de andra blir av den elaka drottningens list.<\/p>\n<p>Drottningen \u00e4r i sig v\u00e4ldigt intressant. prins Rilian har st\u00f6tt p\u00e5 en orm som d\u00f6dat hans mor och f\u00f6rtrollat honom sj\u00e4lv och f\u00e5ngat honom i underjorden. Det liknar i h\u00f6g grad b\u00e5de ormen i paradiset och den vita h\u00e4xan fr\u00e5n &#8221;h\u00e4xan och lejonet&#8221;. Det s\u00e4gs till och med att &#8221;det kanske finns en s\u00e5dan h\u00e4xa i varje tid&#8221; eller n\u00e5got i den stilen, att det liksom \u00e4r ett inslag i livet som vi k\u00e4nner det att riskera lockas bort p\u00e5 avv\u00e4gar.<\/p>\n<p>Det k\u00e4nns f\u00f6rst\u00e5s djupt symboliskt att prinsen \u00e4r f\u00e5ngen i underjorden, som att det \u00e4r ett d\u00f6dsrike fullt av olyckliga och pinade varelser. N\u00e4r h\u00e4xan\/ormen d\u00f6r kollapsar ocks\u00e5 hennes rike och hennes f\u00e5ngar blir fria (sedan prinsen, kanske likt Kristus, \u00e4r den f\u00f6rste att bli befriad).<\/p>\n<p>H\u00e4xans list har paradoxalt nog gjort att hon lurat prinsen att hon ska f\u00f6ra honom i spetsen f\u00f6r en arm\u00e9 upp ovan jord och er\u00f6vra l\u00e4nderna d\u00e4r. Ironiskt nog \u00e4r det just i Narnia de ska bryta upp och s\u00e4tta ig\u00e5ng, d\u00e4r han ju redan \u00e4r den r\u00e4ttm\u00e4tige tronf\u00f6ljaren. Det h\u00e4r \u00e4r ocks\u00e5 n\u00e5got som talar starkt till mig om att det onda vill locka oss med att ge n\u00e5got som vi p\u00e5 s\u00e4tt och vis redan har som g\u00e5va fr\u00e5n Gud i Kristus, att ha del av gudomlig natur och f\u00e5 kallas den h\u00f6gstes s\u00f6ner som det st\u00e5r n\u00e5gonstans i bibeln. Dj\u00e4vulen i \u00f6knen lockar ju ocks\u00e5 Jesus med att han ska f\u00e5 makt \u00f6ver alla riken i v\u00e4rlden om han tillber honom, vilket ju str\u00e4ngt taget dj\u00e4vulen inte kan lova eftersom allting r\u00e4ttm\u00e4tigt tillh\u00f6r Gud.<\/p>\n<p>Det h\u00e5ller p\u00e5 att g\u00e5 illa och v\u00e5ra hj\u00e4ltar h\u00e5ller ocks\u00e5 p\u00e5 att sn\u00e4rjas i ormens\/h\u00e4xans l\u00f6gner, de p\u00e5minner sig om Aslan och om att det bara \u00e4r en s\u00e5dan som han som verkligen \u00e4r v\u00e4rd att tro p\u00e5 (hur \u00e4n allt kan te sig d\u00e4r de befinner sig) och det \u00e4r till slut det som n\u00e4r myrslingerbulten Surp\u00f6l tar p\u00e5 sig lidande (i stil med att bli stungen i foten av en orm, lite som i f\u00f6rsta mosebok) som de lyckas bevara tron och besegra h\u00e4xan.<\/p>\n<p>Det \u00e4r p\u00e5 det s\u00e4ttet en forts\u00e4ttning p\u00e5 detta med tecknen. Det g\u00e4ller att h\u00e5lla fast vid det man tror p\u00e5 ocks\u00e5 i de sv\u00e5ra stunderna, och inte frestas till modl\u00f6shet utan minnas vem man \u00e4r och sin identitet som narnier. Eller kristen d\u00e5 om man s\u00e4ger s\u00e5.<\/p>\n<p>Vad har du f\u00f6r relation till &#8221;Silvertronen&#8221;? Skriv och ber\u00e4tta!<\/p>\n<p>&nbsp;<\/p>\n","protected":false},"excerpt":{"rendered":"<p>Jag har \u00e5terigen l\u00e4st en narniabok h\u00f6gt f\u00f6r barnen; &#8221;silvertronen&#8221; av C S Lewis. Det \u00e4r f\u00f6rst\u00e5s ett rent n\u00f6je att f\u00e5 \u00e5terv\u00e4nda till de b\u00f6ckerna. Jag t\u00e4nkte dela n\u00e5gra reflektioner kring handlingen, det \u00e4r s\u00e4kert roligare att l\u00e4sa om man ocks\u00e5 l\u00e4st boken men vem vet, kanske blir det intressant oavsett. I b\u00f6rjan av [&hellip;]<\/p>\n","protected":false},"author":392,"featured_media":7046,"comment_status":"open","ping_status":"open","sticky":false,"template":"","format":"standard","meta":{"_acf_changed":false,"footnotes":""},"categories":[8253,42374,117],"tags":[],"class_list":["post-7023","post","type-post","status-publish","format-standard","has-post-thumbnail","hentry","category-bocker","category-boktips","category-teologi"],"acf":[],"yoast_head":"<!-- This site is optimized with the Yoast SEO plugin v27.1.1 - https:\/\/yoast.com\/product\/yoast-seo-wordpress\/ -->\n<title>En pr\u00e4st l\u00e4ser Silvertronen (igen) - Vandra V\u00e4gen<\/title>\n<meta name=\"robots\" content=\"index, follow, max-snippet:-1, max-image-preview:large, max-video-preview:-1\" \/>\n<link rel=\"canonical\" href=\"https:\/\/blogg.svenskakyrkan.se\/vandravagen\/2019\/03\/26\/en-prast-laser-silvertronen-igen\/\" \/>\n<meta property=\"og:locale\" content=\"sv_SE\" \/>\n<meta property=\"og:type\" content=\"article\" \/>\n<meta property=\"og:title\" content=\"En pr\u00e4st l\u00e4ser Silvertronen (igen) - Vandra V\u00e4gen\" \/>\n<meta property=\"og:description\" content=\"Jag har \u00e5terigen l\u00e4st en narniabok h\u00f6gt f\u00f6r barnen; &#8221;silvertronen&#8221; av C S Lewis. Det \u00e4r f\u00f6rst\u00e5s ett rent n\u00f6je att f\u00e5 \u00e5terv\u00e4nda till de b\u00f6ckerna. Jag t\u00e4nkte dela n\u00e5gra reflektioner kring handlingen, det \u00e4r s\u00e4kert roligare att l\u00e4sa om man ocks\u00e5 l\u00e4st boken men vem vet, kanske blir det intressant oavsett. I b\u00f6rjan av [&hellip;]\" \/>\n<meta property=\"og:url\" content=\"https:\/\/blogg.svenskakyrkan.se\/vandravagen\/2019\/03\/26\/en-prast-laser-silvertronen-igen\/\" \/>\n<meta property=\"og:site_name\" content=\"Vandra V\u00e4gen\" \/>\n<meta property=\"article:publisher\" content=\"http:\/\/facebook.com\/vandravagen\" \/>\n<meta property=\"article:published_time\" content=\"2019-03-26T06:00:06+00:00\" \/>\n<meta name=\"author\" content=\"Tomas Jarvid\" \/>\n<meta name=\"twitter:card\" content=\"summary_large_image\" \/>\n<meta name=\"twitter:creator\" content=\"@fadertomas\" \/>\n<meta name=\"twitter:site\" content=\"@fadertomas\" \/>\n<meta name=\"twitter:label1\" content=\"Skriven av\" \/>\n\t<meta name=\"twitter:data1\" content=\"Tomas Jarvid\" \/>\n\t<meta name=\"twitter:label2\" content=\"Ber\u00e4knad l\u00e4stid\" \/>\n\t<meta name=\"twitter:data2\" content=\"4 minuter\" \/>\n<script type=\"application\/ld+json\" class=\"yoast-schema-graph\">{\"@context\":\"https:\/\/schema.org\",\"@graph\":[{\"@type\":\"Article\",\"@id\":\"https:\/\/blogg.svenskakyrkan.se\/vandravagen\/2019\/03\/26\/en-prast-laser-silvertronen-igen\/#article\",\"isPartOf\":{\"@id\":\"https:\/\/blogg.svenskakyrkan.se\/vandravagen\/2019\/03\/26\/en-prast-laser-silvertronen-igen\/\"},\"author\":{\"name\":\"Tomas Jarvid\",\"@id\":\"https:\/\/blogg.svenskakyrkan.se\/vandravagen\/#\/schema\/person\/25da02d4f76b137d04291711e2c9fc16\"},\"headline\":\"En pr\u00e4st l\u00e4ser Silvertronen (igen)\",\"datePublished\":\"2019-03-26T06:00:06+00:00\",\"mainEntityOfPage\":{\"@id\":\"https:\/\/blogg.svenskakyrkan.se\/vandravagen\/2019\/03\/26\/en-prast-laser-silvertronen-igen\/\"},\"wordCount\":862,\"commentCount\":2,\"publisher\":{\"@id\":\"https:\/\/blogg.svenskakyrkan.se\/vandravagen\/#organization\"},\"image\":{\"@id\":\"https:\/\/blogg.svenskakyrkan.se\/vandravagen\/2019\/03\/26\/en-prast-laser-silvertronen-igen\/#primaryimage\"},\"thumbnailUrl\":\"https:\/\/blogg.svenskakyrkan.se\/vandravagen\/files\/2019\/03\/IMG_6970-e1552941921732.jpg\",\"articleSection\":[\"b\u00f6cker\",\"boktips\",\"Teologi\"],\"inLanguage\":\"sv-SE\",\"potentialAction\":[{\"@type\":\"CommentAction\",\"name\":\"Comment\",\"target\":[\"https:\/\/blogg.svenskakyrkan.se\/vandravagen\/2019\/03\/26\/en-prast-laser-silvertronen-igen\/#respond\"]}]},{\"@type\":\"WebPage\",\"@id\":\"https:\/\/blogg.svenskakyrkan.se\/vandravagen\/2019\/03\/26\/en-prast-laser-silvertronen-igen\/\",\"url\":\"https:\/\/blogg.svenskakyrkan.se\/vandravagen\/2019\/03\/26\/en-prast-laser-silvertronen-igen\/\",\"name\":\"En pr\u00e4st l\u00e4ser Silvertronen (igen) - Vandra V\u00e4gen\",\"isPartOf\":{\"@id\":\"https:\/\/blogg.svenskakyrkan.se\/vandravagen\/#website\"},\"primaryImageOfPage\":{\"@id\":\"https:\/\/blogg.svenskakyrkan.se\/vandravagen\/2019\/03\/26\/en-prast-laser-silvertronen-igen\/#primaryimage\"},\"image\":{\"@id\":\"https:\/\/blogg.svenskakyrkan.se\/vandravagen\/2019\/03\/26\/en-prast-laser-silvertronen-igen\/#primaryimage\"},\"thumbnailUrl\":\"https:\/\/blogg.svenskakyrkan.se\/vandravagen\/files\/2019\/03\/IMG_6970-e1552941921732.jpg\",\"datePublished\":\"2019-03-26T06:00:06+00:00\",\"breadcrumb\":{\"@id\":\"https:\/\/blogg.svenskakyrkan.se\/vandravagen\/2019\/03\/26\/en-prast-laser-silvertronen-igen\/#breadcrumb\"},\"inLanguage\":\"sv-SE\",\"potentialAction\":[{\"@type\":\"ReadAction\",\"target\":[\"https:\/\/blogg.svenskakyrkan.se\/vandravagen\/2019\/03\/26\/en-prast-laser-silvertronen-igen\/\"]}]},{\"@type\":\"ImageObject\",\"inLanguage\":\"sv-SE\",\"@id\":\"https:\/\/blogg.svenskakyrkan.se\/vandravagen\/2019\/03\/26\/en-prast-laser-silvertronen-igen\/#primaryimage\",\"url\":\"https:\/\/blogg.svenskakyrkan.se\/vandravagen\/files\/2019\/03\/IMG_6970-e1552941921732.jpg\",\"contentUrl\":\"https:\/\/blogg.svenskakyrkan.se\/vandravagen\/files\/2019\/03\/IMG_6970-e1552941921732.jpg\",\"width\":960,\"height\":1280,\"caption\":\"En pr\u00e4st och Silvertronen av C.S Lewis\"},{\"@type\":\"BreadcrumbList\",\"@id\":\"https:\/\/blogg.svenskakyrkan.se\/vandravagen\/2019\/03\/26\/en-prast-laser-silvertronen-igen\/#breadcrumb\",\"itemListElement\":[{\"@type\":\"ListItem\",\"position\":1,\"name\":\"Hem\",\"item\":\"https:\/\/blogg.svenskakyrkan.se\/vandravagen\/\"},{\"@type\":\"ListItem\",\"position\":2,\"name\":\"En pr\u00e4st l\u00e4ser Silvertronen (igen)\"}]},{\"@type\":\"WebSite\",\"@id\":\"https:\/\/blogg.svenskakyrkan.se\/vandravagen\/#website\",\"url\":\"https:\/\/blogg.svenskakyrkan.se\/vandravagen\/\",\"name\":\"Vandra V\u00e4gen\",\"description\":\"-Mot en tro f\u00f6r hela livet\",\"publisher\":{\"@id\":\"https:\/\/blogg.svenskakyrkan.se\/vandravagen\/#organization\"},\"potentialAction\":[{\"@type\":\"SearchAction\",\"target\":{\"@type\":\"EntryPoint\",\"urlTemplate\":\"https:\/\/blogg.svenskakyrkan.se\/vandravagen\/?s={search_term_string}\"},\"query-input\":{\"@type\":\"PropertyValueSpecification\",\"valueRequired\":true,\"valueName\":\"search_term_string\"}}],\"inLanguage\":\"sv-SE\"},{\"@type\":\"Organization\",\"@id\":\"https:\/\/blogg.svenskakyrkan.se\/vandravagen\/#organization\",\"name\":\"ulricehamns pastorat\",\"alternateName\":\"ulricehamns pastorat\",\"url\":\"https:\/\/blogg.svenskakyrkan.se\/vandravagen\/\",\"logo\":{\"@type\":\"ImageObject\",\"inLanguage\":\"sv-SE\",\"@id\":\"https:\/\/blogg.svenskakyrkan.se\/vandravagen\/#\/schema\/logo\/image\/\",\"url\":\"https:\/\/blogg.svenskakyrkan.se\/vandravagen\/files\/2023\/05\/Ulr_logo_RGB.png\",\"contentUrl\":\"https:\/\/blogg.svenskakyrkan.se\/vandravagen\/files\/2023\/05\/Ulr_logo_RGB.png\",\"width\":205,\"height\":77,\"caption\":\"ulricehamns pastorat\"},\"image\":{\"@id\":\"https:\/\/blogg.svenskakyrkan.se\/vandravagen\/#\/schema\/logo\/image\/\"},\"sameAs\":[\"http:\/\/facebook.com\/vandravagen\",\"https:\/\/x.com\/fadertomas\",\"http:\/\/www.facebook.com\/svenskakyrkaniulricehamn\"]},{\"@type\":\"Person\",\"@id\":\"https:\/\/blogg.svenskakyrkan.se\/vandravagen\/#\/schema\/person\/25da02d4f76b137d04291711e2c9fc16\",\"name\":\"Tomas Jarvid\",\"image\":{\"@type\":\"ImageObject\",\"inLanguage\":\"sv-SE\",\"@id\":\"https:\/\/blogg.svenskakyrkan.se\/vandravagen\/#\/schema\/person\/image\/\",\"url\":\"https:\/\/secure.gravatar.com\/avatar\/7fa71899795e8f540f615a1f5ab25255dc27aa40f05ee7ddd21aac521e01bf50?s=96&d=identicon&r=g\",\"contentUrl\":\"https:\/\/secure.gravatar.com\/avatar\/7fa71899795e8f540f615a1f5ab25255dc27aa40f05ee7ddd21aac521e01bf50?s=96&d=identicon&r=g\",\"caption\":\"Tomas Jarvid\"},\"description\":\"Jag bor i Ulricehamn i V\u00e4sterg\u00f6tland och \u00e4r f\u00f6rsamlingspr\u00e4st i Svenska Kyrkan f\u00f6r Dalstorps f\u00f6rsamling i Kinds pastorat. P\u00e5 den h\u00e4r bloggen skriver jag ner tankar om vandringen som kristen.\",\"sameAs\":[\"http:\/\/www.vandravagen.se\"],\"url\":\"https:\/\/blogg.svenskakyrkan.se\/vandravagen\/author\/vandravagen\/\"}]}<\/script>\n<!-- \/ Yoast SEO plugin. -->","yoast_head_json":{"title":"En pr\u00e4st l\u00e4ser Silvertronen (igen) - Vandra V\u00e4gen","robots":{"index":"index","follow":"follow","max-snippet":"max-snippet:-1","max-image-preview":"max-image-preview:large","max-video-preview":"max-video-preview:-1"},"canonical":"https:\/\/blogg.svenskakyrkan.se\/vandravagen\/2019\/03\/26\/en-prast-laser-silvertronen-igen\/","og_locale":"sv_SE","og_type":"article","og_title":"En pr\u00e4st l\u00e4ser Silvertronen (igen) - Vandra V\u00e4gen","og_description":"Jag har \u00e5terigen l\u00e4st en narniabok h\u00f6gt f\u00f6r barnen; &#8221;silvertronen&#8221; av C S Lewis. Det \u00e4r f\u00f6rst\u00e5s ett rent n\u00f6je att f\u00e5 \u00e5terv\u00e4nda till de b\u00f6ckerna. Jag t\u00e4nkte dela n\u00e5gra reflektioner kring handlingen, det \u00e4r s\u00e4kert roligare att l\u00e4sa om man ocks\u00e5 l\u00e4st boken men vem vet, kanske blir det intressant oavsett. I b\u00f6rjan av [&hellip;]","og_url":"https:\/\/blogg.svenskakyrkan.se\/vandravagen\/2019\/03\/26\/en-prast-laser-silvertronen-igen\/","og_site_name":"Vandra V\u00e4gen","article_publisher":"http:\/\/facebook.com\/vandravagen","article_published_time":"2019-03-26T06:00:06+00:00","author":"Tomas Jarvid","twitter_card":"summary_large_image","twitter_creator":"@fadertomas","twitter_site":"@fadertomas","twitter_misc":{"Skriven av":"Tomas Jarvid","Ber\u00e4knad l\u00e4stid":"4 minuter"},"schema":{"@context":"https:\/\/schema.org","@graph":[{"@type":"Article","@id":"https:\/\/blogg.svenskakyrkan.se\/vandravagen\/2019\/03\/26\/en-prast-laser-silvertronen-igen\/#article","isPartOf":{"@id":"https:\/\/blogg.svenskakyrkan.se\/vandravagen\/2019\/03\/26\/en-prast-laser-silvertronen-igen\/"},"author":{"name":"Tomas Jarvid","@id":"https:\/\/blogg.svenskakyrkan.se\/vandravagen\/#\/schema\/person\/25da02d4f76b137d04291711e2c9fc16"},"headline":"En pr\u00e4st l\u00e4ser Silvertronen (igen)","datePublished":"2019-03-26T06:00:06+00:00","mainEntityOfPage":{"@id":"https:\/\/blogg.svenskakyrkan.se\/vandravagen\/2019\/03\/26\/en-prast-laser-silvertronen-igen\/"},"wordCount":862,"commentCount":2,"publisher":{"@id":"https:\/\/blogg.svenskakyrkan.se\/vandravagen\/#organization"},"image":{"@id":"https:\/\/blogg.svenskakyrkan.se\/vandravagen\/2019\/03\/26\/en-prast-laser-silvertronen-igen\/#primaryimage"},"thumbnailUrl":"https:\/\/blogg.svenskakyrkan.se\/vandravagen\/files\/2019\/03\/IMG_6970-e1552941921732.jpg","articleSection":["b\u00f6cker","boktips","Teologi"],"inLanguage":"sv-SE","potentialAction":[{"@type":"CommentAction","name":"Comment","target":["https:\/\/blogg.svenskakyrkan.se\/vandravagen\/2019\/03\/26\/en-prast-laser-silvertronen-igen\/#respond"]}]},{"@type":"WebPage","@id":"https:\/\/blogg.svenskakyrkan.se\/vandravagen\/2019\/03\/26\/en-prast-laser-silvertronen-igen\/","url":"https:\/\/blogg.svenskakyrkan.se\/vandravagen\/2019\/03\/26\/en-prast-laser-silvertronen-igen\/","name":"En pr\u00e4st l\u00e4ser Silvertronen (igen) - Vandra V\u00e4gen","isPartOf":{"@id":"https:\/\/blogg.svenskakyrkan.se\/vandravagen\/#website"},"primaryImageOfPage":{"@id":"https:\/\/blogg.svenskakyrkan.se\/vandravagen\/2019\/03\/26\/en-prast-laser-silvertronen-igen\/#primaryimage"},"image":{"@id":"https:\/\/blogg.svenskakyrkan.se\/vandravagen\/2019\/03\/26\/en-prast-laser-silvertronen-igen\/#primaryimage"},"thumbnailUrl":"https:\/\/blogg.svenskakyrkan.se\/vandravagen\/files\/2019\/03\/IMG_6970-e1552941921732.jpg","datePublished":"2019-03-26T06:00:06+00:00","breadcrumb":{"@id":"https:\/\/blogg.svenskakyrkan.se\/vandravagen\/2019\/03\/26\/en-prast-laser-silvertronen-igen\/#breadcrumb"},"inLanguage":"sv-SE","potentialAction":[{"@type":"ReadAction","target":["https:\/\/blogg.svenskakyrkan.se\/vandravagen\/2019\/03\/26\/en-prast-laser-silvertronen-igen\/"]}]},{"@type":"ImageObject","inLanguage":"sv-SE","@id":"https:\/\/blogg.svenskakyrkan.se\/vandravagen\/2019\/03\/26\/en-prast-laser-silvertronen-igen\/#primaryimage","url":"https:\/\/blogg.svenskakyrkan.se\/vandravagen\/files\/2019\/03\/IMG_6970-e1552941921732.jpg","contentUrl":"https:\/\/blogg.svenskakyrkan.se\/vandravagen\/files\/2019\/03\/IMG_6970-e1552941921732.jpg","width":960,"height":1280,"caption":"En pr\u00e4st och Silvertronen av C.S Lewis"},{"@type":"BreadcrumbList","@id":"https:\/\/blogg.svenskakyrkan.se\/vandravagen\/2019\/03\/26\/en-prast-laser-silvertronen-igen\/#breadcrumb","itemListElement":[{"@type":"ListItem","position":1,"name":"Hem","item":"https:\/\/blogg.svenskakyrkan.se\/vandravagen\/"},{"@type":"ListItem","position":2,"name":"En pr\u00e4st l\u00e4ser Silvertronen (igen)"}]},{"@type":"WebSite","@id":"https:\/\/blogg.svenskakyrkan.se\/vandravagen\/#website","url":"https:\/\/blogg.svenskakyrkan.se\/vandravagen\/","name":"Vandra V\u00e4gen","description":"-Mot en tro f\u00f6r hela livet","publisher":{"@id":"https:\/\/blogg.svenskakyrkan.se\/vandravagen\/#organization"},"potentialAction":[{"@type":"SearchAction","target":{"@type":"EntryPoint","urlTemplate":"https:\/\/blogg.svenskakyrkan.se\/vandravagen\/?s={search_term_string}"},"query-input":{"@type":"PropertyValueSpecification","valueRequired":true,"valueName":"search_term_string"}}],"inLanguage":"sv-SE"},{"@type":"Organization","@id":"https:\/\/blogg.svenskakyrkan.se\/vandravagen\/#organization","name":"ulricehamns pastorat","alternateName":"ulricehamns pastorat","url":"https:\/\/blogg.svenskakyrkan.se\/vandravagen\/","logo":{"@type":"ImageObject","inLanguage":"sv-SE","@id":"https:\/\/blogg.svenskakyrkan.se\/vandravagen\/#\/schema\/logo\/image\/","url":"https:\/\/blogg.svenskakyrkan.se\/vandravagen\/files\/2023\/05\/Ulr_logo_RGB.png","contentUrl":"https:\/\/blogg.svenskakyrkan.se\/vandravagen\/files\/2023\/05\/Ulr_logo_RGB.png","width":205,"height":77,"caption":"ulricehamns pastorat"},"image":{"@id":"https:\/\/blogg.svenskakyrkan.se\/vandravagen\/#\/schema\/logo\/image\/"},"sameAs":["http:\/\/facebook.com\/vandravagen","https:\/\/x.com\/fadertomas","http:\/\/www.facebook.com\/svenskakyrkaniulricehamn"]},{"@type":"Person","@id":"https:\/\/blogg.svenskakyrkan.se\/vandravagen\/#\/schema\/person\/25da02d4f76b137d04291711e2c9fc16","name":"Tomas Jarvid","image":{"@type":"ImageObject","inLanguage":"sv-SE","@id":"https:\/\/blogg.svenskakyrkan.se\/vandravagen\/#\/schema\/person\/image\/","url":"https:\/\/secure.gravatar.com\/avatar\/7fa71899795e8f540f615a1f5ab25255dc27aa40f05ee7ddd21aac521e01bf50?s=96&d=identicon&r=g","contentUrl":"https:\/\/secure.gravatar.com\/avatar\/7fa71899795e8f540f615a1f5ab25255dc27aa40f05ee7ddd21aac521e01bf50?s=96&d=identicon&r=g","caption":"Tomas Jarvid"},"description":"Jag bor i Ulricehamn i V\u00e4sterg\u00f6tland och \u00e4r f\u00f6rsamlingspr\u00e4st i Svenska Kyrkan f\u00f6r Dalstorps f\u00f6rsamling i Kinds pastorat. P\u00e5 den h\u00e4r bloggen skriver jag ner tankar om vandringen som kristen.","sameAs":["http:\/\/www.vandravagen.se"],"url":"https:\/\/blogg.svenskakyrkan.se\/vandravagen\/author\/vandravagen\/"}]}},"author_meta":{"ID":"392","user_nicename":"vandravagen","user_url":"http:\/\/www.vandravagen.se","user_registered":"2014-05-19 05:44:52","display_name":"Tomas Jarvid","first_name":"Tomas","last_name":"Jarvid","avatar":"https:\/\/secure.gravatar.com\/avatar\/7fa71899795e8f540f615a1f5ab25255dc27aa40f05ee7ddd21aac521e01bf50?s=96&d=identicon&r=g"},"featured_image":["https:\/\/blogg.svenskakyrkan.se\/vandravagen\/files\/2019\/03\/IMG_6970-1024x768.jpg",1024,768,true],"bloginfo":{"name":"Vandra V\u00e4gen","url":"https:\/\/blogg.svenskakyrkan.se\/vandravagen"},"_links":{"self":[{"href":"https:\/\/blogg.svenskakyrkan.se\/vandravagen\/wp-json\/wp\/v2\/posts\/7023","targetHints":{"allow":["GET"]}}],"collection":[{"href":"https:\/\/blogg.svenskakyrkan.se\/vandravagen\/wp-json\/wp\/v2\/posts"}],"about":[{"href":"https:\/\/blogg.svenskakyrkan.se\/vandravagen\/wp-json\/wp\/v2\/types\/post"}],"author":[{"embeddable":true,"href":"https:\/\/blogg.svenskakyrkan.se\/vandravagen\/wp-json\/wp\/v2\/users\/392"}],"replies":[{"embeddable":true,"href":"https:\/\/blogg.svenskakyrkan.se\/vandravagen\/wp-json\/wp\/v2\/comments?post=7023"}],"version-history":[{"count":2,"href":"https:\/\/blogg.svenskakyrkan.se\/vandravagen\/wp-json\/wp\/v2\/posts\/7023\/revisions"}],"predecessor-version":[{"id":7047,"href":"https:\/\/blogg.svenskakyrkan.se\/vandravagen\/wp-json\/wp\/v2\/posts\/7023\/revisions\/7047"}],"wp:featuredmedia":[{"embeddable":true,"href":"https:\/\/blogg.svenskakyrkan.se\/vandravagen\/wp-json\/wp\/v2\/media\/7046"}],"wp:attachment":[{"href":"https:\/\/blogg.svenskakyrkan.se\/vandravagen\/wp-json\/wp\/v2\/media?parent=7023"}],"wp:term":[{"taxonomy":"category","embeddable":true,"href":"https:\/\/blogg.svenskakyrkan.se\/vandravagen\/wp-json\/wp\/v2\/categories?post=7023"},{"taxonomy":"post_tag","embeddable":true,"href":"https:\/\/blogg.svenskakyrkan.se\/vandravagen\/wp-json\/wp\/v2\/tags?post=7023"}],"curies":[{"name":"wp","href":"https:\/\/api.w.org\/{rel}","templated":true}]}}