{"id":704,"date":"2013-02-20T09:38:00","date_gmt":"2013-02-20T08:38:00","guid":{"rendered":"http:\/\/blogg.svenskakyrkan.se\/vandravagen\/2013\/02\/20\/nedrakning-till-livet-eller-till-doden\/"},"modified":"2013-02-20T09:38:00","modified_gmt":"2013-02-20T08:38:00","slug":"nedrakning-till-livet-eller-till-doden","status":"publish","type":"post","link":"https:\/\/blogg.svenskakyrkan.se\/vandravagen\/2013\/02\/20\/nedrakning-till-livet-eller-till-doden\/","title":{"rendered":"Nedr\u00e4kning till livet eller till d\u00f6den?"},"content":{"rendered":"<table align=\"center\" cellpadding=\"0\" cellspacing=\"0\">\n<tbody>\n<tr>\n<td><a href=\"http:\/\/1.bp.blogspot.com\/-9lJ1Bqv6Oa4\/Tx8jCI5l-gI\/AAAAAAAAACA\/Jz1yUxA98cE\/s1600\/Grusvag.jpg\"><img loading=\"lazy\" decoding=\"async\" border=\"0\" height=\"300\" src=\"http:\/\/1.bp.blogspot.com\/-9lJ1Bqv6Oa4\/Tx8jCI5l-gI\/AAAAAAAAACA\/Jz1yUxA98cE\/s400\/Grusvag.jpg\" width=\"400\"><\/a><\/td>\n<\/tr>\n<tr>\n<td>En l\u00e5ng v\u00e4g att g\u00e5?<\/td>\n<\/tr>\n<\/tbody>\n<\/table>\n<p>Jag h\u00f6rde nyligen om en ingenj\u00f6r p\u00e5 IBM. Hans jobb var s\u00e5 enast\u00e5ende enformigt att han hade programmerat ihop ett program som r\u00e4knade ner varje \u00e5r, m\u00e5nad, vecka, dag, timme, minut och sekund till pensionen. F\u00f6r d\u00e5, sa ha, d\u00e5 b\u00f6rjar det riktiga livet. Hon som fick h\u00f6ra om nedr\u00e4kningen tog det som ett sk\u00e4l att byta jobb.<\/p>\n<p>Jag tycker det var en r\u00e4tt d\u00e5lig nedr\u00e4kning, det \u00e4r inte mycket till liv om man bara ska sitta av tiden tills man \u00e4r 65 och tro att allt pl\u00f6tsligt blir bra d\u00e5?<\/p>\n<p>L\u00e4ngre tillbaka h\u00f6rde jag om en radioamat\u00f6r som via radion ber\u00e4ttade f\u00f6r en annan att han ocks\u00e5 hade en nedr\u00e4kning. Han hade r\u00e4knat ut hur l\u00e4nge han skulle leva rent statistiskt, sedan hade han skaffat en glaskula f\u00f6r varje vecka han hade kvar och lagt dem i en stor burk. Varje s\u00f6ndag plockade han ut en kula och l\u00e5ngsamt krympte inneh\u00e5llet i burken, precis som hans utm\u00e4tta tid.<\/p>\n<p>Just den h\u00e4r s\u00f6ndagen, ber\u00e4ttade han f\u00f6r den andra radioamat\u00f6ren, hade han tagit den sista kulan ur burken. Fr\u00e5n och med nu var allt bonus. Och han var tacksam \u00f6ver alla de veckor han f\u00e5tt.<\/p>\n<p>Den andra mannens nedr\u00e4kning var inte en flykt fr\u00e5n vardagen utan ett s\u00e4tt att komma ih\u00e5g att ta vara p\u00e5 dagarna.<\/p>\n<p>Hur ser du p\u00e5 din tid?<\/p>\n","protected":false},"excerpt":{"rendered":"<p>En l\u00e5ng v\u00e4g att g\u00e5? Jag h\u00f6rde nyligen om en ingenj\u00f6r p\u00e5 IBM. Hans jobb var s\u00e5 enast\u00e5ende enformigt att han hade programmerat ihop ett program som r\u00e4knade ner varje \u00e5r, m\u00e5nad, vecka, dag, timme, minut och sekund till pensionen. F\u00f6r d\u00e5, sa ha, d\u00e5 b\u00f6rjar det riktiga livet. Hon som fick h\u00f6ra om nedr\u00e4kningen [&hellip;]<\/p>\n","protected":false},"author":392,"featured_media":0,"comment_status":"open","ping_status":"open","sticky":false,"template":"","format":"standard","meta":{"_acf_changed":false,"footnotes":""},"categories":[75887,77554],"tags":[],"class_list":["post-704","post","type-post","status-publish","format-standard","hentry","category-andlighet","category-vara-manniska"],"acf":[],"yoast_head":"<!-- This site is optimized with the Yoast SEO plugin v27.1.1 - https:\/\/yoast.com\/product\/yoast-seo-wordpress\/ -->\n<title>Nedr\u00e4kning till livet eller till d\u00f6den? - Vandra V\u00e4gen<\/title>\n<meta name=\"robots\" content=\"index, follow, max-snippet:-1, max-image-preview:large, max-video-preview:-1\" \/>\n<link rel=\"canonical\" href=\"https:\/\/blogg.svenskakyrkan.se\/vandravagen\/2013\/02\/20\/nedrakning-till-livet-eller-till-doden\/\" \/>\n<meta property=\"og:locale\" content=\"sv_SE\" \/>\n<meta property=\"og:type\" content=\"article\" \/>\n<meta property=\"og:title\" content=\"Nedr\u00e4kning till livet eller till d\u00f6den? - Vandra V\u00e4gen\" \/>\n<meta property=\"og:description\" content=\"En l\u00e5ng v\u00e4g att g\u00e5? Jag h\u00f6rde nyligen om en ingenj\u00f6r p\u00e5 IBM. Hans jobb var s\u00e5 enast\u00e5ende enformigt att han hade programmerat ihop ett program som r\u00e4knade ner varje \u00e5r, m\u00e5nad, vecka, dag, timme, minut och sekund till pensionen. F\u00f6r d\u00e5, sa ha, d\u00e5 b\u00f6rjar det riktiga livet. Hon som fick h\u00f6ra om nedr\u00e4kningen [&hellip;]\" \/>\n<meta property=\"og:url\" content=\"https:\/\/blogg.svenskakyrkan.se\/vandravagen\/2013\/02\/20\/nedrakning-till-livet-eller-till-doden\/\" \/>\n<meta property=\"og:site_name\" content=\"Vandra V\u00e4gen\" \/>\n<meta property=\"article:publisher\" content=\"http:\/\/facebook.com\/vandravagen\" \/>\n<meta property=\"article:published_time\" content=\"2013-02-20T08:38:00+00:00\" \/>\n<meta property=\"og:image\" content=\"http:\/\/1.bp.blogspot.com\/-9lJ1Bqv6Oa4\/Tx8jCI5l-gI\/AAAAAAAAACA\/Jz1yUxA98cE\/s400\/Grusvag.jpg\" \/>\n<meta name=\"author\" content=\"Tomas Jarvid\" \/>\n<meta name=\"twitter:card\" content=\"summary_large_image\" \/>\n<meta name=\"twitter:creator\" content=\"@fadertomas\" \/>\n<meta name=\"twitter:site\" content=\"@fadertomas\" \/>\n<meta name=\"twitter:label1\" content=\"Skriven av\" \/>\n\t<meta name=\"twitter:data1\" content=\"Tomas Jarvid\" \/>\n\t<meta name=\"twitter:label2\" content=\"Ber\u00e4knad l\u00e4stid\" \/>\n\t<meta name=\"twitter:data2\" content=\"1 minut\" \/>\n<script type=\"application\/ld+json\" class=\"yoast-schema-graph\">{\"@context\":\"https:\/\/schema.org\",\"@graph\":[{\"@type\":\"Article\",\"@id\":\"https:\/\/blogg.svenskakyrkan.se\/vandravagen\/2013\/02\/20\/nedrakning-till-livet-eller-till-doden\/#article\",\"isPartOf\":{\"@id\":\"https:\/\/blogg.svenskakyrkan.se\/vandravagen\/2013\/02\/20\/nedrakning-till-livet-eller-till-doden\/\"},\"author\":{\"name\":\"Tomas Jarvid\",\"@id\":\"https:\/\/blogg.svenskakyrkan.se\/vandravagen\/#\/schema\/person\/25da02d4f76b137d04291711e2c9fc16\"},\"headline\":\"Nedr\u00e4kning till livet eller till d\u00f6den?\",\"datePublished\":\"2013-02-20T08:38:00+00:00\",\"mainEntityOfPage\":{\"@id\":\"https:\/\/blogg.svenskakyrkan.se\/vandravagen\/2013\/02\/20\/nedrakning-till-livet-eller-till-doden\/\"},\"wordCount\":273,\"commentCount\":3,\"publisher\":{\"@id\":\"https:\/\/blogg.svenskakyrkan.se\/vandravagen\/#organization\"},\"image\":{\"@id\":\"https:\/\/blogg.svenskakyrkan.se\/vandravagen\/2013\/02\/20\/nedrakning-till-livet-eller-till-doden\/#primaryimage\"},\"thumbnailUrl\":\"http:\/\/1.bp.blogspot.com\/-9lJ1Bqv6Oa4\/Tx8jCI5l-gI\/AAAAAAAAACA\/Jz1yUxA98cE\/s400\/Grusvag.jpg\",\"articleSection\":[\"andlighet\",\"vara m\u00e4nniska\"],\"inLanguage\":\"sv-SE\",\"potentialAction\":[{\"@type\":\"CommentAction\",\"name\":\"Comment\",\"target\":[\"https:\/\/blogg.svenskakyrkan.se\/vandravagen\/2013\/02\/20\/nedrakning-till-livet-eller-till-doden\/#respond\"]}]},{\"@type\":\"WebPage\",\"@id\":\"https:\/\/blogg.svenskakyrkan.se\/vandravagen\/2013\/02\/20\/nedrakning-till-livet-eller-till-doden\/\",\"url\":\"https:\/\/blogg.svenskakyrkan.se\/vandravagen\/2013\/02\/20\/nedrakning-till-livet-eller-till-doden\/\",\"name\":\"Nedr\u00e4kning till livet eller till d\u00f6den? - Vandra V\u00e4gen\",\"isPartOf\":{\"@id\":\"https:\/\/blogg.svenskakyrkan.se\/vandravagen\/#website\"},\"primaryImageOfPage\":{\"@id\":\"https:\/\/blogg.svenskakyrkan.se\/vandravagen\/2013\/02\/20\/nedrakning-till-livet-eller-till-doden\/#primaryimage\"},\"image\":{\"@id\":\"https:\/\/blogg.svenskakyrkan.se\/vandravagen\/2013\/02\/20\/nedrakning-till-livet-eller-till-doden\/#primaryimage\"},\"thumbnailUrl\":\"http:\/\/1.bp.blogspot.com\/-9lJ1Bqv6Oa4\/Tx8jCI5l-gI\/AAAAAAAAACA\/Jz1yUxA98cE\/s400\/Grusvag.jpg\",\"datePublished\":\"2013-02-20T08:38:00+00:00\",\"breadcrumb\":{\"@id\":\"https:\/\/blogg.svenskakyrkan.se\/vandravagen\/2013\/02\/20\/nedrakning-till-livet-eller-till-doden\/#breadcrumb\"},\"inLanguage\":\"sv-SE\",\"potentialAction\":[{\"@type\":\"ReadAction\",\"target\":[\"https:\/\/blogg.svenskakyrkan.se\/vandravagen\/2013\/02\/20\/nedrakning-till-livet-eller-till-doden\/\"]}]},{\"@type\":\"ImageObject\",\"inLanguage\":\"sv-SE\",\"@id\":\"https:\/\/blogg.svenskakyrkan.se\/vandravagen\/2013\/02\/20\/nedrakning-till-livet-eller-till-doden\/#primaryimage\",\"url\":\"http:\/\/1.bp.blogspot.com\/-9lJ1Bqv6Oa4\/Tx8jCI5l-gI\/AAAAAAAAACA\/Jz1yUxA98cE\/s400\/Grusvag.jpg\",\"contentUrl\":\"http:\/\/1.bp.blogspot.com\/-9lJ1Bqv6Oa4\/Tx8jCI5l-gI\/AAAAAAAAACA\/Jz1yUxA98cE\/s400\/Grusvag.jpg\"},{\"@type\":\"BreadcrumbList\",\"@id\":\"https:\/\/blogg.svenskakyrkan.se\/vandravagen\/2013\/02\/20\/nedrakning-till-livet-eller-till-doden\/#breadcrumb\",\"itemListElement\":[{\"@type\":\"ListItem\",\"position\":1,\"name\":\"Hem\",\"item\":\"https:\/\/blogg.svenskakyrkan.se\/vandravagen\/\"},{\"@type\":\"ListItem\",\"position\":2,\"name\":\"Nedr\u00e4kning till livet eller till d\u00f6den?\"}]},{\"@type\":\"WebSite\",\"@id\":\"https:\/\/blogg.svenskakyrkan.se\/vandravagen\/#website\",\"url\":\"https:\/\/blogg.svenskakyrkan.se\/vandravagen\/\",\"name\":\"Vandra V\u00e4gen\",\"description\":\"-Mot en tro f\u00f6r hela livet\",\"publisher\":{\"@id\":\"https:\/\/blogg.svenskakyrkan.se\/vandravagen\/#organization\"},\"potentialAction\":[{\"@type\":\"SearchAction\",\"target\":{\"@type\":\"EntryPoint\",\"urlTemplate\":\"https:\/\/blogg.svenskakyrkan.se\/vandravagen\/?s={search_term_string}\"},\"query-input\":{\"@type\":\"PropertyValueSpecification\",\"valueRequired\":true,\"valueName\":\"search_term_string\"}}],\"inLanguage\":\"sv-SE\"},{\"@type\":\"Organization\",\"@id\":\"https:\/\/blogg.svenskakyrkan.se\/vandravagen\/#organization\",\"name\":\"ulricehamns pastorat\",\"alternateName\":\"ulricehamns pastorat\",\"url\":\"https:\/\/blogg.svenskakyrkan.se\/vandravagen\/\",\"logo\":{\"@type\":\"ImageObject\",\"inLanguage\":\"sv-SE\",\"@id\":\"https:\/\/blogg.svenskakyrkan.se\/vandravagen\/#\/schema\/logo\/image\/\",\"url\":\"https:\/\/blogg.svenskakyrkan.se\/vandravagen\/files\/2023\/05\/Ulr_logo_RGB.png\",\"contentUrl\":\"https:\/\/blogg.svenskakyrkan.se\/vandravagen\/files\/2023\/05\/Ulr_logo_RGB.png\",\"width\":205,\"height\":77,\"caption\":\"ulricehamns pastorat\"},\"image\":{\"@id\":\"https:\/\/blogg.svenskakyrkan.se\/vandravagen\/#\/schema\/logo\/image\/\"},\"sameAs\":[\"http:\/\/facebook.com\/vandravagen\",\"https:\/\/x.com\/fadertomas\",\"http:\/\/www.facebook.com\/svenskakyrkaniulricehamn\"]},{\"@type\":\"Person\",\"@id\":\"https:\/\/blogg.svenskakyrkan.se\/vandravagen\/#\/schema\/person\/25da02d4f76b137d04291711e2c9fc16\",\"name\":\"Tomas Jarvid\",\"image\":{\"@type\":\"ImageObject\",\"inLanguage\":\"sv-SE\",\"@id\":\"https:\/\/blogg.svenskakyrkan.se\/vandravagen\/#\/schema\/person\/image\/\",\"url\":\"https:\/\/secure.gravatar.com\/avatar\/7fa71899795e8f540f615a1f5ab25255dc27aa40f05ee7ddd21aac521e01bf50?s=96&d=identicon&r=g\",\"contentUrl\":\"https:\/\/secure.gravatar.com\/avatar\/7fa71899795e8f540f615a1f5ab25255dc27aa40f05ee7ddd21aac521e01bf50?s=96&d=identicon&r=g\",\"caption\":\"Tomas Jarvid\"},\"description\":\"Jag bor i Ulricehamn i V\u00e4sterg\u00f6tland och \u00e4r f\u00f6rsamlingspr\u00e4st i Svenska Kyrkan f\u00f6r Dalstorps f\u00f6rsamling i Kinds pastorat. P\u00e5 den h\u00e4r bloggen skriver jag ner tankar om vandringen som kristen.\",\"sameAs\":[\"http:\/\/www.vandravagen.se\"],\"url\":\"https:\/\/blogg.svenskakyrkan.se\/vandravagen\/author\/vandravagen\/\"}]}<\/script>\n<!-- \/ Yoast SEO plugin. -->","yoast_head_json":{"title":"Nedr\u00e4kning till livet eller till d\u00f6den? - Vandra V\u00e4gen","robots":{"index":"index","follow":"follow","max-snippet":"max-snippet:-1","max-image-preview":"max-image-preview:large","max-video-preview":"max-video-preview:-1"},"canonical":"https:\/\/blogg.svenskakyrkan.se\/vandravagen\/2013\/02\/20\/nedrakning-till-livet-eller-till-doden\/","og_locale":"sv_SE","og_type":"article","og_title":"Nedr\u00e4kning till livet eller till d\u00f6den? - Vandra V\u00e4gen","og_description":"En l\u00e5ng v\u00e4g att g\u00e5? Jag h\u00f6rde nyligen om en ingenj\u00f6r p\u00e5 IBM. Hans jobb var s\u00e5 enast\u00e5ende enformigt att han hade programmerat ihop ett program som r\u00e4knade ner varje \u00e5r, m\u00e5nad, vecka, dag, timme, minut och sekund till pensionen. F\u00f6r d\u00e5, sa ha, d\u00e5 b\u00f6rjar det riktiga livet. Hon som fick h\u00f6ra om nedr\u00e4kningen [&hellip;]","og_url":"https:\/\/blogg.svenskakyrkan.se\/vandravagen\/2013\/02\/20\/nedrakning-till-livet-eller-till-doden\/","og_site_name":"Vandra V\u00e4gen","article_publisher":"http:\/\/facebook.com\/vandravagen","article_published_time":"2013-02-20T08:38:00+00:00","og_image":[{"url":"http:\/\/1.bp.blogspot.com\/-9lJ1Bqv6Oa4\/Tx8jCI5l-gI\/AAAAAAAAACA\/Jz1yUxA98cE\/s400\/Grusvag.jpg","type":"","width":"","height":""}],"author":"Tomas Jarvid","twitter_card":"summary_large_image","twitter_creator":"@fadertomas","twitter_site":"@fadertomas","twitter_misc":{"Skriven av":"Tomas Jarvid","Ber\u00e4knad l\u00e4stid":"1 minut"},"schema":{"@context":"https:\/\/schema.org","@graph":[{"@type":"Article","@id":"https:\/\/blogg.svenskakyrkan.se\/vandravagen\/2013\/02\/20\/nedrakning-till-livet-eller-till-doden\/#article","isPartOf":{"@id":"https:\/\/blogg.svenskakyrkan.se\/vandravagen\/2013\/02\/20\/nedrakning-till-livet-eller-till-doden\/"},"author":{"name":"Tomas Jarvid","@id":"https:\/\/blogg.svenskakyrkan.se\/vandravagen\/#\/schema\/person\/25da02d4f76b137d04291711e2c9fc16"},"headline":"Nedr\u00e4kning till livet eller till d\u00f6den?","datePublished":"2013-02-20T08:38:00+00:00","mainEntityOfPage":{"@id":"https:\/\/blogg.svenskakyrkan.se\/vandravagen\/2013\/02\/20\/nedrakning-till-livet-eller-till-doden\/"},"wordCount":273,"commentCount":3,"publisher":{"@id":"https:\/\/blogg.svenskakyrkan.se\/vandravagen\/#organization"},"image":{"@id":"https:\/\/blogg.svenskakyrkan.se\/vandravagen\/2013\/02\/20\/nedrakning-till-livet-eller-till-doden\/#primaryimage"},"thumbnailUrl":"http:\/\/1.bp.blogspot.com\/-9lJ1Bqv6Oa4\/Tx8jCI5l-gI\/AAAAAAAAACA\/Jz1yUxA98cE\/s400\/Grusvag.jpg","articleSection":["andlighet","vara m\u00e4nniska"],"inLanguage":"sv-SE","potentialAction":[{"@type":"CommentAction","name":"Comment","target":["https:\/\/blogg.svenskakyrkan.se\/vandravagen\/2013\/02\/20\/nedrakning-till-livet-eller-till-doden\/#respond"]}]},{"@type":"WebPage","@id":"https:\/\/blogg.svenskakyrkan.se\/vandravagen\/2013\/02\/20\/nedrakning-till-livet-eller-till-doden\/","url":"https:\/\/blogg.svenskakyrkan.se\/vandravagen\/2013\/02\/20\/nedrakning-till-livet-eller-till-doden\/","name":"Nedr\u00e4kning till livet eller till d\u00f6den? - Vandra V\u00e4gen","isPartOf":{"@id":"https:\/\/blogg.svenskakyrkan.se\/vandravagen\/#website"},"primaryImageOfPage":{"@id":"https:\/\/blogg.svenskakyrkan.se\/vandravagen\/2013\/02\/20\/nedrakning-till-livet-eller-till-doden\/#primaryimage"},"image":{"@id":"https:\/\/blogg.svenskakyrkan.se\/vandravagen\/2013\/02\/20\/nedrakning-till-livet-eller-till-doden\/#primaryimage"},"thumbnailUrl":"http:\/\/1.bp.blogspot.com\/-9lJ1Bqv6Oa4\/Tx8jCI5l-gI\/AAAAAAAAACA\/Jz1yUxA98cE\/s400\/Grusvag.jpg","datePublished":"2013-02-20T08:38:00+00:00","breadcrumb":{"@id":"https:\/\/blogg.svenskakyrkan.se\/vandravagen\/2013\/02\/20\/nedrakning-till-livet-eller-till-doden\/#breadcrumb"},"inLanguage":"sv-SE","potentialAction":[{"@type":"ReadAction","target":["https:\/\/blogg.svenskakyrkan.se\/vandravagen\/2013\/02\/20\/nedrakning-till-livet-eller-till-doden\/"]}]},{"@type":"ImageObject","inLanguage":"sv-SE","@id":"https:\/\/blogg.svenskakyrkan.se\/vandravagen\/2013\/02\/20\/nedrakning-till-livet-eller-till-doden\/#primaryimage","url":"http:\/\/1.bp.blogspot.com\/-9lJ1Bqv6Oa4\/Tx8jCI5l-gI\/AAAAAAAAACA\/Jz1yUxA98cE\/s400\/Grusvag.jpg","contentUrl":"http:\/\/1.bp.blogspot.com\/-9lJ1Bqv6Oa4\/Tx8jCI5l-gI\/AAAAAAAAACA\/Jz1yUxA98cE\/s400\/Grusvag.jpg"},{"@type":"BreadcrumbList","@id":"https:\/\/blogg.svenskakyrkan.se\/vandravagen\/2013\/02\/20\/nedrakning-till-livet-eller-till-doden\/#breadcrumb","itemListElement":[{"@type":"ListItem","position":1,"name":"Hem","item":"https:\/\/blogg.svenskakyrkan.se\/vandravagen\/"},{"@type":"ListItem","position":2,"name":"Nedr\u00e4kning till livet eller till d\u00f6den?"}]},{"@type":"WebSite","@id":"https:\/\/blogg.svenskakyrkan.se\/vandravagen\/#website","url":"https:\/\/blogg.svenskakyrkan.se\/vandravagen\/","name":"Vandra V\u00e4gen","description":"-Mot en tro f\u00f6r hela livet","publisher":{"@id":"https:\/\/blogg.svenskakyrkan.se\/vandravagen\/#organization"},"potentialAction":[{"@type":"SearchAction","target":{"@type":"EntryPoint","urlTemplate":"https:\/\/blogg.svenskakyrkan.se\/vandravagen\/?s={search_term_string}"},"query-input":{"@type":"PropertyValueSpecification","valueRequired":true,"valueName":"search_term_string"}}],"inLanguage":"sv-SE"},{"@type":"Organization","@id":"https:\/\/blogg.svenskakyrkan.se\/vandravagen\/#organization","name":"ulricehamns pastorat","alternateName":"ulricehamns pastorat","url":"https:\/\/blogg.svenskakyrkan.se\/vandravagen\/","logo":{"@type":"ImageObject","inLanguage":"sv-SE","@id":"https:\/\/blogg.svenskakyrkan.se\/vandravagen\/#\/schema\/logo\/image\/","url":"https:\/\/blogg.svenskakyrkan.se\/vandravagen\/files\/2023\/05\/Ulr_logo_RGB.png","contentUrl":"https:\/\/blogg.svenskakyrkan.se\/vandravagen\/files\/2023\/05\/Ulr_logo_RGB.png","width":205,"height":77,"caption":"ulricehamns pastorat"},"image":{"@id":"https:\/\/blogg.svenskakyrkan.se\/vandravagen\/#\/schema\/logo\/image\/"},"sameAs":["http:\/\/facebook.com\/vandravagen","https:\/\/x.com\/fadertomas","http:\/\/www.facebook.com\/svenskakyrkaniulricehamn"]},{"@type":"Person","@id":"https:\/\/blogg.svenskakyrkan.se\/vandravagen\/#\/schema\/person\/25da02d4f76b137d04291711e2c9fc16","name":"Tomas Jarvid","image":{"@type":"ImageObject","inLanguage":"sv-SE","@id":"https:\/\/blogg.svenskakyrkan.se\/vandravagen\/#\/schema\/person\/image\/","url":"https:\/\/secure.gravatar.com\/avatar\/7fa71899795e8f540f615a1f5ab25255dc27aa40f05ee7ddd21aac521e01bf50?s=96&d=identicon&r=g","contentUrl":"https:\/\/secure.gravatar.com\/avatar\/7fa71899795e8f540f615a1f5ab25255dc27aa40f05ee7ddd21aac521e01bf50?s=96&d=identicon&r=g","caption":"Tomas Jarvid"},"description":"Jag bor i Ulricehamn i V\u00e4sterg\u00f6tland och \u00e4r f\u00f6rsamlingspr\u00e4st i Svenska Kyrkan f\u00f6r Dalstorps f\u00f6rsamling i Kinds pastorat. P\u00e5 den h\u00e4r bloggen skriver jag ner tankar om vandringen som kristen.","sameAs":["http:\/\/www.vandravagen.se"],"url":"https:\/\/blogg.svenskakyrkan.se\/vandravagen\/author\/vandravagen\/"}]}},"author_meta":{"ID":"392","user_nicename":"vandravagen","user_url":"http:\/\/www.vandravagen.se","user_registered":"2014-05-19 05:44:52","display_name":"Tomas Jarvid","first_name":"Tomas","last_name":"Jarvid","avatar":"https:\/\/secure.gravatar.com\/avatar\/7fa71899795e8f540f615a1f5ab25255dc27aa40f05ee7ddd21aac521e01bf50?s=96&d=identicon&r=g"},"featured_image":false,"bloginfo":{"name":"Vandra V\u00e4gen","url":"https:\/\/blogg.svenskakyrkan.se\/vandravagen"},"_links":{"self":[{"href":"https:\/\/blogg.svenskakyrkan.se\/vandravagen\/wp-json\/wp\/v2\/posts\/704","targetHints":{"allow":["GET"]}}],"collection":[{"href":"https:\/\/blogg.svenskakyrkan.se\/vandravagen\/wp-json\/wp\/v2\/posts"}],"about":[{"href":"https:\/\/blogg.svenskakyrkan.se\/vandravagen\/wp-json\/wp\/v2\/types\/post"}],"author":[{"embeddable":true,"href":"https:\/\/blogg.svenskakyrkan.se\/vandravagen\/wp-json\/wp\/v2\/users\/392"}],"replies":[{"embeddable":true,"href":"https:\/\/blogg.svenskakyrkan.se\/vandravagen\/wp-json\/wp\/v2\/comments?post=704"}],"version-history":[{"count":0,"href":"https:\/\/blogg.svenskakyrkan.se\/vandravagen\/wp-json\/wp\/v2\/posts\/704\/revisions"}],"wp:attachment":[{"href":"https:\/\/blogg.svenskakyrkan.se\/vandravagen\/wp-json\/wp\/v2\/media?parent=704"}],"wp:term":[{"taxonomy":"category","embeddable":true,"href":"https:\/\/blogg.svenskakyrkan.se\/vandravagen\/wp-json\/wp\/v2\/categories?post=704"},{"taxonomy":"post_tag","embeddable":true,"href":"https:\/\/blogg.svenskakyrkan.se\/vandravagen\/wp-json\/wp\/v2\/tags?post=704"}],"curies":[{"name":"wp","href":"https:\/\/api.w.org\/{rel}","templated":true}]}}