{"id":7050,"date":"2019-03-28T07:00:14","date_gmt":"2019-03-28T06:00:14","guid":{"rendered":"http:\/\/blogg.svenskakyrkan.se\/vandravagen\/?p=7050"},"modified":"2019-03-27T21:05:36","modified_gmt":"2019-03-27T20:05:36","slug":"jesus-i-oknen-med-en-ful-djavul","status":"publish","type":"post","link":"https:\/\/blogg.svenskakyrkan.se\/vandravagen\/2019\/03\/28\/jesus-i-oknen-med-en-ful-djavul\/","title":{"rendered":"Jesus i \u00f6knen med en ful dj\u00e4vul"},"content":{"rendered":"<p>I samma anda som i den bejublade bloggposten &#8221;<a href=\"https:\/\/blogg.svenskakyrkan.se\/vandravagen\/2019\/01\/07\/medeltida-serietidning-om-de-visa-mannen-och-andra-bilder\/\">medeltida serietidning om de visa m\u00e4nnen (och andra bilder)<\/a>&#8221; vill jag idag dela n\u00e5gra fina bilder jag st\u00f6tt p\u00e5 fr\u00e5n medeltida manuskript p\u00e5 Jesus som blir frestad av Dj\u00e4vulen i \u00f6knen.<\/p>\n<p><strong>P\u00e5 f\u00f6rsta bilden<\/strong> ovan ser vi som du kanske ser Dj\u00e4vulen komma k\u00e5nkande p\u00e5 n\u00e5gra stenar. Han s\u00e4ger till Jesus &#8221;om du \u00e4r Guds son s\u00e5 f\u00f6rvandla dessa till br\u00f6d&#8221;. Men Jesus g\u00e5r inte med p\u00e5 det utan svarar (med att citera bibeln s\u00e5klart) att m\u00e4nniskan inte lever bara p\u00e5 br\u00f6d utan av varje ord fr\u00e5n Guds mun.<\/p>\n<p>&nbsp;<\/p>\n<p><img loading=\"lazy\" decoding=\"async\" width=\"821\" height=\"604\" class=\"aligncenter size-full wp-image-7052\" src=\"http:\/\/blogg.svenskakyrkan.se\/vandravagen\/files\/2019\/03\/IMG_6943.jpg\" alt=\"\" srcset=\"https:\/\/blogg.svenskakyrkan.se\/vandravagen\/files\/2019\/03\/IMG_6943.jpg 821w, https:\/\/blogg.svenskakyrkan.se\/vandravagen\/files\/2019\/03\/IMG_6943-300x221.jpg 300w, https:\/\/blogg.svenskakyrkan.se\/vandravagen\/files\/2019\/03\/IMG_6943-768x565.jpg 768w\" sizes=\"auto, (max-width: 821px) 100vw, 821px\" \/><\/p>\n<p><strong>P\u00e5 andra bilden<\/strong> har Dj\u00e4vulen tagit med Jesus till Jerusalem och satt honom h\u00f6gst uppe p\u00e5 tempelmuren (v\u00e4ldigt roligt avbildat tycker jag) och s\u00e4ger att &#8221;om du \u00e4r Guds son s\u00e5 kasta dig ut d\u00e4rifr\u00e5n s\u00e5 ska du se att Gud f\u00e5ngar dig p\u00e5 v\u00e4gen. Men Jesus vill inte, han s\u00e4ger att det st\u00e5r i bibeln att man inte ska s\u00e4tta Gud p\u00e5 prov.<\/p>\n<p>&nbsp;<\/p>\n<p><img loading=\"lazy\" decoding=\"async\" width=\"700\" height=\"511\" class=\"aligncenter size-full wp-image-7053\" src=\"http:\/\/blogg.svenskakyrkan.se\/vandravagen\/files\/2019\/03\/IMG_6944.jpg\" alt=\"\" srcset=\"https:\/\/blogg.svenskakyrkan.se\/vandravagen\/files\/2019\/03\/IMG_6944.jpg 700w, https:\/\/blogg.svenskakyrkan.se\/vandravagen\/files\/2019\/03\/IMG_6944-300x219.jpg 300w\" sizes=\"auto, (max-width: 700px) 100vw, 700px\" \/><\/p>\n<p>Slutligen p\u00e5 tredje bilden tar Dj\u00e4vulen med Jesus upp p\u00e5 ett mycket h\u00f6gt berg (nja s\u00e5 v\u00e4rst h\u00f6gt ser det ju faktiskt inte ut?) och var honom alla v\u00e4rldens riken och rikedomar och lovar Jesus att allt det ska bli hans bara han faller ner och tillber Dj\u00e4vulen. Jesus svarar f\u00f6rst\u00e5s att det bara \u00e4r Gud man ska tillbe och dyrka.<\/p>\n<p>T\u00e4nkv\u00e4rt f\u00f6r \u00f6vrigt p\u00e5 vilket s\u00e4tt Dj\u00e4vulen skulle kunna ge Jesus vad han lovar i det h\u00e4r fallet? Jag tolkar det som att dj\u00e4vulen erbjuder v\u00e4rldslig framg\u00e5ng mot att Jesus \u00f6verger sitt gudagivna uppdrag (som ju snarare inneb\u00e4r lidande och enkelhet f\u00f6r honom).<\/p>\n<p>Fina bilder detta. De kunde m\u00e5la p\u00e5 medeltiden.<\/p>\n<p>&nbsp;<\/p>\n","protected":false},"excerpt":{"rendered":"<p>I samma anda som i den bejublade bloggposten &#8221;medeltida serietidning om de visa m\u00e4nnen (och andra bilder)&#8221; vill jag idag dela n\u00e5gra fina bilder jag st\u00f6tt p\u00e5 fr\u00e5n medeltida manuskript p\u00e5 Jesus som blir frestad av Dj\u00e4vulen i \u00f6knen. P\u00e5 f\u00f6rsta bilden ovan ser vi som du kanske ser Dj\u00e4vulen komma k\u00e5nkande p\u00e5 n\u00e5gra stenar. [&hellip;]<\/p>\n","protected":false},"author":392,"featured_media":7051,"comment_status":"open","ping_status":"open","sticky":false,"template":"","format":"standard","meta":{"_acf_changed":false,"footnotes":""},"categories":[8298,56],"tags":[],"class_list":["post-7050","post","type-post","status-publish","format-standard","has-post-thumbnail","hentry","category-bibeln","category-bilder"],"acf":[],"yoast_head":"<!-- This site is optimized with the Yoast SEO plugin v27.1.1 - https:\/\/yoast.com\/product\/yoast-seo-wordpress\/ -->\n<title>Jesus i \u00f6knen med en ful dj\u00e4vul - Vandra V\u00e4gen<\/title>\n<meta name=\"robots\" content=\"index, follow, max-snippet:-1, max-image-preview:large, max-video-preview:-1\" \/>\n<link rel=\"canonical\" href=\"https:\/\/blogg.svenskakyrkan.se\/vandravagen\/2019\/03\/28\/jesus-i-oknen-med-en-ful-djavul\/\" \/>\n<meta property=\"og:locale\" content=\"sv_SE\" \/>\n<meta property=\"og:type\" content=\"article\" \/>\n<meta property=\"og:title\" content=\"Jesus i \u00f6knen med en ful dj\u00e4vul - Vandra V\u00e4gen\" \/>\n<meta property=\"og:description\" content=\"I samma anda som i den bejublade bloggposten &#8221;medeltida serietidning om de visa m\u00e4nnen (och andra bilder)&#8221; vill jag idag dela n\u00e5gra fina bilder jag st\u00f6tt p\u00e5 fr\u00e5n medeltida manuskript p\u00e5 Jesus som blir frestad av Dj\u00e4vulen i \u00f6knen. P\u00e5 f\u00f6rsta bilden ovan ser vi som du kanske ser Dj\u00e4vulen komma k\u00e5nkande p\u00e5 n\u00e5gra stenar. [&hellip;]\" \/>\n<meta property=\"og:url\" content=\"https:\/\/blogg.svenskakyrkan.se\/vandravagen\/2019\/03\/28\/jesus-i-oknen-med-en-ful-djavul\/\" \/>\n<meta property=\"og:site_name\" content=\"Vandra V\u00e4gen\" \/>\n<meta property=\"article:publisher\" content=\"http:\/\/facebook.com\/vandravagen\" \/>\n<meta property=\"article:published_time\" content=\"2019-03-28T06:00:14+00:00\" \/>\n<meta property=\"og:image\" content=\"http:\/\/blogg.svenskakyrkan.se\/vandravagen\/files\/2019\/03\/IMG_6943.jpg\" \/>\n<meta name=\"author\" content=\"Tomas Jarvid\" \/>\n<meta name=\"twitter:card\" content=\"summary_large_image\" \/>\n<meta name=\"twitter:creator\" content=\"@fadertomas\" \/>\n<meta name=\"twitter:site\" content=\"@fadertomas\" \/>\n<meta name=\"twitter:label1\" content=\"Skriven av\" \/>\n\t<meta name=\"twitter:data1\" content=\"Tomas Jarvid\" \/>\n\t<meta name=\"twitter:label2\" content=\"Ber\u00e4knad l\u00e4stid\" \/>\n\t<meta name=\"twitter:data2\" content=\"2 minuter\" \/>\n<script type=\"application\/ld+json\" class=\"yoast-schema-graph\">{\"@context\":\"https:\/\/schema.org\",\"@graph\":[{\"@type\":\"Article\",\"@id\":\"https:\/\/blogg.svenskakyrkan.se\/vandravagen\/2019\/03\/28\/jesus-i-oknen-med-en-ful-djavul\/#article\",\"isPartOf\":{\"@id\":\"https:\/\/blogg.svenskakyrkan.se\/vandravagen\/2019\/03\/28\/jesus-i-oknen-med-en-ful-djavul\/\"},\"author\":{\"name\":\"Tomas Jarvid\",\"@id\":\"https:\/\/blogg.svenskakyrkan.se\/vandravagen\/#\/schema\/person\/25da02d4f76b137d04291711e2c9fc16\"},\"headline\":\"Jesus i \u00f6knen med en ful dj\u00e4vul\",\"datePublished\":\"2019-03-28T06:00:14+00:00\",\"mainEntityOfPage\":{\"@id\":\"https:\/\/blogg.svenskakyrkan.se\/vandravagen\/2019\/03\/28\/jesus-i-oknen-med-en-ful-djavul\/\"},\"wordCount\":332,\"commentCount\":0,\"publisher\":{\"@id\":\"https:\/\/blogg.svenskakyrkan.se\/vandravagen\/#organization\"},\"image\":{\"@id\":\"https:\/\/blogg.svenskakyrkan.se\/vandravagen\/2019\/03\/28\/jesus-i-oknen-med-en-ful-djavul\/#primaryimage\"},\"thumbnailUrl\":\"https:\/\/blogg.svenskakyrkan.se\/vandravagen\/files\/2019\/03\/IMG_6942.jpg\",\"articleSection\":[\"Bibeln\",\"bilder\"],\"inLanguage\":\"sv-SE\",\"potentialAction\":[{\"@type\":\"CommentAction\",\"name\":\"Comment\",\"target\":[\"https:\/\/blogg.svenskakyrkan.se\/vandravagen\/2019\/03\/28\/jesus-i-oknen-med-en-ful-djavul\/#respond\"]}]},{\"@type\":\"WebPage\",\"@id\":\"https:\/\/blogg.svenskakyrkan.se\/vandravagen\/2019\/03\/28\/jesus-i-oknen-med-en-ful-djavul\/\",\"url\":\"https:\/\/blogg.svenskakyrkan.se\/vandravagen\/2019\/03\/28\/jesus-i-oknen-med-en-ful-djavul\/\",\"name\":\"Jesus i \u00f6knen med en ful dj\u00e4vul - Vandra V\u00e4gen\",\"isPartOf\":{\"@id\":\"https:\/\/blogg.svenskakyrkan.se\/vandravagen\/#website\"},\"primaryImageOfPage\":{\"@id\":\"https:\/\/blogg.svenskakyrkan.se\/vandravagen\/2019\/03\/28\/jesus-i-oknen-med-en-ful-djavul\/#primaryimage\"},\"image\":{\"@id\":\"https:\/\/blogg.svenskakyrkan.se\/vandravagen\/2019\/03\/28\/jesus-i-oknen-med-en-ful-djavul\/#primaryimage\"},\"thumbnailUrl\":\"https:\/\/blogg.svenskakyrkan.se\/vandravagen\/files\/2019\/03\/IMG_6942.jpg\",\"datePublished\":\"2019-03-28T06:00:14+00:00\",\"breadcrumb\":{\"@id\":\"https:\/\/blogg.svenskakyrkan.se\/vandravagen\/2019\/03\/28\/jesus-i-oknen-med-en-ful-djavul\/#breadcrumb\"},\"inLanguage\":\"sv-SE\",\"potentialAction\":[{\"@type\":\"ReadAction\",\"target\":[\"https:\/\/blogg.svenskakyrkan.se\/vandravagen\/2019\/03\/28\/jesus-i-oknen-med-en-ful-djavul\/\"]}]},{\"@type\":\"ImageObject\",\"inLanguage\":\"sv-SE\",\"@id\":\"https:\/\/blogg.svenskakyrkan.se\/vandravagen\/2019\/03\/28\/jesus-i-oknen-med-en-ful-djavul\/#primaryimage\",\"url\":\"https:\/\/blogg.svenskakyrkan.se\/vandravagen\/files\/2019\/03\/IMG_6942.jpg\",\"contentUrl\":\"https:\/\/blogg.svenskakyrkan.se\/vandravagen\/files\/2019\/03\/IMG_6942.jpg\",\"width\":621,\"height\":444},{\"@type\":\"BreadcrumbList\",\"@id\":\"https:\/\/blogg.svenskakyrkan.se\/vandravagen\/2019\/03\/28\/jesus-i-oknen-med-en-ful-djavul\/#breadcrumb\",\"itemListElement\":[{\"@type\":\"ListItem\",\"position\":1,\"name\":\"Hem\",\"item\":\"https:\/\/blogg.svenskakyrkan.se\/vandravagen\/\"},{\"@type\":\"ListItem\",\"position\":2,\"name\":\"Jesus i \u00f6knen med en ful dj\u00e4vul\"}]},{\"@type\":\"WebSite\",\"@id\":\"https:\/\/blogg.svenskakyrkan.se\/vandravagen\/#website\",\"url\":\"https:\/\/blogg.svenskakyrkan.se\/vandravagen\/\",\"name\":\"Vandra V\u00e4gen\",\"description\":\"-Mot en tro f\u00f6r hela livet\",\"publisher\":{\"@id\":\"https:\/\/blogg.svenskakyrkan.se\/vandravagen\/#organization\"},\"potentialAction\":[{\"@type\":\"SearchAction\",\"target\":{\"@type\":\"EntryPoint\",\"urlTemplate\":\"https:\/\/blogg.svenskakyrkan.se\/vandravagen\/?s={search_term_string}\"},\"query-input\":{\"@type\":\"PropertyValueSpecification\",\"valueRequired\":true,\"valueName\":\"search_term_string\"}}],\"inLanguage\":\"sv-SE\"},{\"@type\":\"Organization\",\"@id\":\"https:\/\/blogg.svenskakyrkan.se\/vandravagen\/#organization\",\"name\":\"ulricehamns pastorat\",\"alternateName\":\"ulricehamns pastorat\",\"url\":\"https:\/\/blogg.svenskakyrkan.se\/vandravagen\/\",\"logo\":{\"@type\":\"ImageObject\",\"inLanguage\":\"sv-SE\",\"@id\":\"https:\/\/blogg.svenskakyrkan.se\/vandravagen\/#\/schema\/logo\/image\/\",\"url\":\"https:\/\/blogg.svenskakyrkan.se\/vandravagen\/files\/2023\/05\/Ulr_logo_RGB.png\",\"contentUrl\":\"https:\/\/blogg.svenskakyrkan.se\/vandravagen\/files\/2023\/05\/Ulr_logo_RGB.png\",\"width\":205,\"height\":77,\"caption\":\"ulricehamns pastorat\"},\"image\":{\"@id\":\"https:\/\/blogg.svenskakyrkan.se\/vandravagen\/#\/schema\/logo\/image\/\"},\"sameAs\":[\"http:\/\/facebook.com\/vandravagen\",\"https:\/\/x.com\/fadertomas\",\"http:\/\/www.facebook.com\/svenskakyrkaniulricehamn\"]},{\"@type\":\"Person\",\"@id\":\"https:\/\/blogg.svenskakyrkan.se\/vandravagen\/#\/schema\/person\/25da02d4f76b137d04291711e2c9fc16\",\"name\":\"Tomas Jarvid\",\"image\":{\"@type\":\"ImageObject\",\"inLanguage\":\"sv-SE\",\"@id\":\"https:\/\/blogg.svenskakyrkan.se\/vandravagen\/#\/schema\/person\/image\/\",\"url\":\"https:\/\/secure.gravatar.com\/avatar\/7fa71899795e8f540f615a1f5ab25255dc27aa40f05ee7ddd21aac521e01bf50?s=96&d=identicon&r=g\",\"contentUrl\":\"https:\/\/secure.gravatar.com\/avatar\/7fa71899795e8f540f615a1f5ab25255dc27aa40f05ee7ddd21aac521e01bf50?s=96&d=identicon&r=g\",\"caption\":\"Tomas Jarvid\"},\"description\":\"Jag bor i Ulricehamn i V\u00e4sterg\u00f6tland och \u00e4r f\u00f6rsamlingspr\u00e4st i Svenska Kyrkan f\u00f6r Dalstorps f\u00f6rsamling i Kinds pastorat. P\u00e5 den h\u00e4r bloggen skriver jag ner tankar om vandringen som kristen.\",\"sameAs\":[\"http:\/\/www.vandravagen.se\"],\"url\":\"https:\/\/blogg.svenskakyrkan.se\/vandravagen\/author\/vandravagen\/\"}]}<\/script>\n<!-- \/ Yoast SEO plugin. -->","yoast_head_json":{"title":"Jesus i \u00f6knen med en ful dj\u00e4vul - Vandra V\u00e4gen","robots":{"index":"index","follow":"follow","max-snippet":"max-snippet:-1","max-image-preview":"max-image-preview:large","max-video-preview":"max-video-preview:-1"},"canonical":"https:\/\/blogg.svenskakyrkan.se\/vandravagen\/2019\/03\/28\/jesus-i-oknen-med-en-ful-djavul\/","og_locale":"sv_SE","og_type":"article","og_title":"Jesus i \u00f6knen med en ful dj\u00e4vul - Vandra V\u00e4gen","og_description":"I samma anda som i den bejublade bloggposten &#8221;medeltida serietidning om de visa m\u00e4nnen (och andra bilder)&#8221; vill jag idag dela n\u00e5gra fina bilder jag st\u00f6tt p\u00e5 fr\u00e5n medeltida manuskript p\u00e5 Jesus som blir frestad av Dj\u00e4vulen i \u00f6knen. P\u00e5 f\u00f6rsta bilden ovan ser vi som du kanske ser Dj\u00e4vulen komma k\u00e5nkande p\u00e5 n\u00e5gra stenar. [&hellip;]","og_url":"https:\/\/blogg.svenskakyrkan.se\/vandravagen\/2019\/03\/28\/jesus-i-oknen-med-en-ful-djavul\/","og_site_name":"Vandra V\u00e4gen","article_publisher":"http:\/\/facebook.com\/vandravagen","article_published_time":"2019-03-28T06:00:14+00:00","og_image":[{"url":"http:\/\/blogg.svenskakyrkan.se\/vandravagen\/files\/2019\/03\/IMG_6943.jpg","type":"","width":"","height":""}],"author":"Tomas Jarvid","twitter_card":"summary_large_image","twitter_creator":"@fadertomas","twitter_site":"@fadertomas","twitter_misc":{"Skriven av":"Tomas Jarvid","Ber\u00e4knad l\u00e4stid":"2 minuter"},"schema":{"@context":"https:\/\/schema.org","@graph":[{"@type":"Article","@id":"https:\/\/blogg.svenskakyrkan.se\/vandravagen\/2019\/03\/28\/jesus-i-oknen-med-en-ful-djavul\/#article","isPartOf":{"@id":"https:\/\/blogg.svenskakyrkan.se\/vandravagen\/2019\/03\/28\/jesus-i-oknen-med-en-ful-djavul\/"},"author":{"name":"Tomas Jarvid","@id":"https:\/\/blogg.svenskakyrkan.se\/vandravagen\/#\/schema\/person\/25da02d4f76b137d04291711e2c9fc16"},"headline":"Jesus i \u00f6knen med en ful dj\u00e4vul","datePublished":"2019-03-28T06:00:14+00:00","mainEntityOfPage":{"@id":"https:\/\/blogg.svenskakyrkan.se\/vandravagen\/2019\/03\/28\/jesus-i-oknen-med-en-ful-djavul\/"},"wordCount":332,"commentCount":0,"publisher":{"@id":"https:\/\/blogg.svenskakyrkan.se\/vandravagen\/#organization"},"image":{"@id":"https:\/\/blogg.svenskakyrkan.se\/vandravagen\/2019\/03\/28\/jesus-i-oknen-med-en-ful-djavul\/#primaryimage"},"thumbnailUrl":"https:\/\/blogg.svenskakyrkan.se\/vandravagen\/files\/2019\/03\/IMG_6942.jpg","articleSection":["Bibeln","bilder"],"inLanguage":"sv-SE","potentialAction":[{"@type":"CommentAction","name":"Comment","target":["https:\/\/blogg.svenskakyrkan.se\/vandravagen\/2019\/03\/28\/jesus-i-oknen-med-en-ful-djavul\/#respond"]}]},{"@type":"WebPage","@id":"https:\/\/blogg.svenskakyrkan.se\/vandravagen\/2019\/03\/28\/jesus-i-oknen-med-en-ful-djavul\/","url":"https:\/\/blogg.svenskakyrkan.se\/vandravagen\/2019\/03\/28\/jesus-i-oknen-med-en-ful-djavul\/","name":"Jesus i \u00f6knen med en ful dj\u00e4vul - Vandra V\u00e4gen","isPartOf":{"@id":"https:\/\/blogg.svenskakyrkan.se\/vandravagen\/#website"},"primaryImageOfPage":{"@id":"https:\/\/blogg.svenskakyrkan.se\/vandravagen\/2019\/03\/28\/jesus-i-oknen-med-en-ful-djavul\/#primaryimage"},"image":{"@id":"https:\/\/blogg.svenskakyrkan.se\/vandravagen\/2019\/03\/28\/jesus-i-oknen-med-en-ful-djavul\/#primaryimage"},"thumbnailUrl":"https:\/\/blogg.svenskakyrkan.se\/vandravagen\/files\/2019\/03\/IMG_6942.jpg","datePublished":"2019-03-28T06:00:14+00:00","breadcrumb":{"@id":"https:\/\/blogg.svenskakyrkan.se\/vandravagen\/2019\/03\/28\/jesus-i-oknen-med-en-ful-djavul\/#breadcrumb"},"inLanguage":"sv-SE","potentialAction":[{"@type":"ReadAction","target":["https:\/\/blogg.svenskakyrkan.se\/vandravagen\/2019\/03\/28\/jesus-i-oknen-med-en-ful-djavul\/"]}]},{"@type":"ImageObject","inLanguage":"sv-SE","@id":"https:\/\/blogg.svenskakyrkan.se\/vandravagen\/2019\/03\/28\/jesus-i-oknen-med-en-ful-djavul\/#primaryimage","url":"https:\/\/blogg.svenskakyrkan.se\/vandravagen\/files\/2019\/03\/IMG_6942.jpg","contentUrl":"https:\/\/blogg.svenskakyrkan.se\/vandravagen\/files\/2019\/03\/IMG_6942.jpg","width":621,"height":444},{"@type":"BreadcrumbList","@id":"https:\/\/blogg.svenskakyrkan.se\/vandravagen\/2019\/03\/28\/jesus-i-oknen-med-en-ful-djavul\/#breadcrumb","itemListElement":[{"@type":"ListItem","position":1,"name":"Hem","item":"https:\/\/blogg.svenskakyrkan.se\/vandravagen\/"},{"@type":"ListItem","position":2,"name":"Jesus i \u00f6knen med en ful dj\u00e4vul"}]},{"@type":"WebSite","@id":"https:\/\/blogg.svenskakyrkan.se\/vandravagen\/#website","url":"https:\/\/blogg.svenskakyrkan.se\/vandravagen\/","name":"Vandra V\u00e4gen","description":"-Mot en tro f\u00f6r hela livet","publisher":{"@id":"https:\/\/blogg.svenskakyrkan.se\/vandravagen\/#organization"},"potentialAction":[{"@type":"SearchAction","target":{"@type":"EntryPoint","urlTemplate":"https:\/\/blogg.svenskakyrkan.se\/vandravagen\/?s={search_term_string}"},"query-input":{"@type":"PropertyValueSpecification","valueRequired":true,"valueName":"search_term_string"}}],"inLanguage":"sv-SE"},{"@type":"Organization","@id":"https:\/\/blogg.svenskakyrkan.se\/vandravagen\/#organization","name":"ulricehamns pastorat","alternateName":"ulricehamns pastorat","url":"https:\/\/blogg.svenskakyrkan.se\/vandravagen\/","logo":{"@type":"ImageObject","inLanguage":"sv-SE","@id":"https:\/\/blogg.svenskakyrkan.se\/vandravagen\/#\/schema\/logo\/image\/","url":"https:\/\/blogg.svenskakyrkan.se\/vandravagen\/files\/2023\/05\/Ulr_logo_RGB.png","contentUrl":"https:\/\/blogg.svenskakyrkan.se\/vandravagen\/files\/2023\/05\/Ulr_logo_RGB.png","width":205,"height":77,"caption":"ulricehamns pastorat"},"image":{"@id":"https:\/\/blogg.svenskakyrkan.se\/vandravagen\/#\/schema\/logo\/image\/"},"sameAs":["http:\/\/facebook.com\/vandravagen","https:\/\/x.com\/fadertomas","http:\/\/www.facebook.com\/svenskakyrkaniulricehamn"]},{"@type":"Person","@id":"https:\/\/blogg.svenskakyrkan.se\/vandravagen\/#\/schema\/person\/25da02d4f76b137d04291711e2c9fc16","name":"Tomas Jarvid","image":{"@type":"ImageObject","inLanguage":"sv-SE","@id":"https:\/\/blogg.svenskakyrkan.se\/vandravagen\/#\/schema\/person\/image\/","url":"https:\/\/secure.gravatar.com\/avatar\/7fa71899795e8f540f615a1f5ab25255dc27aa40f05ee7ddd21aac521e01bf50?s=96&d=identicon&r=g","contentUrl":"https:\/\/secure.gravatar.com\/avatar\/7fa71899795e8f540f615a1f5ab25255dc27aa40f05ee7ddd21aac521e01bf50?s=96&d=identicon&r=g","caption":"Tomas Jarvid"},"description":"Jag bor i Ulricehamn i V\u00e4sterg\u00f6tland och \u00e4r f\u00f6rsamlingspr\u00e4st i Svenska Kyrkan f\u00f6r Dalstorps f\u00f6rsamling i Kinds pastorat. P\u00e5 den h\u00e4r bloggen skriver jag ner tankar om vandringen som kristen.","sameAs":["http:\/\/www.vandravagen.se"],"url":"https:\/\/blogg.svenskakyrkan.se\/vandravagen\/author\/vandravagen\/"}]}},"author_meta":{"ID":"392","user_nicename":"vandravagen","user_url":"http:\/\/www.vandravagen.se","user_registered":"2014-05-19 05:44:52","display_name":"Tomas Jarvid","first_name":"Tomas","last_name":"Jarvid","avatar":"https:\/\/secure.gravatar.com\/avatar\/7fa71899795e8f540f615a1f5ab25255dc27aa40f05ee7ddd21aac521e01bf50?s=96&d=identicon&r=g"},"featured_image":["https:\/\/blogg.svenskakyrkan.se\/vandravagen\/files\/2019\/03\/IMG_6942.jpg",621,444,false],"bloginfo":{"name":"Vandra V\u00e4gen","url":"https:\/\/blogg.svenskakyrkan.se\/vandravagen"},"_links":{"self":[{"href":"https:\/\/blogg.svenskakyrkan.se\/vandravagen\/wp-json\/wp\/v2\/posts\/7050","targetHints":{"allow":["GET"]}}],"collection":[{"href":"https:\/\/blogg.svenskakyrkan.se\/vandravagen\/wp-json\/wp\/v2\/posts"}],"about":[{"href":"https:\/\/blogg.svenskakyrkan.se\/vandravagen\/wp-json\/wp\/v2\/types\/post"}],"author":[{"embeddable":true,"href":"https:\/\/blogg.svenskakyrkan.se\/vandravagen\/wp-json\/wp\/v2\/users\/392"}],"replies":[{"embeddable":true,"href":"https:\/\/blogg.svenskakyrkan.se\/vandravagen\/wp-json\/wp\/v2\/comments?post=7050"}],"version-history":[{"count":2,"href":"https:\/\/blogg.svenskakyrkan.se\/vandravagen\/wp-json\/wp\/v2\/posts\/7050\/revisions"}],"predecessor-version":[{"id":7055,"href":"https:\/\/blogg.svenskakyrkan.se\/vandravagen\/wp-json\/wp\/v2\/posts\/7050\/revisions\/7055"}],"wp:featuredmedia":[{"embeddable":true,"href":"https:\/\/blogg.svenskakyrkan.se\/vandravagen\/wp-json\/wp\/v2\/media\/7051"}],"wp:attachment":[{"href":"https:\/\/blogg.svenskakyrkan.se\/vandravagen\/wp-json\/wp\/v2\/media?parent=7050"}],"wp:term":[{"taxonomy":"category","embeddable":true,"href":"https:\/\/blogg.svenskakyrkan.se\/vandravagen\/wp-json\/wp\/v2\/categories?post=7050"},{"taxonomy":"post_tag","embeddable":true,"href":"https:\/\/blogg.svenskakyrkan.se\/vandravagen\/wp-json\/wp\/v2\/tags?post=7050"}],"curies":[{"name":"wp","href":"https:\/\/api.w.org\/{rel}","templated":true}]}}