{"id":7056,"date":"2019-03-24T07:00:11","date_gmt":"2019-03-24T06:00:11","guid":{"rendered":"http:\/\/blogg.svenskakyrkan.se\/vandravagen\/?p=7056"},"modified":"2019-03-24T07:38:06","modified_gmt":"2019-03-24T06:38:06","slug":"9-blandade-tankar-pa-sondagen-91","status":"publish","type":"post","link":"https:\/\/blogg.svenskakyrkan.se\/vandravagen\/2019\/03\/24\/9-blandade-tankar-pa-sondagen-91\/","title":{"rendered":"9 blandade tankar p\u00e5 s\u00f6ndagen"},"content":{"rendered":"<ol>\n<li>Glad s\u00f6ndag k\u00e4ra l\u00e4sare!<\/li>\n<\/ol>\n<p>2. Idag har jag en sp\u00e4ckad dag. Det \u00e4r familjegudstj\u00e4nst f\u00f6rst i Dalstorp (11) och sedan i Ljungsarp (14) och efter det ska vi p\u00e5 utflykt med konfirmanderna f\u00f6r att l\u00e4ra oss om bibeln. Oklart om det blir n\u00e5gon predikan p\u00e5 bloggen. Det k\u00e4nns kanske som att det jag har \u00e4r mer byggt f\u00f6r att improvisera kring.<\/p>\n<p>3. Idag \u00e4r det Jungfru Marie beb\u00e5delsedag, dagen d\u00e5 vi firar n\u00e4r \u00e4ngeln kom till Maria om bud att hon skulle f\u00f6da Jesus. Ett stort mysterium f\u00f6rst\u00e5s och en viktig dag p\u00e5 \u00e5ret. N\u00e5gra v\u00e5fflor blir det nog inte f\u00f6r mig, \u00e5tminstone inte i samband med n\u00e5gon av gudstj\u00e4nsterna.<\/p>\n<p>4. Det \u00e4r \u00f6ver huvud taget en sp\u00e4ckad helg. I fredags avslutade jag en redan r\u00e4tt mastig dag med att f\u00f6lja med L\u00e4nghems konfirmander ur i skogen och t\u00e4lja. Det var v\u00e4ldigt roligt f\u00f6rst\u00e5s. Jag saknar nog det d\u00e4r med att tr\u00e4ffa barngrupper ganska mycket. Ut i skogen med barn \u00e4r ju egentligen min grej.<\/p>\n<p>5. Och ig\u00e5r, l\u00f6rdag, var det pastoratets inspirationsdag &#8221;det fl\u00f6dar gl\u00e4dje&#8221; i Svenljunga. D\u00e4r fick vi ta del av mycket bra. Bes\u00f6k av biskop Susanne och Olle Carlsson fr\u00e5n Katarina kyrka och mycket annat. Jag sj\u00e4lv fick g\u00e5 en kyrkopedagogisk vandring som gav m\u00e5nga tankar om vad det kan ge att utforska kyrkorummet tillsammans.<\/p>\n<p>6. Ocks\u00e5 v\u00e4ldigt, v\u00e4ldigt glad \u00f6ver att det fanns s\u00e5 bra barnaktiviteter under dagen. Tyv\u00e4rr \u00e4r det inte m\u00e5nga barn som \u00e4r med p\u00e5 de h\u00e4r grejerna men det \u00e4r s\u00e5 viktigt att erbjuda de m\u00f6jligheterna. Nu blev det en v\u00e4ldigt fin dag att dela med familjen. S\u00e5 mycket b\u00e4ttre \u00e4n \u00e4nnu en l\u00f6rdag av att inte tr\u00e4ffa barnen.<\/p>\n<p>7. En rolig sak p\u00e5 den kyrkopedagogiska vandringen var n\u00e4r alla fick g\u00e5 upp i predikstolen och s\u00e4ga ett ord eller en mening som man tyckte var s\u00e5 viktigt att det beh\u00f6vde s\u00e4gas d\u00e4r uppifr\u00e5n. S\u00e5 fint att ta del av. \u00d6ver huvud taget k\u00e4nde jag mig starkt utmanad att l\u00e5ta fler f\u00e5 komma till tals i gudstj\u00e4nsten. Det \u00e4r nog inte alls om\u00f6jligt men det beh\u00f6vs ju bra former f\u00f6rst\u00e5s.<\/p>\n<p>8. Biskopen imponerade ocks\u00e5 med det personligt h\u00e5llna talet om sitt vapen och valspr\u00e5k (jo jag f\u00f6rst\u00e5r f\u00f6rst\u00e5s att hon h\u00e5llit det en massa g\u00e5nger p\u00e5 andra st\u00e4llen med) som mynnade ut i en massa enkla men viktiga teser om vad kyrkan \u00e4r f\u00f6r n\u00e5got. Det finns nog f\u00e5 saker vi m\u00e5ste prata om s\u00e5 mycket just nu som detta med vad kyrkan \u00e4r f\u00f6r n\u00e5got.<\/p>\n<p>9. Vad g\u00f6r du idag? Skriv en rad och ber\u00e4tta!<\/p>\n","protected":false},"excerpt":{"rendered":"<p>Glad s\u00f6ndag k\u00e4ra l\u00e4sare! 2. Idag har jag en sp\u00e4ckad dag. Det \u00e4r familjegudstj\u00e4nst f\u00f6rst i Dalstorp (11) och sedan i Ljungsarp (14) och efter det ska vi p\u00e5 utflykt med konfirmanderna f\u00f6r att l\u00e4ra oss om bibeln. Oklart om det blir n\u00e5gon predikan p\u00e5 bloggen. Det k\u00e4nns kanske som att det jag har \u00e4r [&hellip;]<\/p>\n","protected":false},"author":392,"featured_media":7060,"comment_status":"open","ping_status":"open","sticky":false,"template":"","format":"standard","meta":{"_acf_changed":false,"footnotes":""},"categories":[76766],"tags":[],"class_list":["post-7056","post","type-post","status-publish","format-standard","has-post-thumbnail","hentry","category-blandat"],"acf":[],"yoast_head":"<!-- This site is optimized with the Yoast SEO plugin v27.1.1 - https:\/\/yoast.com\/product\/yoast-seo-wordpress\/ -->\n<title>9 blandade tankar p\u00e5 s\u00f6ndagen - Vandra V\u00e4gen<\/title>\n<meta name=\"robots\" content=\"index, follow, max-snippet:-1, max-image-preview:large, max-video-preview:-1\" \/>\n<link rel=\"canonical\" href=\"https:\/\/blogg.svenskakyrkan.se\/vandravagen\/2019\/03\/24\/9-blandade-tankar-pa-sondagen-91\/\" \/>\n<meta property=\"og:locale\" content=\"sv_SE\" \/>\n<meta property=\"og:type\" content=\"article\" \/>\n<meta property=\"og:title\" content=\"9 blandade tankar p\u00e5 s\u00f6ndagen - Vandra V\u00e4gen\" \/>\n<meta property=\"og:description\" content=\"Glad s\u00f6ndag k\u00e4ra l\u00e4sare! 2. Idag har jag en sp\u00e4ckad dag. Det \u00e4r familjegudstj\u00e4nst f\u00f6rst i Dalstorp (11) och sedan i Ljungsarp (14) och efter det ska vi p\u00e5 utflykt med konfirmanderna f\u00f6r att l\u00e4ra oss om bibeln. Oklart om det blir n\u00e5gon predikan p\u00e5 bloggen. Det k\u00e4nns kanske som att det jag har \u00e4r [&hellip;]\" \/>\n<meta property=\"og:url\" content=\"https:\/\/blogg.svenskakyrkan.se\/vandravagen\/2019\/03\/24\/9-blandade-tankar-pa-sondagen-91\/\" \/>\n<meta property=\"og:site_name\" content=\"Vandra V\u00e4gen\" \/>\n<meta property=\"article:publisher\" content=\"http:\/\/facebook.com\/vandravagen\" \/>\n<meta property=\"article:published_time\" content=\"2019-03-24T06:00:11+00:00\" \/>\n<meta property=\"article:modified_time\" content=\"2019-03-24T06:38:06+00:00\" \/>\n<meta name=\"author\" content=\"Tomas Jarvid\" \/>\n<meta name=\"twitter:card\" content=\"summary_large_image\" \/>\n<meta name=\"twitter:creator\" content=\"@fadertomas\" \/>\n<meta name=\"twitter:site\" content=\"@fadertomas\" \/>\n<meta name=\"twitter:label1\" content=\"Skriven av\" \/>\n\t<meta name=\"twitter:data1\" content=\"Tomas Jarvid\" \/>\n\t<meta name=\"twitter:label2\" content=\"Ber\u00e4knad l\u00e4stid\" \/>\n\t<meta name=\"twitter:data2\" content=\"2 minuter\" \/>\n<script type=\"application\/ld+json\" class=\"yoast-schema-graph\">{\"@context\":\"https:\/\/schema.org\",\"@graph\":[{\"@type\":\"Article\",\"@id\":\"https:\/\/blogg.svenskakyrkan.se\/vandravagen\/2019\/03\/24\/9-blandade-tankar-pa-sondagen-91\/#article\",\"isPartOf\":{\"@id\":\"https:\/\/blogg.svenskakyrkan.se\/vandravagen\/2019\/03\/24\/9-blandade-tankar-pa-sondagen-91\/\"},\"author\":{\"name\":\"Tomas Jarvid\",\"@id\":\"https:\/\/blogg.svenskakyrkan.se\/vandravagen\/#\/schema\/person\/25da02d4f76b137d04291711e2c9fc16\"},\"headline\":\"9 blandade tankar p\u00e5 s\u00f6ndagen\",\"datePublished\":\"2019-03-24T06:00:11+00:00\",\"dateModified\":\"2019-03-24T06:38:06+00:00\",\"mainEntityOfPage\":{\"@id\":\"https:\/\/blogg.svenskakyrkan.se\/vandravagen\/2019\/03\/24\/9-blandade-tankar-pa-sondagen-91\/\"},\"wordCount\":499,\"commentCount\":4,\"publisher\":{\"@id\":\"https:\/\/blogg.svenskakyrkan.se\/vandravagen\/#organization\"},\"image\":{\"@id\":\"https:\/\/blogg.svenskakyrkan.se\/vandravagen\/2019\/03\/24\/9-blandade-tankar-pa-sondagen-91\/#primaryimage\"},\"thumbnailUrl\":\"https:\/\/blogg.svenskakyrkan.se\/vandravagen\/files\/2019\/03\/annonciation_3.jpg\",\"articleSection\":[\"blandat\"],\"inLanguage\":\"sv-SE\",\"potentialAction\":[{\"@type\":\"CommentAction\",\"name\":\"Comment\",\"target\":[\"https:\/\/blogg.svenskakyrkan.se\/vandravagen\/2019\/03\/24\/9-blandade-tankar-pa-sondagen-91\/#respond\"]}]},{\"@type\":\"WebPage\",\"@id\":\"https:\/\/blogg.svenskakyrkan.se\/vandravagen\/2019\/03\/24\/9-blandade-tankar-pa-sondagen-91\/\",\"url\":\"https:\/\/blogg.svenskakyrkan.se\/vandravagen\/2019\/03\/24\/9-blandade-tankar-pa-sondagen-91\/\",\"name\":\"9 blandade tankar p\u00e5 s\u00f6ndagen - Vandra V\u00e4gen\",\"isPartOf\":{\"@id\":\"https:\/\/blogg.svenskakyrkan.se\/vandravagen\/#website\"},\"primaryImageOfPage\":{\"@id\":\"https:\/\/blogg.svenskakyrkan.se\/vandravagen\/2019\/03\/24\/9-blandade-tankar-pa-sondagen-91\/#primaryimage\"},\"image\":{\"@id\":\"https:\/\/blogg.svenskakyrkan.se\/vandravagen\/2019\/03\/24\/9-blandade-tankar-pa-sondagen-91\/#primaryimage\"},\"thumbnailUrl\":\"https:\/\/blogg.svenskakyrkan.se\/vandravagen\/files\/2019\/03\/annonciation_3.jpg\",\"datePublished\":\"2019-03-24T06:00:11+00:00\",\"dateModified\":\"2019-03-24T06:38:06+00:00\",\"breadcrumb\":{\"@id\":\"https:\/\/blogg.svenskakyrkan.se\/vandravagen\/2019\/03\/24\/9-blandade-tankar-pa-sondagen-91\/#breadcrumb\"},\"inLanguage\":\"sv-SE\",\"potentialAction\":[{\"@type\":\"ReadAction\",\"target\":[\"https:\/\/blogg.svenskakyrkan.se\/vandravagen\/2019\/03\/24\/9-blandade-tankar-pa-sondagen-91\/\"]}]},{\"@type\":\"ImageObject\",\"inLanguage\":\"sv-SE\",\"@id\":\"https:\/\/blogg.svenskakyrkan.se\/vandravagen\/2019\/03\/24\/9-blandade-tankar-pa-sondagen-91\/#primaryimage\",\"url\":\"https:\/\/blogg.svenskakyrkan.se\/vandravagen\/files\/2019\/03\/annonciation_3.jpg\",\"contentUrl\":\"https:\/\/blogg.svenskakyrkan.se\/vandravagen\/files\/2019\/03\/annonciation_3.jpg\",\"width\":450,\"height\":450,\"caption\":\"\u00c4ngeln Gabriel och Maria. Fr\u00e5n ett kyrkf\u00f6nster i Taiz\u00e9. En bild jag hade p\u00e5 min v\u00e4gg n\u00e4r jag f\u00f6rst b\u00f6rjade min v\u00e4g mot att bli pr\u00e4st.\"},{\"@type\":\"BreadcrumbList\",\"@id\":\"https:\/\/blogg.svenskakyrkan.se\/vandravagen\/2019\/03\/24\/9-blandade-tankar-pa-sondagen-91\/#breadcrumb\",\"itemListElement\":[{\"@type\":\"ListItem\",\"position\":1,\"name\":\"Hem\",\"item\":\"https:\/\/blogg.svenskakyrkan.se\/vandravagen\/\"},{\"@type\":\"ListItem\",\"position\":2,\"name\":\"9 blandade tankar p\u00e5 s\u00f6ndagen\"}]},{\"@type\":\"WebSite\",\"@id\":\"https:\/\/blogg.svenskakyrkan.se\/vandravagen\/#website\",\"url\":\"https:\/\/blogg.svenskakyrkan.se\/vandravagen\/\",\"name\":\"Vandra V\u00e4gen\",\"description\":\"-Mot en tro f\u00f6r hela livet\",\"publisher\":{\"@id\":\"https:\/\/blogg.svenskakyrkan.se\/vandravagen\/#organization\"},\"potentialAction\":[{\"@type\":\"SearchAction\",\"target\":{\"@type\":\"EntryPoint\",\"urlTemplate\":\"https:\/\/blogg.svenskakyrkan.se\/vandravagen\/?s={search_term_string}\"},\"query-input\":{\"@type\":\"PropertyValueSpecification\",\"valueRequired\":true,\"valueName\":\"search_term_string\"}}],\"inLanguage\":\"sv-SE\"},{\"@type\":\"Organization\",\"@id\":\"https:\/\/blogg.svenskakyrkan.se\/vandravagen\/#organization\",\"name\":\"ulricehamns pastorat\",\"alternateName\":\"ulricehamns pastorat\",\"url\":\"https:\/\/blogg.svenskakyrkan.se\/vandravagen\/\",\"logo\":{\"@type\":\"ImageObject\",\"inLanguage\":\"sv-SE\",\"@id\":\"https:\/\/blogg.svenskakyrkan.se\/vandravagen\/#\/schema\/logo\/image\/\",\"url\":\"https:\/\/blogg.svenskakyrkan.se\/vandravagen\/files\/2023\/05\/Ulr_logo_RGB.png\",\"contentUrl\":\"https:\/\/blogg.svenskakyrkan.se\/vandravagen\/files\/2023\/05\/Ulr_logo_RGB.png\",\"width\":205,\"height\":77,\"caption\":\"ulricehamns pastorat\"},\"image\":{\"@id\":\"https:\/\/blogg.svenskakyrkan.se\/vandravagen\/#\/schema\/logo\/image\/\"},\"sameAs\":[\"http:\/\/facebook.com\/vandravagen\",\"https:\/\/x.com\/fadertomas\",\"http:\/\/www.facebook.com\/svenskakyrkaniulricehamn\"]},{\"@type\":\"Person\",\"@id\":\"https:\/\/blogg.svenskakyrkan.se\/vandravagen\/#\/schema\/person\/25da02d4f76b137d04291711e2c9fc16\",\"name\":\"Tomas Jarvid\",\"image\":{\"@type\":\"ImageObject\",\"inLanguage\":\"sv-SE\",\"@id\":\"https:\/\/blogg.svenskakyrkan.se\/vandravagen\/#\/schema\/person\/image\/\",\"url\":\"https:\/\/secure.gravatar.com\/avatar\/7fa71899795e8f540f615a1f5ab25255dc27aa40f05ee7ddd21aac521e01bf50?s=96&d=identicon&r=g\",\"contentUrl\":\"https:\/\/secure.gravatar.com\/avatar\/7fa71899795e8f540f615a1f5ab25255dc27aa40f05ee7ddd21aac521e01bf50?s=96&d=identicon&r=g\",\"caption\":\"Tomas Jarvid\"},\"description\":\"Jag bor i Ulricehamn i V\u00e4sterg\u00f6tland och \u00e4r f\u00f6rsamlingspr\u00e4st i Svenska Kyrkan f\u00f6r Dalstorps f\u00f6rsamling i Kinds pastorat. P\u00e5 den h\u00e4r bloggen skriver jag ner tankar om vandringen som kristen.\",\"sameAs\":[\"http:\/\/www.vandravagen.se\"],\"url\":\"https:\/\/blogg.svenskakyrkan.se\/vandravagen\/author\/vandravagen\/\"}]}<\/script>\n<!-- \/ Yoast SEO plugin. -->","yoast_head_json":{"title":"9 blandade tankar p\u00e5 s\u00f6ndagen - Vandra V\u00e4gen","robots":{"index":"index","follow":"follow","max-snippet":"max-snippet:-1","max-image-preview":"max-image-preview:large","max-video-preview":"max-video-preview:-1"},"canonical":"https:\/\/blogg.svenskakyrkan.se\/vandravagen\/2019\/03\/24\/9-blandade-tankar-pa-sondagen-91\/","og_locale":"sv_SE","og_type":"article","og_title":"9 blandade tankar p\u00e5 s\u00f6ndagen - Vandra V\u00e4gen","og_description":"Glad s\u00f6ndag k\u00e4ra l\u00e4sare! 2. Idag har jag en sp\u00e4ckad dag. Det \u00e4r familjegudstj\u00e4nst f\u00f6rst i Dalstorp (11) och sedan i Ljungsarp (14) och efter det ska vi p\u00e5 utflykt med konfirmanderna f\u00f6r att l\u00e4ra oss om bibeln. Oklart om det blir n\u00e5gon predikan p\u00e5 bloggen. Det k\u00e4nns kanske som att det jag har \u00e4r [&hellip;]","og_url":"https:\/\/blogg.svenskakyrkan.se\/vandravagen\/2019\/03\/24\/9-blandade-tankar-pa-sondagen-91\/","og_site_name":"Vandra V\u00e4gen","article_publisher":"http:\/\/facebook.com\/vandravagen","article_published_time":"2019-03-24T06:00:11+00:00","article_modified_time":"2019-03-24T06:38:06+00:00","author":"Tomas Jarvid","twitter_card":"summary_large_image","twitter_creator":"@fadertomas","twitter_site":"@fadertomas","twitter_misc":{"Skriven av":"Tomas Jarvid","Ber\u00e4knad l\u00e4stid":"2 minuter"},"schema":{"@context":"https:\/\/schema.org","@graph":[{"@type":"Article","@id":"https:\/\/blogg.svenskakyrkan.se\/vandravagen\/2019\/03\/24\/9-blandade-tankar-pa-sondagen-91\/#article","isPartOf":{"@id":"https:\/\/blogg.svenskakyrkan.se\/vandravagen\/2019\/03\/24\/9-blandade-tankar-pa-sondagen-91\/"},"author":{"name":"Tomas Jarvid","@id":"https:\/\/blogg.svenskakyrkan.se\/vandravagen\/#\/schema\/person\/25da02d4f76b137d04291711e2c9fc16"},"headline":"9 blandade tankar p\u00e5 s\u00f6ndagen","datePublished":"2019-03-24T06:00:11+00:00","dateModified":"2019-03-24T06:38:06+00:00","mainEntityOfPage":{"@id":"https:\/\/blogg.svenskakyrkan.se\/vandravagen\/2019\/03\/24\/9-blandade-tankar-pa-sondagen-91\/"},"wordCount":499,"commentCount":4,"publisher":{"@id":"https:\/\/blogg.svenskakyrkan.se\/vandravagen\/#organization"},"image":{"@id":"https:\/\/blogg.svenskakyrkan.se\/vandravagen\/2019\/03\/24\/9-blandade-tankar-pa-sondagen-91\/#primaryimage"},"thumbnailUrl":"https:\/\/blogg.svenskakyrkan.se\/vandravagen\/files\/2019\/03\/annonciation_3.jpg","articleSection":["blandat"],"inLanguage":"sv-SE","potentialAction":[{"@type":"CommentAction","name":"Comment","target":["https:\/\/blogg.svenskakyrkan.se\/vandravagen\/2019\/03\/24\/9-blandade-tankar-pa-sondagen-91\/#respond"]}]},{"@type":"WebPage","@id":"https:\/\/blogg.svenskakyrkan.se\/vandravagen\/2019\/03\/24\/9-blandade-tankar-pa-sondagen-91\/","url":"https:\/\/blogg.svenskakyrkan.se\/vandravagen\/2019\/03\/24\/9-blandade-tankar-pa-sondagen-91\/","name":"9 blandade tankar p\u00e5 s\u00f6ndagen - Vandra V\u00e4gen","isPartOf":{"@id":"https:\/\/blogg.svenskakyrkan.se\/vandravagen\/#website"},"primaryImageOfPage":{"@id":"https:\/\/blogg.svenskakyrkan.se\/vandravagen\/2019\/03\/24\/9-blandade-tankar-pa-sondagen-91\/#primaryimage"},"image":{"@id":"https:\/\/blogg.svenskakyrkan.se\/vandravagen\/2019\/03\/24\/9-blandade-tankar-pa-sondagen-91\/#primaryimage"},"thumbnailUrl":"https:\/\/blogg.svenskakyrkan.se\/vandravagen\/files\/2019\/03\/annonciation_3.jpg","datePublished":"2019-03-24T06:00:11+00:00","dateModified":"2019-03-24T06:38:06+00:00","breadcrumb":{"@id":"https:\/\/blogg.svenskakyrkan.se\/vandravagen\/2019\/03\/24\/9-blandade-tankar-pa-sondagen-91\/#breadcrumb"},"inLanguage":"sv-SE","potentialAction":[{"@type":"ReadAction","target":["https:\/\/blogg.svenskakyrkan.se\/vandravagen\/2019\/03\/24\/9-blandade-tankar-pa-sondagen-91\/"]}]},{"@type":"ImageObject","inLanguage":"sv-SE","@id":"https:\/\/blogg.svenskakyrkan.se\/vandravagen\/2019\/03\/24\/9-blandade-tankar-pa-sondagen-91\/#primaryimage","url":"https:\/\/blogg.svenskakyrkan.se\/vandravagen\/files\/2019\/03\/annonciation_3.jpg","contentUrl":"https:\/\/blogg.svenskakyrkan.se\/vandravagen\/files\/2019\/03\/annonciation_3.jpg","width":450,"height":450,"caption":"\u00c4ngeln Gabriel och Maria. Fr\u00e5n ett kyrkf\u00f6nster i Taiz\u00e9. En bild jag hade p\u00e5 min v\u00e4gg n\u00e4r jag f\u00f6rst b\u00f6rjade min v\u00e4g mot att bli pr\u00e4st."},{"@type":"BreadcrumbList","@id":"https:\/\/blogg.svenskakyrkan.se\/vandravagen\/2019\/03\/24\/9-blandade-tankar-pa-sondagen-91\/#breadcrumb","itemListElement":[{"@type":"ListItem","position":1,"name":"Hem","item":"https:\/\/blogg.svenskakyrkan.se\/vandravagen\/"},{"@type":"ListItem","position":2,"name":"9 blandade tankar p\u00e5 s\u00f6ndagen"}]},{"@type":"WebSite","@id":"https:\/\/blogg.svenskakyrkan.se\/vandravagen\/#website","url":"https:\/\/blogg.svenskakyrkan.se\/vandravagen\/","name":"Vandra V\u00e4gen","description":"-Mot en tro f\u00f6r hela livet","publisher":{"@id":"https:\/\/blogg.svenskakyrkan.se\/vandravagen\/#organization"},"potentialAction":[{"@type":"SearchAction","target":{"@type":"EntryPoint","urlTemplate":"https:\/\/blogg.svenskakyrkan.se\/vandravagen\/?s={search_term_string}"},"query-input":{"@type":"PropertyValueSpecification","valueRequired":true,"valueName":"search_term_string"}}],"inLanguage":"sv-SE"},{"@type":"Organization","@id":"https:\/\/blogg.svenskakyrkan.se\/vandravagen\/#organization","name":"ulricehamns pastorat","alternateName":"ulricehamns pastorat","url":"https:\/\/blogg.svenskakyrkan.se\/vandravagen\/","logo":{"@type":"ImageObject","inLanguage":"sv-SE","@id":"https:\/\/blogg.svenskakyrkan.se\/vandravagen\/#\/schema\/logo\/image\/","url":"https:\/\/blogg.svenskakyrkan.se\/vandravagen\/files\/2023\/05\/Ulr_logo_RGB.png","contentUrl":"https:\/\/blogg.svenskakyrkan.se\/vandravagen\/files\/2023\/05\/Ulr_logo_RGB.png","width":205,"height":77,"caption":"ulricehamns pastorat"},"image":{"@id":"https:\/\/blogg.svenskakyrkan.se\/vandravagen\/#\/schema\/logo\/image\/"},"sameAs":["http:\/\/facebook.com\/vandravagen","https:\/\/x.com\/fadertomas","http:\/\/www.facebook.com\/svenskakyrkaniulricehamn"]},{"@type":"Person","@id":"https:\/\/blogg.svenskakyrkan.se\/vandravagen\/#\/schema\/person\/25da02d4f76b137d04291711e2c9fc16","name":"Tomas Jarvid","image":{"@type":"ImageObject","inLanguage":"sv-SE","@id":"https:\/\/blogg.svenskakyrkan.se\/vandravagen\/#\/schema\/person\/image\/","url":"https:\/\/secure.gravatar.com\/avatar\/7fa71899795e8f540f615a1f5ab25255dc27aa40f05ee7ddd21aac521e01bf50?s=96&d=identicon&r=g","contentUrl":"https:\/\/secure.gravatar.com\/avatar\/7fa71899795e8f540f615a1f5ab25255dc27aa40f05ee7ddd21aac521e01bf50?s=96&d=identicon&r=g","caption":"Tomas Jarvid"},"description":"Jag bor i Ulricehamn i V\u00e4sterg\u00f6tland och \u00e4r f\u00f6rsamlingspr\u00e4st i Svenska Kyrkan f\u00f6r Dalstorps f\u00f6rsamling i Kinds pastorat. P\u00e5 den h\u00e4r bloggen skriver jag ner tankar om vandringen som kristen.","sameAs":["http:\/\/www.vandravagen.se"],"url":"https:\/\/blogg.svenskakyrkan.se\/vandravagen\/author\/vandravagen\/"}]}},"author_meta":{"ID":"392","user_nicename":"vandravagen","user_url":"http:\/\/www.vandravagen.se","user_registered":"2014-05-19 05:44:52","display_name":"Tomas Jarvid","first_name":"Tomas","last_name":"Jarvid","avatar":"https:\/\/secure.gravatar.com\/avatar\/7fa71899795e8f540f615a1f5ab25255dc27aa40f05ee7ddd21aac521e01bf50?s=96&d=identicon&r=g"},"featured_image":["https:\/\/blogg.svenskakyrkan.se\/vandravagen\/files\/2019\/03\/annonciation_3.jpg",450,450,false],"bloginfo":{"name":"Vandra V\u00e4gen","url":"https:\/\/blogg.svenskakyrkan.se\/vandravagen"},"_links":{"self":[{"href":"https:\/\/blogg.svenskakyrkan.se\/vandravagen\/wp-json\/wp\/v2\/posts\/7056","targetHints":{"allow":["GET"]}}],"collection":[{"href":"https:\/\/blogg.svenskakyrkan.se\/vandravagen\/wp-json\/wp\/v2\/posts"}],"about":[{"href":"https:\/\/blogg.svenskakyrkan.se\/vandravagen\/wp-json\/wp\/v2\/types\/post"}],"author":[{"embeddable":true,"href":"https:\/\/blogg.svenskakyrkan.se\/vandravagen\/wp-json\/wp\/v2\/users\/392"}],"replies":[{"embeddable":true,"href":"https:\/\/blogg.svenskakyrkan.se\/vandravagen\/wp-json\/wp\/v2\/comments?post=7056"}],"version-history":[{"count":2,"href":"https:\/\/blogg.svenskakyrkan.se\/vandravagen\/wp-json\/wp\/v2\/posts\/7056\/revisions"}],"predecessor-version":[{"id":7061,"href":"https:\/\/blogg.svenskakyrkan.se\/vandravagen\/wp-json\/wp\/v2\/posts\/7056\/revisions\/7061"}],"wp:featuredmedia":[{"embeddable":true,"href":"https:\/\/blogg.svenskakyrkan.se\/vandravagen\/wp-json\/wp\/v2\/media\/7060"}],"wp:attachment":[{"href":"https:\/\/blogg.svenskakyrkan.se\/vandravagen\/wp-json\/wp\/v2\/media?parent=7056"}],"wp:term":[{"taxonomy":"category","embeddable":true,"href":"https:\/\/blogg.svenskakyrkan.se\/vandravagen\/wp-json\/wp\/v2\/categories?post=7056"},{"taxonomy":"post_tag","embeddable":true,"href":"https:\/\/blogg.svenskakyrkan.se\/vandravagen\/wp-json\/wp\/v2\/tags?post=7056"}],"curies":[{"name":"wp","href":"https:\/\/api.w.org\/{rel}","templated":true}]}}