{"id":7058,"date":"2019-03-29T07:00:10","date_gmt":"2019-03-29T06:00:10","guid":{"rendered":"http:\/\/blogg.svenskakyrkan.se\/vandravagen\/?p=7058"},"modified":"2019-03-28T23:09:25","modified_gmt":"2019-03-28T22:09:25","slug":"berattelsen-alla-maste-kunna","status":"publish","type":"post","link":"https:\/\/blogg.svenskakyrkan.se\/vandravagen\/2019\/03\/29\/berattelsen-alla-maste-kunna\/","title":{"rendered":"Ber\u00e4ttelsen alla m\u00e5ste kunna"},"content":{"rendered":"<p>Vi hade i vanlig ordning ett pass med konfirmanderna d\u00e4r vi dramatiserade Jesus k\u00e4ndaste liknelser. Detta m\u00e5ste v\u00e4l anses vara det mest klassiska av konfirmanduppl\u00e4gg men ocks\u00e5 v\u00e4ldigt viktigt. Om detta handlar dagens bloggpost.<\/p>\n<p>Vi dramatiserade liknelserna om s\u00e5dden i olika jordm\u00e5n, om den barmh\u00e4rtige samariern, om faris\u00e9en och tullindrivaren, om det f\u00f6rlorade f\u00e5ret och om <strong>den f\u00f6rlorade sonen.<\/strong><\/p>\n<p>Givetvis fiskar jag ju d\u00e5 lite efter om konfirmanderna k\u00e4nner igen ber\u00e4ttelserna fr\u00e5n tidigare. Och om man f\u00e5r tro efter hur de svarar s\u00e5 g\u00f6r de i regel inte det.<\/p>\n<p>Min kollega Ulf sa n\u00e5got om att vi f\u00e5r fundera p\u00e5 <strong>vad som h\u00e4nder med synen p\u00e5 kristen tro n\u00e4r folk inte kan liknelsen om den f\u00f6rlorade sonen<\/strong>. D\u00e4r presenterar Jesus i en enkel ber\u00e4ttelse ett fantastiskt portr\u00e4tt av Guds barmh\u00e4rtighet, f\u00f6rl\u00e5telse och k\u00e4rlek. Det som h\u00e4nder om vi INTE k\u00e4nner till Gud s\u00e5som Jesus beskriver Gud \u00e4r att vi uppfinner en egen bild ist\u00e4llet, och d\u00e5 kommer vi med stor trolighet att hamna i gudsbilder som \u00e4r h\u00e5rdare och mer \u00e4r inriktade p\u00e5 att man f\u00e5r vad man f\u00f6rtj\u00e4nar.<\/p>\n<p>Och f\u00f6rmodligen \u00e4r det redan s\u00e5 att m\u00e5nga tror att det \u00e4r just en s\u00e5dan r\u00e4tt-ska-vara-r\u00e4tt-gud vi tror p\u00e5 i den kristna kyrkan. Vi har ju till och med sj\u00e4lv l\u00e4tt att hemfalla till s\u00e5na gudsbilder!<\/p>\n<p>Jag har funderat mycket p\u00e5 det och t\u00e4nkt att jag nog m\u00e5ste tala betydligt oftare om den f\u00f6rlorade sonen fram\u00f6ver. B\u00e5de f\u00f6r att g\u00f6ra liknelsen k\u00e4nd och f\u00f6rst\u00e5s ocks\u00e5 f\u00f6r min egen skull, f\u00f6r att p\u00e5minna mig om att det \u00e4r en n\u00e5dig och barmh\u00e4rtig Gud jag tror p\u00e5, sen till vrede och rik p\u00e5 k\u00e4rlek.<\/p>\n<p>Vad tror du sj\u00e4lv? Har du n\u00e5gra spaningar i hur kunskaperna om Jesu Fader ser ut? Eller andra tankar om detta?<\/p>\n","protected":false},"excerpt":{"rendered":"<p>Vi hade i vanlig ordning ett pass med konfirmanderna d\u00e4r vi dramatiserade Jesus k\u00e4ndaste liknelser. Detta m\u00e5ste v\u00e4l anses vara det mest klassiska av konfirmanduppl\u00e4gg men ocks\u00e5 v\u00e4ldigt viktigt. Om detta handlar dagens bloggpost. Vi dramatiserade liknelserna om s\u00e5dden i olika jordm\u00e5n, om den barmh\u00e4rtige samariern, om faris\u00e9en och tullindrivaren, om det f\u00f6rlorade f\u00e5ret och [&hellip;]<\/p>\n","protected":false},"author":392,"featured_media":7062,"comment_status":"open","ping_status":"open","sticky":false,"template":"","format":"standard","meta":{"_acf_changed":false,"footnotes":""},"categories":[33559,8298,117],"tags":[],"class_list":["post-7058","post","type-post","status-publish","format-standard","has-post-thumbnail","hentry","category-berattelser","category-bibeln","category-teologi"],"acf":[],"yoast_head":"<!-- This site is optimized with the Yoast SEO plugin v27.1.1 - https:\/\/yoast.com\/product\/yoast-seo-wordpress\/ -->\n<title>Ber\u00e4ttelsen alla m\u00e5ste kunna - Vandra V\u00e4gen<\/title>\n<meta name=\"robots\" content=\"index, follow, max-snippet:-1, max-image-preview:large, max-video-preview:-1\" \/>\n<link rel=\"canonical\" href=\"https:\/\/blogg.svenskakyrkan.se\/vandravagen\/2019\/03\/29\/berattelsen-alla-maste-kunna\/\" \/>\n<meta property=\"og:locale\" content=\"sv_SE\" \/>\n<meta property=\"og:type\" content=\"article\" \/>\n<meta property=\"og:title\" content=\"Ber\u00e4ttelsen alla m\u00e5ste kunna - Vandra V\u00e4gen\" \/>\n<meta property=\"og:description\" content=\"Vi hade i vanlig ordning ett pass med konfirmanderna d\u00e4r vi dramatiserade Jesus k\u00e4ndaste liknelser. Detta m\u00e5ste v\u00e4l anses vara det mest klassiska av konfirmanduppl\u00e4gg men ocks\u00e5 v\u00e4ldigt viktigt. Om detta handlar dagens bloggpost. Vi dramatiserade liknelserna om s\u00e5dden i olika jordm\u00e5n, om den barmh\u00e4rtige samariern, om faris\u00e9en och tullindrivaren, om det f\u00f6rlorade f\u00e5ret och [&hellip;]\" \/>\n<meta property=\"og:url\" content=\"https:\/\/blogg.svenskakyrkan.se\/vandravagen\/2019\/03\/29\/berattelsen-alla-maste-kunna\/\" \/>\n<meta property=\"og:site_name\" content=\"Vandra V\u00e4gen\" \/>\n<meta property=\"article:publisher\" content=\"http:\/\/facebook.com\/vandravagen\" \/>\n<meta property=\"article:published_time\" content=\"2019-03-29T06:00:10+00:00\" \/>\n<meta name=\"author\" content=\"Tomas Jarvid\" \/>\n<meta name=\"twitter:card\" content=\"summary_large_image\" \/>\n<meta name=\"twitter:creator\" content=\"@fadertomas\" \/>\n<meta name=\"twitter:site\" content=\"@fadertomas\" \/>\n<meta name=\"twitter:label1\" content=\"Skriven av\" \/>\n\t<meta name=\"twitter:data1\" content=\"Tomas Jarvid\" \/>\n\t<meta name=\"twitter:label2\" content=\"Ber\u00e4knad l\u00e4stid\" \/>\n\t<meta name=\"twitter:data2\" content=\"2 minuter\" \/>\n<script type=\"application\/ld+json\" class=\"yoast-schema-graph\">{\"@context\":\"https:\/\/schema.org\",\"@graph\":[{\"@type\":\"Article\",\"@id\":\"https:\/\/blogg.svenskakyrkan.se\/vandravagen\/2019\/03\/29\/berattelsen-alla-maste-kunna\/#article\",\"isPartOf\":{\"@id\":\"https:\/\/blogg.svenskakyrkan.se\/vandravagen\/2019\/03\/29\/berattelsen-alla-maste-kunna\/\"},\"author\":{\"name\":\"Tomas Jarvid\",\"@id\":\"https:\/\/blogg.svenskakyrkan.se\/vandravagen\/#\/schema\/person\/25da02d4f76b137d04291711e2c9fc16\"},\"headline\":\"Ber\u00e4ttelsen alla m\u00e5ste kunna\",\"datePublished\":\"2019-03-29T06:00:10+00:00\",\"mainEntityOfPage\":{\"@id\":\"https:\/\/blogg.svenskakyrkan.se\/vandravagen\/2019\/03\/29\/berattelsen-alla-maste-kunna\/\"},\"wordCount\":362,\"commentCount\":6,\"publisher\":{\"@id\":\"https:\/\/blogg.svenskakyrkan.se\/vandravagen\/#organization\"},\"image\":{\"@id\":\"https:\/\/blogg.svenskakyrkan.se\/vandravagen\/2019\/03\/29\/berattelsen-alla-maste-kunna\/#primaryimage\"},\"thumbnailUrl\":\"https:\/\/blogg.svenskakyrkan.se\/vandravagen\/files\/2019\/03\/modern1.jpg\",\"articleSection\":[\"ber\u00e4ttelser\",\"Bibeln\",\"Teologi\"],\"inLanguage\":\"sv-SE\",\"potentialAction\":[{\"@type\":\"CommentAction\",\"name\":\"Comment\",\"target\":[\"https:\/\/blogg.svenskakyrkan.se\/vandravagen\/2019\/03\/29\/berattelsen-alla-maste-kunna\/#respond\"]}]},{\"@type\":\"WebPage\",\"@id\":\"https:\/\/blogg.svenskakyrkan.se\/vandravagen\/2019\/03\/29\/berattelsen-alla-maste-kunna\/\",\"url\":\"https:\/\/blogg.svenskakyrkan.se\/vandravagen\/2019\/03\/29\/berattelsen-alla-maste-kunna\/\",\"name\":\"Ber\u00e4ttelsen alla m\u00e5ste kunna - Vandra V\u00e4gen\",\"isPartOf\":{\"@id\":\"https:\/\/blogg.svenskakyrkan.se\/vandravagen\/#website\"},\"primaryImageOfPage\":{\"@id\":\"https:\/\/blogg.svenskakyrkan.se\/vandravagen\/2019\/03\/29\/berattelsen-alla-maste-kunna\/#primaryimage\"},\"image\":{\"@id\":\"https:\/\/blogg.svenskakyrkan.se\/vandravagen\/2019\/03\/29\/berattelsen-alla-maste-kunna\/#primaryimage\"},\"thumbnailUrl\":\"https:\/\/blogg.svenskakyrkan.se\/vandravagen\/files\/2019\/03\/modern1.jpg\",\"datePublished\":\"2019-03-29T06:00:10+00:00\",\"breadcrumb\":{\"@id\":\"https:\/\/blogg.svenskakyrkan.se\/vandravagen\/2019\/03\/29\/berattelsen-alla-maste-kunna\/#breadcrumb\"},\"inLanguage\":\"sv-SE\",\"potentialAction\":[{\"@type\":\"ReadAction\",\"target\":[\"https:\/\/blogg.svenskakyrkan.se\/vandravagen\/2019\/03\/29\/berattelsen-alla-maste-kunna\/\"]}]},{\"@type\":\"ImageObject\",\"inLanguage\":\"sv-SE\",\"@id\":\"https:\/\/blogg.svenskakyrkan.se\/vandravagen\/2019\/03\/29\/berattelsen-alla-maste-kunna\/#primaryimage\",\"url\":\"https:\/\/blogg.svenskakyrkan.se\/vandravagen\/files\/2019\/03\/modern1.jpg\",\"contentUrl\":\"https:\/\/blogg.svenskakyrkan.se\/vandravagen\/files\/2019\/03\/modern1.jpg\",\"width\":1600,\"height\":1188,\"caption\":\"Den f\u00f6rlorade sonen! Notera det sorgliga livet bland grisarna till v\u00e4nster, och att Fadern till h\u00f6ger ser precis ut som Jesus!\"},{\"@type\":\"BreadcrumbList\",\"@id\":\"https:\/\/blogg.svenskakyrkan.se\/vandravagen\/2019\/03\/29\/berattelsen-alla-maste-kunna\/#breadcrumb\",\"itemListElement\":[{\"@type\":\"ListItem\",\"position\":1,\"name\":\"Hem\",\"item\":\"https:\/\/blogg.svenskakyrkan.se\/vandravagen\/\"},{\"@type\":\"ListItem\",\"position\":2,\"name\":\"Ber\u00e4ttelsen alla m\u00e5ste kunna\"}]},{\"@type\":\"WebSite\",\"@id\":\"https:\/\/blogg.svenskakyrkan.se\/vandravagen\/#website\",\"url\":\"https:\/\/blogg.svenskakyrkan.se\/vandravagen\/\",\"name\":\"Vandra V\u00e4gen\",\"description\":\"-Mot en tro f\u00f6r hela livet\",\"publisher\":{\"@id\":\"https:\/\/blogg.svenskakyrkan.se\/vandravagen\/#organization\"},\"potentialAction\":[{\"@type\":\"SearchAction\",\"target\":{\"@type\":\"EntryPoint\",\"urlTemplate\":\"https:\/\/blogg.svenskakyrkan.se\/vandravagen\/?s={search_term_string}\"},\"query-input\":{\"@type\":\"PropertyValueSpecification\",\"valueRequired\":true,\"valueName\":\"search_term_string\"}}],\"inLanguage\":\"sv-SE\"},{\"@type\":\"Organization\",\"@id\":\"https:\/\/blogg.svenskakyrkan.se\/vandravagen\/#organization\",\"name\":\"ulricehamns pastorat\",\"alternateName\":\"ulricehamns pastorat\",\"url\":\"https:\/\/blogg.svenskakyrkan.se\/vandravagen\/\",\"logo\":{\"@type\":\"ImageObject\",\"inLanguage\":\"sv-SE\",\"@id\":\"https:\/\/blogg.svenskakyrkan.se\/vandravagen\/#\/schema\/logo\/image\/\",\"url\":\"https:\/\/blogg.svenskakyrkan.se\/vandravagen\/files\/2023\/05\/Ulr_logo_RGB.png\",\"contentUrl\":\"https:\/\/blogg.svenskakyrkan.se\/vandravagen\/files\/2023\/05\/Ulr_logo_RGB.png\",\"width\":205,\"height\":77,\"caption\":\"ulricehamns pastorat\"},\"image\":{\"@id\":\"https:\/\/blogg.svenskakyrkan.se\/vandravagen\/#\/schema\/logo\/image\/\"},\"sameAs\":[\"http:\/\/facebook.com\/vandravagen\",\"https:\/\/x.com\/fadertomas\",\"http:\/\/www.facebook.com\/svenskakyrkaniulricehamn\"]},{\"@type\":\"Person\",\"@id\":\"https:\/\/blogg.svenskakyrkan.se\/vandravagen\/#\/schema\/person\/25da02d4f76b137d04291711e2c9fc16\",\"name\":\"Tomas Jarvid\",\"image\":{\"@type\":\"ImageObject\",\"inLanguage\":\"sv-SE\",\"@id\":\"https:\/\/blogg.svenskakyrkan.se\/vandravagen\/#\/schema\/person\/image\/\",\"url\":\"https:\/\/secure.gravatar.com\/avatar\/7fa71899795e8f540f615a1f5ab25255dc27aa40f05ee7ddd21aac521e01bf50?s=96&d=identicon&r=g\",\"contentUrl\":\"https:\/\/secure.gravatar.com\/avatar\/7fa71899795e8f540f615a1f5ab25255dc27aa40f05ee7ddd21aac521e01bf50?s=96&d=identicon&r=g\",\"caption\":\"Tomas Jarvid\"},\"description\":\"Jag bor i Ulricehamn i V\u00e4sterg\u00f6tland och \u00e4r f\u00f6rsamlingspr\u00e4st i Svenska Kyrkan f\u00f6r Dalstorps f\u00f6rsamling i Kinds pastorat. P\u00e5 den h\u00e4r bloggen skriver jag ner tankar om vandringen som kristen.\",\"sameAs\":[\"http:\/\/www.vandravagen.se\"],\"url\":\"https:\/\/blogg.svenskakyrkan.se\/vandravagen\/author\/vandravagen\/\"}]}<\/script>\n<!-- \/ Yoast SEO plugin. -->","yoast_head_json":{"title":"Ber\u00e4ttelsen alla m\u00e5ste kunna - Vandra V\u00e4gen","robots":{"index":"index","follow":"follow","max-snippet":"max-snippet:-1","max-image-preview":"max-image-preview:large","max-video-preview":"max-video-preview:-1"},"canonical":"https:\/\/blogg.svenskakyrkan.se\/vandravagen\/2019\/03\/29\/berattelsen-alla-maste-kunna\/","og_locale":"sv_SE","og_type":"article","og_title":"Ber\u00e4ttelsen alla m\u00e5ste kunna - Vandra V\u00e4gen","og_description":"Vi hade i vanlig ordning ett pass med konfirmanderna d\u00e4r vi dramatiserade Jesus k\u00e4ndaste liknelser. Detta m\u00e5ste v\u00e4l anses vara det mest klassiska av konfirmanduppl\u00e4gg men ocks\u00e5 v\u00e4ldigt viktigt. Om detta handlar dagens bloggpost. Vi dramatiserade liknelserna om s\u00e5dden i olika jordm\u00e5n, om den barmh\u00e4rtige samariern, om faris\u00e9en och tullindrivaren, om det f\u00f6rlorade f\u00e5ret och [&hellip;]","og_url":"https:\/\/blogg.svenskakyrkan.se\/vandravagen\/2019\/03\/29\/berattelsen-alla-maste-kunna\/","og_site_name":"Vandra V\u00e4gen","article_publisher":"http:\/\/facebook.com\/vandravagen","article_published_time":"2019-03-29T06:00:10+00:00","author":"Tomas Jarvid","twitter_card":"summary_large_image","twitter_creator":"@fadertomas","twitter_site":"@fadertomas","twitter_misc":{"Skriven av":"Tomas Jarvid","Ber\u00e4knad l\u00e4stid":"2 minuter"},"schema":{"@context":"https:\/\/schema.org","@graph":[{"@type":"Article","@id":"https:\/\/blogg.svenskakyrkan.se\/vandravagen\/2019\/03\/29\/berattelsen-alla-maste-kunna\/#article","isPartOf":{"@id":"https:\/\/blogg.svenskakyrkan.se\/vandravagen\/2019\/03\/29\/berattelsen-alla-maste-kunna\/"},"author":{"name":"Tomas Jarvid","@id":"https:\/\/blogg.svenskakyrkan.se\/vandravagen\/#\/schema\/person\/25da02d4f76b137d04291711e2c9fc16"},"headline":"Ber\u00e4ttelsen alla m\u00e5ste kunna","datePublished":"2019-03-29T06:00:10+00:00","mainEntityOfPage":{"@id":"https:\/\/blogg.svenskakyrkan.se\/vandravagen\/2019\/03\/29\/berattelsen-alla-maste-kunna\/"},"wordCount":362,"commentCount":6,"publisher":{"@id":"https:\/\/blogg.svenskakyrkan.se\/vandravagen\/#organization"},"image":{"@id":"https:\/\/blogg.svenskakyrkan.se\/vandravagen\/2019\/03\/29\/berattelsen-alla-maste-kunna\/#primaryimage"},"thumbnailUrl":"https:\/\/blogg.svenskakyrkan.se\/vandravagen\/files\/2019\/03\/modern1.jpg","articleSection":["ber\u00e4ttelser","Bibeln","Teologi"],"inLanguage":"sv-SE","potentialAction":[{"@type":"CommentAction","name":"Comment","target":["https:\/\/blogg.svenskakyrkan.se\/vandravagen\/2019\/03\/29\/berattelsen-alla-maste-kunna\/#respond"]}]},{"@type":"WebPage","@id":"https:\/\/blogg.svenskakyrkan.se\/vandravagen\/2019\/03\/29\/berattelsen-alla-maste-kunna\/","url":"https:\/\/blogg.svenskakyrkan.se\/vandravagen\/2019\/03\/29\/berattelsen-alla-maste-kunna\/","name":"Ber\u00e4ttelsen alla m\u00e5ste kunna - Vandra V\u00e4gen","isPartOf":{"@id":"https:\/\/blogg.svenskakyrkan.se\/vandravagen\/#website"},"primaryImageOfPage":{"@id":"https:\/\/blogg.svenskakyrkan.se\/vandravagen\/2019\/03\/29\/berattelsen-alla-maste-kunna\/#primaryimage"},"image":{"@id":"https:\/\/blogg.svenskakyrkan.se\/vandravagen\/2019\/03\/29\/berattelsen-alla-maste-kunna\/#primaryimage"},"thumbnailUrl":"https:\/\/blogg.svenskakyrkan.se\/vandravagen\/files\/2019\/03\/modern1.jpg","datePublished":"2019-03-29T06:00:10+00:00","breadcrumb":{"@id":"https:\/\/blogg.svenskakyrkan.se\/vandravagen\/2019\/03\/29\/berattelsen-alla-maste-kunna\/#breadcrumb"},"inLanguage":"sv-SE","potentialAction":[{"@type":"ReadAction","target":["https:\/\/blogg.svenskakyrkan.se\/vandravagen\/2019\/03\/29\/berattelsen-alla-maste-kunna\/"]}]},{"@type":"ImageObject","inLanguage":"sv-SE","@id":"https:\/\/blogg.svenskakyrkan.se\/vandravagen\/2019\/03\/29\/berattelsen-alla-maste-kunna\/#primaryimage","url":"https:\/\/blogg.svenskakyrkan.se\/vandravagen\/files\/2019\/03\/modern1.jpg","contentUrl":"https:\/\/blogg.svenskakyrkan.se\/vandravagen\/files\/2019\/03\/modern1.jpg","width":1600,"height":1188,"caption":"Den f\u00f6rlorade sonen! Notera det sorgliga livet bland grisarna till v\u00e4nster, och att Fadern till h\u00f6ger ser precis ut som Jesus!"},{"@type":"BreadcrumbList","@id":"https:\/\/blogg.svenskakyrkan.se\/vandravagen\/2019\/03\/29\/berattelsen-alla-maste-kunna\/#breadcrumb","itemListElement":[{"@type":"ListItem","position":1,"name":"Hem","item":"https:\/\/blogg.svenskakyrkan.se\/vandravagen\/"},{"@type":"ListItem","position":2,"name":"Ber\u00e4ttelsen alla m\u00e5ste kunna"}]},{"@type":"WebSite","@id":"https:\/\/blogg.svenskakyrkan.se\/vandravagen\/#website","url":"https:\/\/blogg.svenskakyrkan.se\/vandravagen\/","name":"Vandra V\u00e4gen","description":"-Mot en tro f\u00f6r hela livet","publisher":{"@id":"https:\/\/blogg.svenskakyrkan.se\/vandravagen\/#organization"},"potentialAction":[{"@type":"SearchAction","target":{"@type":"EntryPoint","urlTemplate":"https:\/\/blogg.svenskakyrkan.se\/vandravagen\/?s={search_term_string}"},"query-input":{"@type":"PropertyValueSpecification","valueRequired":true,"valueName":"search_term_string"}}],"inLanguage":"sv-SE"},{"@type":"Organization","@id":"https:\/\/blogg.svenskakyrkan.se\/vandravagen\/#organization","name":"ulricehamns pastorat","alternateName":"ulricehamns pastorat","url":"https:\/\/blogg.svenskakyrkan.se\/vandravagen\/","logo":{"@type":"ImageObject","inLanguage":"sv-SE","@id":"https:\/\/blogg.svenskakyrkan.se\/vandravagen\/#\/schema\/logo\/image\/","url":"https:\/\/blogg.svenskakyrkan.se\/vandravagen\/files\/2023\/05\/Ulr_logo_RGB.png","contentUrl":"https:\/\/blogg.svenskakyrkan.se\/vandravagen\/files\/2023\/05\/Ulr_logo_RGB.png","width":205,"height":77,"caption":"ulricehamns pastorat"},"image":{"@id":"https:\/\/blogg.svenskakyrkan.se\/vandravagen\/#\/schema\/logo\/image\/"},"sameAs":["http:\/\/facebook.com\/vandravagen","https:\/\/x.com\/fadertomas","http:\/\/www.facebook.com\/svenskakyrkaniulricehamn"]},{"@type":"Person","@id":"https:\/\/blogg.svenskakyrkan.se\/vandravagen\/#\/schema\/person\/25da02d4f76b137d04291711e2c9fc16","name":"Tomas Jarvid","image":{"@type":"ImageObject","inLanguage":"sv-SE","@id":"https:\/\/blogg.svenskakyrkan.se\/vandravagen\/#\/schema\/person\/image\/","url":"https:\/\/secure.gravatar.com\/avatar\/7fa71899795e8f540f615a1f5ab25255dc27aa40f05ee7ddd21aac521e01bf50?s=96&d=identicon&r=g","contentUrl":"https:\/\/secure.gravatar.com\/avatar\/7fa71899795e8f540f615a1f5ab25255dc27aa40f05ee7ddd21aac521e01bf50?s=96&d=identicon&r=g","caption":"Tomas Jarvid"},"description":"Jag bor i Ulricehamn i V\u00e4sterg\u00f6tland och \u00e4r f\u00f6rsamlingspr\u00e4st i Svenska Kyrkan f\u00f6r Dalstorps f\u00f6rsamling i Kinds pastorat. P\u00e5 den h\u00e4r bloggen skriver jag ner tankar om vandringen som kristen.","sameAs":["http:\/\/www.vandravagen.se"],"url":"https:\/\/blogg.svenskakyrkan.se\/vandravagen\/author\/vandravagen\/"}]}},"author_meta":{"ID":"392","user_nicename":"vandravagen","user_url":"http:\/\/www.vandravagen.se","user_registered":"2014-05-19 05:44:52","display_name":"Tomas Jarvid","first_name":"Tomas","last_name":"Jarvid","avatar":"https:\/\/secure.gravatar.com\/avatar\/7fa71899795e8f540f615a1f5ab25255dc27aa40f05ee7ddd21aac521e01bf50?s=96&d=identicon&r=g"},"featured_image":["https:\/\/blogg.svenskakyrkan.se\/vandravagen\/files\/2019\/03\/modern1-1024x760.jpg",1024,760,true],"bloginfo":{"name":"Vandra V\u00e4gen","url":"https:\/\/blogg.svenskakyrkan.se\/vandravagen"},"_links":{"self":[{"href":"https:\/\/blogg.svenskakyrkan.se\/vandravagen\/wp-json\/wp\/v2\/posts\/7058","targetHints":{"allow":["GET"]}}],"collection":[{"href":"https:\/\/blogg.svenskakyrkan.se\/vandravagen\/wp-json\/wp\/v2\/posts"}],"about":[{"href":"https:\/\/blogg.svenskakyrkan.se\/vandravagen\/wp-json\/wp\/v2\/types\/post"}],"author":[{"embeddable":true,"href":"https:\/\/blogg.svenskakyrkan.se\/vandravagen\/wp-json\/wp\/v2\/users\/392"}],"replies":[{"embeddable":true,"href":"https:\/\/blogg.svenskakyrkan.se\/vandravagen\/wp-json\/wp\/v2\/comments?post=7058"}],"version-history":[{"count":2,"href":"https:\/\/blogg.svenskakyrkan.se\/vandravagen\/wp-json\/wp\/v2\/posts\/7058\/revisions"}],"predecessor-version":[{"id":7063,"href":"https:\/\/blogg.svenskakyrkan.se\/vandravagen\/wp-json\/wp\/v2\/posts\/7058\/revisions\/7063"}],"wp:featuredmedia":[{"embeddable":true,"href":"https:\/\/blogg.svenskakyrkan.se\/vandravagen\/wp-json\/wp\/v2\/media\/7062"}],"wp:attachment":[{"href":"https:\/\/blogg.svenskakyrkan.se\/vandravagen\/wp-json\/wp\/v2\/media?parent=7058"}],"wp:term":[{"taxonomy":"category","embeddable":true,"href":"https:\/\/blogg.svenskakyrkan.se\/vandravagen\/wp-json\/wp\/v2\/categories?post=7058"},{"taxonomy":"post_tag","embeddable":true,"href":"https:\/\/blogg.svenskakyrkan.se\/vandravagen\/wp-json\/wp\/v2\/tags?post=7058"}],"curies":[{"name":"wp","href":"https:\/\/api.w.org\/{rel}","templated":true}]}}