{"id":706,"date":"2013-02-19T10:00:00","date_gmt":"2013-02-19T09:00:00","guid":{"rendered":"http:\/\/blogg.svenskakyrkan.se\/vandravagen\/2013\/02\/19\/anknytning-och-kristen-tro\/"},"modified":"2013-02-19T10:00:00","modified_gmt":"2013-02-19T09:00:00","slug":"anknytning-och-kristen-tro","status":"publish","type":"post","link":"https:\/\/blogg.svenskakyrkan.se\/vandravagen\/2013\/02\/19\/anknytning-och-kristen-tro\/","title":{"rendered":"Anknytning och kristen tro"},"content":{"rendered":"<table align=\"center\" cellpadding=\"0\" cellspacing=\"0\">\n<tbody>\n<tr>\n<td><a href=\"http:\/\/1.bp.blogspot.com\/-N6GoIQHV5aM\/UJAguqUzAeI\/AAAAAAAAA4c\/KkJqzKmKFl8\/s1600\/theotokos_gr.gif\"><img loading=\"lazy\" decoding=\"async\" border=\"0\" height=\"400\" src=\"http:\/\/1.bp.blogspot.com\/-N6GoIQHV5aM\/UJAguqUzAeI\/AAAAAAAAA4c\/KkJqzKmKFl8\/s400\/theotokos_gr.gif\" width=\"303\"><\/a><\/td>\n<\/tr>\n<tr>\n<td>Omv\u00e4nda l\u00e4get -Gud g\u00f6r sig beroende!<\/td>\n<\/tr>\n<\/tbody>\n<\/table>\n<p>Det har varit ganska stort intresse f\u00f6r det jag skrev om anknytning &#8221;<a href=\"http:\/\/vagenixp.blogspot.se\/2013\/02\/ordet-anknytning-en-riktig-ogonoppnare.html\">Ordet anknytning, en riktig \u00f6gon\u00f6ppnare<\/a>&#8221; och dessutom lovade jag d\u00e5 att \u00e5terkomma i flera omg\u00e5ngar till \u00e4mnet. F\u00f6rst ut en liten tanke om anknytning och kristen tro.<\/p>\n<p>Jag brukar t\u00e4nka att ett bra m\u00e5tt p\u00e5 den kristna trons sanningshalt \u00e4r hur v\u00e4l den st\u00e4mmer \u00f6verens med v\u00e5ra vardagliga erfarenheter av att vara m\u00e4nniska. \u00c4r kristen tro sann b\u00f6r den passa ihop med all annan sanning s\u00e5 att s\u00e4ga. D\u00e4rf\u00f6r tyckte jag det var sp\u00e4nnande n\u00e4r jag p\u00e5mindes om en rad bibliska teman vid min l\u00e4sning om anknytning mellan barn och f\u00f6r\u00e4lder.<\/p>\n<p>Relationen mellan m\u00e4nniska och Gud beskrivs ofta i Bibeln som en relation som har likheter med m\u00e4nskliga relationer. Ibland beskrivs Gud som en k\u00e4rlekspartner till m\u00e4nniskan, men f\u00f6rmodligen oftare som en f\u00f6r\u00e4lder. I alla fall i nya testamentet (r\u00e4tta mig om jag har fel).<\/p>\n<p>Jesus \u00e5terkommer ofta till att Gud \u00e4r som en himmelsk f\u00f6r\u00e4lder, en som \u00e4lskar villkorsl\u00f6st och sj\u00e4lvuppoffrande. \u00c4ven om vi letar oss iv\u00e4g p\u00e5 d\u00e5liga v\u00e4gar s\u00e5 vill han alltid \u00e5terknyta kontakten och reparera relationen. Visst finns det m\u00e5nga bud i Bibeln, vilken f\u00f6r\u00e4lder f\u00f6rs\u00f6ker inte hj\u00e4lpa sina barn in p\u00e5 livsv\u00e4gar som g\u00f6r livet gott? Reglerna \u00e4r kanske s\u00e5 sekund\u00e4ra? Blir det fel f\u00e5r vi falla tillbaka p\u00e5 den tillitsfulla relationen som t\u00e5l ocks\u00e5 det. Gud \u00e4r s\u00e5 mycket mer m\u00e5n om oss \u00e4n om att allt blir r\u00e4tt. Det \u00e4r f\u00f6r att han \u00e4lskar oss som han ocks\u00e5 bryr sig om hur vi lever.<\/p>\n<p>Och i relationen v\u00e4xer vi. \u00d6ver tid kan \u00e4ven djupa s\u00e5r l\u00e4ka om vi f\u00e5r leva inf\u00f6r en k\u00e4rleksfull blick. Den kristna tron h\u00e4vdar att vi alltid lever inf\u00f6r en s\u00e5dan blick!<\/p>\n<p>N\u00e5gon skulle kunna tolka anknytningsr\u00f6nen tv\u00e4rtom; som att vi bara \u00f6verf\u00f6r v\u00e5ra m\u00e4nskliga \u00f6nskningar om en perfekt f\u00f6r\u00e4lder och d\u00e4rf\u00f6r har hittat p\u00e5 Gud f\u00f6r att f\u00e5 tr\u00f6st. Sj\u00e4lv t\u00e4nker jag att anknytningsm\u00f6nstret passar in som en liten pusselbit i ett kosmos som utg\u00e5r fr\u00e5n den\u00a0&#8221;efter vilken allt vad fader heter i himlen och p\u00e5 jorden har sitt namn (Efesierbrevet)&#8221;.<\/p><\/p>\n","protected":false},"excerpt":{"rendered":"<p>Omv\u00e4nda l\u00e4get -Gud g\u00f6r sig beroende! Det har varit ganska stort intresse f\u00f6r det jag skrev om anknytning &#8221;Ordet anknytning, en riktig \u00f6gon\u00f6ppnare&#8221; och dessutom lovade jag d\u00e5 att \u00e5terkomma i flera omg\u00e5ngar till \u00e4mnet. F\u00f6rst ut en liten tanke om anknytning och kristen tro. Jag brukar t\u00e4nka att ett bra m\u00e5tt p\u00e5 den kristna [&hellip;]<\/p>\n","protected":false},"author":392,"featured_media":0,"comment_status":"open","ping_status":"open","sticky":false,"template":"","format":"standard","meta":{"_acf_changed":false,"footnotes":""},"categories":[117,77554],"tags":[],"class_list":["post-706","post","type-post","status-publish","format-standard","hentry","category-teologi","category-vara-manniska"],"acf":[],"yoast_head":"<!-- This site is optimized with the Yoast SEO plugin v27.1.1 - https:\/\/yoast.com\/product\/yoast-seo-wordpress\/ -->\n<title>Anknytning och kristen tro - Vandra V\u00e4gen<\/title>\n<meta name=\"robots\" content=\"index, follow, max-snippet:-1, max-image-preview:large, max-video-preview:-1\" \/>\n<link rel=\"canonical\" href=\"https:\/\/blogg.svenskakyrkan.se\/vandravagen\/2013\/02\/19\/anknytning-och-kristen-tro\/\" \/>\n<meta property=\"og:locale\" content=\"sv_SE\" \/>\n<meta property=\"og:type\" content=\"article\" \/>\n<meta property=\"og:title\" content=\"Anknytning och kristen tro - Vandra V\u00e4gen\" \/>\n<meta property=\"og:description\" content=\"Omv\u00e4nda l\u00e4get -Gud g\u00f6r sig beroende! Det har varit ganska stort intresse f\u00f6r det jag skrev om anknytning &#8221;Ordet anknytning, en riktig \u00f6gon\u00f6ppnare&#8221; och dessutom lovade jag d\u00e5 att \u00e5terkomma i flera omg\u00e5ngar till \u00e4mnet. F\u00f6rst ut en liten tanke om anknytning och kristen tro. Jag brukar t\u00e4nka att ett bra m\u00e5tt p\u00e5 den kristna [&hellip;]\" \/>\n<meta property=\"og:url\" content=\"https:\/\/blogg.svenskakyrkan.se\/vandravagen\/2013\/02\/19\/anknytning-och-kristen-tro\/\" \/>\n<meta property=\"og:site_name\" content=\"Vandra V\u00e4gen\" \/>\n<meta property=\"article:publisher\" content=\"http:\/\/facebook.com\/vandravagen\" \/>\n<meta property=\"article:published_time\" content=\"2013-02-19T09:00:00+00:00\" \/>\n<meta property=\"og:image\" content=\"http:\/\/1.bp.blogspot.com\/-N6GoIQHV5aM\/UJAguqUzAeI\/AAAAAAAAA4c\/KkJqzKmKFl8\/s400\/theotokos_gr.gif\" \/>\n<meta name=\"author\" content=\"Tomas Jarvid\" \/>\n<meta name=\"twitter:card\" content=\"summary_large_image\" \/>\n<meta name=\"twitter:creator\" content=\"@fadertomas\" \/>\n<meta name=\"twitter:site\" content=\"@fadertomas\" \/>\n<meta name=\"twitter:label1\" content=\"Skriven av\" \/>\n\t<meta name=\"twitter:data1\" content=\"Tomas Jarvid\" \/>\n\t<meta name=\"twitter:label2\" content=\"Ber\u00e4knad l\u00e4stid\" \/>\n\t<meta name=\"twitter:data2\" content=\"2 minuter\" \/>\n<script type=\"application\/ld+json\" class=\"yoast-schema-graph\">{\"@context\":\"https:\/\/schema.org\",\"@graph\":[{\"@type\":\"Article\",\"@id\":\"https:\/\/blogg.svenskakyrkan.se\/vandravagen\/2013\/02\/19\/anknytning-och-kristen-tro\/#article\",\"isPartOf\":{\"@id\":\"https:\/\/blogg.svenskakyrkan.se\/vandravagen\/2013\/02\/19\/anknytning-och-kristen-tro\/\"},\"author\":{\"name\":\"Tomas Jarvid\",\"@id\":\"https:\/\/blogg.svenskakyrkan.se\/vandravagen\/#\/schema\/person\/25da02d4f76b137d04291711e2c9fc16\"},\"headline\":\"Anknytning och kristen tro\",\"datePublished\":\"2013-02-19T09:00:00+00:00\",\"mainEntityOfPage\":{\"@id\":\"https:\/\/blogg.svenskakyrkan.se\/vandravagen\/2013\/02\/19\/anknytning-och-kristen-tro\/\"},\"wordCount\":434,\"commentCount\":0,\"publisher\":{\"@id\":\"https:\/\/blogg.svenskakyrkan.se\/vandravagen\/#organization\"},\"image\":{\"@id\":\"https:\/\/blogg.svenskakyrkan.se\/vandravagen\/2013\/02\/19\/anknytning-och-kristen-tro\/#primaryimage\"},\"thumbnailUrl\":\"http:\/\/1.bp.blogspot.com\/-N6GoIQHV5aM\/UJAguqUzAeI\/AAAAAAAAA4c\/KkJqzKmKFl8\/s400\/theotokos_gr.gif\",\"articleSection\":[\"Teologi\",\"vara m\u00e4nniska\"],\"inLanguage\":\"sv-SE\",\"potentialAction\":[{\"@type\":\"CommentAction\",\"name\":\"Comment\",\"target\":[\"https:\/\/blogg.svenskakyrkan.se\/vandravagen\/2013\/02\/19\/anknytning-och-kristen-tro\/#respond\"]}]},{\"@type\":\"WebPage\",\"@id\":\"https:\/\/blogg.svenskakyrkan.se\/vandravagen\/2013\/02\/19\/anknytning-och-kristen-tro\/\",\"url\":\"https:\/\/blogg.svenskakyrkan.se\/vandravagen\/2013\/02\/19\/anknytning-och-kristen-tro\/\",\"name\":\"Anknytning och kristen tro - Vandra V\u00e4gen\",\"isPartOf\":{\"@id\":\"https:\/\/blogg.svenskakyrkan.se\/vandravagen\/#website\"},\"primaryImageOfPage\":{\"@id\":\"https:\/\/blogg.svenskakyrkan.se\/vandravagen\/2013\/02\/19\/anknytning-och-kristen-tro\/#primaryimage\"},\"image\":{\"@id\":\"https:\/\/blogg.svenskakyrkan.se\/vandravagen\/2013\/02\/19\/anknytning-och-kristen-tro\/#primaryimage\"},\"thumbnailUrl\":\"http:\/\/1.bp.blogspot.com\/-N6GoIQHV5aM\/UJAguqUzAeI\/AAAAAAAAA4c\/KkJqzKmKFl8\/s400\/theotokos_gr.gif\",\"datePublished\":\"2013-02-19T09:00:00+00:00\",\"breadcrumb\":{\"@id\":\"https:\/\/blogg.svenskakyrkan.se\/vandravagen\/2013\/02\/19\/anknytning-och-kristen-tro\/#breadcrumb\"},\"inLanguage\":\"sv-SE\",\"potentialAction\":[{\"@type\":\"ReadAction\",\"target\":[\"https:\/\/blogg.svenskakyrkan.se\/vandravagen\/2013\/02\/19\/anknytning-och-kristen-tro\/\"]}]},{\"@type\":\"ImageObject\",\"inLanguage\":\"sv-SE\",\"@id\":\"https:\/\/blogg.svenskakyrkan.se\/vandravagen\/2013\/02\/19\/anknytning-och-kristen-tro\/#primaryimage\",\"url\":\"http:\/\/1.bp.blogspot.com\/-N6GoIQHV5aM\/UJAguqUzAeI\/AAAAAAAAA4c\/KkJqzKmKFl8\/s400\/theotokos_gr.gif\",\"contentUrl\":\"http:\/\/1.bp.blogspot.com\/-N6GoIQHV5aM\/UJAguqUzAeI\/AAAAAAAAA4c\/KkJqzKmKFl8\/s400\/theotokos_gr.gif\"},{\"@type\":\"BreadcrumbList\",\"@id\":\"https:\/\/blogg.svenskakyrkan.se\/vandravagen\/2013\/02\/19\/anknytning-och-kristen-tro\/#breadcrumb\",\"itemListElement\":[{\"@type\":\"ListItem\",\"position\":1,\"name\":\"Hem\",\"item\":\"https:\/\/blogg.svenskakyrkan.se\/vandravagen\/\"},{\"@type\":\"ListItem\",\"position\":2,\"name\":\"Anknytning och kristen tro\"}]},{\"@type\":\"WebSite\",\"@id\":\"https:\/\/blogg.svenskakyrkan.se\/vandravagen\/#website\",\"url\":\"https:\/\/blogg.svenskakyrkan.se\/vandravagen\/\",\"name\":\"Vandra V\u00e4gen\",\"description\":\"-Mot en tro f\u00f6r hela livet\",\"publisher\":{\"@id\":\"https:\/\/blogg.svenskakyrkan.se\/vandravagen\/#organization\"},\"potentialAction\":[{\"@type\":\"SearchAction\",\"target\":{\"@type\":\"EntryPoint\",\"urlTemplate\":\"https:\/\/blogg.svenskakyrkan.se\/vandravagen\/?s={search_term_string}\"},\"query-input\":{\"@type\":\"PropertyValueSpecification\",\"valueRequired\":true,\"valueName\":\"search_term_string\"}}],\"inLanguage\":\"sv-SE\"},{\"@type\":\"Organization\",\"@id\":\"https:\/\/blogg.svenskakyrkan.se\/vandravagen\/#organization\",\"name\":\"ulricehamns pastorat\",\"alternateName\":\"ulricehamns pastorat\",\"url\":\"https:\/\/blogg.svenskakyrkan.se\/vandravagen\/\",\"logo\":{\"@type\":\"ImageObject\",\"inLanguage\":\"sv-SE\",\"@id\":\"https:\/\/blogg.svenskakyrkan.se\/vandravagen\/#\/schema\/logo\/image\/\",\"url\":\"https:\/\/blogg.svenskakyrkan.se\/vandravagen\/files\/2023\/05\/Ulr_logo_RGB.png\",\"contentUrl\":\"https:\/\/blogg.svenskakyrkan.se\/vandravagen\/files\/2023\/05\/Ulr_logo_RGB.png\",\"width\":205,\"height\":77,\"caption\":\"ulricehamns pastorat\"},\"image\":{\"@id\":\"https:\/\/blogg.svenskakyrkan.se\/vandravagen\/#\/schema\/logo\/image\/\"},\"sameAs\":[\"http:\/\/facebook.com\/vandravagen\",\"https:\/\/x.com\/fadertomas\",\"http:\/\/www.facebook.com\/svenskakyrkaniulricehamn\"]},{\"@type\":\"Person\",\"@id\":\"https:\/\/blogg.svenskakyrkan.se\/vandravagen\/#\/schema\/person\/25da02d4f76b137d04291711e2c9fc16\",\"name\":\"Tomas Jarvid\",\"image\":{\"@type\":\"ImageObject\",\"inLanguage\":\"sv-SE\",\"@id\":\"https:\/\/blogg.svenskakyrkan.se\/vandravagen\/#\/schema\/person\/image\/\",\"url\":\"https:\/\/secure.gravatar.com\/avatar\/7fa71899795e8f540f615a1f5ab25255dc27aa40f05ee7ddd21aac521e01bf50?s=96&d=identicon&r=g\",\"contentUrl\":\"https:\/\/secure.gravatar.com\/avatar\/7fa71899795e8f540f615a1f5ab25255dc27aa40f05ee7ddd21aac521e01bf50?s=96&d=identicon&r=g\",\"caption\":\"Tomas Jarvid\"},\"description\":\"Jag bor i Ulricehamn i V\u00e4sterg\u00f6tland och \u00e4r f\u00f6rsamlingspr\u00e4st i Svenska Kyrkan f\u00f6r Dalstorps f\u00f6rsamling i Kinds pastorat. P\u00e5 den h\u00e4r bloggen skriver jag ner tankar om vandringen som kristen.\",\"sameAs\":[\"http:\/\/www.vandravagen.se\"],\"url\":\"https:\/\/blogg.svenskakyrkan.se\/vandravagen\/author\/vandravagen\/\"}]}<\/script>\n<!-- \/ Yoast SEO plugin. -->","yoast_head_json":{"title":"Anknytning och kristen tro - Vandra V\u00e4gen","robots":{"index":"index","follow":"follow","max-snippet":"max-snippet:-1","max-image-preview":"max-image-preview:large","max-video-preview":"max-video-preview:-1"},"canonical":"https:\/\/blogg.svenskakyrkan.se\/vandravagen\/2013\/02\/19\/anknytning-och-kristen-tro\/","og_locale":"sv_SE","og_type":"article","og_title":"Anknytning och kristen tro - Vandra V\u00e4gen","og_description":"Omv\u00e4nda l\u00e4get -Gud g\u00f6r sig beroende! Det har varit ganska stort intresse f\u00f6r det jag skrev om anknytning &#8221;Ordet anknytning, en riktig \u00f6gon\u00f6ppnare&#8221; och dessutom lovade jag d\u00e5 att \u00e5terkomma i flera omg\u00e5ngar till \u00e4mnet. F\u00f6rst ut en liten tanke om anknytning och kristen tro. Jag brukar t\u00e4nka att ett bra m\u00e5tt p\u00e5 den kristna [&hellip;]","og_url":"https:\/\/blogg.svenskakyrkan.se\/vandravagen\/2013\/02\/19\/anknytning-och-kristen-tro\/","og_site_name":"Vandra V\u00e4gen","article_publisher":"http:\/\/facebook.com\/vandravagen","article_published_time":"2013-02-19T09:00:00+00:00","og_image":[{"url":"http:\/\/1.bp.blogspot.com\/-N6GoIQHV5aM\/UJAguqUzAeI\/AAAAAAAAA4c\/KkJqzKmKFl8\/s400\/theotokos_gr.gif","type":"","width":"","height":""}],"author":"Tomas Jarvid","twitter_card":"summary_large_image","twitter_creator":"@fadertomas","twitter_site":"@fadertomas","twitter_misc":{"Skriven av":"Tomas Jarvid","Ber\u00e4knad l\u00e4stid":"2 minuter"},"schema":{"@context":"https:\/\/schema.org","@graph":[{"@type":"Article","@id":"https:\/\/blogg.svenskakyrkan.se\/vandravagen\/2013\/02\/19\/anknytning-och-kristen-tro\/#article","isPartOf":{"@id":"https:\/\/blogg.svenskakyrkan.se\/vandravagen\/2013\/02\/19\/anknytning-och-kristen-tro\/"},"author":{"name":"Tomas Jarvid","@id":"https:\/\/blogg.svenskakyrkan.se\/vandravagen\/#\/schema\/person\/25da02d4f76b137d04291711e2c9fc16"},"headline":"Anknytning och kristen tro","datePublished":"2013-02-19T09:00:00+00:00","mainEntityOfPage":{"@id":"https:\/\/blogg.svenskakyrkan.se\/vandravagen\/2013\/02\/19\/anknytning-och-kristen-tro\/"},"wordCount":434,"commentCount":0,"publisher":{"@id":"https:\/\/blogg.svenskakyrkan.se\/vandravagen\/#organization"},"image":{"@id":"https:\/\/blogg.svenskakyrkan.se\/vandravagen\/2013\/02\/19\/anknytning-och-kristen-tro\/#primaryimage"},"thumbnailUrl":"http:\/\/1.bp.blogspot.com\/-N6GoIQHV5aM\/UJAguqUzAeI\/AAAAAAAAA4c\/KkJqzKmKFl8\/s400\/theotokos_gr.gif","articleSection":["Teologi","vara m\u00e4nniska"],"inLanguage":"sv-SE","potentialAction":[{"@type":"CommentAction","name":"Comment","target":["https:\/\/blogg.svenskakyrkan.se\/vandravagen\/2013\/02\/19\/anknytning-och-kristen-tro\/#respond"]}]},{"@type":"WebPage","@id":"https:\/\/blogg.svenskakyrkan.se\/vandravagen\/2013\/02\/19\/anknytning-och-kristen-tro\/","url":"https:\/\/blogg.svenskakyrkan.se\/vandravagen\/2013\/02\/19\/anknytning-och-kristen-tro\/","name":"Anknytning och kristen tro - Vandra V\u00e4gen","isPartOf":{"@id":"https:\/\/blogg.svenskakyrkan.se\/vandravagen\/#website"},"primaryImageOfPage":{"@id":"https:\/\/blogg.svenskakyrkan.se\/vandravagen\/2013\/02\/19\/anknytning-och-kristen-tro\/#primaryimage"},"image":{"@id":"https:\/\/blogg.svenskakyrkan.se\/vandravagen\/2013\/02\/19\/anknytning-och-kristen-tro\/#primaryimage"},"thumbnailUrl":"http:\/\/1.bp.blogspot.com\/-N6GoIQHV5aM\/UJAguqUzAeI\/AAAAAAAAA4c\/KkJqzKmKFl8\/s400\/theotokos_gr.gif","datePublished":"2013-02-19T09:00:00+00:00","breadcrumb":{"@id":"https:\/\/blogg.svenskakyrkan.se\/vandravagen\/2013\/02\/19\/anknytning-och-kristen-tro\/#breadcrumb"},"inLanguage":"sv-SE","potentialAction":[{"@type":"ReadAction","target":["https:\/\/blogg.svenskakyrkan.se\/vandravagen\/2013\/02\/19\/anknytning-och-kristen-tro\/"]}]},{"@type":"ImageObject","inLanguage":"sv-SE","@id":"https:\/\/blogg.svenskakyrkan.se\/vandravagen\/2013\/02\/19\/anknytning-och-kristen-tro\/#primaryimage","url":"http:\/\/1.bp.blogspot.com\/-N6GoIQHV5aM\/UJAguqUzAeI\/AAAAAAAAA4c\/KkJqzKmKFl8\/s400\/theotokos_gr.gif","contentUrl":"http:\/\/1.bp.blogspot.com\/-N6GoIQHV5aM\/UJAguqUzAeI\/AAAAAAAAA4c\/KkJqzKmKFl8\/s400\/theotokos_gr.gif"},{"@type":"BreadcrumbList","@id":"https:\/\/blogg.svenskakyrkan.se\/vandravagen\/2013\/02\/19\/anknytning-och-kristen-tro\/#breadcrumb","itemListElement":[{"@type":"ListItem","position":1,"name":"Hem","item":"https:\/\/blogg.svenskakyrkan.se\/vandravagen\/"},{"@type":"ListItem","position":2,"name":"Anknytning och kristen tro"}]},{"@type":"WebSite","@id":"https:\/\/blogg.svenskakyrkan.se\/vandravagen\/#website","url":"https:\/\/blogg.svenskakyrkan.se\/vandravagen\/","name":"Vandra V\u00e4gen","description":"-Mot en tro f\u00f6r hela livet","publisher":{"@id":"https:\/\/blogg.svenskakyrkan.se\/vandravagen\/#organization"},"potentialAction":[{"@type":"SearchAction","target":{"@type":"EntryPoint","urlTemplate":"https:\/\/blogg.svenskakyrkan.se\/vandravagen\/?s={search_term_string}"},"query-input":{"@type":"PropertyValueSpecification","valueRequired":true,"valueName":"search_term_string"}}],"inLanguage":"sv-SE"},{"@type":"Organization","@id":"https:\/\/blogg.svenskakyrkan.se\/vandravagen\/#organization","name":"ulricehamns pastorat","alternateName":"ulricehamns pastorat","url":"https:\/\/blogg.svenskakyrkan.se\/vandravagen\/","logo":{"@type":"ImageObject","inLanguage":"sv-SE","@id":"https:\/\/blogg.svenskakyrkan.se\/vandravagen\/#\/schema\/logo\/image\/","url":"https:\/\/blogg.svenskakyrkan.se\/vandravagen\/files\/2023\/05\/Ulr_logo_RGB.png","contentUrl":"https:\/\/blogg.svenskakyrkan.se\/vandravagen\/files\/2023\/05\/Ulr_logo_RGB.png","width":205,"height":77,"caption":"ulricehamns pastorat"},"image":{"@id":"https:\/\/blogg.svenskakyrkan.se\/vandravagen\/#\/schema\/logo\/image\/"},"sameAs":["http:\/\/facebook.com\/vandravagen","https:\/\/x.com\/fadertomas","http:\/\/www.facebook.com\/svenskakyrkaniulricehamn"]},{"@type":"Person","@id":"https:\/\/blogg.svenskakyrkan.se\/vandravagen\/#\/schema\/person\/25da02d4f76b137d04291711e2c9fc16","name":"Tomas Jarvid","image":{"@type":"ImageObject","inLanguage":"sv-SE","@id":"https:\/\/blogg.svenskakyrkan.se\/vandravagen\/#\/schema\/person\/image\/","url":"https:\/\/secure.gravatar.com\/avatar\/7fa71899795e8f540f615a1f5ab25255dc27aa40f05ee7ddd21aac521e01bf50?s=96&d=identicon&r=g","contentUrl":"https:\/\/secure.gravatar.com\/avatar\/7fa71899795e8f540f615a1f5ab25255dc27aa40f05ee7ddd21aac521e01bf50?s=96&d=identicon&r=g","caption":"Tomas Jarvid"},"description":"Jag bor i Ulricehamn i V\u00e4sterg\u00f6tland och \u00e4r f\u00f6rsamlingspr\u00e4st i Svenska Kyrkan f\u00f6r Dalstorps f\u00f6rsamling i Kinds pastorat. P\u00e5 den h\u00e4r bloggen skriver jag ner tankar om vandringen som kristen.","sameAs":["http:\/\/www.vandravagen.se"],"url":"https:\/\/blogg.svenskakyrkan.se\/vandravagen\/author\/vandravagen\/"}]}},"author_meta":{"ID":"392","user_nicename":"vandravagen","user_url":"http:\/\/www.vandravagen.se","user_registered":"2014-05-19 05:44:52","display_name":"Tomas Jarvid","first_name":"Tomas","last_name":"Jarvid","avatar":"https:\/\/secure.gravatar.com\/avatar\/7fa71899795e8f540f615a1f5ab25255dc27aa40f05ee7ddd21aac521e01bf50?s=96&d=identicon&r=g"},"featured_image":false,"bloginfo":{"name":"Vandra V\u00e4gen","url":"https:\/\/blogg.svenskakyrkan.se\/vandravagen"},"_links":{"self":[{"href":"https:\/\/blogg.svenskakyrkan.se\/vandravagen\/wp-json\/wp\/v2\/posts\/706","targetHints":{"allow":["GET"]}}],"collection":[{"href":"https:\/\/blogg.svenskakyrkan.se\/vandravagen\/wp-json\/wp\/v2\/posts"}],"about":[{"href":"https:\/\/blogg.svenskakyrkan.se\/vandravagen\/wp-json\/wp\/v2\/types\/post"}],"author":[{"embeddable":true,"href":"https:\/\/blogg.svenskakyrkan.se\/vandravagen\/wp-json\/wp\/v2\/users\/392"}],"replies":[{"embeddable":true,"href":"https:\/\/blogg.svenskakyrkan.se\/vandravagen\/wp-json\/wp\/v2\/comments?post=706"}],"version-history":[{"count":0,"href":"https:\/\/blogg.svenskakyrkan.se\/vandravagen\/wp-json\/wp\/v2\/posts\/706\/revisions"}],"wp:attachment":[{"href":"https:\/\/blogg.svenskakyrkan.se\/vandravagen\/wp-json\/wp\/v2\/media?parent=706"}],"wp:term":[{"taxonomy":"category","embeddable":true,"href":"https:\/\/blogg.svenskakyrkan.se\/vandravagen\/wp-json\/wp\/v2\/categories?post=706"},{"taxonomy":"post_tag","embeddable":true,"href":"https:\/\/blogg.svenskakyrkan.se\/vandravagen\/wp-json\/wp\/v2\/tags?post=706"}],"curies":[{"name":"wp","href":"https:\/\/api.w.org\/{rel}","templated":true}]}}