{"id":708,"date":"2013-02-17T19:34:00","date_gmt":"2013-02-17T18:34:00","guid":{"rendered":"http:\/\/blogg.svenskakyrkan.se\/vandravagen\/2013\/02\/17\/veckans-favorittweets-8\/"},"modified":"2013-02-17T19:34:00","modified_gmt":"2013-02-17T18:34:00","slug":"veckans-favorittweets-8","status":"publish","type":"post","link":"https:\/\/blogg.svenskakyrkan.se\/vandravagen\/2013\/02\/17\/veckans-favorittweets-8\/","title":{"rendered":"Veckans favorittweets"},"content":{"rendered":"<div>S\u00f6ndagkv\u00e4ll och dags f\u00f6r \u00e4nnu en twittersammanfattning. H\u00e4r \u00e4r veckans b\u00e4sta bland de favoritade, dessutom n\u00e5gra jag lyckades slarva bort f\u00f6rra g\u00e5ngen.\u00a0<\/div>\n<div><\/div>\n<div>Sen vet jag inte om det \u00e4r fastans fel f\u00f6r tydligen har jag inte n\u00e5gra roliga tweets alls den h\u00e4r g\u00e5ngen (n\u00e5ja). Det f\u00e5r bli ett annat uppl\u00e4gg: kloka, fastetweets och sedan teologiska. L\u00e5ter lockande va?<\/div>\n<div><\/div>\n<div>Klokt och t\u00e4nkv\u00e4rt:<\/div>\n<div><\/div>\n<div><\/div>\n<div><a href=\"http:\/\/4.bp.blogspot.com\/-ZWLuRYQEfjk\/USDsOmbwtLI\/AAAAAAAACYI\/kZApWw4wE4Y\/s1600\/hara%CC%88tt.jpg\"><img loading=\"lazy\" decoding=\"async\" border=\"0\" height=\"67\" src=\"http:\/\/4.bp.blogspot.com\/-ZWLuRYQEfjk\/USDsOmbwtLI\/AAAAAAAACYI\/kZApWw4wE4Y\/s400\/hara%CC%88tt.jpg\" width=\"400\"><\/a><\/div>\n<div>Sofia Mirjamsdotter skrev en rad tweets om att m\u00e5nga anv\u00e4nder ordet &#8221;sj\u00e4lv&#8221; f\u00f6r att slippa s\u00e4ga &#8221;ensam&#8221; \u00e4ven om det inte st\u00e4mmer grammatiks. Kunde inte st\u00e4mma in mer i slutsatsen:<\/div>\n<\/p>\n<div><a href=\"http:\/\/4.bp.blogspot.com\/-9gKEV8iGBTg\/USDsOqB87mI\/AAAAAAAACYM\/SjfEaoHrKJ8\/s1600\/ensam.jpg\"><img loading=\"lazy\" decoding=\"async\" border=\"0\" height=\"76\" src=\"http:\/\/4.bp.blogspot.com\/-9gKEV8iGBTg\/USDsOqB87mI\/AAAAAAAACYM\/SjfEaoHrKJ8\/s400\/ensam.jpg\" width=\"400\"><\/a><\/div>\n<div><\/div>\n<div>Och vist \u00e4r det v\u00e4l s\u00e5h\u00e4r?<\/div>\n<div><a href=\"http:\/\/3.bp.blogspot.com\/-qOrz_igFpgc\/USDsoZlv-eI\/AAAAAAAACYs\/rrPDPlY85yU\/s1600\/q.jpg\"><img loading=\"lazy\" decoding=\"async\" border=\"0\" height=\"76\" src=\"http:\/\/3.bp.blogspot.com\/-qOrz_igFpgc\/USDsoZlv-eI\/AAAAAAAACYs\/rrPDPlY85yU\/s400\/q.jpg\" width=\"400\"><\/a><\/div>\n<div><\/div>\n<div><a href=\"http:\/\/3.bp.blogspot.com\/-DRUmZqn4FsM\/USDsojiy7VI\/AAAAAAAACY8\/ib5n7muFAiA\/s1600\/s.jpg\"><img loading=\"lazy\" decoding=\"async\" border=\"0\" height=\"80\" src=\"http:\/\/3.bp.blogspot.com\/-DRUmZqn4FsM\/USDsojiy7VI\/AAAAAAAACY8\/ib5n7muFAiA\/s400\/s.jpg\" width=\"400\"><\/a><\/div>\n<div><\/div>\n<div>Och det eviga dilemmat n\u00e4r livet \u00e4r jobbigt; sig sj\u00e4lv har man alltid med sig:<\/div>\n<div><\/div>\n<div><a href=\"http:\/\/2.bp.blogspot.com\/-MQVZDRA5N4Y\/USDsp-A8G3I\/AAAAAAAACZI\/TYo_CADi-Vg\/s1600\/u.jpg\"><img loading=\"lazy\" decoding=\"async\" border=\"0\" height=\"66\" src=\"http:\/\/2.bp.blogspot.com\/-MQVZDRA5N4Y\/USDsp-A8G3I\/AAAAAAAACZI\/TYo_CADi-Vg\/s400\/u.jpg\" width=\"400\"><\/a><\/div>\n<div><\/div>\n<div><\/div>\n<div>Och s\u00e5 n\u00e5gra tweets s\u00e5 h\u00e4r i fastan:<\/div>\n<div><\/div>\n<\/p>\n<div><a href=\"http:\/\/1.bp.blogspot.com\/-d2PW_WLFURw\/USDsnXREVsI\/AAAAAAAACYc\/tWlq2V0O2C4\/s1600\/fasta.jpg\"><img loading=\"lazy\" decoding=\"async\" border=\"0\" height=\"67\" src=\"http:\/\/1.bp.blogspot.com\/-d2PW_WLFURw\/USDsnXREVsI\/AAAAAAAACYc\/tWlq2V0O2C4\/s400\/fasta.jpg\" width=\"400\"><\/a><\/div>\n<div>Kortfattat om sj\u00e4lva po\u00e4ngen!<\/div>\n<div><\/div>\n<div>Jesus var skeptisk till att man fastar s\u00e5 andra ser det s\u00e5 n\u00e4r en massa twittrare b\u00f6rjat ropa ut hur de ska fasta kanske han skulle h\u00e5lla med Elin:<\/div>\n<\/p>\n<div><a href=\"http:\/\/2.bp.blogspot.com\/-lltJGM82EMk\/USDsnVk-L8I\/AAAAAAAACYg\/aAbbeo4VBDQ\/s1600\/fasta2.jpg\"><img loading=\"lazy\" decoding=\"async\" border=\"0\" height=\"72\" src=\"http:\/\/2.bp.blogspot.com\/-lltJGM82EMk\/USDsnVk-L8I\/AAAAAAAACYg\/aAbbeo4VBDQ\/s400\/fasta2.jpg\" width=\"400\"><\/a><\/div>\n<\/p>\n<div><a href=\"http:\/\/3.bp.blogspot.com\/-Q3O8PlE6M8o\/USDsoDNb2FI\/AAAAAAAACYo\/-sSYwA9GG1w\/s1600\/omva%CC%88ndelse.jpg\"><img loading=\"lazy\" decoding=\"async\" border=\"0\" height=\"72\" src=\"http:\/\/3.bp.blogspot.com\/-Q3O8PlE6M8o\/USDsoDNb2FI\/AAAAAAAACYo\/-sSYwA9GG1w\/s400\/omva%CC%88ndelse.jpg\" width=\"400\"><\/a><\/div>\n<div><\/div>\n<div>Och en sp\u00e4nnande id\u00e9:<\/div>\n<\/p>\n<div><a href=\"http:\/\/3.bp.blogspot.com\/-I-_QLI7cIf0\/USDspKI5pBI\/AAAAAAAACY4\/bMJ89tr0-s8\/s1600\/t.jpg\"><img loading=\"lazy\" decoding=\"async\" border=\"0\" height=\"56\" src=\"http:\/\/3.bp.blogspot.com\/-I-_QLI7cIf0\/USDspKI5pBI\/AAAAAAAACY4\/bMJ89tr0-s8\/s400\/t.jpg\" width=\"400\"><\/a><\/div>\n<\/p>\n<div>Lite teologi p\u00e5 det?<\/div>\n<\/p>\n<div><a href=\"http:\/\/2.bp.blogspot.com\/-goG1ex3HheI\/USDso4cKarI\/AAAAAAAACY0\/iUtdXOQ_j2g\/s1600\/skapelse.jpg\"><img loading=\"lazy\" decoding=\"async\" border=\"0\" height=\"66\" src=\"http:\/\/2.bp.blogspot.com\/-goG1ex3HheI\/USDso4cKarI\/AAAAAAAACY0\/iUtdXOQ_j2g\/s400\/skapelse.jpg\" width=\"400\"><\/a><\/div>\n<div>Tr\u00e4ffs\u00e4ker diagnos p\u00e5 varf\u00f6r kyrklig teologi inte \u00e4r mer klarsynt:<\/div>\n<\/p>\n<div><a href=\"http:\/\/1.bp.blogspot.com\/-oUwxJ-UJGMc\/USDspreb2qI\/AAAAAAAACZA\/h5lMCtuDZms\/s1600\/teologi.jpg\"><img loading=\"lazy\" decoding=\"async\" border=\"0\" height=\"77\" src=\"http:\/\/1.bp.blogspot.com\/-oUwxJ-UJGMc\/USDspreb2qI\/AAAAAAAACZA\/h5lMCtuDZms\/s400\/teologi.jpg\" width=\"400\"><\/a><\/div>\n<div><a href=\"http:\/\/4.bp.blogspot.com\/-DENsHepQtMQ\/USDsqJciTVI\/AAAAAAAACZY\/gERjf_KQ52Y\/s1600\/w.jpg\"><img loading=\"lazy\" decoding=\"async\" border=\"0\" height=\"71\" src=\"http:\/\/4.bp.blogspot.com\/-DENsHepQtMQ\/USDsqJciTVI\/AAAAAAAACZY\/gERjf_KQ52Y\/s400\/w.jpg\" width=\"400\"><\/a><\/div>\n<div><\/div>\n<div><\/div>\n<div>Veckans b\u00e4sta kommer fr\u00e5n tvitrekirken;\u00a0<\/div>\n<div><\/div>\n<div><\/div>\n<div><a href=\"http:\/\/3.bp.blogspot.com\/-ryyYZh-cXn0\/USDsqJ8E2RI\/AAAAAAAACZU\/Kq1s_tneiPw\/s1600\/y.jpg\"><img loading=\"lazy\" decoding=\"async\" border=\"0\" height=\"70\" src=\"http:\/\/3.bp.blogspot.com\/-ryyYZh-cXn0\/USDsqJ8E2RI\/AAAAAAAACZU\/Kq1s_tneiPw\/s400\/y.jpg\" width=\"400\"><\/a><\/div>\n<div><\/div>\n<div>&#8221;Tvivel s\u00f6ker ljuset, otron \u00e4r n\u00f6jd med m\u00f6rkret,\u00a0<\/div>\n<div>Tvivlet s\u00f6ker svar, otron vill ha r\u00e4tt,<\/div>\n<div>tvivel \u00e4r l\u00e4ngtan, otro \u00e4r envishet&#8221;<\/div>\n<div><\/div>\n<div>D\u00e4r fick i alla fall jag n\u00e5got att t\u00e4nka p\u00e5!<\/div><\/p>\n","protected":false},"excerpt":{"rendered":"<p>S\u00f6ndagkv\u00e4ll och dags f\u00f6r \u00e4nnu en twittersammanfattning. H\u00e4r \u00e4r veckans b\u00e4sta bland de favoritade, dessutom n\u00e5gra jag lyckades slarva bort f\u00f6rra g\u00e5ngen.\u00a0 Sen vet jag inte om det \u00e4r fastans fel f\u00f6r tydligen har jag inte n\u00e5gra roliga tweets alls den h\u00e4r g\u00e5ngen (n\u00e5ja). Det f\u00e5r bli ett annat uppl\u00e4gg: kloka, fastetweets och sedan teologiska. [&hellip;]<\/p>\n","protected":false},"author":392,"featured_media":0,"comment_status":"open","ping_status":"open","sticky":false,"template":"","format":"standard","meta":{"_acf_changed":false,"footnotes":""},"categories":[76766],"tags":[],"class_list":["post-708","post","type-post","status-publish","format-standard","hentry","category-blandat"],"acf":[],"yoast_head":"<!-- This site is optimized with the Yoast SEO plugin v27.1.1 - https:\/\/yoast.com\/product\/yoast-seo-wordpress\/ -->\n<title>Veckans favorittweets - Vandra V\u00e4gen<\/title>\n<meta name=\"robots\" content=\"index, follow, max-snippet:-1, max-image-preview:large, max-video-preview:-1\" \/>\n<link rel=\"canonical\" href=\"https:\/\/blogg.svenskakyrkan.se\/vandravagen\/2013\/02\/17\/veckans-favorittweets-8\/\" \/>\n<meta property=\"og:locale\" content=\"sv_SE\" \/>\n<meta property=\"og:type\" content=\"article\" \/>\n<meta property=\"og:title\" content=\"Veckans favorittweets - Vandra V\u00e4gen\" \/>\n<meta property=\"og:description\" content=\"S\u00f6ndagkv\u00e4ll och dags f\u00f6r \u00e4nnu en twittersammanfattning. H\u00e4r \u00e4r veckans b\u00e4sta bland de favoritade, dessutom n\u00e5gra jag lyckades slarva bort f\u00f6rra g\u00e5ngen.\u00a0 Sen vet jag inte om det \u00e4r fastans fel f\u00f6r tydligen har jag inte n\u00e5gra roliga tweets alls den h\u00e4r g\u00e5ngen (n\u00e5ja). Det f\u00e5r bli ett annat uppl\u00e4gg: kloka, fastetweets och sedan teologiska. [&hellip;]\" \/>\n<meta property=\"og:url\" content=\"https:\/\/blogg.svenskakyrkan.se\/vandravagen\/2013\/02\/17\/veckans-favorittweets-8\/\" \/>\n<meta property=\"og:site_name\" content=\"Vandra V\u00e4gen\" \/>\n<meta property=\"article:publisher\" content=\"http:\/\/facebook.com\/vandravagen\" \/>\n<meta property=\"article:published_time\" content=\"2013-02-17T18:34:00+00:00\" \/>\n<meta property=\"og:image\" content=\"http:\/\/4.bp.blogspot.com\/-ZWLuRYQEfjk\/USDsOmbwtLI\/AAAAAAAACYI\/kZApWw4wE4Y\/s400\/hara%CC%88tt.jpg\" \/>\n<meta name=\"author\" content=\"Tomas Jarvid\" \/>\n<meta name=\"twitter:card\" content=\"summary_large_image\" \/>\n<meta name=\"twitter:creator\" content=\"@fadertomas\" \/>\n<meta name=\"twitter:site\" content=\"@fadertomas\" \/>\n<meta name=\"twitter:label1\" content=\"Skriven av\" \/>\n\t<meta name=\"twitter:data1\" content=\"Tomas Jarvid\" \/>\n\t<meta name=\"twitter:label2\" content=\"Ber\u00e4knad l\u00e4stid\" \/>\n\t<meta name=\"twitter:data2\" content=\"1 minut\" \/>\n<script type=\"application\/ld+json\" class=\"yoast-schema-graph\">{\"@context\":\"https:\/\/schema.org\",\"@graph\":[{\"@type\":\"Article\",\"@id\":\"https:\/\/blogg.svenskakyrkan.se\/vandravagen\/2013\/02\/17\/veckans-favorittweets-8\/#article\",\"isPartOf\":{\"@id\":\"https:\/\/blogg.svenskakyrkan.se\/vandravagen\/2013\/02\/17\/veckans-favorittweets-8\/\"},\"author\":{\"name\":\"Tomas Jarvid\",\"@id\":\"https:\/\/blogg.svenskakyrkan.se\/vandravagen\/#\/schema\/person\/25da02d4f76b137d04291711e2c9fc16\"},\"headline\":\"Veckans favorittweets\",\"datePublished\":\"2013-02-17T18:34:00+00:00\",\"mainEntityOfPage\":{\"@id\":\"https:\/\/blogg.svenskakyrkan.se\/vandravagen\/2013\/02\/17\/veckans-favorittweets-8\/\"},\"wordCount\":261,\"commentCount\":0,\"publisher\":{\"@id\":\"https:\/\/blogg.svenskakyrkan.se\/vandravagen\/#organization\"},\"image\":{\"@id\":\"https:\/\/blogg.svenskakyrkan.se\/vandravagen\/2013\/02\/17\/veckans-favorittweets-8\/#primaryimage\"},\"thumbnailUrl\":\"http:\/\/4.bp.blogspot.com\/-ZWLuRYQEfjk\/USDsOmbwtLI\/AAAAAAAACYI\/kZApWw4wE4Y\/s400\/hara%CC%88tt.jpg\",\"articleSection\":[\"blandat\"],\"inLanguage\":\"sv-SE\",\"potentialAction\":[{\"@type\":\"CommentAction\",\"name\":\"Comment\",\"target\":[\"https:\/\/blogg.svenskakyrkan.se\/vandravagen\/2013\/02\/17\/veckans-favorittweets-8\/#respond\"]}]},{\"@type\":\"WebPage\",\"@id\":\"https:\/\/blogg.svenskakyrkan.se\/vandravagen\/2013\/02\/17\/veckans-favorittweets-8\/\",\"url\":\"https:\/\/blogg.svenskakyrkan.se\/vandravagen\/2013\/02\/17\/veckans-favorittweets-8\/\",\"name\":\"Veckans favorittweets - Vandra V\u00e4gen\",\"isPartOf\":{\"@id\":\"https:\/\/blogg.svenskakyrkan.se\/vandravagen\/#website\"},\"primaryImageOfPage\":{\"@id\":\"https:\/\/blogg.svenskakyrkan.se\/vandravagen\/2013\/02\/17\/veckans-favorittweets-8\/#primaryimage\"},\"image\":{\"@id\":\"https:\/\/blogg.svenskakyrkan.se\/vandravagen\/2013\/02\/17\/veckans-favorittweets-8\/#primaryimage\"},\"thumbnailUrl\":\"http:\/\/4.bp.blogspot.com\/-ZWLuRYQEfjk\/USDsOmbwtLI\/AAAAAAAACYI\/kZApWw4wE4Y\/s400\/hara%CC%88tt.jpg\",\"datePublished\":\"2013-02-17T18:34:00+00:00\",\"breadcrumb\":{\"@id\":\"https:\/\/blogg.svenskakyrkan.se\/vandravagen\/2013\/02\/17\/veckans-favorittweets-8\/#breadcrumb\"},\"inLanguage\":\"sv-SE\",\"potentialAction\":[{\"@type\":\"ReadAction\",\"target\":[\"https:\/\/blogg.svenskakyrkan.se\/vandravagen\/2013\/02\/17\/veckans-favorittweets-8\/\"]}]},{\"@type\":\"ImageObject\",\"inLanguage\":\"sv-SE\",\"@id\":\"https:\/\/blogg.svenskakyrkan.se\/vandravagen\/2013\/02\/17\/veckans-favorittweets-8\/#primaryimage\",\"url\":\"http:\/\/4.bp.blogspot.com\/-ZWLuRYQEfjk\/USDsOmbwtLI\/AAAAAAAACYI\/kZApWw4wE4Y\/s400\/hara%CC%88tt.jpg\",\"contentUrl\":\"http:\/\/4.bp.blogspot.com\/-ZWLuRYQEfjk\/USDsOmbwtLI\/AAAAAAAACYI\/kZApWw4wE4Y\/s400\/hara%CC%88tt.jpg\"},{\"@type\":\"BreadcrumbList\",\"@id\":\"https:\/\/blogg.svenskakyrkan.se\/vandravagen\/2013\/02\/17\/veckans-favorittweets-8\/#breadcrumb\",\"itemListElement\":[{\"@type\":\"ListItem\",\"position\":1,\"name\":\"Hem\",\"item\":\"https:\/\/blogg.svenskakyrkan.se\/vandravagen\/\"},{\"@type\":\"ListItem\",\"position\":2,\"name\":\"Veckans favorittweets\"}]},{\"@type\":\"WebSite\",\"@id\":\"https:\/\/blogg.svenskakyrkan.se\/vandravagen\/#website\",\"url\":\"https:\/\/blogg.svenskakyrkan.se\/vandravagen\/\",\"name\":\"Vandra V\u00e4gen\",\"description\":\"-Mot en tro f\u00f6r hela livet\",\"publisher\":{\"@id\":\"https:\/\/blogg.svenskakyrkan.se\/vandravagen\/#organization\"},\"potentialAction\":[{\"@type\":\"SearchAction\",\"target\":{\"@type\":\"EntryPoint\",\"urlTemplate\":\"https:\/\/blogg.svenskakyrkan.se\/vandravagen\/?s={search_term_string}\"},\"query-input\":{\"@type\":\"PropertyValueSpecification\",\"valueRequired\":true,\"valueName\":\"search_term_string\"}}],\"inLanguage\":\"sv-SE\"},{\"@type\":\"Organization\",\"@id\":\"https:\/\/blogg.svenskakyrkan.se\/vandravagen\/#organization\",\"name\":\"ulricehamns pastorat\",\"alternateName\":\"ulricehamns pastorat\",\"url\":\"https:\/\/blogg.svenskakyrkan.se\/vandravagen\/\",\"logo\":{\"@type\":\"ImageObject\",\"inLanguage\":\"sv-SE\",\"@id\":\"https:\/\/blogg.svenskakyrkan.se\/vandravagen\/#\/schema\/logo\/image\/\",\"url\":\"https:\/\/blogg.svenskakyrkan.se\/vandravagen\/files\/2023\/05\/Ulr_logo_RGB.png\",\"contentUrl\":\"https:\/\/blogg.svenskakyrkan.se\/vandravagen\/files\/2023\/05\/Ulr_logo_RGB.png\",\"width\":205,\"height\":77,\"caption\":\"ulricehamns pastorat\"},\"image\":{\"@id\":\"https:\/\/blogg.svenskakyrkan.se\/vandravagen\/#\/schema\/logo\/image\/\"},\"sameAs\":[\"http:\/\/facebook.com\/vandravagen\",\"https:\/\/x.com\/fadertomas\",\"http:\/\/www.facebook.com\/svenskakyrkaniulricehamn\"]},{\"@type\":\"Person\",\"@id\":\"https:\/\/blogg.svenskakyrkan.se\/vandravagen\/#\/schema\/person\/25da02d4f76b137d04291711e2c9fc16\",\"name\":\"Tomas Jarvid\",\"image\":{\"@type\":\"ImageObject\",\"inLanguage\":\"sv-SE\",\"@id\":\"https:\/\/blogg.svenskakyrkan.se\/vandravagen\/#\/schema\/person\/image\/\",\"url\":\"https:\/\/secure.gravatar.com\/avatar\/7fa71899795e8f540f615a1f5ab25255dc27aa40f05ee7ddd21aac521e01bf50?s=96&d=identicon&r=g\",\"contentUrl\":\"https:\/\/secure.gravatar.com\/avatar\/7fa71899795e8f540f615a1f5ab25255dc27aa40f05ee7ddd21aac521e01bf50?s=96&d=identicon&r=g\",\"caption\":\"Tomas Jarvid\"},\"description\":\"Jag bor i Ulricehamn i V\u00e4sterg\u00f6tland och \u00e4r f\u00f6rsamlingspr\u00e4st i Svenska Kyrkan f\u00f6r Dalstorps f\u00f6rsamling i Kinds pastorat. P\u00e5 den h\u00e4r bloggen skriver jag ner tankar om vandringen som kristen.\",\"sameAs\":[\"http:\/\/www.vandravagen.se\"],\"url\":\"https:\/\/blogg.svenskakyrkan.se\/vandravagen\/author\/vandravagen\/\"}]}<\/script>\n<!-- \/ Yoast SEO plugin. -->","yoast_head_json":{"title":"Veckans favorittweets - Vandra V\u00e4gen","robots":{"index":"index","follow":"follow","max-snippet":"max-snippet:-1","max-image-preview":"max-image-preview:large","max-video-preview":"max-video-preview:-1"},"canonical":"https:\/\/blogg.svenskakyrkan.se\/vandravagen\/2013\/02\/17\/veckans-favorittweets-8\/","og_locale":"sv_SE","og_type":"article","og_title":"Veckans favorittweets - Vandra V\u00e4gen","og_description":"S\u00f6ndagkv\u00e4ll och dags f\u00f6r \u00e4nnu en twittersammanfattning. H\u00e4r \u00e4r veckans b\u00e4sta bland de favoritade, dessutom n\u00e5gra jag lyckades slarva bort f\u00f6rra g\u00e5ngen.\u00a0 Sen vet jag inte om det \u00e4r fastans fel f\u00f6r tydligen har jag inte n\u00e5gra roliga tweets alls den h\u00e4r g\u00e5ngen (n\u00e5ja). Det f\u00e5r bli ett annat uppl\u00e4gg: kloka, fastetweets och sedan teologiska. [&hellip;]","og_url":"https:\/\/blogg.svenskakyrkan.se\/vandravagen\/2013\/02\/17\/veckans-favorittweets-8\/","og_site_name":"Vandra V\u00e4gen","article_publisher":"http:\/\/facebook.com\/vandravagen","article_published_time":"2013-02-17T18:34:00+00:00","og_image":[{"url":"http:\/\/4.bp.blogspot.com\/-ZWLuRYQEfjk\/USDsOmbwtLI\/AAAAAAAACYI\/kZApWw4wE4Y\/s400\/hara%CC%88tt.jpg","type":"","width":"","height":""}],"author":"Tomas Jarvid","twitter_card":"summary_large_image","twitter_creator":"@fadertomas","twitter_site":"@fadertomas","twitter_misc":{"Skriven av":"Tomas Jarvid","Ber\u00e4knad l\u00e4stid":"1 minut"},"schema":{"@context":"https:\/\/schema.org","@graph":[{"@type":"Article","@id":"https:\/\/blogg.svenskakyrkan.se\/vandravagen\/2013\/02\/17\/veckans-favorittweets-8\/#article","isPartOf":{"@id":"https:\/\/blogg.svenskakyrkan.se\/vandravagen\/2013\/02\/17\/veckans-favorittweets-8\/"},"author":{"name":"Tomas Jarvid","@id":"https:\/\/blogg.svenskakyrkan.se\/vandravagen\/#\/schema\/person\/25da02d4f76b137d04291711e2c9fc16"},"headline":"Veckans favorittweets","datePublished":"2013-02-17T18:34:00+00:00","mainEntityOfPage":{"@id":"https:\/\/blogg.svenskakyrkan.se\/vandravagen\/2013\/02\/17\/veckans-favorittweets-8\/"},"wordCount":261,"commentCount":0,"publisher":{"@id":"https:\/\/blogg.svenskakyrkan.se\/vandravagen\/#organization"},"image":{"@id":"https:\/\/blogg.svenskakyrkan.se\/vandravagen\/2013\/02\/17\/veckans-favorittweets-8\/#primaryimage"},"thumbnailUrl":"http:\/\/4.bp.blogspot.com\/-ZWLuRYQEfjk\/USDsOmbwtLI\/AAAAAAAACYI\/kZApWw4wE4Y\/s400\/hara%CC%88tt.jpg","articleSection":["blandat"],"inLanguage":"sv-SE","potentialAction":[{"@type":"CommentAction","name":"Comment","target":["https:\/\/blogg.svenskakyrkan.se\/vandravagen\/2013\/02\/17\/veckans-favorittweets-8\/#respond"]}]},{"@type":"WebPage","@id":"https:\/\/blogg.svenskakyrkan.se\/vandravagen\/2013\/02\/17\/veckans-favorittweets-8\/","url":"https:\/\/blogg.svenskakyrkan.se\/vandravagen\/2013\/02\/17\/veckans-favorittweets-8\/","name":"Veckans favorittweets - Vandra V\u00e4gen","isPartOf":{"@id":"https:\/\/blogg.svenskakyrkan.se\/vandravagen\/#website"},"primaryImageOfPage":{"@id":"https:\/\/blogg.svenskakyrkan.se\/vandravagen\/2013\/02\/17\/veckans-favorittweets-8\/#primaryimage"},"image":{"@id":"https:\/\/blogg.svenskakyrkan.se\/vandravagen\/2013\/02\/17\/veckans-favorittweets-8\/#primaryimage"},"thumbnailUrl":"http:\/\/4.bp.blogspot.com\/-ZWLuRYQEfjk\/USDsOmbwtLI\/AAAAAAAACYI\/kZApWw4wE4Y\/s400\/hara%CC%88tt.jpg","datePublished":"2013-02-17T18:34:00+00:00","breadcrumb":{"@id":"https:\/\/blogg.svenskakyrkan.se\/vandravagen\/2013\/02\/17\/veckans-favorittweets-8\/#breadcrumb"},"inLanguage":"sv-SE","potentialAction":[{"@type":"ReadAction","target":["https:\/\/blogg.svenskakyrkan.se\/vandravagen\/2013\/02\/17\/veckans-favorittweets-8\/"]}]},{"@type":"ImageObject","inLanguage":"sv-SE","@id":"https:\/\/blogg.svenskakyrkan.se\/vandravagen\/2013\/02\/17\/veckans-favorittweets-8\/#primaryimage","url":"http:\/\/4.bp.blogspot.com\/-ZWLuRYQEfjk\/USDsOmbwtLI\/AAAAAAAACYI\/kZApWw4wE4Y\/s400\/hara%CC%88tt.jpg","contentUrl":"http:\/\/4.bp.blogspot.com\/-ZWLuRYQEfjk\/USDsOmbwtLI\/AAAAAAAACYI\/kZApWw4wE4Y\/s400\/hara%CC%88tt.jpg"},{"@type":"BreadcrumbList","@id":"https:\/\/blogg.svenskakyrkan.se\/vandravagen\/2013\/02\/17\/veckans-favorittweets-8\/#breadcrumb","itemListElement":[{"@type":"ListItem","position":1,"name":"Hem","item":"https:\/\/blogg.svenskakyrkan.se\/vandravagen\/"},{"@type":"ListItem","position":2,"name":"Veckans favorittweets"}]},{"@type":"WebSite","@id":"https:\/\/blogg.svenskakyrkan.se\/vandravagen\/#website","url":"https:\/\/blogg.svenskakyrkan.se\/vandravagen\/","name":"Vandra V\u00e4gen","description":"-Mot en tro f\u00f6r hela livet","publisher":{"@id":"https:\/\/blogg.svenskakyrkan.se\/vandravagen\/#organization"},"potentialAction":[{"@type":"SearchAction","target":{"@type":"EntryPoint","urlTemplate":"https:\/\/blogg.svenskakyrkan.se\/vandravagen\/?s={search_term_string}"},"query-input":{"@type":"PropertyValueSpecification","valueRequired":true,"valueName":"search_term_string"}}],"inLanguage":"sv-SE"},{"@type":"Organization","@id":"https:\/\/blogg.svenskakyrkan.se\/vandravagen\/#organization","name":"ulricehamns pastorat","alternateName":"ulricehamns pastorat","url":"https:\/\/blogg.svenskakyrkan.se\/vandravagen\/","logo":{"@type":"ImageObject","inLanguage":"sv-SE","@id":"https:\/\/blogg.svenskakyrkan.se\/vandravagen\/#\/schema\/logo\/image\/","url":"https:\/\/blogg.svenskakyrkan.se\/vandravagen\/files\/2023\/05\/Ulr_logo_RGB.png","contentUrl":"https:\/\/blogg.svenskakyrkan.se\/vandravagen\/files\/2023\/05\/Ulr_logo_RGB.png","width":205,"height":77,"caption":"ulricehamns pastorat"},"image":{"@id":"https:\/\/blogg.svenskakyrkan.se\/vandravagen\/#\/schema\/logo\/image\/"},"sameAs":["http:\/\/facebook.com\/vandravagen","https:\/\/x.com\/fadertomas","http:\/\/www.facebook.com\/svenskakyrkaniulricehamn"]},{"@type":"Person","@id":"https:\/\/blogg.svenskakyrkan.se\/vandravagen\/#\/schema\/person\/25da02d4f76b137d04291711e2c9fc16","name":"Tomas Jarvid","image":{"@type":"ImageObject","inLanguage":"sv-SE","@id":"https:\/\/blogg.svenskakyrkan.se\/vandravagen\/#\/schema\/person\/image\/","url":"https:\/\/secure.gravatar.com\/avatar\/7fa71899795e8f540f615a1f5ab25255dc27aa40f05ee7ddd21aac521e01bf50?s=96&d=identicon&r=g","contentUrl":"https:\/\/secure.gravatar.com\/avatar\/7fa71899795e8f540f615a1f5ab25255dc27aa40f05ee7ddd21aac521e01bf50?s=96&d=identicon&r=g","caption":"Tomas Jarvid"},"description":"Jag bor i Ulricehamn i V\u00e4sterg\u00f6tland och \u00e4r f\u00f6rsamlingspr\u00e4st i Svenska Kyrkan f\u00f6r Dalstorps f\u00f6rsamling i Kinds pastorat. P\u00e5 den h\u00e4r bloggen skriver jag ner tankar om vandringen som kristen.","sameAs":["http:\/\/www.vandravagen.se"],"url":"https:\/\/blogg.svenskakyrkan.se\/vandravagen\/author\/vandravagen\/"}]}},"author_meta":{"ID":"392","user_nicename":"vandravagen","user_url":"http:\/\/www.vandravagen.se","user_registered":"2014-05-19 05:44:52","display_name":"Tomas Jarvid","first_name":"Tomas","last_name":"Jarvid","avatar":"https:\/\/secure.gravatar.com\/avatar\/7fa71899795e8f540f615a1f5ab25255dc27aa40f05ee7ddd21aac521e01bf50?s=96&d=identicon&r=g"},"featured_image":false,"bloginfo":{"name":"Vandra V\u00e4gen","url":"https:\/\/blogg.svenskakyrkan.se\/vandravagen"},"_links":{"self":[{"href":"https:\/\/blogg.svenskakyrkan.se\/vandravagen\/wp-json\/wp\/v2\/posts\/708","targetHints":{"allow":["GET"]}}],"collection":[{"href":"https:\/\/blogg.svenskakyrkan.se\/vandravagen\/wp-json\/wp\/v2\/posts"}],"about":[{"href":"https:\/\/blogg.svenskakyrkan.se\/vandravagen\/wp-json\/wp\/v2\/types\/post"}],"author":[{"embeddable":true,"href":"https:\/\/blogg.svenskakyrkan.se\/vandravagen\/wp-json\/wp\/v2\/users\/392"}],"replies":[{"embeddable":true,"href":"https:\/\/blogg.svenskakyrkan.se\/vandravagen\/wp-json\/wp\/v2\/comments?post=708"}],"version-history":[{"count":0,"href":"https:\/\/blogg.svenskakyrkan.se\/vandravagen\/wp-json\/wp\/v2\/posts\/708\/revisions"}],"wp:attachment":[{"href":"https:\/\/blogg.svenskakyrkan.se\/vandravagen\/wp-json\/wp\/v2\/media?parent=708"}],"wp:term":[{"taxonomy":"category","embeddable":true,"href":"https:\/\/blogg.svenskakyrkan.se\/vandravagen\/wp-json\/wp\/v2\/categories?post=708"},{"taxonomy":"post_tag","embeddable":true,"href":"https:\/\/blogg.svenskakyrkan.se\/vandravagen\/wp-json\/wp\/v2\/tags?post=708"}],"curies":[{"name":"wp","href":"https:\/\/api.w.org\/{rel}","templated":true}]}}