{"id":7089,"date":"2019-03-31T07:00:33","date_gmt":"2019-03-31T05:00:33","guid":{"rendered":"http:\/\/blogg.svenskakyrkan.se\/vandravagen\/?p=7089"},"modified":"2019-03-30T22:35:29","modified_gmt":"2019-03-30T21:35:29","slug":"8-blandade-tankar-pa-sondagen-33","status":"publish","type":"post","link":"https:\/\/blogg.svenskakyrkan.se\/vandravagen\/2019\/03\/31\/8-blandade-tankar-pa-sondagen-33\/","title":{"rendered":"8 blandade tankar p\u00e5 s\u00f6ndagen"},"content":{"rendered":"<ol>\n<li>Glad s\u00f6ndag k\u00e4ra l\u00e4sare!<\/li>\n<\/ol>\n<p>2. Idag \u00e4r det midfastos\u00f6ndagen och jag tror nog jag ska lyckas ta mig iv\u00e4g p\u00e5 gudstj\u00e4nst i eftermiddag i \u00d6lsamma missionskyrka men \u00a0jag tj\u00e4nstg\u00f6r inte idag.<\/p>\n<p>3. Temat f\u00f6r s\u00f6ndagen \u00e4r &#8221;livets br\u00f6d&#8221; och det \u00e4r f\u00f6rst\u00e5s Jesus sj\u00e4lv som s\u00e4ger att han \u00e4r det levande br\u00f6det som kommit ner fr\u00e5n himlen f\u00f6r att ge v\u00e4rlden liv i evangeliel\u00e4sningen. Det k\u00e4nns som timing att det \u00e4r just nu som min fru har satt ig\u00e5ng med surdegsbakandet igen efter r\u00e4tt l\u00e5ngt uppeh\u00e5ll.<\/p>\n<p>4. Jag har haft den stora gl\u00e4djen att sova ute med mina b\u00e5da \u00e4ldsta d\u00f6ttrar i ett vindskydd h\u00e4romnatten. Lite orolig i f\u00f6rv\u00e4g f\u00f6r att de skulle frysa eller n\u00e5t (det \u00e4r ju \u00e4nd\u00e5 mars) men det gick j\u00e4ttebra. Vindskyddet ifr\u00e5ga l\u00e5g f\u00f6rresten vid den vackra hj\u00e4lm\u00e5leden i Dalstorp, jag har paddlat f\u00f6rbi d\u00e4r m\u00e5nga g\u00e5nger tidigare.<\/p>\n<p>5. Pr\u00e4st \u00e4r ibland ett variationsrikt arbete. I fredags var jag f\u00f6rst och tr\u00e4ffade ett sorgehus f\u00f6r att sedan forts\u00e4tta ut i hagarna i Hulared f\u00f6r att s\u00e5ga f\u00e4rska tr\u00e4bitar att t\u00e4lja i med N\u00c4STA omg\u00e5ng scouter, denna g\u00e5ng fr\u00e5n \u00d6lsremma, i veckan som kommer.<\/p>\n<p>6. Och f\u00f6r att forts\u00e4tta med variationen s\u00e5 ska jag sjunga glada visor av Ulf Peder Olrog p\u00e5 v\u00e5r trivseltr\u00e4ff i f\u00f6rsamlingen en liten stund f\u00f6re t\u00e4ljandet.<\/p>\n<p>7. Nu \u00e4r det sommartid d\u00e5 allts\u00e5. Nu med m\u00f6jlighet till f\u00f6r\u00e4ndring i sikte s\u00e5 tror jag egentligen inte jag gillar tidsomst\u00e4llningarna n\u00e5got vidare. Framf\u00f6rallt s\u00e5 st\u00f6r det livet mycket i livet med sm\u00e5barnen.<\/p>\n<p>8. Vad g\u00f6r du idag? Skriv en rad och ber\u00e4tta!<\/p>\n","protected":false},"excerpt":{"rendered":"<p>Glad s\u00f6ndag k\u00e4ra l\u00e4sare! 2. Idag \u00e4r det midfastos\u00f6ndagen och jag tror nog jag ska lyckas ta mig iv\u00e4g p\u00e5 gudstj\u00e4nst i eftermiddag i \u00d6lsamma missionskyrka men \u00a0jag tj\u00e4nstg\u00f6r inte idag. 3. Temat f\u00f6r s\u00f6ndagen \u00e4r &#8221;livets br\u00f6d&#8221; och det \u00e4r f\u00f6rst\u00e5s Jesus sj\u00e4lv som s\u00e4ger att han \u00e4r det levande br\u00f6det som kommit ner [&hellip;]<\/p>\n","protected":false},"author":392,"featured_media":7091,"comment_status":"open","ping_status":"open","sticky":false,"template":"","format":"standard","meta":{"_acf_changed":false,"footnotes":""},"categories":[76766],"tags":[],"class_list":["post-7089","post","type-post","status-publish","format-standard","has-post-thumbnail","hentry","category-blandat"],"acf":[],"yoast_head":"<!-- This site is optimized with the Yoast SEO plugin v27.1.1 - https:\/\/yoast.com\/product\/yoast-seo-wordpress\/ -->\n<title>8 blandade tankar p\u00e5 s\u00f6ndagen - Vandra V\u00e4gen<\/title>\n<meta name=\"robots\" content=\"index, follow, max-snippet:-1, max-image-preview:large, max-video-preview:-1\" \/>\n<link rel=\"canonical\" href=\"https:\/\/blogg.svenskakyrkan.se\/vandravagen\/2019\/03\/31\/8-blandade-tankar-pa-sondagen-33\/\" \/>\n<meta property=\"og:locale\" content=\"sv_SE\" \/>\n<meta property=\"og:type\" content=\"article\" \/>\n<meta property=\"og:title\" content=\"8 blandade tankar p\u00e5 s\u00f6ndagen - Vandra V\u00e4gen\" \/>\n<meta property=\"og:description\" content=\"Glad s\u00f6ndag k\u00e4ra l\u00e4sare! 2. Idag \u00e4r det midfastos\u00f6ndagen och jag tror nog jag ska lyckas ta mig iv\u00e4g p\u00e5 gudstj\u00e4nst i eftermiddag i \u00d6lsamma missionskyrka men \u00a0jag tj\u00e4nstg\u00f6r inte idag. 3. Temat f\u00f6r s\u00f6ndagen \u00e4r &#8221;livets br\u00f6d&#8221; och det \u00e4r f\u00f6rst\u00e5s Jesus sj\u00e4lv som s\u00e4ger att han \u00e4r det levande br\u00f6det som kommit ner [&hellip;]\" \/>\n<meta property=\"og:url\" content=\"https:\/\/blogg.svenskakyrkan.se\/vandravagen\/2019\/03\/31\/8-blandade-tankar-pa-sondagen-33\/\" \/>\n<meta property=\"og:site_name\" content=\"Vandra V\u00e4gen\" \/>\n<meta property=\"article:publisher\" content=\"http:\/\/facebook.com\/vandravagen\" \/>\n<meta property=\"article:published_time\" content=\"2019-03-31T05:00:33+00:00\" \/>\n<meta name=\"author\" content=\"Tomas Jarvid\" \/>\n<meta name=\"twitter:card\" content=\"summary_large_image\" \/>\n<meta name=\"twitter:creator\" content=\"@fadertomas\" \/>\n<meta name=\"twitter:site\" content=\"@fadertomas\" \/>\n<meta name=\"twitter:label1\" content=\"Skriven av\" \/>\n\t<meta name=\"twitter:data1\" content=\"Tomas Jarvid\" \/>\n\t<meta name=\"twitter:label2\" content=\"Ber\u00e4knad l\u00e4stid\" \/>\n\t<meta name=\"twitter:data2\" content=\"2 minuter\" \/>\n<script type=\"application\/ld+json\" class=\"yoast-schema-graph\">{\"@context\":\"https:\/\/schema.org\",\"@graph\":[{\"@type\":\"Article\",\"@id\":\"https:\/\/blogg.svenskakyrkan.se\/vandravagen\/2019\/03\/31\/8-blandade-tankar-pa-sondagen-33\/#article\",\"isPartOf\":{\"@id\":\"https:\/\/blogg.svenskakyrkan.se\/vandravagen\/2019\/03\/31\/8-blandade-tankar-pa-sondagen-33\/\"},\"author\":{\"name\":\"Tomas Jarvid\",\"@id\":\"https:\/\/blogg.svenskakyrkan.se\/vandravagen\/#\/schema\/person\/25da02d4f76b137d04291711e2c9fc16\"},\"headline\":\"8 blandade tankar p\u00e5 s\u00f6ndagen\",\"datePublished\":\"2019-03-31T05:00:33+00:00\",\"mainEntityOfPage\":{\"@id\":\"https:\/\/blogg.svenskakyrkan.se\/vandravagen\/2019\/03\/31\/8-blandade-tankar-pa-sondagen-33\/\"},\"wordCount\":331,\"commentCount\":30,\"publisher\":{\"@id\":\"https:\/\/blogg.svenskakyrkan.se\/vandravagen\/#organization\"},\"image\":{\"@id\":\"https:\/\/blogg.svenskakyrkan.se\/vandravagen\/2019\/03\/31\/8-blandade-tankar-pa-sondagen-33\/#primaryimage\"},\"thumbnailUrl\":\"https:\/\/blogg.svenskakyrkan.se\/vandravagen\/files\/2019\/03\/IMG_6421.jpg\",\"articleSection\":[\"blandat\"],\"inLanguage\":\"sv-SE\",\"potentialAction\":[{\"@type\":\"CommentAction\",\"name\":\"Comment\",\"target\":[\"https:\/\/blogg.svenskakyrkan.se\/vandravagen\/2019\/03\/31\/8-blandade-tankar-pa-sondagen-33\/#respond\"]}]},{\"@type\":\"WebPage\",\"@id\":\"https:\/\/blogg.svenskakyrkan.se\/vandravagen\/2019\/03\/31\/8-blandade-tankar-pa-sondagen-33\/\",\"url\":\"https:\/\/blogg.svenskakyrkan.se\/vandravagen\/2019\/03\/31\/8-blandade-tankar-pa-sondagen-33\/\",\"name\":\"8 blandade tankar p\u00e5 s\u00f6ndagen - Vandra V\u00e4gen\",\"isPartOf\":{\"@id\":\"https:\/\/blogg.svenskakyrkan.se\/vandravagen\/#website\"},\"primaryImageOfPage\":{\"@id\":\"https:\/\/blogg.svenskakyrkan.se\/vandravagen\/2019\/03\/31\/8-blandade-tankar-pa-sondagen-33\/#primaryimage\"},\"image\":{\"@id\":\"https:\/\/blogg.svenskakyrkan.se\/vandravagen\/2019\/03\/31\/8-blandade-tankar-pa-sondagen-33\/#primaryimage\"},\"thumbnailUrl\":\"https:\/\/blogg.svenskakyrkan.se\/vandravagen\/files\/2019\/03\/IMG_6421.jpg\",\"datePublished\":\"2019-03-31T05:00:33+00:00\",\"breadcrumb\":{\"@id\":\"https:\/\/blogg.svenskakyrkan.se\/vandravagen\/2019\/03\/31\/8-blandade-tankar-pa-sondagen-33\/#breadcrumb\"},\"inLanguage\":\"sv-SE\",\"potentialAction\":[{\"@type\":\"ReadAction\",\"target\":[\"https:\/\/blogg.svenskakyrkan.se\/vandravagen\/2019\/03\/31\/8-blandade-tankar-pa-sondagen-33\/\"]}]},{\"@type\":\"ImageObject\",\"inLanguage\":\"sv-SE\",\"@id\":\"https:\/\/blogg.svenskakyrkan.se\/vandravagen\/2019\/03\/31\/8-blandade-tankar-pa-sondagen-33\/#primaryimage\",\"url\":\"https:\/\/blogg.svenskakyrkan.se\/vandravagen\/files\/2019\/03\/IMG_6421.jpg\",\"contentUrl\":\"https:\/\/blogg.svenskakyrkan.se\/vandravagen\/files\/2019\/03\/IMG_6421.jpg\",\"width\":1024,\"height\":1115,\"caption\":\"Kolla \u00e5snan! Det ligger n\u00e5gon i krubban! M\u00e5ste vara han som \u00e4r livets br\u00f6d?\"},{\"@type\":\"BreadcrumbList\",\"@id\":\"https:\/\/blogg.svenskakyrkan.se\/vandravagen\/2019\/03\/31\/8-blandade-tankar-pa-sondagen-33\/#breadcrumb\",\"itemListElement\":[{\"@type\":\"ListItem\",\"position\":1,\"name\":\"Hem\",\"item\":\"https:\/\/blogg.svenskakyrkan.se\/vandravagen\/\"},{\"@type\":\"ListItem\",\"position\":2,\"name\":\"8 blandade tankar p\u00e5 s\u00f6ndagen\"}]},{\"@type\":\"WebSite\",\"@id\":\"https:\/\/blogg.svenskakyrkan.se\/vandravagen\/#website\",\"url\":\"https:\/\/blogg.svenskakyrkan.se\/vandravagen\/\",\"name\":\"Vandra V\u00e4gen\",\"description\":\"-Mot en tro f\u00f6r hela livet\",\"publisher\":{\"@id\":\"https:\/\/blogg.svenskakyrkan.se\/vandravagen\/#organization\"},\"potentialAction\":[{\"@type\":\"SearchAction\",\"target\":{\"@type\":\"EntryPoint\",\"urlTemplate\":\"https:\/\/blogg.svenskakyrkan.se\/vandravagen\/?s={search_term_string}\"},\"query-input\":{\"@type\":\"PropertyValueSpecification\",\"valueRequired\":true,\"valueName\":\"search_term_string\"}}],\"inLanguage\":\"sv-SE\"},{\"@type\":\"Organization\",\"@id\":\"https:\/\/blogg.svenskakyrkan.se\/vandravagen\/#organization\",\"name\":\"ulricehamns pastorat\",\"alternateName\":\"ulricehamns pastorat\",\"url\":\"https:\/\/blogg.svenskakyrkan.se\/vandravagen\/\",\"logo\":{\"@type\":\"ImageObject\",\"inLanguage\":\"sv-SE\",\"@id\":\"https:\/\/blogg.svenskakyrkan.se\/vandravagen\/#\/schema\/logo\/image\/\",\"url\":\"https:\/\/blogg.svenskakyrkan.se\/vandravagen\/files\/2023\/05\/Ulr_logo_RGB.png\",\"contentUrl\":\"https:\/\/blogg.svenskakyrkan.se\/vandravagen\/files\/2023\/05\/Ulr_logo_RGB.png\",\"width\":205,\"height\":77,\"caption\":\"ulricehamns pastorat\"},\"image\":{\"@id\":\"https:\/\/blogg.svenskakyrkan.se\/vandravagen\/#\/schema\/logo\/image\/\"},\"sameAs\":[\"http:\/\/facebook.com\/vandravagen\",\"https:\/\/x.com\/fadertomas\",\"http:\/\/www.facebook.com\/svenskakyrkaniulricehamn\"]},{\"@type\":\"Person\",\"@id\":\"https:\/\/blogg.svenskakyrkan.se\/vandravagen\/#\/schema\/person\/25da02d4f76b137d04291711e2c9fc16\",\"name\":\"Tomas Jarvid\",\"image\":{\"@type\":\"ImageObject\",\"inLanguage\":\"sv-SE\",\"@id\":\"https:\/\/blogg.svenskakyrkan.se\/vandravagen\/#\/schema\/person\/image\/\",\"url\":\"https:\/\/secure.gravatar.com\/avatar\/7fa71899795e8f540f615a1f5ab25255dc27aa40f05ee7ddd21aac521e01bf50?s=96&d=identicon&r=g\",\"contentUrl\":\"https:\/\/secure.gravatar.com\/avatar\/7fa71899795e8f540f615a1f5ab25255dc27aa40f05ee7ddd21aac521e01bf50?s=96&d=identicon&r=g\",\"caption\":\"Tomas Jarvid\"},\"description\":\"Jag bor i Ulricehamn i V\u00e4sterg\u00f6tland och \u00e4r f\u00f6rsamlingspr\u00e4st i Svenska Kyrkan f\u00f6r Dalstorps f\u00f6rsamling i Kinds pastorat. P\u00e5 den h\u00e4r bloggen skriver jag ner tankar om vandringen som kristen.\",\"sameAs\":[\"http:\/\/www.vandravagen.se\"],\"url\":\"https:\/\/blogg.svenskakyrkan.se\/vandravagen\/author\/vandravagen\/\"}]}<\/script>\n<!-- \/ Yoast SEO plugin. -->","yoast_head_json":{"title":"8 blandade tankar p\u00e5 s\u00f6ndagen - Vandra V\u00e4gen","robots":{"index":"index","follow":"follow","max-snippet":"max-snippet:-1","max-image-preview":"max-image-preview:large","max-video-preview":"max-video-preview:-1"},"canonical":"https:\/\/blogg.svenskakyrkan.se\/vandravagen\/2019\/03\/31\/8-blandade-tankar-pa-sondagen-33\/","og_locale":"sv_SE","og_type":"article","og_title":"8 blandade tankar p\u00e5 s\u00f6ndagen - Vandra V\u00e4gen","og_description":"Glad s\u00f6ndag k\u00e4ra l\u00e4sare! 2. Idag \u00e4r det midfastos\u00f6ndagen och jag tror nog jag ska lyckas ta mig iv\u00e4g p\u00e5 gudstj\u00e4nst i eftermiddag i \u00d6lsamma missionskyrka men \u00a0jag tj\u00e4nstg\u00f6r inte idag. 3. Temat f\u00f6r s\u00f6ndagen \u00e4r &#8221;livets br\u00f6d&#8221; och det \u00e4r f\u00f6rst\u00e5s Jesus sj\u00e4lv som s\u00e4ger att han \u00e4r det levande br\u00f6det som kommit ner [&hellip;]","og_url":"https:\/\/blogg.svenskakyrkan.se\/vandravagen\/2019\/03\/31\/8-blandade-tankar-pa-sondagen-33\/","og_site_name":"Vandra V\u00e4gen","article_publisher":"http:\/\/facebook.com\/vandravagen","article_published_time":"2019-03-31T05:00:33+00:00","author":"Tomas Jarvid","twitter_card":"summary_large_image","twitter_creator":"@fadertomas","twitter_site":"@fadertomas","twitter_misc":{"Skriven av":"Tomas Jarvid","Ber\u00e4knad l\u00e4stid":"2 minuter"},"schema":{"@context":"https:\/\/schema.org","@graph":[{"@type":"Article","@id":"https:\/\/blogg.svenskakyrkan.se\/vandravagen\/2019\/03\/31\/8-blandade-tankar-pa-sondagen-33\/#article","isPartOf":{"@id":"https:\/\/blogg.svenskakyrkan.se\/vandravagen\/2019\/03\/31\/8-blandade-tankar-pa-sondagen-33\/"},"author":{"name":"Tomas Jarvid","@id":"https:\/\/blogg.svenskakyrkan.se\/vandravagen\/#\/schema\/person\/25da02d4f76b137d04291711e2c9fc16"},"headline":"8 blandade tankar p\u00e5 s\u00f6ndagen","datePublished":"2019-03-31T05:00:33+00:00","mainEntityOfPage":{"@id":"https:\/\/blogg.svenskakyrkan.se\/vandravagen\/2019\/03\/31\/8-blandade-tankar-pa-sondagen-33\/"},"wordCount":331,"commentCount":30,"publisher":{"@id":"https:\/\/blogg.svenskakyrkan.se\/vandravagen\/#organization"},"image":{"@id":"https:\/\/blogg.svenskakyrkan.se\/vandravagen\/2019\/03\/31\/8-blandade-tankar-pa-sondagen-33\/#primaryimage"},"thumbnailUrl":"https:\/\/blogg.svenskakyrkan.se\/vandravagen\/files\/2019\/03\/IMG_6421.jpg","articleSection":["blandat"],"inLanguage":"sv-SE","potentialAction":[{"@type":"CommentAction","name":"Comment","target":["https:\/\/blogg.svenskakyrkan.se\/vandravagen\/2019\/03\/31\/8-blandade-tankar-pa-sondagen-33\/#respond"]}]},{"@type":"WebPage","@id":"https:\/\/blogg.svenskakyrkan.se\/vandravagen\/2019\/03\/31\/8-blandade-tankar-pa-sondagen-33\/","url":"https:\/\/blogg.svenskakyrkan.se\/vandravagen\/2019\/03\/31\/8-blandade-tankar-pa-sondagen-33\/","name":"8 blandade tankar p\u00e5 s\u00f6ndagen - Vandra V\u00e4gen","isPartOf":{"@id":"https:\/\/blogg.svenskakyrkan.se\/vandravagen\/#website"},"primaryImageOfPage":{"@id":"https:\/\/blogg.svenskakyrkan.se\/vandravagen\/2019\/03\/31\/8-blandade-tankar-pa-sondagen-33\/#primaryimage"},"image":{"@id":"https:\/\/blogg.svenskakyrkan.se\/vandravagen\/2019\/03\/31\/8-blandade-tankar-pa-sondagen-33\/#primaryimage"},"thumbnailUrl":"https:\/\/blogg.svenskakyrkan.se\/vandravagen\/files\/2019\/03\/IMG_6421.jpg","datePublished":"2019-03-31T05:00:33+00:00","breadcrumb":{"@id":"https:\/\/blogg.svenskakyrkan.se\/vandravagen\/2019\/03\/31\/8-blandade-tankar-pa-sondagen-33\/#breadcrumb"},"inLanguage":"sv-SE","potentialAction":[{"@type":"ReadAction","target":["https:\/\/blogg.svenskakyrkan.se\/vandravagen\/2019\/03\/31\/8-blandade-tankar-pa-sondagen-33\/"]}]},{"@type":"ImageObject","inLanguage":"sv-SE","@id":"https:\/\/blogg.svenskakyrkan.se\/vandravagen\/2019\/03\/31\/8-blandade-tankar-pa-sondagen-33\/#primaryimage","url":"https:\/\/blogg.svenskakyrkan.se\/vandravagen\/files\/2019\/03\/IMG_6421.jpg","contentUrl":"https:\/\/blogg.svenskakyrkan.se\/vandravagen\/files\/2019\/03\/IMG_6421.jpg","width":1024,"height":1115,"caption":"Kolla \u00e5snan! Det ligger n\u00e5gon i krubban! M\u00e5ste vara han som \u00e4r livets br\u00f6d?"},{"@type":"BreadcrumbList","@id":"https:\/\/blogg.svenskakyrkan.se\/vandravagen\/2019\/03\/31\/8-blandade-tankar-pa-sondagen-33\/#breadcrumb","itemListElement":[{"@type":"ListItem","position":1,"name":"Hem","item":"https:\/\/blogg.svenskakyrkan.se\/vandravagen\/"},{"@type":"ListItem","position":2,"name":"8 blandade tankar p\u00e5 s\u00f6ndagen"}]},{"@type":"WebSite","@id":"https:\/\/blogg.svenskakyrkan.se\/vandravagen\/#website","url":"https:\/\/blogg.svenskakyrkan.se\/vandravagen\/","name":"Vandra V\u00e4gen","description":"-Mot en tro f\u00f6r hela livet","publisher":{"@id":"https:\/\/blogg.svenskakyrkan.se\/vandravagen\/#organization"},"potentialAction":[{"@type":"SearchAction","target":{"@type":"EntryPoint","urlTemplate":"https:\/\/blogg.svenskakyrkan.se\/vandravagen\/?s={search_term_string}"},"query-input":{"@type":"PropertyValueSpecification","valueRequired":true,"valueName":"search_term_string"}}],"inLanguage":"sv-SE"},{"@type":"Organization","@id":"https:\/\/blogg.svenskakyrkan.se\/vandravagen\/#organization","name":"ulricehamns pastorat","alternateName":"ulricehamns pastorat","url":"https:\/\/blogg.svenskakyrkan.se\/vandravagen\/","logo":{"@type":"ImageObject","inLanguage":"sv-SE","@id":"https:\/\/blogg.svenskakyrkan.se\/vandravagen\/#\/schema\/logo\/image\/","url":"https:\/\/blogg.svenskakyrkan.se\/vandravagen\/files\/2023\/05\/Ulr_logo_RGB.png","contentUrl":"https:\/\/blogg.svenskakyrkan.se\/vandravagen\/files\/2023\/05\/Ulr_logo_RGB.png","width":205,"height":77,"caption":"ulricehamns pastorat"},"image":{"@id":"https:\/\/blogg.svenskakyrkan.se\/vandravagen\/#\/schema\/logo\/image\/"},"sameAs":["http:\/\/facebook.com\/vandravagen","https:\/\/x.com\/fadertomas","http:\/\/www.facebook.com\/svenskakyrkaniulricehamn"]},{"@type":"Person","@id":"https:\/\/blogg.svenskakyrkan.se\/vandravagen\/#\/schema\/person\/25da02d4f76b137d04291711e2c9fc16","name":"Tomas Jarvid","image":{"@type":"ImageObject","inLanguage":"sv-SE","@id":"https:\/\/blogg.svenskakyrkan.se\/vandravagen\/#\/schema\/person\/image\/","url":"https:\/\/secure.gravatar.com\/avatar\/7fa71899795e8f540f615a1f5ab25255dc27aa40f05ee7ddd21aac521e01bf50?s=96&d=identicon&r=g","contentUrl":"https:\/\/secure.gravatar.com\/avatar\/7fa71899795e8f540f615a1f5ab25255dc27aa40f05ee7ddd21aac521e01bf50?s=96&d=identicon&r=g","caption":"Tomas Jarvid"},"description":"Jag bor i Ulricehamn i V\u00e4sterg\u00f6tland och \u00e4r f\u00f6rsamlingspr\u00e4st i Svenska Kyrkan f\u00f6r Dalstorps f\u00f6rsamling i Kinds pastorat. P\u00e5 den h\u00e4r bloggen skriver jag ner tankar om vandringen som kristen.","sameAs":["http:\/\/www.vandravagen.se"],"url":"https:\/\/blogg.svenskakyrkan.se\/vandravagen\/author\/vandravagen\/"}]}},"author_meta":{"ID":"392","user_nicename":"vandravagen","user_url":"http:\/\/www.vandravagen.se","user_registered":"2014-05-19 05:44:52","display_name":"Tomas Jarvid","first_name":"Tomas","last_name":"Jarvid","avatar":"https:\/\/secure.gravatar.com\/avatar\/7fa71899795e8f540f615a1f5ab25255dc27aa40f05ee7ddd21aac521e01bf50?s=96&d=identicon&r=g"},"featured_image":["https:\/\/blogg.svenskakyrkan.se\/vandravagen\/files\/2019\/03\/IMG_6421-1024x1115.jpg",1024,1115,true],"bloginfo":{"name":"Vandra V\u00e4gen","url":"https:\/\/blogg.svenskakyrkan.se\/vandravagen"},"_links":{"self":[{"href":"https:\/\/blogg.svenskakyrkan.se\/vandravagen\/wp-json\/wp\/v2\/posts\/7089","targetHints":{"allow":["GET"]}}],"collection":[{"href":"https:\/\/blogg.svenskakyrkan.se\/vandravagen\/wp-json\/wp\/v2\/posts"}],"about":[{"href":"https:\/\/blogg.svenskakyrkan.se\/vandravagen\/wp-json\/wp\/v2\/types\/post"}],"author":[{"embeddable":true,"href":"https:\/\/blogg.svenskakyrkan.se\/vandravagen\/wp-json\/wp\/v2\/users\/392"}],"replies":[{"embeddable":true,"href":"https:\/\/blogg.svenskakyrkan.se\/vandravagen\/wp-json\/wp\/v2\/comments?post=7089"}],"version-history":[{"count":1,"href":"https:\/\/blogg.svenskakyrkan.se\/vandravagen\/wp-json\/wp\/v2\/posts\/7089\/revisions"}],"predecessor-version":[{"id":7092,"href":"https:\/\/blogg.svenskakyrkan.se\/vandravagen\/wp-json\/wp\/v2\/posts\/7089\/revisions\/7092"}],"wp:featuredmedia":[{"embeddable":true,"href":"https:\/\/blogg.svenskakyrkan.se\/vandravagen\/wp-json\/wp\/v2\/media\/7091"}],"wp:attachment":[{"href":"https:\/\/blogg.svenskakyrkan.se\/vandravagen\/wp-json\/wp\/v2\/media?parent=7089"}],"wp:term":[{"taxonomy":"category","embeddable":true,"href":"https:\/\/blogg.svenskakyrkan.se\/vandravagen\/wp-json\/wp\/v2\/categories?post=7089"},{"taxonomy":"post_tag","embeddable":true,"href":"https:\/\/blogg.svenskakyrkan.se\/vandravagen\/wp-json\/wp\/v2\/tags?post=7089"}],"curies":[{"name":"wp","href":"https:\/\/api.w.org\/{rel}","templated":true}]}}