{"id":7103,"date":"2019-04-11T07:00:47","date_gmt":"2019-04-11T05:00:47","guid":{"rendered":"http:\/\/blogg.svenskakyrkan.se\/vandravagen\/?p=7103"},"modified":"2019-04-10T22:16:06","modified_gmt":"2019-04-10T20:16:06","slug":"mattias-ribbing-motivation-och-den-forlorade-sonens-bror","status":"publish","type":"post","link":"https:\/\/blogg.svenskakyrkan.se\/vandravagen\/2019\/04\/11\/mattias-ribbing-motivation-och-den-forlorade-sonens-bror\/","title":{"rendered":"Mattias Ribbing, motivation och DEN F\u00d6RLORADE SONENS BROR"},"content":{"rendered":"<p>Dagens fundering tar sitt avstamp i n\u00e5got som Mattias Ribbing talar om i detta poddavsnitt (jag lyssnar p\u00e5 podden men h\u00e4r finns det som film <strong>nedanf\u00f6r bloggposten<\/strong>).<\/p>\n<p>Du f\u00e5r g\u00e4rna lyssna p\u00e5 honom f\u00f6r det \u00e4r v\u00e4ldigt intressant (inte minst ger han en v\u00e4ldigt bra ing\u00e5ng p\u00e5 hur man kan t\u00e4nka p\u00e5 sociala medier) men det handlar hursomhelst <strong>om inre och yttre motivation<\/strong>.<\/p>\n<p>I korthet kan man s\u00e4ga att forskarna nu vet att yttre bel\u00f6ningar bryter ner den inre motivation vi har att g\u00f6ra n\u00e5got. <strong>En aktivitet som fr\u00e5n b\u00f6rjan har ett v\u00e4rde i sig sj\u00e4lv f\u00f6r oss blir mindre intressant n\u00e4r vi b\u00f6rjar f\u00e5 betalt f\u00f6r den<\/strong>, d\u00e5 f\u00f6rvandlas den till ett jobb och v\u00e5ra tankar styrs om s\u00e5 att vi blir mindre intresserade av aktiviteten f\u00f6r dess egen skull.<\/p>\n<p>N\u00e4r jag h\u00f6rde p\u00e5 podden d\u00f6k pl\u00f6tsligt <strong>Jesu liknelse om den f\u00f6rlorade sonen<\/strong> upp i mina tankar. Och jag s\u00e5g pl\u00f6tsligt p\u00e5 med nya \u00f6gon (efter 1000 genoml\u00e4sningar eller s\u00e5)! H\u00e4ng med!<\/p>\n<p>Den &#8221;f\u00f6rlorade sonen&#8221; som ger sig iv\u00e4g fr\u00e5n sin far och sl\u00f6sar bort sitt arv \u00e5terv\u00e4nder ju till sin far och denne f\u00f6rl\u00e5ter honom och v\u00e4lkomnar honom hem. D\u00e5 dyker pl\u00f6tsligt hans bror upp (ibland kallas han den hemmavarande sonen) och han \u00e4r v\u00e4ldigt sur. S\u00e5h\u00e4r st\u00e5r det:<\/p>\n<blockquote>\n<p>&#8221;Fadern kom ut och f\u00f6rs\u00f6kte tala honom till r\u00e4tta, <span class=\"selection\">men han svarade: \u2019<strong>H\u00e4r har jag tj\u00e4nat dig i alla dessa \u00e5r och aldrig \u00f6vertr\u00e4tt n\u00e5got av dina bud, och mig har du aldrig gett ens en killing att festa p\u00e5 med mina v\u00e4nner. <\/strong><\/span>Men n\u00e4r han kommer hem, din son som har levt upp din egendom tillsammans med horor, d\u00e5 slaktar du g\u00f6dkalven.\u2019&#8221; (Luk. 15:28-30)<\/p>\n<\/blockquote>\n<p>Jag har funderat mycket p\u00e5 den d\u00e4r hemmasonen. Det \u00e4r v\u00e4l helt enkelt honom jag har l\u00e4ttast att identifiera mig med, pr\u00e4ktig som jag \u00e4r. Jag tror ocks\u00e5 att n\u00e4r Jesus ber\u00e4ttade sin liknelse var den till stor del riktad mot sura faris\u00e9er som s\u00e5g med ogina \u00f6gon p\u00e5 Jesus som, likt fadern i ber\u00e4ttelsen, gick runt och f\u00f6rl\u00e4t syndare och v\u00e4lkomnade dem tillbaka till Gud.<\/p>\n<p>Han har \u00e4nd\u00e5 varit lite av en g\u00e5ta f\u00f6r mig. <strong>\u00c4r han i sj\u00e4lva verket lika mycket f\u00f6rlorad som sin bror?<\/strong> Han har ju bott hemma hela tiden men verkar inte k\u00e4nna till sin fars godhet utan anklagar honom f\u00f6r att han ju aldrig f\u00e5tt n\u00e5got!?<\/p>\n<p>Men nu t\u00e4nkte jag ist\u00e4llet s\u00e5h\u00e4r. Hemmasonen har nog verkligen gnott och jobbat hemma och trivts bra med det hela tiden i faderns hus. Han har inte f\u00e5tt n\u00e5gon killing men han har \u00e5 andra sidan inte bett om n\u00e5gon heller, helt enkelt f\u00f6r att han var n\u00f6jd som det var. <strong>Han arbetade inte med sin far som arbetsgivare utan hade inre motivation och s\u00e5g sitt arbete och livet d\u00e4r hemma som sin egen bel\u00f6ning<\/strong>. Tills hans bror st\u00e4llde till alltihop genom att beg\u00e4ra ut sina pengar! Och till p\u00e5 k\u00f6pet blir f\u00f6rl\u00e5ten p\u00e5 st\u00f6rt n\u00e4r han kommer hem!<\/p>\n<p>Brodern motivation vacklar s\u00e5klart. Varf\u00f6r ska jag g\u00f6ra allting gratis n\u00e4r min bror f\u00e5tt s\u00e5 mycket som jag inte f\u00e5tt? Or\u00e4ttvisan br\u00e4nner i honom och det f\u00e5r honom in p\u00e5 egoistiska tankebanor som nog inte var typiska f\u00f6r honom alls.<\/p>\n<p>Och Fadern talar till honom och p\u00e5minner om hur det faktiskt \u00e4r! Min son, du \u00e4r ju alltid hos mig, vi g\u00f6r ju det h\u00e4r tillsammans! Du har v\u00e4l aldrig arbetat mot killingar, allt mitt \u00e4r ditt. Tappa inte bort det du har f\u00f6r din brors skull.<\/p>\n<p>Och d\u00e4r f\u00e5r \u00e5tminstone jag en hel del att t\u00e4nka p\u00e5. Jag k\u00e4nner ju ocks\u00e5 igen mig i situationer d\u00e4r allt \u00e4r frid och fr\u00f6jd \u00e4nda tills n\u00e5gon annan f\u00e5r ber\u00f6mmet jag tycker att jag borde f\u00e5tt, eller vad det nu kan vara. D\u00e5 kommer genast j\u00e4mf\u00f6relsen smygande och egenv\u00e4rdet i det man g\u00f6r krymper ihop. Kanske vill Gud s\u00e4ga till mig att jag ska h\u00f6ja blicken i de situationerna och minnas det st\u00f6rre sammanhanget och mitt o\u00e4ndliga v\u00e4rde, min plats i Guds famn?<\/p>\n<p>Vad t\u00e4nker du om allt detta? Skriv g\u00e4rna en rad!<\/p>\n<p>&nbsp;<\/p>\n<p><iframe loading=\"lazy\" title=\"42. Hur sociala media p\u00e5verkar inre motivation\" width=\"500\" height=\"281\" src=\"https:\/\/www.youtube.com\/embed\/I7nIeJY_rHY?feature=oembed\" frameborder=\"0\" allow=\"accelerometer; autoplay; clipboard-write; encrypted-media; gyroscope; picture-in-picture; web-share\" referrerpolicy=\"strict-origin-when-cross-origin\" allowfullscreen><\/iframe><\/p>\n","protected":false},"excerpt":{"rendered":"<p>Dagens fundering tar sitt avstamp i n\u00e5got som Mattias Ribbing talar om i detta poddavsnitt (jag lyssnar p\u00e5 podden men h\u00e4r finns det som film nedanf\u00f6r bloggposten). Du f\u00e5r g\u00e4rna lyssna p\u00e5 honom f\u00f6r det \u00e4r v\u00e4ldigt intressant (inte minst ger han en v\u00e4ldigt bra ing\u00e5ng p\u00e5 hur man kan t\u00e4nka p\u00e5 sociala medier) men [&hellip;]<\/p>\n","protected":false},"author":392,"featured_media":7104,"comment_status":"open","ping_status":"open","sticky":false,"template":"","format":"standard","meta":{"_acf_changed":false,"footnotes":""},"categories":[33559,14252,8298,77928,117,77554],"tags":[],"class_list":["post-7103","post","type-post","status-publish","format-standard","has-post-thumbnail","hentry","category-berattelser","category-bibel","category-bibeln","category-ikon","category-teologi","category-vara-manniska"],"acf":[],"yoast_head":"<!-- This site is optimized with the Yoast SEO plugin v27.1.1 - https:\/\/yoast.com\/product\/yoast-seo-wordpress\/ -->\n<title>Mattias Ribbing, motivation och DEN F\u00d6RLORADE SONENS BROR - Vandra V\u00e4gen<\/title>\n<meta name=\"robots\" content=\"index, follow, max-snippet:-1, max-image-preview:large, max-video-preview:-1\" \/>\n<link rel=\"canonical\" href=\"https:\/\/blogg.svenskakyrkan.se\/vandravagen\/2019\/04\/11\/mattias-ribbing-motivation-och-den-forlorade-sonens-bror\/\" \/>\n<meta property=\"og:locale\" content=\"sv_SE\" \/>\n<meta property=\"og:type\" content=\"article\" \/>\n<meta property=\"og:title\" content=\"Mattias Ribbing, motivation och DEN F\u00d6RLORADE SONENS BROR - Vandra V\u00e4gen\" \/>\n<meta property=\"og:description\" content=\"Dagens fundering tar sitt avstamp i n\u00e5got som Mattias Ribbing talar om i detta poddavsnitt (jag lyssnar p\u00e5 podden men h\u00e4r finns det som film nedanf\u00f6r bloggposten). Du f\u00e5r g\u00e4rna lyssna p\u00e5 honom f\u00f6r det \u00e4r v\u00e4ldigt intressant (inte minst ger han en v\u00e4ldigt bra ing\u00e5ng p\u00e5 hur man kan t\u00e4nka p\u00e5 sociala medier) men [&hellip;]\" \/>\n<meta property=\"og:url\" content=\"https:\/\/blogg.svenskakyrkan.se\/vandravagen\/2019\/04\/11\/mattias-ribbing-motivation-och-den-forlorade-sonens-bror\/\" \/>\n<meta property=\"og:site_name\" content=\"Vandra V\u00e4gen\" \/>\n<meta property=\"article:publisher\" content=\"http:\/\/facebook.com\/vandravagen\" \/>\n<meta property=\"article:published_time\" content=\"2019-04-11T05:00:47+00:00\" \/>\n<meta name=\"author\" content=\"Tomas Jarvid\" \/>\n<meta name=\"twitter:card\" content=\"summary_large_image\" \/>\n<meta name=\"twitter:creator\" content=\"@fadertomas\" \/>\n<meta name=\"twitter:site\" content=\"@fadertomas\" \/>\n<meta name=\"twitter:label1\" content=\"Skriven av\" \/>\n\t<meta name=\"twitter:data1\" content=\"Tomas Jarvid\" \/>\n\t<meta name=\"twitter:label2\" content=\"Ber\u00e4knad l\u00e4stid\" \/>\n\t<meta name=\"twitter:data2\" content=\"4 minuter\" \/>\n<script type=\"application\/ld+json\" class=\"yoast-schema-graph\">{\"@context\":\"https:\/\/schema.org\",\"@graph\":[{\"@type\":\"Article\",\"@id\":\"https:\/\/blogg.svenskakyrkan.se\/vandravagen\/2019\/04\/11\/mattias-ribbing-motivation-och-den-forlorade-sonens-bror\/#article\",\"isPartOf\":{\"@id\":\"https:\/\/blogg.svenskakyrkan.se\/vandravagen\/2019\/04\/11\/mattias-ribbing-motivation-och-den-forlorade-sonens-bror\/\"},\"author\":{\"name\":\"Tomas Jarvid\",\"@id\":\"https:\/\/blogg.svenskakyrkan.se\/vandravagen\/#\/schema\/person\/25da02d4f76b137d04291711e2c9fc16\"},\"headline\":\"Mattias Ribbing, motivation och DEN F\u00d6RLORADE SONENS BROR\",\"datePublished\":\"2019-04-11T05:00:47+00:00\",\"mainEntityOfPage\":{\"@id\":\"https:\/\/blogg.svenskakyrkan.se\/vandravagen\/2019\/04\/11\/mattias-ribbing-motivation-och-den-forlorade-sonens-bror\/\"},\"wordCount\":817,\"commentCount\":4,\"publisher\":{\"@id\":\"https:\/\/blogg.svenskakyrkan.se\/vandravagen\/#organization\"},\"image\":{\"@id\":\"https:\/\/blogg.svenskakyrkan.se\/vandravagen\/2019\/04\/11\/mattias-ribbing-motivation-och-den-forlorade-sonens-bror\/#primaryimage\"},\"thumbnailUrl\":\"https:\/\/blogg.svenskakyrkan.se\/vandravagen\/files\/2019\/04\/IMG_7029.jpg\",\"articleSection\":[\"ber\u00e4ttelser\",\"bibel\",\"Bibeln\",\"ikon\",\"Teologi\",\"vara m\u00e4nniska\"],\"inLanguage\":\"sv-SE\",\"potentialAction\":[{\"@type\":\"CommentAction\",\"name\":\"Comment\",\"target\":[\"https:\/\/blogg.svenskakyrkan.se\/vandravagen\/2019\/04\/11\/mattias-ribbing-motivation-och-den-forlorade-sonens-bror\/#respond\"]}]},{\"@type\":\"WebPage\",\"@id\":\"https:\/\/blogg.svenskakyrkan.se\/vandravagen\/2019\/04\/11\/mattias-ribbing-motivation-och-den-forlorade-sonens-bror\/\",\"url\":\"https:\/\/blogg.svenskakyrkan.se\/vandravagen\/2019\/04\/11\/mattias-ribbing-motivation-och-den-forlorade-sonens-bror\/\",\"name\":\"Mattias Ribbing, motivation och DEN F\u00d6RLORADE SONENS BROR - Vandra V\u00e4gen\",\"isPartOf\":{\"@id\":\"https:\/\/blogg.svenskakyrkan.se\/vandravagen\/#website\"},\"primaryImageOfPage\":{\"@id\":\"https:\/\/blogg.svenskakyrkan.se\/vandravagen\/2019\/04\/11\/mattias-ribbing-motivation-och-den-forlorade-sonens-bror\/#primaryimage\"},\"image\":{\"@id\":\"https:\/\/blogg.svenskakyrkan.se\/vandravagen\/2019\/04\/11\/mattias-ribbing-motivation-och-den-forlorade-sonens-bror\/#primaryimage\"},\"thumbnailUrl\":\"https:\/\/blogg.svenskakyrkan.se\/vandravagen\/files\/2019\/04\/IMG_7029.jpg\",\"datePublished\":\"2019-04-11T05:00:47+00:00\",\"breadcrumb\":{\"@id\":\"https:\/\/blogg.svenskakyrkan.se\/vandravagen\/2019\/04\/11\/mattias-ribbing-motivation-och-den-forlorade-sonens-bror\/#breadcrumb\"},\"inLanguage\":\"sv-SE\",\"potentialAction\":[{\"@type\":\"ReadAction\",\"target\":[\"https:\/\/blogg.svenskakyrkan.se\/vandravagen\/2019\/04\/11\/mattias-ribbing-motivation-och-den-forlorade-sonens-bror\/\"]}]},{\"@type\":\"ImageObject\",\"inLanguage\":\"sv-SE\",\"@id\":\"https:\/\/blogg.svenskakyrkan.se\/vandravagen\/2019\/04\/11\/mattias-ribbing-motivation-och-den-forlorade-sonens-bror\/#primaryimage\",\"url\":\"https:\/\/blogg.svenskakyrkan.se\/vandravagen\/files\/2019\/04\/IMG_7029.jpg\",\"contentUrl\":\"https:\/\/blogg.svenskakyrkan.se\/vandravagen\/files\/2019\/04\/IMG_7029.jpg\",\"width\":640,\"height\":752,\"caption\":\"Fadern tar emot den \u00e5terv\u00e4ndande sonen. Och d\u00e4r uppe p\u00e5 taket st\u00e5r jag, nej f\u00f6rl\u00e5t, brodern, och himlar med \u00f6gonen.\"},{\"@type\":\"BreadcrumbList\",\"@id\":\"https:\/\/blogg.svenskakyrkan.se\/vandravagen\/2019\/04\/11\/mattias-ribbing-motivation-och-den-forlorade-sonens-bror\/#breadcrumb\",\"itemListElement\":[{\"@type\":\"ListItem\",\"position\":1,\"name\":\"Hem\",\"item\":\"https:\/\/blogg.svenskakyrkan.se\/vandravagen\/\"},{\"@type\":\"ListItem\",\"position\":2,\"name\":\"Mattias Ribbing, motivation och DEN F\u00d6RLORADE SONENS BROR\"}]},{\"@type\":\"WebSite\",\"@id\":\"https:\/\/blogg.svenskakyrkan.se\/vandravagen\/#website\",\"url\":\"https:\/\/blogg.svenskakyrkan.se\/vandravagen\/\",\"name\":\"Vandra V\u00e4gen\",\"description\":\"-Mot en tro f\u00f6r hela livet\",\"publisher\":{\"@id\":\"https:\/\/blogg.svenskakyrkan.se\/vandravagen\/#organization\"},\"potentialAction\":[{\"@type\":\"SearchAction\",\"target\":{\"@type\":\"EntryPoint\",\"urlTemplate\":\"https:\/\/blogg.svenskakyrkan.se\/vandravagen\/?s={search_term_string}\"},\"query-input\":{\"@type\":\"PropertyValueSpecification\",\"valueRequired\":true,\"valueName\":\"search_term_string\"}}],\"inLanguage\":\"sv-SE\"},{\"@type\":\"Organization\",\"@id\":\"https:\/\/blogg.svenskakyrkan.se\/vandravagen\/#organization\",\"name\":\"ulricehamns pastorat\",\"alternateName\":\"ulricehamns pastorat\",\"url\":\"https:\/\/blogg.svenskakyrkan.se\/vandravagen\/\",\"logo\":{\"@type\":\"ImageObject\",\"inLanguage\":\"sv-SE\",\"@id\":\"https:\/\/blogg.svenskakyrkan.se\/vandravagen\/#\/schema\/logo\/image\/\",\"url\":\"https:\/\/blogg.svenskakyrkan.se\/vandravagen\/files\/2023\/05\/Ulr_logo_RGB.png\",\"contentUrl\":\"https:\/\/blogg.svenskakyrkan.se\/vandravagen\/files\/2023\/05\/Ulr_logo_RGB.png\",\"width\":205,\"height\":77,\"caption\":\"ulricehamns pastorat\"},\"image\":{\"@id\":\"https:\/\/blogg.svenskakyrkan.se\/vandravagen\/#\/schema\/logo\/image\/\"},\"sameAs\":[\"http:\/\/facebook.com\/vandravagen\",\"https:\/\/x.com\/fadertomas\",\"http:\/\/www.facebook.com\/svenskakyrkaniulricehamn\"]},{\"@type\":\"Person\",\"@id\":\"https:\/\/blogg.svenskakyrkan.se\/vandravagen\/#\/schema\/person\/25da02d4f76b137d04291711e2c9fc16\",\"name\":\"Tomas Jarvid\",\"image\":{\"@type\":\"ImageObject\",\"inLanguage\":\"sv-SE\",\"@id\":\"https:\/\/blogg.svenskakyrkan.se\/vandravagen\/#\/schema\/person\/image\/\",\"url\":\"https:\/\/secure.gravatar.com\/avatar\/7fa71899795e8f540f615a1f5ab25255dc27aa40f05ee7ddd21aac521e01bf50?s=96&d=identicon&r=g\",\"contentUrl\":\"https:\/\/secure.gravatar.com\/avatar\/7fa71899795e8f540f615a1f5ab25255dc27aa40f05ee7ddd21aac521e01bf50?s=96&d=identicon&r=g\",\"caption\":\"Tomas Jarvid\"},\"description\":\"Jag bor i Ulricehamn i V\u00e4sterg\u00f6tland och \u00e4r f\u00f6rsamlingspr\u00e4st i Svenska Kyrkan f\u00f6r Dalstorps f\u00f6rsamling i Kinds pastorat. P\u00e5 den h\u00e4r bloggen skriver jag ner tankar om vandringen som kristen.\",\"sameAs\":[\"http:\/\/www.vandravagen.se\"],\"url\":\"https:\/\/blogg.svenskakyrkan.se\/vandravagen\/author\/vandravagen\/\"}]}<\/script>\n<!-- \/ Yoast SEO plugin. -->","yoast_head_json":{"title":"Mattias Ribbing, motivation och DEN F\u00d6RLORADE SONENS BROR - Vandra V\u00e4gen","robots":{"index":"index","follow":"follow","max-snippet":"max-snippet:-1","max-image-preview":"max-image-preview:large","max-video-preview":"max-video-preview:-1"},"canonical":"https:\/\/blogg.svenskakyrkan.se\/vandravagen\/2019\/04\/11\/mattias-ribbing-motivation-och-den-forlorade-sonens-bror\/","og_locale":"sv_SE","og_type":"article","og_title":"Mattias Ribbing, motivation och DEN F\u00d6RLORADE SONENS BROR - Vandra V\u00e4gen","og_description":"Dagens fundering tar sitt avstamp i n\u00e5got som Mattias Ribbing talar om i detta poddavsnitt (jag lyssnar p\u00e5 podden men h\u00e4r finns det som film nedanf\u00f6r bloggposten). Du f\u00e5r g\u00e4rna lyssna p\u00e5 honom f\u00f6r det \u00e4r v\u00e4ldigt intressant (inte minst ger han en v\u00e4ldigt bra ing\u00e5ng p\u00e5 hur man kan t\u00e4nka p\u00e5 sociala medier) men [&hellip;]","og_url":"https:\/\/blogg.svenskakyrkan.se\/vandravagen\/2019\/04\/11\/mattias-ribbing-motivation-och-den-forlorade-sonens-bror\/","og_site_name":"Vandra V\u00e4gen","article_publisher":"http:\/\/facebook.com\/vandravagen","article_published_time":"2019-04-11T05:00:47+00:00","author":"Tomas Jarvid","twitter_card":"summary_large_image","twitter_creator":"@fadertomas","twitter_site":"@fadertomas","twitter_misc":{"Skriven av":"Tomas Jarvid","Ber\u00e4knad l\u00e4stid":"4 minuter"},"schema":{"@context":"https:\/\/schema.org","@graph":[{"@type":"Article","@id":"https:\/\/blogg.svenskakyrkan.se\/vandravagen\/2019\/04\/11\/mattias-ribbing-motivation-och-den-forlorade-sonens-bror\/#article","isPartOf":{"@id":"https:\/\/blogg.svenskakyrkan.se\/vandravagen\/2019\/04\/11\/mattias-ribbing-motivation-och-den-forlorade-sonens-bror\/"},"author":{"name":"Tomas Jarvid","@id":"https:\/\/blogg.svenskakyrkan.se\/vandravagen\/#\/schema\/person\/25da02d4f76b137d04291711e2c9fc16"},"headline":"Mattias Ribbing, motivation och DEN F\u00d6RLORADE SONENS BROR","datePublished":"2019-04-11T05:00:47+00:00","mainEntityOfPage":{"@id":"https:\/\/blogg.svenskakyrkan.se\/vandravagen\/2019\/04\/11\/mattias-ribbing-motivation-och-den-forlorade-sonens-bror\/"},"wordCount":817,"commentCount":4,"publisher":{"@id":"https:\/\/blogg.svenskakyrkan.se\/vandravagen\/#organization"},"image":{"@id":"https:\/\/blogg.svenskakyrkan.se\/vandravagen\/2019\/04\/11\/mattias-ribbing-motivation-och-den-forlorade-sonens-bror\/#primaryimage"},"thumbnailUrl":"https:\/\/blogg.svenskakyrkan.se\/vandravagen\/files\/2019\/04\/IMG_7029.jpg","articleSection":["ber\u00e4ttelser","bibel","Bibeln","ikon","Teologi","vara m\u00e4nniska"],"inLanguage":"sv-SE","potentialAction":[{"@type":"CommentAction","name":"Comment","target":["https:\/\/blogg.svenskakyrkan.se\/vandravagen\/2019\/04\/11\/mattias-ribbing-motivation-och-den-forlorade-sonens-bror\/#respond"]}]},{"@type":"WebPage","@id":"https:\/\/blogg.svenskakyrkan.se\/vandravagen\/2019\/04\/11\/mattias-ribbing-motivation-och-den-forlorade-sonens-bror\/","url":"https:\/\/blogg.svenskakyrkan.se\/vandravagen\/2019\/04\/11\/mattias-ribbing-motivation-och-den-forlorade-sonens-bror\/","name":"Mattias Ribbing, motivation och DEN F\u00d6RLORADE SONENS BROR - Vandra V\u00e4gen","isPartOf":{"@id":"https:\/\/blogg.svenskakyrkan.se\/vandravagen\/#website"},"primaryImageOfPage":{"@id":"https:\/\/blogg.svenskakyrkan.se\/vandravagen\/2019\/04\/11\/mattias-ribbing-motivation-och-den-forlorade-sonens-bror\/#primaryimage"},"image":{"@id":"https:\/\/blogg.svenskakyrkan.se\/vandravagen\/2019\/04\/11\/mattias-ribbing-motivation-och-den-forlorade-sonens-bror\/#primaryimage"},"thumbnailUrl":"https:\/\/blogg.svenskakyrkan.se\/vandravagen\/files\/2019\/04\/IMG_7029.jpg","datePublished":"2019-04-11T05:00:47+00:00","breadcrumb":{"@id":"https:\/\/blogg.svenskakyrkan.se\/vandravagen\/2019\/04\/11\/mattias-ribbing-motivation-och-den-forlorade-sonens-bror\/#breadcrumb"},"inLanguage":"sv-SE","potentialAction":[{"@type":"ReadAction","target":["https:\/\/blogg.svenskakyrkan.se\/vandravagen\/2019\/04\/11\/mattias-ribbing-motivation-och-den-forlorade-sonens-bror\/"]}]},{"@type":"ImageObject","inLanguage":"sv-SE","@id":"https:\/\/blogg.svenskakyrkan.se\/vandravagen\/2019\/04\/11\/mattias-ribbing-motivation-och-den-forlorade-sonens-bror\/#primaryimage","url":"https:\/\/blogg.svenskakyrkan.se\/vandravagen\/files\/2019\/04\/IMG_7029.jpg","contentUrl":"https:\/\/blogg.svenskakyrkan.se\/vandravagen\/files\/2019\/04\/IMG_7029.jpg","width":640,"height":752,"caption":"Fadern tar emot den \u00e5terv\u00e4ndande sonen. Och d\u00e4r uppe p\u00e5 taket st\u00e5r jag, nej f\u00f6rl\u00e5t, brodern, och himlar med \u00f6gonen."},{"@type":"BreadcrumbList","@id":"https:\/\/blogg.svenskakyrkan.se\/vandravagen\/2019\/04\/11\/mattias-ribbing-motivation-och-den-forlorade-sonens-bror\/#breadcrumb","itemListElement":[{"@type":"ListItem","position":1,"name":"Hem","item":"https:\/\/blogg.svenskakyrkan.se\/vandravagen\/"},{"@type":"ListItem","position":2,"name":"Mattias Ribbing, motivation och DEN F\u00d6RLORADE SONENS BROR"}]},{"@type":"WebSite","@id":"https:\/\/blogg.svenskakyrkan.se\/vandravagen\/#website","url":"https:\/\/blogg.svenskakyrkan.se\/vandravagen\/","name":"Vandra V\u00e4gen","description":"-Mot en tro f\u00f6r hela livet","publisher":{"@id":"https:\/\/blogg.svenskakyrkan.se\/vandravagen\/#organization"},"potentialAction":[{"@type":"SearchAction","target":{"@type":"EntryPoint","urlTemplate":"https:\/\/blogg.svenskakyrkan.se\/vandravagen\/?s={search_term_string}"},"query-input":{"@type":"PropertyValueSpecification","valueRequired":true,"valueName":"search_term_string"}}],"inLanguage":"sv-SE"},{"@type":"Organization","@id":"https:\/\/blogg.svenskakyrkan.se\/vandravagen\/#organization","name":"ulricehamns pastorat","alternateName":"ulricehamns pastorat","url":"https:\/\/blogg.svenskakyrkan.se\/vandravagen\/","logo":{"@type":"ImageObject","inLanguage":"sv-SE","@id":"https:\/\/blogg.svenskakyrkan.se\/vandravagen\/#\/schema\/logo\/image\/","url":"https:\/\/blogg.svenskakyrkan.se\/vandravagen\/files\/2023\/05\/Ulr_logo_RGB.png","contentUrl":"https:\/\/blogg.svenskakyrkan.se\/vandravagen\/files\/2023\/05\/Ulr_logo_RGB.png","width":205,"height":77,"caption":"ulricehamns pastorat"},"image":{"@id":"https:\/\/blogg.svenskakyrkan.se\/vandravagen\/#\/schema\/logo\/image\/"},"sameAs":["http:\/\/facebook.com\/vandravagen","https:\/\/x.com\/fadertomas","http:\/\/www.facebook.com\/svenskakyrkaniulricehamn"]},{"@type":"Person","@id":"https:\/\/blogg.svenskakyrkan.se\/vandravagen\/#\/schema\/person\/25da02d4f76b137d04291711e2c9fc16","name":"Tomas Jarvid","image":{"@type":"ImageObject","inLanguage":"sv-SE","@id":"https:\/\/blogg.svenskakyrkan.se\/vandravagen\/#\/schema\/person\/image\/","url":"https:\/\/secure.gravatar.com\/avatar\/7fa71899795e8f540f615a1f5ab25255dc27aa40f05ee7ddd21aac521e01bf50?s=96&d=identicon&r=g","contentUrl":"https:\/\/secure.gravatar.com\/avatar\/7fa71899795e8f540f615a1f5ab25255dc27aa40f05ee7ddd21aac521e01bf50?s=96&d=identicon&r=g","caption":"Tomas Jarvid"},"description":"Jag bor i Ulricehamn i V\u00e4sterg\u00f6tland och \u00e4r f\u00f6rsamlingspr\u00e4st i Svenska Kyrkan f\u00f6r Dalstorps f\u00f6rsamling i Kinds pastorat. P\u00e5 den h\u00e4r bloggen skriver jag ner tankar om vandringen som kristen.","sameAs":["http:\/\/www.vandravagen.se"],"url":"https:\/\/blogg.svenskakyrkan.se\/vandravagen\/author\/vandravagen\/"}]}},"author_meta":{"ID":"392","user_nicename":"vandravagen","user_url":"http:\/\/www.vandravagen.se","user_registered":"2014-05-19 05:44:52","display_name":"Tomas Jarvid","first_name":"Tomas","last_name":"Jarvid","avatar":"https:\/\/secure.gravatar.com\/avatar\/7fa71899795e8f540f615a1f5ab25255dc27aa40f05ee7ddd21aac521e01bf50?s=96&d=identicon&r=g"},"featured_image":["https:\/\/blogg.svenskakyrkan.se\/vandravagen\/files\/2019\/04\/IMG_7029.jpg",640,752,false],"bloginfo":{"name":"Vandra V\u00e4gen","url":"https:\/\/blogg.svenskakyrkan.se\/vandravagen"},"_links":{"self":[{"href":"https:\/\/blogg.svenskakyrkan.se\/vandravagen\/wp-json\/wp\/v2\/posts\/7103","targetHints":{"allow":["GET"]}}],"collection":[{"href":"https:\/\/blogg.svenskakyrkan.se\/vandravagen\/wp-json\/wp\/v2\/posts"}],"about":[{"href":"https:\/\/blogg.svenskakyrkan.se\/vandravagen\/wp-json\/wp\/v2\/types\/post"}],"author":[{"embeddable":true,"href":"https:\/\/blogg.svenskakyrkan.se\/vandravagen\/wp-json\/wp\/v2\/users\/392"}],"replies":[{"embeddable":true,"href":"https:\/\/blogg.svenskakyrkan.se\/vandravagen\/wp-json\/wp\/v2\/comments?post=7103"}],"version-history":[{"count":1,"href":"https:\/\/blogg.svenskakyrkan.se\/vandravagen\/wp-json\/wp\/v2\/posts\/7103\/revisions"}],"predecessor-version":[{"id":7105,"href":"https:\/\/blogg.svenskakyrkan.se\/vandravagen\/wp-json\/wp\/v2\/posts\/7103\/revisions\/7105"}],"wp:featuredmedia":[{"embeddable":true,"href":"https:\/\/blogg.svenskakyrkan.se\/vandravagen\/wp-json\/wp\/v2\/media\/7104"}],"wp:attachment":[{"href":"https:\/\/blogg.svenskakyrkan.se\/vandravagen\/wp-json\/wp\/v2\/media?parent=7103"}],"wp:term":[{"taxonomy":"category","embeddable":true,"href":"https:\/\/blogg.svenskakyrkan.se\/vandravagen\/wp-json\/wp\/v2\/categories?post=7103"},{"taxonomy":"post_tag","embeddable":true,"href":"https:\/\/blogg.svenskakyrkan.se\/vandravagen\/wp-json\/wp\/v2\/tags?post=7103"}],"curies":[{"name":"wp","href":"https:\/\/api.w.org\/{rel}","templated":true}]}}