{"id":711,"date":"2013-02-15T19:44:00","date_gmt":"2013-02-15T18:44:00","guid":{"rendered":"http:\/\/blogg.svenskakyrkan.se\/vandravagen\/2013\/02\/15\/grattis-st-sigfrid-the-local-saint\/"},"modified":"2013-02-15T19:44:00","modified_gmt":"2013-02-15T18:44:00","slug":"grattis-st-sigfrid-the-local-saint","status":"publish","type":"post","link":"https:\/\/blogg.svenskakyrkan.se\/vandravagen\/2013\/02\/15\/grattis-st-sigfrid-the-local-saint\/","title":{"rendered":"Grattis St Sigfrid, the local saint!"},"content":{"rendered":"<table align=\"center\" cellpadding=\"0\" cellspacing=\"0\">\n<tbody>\n<tr>\n<td><a href=\"http:\/\/upload.wikimedia.org\/wikipedia\/commons\/thumb\/0\/01\/Sigfrid_Overselo.gif\/250px-Sigfrid_Overselo.gif\"><img decoding=\"async\" border=\"0\" src=\"http:\/\/upload.wikimedia.org\/wikipedia\/commons\/thumb\/0\/01\/Sigfrid_Overselo.gif\/250px-Sigfrid_Overselo.gif\"><\/a><\/td>\n<\/tr>\n<tr>\n<td>Liknande bild finns i G\u00f6tene kyrka. F\u00e5r \u00e5terkomma med den<\/td>\n<\/tr>\n<\/tbody>\n<\/table>\n<p>Idag \u00e4r det dags att uppm\u00e4rksamma \u00e4nnu ett helgon med lokalanknytning, n\u00e4mligen St Sigfrid. Det var Sigfrid som enligt traditionen d\u00f6pte Olof Sk\u00f6tkonung i Husaby. K\u00e4llan b\u00e4r numera hans namn. Fr\u00e5n b\u00f6rjan kom Sigfrid f\u00f6rmodligen fr\u00e5n England och missionerade b\u00e5de h\u00e4r och d\u00e4r i v\u00e5ra landskap fr\u00e5n \u00e5r 1015 och fram\u00e5t. V\u00e4xj\u00f6 stift r\u00e4knar honom som sin f\u00f6rsta biskop och d\u00e4r \u00e4r han ocks\u00e5 begraven.<\/p>\n<p>Bilden ovan \u00e4r fr\u00e5n \u00d6versel\u00f6 kyrka i s\u00f6dermanland. Egentligen borde jag f\u00f6rst\u00e5tt visat den minst lika fina bild som finns p\u00e5 v\u00e4ggen i G\u00f6tene kyrka men det f\u00e5r bli en tur dit f\u00f6r fotografering f\u00f6rst. Sigfrid avbildas i alla fall med en tunna med sina s\u00f6ner Unaman, Sunaman och Vinamans avhuggna huvuden i. S\u00f6nerna blev alla martyrer f\u00f6r spridandet av evangeliet i Sverige. Man ser honom ocks\u00e5 med biskopsstav och mitra.<\/p>\n<p>F\u00f6r hela sammanhanget rekommenderar jag verkligen en titt p\u00e5 wikipedia. En bra artikel som tar upp det viktigaste!<\/p>\n<p><a href=\"http:\/\/sv.wikipedia.org\/wiki\/Sigfrid_(mission%C3%A4r)\">http:\/\/sv.wikipedia.org\/wiki\/Sigfrid_(mission\u00e4r)<\/a><\/p>\n","protected":false},"excerpt":{"rendered":"<p>Liknande bild finns i G\u00f6tene kyrka. F\u00e5r \u00e5terkomma med den Idag \u00e4r det dags att uppm\u00e4rksamma \u00e4nnu ett helgon med lokalanknytning, n\u00e4mligen St Sigfrid. Det var Sigfrid som enligt traditionen d\u00f6pte Olof Sk\u00f6tkonung i Husaby. K\u00e4llan b\u00e4r numera hans namn. Fr\u00e5n b\u00f6rjan kom Sigfrid f\u00f6rmodligen fr\u00e5n England och missionerade b\u00e5de h\u00e4r och d\u00e4r i v\u00e5ra [&hellip;]<\/p>\n","protected":false},"author":392,"featured_media":0,"comment_status":"open","ping_status":"open","sticky":false,"template":"","format":"standard","meta":{"_acf_changed":false,"footnotes":""},"categories":[19356,8252],"tags":[],"class_list":["post-711","post","type-post","status-publish","format-standard","hentry","category-helgon","category-kyrkoaret"],"acf":[],"yoast_head":"<!-- This site is optimized with the Yoast SEO plugin v27.1.1 - https:\/\/yoast.com\/product\/yoast-seo-wordpress\/ -->\n<title>Grattis St Sigfrid, the local saint! - Vandra V\u00e4gen<\/title>\n<meta name=\"robots\" content=\"index, follow, max-snippet:-1, max-image-preview:large, max-video-preview:-1\" \/>\n<link rel=\"canonical\" href=\"https:\/\/blogg.svenskakyrkan.se\/vandravagen\/2013\/02\/15\/grattis-st-sigfrid-the-local-saint\/\" \/>\n<meta property=\"og:locale\" content=\"sv_SE\" \/>\n<meta property=\"og:type\" content=\"article\" \/>\n<meta property=\"og:title\" content=\"Grattis St Sigfrid, the local saint! - Vandra V\u00e4gen\" \/>\n<meta property=\"og:description\" content=\"Liknande bild finns i G\u00f6tene kyrka. F\u00e5r \u00e5terkomma med den Idag \u00e4r det dags att uppm\u00e4rksamma \u00e4nnu ett helgon med lokalanknytning, n\u00e4mligen St Sigfrid. Det var Sigfrid som enligt traditionen d\u00f6pte Olof Sk\u00f6tkonung i Husaby. K\u00e4llan b\u00e4r numera hans namn. Fr\u00e5n b\u00f6rjan kom Sigfrid f\u00f6rmodligen fr\u00e5n England och missionerade b\u00e5de h\u00e4r och d\u00e4r i v\u00e5ra [&hellip;]\" \/>\n<meta property=\"og:url\" content=\"https:\/\/blogg.svenskakyrkan.se\/vandravagen\/2013\/02\/15\/grattis-st-sigfrid-the-local-saint\/\" \/>\n<meta property=\"og:site_name\" content=\"Vandra V\u00e4gen\" \/>\n<meta property=\"article:publisher\" content=\"http:\/\/facebook.com\/vandravagen\" \/>\n<meta property=\"article:published_time\" content=\"2013-02-15T18:44:00+00:00\" \/>\n<meta property=\"og:image\" content=\"http:\/\/upload.wikimedia.org\/wikipedia\/commons\/thumb\/0\/01\/Sigfrid_Overselo.gif\/250px-Sigfrid_Overselo.gif\" \/>\n<meta name=\"author\" content=\"Tomas Jarvid\" \/>\n<meta name=\"twitter:card\" content=\"summary_large_image\" \/>\n<meta name=\"twitter:creator\" content=\"@fadertomas\" \/>\n<meta name=\"twitter:site\" content=\"@fadertomas\" \/>\n<meta name=\"twitter:label1\" content=\"Skriven av\" \/>\n\t<meta name=\"twitter:data1\" content=\"Tomas Jarvid\" \/>\n\t<meta name=\"twitter:label2\" content=\"Ber\u00e4knad l\u00e4stid\" \/>\n\t<meta name=\"twitter:data2\" content=\"1 minut\" \/>\n<script type=\"application\/ld+json\" class=\"yoast-schema-graph\">{\"@context\":\"https:\/\/schema.org\",\"@graph\":[{\"@type\":\"Article\",\"@id\":\"https:\/\/blogg.svenskakyrkan.se\/vandravagen\/2013\/02\/15\/grattis-st-sigfrid-the-local-saint\/#article\",\"isPartOf\":{\"@id\":\"https:\/\/blogg.svenskakyrkan.se\/vandravagen\/2013\/02\/15\/grattis-st-sigfrid-the-local-saint\/\"},\"author\":{\"name\":\"Tomas Jarvid\",\"@id\":\"https:\/\/blogg.svenskakyrkan.se\/vandravagen\/#\/schema\/person\/25da02d4f76b137d04291711e2c9fc16\"},\"headline\":\"Grattis St Sigfrid, the local saint!\",\"datePublished\":\"2013-02-15T18:44:00+00:00\",\"mainEntityOfPage\":{\"@id\":\"https:\/\/blogg.svenskakyrkan.se\/vandravagen\/2013\/02\/15\/grattis-st-sigfrid-the-local-saint\/\"},\"wordCount\":212,\"commentCount\":0,\"publisher\":{\"@id\":\"https:\/\/blogg.svenskakyrkan.se\/vandravagen\/#organization\"},\"image\":{\"@id\":\"https:\/\/blogg.svenskakyrkan.se\/vandravagen\/2013\/02\/15\/grattis-st-sigfrid-the-local-saint\/#primaryimage\"},\"thumbnailUrl\":\"http:\/\/upload.wikimedia.org\/wikipedia\/commons\/thumb\/0\/01\/Sigfrid_Overselo.gif\/250px-Sigfrid_Overselo.gif\",\"articleSection\":[\"helgon\",\"kyrko\u00e5ret\"],\"inLanguage\":\"sv-SE\",\"potentialAction\":[{\"@type\":\"CommentAction\",\"name\":\"Comment\",\"target\":[\"https:\/\/blogg.svenskakyrkan.se\/vandravagen\/2013\/02\/15\/grattis-st-sigfrid-the-local-saint\/#respond\"]}]},{\"@type\":\"WebPage\",\"@id\":\"https:\/\/blogg.svenskakyrkan.se\/vandravagen\/2013\/02\/15\/grattis-st-sigfrid-the-local-saint\/\",\"url\":\"https:\/\/blogg.svenskakyrkan.se\/vandravagen\/2013\/02\/15\/grattis-st-sigfrid-the-local-saint\/\",\"name\":\"Grattis St Sigfrid, the local saint! - Vandra V\u00e4gen\",\"isPartOf\":{\"@id\":\"https:\/\/blogg.svenskakyrkan.se\/vandravagen\/#website\"},\"primaryImageOfPage\":{\"@id\":\"https:\/\/blogg.svenskakyrkan.se\/vandravagen\/2013\/02\/15\/grattis-st-sigfrid-the-local-saint\/#primaryimage\"},\"image\":{\"@id\":\"https:\/\/blogg.svenskakyrkan.se\/vandravagen\/2013\/02\/15\/grattis-st-sigfrid-the-local-saint\/#primaryimage\"},\"thumbnailUrl\":\"http:\/\/upload.wikimedia.org\/wikipedia\/commons\/thumb\/0\/01\/Sigfrid_Overselo.gif\/250px-Sigfrid_Overselo.gif\",\"datePublished\":\"2013-02-15T18:44:00+00:00\",\"breadcrumb\":{\"@id\":\"https:\/\/blogg.svenskakyrkan.se\/vandravagen\/2013\/02\/15\/grattis-st-sigfrid-the-local-saint\/#breadcrumb\"},\"inLanguage\":\"sv-SE\",\"potentialAction\":[{\"@type\":\"ReadAction\",\"target\":[\"https:\/\/blogg.svenskakyrkan.se\/vandravagen\/2013\/02\/15\/grattis-st-sigfrid-the-local-saint\/\"]}]},{\"@type\":\"ImageObject\",\"inLanguage\":\"sv-SE\",\"@id\":\"https:\/\/blogg.svenskakyrkan.se\/vandravagen\/2013\/02\/15\/grattis-st-sigfrid-the-local-saint\/#primaryimage\",\"url\":\"http:\/\/upload.wikimedia.org\/wikipedia\/commons\/thumb\/0\/01\/Sigfrid_Overselo.gif\/250px-Sigfrid_Overselo.gif\",\"contentUrl\":\"http:\/\/upload.wikimedia.org\/wikipedia\/commons\/thumb\/0\/01\/Sigfrid_Overselo.gif\/250px-Sigfrid_Overselo.gif\"},{\"@type\":\"BreadcrumbList\",\"@id\":\"https:\/\/blogg.svenskakyrkan.se\/vandravagen\/2013\/02\/15\/grattis-st-sigfrid-the-local-saint\/#breadcrumb\",\"itemListElement\":[{\"@type\":\"ListItem\",\"position\":1,\"name\":\"Hem\",\"item\":\"https:\/\/blogg.svenskakyrkan.se\/vandravagen\/\"},{\"@type\":\"ListItem\",\"position\":2,\"name\":\"Grattis St Sigfrid, the local saint!\"}]},{\"@type\":\"WebSite\",\"@id\":\"https:\/\/blogg.svenskakyrkan.se\/vandravagen\/#website\",\"url\":\"https:\/\/blogg.svenskakyrkan.se\/vandravagen\/\",\"name\":\"Vandra V\u00e4gen\",\"description\":\"-Mot en tro f\u00f6r hela livet\",\"publisher\":{\"@id\":\"https:\/\/blogg.svenskakyrkan.se\/vandravagen\/#organization\"},\"potentialAction\":[{\"@type\":\"SearchAction\",\"target\":{\"@type\":\"EntryPoint\",\"urlTemplate\":\"https:\/\/blogg.svenskakyrkan.se\/vandravagen\/?s={search_term_string}\"},\"query-input\":{\"@type\":\"PropertyValueSpecification\",\"valueRequired\":true,\"valueName\":\"search_term_string\"}}],\"inLanguage\":\"sv-SE\"},{\"@type\":\"Organization\",\"@id\":\"https:\/\/blogg.svenskakyrkan.se\/vandravagen\/#organization\",\"name\":\"ulricehamns pastorat\",\"alternateName\":\"ulricehamns pastorat\",\"url\":\"https:\/\/blogg.svenskakyrkan.se\/vandravagen\/\",\"logo\":{\"@type\":\"ImageObject\",\"inLanguage\":\"sv-SE\",\"@id\":\"https:\/\/blogg.svenskakyrkan.se\/vandravagen\/#\/schema\/logo\/image\/\",\"url\":\"https:\/\/blogg.svenskakyrkan.se\/vandravagen\/files\/2023\/05\/Ulr_logo_RGB.png\",\"contentUrl\":\"https:\/\/blogg.svenskakyrkan.se\/vandravagen\/files\/2023\/05\/Ulr_logo_RGB.png\",\"width\":205,\"height\":77,\"caption\":\"ulricehamns pastorat\"},\"image\":{\"@id\":\"https:\/\/blogg.svenskakyrkan.se\/vandravagen\/#\/schema\/logo\/image\/\"},\"sameAs\":[\"http:\/\/facebook.com\/vandravagen\",\"https:\/\/x.com\/fadertomas\",\"http:\/\/www.facebook.com\/svenskakyrkaniulricehamn\"]},{\"@type\":\"Person\",\"@id\":\"https:\/\/blogg.svenskakyrkan.se\/vandravagen\/#\/schema\/person\/25da02d4f76b137d04291711e2c9fc16\",\"name\":\"Tomas Jarvid\",\"image\":{\"@type\":\"ImageObject\",\"inLanguage\":\"sv-SE\",\"@id\":\"https:\/\/blogg.svenskakyrkan.se\/vandravagen\/#\/schema\/person\/image\/\",\"url\":\"https:\/\/secure.gravatar.com\/avatar\/7fa71899795e8f540f615a1f5ab25255dc27aa40f05ee7ddd21aac521e01bf50?s=96&d=identicon&r=g\",\"contentUrl\":\"https:\/\/secure.gravatar.com\/avatar\/7fa71899795e8f540f615a1f5ab25255dc27aa40f05ee7ddd21aac521e01bf50?s=96&d=identicon&r=g\",\"caption\":\"Tomas Jarvid\"},\"description\":\"Jag bor i Ulricehamn i V\u00e4sterg\u00f6tland och \u00e4r f\u00f6rsamlingspr\u00e4st i Svenska Kyrkan f\u00f6r Dalstorps f\u00f6rsamling i Kinds pastorat. P\u00e5 den h\u00e4r bloggen skriver jag ner tankar om vandringen som kristen.\",\"sameAs\":[\"http:\/\/www.vandravagen.se\"],\"url\":\"https:\/\/blogg.svenskakyrkan.se\/vandravagen\/author\/vandravagen\/\"}]}<\/script>\n<!-- \/ Yoast SEO plugin. -->","yoast_head_json":{"title":"Grattis St Sigfrid, the local saint! - Vandra V\u00e4gen","robots":{"index":"index","follow":"follow","max-snippet":"max-snippet:-1","max-image-preview":"max-image-preview:large","max-video-preview":"max-video-preview:-1"},"canonical":"https:\/\/blogg.svenskakyrkan.se\/vandravagen\/2013\/02\/15\/grattis-st-sigfrid-the-local-saint\/","og_locale":"sv_SE","og_type":"article","og_title":"Grattis St Sigfrid, the local saint! - Vandra V\u00e4gen","og_description":"Liknande bild finns i G\u00f6tene kyrka. F\u00e5r \u00e5terkomma med den Idag \u00e4r det dags att uppm\u00e4rksamma \u00e4nnu ett helgon med lokalanknytning, n\u00e4mligen St Sigfrid. Det var Sigfrid som enligt traditionen d\u00f6pte Olof Sk\u00f6tkonung i Husaby. K\u00e4llan b\u00e4r numera hans namn. Fr\u00e5n b\u00f6rjan kom Sigfrid f\u00f6rmodligen fr\u00e5n England och missionerade b\u00e5de h\u00e4r och d\u00e4r i v\u00e5ra [&hellip;]","og_url":"https:\/\/blogg.svenskakyrkan.se\/vandravagen\/2013\/02\/15\/grattis-st-sigfrid-the-local-saint\/","og_site_name":"Vandra V\u00e4gen","article_publisher":"http:\/\/facebook.com\/vandravagen","article_published_time":"2013-02-15T18:44:00+00:00","og_image":[{"url":"http:\/\/upload.wikimedia.org\/wikipedia\/commons\/thumb\/0\/01\/Sigfrid_Overselo.gif\/250px-Sigfrid_Overselo.gif","type":"","width":"","height":""}],"author":"Tomas Jarvid","twitter_card":"summary_large_image","twitter_creator":"@fadertomas","twitter_site":"@fadertomas","twitter_misc":{"Skriven av":"Tomas Jarvid","Ber\u00e4knad l\u00e4stid":"1 minut"},"schema":{"@context":"https:\/\/schema.org","@graph":[{"@type":"Article","@id":"https:\/\/blogg.svenskakyrkan.se\/vandravagen\/2013\/02\/15\/grattis-st-sigfrid-the-local-saint\/#article","isPartOf":{"@id":"https:\/\/blogg.svenskakyrkan.se\/vandravagen\/2013\/02\/15\/grattis-st-sigfrid-the-local-saint\/"},"author":{"name":"Tomas Jarvid","@id":"https:\/\/blogg.svenskakyrkan.se\/vandravagen\/#\/schema\/person\/25da02d4f76b137d04291711e2c9fc16"},"headline":"Grattis St Sigfrid, the local saint!","datePublished":"2013-02-15T18:44:00+00:00","mainEntityOfPage":{"@id":"https:\/\/blogg.svenskakyrkan.se\/vandravagen\/2013\/02\/15\/grattis-st-sigfrid-the-local-saint\/"},"wordCount":212,"commentCount":0,"publisher":{"@id":"https:\/\/blogg.svenskakyrkan.se\/vandravagen\/#organization"},"image":{"@id":"https:\/\/blogg.svenskakyrkan.se\/vandravagen\/2013\/02\/15\/grattis-st-sigfrid-the-local-saint\/#primaryimage"},"thumbnailUrl":"http:\/\/upload.wikimedia.org\/wikipedia\/commons\/thumb\/0\/01\/Sigfrid_Overselo.gif\/250px-Sigfrid_Overselo.gif","articleSection":["helgon","kyrko\u00e5ret"],"inLanguage":"sv-SE","potentialAction":[{"@type":"CommentAction","name":"Comment","target":["https:\/\/blogg.svenskakyrkan.se\/vandravagen\/2013\/02\/15\/grattis-st-sigfrid-the-local-saint\/#respond"]}]},{"@type":"WebPage","@id":"https:\/\/blogg.svenskakyrkan.se\/vandravagen\/2013\/02\/15\/grattis-st-sigfrid-the-local-saint\/","url":"https:\/\/blogg.svenskakyrkan.se\/vandravagen\/2013\/02\/15\/grattis-st-sigfrid-the-local-saint\/","name":"Grattis St Sigfrid, the local saint! - Vandra V\u00e4gen","isPartOf":{"@id":"https:\/\/blogg.svenskakyrkan.se\/vandravagen\/#website"},"primaryImageOfPage":{"@id":"https:\/\/blogg.svenskakyrkan.se\/vandravagen\/2013\/02\/15\/grattis-st-sigfrid-the-local-saint\/#primaryimage"},"image":{"@id":"https:\/\/blogg.svenskakyrkan.se\/vandravagen\/2013\/02\/15\/grattis-st-sigfrid-the-local-saint\/#primaryimage"},"thumbnailUrl":"http:\/\/upload.wikimedia.org\/wikipedia\/commons\/thumb\/0\/01\/Sigfrid_Overselo.gif\/250px-Sigfrid_Overselo.gif","datePublished":"2013-02-15T18:44:00+00:00","breadcrumb":{"@id":"https:\/\/blogg.svenskakyrkan.se\/vandravagen\/2013\/02\/15\/grattis-st-sigfrid-the-local-saint\/#breadcrumb"},"inLanguage":"sv-SE","potentialAction":[{"@type":"ReadAction","target":["https:\/\/blogg.svenskakyrkan.se\/vandravagen\/2013\/02\/15\/grattis-st-sigfrid-the-local-saint\/"]}]},{"@type":"ImageObject","inLanguage":"sv-SE","@id":"https:\/\/blogg.svenskakyrkan.se\/vandravagen\/2013\/02\/15\/grattis-st-sigfrid-the-local-saint\/#primaryimage","url":"http:\/\/upload.wikimedia.org\/wikipedia\/commons\/thumb\/0\/01\/Sigfrid_Overselo.gif\/250px-Sigfrid_Overselo.gif","contentUrl":"http:\/\/upload.wikimedia.org\/wikipedia\/commons\/thumb\/0\/01\/Sigfrid_Overselo.gif\/250px-Sigfrid_Overselo.gif"},{"@type":"BreadcrumbList","@id":"https:\/\/blogg.svenskakyrkan.se\/vandravagen\/2013\/02\/15\/grattis-st-sigfrid-the-local-saint\/#breadcrumb","itemListElement":[{"@type":"ListItem","position":1,"name":"Hem","item":"https:\/\/blogg.svenskakyrkan.se\/vandravagen\/"},{"@type":"ListItem","position":2,"name":"Grattis St Sigfrid, the local saint!"}]},{"@type":"WebSite","@id":"https:\/\/blogg.svenskakyrkan.se\/vandravagen\/#website","url":"https:\/\/blogg.svenskakyrkan.se\/vandravagen\/","name":"Vandra V\u00e4gen","description":"-Mot en tro f\u00f6r hela livet","publisher":{"@id":"https:\/\/blogg.svenskakyrkan.se\/vandravagen\/#organization"},"potentialAction":[{"@type":"SearchAction","target":{"@type":"EntryPoint","urlTemplate":"https:\/\/blogg.svenskakyrkan.se\/vandravagen\/?s={search_term_string}"},"query-input":{"@type":"PropertyValueSpecification","valueRequired":true,"valueName":"search_term_string"}}],"inLanguage":"sv-SE"},{"@type":"Organization","@id":"https:\/\/blogg.svenskakyrkan.se\/vandravagen\/#organization","name":"ulricehamns pastorat","alternateName":"ulricehamns pastorat","url":"https:\/\/blogg.svenskakyrkan.se\/vandravagen\/","logo":{"@type":"ImageObject","inLanguage":"sv-SE","@id":"https:\/\/blogg.svenskakyrkan.se\/vandravagen\/#\/schema\/logo\/image\/","url":"https:\/\/blogg.svenskakyrkan.se\/vandravagen\/files\/2023\/05\/Ulr_logo_RGB.png","contentUrl":"https:\/\/blogg.svenskakyrkan.se\/vandravagen\/files\/2023\/05\/Ulr_logo_RGB.png","width":205,"height":77,"caption":"ulricehamns pastorat"},"image":{"@id":"https:\/\/blogg.svenskakyrkan.se\/vandravagen\/#\/schema\/logo\/image\/"},"sameAs":["http:\/\/facebook.com\/vandravagen","https:\/\/x.com\/fadertomas","http:\/\/www.facebook.com\/svenskakyrkaniulricehamn"]},{"@type":"Person","@id":"https:\/\/blogg.svenskakyrkan.se\/vandravagen\/#\/schema\/person\/25da02d4f76b137d04291711e2c9fc16","name":"Tomas Jarvid","image":{"@type":"ImageObject","inLanguage":"sv-SE","@id":"https:\/\/blogg.svenskakyrkan.se\/vandravagen\/#\/schema\/person\/image\/","url":"https:\/\/secure.gravatar.com\/avatar\/7fa71899795e8f540f615a1f5ab25255dc27aa40f05ee7ddd21aac521e01bf50?s=96&d=identicon&r=g","contentUrl":"https:\/\/secure.gravatar.com\/avatar\/7fa71899795e8f540f615a1f5ab25255dc27aa40f05ee7ddd21aac521e01bf50?s=96&d=identicon&r=g","caption":"Tomas Jarvid"},"description":"Jag bor i Ulricehamn i V\u00e4sterg\u00f6tland och \u00e4r f\u00f6rsamlingspr\u00e4st i Svenska Kyrkan f\u00f6r Dalstorps f\u00f6rsamling i Kinds pastorat. P\u00e5 den h\u00e4r bloggen skriver jag ner tankar om vandringen som kristen.","sameAs":["http:\/\/www.vandravagen.se"],"url":"https:\/\/blogg.svenskakyrkan.se\/vandravagen\/author\/vandravagen\/"}]}},"author_meta":{"ID":"392","user_nicename":"vandravagen","user_url":"http:\/\/www.vandravagen.se","user_registered":"2014-05-19 05:44:52","display_name":"Tomas Jarvid","first_name":"Tomas","last_name":"Jarvid","avatar":"https:\/\/secure.gravatar.com\/avatar\/7fa71899795e8f540f615a1f5ab25255dc27aa40f05ee7ddd21aac521e01bf50?s=96&d=identicon&r=g"},"featured_image":false,"bloginfo":{"name":"Vandra V\u00e4gen","url":"https:\/\/blogg.svenskakyrkan.se\/vandravagen"},"_links":{"self":[{"href":"https:\/\/blogg.svenskakyrkan.se\/vandravagen\/wp-json\/wp\/v2\/posts\/711","targetHints":{"allow":["GET"]}}],"collection":[{"href":"https:\/\/blogg.svenskakyrkan.se\/vandravagen\/wp-json\/wp\/v2\/posts"}],"about":[{"href":"https:\/\/blogg.svenskakyrkan.se\/vandravagen\/wp-json\/wp\/v2\/types\/post"}],"author":[{"embeddable":true,"href":"https:\/\/blogg.svenskakyrkan.se\/vandravagen\/wp-json\/wp\/v2\/users\/392"}],"replies":[{"embeddable":true,"href":"https:\/\/blogg.svenskakyrkan.se\/vandravagen\/wp-json\/wp\/v2\/comments?post=711"}],"version-history":[{"count":0,"href":"https:\/\/blogg.svenskakyrkan.se\/vandravagen\/wp-json\/wp\/v2\/posts\/711\/revisions"}],"wp:attachment":[{"href":"https:\/\/blogg.svenskakyrkan.se\/vandravagen\/wp-json\/wp\/v2\/media?parent=711"}],"wp:term":[{"taxonomy":"category","embeddable":true,"href":"https:\/\/blogg.svenskakyrkan.se\/vandravagen\/wp-json\/wp\/v2\/categories?post=711"},{"taxonomy":"post_tag","embeddable":true,"href":"https:\/\/blogg.svenskakyrkan.se\/vandravagen\/wp-json\/wp\/v2\/tags?post=711"}],"curies":[{"name":"wp","href":"https:\/\/api.w.org\/{rel}","templated":true}]}}