{"id":7118,"date":"2019-04-17T07:00:35","date_gmt":"2019-04-17T05:00:35","guid":{"rendered":"http:\/\/blogg.svenskakyrkan.se\/vandravagen\/?p=7118"},"modified":"2019-04-16T22:13:55","modified_gmt":"2019-04-16T20:13:55","slug":"att-sitta-vid-rabbinen-jesus-fotter","status":"publish","type":"post","link":"https:\/\/blogg.svenskakyrkan.se\/vandravagen\/2019\/04\/17\/att-sitta-vid-rabbinen-jesus-fotter\/","title":{"rendered":"Att sitta vid rabbinen Jesus f\u00f6tter"},"content":{"rendered":"<p>En sak som \u00e4r h\u00e4rlig med att vara kristen just i v\u00e5r tid \u00e4r den p\u00e5g\u00e5ende \u00e5teruppt\u00e4ckten av Jesus judiska kulturella sammanhang. I andra tider har man velat m\u00e5la upp s\u00e5 mycket kontrast som m\u00f6jligt mellan Jesus och judarna men efter andra v\u00e4rldskriget har det skett stora insatser f\u00f6r att f\u00f6rst\u00e5 Jesus som den jude han faktiskt var.<\/p>\n<p>Jag har lyssnat p\u00e5 Ann Spanglers bok &#8221;sitting at the feet of rabbi Jesus&#8221; och det har jag gjort med stor beh\u00e5llning. Titeln syftar p\u00e5 det s\u00e4tt l\u00e4rjungar samlades kring sin l\u00e4rom\u00e4stare, och d\u00e4r Jesus och hans l\u00e4rjungar p\u00e5 m\u00e5nga s\u00e4tt liknade de hos andra rabbiner (den verkliga rabbinska judendomen \u00e4r n\u00e5got senare men har sina r\u00f6tter hos den fariseiska inriktningen p\u00e5 Jesus tid).<\/p>\n<p>Boken best\u00e5r egentligen av en l\u00e5ng rad omr\u00e5den d\u00e4r en b\u00e4ttre f\u00f6rst\u00e5else f\u00f6r det sammanhang bibeln tillkommit i ger dramatiskt f\u00f6rb\u00e4ttrad f\u00f6rst\u00e5else f\u00f6r vad ber\u00e4ttelserna egentligen handlar om. Vi f\u00e5r h\u00f6ra om hur l\u00e4rjungar f\u00f6ljde sin m\u00e4stare (och att det d\u00e4rf\u00f6r faktiskt inte var s\u00e5 konstigt att Jesus var ogift s\u00e5 l\u00e4nge han levde som kringvandrande f\u00f6rkunnare), om det judiska s\u00e4ttet att hela tiden meditera \u00f6ver och memorera skrifterna (inget kalas \u00e4r riktigt bra om man inte haft en bibeldiskussion!), om debatttekniker och om aktuella debatter d\u00e4r det Jesus sade var inlagor.<\/p>\n<p>Jag tyckte det som stod om l\u00e4rjungaskap var fascinerande. L\u00e4rjungaskapet \u00e4r ju n\u00e5got som \u00e4r sv\u00e5rt i v\u00e5r tid och kanske kan vi l\u00e4ra oss fr\u00e5n Jesu samtid att det m\u00e5ste h\u00f6ra ihop med personliga relationer s\u00e5 att man inte kan vara l\u00e4rjunge i st\u00f6rsta allm\u00e4nhet utan kanske beh\u00f6ver b\u00e5de vara l\u00e4rare sj\u00e4lv f\u00f6r n\u00e5gon och elev till n\u00e5gon. F\u00f6rfattaren lyfter ocks\u00e5 fram det judiska bruket att studera tillsammans med n\u00e5gon ungef\u00e4r som idrottare kan ha en tr\u00e4ningskompis f\u00f6r att \u00f6ka motivationen.<\/p>\n<p>Ibland under boklyssningen kunde jag fundera p\u00e5 om de judiska bruk som citeras verkligen var samtida med Jesus eller kommit till senare men kanske spelar det inte j\u00e4ttestor roll, de har \u00e4nd\u00e5 sina r\u00f6tter i de bibliska tankes\u00e4tten?<\/p>\n<p>Boken \u00e4r popul\u00e4rvetenskapligt skriven och borde kunna passa vem som helst som \u00e4r intresserad och klarar vanlig engelska. Ibland g\u00f6r f\u00f6rfattarna lite utvikningar med till\u00e4mpning och de kanske kan k\u00e4nnas lite sv\u00e5ra att relatera till n\u00e5gon g\u00e5ng men i det stora hela \u00e4r det en toppenbok!<\/p>\n<p>&nbsp;<\/p>\n<p>Jag kan ju passa p\u00e5 att tipsa om att jag skrivit en del h\u00e4r p\u00e5 bloggen om den judiske Jesus, som &#8221;<a href=\"https:\/\/blogg.svenskakyrkan.se\/vandravagen\/2014\/09\/30\/jesus-med-judiska-ogon\/\">Jesus med judiska \u00f6gon<\/a>&#8221; eller &#8221;<a href=\"https:\/\/blogg.svenskakyrkan.se\/vandravagen\/2014\/07\/05\/sjalvklara-saker-om-jesus-han-var-jude\/\">sj\u00e4lvklara saker om Jesus -han var jude<\/a>&#8221; eller &#8221;<a href=\"https:\/\/blogg.svenskakyrkan.se\/vandravagen\/2015\/05\/28\/nar-de-kristna-svek-judarna-forsta-gangen\/\">n\u00e4r de kristna svek judarna f\u00f6rsta g\u00e5ngen<\/a>&#8221;. L\u00e4s g\u00e4rna det!<\/p>\n<p>&nbsp;<\/p>\n","protected":false},"excerpt":{"rendered":"<p>En sak som \u00e4r h\u00e4rlig med att vara kristen just i v\u00e5r tid \u00e4r den p\u00e5g\u00e5ende \u00e5teruppt\u00e4ckten av Jesus judiska kulturella sammanhang. I andra tider har man velat m\u00e5la upp s\u00e5 mycket kontrast som m\u00f6jligt mellan Jesus och judarna men efter andra v\u00e4rldskriget har det skett stora insatser f\u00f6r att f\u00f6rst\u00e5 Jesus som den jude [&hellip;]<\/p>\n","protected":false},"author":392,"featured_media":7119,"comment_status":"open","ping_status":"open","sticky":false,"template":"","format":"standard","meta":{"_acf_changed":false,"footnotes":""},"categories":[8253,42374,33574,117],"tags":[],"class_list":["post-7118","post","type-post","status-publish","format-standard","has-post-thumbnail","hentry","category-bocker","category-boktips","category-kyrkan","category-teologi"],"acf":[],"yoast_head":"<!-- This site is optimized with the Yoast SEO plugin v27.1.1 - https:\/\/yoast.com\/product\/yoast-seo-wordpress\/ -->\n<title>Att sitta vid rabbinen Jesus f\u00f6tter - Vandra V\u00e4gen<\/title>\n<meta name=\"robots\" content=\"index, follow, max-snippet:-1, max-image-preview:large, max-video-preview:-1\" \/>\n<link rel=\"canonical\" href=\"https:\/\/blogg.svenskakyrkan.se\/vandravagen\/2019\/04\/17\/att-sitta-vid-rabbinen-jesus-fotter\/\" \/>\n<meta property=\"og:locale\" content=\"sv_SE\" \/>\n<meta property=\"og:type\" content=\"article\" \/>\n<meta property=\"og:title\" content=\"Att sitta vid rabbinen Jesus f\u00f6tter - Vandra V\u00e4gen\" \/>\n<meta property=\"og:description\" content=\"En sak som \u00e4r h\u00e4rlig med att vara kristen just i v\u00e5r tid \u00e4r den p\u00e5g\u00e5ende \u00e5teruppt\u00e4ckten av Jesus judiska kulturella sammanhang. I andra tider har man velat m\u00e5la upp s\u00e5 mycket kontrast som m\u00f6jligt mellan Jesus och judarna men efter andra v\u00e4rldskriget har det skett stora insatser f\u00f6r att f\u00f6rst\u00e5 Jesus som den jude [&hellip;]\" \/>\n<meta property=\"og:url\" content=\"https:\/\/blogg.svenskakyrkan.se\/vandravagen\/2019\/04\/17\/att-sitta-vid-rabbinen-jesus-fotter\/\" \/>\n<meta property=\"og:site_name\" content=\"Vandra V\u00e4gen\" \/>\n<meta property=\"article:publisher\" content=\"http:\/\/facebook.com\/vandravagen\" \/>\n<meta property=\"article:published_time\" content=\"2019-04-17T05:00:35+00:00\" \/>\n<meta name=\"author\" content=\"Tomas Jarvid\" \/>\n<meta name=\"twitter:card\" content=\"summary_large_image\" \/>\n<meta name=\"twitter:creator\" content=\"@fadertomas\" \/>\n<meta name=\"twitter:site\" content=\"@fadertomas\" \/>\n<meta name=\"twitter:label1\" content=\"Skriven av\" \/>\n\t<meta name=\"twitter:data1\" content=\"Tomas Jarvid\" \/>\n\t<meta name=\"twitter:label2\" content=\"Ber\u00e4knad l\u00e4stid\" \/>\n\t<meta name=\"twitter:data2\" content=\"3 minuter\" \/>\n<script type=\"application\/ld+json\" class=\"yoast-schema-graph\">{\"@context\":\"https:\/\/schema.org\",\"@graph\":[{\"@type\":\"Article\",\"@id\":\"https:\/\/blogg.svenskakyrkan.se\/vandravagen\/2019\/04\/17\/att-sitta-vid-rabbinen-jesus-fotter\/#article\",\"isPartOf\":{\"@id\":\"https:\/\/blogg.svenskakyrkan.se\/vandravagen\/2019\/04\/17\/att-sitta-vid-rabbinen-jesus-fotter\/\"},\"author\":{\"name\":\"Tomas Jarvid\",\"@id\":\"https:\/\/blogg.svenskakyrkan.se\/vandravagen\/#\/schema\/person\/25da02d4f76b137d04291711e2c9fc16\"},\"headline\":\"Att sitta vid rabbinen Jesus f\u00f6tter\",\"datePublished\":\"2019-04-17T05:00:35+00:00\",\"mainEntityOfPage\":{\"@id\":\"https:\/\/blogg.svenskakyrkan.se\/vandravagen\/2019\/04\/17\/att-sitta-vid-rabbinen-jesus-fotter\/\"},\"wordCount\":521,\"commentCount\":4,\"publisher\":{\"@id\":\"https:\/\/blogg.svenskakyrkan.se\/vandravagen\/#organization\"},\"image\":{\"@id\":\"https:\/\/blogg.svenskakyrkan.se\/vandravagen\/2019\/04\/17\/att-sitta-vid-rabbinen-jesus-fotter\/#primaryimage\"},\"thumbnailUrl\":\"https:\/\/blogg.svenskakyrkan.se\/vandravagen\/files\/2019\/04\/IMG_7031788.jpg\",\"articleSection\":[\"b\u00f6cker\",\"boktips\",\"kyrkan\",\"Teologi\"],\"inLanguage\":\"sv-SE\",\"potentialAction\":[{\"@type\":\"CommentAction\",\"name\":\"Comment\",\"target\":[\"https:\/\/blogg.svenskakyrkan.se\/vandravagen\/2019\/04\/17\/att-sitta-vid-rabbinen-jesus-fotter\/#respond\"]}]},{\"@type\":\"WebPage\",\"@id\":\"https:\/\/blogg.svenskakyrkan.se\/vandravagen\/2019\/04\/17\/att-sitta-vid-rabbinen-jesus-fotter\/\",\"url\":\"https:\/\/blogg.svenskakyrkan.se\/vandravagen\/2019\/04\/17\/att-sitta-vid-rabbinen-jesus-fotter\/\",\"name\":\"Att sitta vid rabbinen Jesus f\u00f6tter - Vandra V\u00e4gen\",\"isPartOf\":{\"@id\":\"https:\/\/blogg.svenskakyrkan.se\/vandravagen\/#website\"},\"primaryImageOfPage\":{\"@id\":\"https:\/\/blogg.svenskakyrkan.se\/vandravagen\/2019\/04\/17\/att-sitta-vid-rabbinen-jesus-fotter\/#primaryimage\"},\"image\":{\"@id\":\"https:\/\/blogg.svenskakyrkan.se\/vandravagen\/2019\/04\/17\/att-sitta-vid-rabbinen-jesus-fotter\/#primaryimage\"},\"thumbnailUrl\":\"https:\/\/blogg.svenskakyrkan.se\/vandravagen\/files\/2019\/04\/IMG_7031788.jpg\",\"datePublished\":\"2019-04-17T05:00:35+00:00\",\"breadcrumb\":{\"@id\":\"https:\/\/blogg.svenskakyrkan.se\/vandravagen\/2019\/04\/17\/att-sitta-vid-rabbinen-jesus-fotter\/#breadcrumb\"},\"inLanguage\":\"sv-SE\",\"potentialAction\":[{\"@type\":\"ReadAction\",\"target\":[\"https:\/\/blogg.svenskakyrkan.se\/vandravagen\/2019\/04\/17\/att-sitta-vid-rabbinen-jesus-fotter\/\"]}]},{\"@type\":\"ImageObject\",\"inLanguage\":\"sv-SE\",\"@id\":\"https:\/\/blogg.svenskakyrkan.se\/vandravagen\/2019\/04\/17\/att-sitta-vid-rabbinen-jesus-fotter\/#primaryimage\",\"url\":\"https:\/\/blogg.svenskakyrkan.se\/vandravagen\/files\/2019\/04\/IMG_7031788.jpg\",\"contentUrl\":\"https:\/\/blogg.svenskakyrkan.se\/vandravagen\/files\/2019\/04\/IMG_7031788.jpg\",\"width\":622,\"height\":941,\"caption\":\"Sitting at the feet of rabbi Jesus. Av Ann Spangler.\"},{\"@type\":\"BreadcrumbList\",\"@id\":\"https:\/\/blogg.svenskakyrkan.se\/vandravagen\/2019\/04\/17\/att-sitta-vid-rabbinen-jesus-fotter\/#breadcrumb\",\"itemListElement\":[{\"@type\":\"ListItem\",\"position\":1,\"name\":\"Hem\",\"item\":\"https:\/\/blogg.svenskakyrkan.se\/vandravagen\/\"},{\"@type\":\"ListItem\",\"position\":2,\"name\":\"Att sitta vid rabbinen Jesus f\u00f6tter\"}]},{\"@type\":\"WebSite\",\"@id\":\"https:\/\/blogg.svenskakyrkan.se\/vandravagen\/#website\",\"url\":\"https:\/\/blogg.svenskakyrkan.se\/vandravagen\/\",\"name\":\"Vandra V\u00e4gen\",\"description\":\"-Mot en tro f\u00f6r hela livet\",\"publisher\":{\"@id\":\"https:\/\/blogg.svenskakyrkan.se\/vandravagen\/#organization\"},\"potentialAction\":[{\"@type\":\"SearchAction\",\"target\":{\"@type\":\"EntryPoint\",\"urlTemplate\":\"https:\/\/blogg.svenskakyrkan.se\/vandravagen\/?s={search_term_string}\"},\"query-input\":{\"@type\":\"PropertyValueSpecification\",\"valueRequired\":true,\"valueName\":\"search_term_string\"}}],\"inLanguage\":\"sv-SE\"},{\"@type\":\"Organization\",\"@id\":\"https:\/\/blogg.svenskakyrkan.se\/vandravagen\/#organization\",\"name\":\"ulricehamns pastorat\",\"alternateName\":\"ulricehamns pastorat\",\"url\":\"https:\/\/blogg.svenskakyrkan.se\/vandravagen\/\",\"logo\":{\"@type\":\"ImageObject\",\"inLanguage\":\"sv-SE\",\"@id\":\"https:\/\/blogg.svenskakyrkan.se\/vandravagen\/#\/schema\/logo\/image\/\",\"url\":\"https:\/\/blogg.svenskakyrkan.se\/vandravagen\/files\/2023\/05\/Ulr_logo_RGB.png\",\"contentUrl\":\"https:\/\/blogg.svenskakyrkan.se\/vandravagen\/files\/2023\/05\/Ulr_logo_RGB.png\",\"width\":205,\"height\":77,\"caption\":\"ulricehamns pastorat\"},\"image\":{\"@id\":\"https:\/\/blogg.svenskakyrkan.se\/vandravagen\/#\/schema\/logo\/image\/\"},\"sameAs\":[\"http:\/\/facebook.com\/vandravagen\",\"https:\/\/x.com\/fadertomas\",\"http:\/\/www.facebook.com\/svenskakyrkaniulricehamn\"]},{\"@type\":\"Person\",\"@id\":\"https:\/\/blogg.svenskakyrkan.se\/vandravagen\/#\/schema\/person\/25da02d4f76b137d04291711e2c9fc16\",\"name\":\"Tomas Jarvid\",\"image\":{\"@type\":\"ImageObject\",\"inLanguage\":\"sv-SE\",\"@id\":\"https:\/\/blogg.svenskakyrkan.se\/vandravagen\/#\/schema\/person\/image\/\",\"url\":\"https:\/\/secure.gravatar.com\/avatar\/7fa71899795e8f540f615a1f5ab25255dc27aa40f05ee7ddd21aac521e01bf50?s=96&d=identicon&r=g\",\"contentUrl\":\"https:\/\/secure.gravatar.com\/avatar\/7fa71899795e8f540f615a1f5ab25255dc27aa40f05ee7ddd21aac521e01bf50?s=96&d=identicon&r=g\",\"caption\":\"Tomas Jarvid\"},\"description\":\"Jag bor i Ulricehamn i V\u00e4sterg\u00f6tland och \u00e4r f\u00f6rsamlingspr\u00e4st i Svenska Kyrkan f\u00f6r Dalstorps f\u00f6rsamling i Kinds pastorat. P\u00e5 den h\u00e4r bloggen skriver jag ner tankar om vandringen som kristen.\",\"sameAs\":[\"http:\/\/www.vandravagen.se\"],\"url\":\"https:\/\/blogg.svenskakyrkan.se\/vandravagen\/author\/vandravagen\/\"}]}<\/script>\n<!-- \/ Yoast SEO plugin. -->","yoast_head_json":{"title":"Att sitta vid rabbinen Jesus f\u00f6tter - Vandra V\u00e4gen","robots":{"index":"index","follow":"follow","max-snippet":"max-snippet:-1","max-image-preview":"max-image-preview:large","max-video-preview":"max-video-preview:-1"},"canonical":"https:\/\/blogg.svenskakyrkan.se\/vandravagen\/2019\/04\/17\/att-sitta-vid-rabbinen-jesus-fotter\/","og_locale":"sv_SE","og_type":"article","og_title":"Att sitta vid rabbinen Jesus f\u00f6tter - Vandra V\u00e4gen","og_description":"En sak som \u00e4r h\u00e4rlig med att vara kristen just i v\u00e5r tid \u00e4r den p\u00e5g\u00e5ende \u00e5teruppt\u00e4ckten av Jesus judiska kulturella sammanhang. I andra tider har man velat m\u00e5la upp s\u00e5 mycket kontrast som m\u00f6jligt mellan Jesus och judarna men efter andra v\u00e4rldskriget har det skett stora insatser f\u00f6r att f\u00f6rst\u00e5 Jesus som den jude [&hellip;]","og_url":"https:\/\/blogg.svenskakyrkan.se\/vandravagen\/2019\/04\/17\/att-sitta-vid-rabbinen-jesus-fotter\/","og_site_name":"Vandra V\u00e4gen","article_publisher":"http:\/\/facebook.com\/vandravagen","article_published_time":"2019-04-17T05:00:35+00:00","author":"Tomas Jarvid","twitter_card":"summary_large_image","twitter_creator":"@fadertomas","twitter_site":"@fadertomas","twitter_misc":{"Skriven av":"Tomas Jarvid","Ber\u00e4knad l\u00e4stid":"3 minuter"},"schema":{"@context":"https:\/\/schema.org","@graph":[{"@type":"Article","@id":"https:\/\/blogg.svenskakyrkan.se\/vandravagen\/2019\/04\/17\/att-sitta-vid-rabbinen-jesus-fotter\/#article","isPartOf":{"@id":"https:\/\/blogg.svenskakyrkan.se\/vandravagen\/2019\/04\/17\/att-sitta-vid-rabbinen-jesus-fotter\/"},"author":{"name":"Tomas Jarvid","@id":"https:\/\/blogg.svenskakyrkan.se\/vandravagen\/#\/schema\/person\/25da02d4f76b137d04291711e2c9fc16"},"headline":"Att sitta vid rabbinen Jesus f\u00f6tter","datePublished":"2019-04-17T05:00:35+00:00","mainEntityOfPage":{"@id":"https:\/\/blogg.svenskakyrkan.se\/vandravagen\/2019\/04\/17\/att-sitta-vid-rabbinen-jesus-fotter\/"},"wordCount":521,"commentCount":4,"publisher":{"@id":"https:\/\/blogg.svenskakyrkan.se\/vandravagen\/#organization"},"image":{"@id":"https:\/\/blogg.svenskakyrkan.se\/vandravagen\/2019\/04\/17\/att-sitta-vid-rabbinen-jesus-fotter\/#primaryimage"},"thumbnailUrl":"https:\/\/blogg.svenskakyrkan.se\/vandravagen\/files\/2019\/04\/IMG_7031788.jpg","articleSection":["b\u00f6cker","boktips","kyrkan","Teologi"],"inLanguage":"sv-SE","potentialAction":[{"@type":"CommentAction","name":"Comment","target":["https:\/\/blogg.svenskakyrkan.se\/vandravagen\/2019\/04\/17\/att-sitta-vid-rabbinen-jesus-fotter\/#respond"]}]},{"@type":"WebPage","@id":"https:\/\/blogg.svenskakyrkan.se\/vandravagen\/2019\/04\/17\/att-sitta-vid-rabbinen-jesus-fotter\/","url":"https:\/\/blogg.svenskakyrkan.se\/vandravagen\/2019\/04\/17\/att-sitta-vid-rabbinen-jesus-fotter\/","name":"Att sitta vid rabbinen Jesus f\u00f6tter - Vandra V\u00e4gen","isPartOf":{"@id":"https:\/\/blogg.svenskakyrkan.se\/vandravagen\/#website"},"primaryImageOfPage":{"@id":"https:\/\/blogg.svenskakyrkan.se\/vandravagen\/2019\/04\/17\/att-sitta-vid-rabbinen-jesus-fotter\/#primaryimage"},"image":{"@id":"https:\/\/blogg.svenskakyrkan.se\/vandravagen\/2019\/04\/17\/att-sitta-vid-rabbinen-jesus-fotter\/#primaryimage"},"thumbnailUrl":"https:\/\/blogg.svenskakyrkan.se\/vandravagen\/files\/2019\/04\/IMG_7031788.jpg","datePublished":"2019-04-17T05:00:35+00:00","breadcrumb":{"@id":"https:\/\/blogg.svenskakyrkan.se\/vandravagen\/2019\/04\/17\/att-sitta-vid-rabbinen-jesus-fotter\/#breadcrumb"},"inLanguage":"sv-SE","potentialAction":[{"@type":"ReadAction","target":["https:\/\/blogg.svenskakyrkan.se\/vandravagen\/2019\/04\/17\/att-sitta-vid-rabbinen-jesus-fotter\/"]}]},{"@type":"ImageObject","inLanguage":"sv-SE","@id":"https:\/\/blogg.svenskakyrkan.se\/vandravagen\/2019\/04\/17\/att-sitta-vid-rabbinen-jesus-fotter\/#primaryimage","url":"https:\/\/blogg.svenskakyrkan.se\/vandravagen\/files\/2019\/04\/IMG_7031788.jpg","contentUrl":"https:\/\/blogg.svenskakyrkan.se\/vandravagen\/files\/2019\/04\/IMG_7031788.jpg","width":622,"height":941,"caption":"Sitting at the feet of rabbi Jesus. Av Ann Spangler."},{"@type":"BreadcrumbList","@id":"https:\/\/blogg.svenskakyrkan.se\/vandravagen\/2019\/04\/17\/att-sitta-vid-rabbinen-jesus-fotter\/#breadcrumb","itemListElement":[{"@type":"ListItem","position":1,"name":"Hem","item":"https:\/\/blogg.svenskakyrkan.se\/vandravagen\/"},{"@type":"ListItem","position":2,"name":"Att sitta vid rabbinen Jesus f\u00f6tter"}]},{"@type":"WebSite","@id":"https:\/\/blogg.svenskakyrkan.se\/vandravagen\/#website","url":"https:\/\/blogg.svenskakyrkan.se\/vandravagen\/","name":"Vandra V\u00e4gen","description":"-Mot en tro f\u00f6r hela livet","publisher":{"@id":"https:\/\/blogg.svenskakyrkan.se\/vandravagen\/#organization"},"potentialAction":[{"@type":"SearchAction","target":{"@type":"EntryPoint","urlTemplate":"https:\/\/blogg.svenskakyrkan.se\/vandravagen\/?s={search_term_string}"},"query-input":{"@type":"PropertyValueSpecification","valueRequired":true,"valueName":"search_term_string"}}],"inLanguage":"sv-SE"},{"@type":"Organization","@id":"https:\/\/blogg.svenskakyrkan.se\/vandravagen\/#organization","name":"ulricehamns pastorat","alternateName":"ulricehamns pastorat","url":"https:\/\/blogg.svenskakyrkan.se\/vandravagen\/","logo":{"@type":"ImageObject","inLanguage":"sv-SE","@id":"https:\/\/blogg.svenskakyrkan.se\/vandravagen\/#\/schema\/logo\/image\/","url":"https:\/\/blogg.svenskakyrkan.se\/vandravagen\/files\/2023\/05\/Ulr_logo_RGB.png","contentUrl":"https:\/\/blogg.svenskakyrkan.se\/vandravagen\/files\/2023\/05\/Ulr_logo_RGB.png","width":205,"height":77,"caption":"ulricehamns pastorat"},"image":{"@id":"https:\/\/blogg.svenskakyrkan.se\/vandravagen\/#\/schema\/logo\/image\/"},"sameAs":["http:\/\/facebook.com\/vandravagen","https:\/\/x.com\/fadertomas","http:\/\/www.facebook.com\/svenskakyrkaniulricehamn"]},{"@type":"Person","@id":"https:\/\/blogg.svenskakyrkan.se\/vandravagen\/#\/schema\/person\/25da02d4f76b137d04291711e2c9fc16","name":"Tomas Jarvid","image":{"@type":"ImageObject","inLanguage":"sv-SE","@id":"https:\/\/blogg.svenskakyrkan.se\/vandravagen\/#\/schema\/person\/image\/","url":"https:\/\/secure.gravatar.com\/avatar\/7fa71899795e8f540f615a1f5ab25255dc27aa40f05ee7ddd21aac521e01bf50?s=96&d=identicon&r=g","contentUrl":"https:\/\/secure.gravatar.com\/avatar\/7fa71899795e8f540f615a1f5ab25255dc27aa40f05ee7ddd21aac521e01bf50?s=96&d=identicon&r=g","caption":"Tomas Jarvid"},"description":"Jag bor i Ulricehamn i V\u00e4sterg\u00f6tland och \u00e4r f\u00f6rsamlingspr\u00e4st i Svenska Kyrkan f\u00f6r Dalstorps f\u00f6rsamling i Kinds pastorat. P\u00e5 den h\u00e4r bloggen skriver jag ner tankar om vandringen som kristen.","sameAs":["http:\/\/www.vandravagen.se"],"url":"https:\/\/blogg.svenskakyrkan.se\/vandravagen\/author\/vandravagen\/"}]}},"author_meta":{"ID":"392","user_nicename":"vandravagen","user_url":"http:\/\/www.vandravagen.se","user_registered":"2014-05-19 05:44:52","display_name":"Tomas Jarvid","first_name":"Tomas","last_name":"Jarvid","avatar":"https:\/\/secure.gravatar.com\/avatar\/7fa71899795e8f540f615a1f5ab25255dc27aa40f05ee7ddd21aac521e01bf50?s=96&d=identicon&r=g"},"featured_image":["https:\/\/blogg.svenskakyrkan.se\/vandravagen\/files\/2019\/04\/IMG_7031788.jpg",622,941,false],"bloginfo":{"name":"Vandra V\u00e4gen","url":"https:\/\/blogg.svenskakyrkan.se\/vandravagen"},"_links":{"self":[{"href":"https:\/\/blogg.svenskakyrkan.se\/vandravagen\/wp-json\/wp\/v2\/posts\/7118","targetHints":{"allow":["GET"]}}],"collection":[{"href":"https:\/\/blogg.svenskakyrkan.se\/vandravagen\/wp-json\/wp\/v2\/posts"}],"about":[{"href":"https:\/\/blogg.svenskakyrkan.se\/vandravagen\/wp-json\/wp\/v2\/types\/post"}],"author":[{"embeddable":true,"href":"https:\/\/blogg.svenskakyrkan.se\/vandravagen\/wp-json\/wp\/v2\/users\/392"}],"replies":[{"embeddable":true,"href":"https:\/\/blogg.svenskakyrkan.se\/vandravagen\/wp-json\/wp\/v2\/comments?post=7118"}],"version-history":[{"count":1,"href":"https:\/\/blogg.svenskakyrkan.se\/vandravagen\/wp-json\/wp\/v2\/posts\/7118\/revisions"}],"predecessor-version":[{"id":7120,"href":"https:\/\/blogg.svenskakyrkan.se\/vandravagen\/wp-json\/wp\/v2\/posts\/7118\/revisions\/7120"}],"wp:featuredmedia":[{"embeddable":true,"href":"https:\/\/blogg.svenskakyrkan.se\/vandravagen\/wp-json\/wp\/v2\/media\/7119"}],"wp:attachment":[{"href":"https:\/\/blogg.svenskakyrkan.se\/vandravagen\/wp-json\/wp\/v2\/media?parent=7118"}],"wp:term":[{"taxonomy":"category","embeddable":true,"href":"https:\/\/blogg.svenskakyrkan.se\/vandravagen\/wp-json\/wp\/v2\/categories?post=7118"},{"taxonomy":"post_tag","embeddable":true,"href":"https:\/\/blogg.svenskakyrkan.se\/vandravagen\/wp-json\/wp\/v2\/tags?post=7118"}],"curies":[{"name":"wp","href":"https:\/\/api.w.org\/{rel}","templated":true}]}}