{"id":7121,"date":"2019-05-01T07:00:20","date_gmt":"2019-05-01T05:00:20","guid":{"rendered":"http:\/\/blogg.svenskakyrkan.se\/vandravagen\/?p=7121"},"modified":"2019-04-30T10:33:44","modified_gmt":"2019-04-30T08:33:44","slug":"ett-begripligt-satt-att-forsta-offren-i-bibeln","status":"publish","type":"post","link":"https:\/\/blogg.svenskakyrkan.se\/vandravagen\/2019\/05\/01\/ett-begripligt-satt-att-forsta-offren-i-bibeln\/","title":{"rendered":"Ett begripligt s\u00e4tt att f\u00f6rst\u00e5 offren i bibeln"},"content":{"rendered":"<p>I boken &#8221;sitting at the feet of rabbi Jesus&#8221; (<a href=\"https:\/\/blogg.svenskakyrkan.se\/vandravagen\/2019\/04\/17\/att-sitta-vid-rabbinen-jesus-fotter\/\">att sitta vid rabbinen Jesus f\u00f6tter<\/a>) finns det en rolig liten ber\u00e4ttelse om n\u00e5gon judisk man som s\u00f6kte upp sin rabbin f\u00f6r att be om r\u00e5d. Jag \u00e5terber\u00e4ttar r\u00e4tt ungef\u00e4rligt h\u00e4r s\u00e5 att det jag tycker var viktigt kommer med.<\/p>\n<p>Hans problem var, om jag minns r\u00e4tt, att han var argsint och hade l\u00e4tt f\u00f6r att b\u00f6rja skrika p\u00e5 folk. Rabbinen f\u00f6reslog som l\u00f6sning att han kunde b\u00f6rja betala b\u00f6ter till n\u00e5got gott \u00e4ndam\u00e5l varje g\u00e5ng han h\u00f6jde r\u00f6sten fram\u00f6ver. Kanske typ 100 kronor per g\u00e5ng?<\/p>\n<p>D\u00e5 b\u00f6rjade mannen tycka att det nog kunde vara ganska dyrt det. S\u00e4kert effektivt f\u00f6r han skulle ju vara motiverad att sluta med sin ovana om det sved i pl\u00e5nboken men var det inte on\u00f6digt mycket kostnad?<\/p>\n<p>Svaret p\u00e5 det var att det kanske i sj\u00e4lva verket \u00e4r en liten kostnad mot vad det skulle kunna inneb\u00e4ra i f\u00f6rl\u00e4ngningen att forts\u00e4tta skrika p\u00e5 sin familj och m\u00e4nniskor omkring sig. Det kostar kanske inte pengar men i v\u00e4rsta fall kanske hans familj l\u00e4mnar honom och hans v\u00e4nner slutar orka med honom?<\/p>\n<p>&nbsp;<\/p>\n<p>Jag tycker det var en t\u00e4nkv\u00e4rd twist d\u00e4r p\u00e5 slutet. Och jag tror mig ha uppfattat att det kanske st\u00e4mmer med \u00e5tminstone EN aspekt av bruket att offra i gamla testamentet.<\/p>\n<p>I den judiska toran finns det en m\u00e4ngd f\u00f6reskrivna offer man ska g\u00f6ra vid olika \u00f6vertr\u00e4delser och den bild vi kanske har av dem (s\u00e4rskilt om vi \u00e4r vana att st\u00e4lla judisk g\u00e4rningsr\u00e4ttf\u00e4rdighet mot luthersk f\u00f6rtr\u00f6stan p\u00e5 Guds n\u00e5d, s\u00e5 borde vi i s\u00e5 fall sluta t\u00e4nka!) \u00e4r nog att man liksom k\u00f6per sig fri genom offret s\u00e5 att man kan k\u00f6pa sig ur sin synd med det. Riktigt s\u00e5 \u00e4r det inte, judarna vet mycket v\u00e4l att vi lever beroende av Guds n\u00e5d men \u00e4nd\u00e5 var de offren f\u00f6reskrivna.<\/p>\n<p>Men t\u00e4nk om det \u00e4r som den argsinte mannen? Till att b\u00f6rja med s\u00e5 att vi blir mindre ben\u00e4gna att beg\u00e5 en synd om vi vet att vi i s\u00e5 fall kommer bli tvungna att pallra oss iv\u00e4g till Jerusalem med en killing efter\u00e5t. Men ocks\u00e5 att det kan vara ett s\u00e4tt att n\u00f6ta in i oss att synden faktiskt skadar oss och v\u00e5r n\u00e4sta och f\u00f6rst\u00f6r det goda livet. Guds bud \u00e4r i grunden t\u00e4nkta att vara goda och bevara livet och n\u00e4r vi bryter mot dem kostar det n\u00e5got. Kanske inte kortsiktigt men p\u00e5 l\u00e5ng sikt. Kanske inte f\u00f6r oss sj\u00e4lva men f\u00f6r n\u00e5gon annan. Offret (eller den b\u00f6tade hundralappen) blir ett tecken p\u00e5 att jag medger att jag haft s\u00f6nder n\u00e5got.<\/p>\n<p>&nbsp;<\/p>\n<p>Jag \u00f6nskar att jag visste mer om offersystemet och det h\u00e4r \u00e4r bara en enkel reflektion. Men kanske \u00e4r den till hj\u00e4lp? Skriv en kommentar och skriv vad du sj\u00e4lv t\u00e4nker om detta!<\/p>\n","protected":false},"excerpt":{"rendered":"<p>I boken &#8221;sitting at the feet of rabbi Jesus&#8221; (att sitta vid rabbinen Jesus f\u00f6tter) finns det en rolig liten ber\u00e4ttelse om n\u00e5gon judisk man som s\u00f6kte upp sin rabbin f\u00f6r att be om r\u00e5d. Jag \u00e5terber\u00e4ttar r\u00e4tt ungef\u00e4rligt h\u00e4r s\u00e5 att det jag tycker var viktigt kommer med. Hans problem var, om jag minns [&hellip;]<\/p>\n","protected":false},"author":392,"featured_media":7144,"comment_status":"open","ping_status":"open","sticky":false,"template":"","format":"standard","meta":{"_acf_changed":false,"footnotes":""},"categories":[33559,14252,8345,117],"tags":[],"class_list":["post-7121","post","type-post","status-publish","format-standard","has-post-thumbnail","hentry","category-berattelser","category-bibel","category-relationer","category-teologi"],"acf":[],"yoast_head":"<!-- This site is optimized with the Yoast SEO plugin v27.1.1 - https:\/\/yoast.com\/product\/yoast-seo-wordpress\/ -->\n<title>Ett begripligt s\u00e4tt att f\u00f6rst\u00e5 offren i bibeln - Vandra V\u00e4gen<\/title>\n<meta name=\"robots\" content=\"index, follow, max-snippet:-1, max-image-preview:large, max-video-preview:-1\" \/>\n<link rel=\"canonical\" href=\"https:\/\/blogg.svenskakyrkan.se\/vandravagen\/2019\/05\/01\/ett-begripligt-satt-att-forsta-offren-i-bibeln\/\" \/>\n<meta property=\"og:locale\" content=\"sv_SE\" \/>\n<meta property=\"og:type\" content=\"article\" \/>\n<meta property=\"og:title\" content=\"Ett begripligt s\u00e4tt att f\u00f6rst\u00e5 offren i bibeln - Vandra V\u00e4gen\" \/>\n<meta property=\"og:description\" content=\"I boken &#8221;sitting at the feet of rabbi Jesus&#8221; (att sitta vid rabbinen Jesus f\u00f6tter) finns det en rolig liten ber\u00e4ttelse om n\u00e5gon judisk man som s\u00f6kte upp sin rabbin f\u00f6r att be om r\u00e5d. Jag \u00e5terber\u00e4ttar r\u00e4tt ungef\u00e4rligt h\u00e4r s\u00e5 att det jag tycker var viktigt kommer med. Hans problem var, om jag minns [&hellip;]\" \/>\n<meta property=\"og:url\" content=\"https:\/\/blogg.svenskakyrkan.se\/vandravagen\/2019\/05\/01\/ett-begripligt-satt-att-forsta-offren-i-bibeln\/\" \/>\n<meta property=\"og:site_name\" content=\"Vandra V\u00e4gen\" \/>\n<meta property=\"article:publisher\" content=\"http:\/\/facebook.com\/vandravagen\" \/>\n<meta property=\"article:published_time\" content=\"2019-05-01T05:00:20+00:00\" \/>\n<meta name=\"author\" content=\"Tomas Jarvid\" \/>\n<meta name=\"twitter:card\" content=\"summary_large_image\" \/>\n<meta name=\"twitter:creator\" content=\"@fadertomas\" \/>\n<meta name=\"twitter:site\" content=\"@fadertomas\" \/>\n<meta name=\"twitter:label1\" content=\"Skriven av\" \/>\n\t<meta name=\"twitter:data1\" content=\"Tomas Jarvid\" \/>\n\t<meta name=\"twitter:label2\" content=\"Ber\u00e4knad l\u00e4stid\" \/>\n\t<meta name=\"twitter:data2\" content=\"3 minuter\" \/>\n<script type=\"application\/ld+json\" class=\"yoast-schema-graph\">{\"@context\":\"https:\/\/schema.org\",\"@graph\":[{\"@type\":\"Article\",\"@id\":\"https:\/\/blogg.svenskakyrkan.se\/vandravagen\/2019\/05\/01\/ett-begripligt-satt-att-forsta-offren-i-bibeln\/#article\",\"isPartOf\":{\"@id\":\"https:\/\/blogg.svenskakyrkan.se\/vandravagen\/2019\/05\/01\/ett-begripligt-satt-att-forsta-offren-i-bibeln\/\"},\"author\":{\"name\":\"Tomas Jarvid\",\"@id\":\"https:\/\/blogg.svenskakyrkan.se\/vandravagen\/#\/schema\/person\/25da02d4f76b137d04291711e2c9fc16\"},\"headline\":\"Ett begripligt s\u00e4tt att f\u00f6rst\u00e5 offren i bibeln\",\"datePublished\":\"2019-05-01T05:00:20+00:00\",\"mainEntityOfPage\":{\"@id\":\"https:\/\/blogg.svenskakyrkan.se\/vandravagen\/2019\/05\/01\/ett-begripligt-satt-att-forsta-offren-i-bibeln\/\"},\"wordCount\":561,\"commentCount\":4,\"publisher\":{\"@id\":\"https:\/\/blogg.svenskakyrkan.se\/vandravagen\/#organization\"},\"image\":{\"@id\":\"https:\/\/blogg.svenskakyrkan.se\/vandravagen\/2019\/05\/01\/ett-begripligt-satt-att-forsta-offren-i-bibeln\/#primaryimage\"},\"thumbnailUrl\":\"https:\/\/blogg.svenskakyrkan.se\/vandravagen\/files\/2019\/04\/IMG_71481436.jpg\",\"articleSection\":[\"ber\u00e4ttelser\",\"bibel\",\"relationer\",\"Teologi\"],\"inLanguage\":\"sv-SE\",\"potentialAction\":[{\"@type\":\"CommentAction\",\"name\":\"Comment\",\"target\":[\"https:\/\/blogg.svenskakyrkan.se\/vandravagen\/2019\/05\/01\/ett-begripligt-satt-att-forsta-offren-i-bibeln\/#respond\"]}]},{\"@type\":\"WebPage\",\"@id\":\"https:\/\/blogg.svenskakyrkan.se\/vandravagen\/2019\/05\/01\/ett-begripligt-satt-att-forsta-offren-i-bibeln\/\",\"url\":\"https:\/\/blogg.svenskakyrkan.se\/vandravagen\/2019\/05\/01\/ett-begripligt-satt-att-forsta-offren-i-bibeln\/\",\"name\":\"Ett begripligt s\u00e4tt att f\u00f6rst\u00e5 offren i bibeln - Vandra V\u00e4gen\",\"isPartOf\":{\"@id\":\"https:\/\/blogg.svenskakyrkan.se\/vandravagen\/#website\"},\"primaryImageOfPage\":{\"@id\":\"https:\/\/blogg.svenskakyrkan.se\/vandravagen\/2019\/05\/01\/ett-begripligt-satt-att-forsta-offren-i-bibeln\/#primaryimage\"},\"image\":{\"@id\":\"https:\/\/blogg.svenskakyrkan.se\/vandravagen\/2019\/05\/01\/ett-begripligt-satt-att-forsta-offren-i-bibeln\/#primaryimage\"},\"thumbnailUrl\":\"https:\/\/blogg.svenskakyrkan.se\/vandravagen\/files\/2019\/04\/IMG_71481436.jpg\",\"datePublished\":\"2019-05-01T05:00:20+00:00\",\"breadcrumb\":{\"@id\":\"https:\/\/blogg.svenskakyrkan.se\/vandravagen\/2019\/05\/01\/ett-begripligt-satt-att-forsta-offren-i-bibeln\/#breadcrumb\"},\"inLanguage\":\"sv-SE\",\"potentialAction\":[{\"@type\":\"ReadAction\",\"target\":[\"https:\/\/blogg.svenskakyrkan.se\/vandravagen\/2019\/05\/01\/ett-begripligt-satt-att-forsta-offren-i-bibeln\/\"]}]},{\"@type\":\"ImageObject\",\"inLanguage\":\"sv-SE\",\"@id\":\"https:\/\/blogg.svenskakyrkan.se\/vandravagen\/2019\/05\/01\/ett-begripligt-satt-att-forsta-offren-i-bibeln\/#primaryimage\",\"url\":\"https:\/\/blogg.svenskakyrkan.se\/vandravagen\/files\/2019\/04\/IMG_71481436.jpg\",\"contentUrl\":\"https:\/\/blogg.svenskakyrkan.se\/vandravagen\/files\/2019\/04\/IMG_71481436.jpg\",\"width\":4032,\"height\":3024,\"caption\":\"100 sp\u00e4nn \u00e4r mycket f\u00f6r lite ilska? Eller kanske billigt?\"},{\"@type\":\"BreadcrumbList\",\"@id\":\"https:\/\/blogg.svenskakyrkan.se\/vandravagen\/2019\/05\/01\/ett-begripligt-satt-att-forsta-offren-i-bibeln\/#breadcrumb\",\"itemListElement\":[{\"@type\":\"ListItem\",\"position\":1,\"name\":\"Hem\",\"item\":\"https:\/\/blogg.svenskakyrkan.se\/vandravagen\/\"},{\"@type\":\"ListItem\",\"position\":2,\"name\":\"Ett begripligt s\u00e4tt att f\u00f6rst\u00e5 offren i bibeln\"}]},{\"@type\":\"WebSite\",\"@id\":\"https:\/\/blogg.svenskakyrkan.se\/vandravagen\/#website\",\"url\":\"https:\/\/blogg.svenskakyrkan.se\/vandravagen\/\",\"name\":\"Vandra V\u00e4gen\",\"description\":\"-Mot en tro f\u00f6r hela livet\",\"publisher\":{\"@id\":\"https:\/\/blogg.svenskakyrkan.se\/vandravagen\/#organization\"},\"potentialAction\":[{\"@type\":\"SearchAction\",\"target\":{\"@type\":\"EntryPoint\",\"urlTemplate\":\"https:\/\/blogg.svenskakyrkan.se\/vandravagen\/?s={search_term_string}\"},\"query-input\":{\"@type\":\"PropertyValueSpecification\",\"valueRequired\":true,\"valueName\":\"search_term_string\"}}],\"inLanguage\":\"sv-SE\"},{\"@type\":\"Organization\",\"@id\":\"https:\/\/blogg.svenskakyrkan.se\/vandravagen\/#organization\",\"name\":\"ulricehamns pastorat\",\"alternateName\":\"ulricehamns pastorat\",\"url\":\"https:\/\/blogg.svenskakyrkan.se\/vandravagen\/\",\"logo\":{\"@type\":\"ImageObject\",\"inLanguage\":\"sv-SE\",\"@id\":\"https:\/\/blogg.svenskakyrkan.se\/vandravagen\/#\/schema\/logo\/image\/\",\"url\":\"https:\/\/blogg.svenskakyrkan.se\/vandravagen\/files\/2023\/05\/Ulr_logo_RGB.png\",\"contentUrl\":\"https:\/\/blogg.svenskakyrkan.se\/vandravagen\/files\/2023\/05\/Ulr_logo_RGB.png\",\"width\":205,\"height\":77,\"caption\":\"ulricehamns pastorat\"},\"image\":{\"@id\":\"https:\/\/blogg.svenskakyrkan.se\/vandravagen\/#\/schema\/logo\/image\/\"},\"sameAs\":[\"http:\/\/facebook.com\/vandravagen\",\"https:\/\/x.com\/fadertomas\",\"http:\/\/www.facebook.com\/svenskakyrkaniulricehamn\"]},{\"@type\":\"Person\",\"@id\":\"https:\/\/blogg.svenskakyrkan.se\/vandravagen\/#\/schema\/person\/25da02d4f76b137d04291711e2c9fc16\",\"name\":\"Tomas Jarvid\",\"image\":{\"@type\":\"ImageObject\",\"inLanguage\":\"sv-SE\",\"@id\":\"https:\/\/blogg.svenskakyrkan.se\/vandravagen\/#\/schema\/person\/image\/\",\"url\":\"https:\/\/secure.gravatar.com\/avatar\/7fa71899795e8f540f615a1f5ab25255dc27aa40f05ee7ddd21aac521e01bf50?s=96&d=identicon&r=g\",\"contentUrl\":\"https:\/\/secure.gravatar.com\/avatar\/7fa71899795e8f540f615a1f5ab25255dc27aa40f05ee7ddd21aac521e01bf50?s=96&d=identicon&r=g\",\"caption\":\"Tomas Jarvid\"},\"description\":\"Jag bor i Ulricehamn i V\u00e4sterg\u00f6tland och \u00e4r f\u00f6rsamlingspr\u00e4st i Svenska Kyrkan f\u00f6r Dalstorps f\u00f6rsamling i Kinds pastorat. P\u00e5 den h\u00e4r bloggen skriver jag ner tankar om vandringen som kristen.\",\"sameAs\":[\"http:\/\/www.vandravagen.se\"],\"url\":\"https:\/\/blogg.svenskakyrkan.se\/vandravagen\/author\/vandravagen\/\"}]}<\/script>\n<!-- \/ Yoast SEO plugin. -->","yoast_head_json":{"title":"Ett begripligt s\u00e4tt att f\u00f6rst\u00e5 offren i bibeln - Vandra V\u00e4gen","robots":{"index":"index","follow":"follow","max-snippet":"max-snippet:-1","max-image-preview":"max-image-preview:large","max-video-preview":"max-video-preview:-1"},"canonical":"https:\/\/blogg.svenskakyrkan.se\/vandravagen\/2019\/05\/01\/ett-begripligt-satt-att-forsta-offren-i-bibeln\/","og_locale":"sv_SE","og_type":"article","og_title":"Ett begripligt s\u00e4tt att f\u00f6rst\u00e5 offren i bibeln - Vandra V\u00e4gen","og_description":"I boken &#8221;sitting at the feet of rabbi Jesus&#8221; (att sitta vid rabbinen Jesus f\u00f6tter) finns det en rolig liten ber\u00e4ttelse om n\u00e5gon judisk man som s\u00f6kte upp sin rabbin f\u00f6r att be om r\u00e5d. Jag \u00e5terber\u00e4ttar r\u00e4tt ungef\u00e4rligt h\u00e4r s\u00e5 att det jag tycker var viktigt kommer med. Hans problem var, om jag minns [&hellip;]","og_url":"https:\/\/blogg.svenskakyrkan.se\/vandravagen\/2019\/05\/01\/ett-begripligt-satt-att-forsta-offren-i-bibeln\/","og_site_name":"Vandra V\u00e4gen","article_publisher":"http:\/\/facebook.com\/vandravagen","article_published_time":"2019-05-01T05:00:20+00:00","author":"Tomas Jarvid","twitter_card":"summary_large_image","twitter_creator":"@fadertomas","twitter_site":"@fadertomas","twitter_misc":{"Skriven av":"Tomas Jarvid","Ber\u00e4knad l\u00e4stid":"3 minuter"},"schema":{"@context":"https:\/\/schema.org","@graph":[{"@type":"Article","@id":"https:\/\/blogg.svenskakyrkan.se\/vandravagen\/2019\/05\/01\/ett-begripligt-satt-att-forsta-offren-i-bibeln\/#article","isPartOf":{"@id":"https:\/\/blogg.svenskakyrkan.se\/vandravagen\/2019\/05\/01\/ett-begripligt-satt-att-forsta-offren-i-bibeln\/"},"author":{"name":"Tomas Jarvid","@id":"https:\/\/blogg.svenskakyrkan.se\/vandravagen\/#\/schema\/person\/25da02d4f76b137d04291711e2c9fc16"},"headline":"Ett begripligt s\u00e4tt att f\u00f6rst\u00e5 offren i bibeln","datePublished":"2019-05-01T05:00:20+00:00","mainEntityOfPage":{"@id":"https:\/\/blogg.svenskakyrkan.se\/vandravagen\/2019\/05\/01\/ett-begripligt-satt-att-forsta-offren-i-bibeln\/"},"wordCount":561,"commentCount":4,"publisher":{"@id":"https:\/\/blogg.svenskakyrkan.se\/vandravagen\/#organization"},"image":{"@id":"https:\/\/blogg.svenskakyrkan.se\/vandravagen\/2019\/05\/01\/ett-begripligt-satt-att-forsta-offren-i-bibeln\/#primaryimage"},"thumbnailUrl":"https:\/\/blogg.svenskakyrkan.se\/vandravagen\/files\/2019\/04\/IMG_71481436.jpg","articleSection":["ber\u00e4ttelser","bibel","relationer","Teologi"],"inLanguage":"sv-SE","potentialAction":[{"@type":"CommentAction","name":"Comment","target":["https:\/\/blogg.svenskakyrkan.se\/vandravagen\/2019\/05\/01\/ett-begripligt-satt-att-forsta-offren-i-bibeln\/#respond"]}]},{"@type":"WebPage","@id":"https:\/\/blogg.svenskakyrkan.se\/vandravagen\/2019\/05\/01\/ett-begripligt-satt-att-forsta-offren-i-bibeln\/","url":"https:\/\/blogg.svenskakyrkan.se\/vandravagen\/2019\/05\/01\/ett-begripligt-satt-att-forsta-offren-i-bibeln\/","name":"Ett begripligt s\u00e4tt att f\u00f6rst\u00e5 offren i bibeln - Vandra V\u00e4gen","isPartOf":{"@id":"https:\/\/blogg.svenskakyrkan.se\/vandravagen\/#website"},"primaryImageOfPage":{"@id":"https:\/\/blogg.svenskakyrkan.se\/vandravagen\/2019\/05\/01\/ett-begripligt-satt-att-forsta-offren-i-bibeln\/#primaryimage"},"image":{"@id":"https:\/\/blogg.svenskakyrkan.se\/vandravagen\/2019\/05\/01\/ett-begripligt-satt-att-forsta-offren-i-bibeln\/#primaryimage"},"thumbnailUrl":"https:\/\/blogg.svenskakyrkan.se\/vandravagen\/files\/2019\/04\/IMG_71481436.jpg","datePublished":"2019-05-01T05:00:20+00:00","breadcrumb":{"@id":"https:\/\/blogg.svenskakyrkan.se\/vandravagen\/2019\/05\/01\/ett-begripligt-satt-att-forsta-offren-i-bibeln\/#breadcrumb"},"inLanguage":"sv-SE","potentialAction":[{"@type":"ReadAction","target":["https:\/\/blogg.svenskakyrkan.se\/vandravagen\/2019\/05\/01\/ett-begripligt-satt-att-forsta-offren-i-bibeln\/"]}]},{"@type":"ImageObject","inLanguage":"sv-SE","@id":"https:\/\/blogg.svenskakyrkan.se\/vandravagen\/2019\/05\/01\/ett-begripligt-satt-att-forsta-offren-i-bibeln\/#primaryimage","url":"https:\/\/blogg.svenskakyrkan.se\/vandravagen\/files\/2019\/04\/IMG_71481436.jpg","contentUrl":"https:\/\/blogg.svenskakyrkan.se\/vandravagen\/files\/2019\/04\/IMG_71481436.jpg","width":4032,"height":3024,"caption":"100 sp\u00e4nn \u00e4r mycket f\u00f6r lite ilska? Eller kanske billigt?"},{"@type":"BreadcrumbList","@id":"https:\/\/blogg.svenskakyrkan.se\/vandravagen\/2019\/05\/01\/ett-begripligt-satt-att-forsta-offren-i-bibeln\/#breadcrumb","itemListElement":[{"@type":"ListItem","position":1,"name":"Hem","item":"https:\/\/blogg.svenskakyrkan.se\/vandravagen\/"},{"@type":"ListItem","position":2,"name":"Ett begripligt s\u00e4tt att f\u00f6rst\u00e5 offren i bibeln"}]},{"@type":"WebSite","@id":"https:\/\/blogg.svenskakyrkan.se\/vandravagen\/#website","url":"https:\/\/blogg.svenskakyrkan.se\/vandravagen\/","name":"Vandra V\u00e4gen","description":"-Mot en tro f\u00f6r hela livet","publisher":{"@id":"https:\/\/blogg.svenskakyrkan.se\/vandravagen\/#organization"},"potentialAction":[{"@type":"SearchAction","target":{"@type":"EntryPoint","urlTemplate":"https:\/\/blogg.svenskakyrkan.se\/vandravagen\/?s={search_term_string}"},"query-input":{"@type":"PropertyValueSpecification","valueRequired":true,"valueName":"search_term_string"}}],"inLanguage":"sv-SE"},{"@type":"Organization","@id":"https:\/\/blogg.svenskakyrkan.se\/vandravagen\/#organization","name":"ulricehamns pastorat","alternateName":"ulricehamns pastorat","url":"https:\/\/blogg.svenskakyrkan.se\/vandravagen\/","logo":{"@type":"ImageObject","inLanguage":"sv-SE","@id":"https:\/\/blogg.svenskakyrkan.se\/vandravagen\/#\/schema\/logo\/image\/","url":"https:\/\/blogg.svenskakyrkan.se\/vandravagen\/files\/2023\/05\/Ulr_logo_RGB.png","contentUrl":"https:\/\/blogg.svenskakyrkan.se\/vandravagen\/files\/2023\/05\/Ulr_logo_RGB.png","width":205,"height":77,"caption":"ulricehamns pastorat"},"image":{"@id":"https:\/\/blogg.svenskakyrkan.se\/vandravagen\/#\/schema\/logo\/image\/"},"sameAs":["http:\/\/facebook.com\/vandravagen","https:\/\/x.com\/fadertomas","http:\/\/www.facebook.com\/svenskakyrkaniulricehamn"]},{"@type":"Person","@id":"https:\/\/blogg.svenskakyrkan.se\/vandravagen\/#\/schema\/person\/25da02d4f76b137d04291711e2c9fc16","name":"Tomas Jarvid","image":{"@type":"ImageObject","inLanguage":"sv-SE","@id":"https:\/\/blogg.svenskakyrkan.se\/vandravagen\/#\/schema\/person\/image\/","url":"https:\/\/secure.gravatar.com\/avatar\/7fa71899795e8f540f615a1f5ab25255dc27aa40f05ee7ddd21aac521e01bf50?s=96&d=identicon&r=g","contentUrl":"https:\/\/secure.gravatar.com\/avatar\/7fa71899795e8f540f615a1f5ab25255dc27aa40f05ee7ddd21aac521e01bf50?s=96&d=identicon&r=g","caption":"Tomas Jarvid"},"description":"Jag bor i Ulricehamn i V\u00e4sterg\u00f6tland och \u00e4r f\u00f6rsamlingspr\u00e4st i Svenska Kyrkan f\u00f6r Dalstorps f\u00f6rsamling i Kinds pastorat. P\u00e5 den h\u00e4r bloggen skriver jag ner tankar om vandringen som kristen.","sameAs":["http:\/\/www.vandravagen.se"],"url":"https:\/\/blogg.svenskakyrkan.se\/vandravagen\/author\/vandravagen\/"}]}},"author_meta":{"ID":"392","user_nicename":"vandravagen","user_url":"http:\/\/www.vandravagen.se","user_registered":"2014-05-19 05:44:52","display_name":"Tomas Jarvid","first_name":"Tomas","last_name":"Jarvid","avatar":"https:\/\/secure.gravatar.com\/avatar\/7fa71899795e8f540f615a1f5ab25255dc27aa40f05ee7ddd21aac521e01bf50?s=96&d=identicon&r=g"},"featured_image":["https:\/\/blogg.svenskakyrkan.se\/vandravagen\/files\/2019\/04\/IMG_71481436-1024x768.jpg",1024,768,true],"bloginfo":{"name":"Vandra V\u00e4gen","url":"https:\/\/blogg.svenskakyrkan.se\/vandravagen"},"_links":{"self":[{"href":"https:\/\/blogg.svenskakyrkan.se\/vandravagen\/wp-json\/wp\/v2\/posts\/7121","targetHints":{"allow":["GET"]}}],"collection":[{"href":"https:\/\/blogg.svenskakyrkan.se\/vandravagen\/wp-json\/wp\/v2\/posts"}],"about":[{"href":"https:\/\/blogg.svenskakyrkan.se\/vandravagen\/wp-json\/wp\/v2\/types\/post"}],"author":[{"embeddable":true,"href":"https:\/\/blogg.svenskakyrkan.se\/vandravagen\/wp-json\/wp\/v2\/users\/392"}],"replies":[{"embeddable":true,"href":"https:\/\/blogg.svenskakyrkan.se\/vandravagen\/wp-json\/wp\/v2\/comments?post=7121"}],"version-history":[{"count":2,"href":"https:\/\/blogg.svenskakyrkan.se\/vandravagen\/wp-json\/wp\/v2\/posts\/7121\/revisions"}],"predecessor-version":[{"id":7145,"href":"https:\/\/blogg.svenskakyrkan.se\/vandravagen\/wp-json\/wp\/v2\/posts\/7121\/revisions\/7145"}],"wp:featuredmedia":[{"embeddable":true,"href":"https:\/\/blogg.svenskakyrkan.se\/vandravagen\/wp-json\/wp\/v2\/media\/7144"}],"wp:attachment":[{"href":"https:\/\/blogg.svenskakyrkan.se\/vandravagen\/wp-json\/wp\/v2\/media?parent=7121"}],"wp:term":[{"taxonomy":"category","embeddable":true,"href":"https:\/\/blogg.svenskakyrkan.se\/vandravagen\/wp-json\/wp\/v2\/categories?post=7121"},{"taxonomy":"post_tag","embeddable":true,"href":"https:\/\/blogg.svenskakyrkan.se\/vandravagen\/wp-json\/wp\/v2\/tags?post=7121"}],"curies":[{"name":"wp","href":"https:\/\/api.w.org\/{rel}","templated":true}]}}