{"id":714,"date":"2013-02-14T10:25:00","date_gmt":"2013-02-14T09:25:00","guid":{"rendered":"http:\/\/blogg.svenskakyrkan.se\/vandravagen\/2013\/02\/14\/gastpost-av-nathalie-gotenes-nyaste-prast\/"},"modified":"2013-02-14T10:25:00","modified_gmt":"2013-02-14T09:25:00","slug":"gastpost-av-nathalie-gotenes-nyaste-prast","status":"publish","type":"post","link":"https:\/\/blogg.svenskakyrkan.se\/vandravagen\/2013\/02\/14\/gastpost-av-nathalie-gotenes-nyaste-prast\/","title":{"rendered":"G\u00e4stpost av Nathalie, G\u00f6tenes nyaste pr\u00e4st"},"content":{"rendered":"<div><a href=\"http:\/\/3.bp.blogspot.com\/-EoLedEco39w\/URuBBcShIGI\/AAAAAAAACU4\/NlujWIeM5gU\/s1600\/nat.jpg\"><img loading=\"lazy\" decoding=\"async\" border=\"0\" height=\"297\" src=\"http:\/\/3.bp.blogspot.com\/-EoLedEco39w\/URuBBcShIGI\/AAAAAAAACU4\/NlujWIeM5gU\/s400\/nat.jpg\" width=\"400\"><\/a><\/div>\n<p><span><br \/><\/span><span><br \/>Idag har Vandra V\u00e4gen gl\u00e4djen att f\u00e5 en g\u00e4stbloggpost av Nathalie Aronsson, en av stiftets nyaste pr\u00e4ster. Dessutom g\u00f6r Nathalie sitt f\u00f6rsta \u00e5r som pr\u00e4st i G\u00f6tene vilket \u00e4r extra roligt. <\/p>\n<p>Nathalie har valt att bidra med ett personligt svar p\u00e5 fr\u00e5gan &#8221;varf\u00f6r \u00e4r jag kristen?&#8221;<\/p>\n<p><\/span><span><br \/><\/span><\/p>\n<blockquote>\n<p><span>&#8221;Jag \u00e4r kristen f\u00f6r att jag mer och mer har uppt\u00e4ckt hur mycket jag beh\u00f6ver Gud i mitt liv. Han \u00e4r den som b\u00e4r. Han \u00e4r den som aldrig sviker eller \u00f6verger mig oavsett hur stormigt det \u00e4r runt om kring. Det \u00e4r s\u00e5 gott att veta att jag f\u00e5r ha gud vid min sida. Det \u00e4r tillsammans med honom som jag vet att jag har kraft och f\u00f6rm\u00e5ga att ta mig ann saker i livet som jag kanske inte annars hade v\u00e5gat. Som att bli pr\u00e4st tillexempel!&#8221;<\/span><\/p>\n<\/blockquote>\n","protected":false},"excerpt":{"rendered":"<p>Idag har Vandra V\u00e4gen gl\u00e4djen att f\u00e5 en g\u00e4stbloggpost av Nathalie Aronsson, en av stiftets nyaste pr\u00e4ster. Dessutom g\u00f6r Nathalie sitt f\u00f6rsta \u00e5r som pr\u00e4st i G\u00f6tene vilket \u00e4r extra roligt. Nathalie har valt att bidra med ett personligt svar p\u00e5 fr\u00e5gan &#8221;varf\u00f6r \u00e4r jag kristen?&#8221; &#8221;Jag \u00e4r kristen f\u00f6r att jag mer och mer [&hellip;]<\/p>\n","protected":false},"author":392,"featured_media":0,"comment_status":"open","ping_status":"open","sticky":false,"template":"","format":"standard","meta":{"_acf_changed":false,"footnotes":""},"categories":[75887,17359,78493],"tags":[],"class_list":["post-714","post","type-post","status-publish","format-standard","hentry","category-andlighet","category-gastbloggare","category-vittnesbord"],"acf":[],"yoast_head":"<!-- This site is optimized with the Yoast SEO plugin v27.1.1 - https:\/\/yoast.com\/product\/yoast-seo-wordpress\/ -->\n<title>G\u00e4stpost av Nathalie, G\u00f6tenes nyaste pr\u00e4st - Vandra V\u00e4gen<\/title>\n<meta name=\"robots\" content=\"index, follow, max-snippet:-1, max-image-preview:large, max-video-preview:-1\" \/>\n<link rel=\"canonical\" href=\"https:\/\/blogg.svenskakyrkan.se\/vandravagen\/2013\/02\/14\/gastpost-av-nathalie-gotenes-nyaste-prast\/\" \/>\n<meta property=\"og:locale\" content=\"sv_SE\" \/>\n<meta property=\"og:type\" content=\"article\" \/>\n<meta property=\"og:title\" content=\"G\u00e4stpost av Nathalie, G\u00f6tenes nyaste pr\u00e4st - Vandra V\u00e4gen\" \/>\n<meta property=\"og:description\" content=\"Idag har Vandra V\u00e4gen gl\u00e4djen att f\u00e5 en g\u00e4stbloggpost av Nathalie Aronsson, en av stiftets nyaste pr\u00e4ster. Dessutom g\u00f6r Nathalie sitt f\u00f6rsta \u00e5r som pr\u00e4st i G\u00f6tene vilket \u00e4r extra roligt. Nathalie har valt att bidra med ett personligt svar p\u00e5 fr\u00e5gan &#8221;varf\u00f6r \u00e4r jag kristen?&#8221; &#8221;Jag \u00e4r kristen f\u00f6r att jag mer och mer [&hellip;]\" \/>\n<meta property=\"og:url\" content=\"https:\/\/blogg.svenskakyrkan.se\/vandravagen\/2013\/02\/14\/gastpost-av-nathalie-gotenes-nyaste-prast\/\" \/>\n<meta property=\"og:site_name\" content=\"Vandra V\u00e4gen\" \/>\n<meta property=\"article:publisher\" content=\"http:\/\/facebook.com\/vandravagen\" \/>\n<meta property=\"article:published_time\" content=\"2013-02-14T09:25:00+00:00\" \/>\n<meta property=\"og:image\" content=\"http:\/\/3.bp.blogspot.com\/-EoLedEco39w\/URuBBcShIGI\/AAAAAAAACU4\/NlujWIeM5gU\/s400\/nat.jpg\" \/>\n<meta name=\"author\" content=\"Tomas Jarvid\" \/>\n<meta name=\"twitter:card\" content=\"summary_large_image\" \/>\n<meta name=\"twitter:creator\" content=\"@fadertomas\" \/>\n<meta name=\"twitter:site\" content=\"@fadertomas\" \/>\n<meta name=\"twitter:label1\" content=\"Skriven av\" \/>\n\t<meta name=\"twitter:data1\" content=\"Tomas Jarvid\" \/>\n\t<meta name=\"twitter:label2\" content=\"Ber\u00e4knad l\u00e4stid\" \/>\n\t<meta name=\"twitter:data2\" content=\"1 minut\" \/>\n<script type=\"application\/ld+json\" class=\"yoast-schema-graph\">{\"@context\":\"https:\/\/schema.org\",\"@graph\":[{\"@type\":\"Article\",\"@id\":\"https:\/\/blogg.svenskakyrkan.se\/vandravagen\/2013\/02\/14\/gastpost-av-nathalie-gotenes-nyaste-prast\/#article\",\"isPartOf\":{\"@id\":\"https:\/\/blogg.svenskakyrkan.se\/vandravagen\/2013\/02\/14\/gastpost-av-nathalie-gotenes-nyaste-prast\/\"},\"author\":{\"name\":\"Tomas Jarvid\",\"@id\":\"https:\/\/blogg.svenskakyrkan.se\/vandravagen\/#\/schema\/person\/25da02d4f76b137d04291711e2c9fc16\"},\"headline\":\"G\u00e4stpost av Nathalie, G\u00f6tenes nyaste pr\u00e4st\",\"datePublished\":\"2013-02-14T09:25:00+00:00\",\"mainEntityOfPage\":{\"@id\":\"https:\/\/blogg.svenskakyrkan.se\/vandravagen\/2013\/02\/14\/gastpost-av-nathalie-gotenes-nyaste-prast\/\"},\"wordCount\":162,\"commentCount\":0,\"publisher\":{\"@id\":\"https:\/\/blogg.svenskakyrkan.se\/vandravagen\/#organization\"},\"image\":{\"@id\":\"https:\/\/blogg.svenskakyrkan.se\/vandravagen\/2013\/02\/14\/gastpost-av-nathalie-gotenes-nyaste-prast\/#primaryimage\"},\"thumbnailUrl\":\"http:\/\/3.bp.blogspot.com\/-EoLedEco39w\/URuBBcShIGI\/AAAAAAAACU4\/NlujWIeM5gU\/s400\/nat.jpg\",\"articleSection\":[\"andlighet\",\"g\u00e4stbloggare\",\"vittnesb\u00f6rd\"],\"inLanguage\":\"sv-SE\",\"potentialAction\":[{\"@type\":\"CommentAction\",\"name\":\"Comment\",\"target\":[\"https:\/\/blogg.svenskakyrkan.se\/vandravagen\/2013\/02\/14\/gastpost-av-nathalie-gotenes-nyaste-prast\/#respond\"]}]},{\"@type\":\"WebPage\",\"@id\":\"https:\/\/blogg.svenskakyrkan.se\/vandravagen\/2013\/02\/14\/gastpost-av-nathalie-gotenes-nyaste-prast\/\",\"url\":\"https:\/\/blogg.svenskakyrkan.se\/vandravagen\/2013\/02\/14\/gastpost-av-nathalie-gotenes-nyaste-prast\/\",\"name\":\"G\u00e4stpost av Nathalie, G\u00f6tenes nyaste pr\u00e4st - Vandra V\u00e4gen\",\"isPartOf\":{\"@id\":\"https:\/\/blogg.svenskakyrkan.se\/vandravagen\/#website\"},\"primaryImageOfPage\":{\"@id\":\"https:\/\/blogg.svenskakyrkan.se\/vandravagen\/2013\/02\/14\/gastpost-av-nathalie-gotenes-nyaste-prast\/#primaryimage\"},\"image\":{\"@id\":\"https:\/\/blogg.svenskakyrkan.se\/vandravagen\/2013\/02\/14\/gastpost-av-nathalie-gotenes-nyaste-prast\/#primaryimage\"},\"thumbnailUrl\":\"http:\/\/3.bp.blogspot.com\/-EoLedEco39w\/URuBBcShIGI\/AAAAAAAACU4\/NlujWIeM5gU\/s400\/nat.jpg\",\"datePublished\":\"2013-02-14T09:25:00+00:00\",\"breadcrumb\":{\"@id\":\"https:\/\/blogg.svenskakyrkan.se\/vandravagen\/2013\/02\/14\/gastpost-av-nathalie-gotenes-nyaste-prast\/#breadcrumb\"},\"inLanguage\":\"sv-SE\",\"potentialAction\":[{\"@type\":\"ReadAction\",\"target\":[\"https:\/\/blogg.svenskakyrkan.se\/vandravagen\/2013\/02\/14\/gastpost-av-nathalie-gotenes-nyaste-prast\/\"]}]},{\"@type\":\"ImageObject\",\"inLanguage\":\"sv-SE\",\"@id\":\"https:\/\/blogg.svenskakyrkan.se\/vandravagen\/2013\/02\/14\/gastpost-av-nathalie-gotenes-nyaste-prast\/#primaryimage\",\"url\":\"http:\/\/3.bp.blogspot.com\/-EoLedEco39w\/URuBBcShIGI\/AAAAAAAACU4\/NlujWIeM5gU\/s400\/nat.jpg\",\"contentUrl\":\"http:\/\/3.bp.blogspot.com\/-EoLedEco39w\/URuBBcShIGI\/AAAAAAAACU4\/NlujWIeM5gU\/s400\/nat.jpg\"},{\"@type\":\"BreadcrumbList\",\"@id\":\"https:\/\/blogg.svenskakyrkan.se\/vandravagen\/2013\/02\/14\/gastpost-av-nathalie-gotenes-nyaste-prast\/#breadcrumb\",\"itemListElement\":[{\"@type\":\"ListItem\",\"position\":1,\"name\":\"Hem\",\"item\":\"https:\/\/blogg.svenskakyrkan.se\/vandravagen\/\"},{\"@type\":\"ListItem\",\"position\":2,\"name\":\"G\u00e4stpost av Nathalie, G\u00f6tenes nyaste pr\u00e4st\"}]},{\"@type\":\"WebSite\",\"@id\":\"https:\/\/blogg.svenskakyrkan.se\/vandravagen\/#website\",\"url\":\"https:\/\/blogg.svenskakyrkan.se\/vandravagen\/\",\"name\":\"Vandra V\u00e4gen\",\"description\":\"-Mot en tro f\u00f6r hela livet\",\"publisher\":{\"@id\":\"https:\/\/blogg.svenskakyrkan.se\/vandravagen\/#organization\"},\"potentialAction\":[{\"@type\":\"SearchAction\",\"target\":{\"@type\":\"EntryPoint\",\"urlTemplate\":\"https:\/\/blogg.svenskakyrkan.se\/vandravagen\/?s={search_term_string}\"},\"query-input\":{\"@type\":\"PropertyValueSpecification\",\"valueRequired\":true,\"valueName\":\"search_term_string\"}}],\"inLanguage\":\"sv-SE\"},{\"@type\":\"Organization\",\"@id\":\"https:\/\/blogg.svenskakyrkan.se\/vandravagen\/#organization\",\"name\":\"ulricehamns pastorat\",\"alternateName\":\"ulricehamns pastorat\",\"url\":\"https:\/\/blogg.svenskakyrkan.se\/vandravagen\/\",\"logo\":{\"@type\":\"ImageObject\",\"inLanguage\":\"sv-SE\",\"@id\":\"https:\/\/blogg.svenskakyrkan.se\/vandravagen\/#\/schema\/logo\/image\/\",\"url\":\"https:\/\/blogg.svenskakyrkan.se\/vandravagen\/files\/2023\/05\/Ulr_logo_RGB.png\",\"contentUrl\":\"https:\/\/blogg.svenskakyrkan.se\/vandravagen\/files\/2023\/05\/Ulr_logo_RGB.png\",\"width\":205,\"height\":77,\"caption\":\"ulricehamns pastorat\"},\"image\":{\"@id\":\"https:\/\/blogg.svenskakyrkan.se\/vandravagen\/#\/schema\/logo\/image\/\"},\"sameAs\":[\"http:\/\/facebook.com\/vandravagen\",\"https:\/\/x.com\/fadertomas\",\"http:\/\/www.facebook.com\/svenskakyrkaniulricehamn\"]},{\"@type\":\"Person\",\"@id\":\"https:\/\/blogg.svenskakyrkan.se\/vandravagen\/#\/schema\/person\/25da02d4f76b137d04291711e2c9fc16\",\"name\":\"Tomas Jarvid\",\"image\":{\"@type\":\"ImageObject\",\"inLanguage\":\"sv-SE\",\"@id\":\"https:\/\/blogg.svenskakyrkan.se\/vandravagen\/#\/schema\/person\/image\/\",\"url\":\"https:\/\/secure.gravatar.com\/avatar\/7fa71899795e8f540f615a1f5ab25255dc27aa40f05ee7ddd21aac521e01bf50?s=96&d=identicon&r=g\",\"contentUrl\":\"https:\/\/secure.gravatar.com\/avatar\/7fa71899795e8f540f615a1f5ab25255dc27aa40f05ee7ddd21aac521e01bf50?s=96&d=identicon&r=g\",\"caption\":\"Tomas Jarvid\"},\"description\":\"Jag bor i Ulricehamn i V\u00e4sterg\u00f6tland och \u00e4r f\u00f6rsamlingspr\u00e4st i Svenska Kyrkan f\u00f6r Dalstorps f\u00f6rsamling i Kinds pastorat. P\u00e5 den h\u00e4r bloggen skriver jag ner tankar om vandringen som kristen.\",\"sameAs\":[\"http:\/\/www.vandravagen.se\"],\"url\":\"https:\/\/blogg.svenskakyrkan.se\/vandravagen\/author\/vandravagen\/\"}]}<\/script>\n<!-- \/ Yoast SEO plugin. -->","yoast_head_json":{"title":"G\u00e4stpost av Nathalie, G\u00f6tenes nyaste pr\u00e4st - Vandra V\u00e4gen","robots":{"index":"index","follow":"follow","max-snippet":"max-snippet:-1","max-image-preview":"max-image-preview:large","max-video-preview":"max-video-preview:-1"},"canonical":"https:\/\/blogg.svenskakyrkan.se\/vandravagen\/2013\/02\/14\/gastpost-av-nathalie-gotenes-nyaste-prast\/","og_locale":"sv_SE","og_type":"article","og_title":"G\u00e4stpost av Nathalie, G\u00f6tenes nyaste pr\u00e4st - Vandra V\u00e4gen","og_description":"Idag har Vandra V\u00e4gen gl\u00e4djen att f\u00e5 en g\u00e4stbloggpost av Nathalie Aronsson, en av stiftets nyaste pr\u00e4ster. Dessutom g\u00f6r Nathalie sitt f\u00f6rsta \u00e5r som pr\u00e4st i G\u00f6tene vilket \u00e4r extra roligt. Nathalie har valt att bidra med ett personligt svar p\u00e5 fr\u00e5gan &#8221;varf\u00f6r \u00e4r jag kristen?&#8221; &#8221;Jag \u00e4r kristen f\u00f6r att jag mer och mer [&hellip;]","og_url":"https:\/\/blogg.svenskakyrkan.se\/vandravagen\/2013\/02\/14\/gastpost-av-nathalie-gotenes-nyaste-prast\/","og_site_name":"Vandra V\u00e4gen","article_publisher":"http:\/\/facebook.com\/vandravagen","article_published_time":"2013-02-14T09:25:00+00:00","og_image":[{"url":"http:\/\/3.bp.blogspot.com\/-EoLedEco39w\/URuBBcShIGI\/AAAAAAAACU4\/NlujWIeM5gU\/s400\/nat.jpg","type":"","width":"","height":""}],"author":"Tomas Jarvid","twitter_card":"summary_large_image","twitter_creator":"@fadertomas","twitter_site":"@fadertomas","twitter_misc":{"Skriven av":"Tomas Jarvid","Ber\u00e4knad l\u00e4stid":"1 minut"},"schema":{"@context":"https:\/\/schema.org","@graph":[{"@type":"Article","@id":"https:\/\/blogg.svenskakyrkan.se\/vandravagen\/2013\/02\/14\/gastpost-av-nathalie-gotenes-nyaste-prast\/#article","isPartOf":{"@id":"https:\/\/blogg.svenskakyrkan.se\/vandravagen\/2013\/02\/14\/gastpost-av-nathalie-gotenes-nyaste-prast\/"},"author":{"name":"Tomas Jarvid","@id":"https:\/\/blogg.svenskakyrkan.se\/vandravagen\/#\/schema\/person\/25da02d4f76b137d04291711e2c9fc16"},"headline":"G\u00e4stpost av Nathalie, G\u00f6tenes nyaste pr\u00e4st","datePublished":"2013-02-14T09:25:00+00:00","mainEntityOfPage":{"@id":"https:\/\/blogg.svenskakyrkan.se\/vandravagen\/2013\/02\/14\/gastpost-av-nathalie-gotenes-nyaste-prast\/"},"wordCount":162,"commentCount":0,"publisher":{"@id":"https:\/\/blogg.svenskakyrkan.se\/vandravagen\/#organization"},"image":{"@id":"https:\/\/blogg.svenskakyrkan.se\/vandravagen\/2013\/02\/14\/gastpost-av-nathalie-gotenes-nyaste-prast\/#primaryimage"},"thumbnailUrl":"http:\/\/3.bp.blogspot.com\/-EoLedEco39w\/URuBBcShIGI\/AAAAAAAACU4\/NlujWIeM5gU\/s400\/nat.jpg","articleSection":["andlighet","g\u00e4stbloggare","vittnesb\u00f6rd"],"inLanguage":"sv-SE","potentialAction":[{"@type":"CommentAction","name":"Comment","target":["https:\/\/blogg.svenskakyrkan.se\/vandravagen\/2013\/02\/14\/gastpost-av-nathalie-gotenes-nyaste-prast\/#respond"]}]},{"@type":"WebPage","@id":"https:\/\/blogg.svenskakyrkan.se\/vandravagen\/2013\/02\/14\/gastpost-av-nathalie-gotenes-nyaste-prast\/","url":"https:\/\/blogg.svenskakyrkan.se\/vandravagen\/2013\/02\/14\/gastpost-av-nathalie-gotenes-nyaste-prast\/","name":"G\u00e4stpost av Nathalie, G\u00f6tenes nyaste pr\u00e4st - Vandra V\u00e4gen","isPartOf":{"@id":"https:\/\/blogg.svenskakyrkan.se\/vandravagen\/#website"},"primaryImageOfPage":{"@id":"https:\/\/blogg.svenskakyrkan.se\/vandravagen\/2013\/02\/14\/gastpost-av-nathalie-gotenes-nyaste-prast\/#primaryimage"},"image":{"@id":"https:\/\/blogg.svenskakyrkan.se\/vandravagen\/2013\/02\/14\/gastpost-av-nathalie-gotenes-nyaste-prast\/#primaryimage"},"thumbnailUrl":"http:\/\/3.bp.blogspot.com\/-EoLedEco39w\/URuBBcShIGI\/AAAAAAAACU4\/NlujWIeM5gU\/s400\/nat.jpg","datePublished":"2013-02-14T09:25:00+00:00","breadcrumb":{"@id":"https:\/\/blogg.svenskakyrkan.se\/vandravagen\/2013\/02\/14\/gastpost-av-nathalie-gotenes-nyaste-prast\/#breadcrumb"},"inLanguage":"sv-SE","potentialAction":[{"@type":"ReadAction","target":["https:\/\/blogg.svenskakyrkan.se\/vandravagen\/2013\/02\/14\/gastpost-av-nathalie-gotenes-nyaste-prast\/"]}]},{"@type":"ImageObject","inLanguage":"sv-SE","@id":"https:\/\/blogg.svenskakyrkan.se\/vandravagen\/2013\/02\/14\/gastpost-av-nathalie-gotenes-nyaste-prast\/#primaryimage","url":"http:\/\/3.bp.blogspot.com\/-EoLedEco39w\/URuBBcShIGI\/AAAAAAAACU4\/NlujWIeM5gU\/s400\/nat.jpg","contentUrl":"http:\/\/3.bp.blogspot.com\/-EoLedEco39w\/URuBBcShIGI\/AAAAAAAACU4\/NlujWIeM5gU\/s400\/nat.jpg"},{"@type":"BreadcrumbList","@id":"https:\/\/blogg.svenskakyrkan.se\/vandravagen\/2013\/02\/14\/gastpost-av-nathalie-gotenes-nyaste-prast\/#breadcrumb","itemListElement":[{"@type":"ListItem","position":1,"name":"Hem","item":"https:\/\/blogg.svenskakyrkan.se\/vandravagen\/"},{"@type":"ListItem","position":2,"name":"G\u00e4stpost av Nathalie, G\u00f6tenes nyaste pr\u00e4st"}]},{"@type":"WebSite","@id":"https:\/\/blogg.svenskakyrkan.se\/vandravagen\/#website","url":"https:\/\/blogg.svenskakyrkan.se\/vandravagen\/","name":"Vandra V\u00e4gen","description":"-Mot en tro f\u00f6r hela livet","publisher":{"@id":"https:\/\/blogg.svenskakyrkan.se\/vandravagen\/#organization"},"potentialAction":[{"@type":"SearchAction","target":{"@type":"EntryPoint","urlTemplate":"https:\/\/blogg.svenskakyrkan.se\/vandravagen\/?s={search_term_string}"},"query-input":{"@type":"PropertyValueSpecification","valueRequired":true,"valueName":"search_term_string"}}],"inLanguage":"sv-SE"},{"@type":"Organization","@id":"https:\/\/blogg.svenskakyrkan.se\/vandravagen\/#organization","name":"ulricehamns pastorat","alternateName":"ulricehamns pastorat","url":"https:\/\/blogg.svenskakyrkan.se\/vandravagen\/","logo":{"@type":"ImageObject","inLanguage":"sv-SE","@id":"https:\/\/blogg.svenskakyrkan.se\/vandravagen\/#\/schema\/logo\/image\/","url":"https:\/\/blogg.svenskakyrkan.se\/vandravagen\/files\/2023\/05\/Ulr_logo_RGB.png","contentUrl":"https:\/\/blogg.svenskakyrkan.se\/vandravagen\/files\/2023\/05\/Ulr_logo_RGB.png","width":205,"height":77,"caption":"ulricehamns pastorat"},"image":{"@id":"https:\/\/blogg.svenskakyrkan.se\/vandravagen\/#\/schema\/logo\/image\/"},"sameAs":["http:\/\/facebook.com\/vandravagen","https:\/\/x.com\/fadertomas","http:\/\/www.facebook.com\/svenskakyrkaniulricehamn"]},{"@type":"Person","@id":"https:\/\/blogg.svenskakyrkan.se\/vandravagen\/#\/schema\/person\/25da02d4f76b137d04291711e2c9fc16","name":"Tomas Jarvid","image":{"@type":"ImageObject","inLanguage":"sv-SE","@id":"https:\/\/blogg.svenskakyrkan.se\/vandravagen\/#\/schema\/person\/image\/","url":"https:\/\/secure.gravatar.com\/avatar\/7fa71899795e8f540f615a1f5ab25255dc27aa40f05ee7ddd21aac521e01bf50?s=96&d=identicon&r=g","contentUrl":"https:\/\/secure.gravatar.com\/avatar\/7fa71899795e8f540f615a1f5ab25255dc27aa40f05ee7ddd21aac521e01bf50?s=96&d=identicon&r=g","caption":"Tomas Jarvid"},"description":"Jag bor i Ulricehamn i V\u00e4sterg\u00f6tland och \u00e4r f\u00f6rsamlingspr\u00e4st i Svenska Kyrkan f\u00f6r Dalstorps f\u00f6rsamling i Kinds pastorat. P\u00e5 den h\u00e4r bloggen skriver jag ner tankar om vandringen som kristen.","sameAs":["http:\/\/www.vandravagen.se"],"url":"https:\/\/blogg.svenskakyrkan.se\/vandravagen\/author\/vandravagen\/"}]}},"author_meta":{"ID":"392","user_nicename":"vandravagen","user_url":"http:\/\/www.vandravagen.se","user_registered":"2014-05-19 05:44:52","display_name":"Tomas Jarvid","first_name":"Tomas","last_name":"Jarvid","avatar":"https:\/\/secure.gravatar.com\/avatar\/7fa71899795e8f540f615a1f5ab25255dc27aa40f05ee7ddd21aac521e01bf50?s=96&d=identicon&r=g"},"featured_image":false,"bloginfo":{"name":"Vandra V\u00e4gen","url":"https:\/\/blogg.svenskakyrkan.se\/vandravagen"},"_links":{"self":[{"href":"https:\/\/blogg.svenskakyrkan.se\/vandravagen\/wp-json\/wp\/v2\/posts\/714","targetHints":{"allow":["GET"]}}],"collection":[{"href":"https:\/\/blogg.svenskakyrkan.se\/vandravagen\/wp-json\/wp\/v2\/posts"}],"about":[{"href":"https:\/\/blogg.svenskakyrkan.se\/vandravagen\/wp-json\/wp\/v2\/types\/post"}],"author":[{"embeddable":true,"href":"https:\/\/blogg.svenskakyrkan.se\/vandravagen\/wp-json\/wp\/v2\/users\/392"}],"replies":[{"embeddable":true,"href":"https:\/\/blogg.svenskakyrkan.se\/vandravagen\/wp-json\/wp\/v2\/comments?post=714"}],"version-history":[{"count":0,"href":"https:\/\/blogg.svenskakyrkan.se\/vandravagen\/wp-json\/wp\/v2\/posts\/714\/revisions"}],"wp:attachment":[{"href":"https:\/\/blogg.svenskakyrkan.se\/vandravagen\/wp-json\/wp\/v2\/media?parent=714"}],"wp:term":[{"taxonomy":"category","embeddable":true,"href":"https:\/\/blogg.svenskakyrkan.se\/vandravagen\/wp-json\/wp\/v2\/categories?post=714"},{"taxonomy":"post_tag","embeddable":true,"href":"https:\/\/blogg.svenskakyrkan.se\/vandravagen\/wp-json\/wp\/v2\/tags?post=714"}],"curies":[{"name":"wp","href":"https:\/\/api.w.org\/{rel}","templated":true}]}}