{"id":715,"date":"2013-02-13T10:36:00","date_gmt":"2013-02-13T09:36:00","guid":{"rendered":"http:\/\/blogg.svenskakyrkan.se\/vandravagen\/2013\/02\/13\/1-12-veckas-favorittweets\/"},"modified":"2013-02-13T10:36:00","modified_gmt":"2013-02-13T09:36:00","slug":"1-12-veckas-favorittweets","status":"publish","type":"post","link":"https:\/\/blogg.svenskakyrkan.se\/vandravagen\/2013\/02\/13\/1-12-veckas-favorittweets\/","title":{"rendered":"1 1\/2 veckas favorittweets"},"content":{"rendered":"<div>Jag har f\u00e5tt en sladd p\u00e5 posten och datorn har f\u00e5tt liv igen. Mycket att ta igen nu men vi b\u00f6rjar med den traditionsenliga s\u00f6ndagskv\u00e4llssammanfattningen av twitterveckan, det \u00e4r ju \u00f6h.. i b\u00f6rjan p\u00e5 veckan \u00e4n.<\/div>\n<div><\/div>\n<div>F\u00f6rst de fromma:<\/div>\n<div><\/div>\n<div>Lee Weissman \u00e4r en from jude som arbetar h\u00e5rt f\u00f6r f\u00f6rst\u00e5else mellan judar och muslimer. Han s\u00e4ger:<\/div>\n<div><\/div>\n<div><a href=\"http:\/\/1.bp.blogspot.com\/-5Lodzxkt1l4\/URtLGHpmzgI\/AAAAAAAACSE\/Dwo8MDuz_nY\/s1600\/e.jpg\"><img loading=\"lazy\" decoding=\"async\" border=\"0\" height=\"76\" src=\"http:\/\/1.bp.blogspot.com\/-5Lodzxkt1l4\/URtLGHpmzgI\/AAAAAAAACSE\/Dwo8MDuz_nY\/s400\/e.jpg\" width=\"400\"><\/a><\/div>\n<div><a href=\"http:\/\/4.bp.blogspot.com\/-R2UQVrub3Vk\/URtLG_qz5BI\/AAAAAAAACSY\/JOJQmDjAO9Q\/s1600\/g.jpg\"><img loading=\"lazy\" decoding=\"async\" border=\"0\" height=\"91\" src=\"http:\/\/4.bp.blogspot.com\/-R2UQVrub3Vk\/URtLG_qz5BI\/AAAAAAAACSY\/JOJQmDjAO9Q\/s400\/g.jpg\" width=\"400\"><\/a><\/div>\n<div><\/div>\n<div>Det d\u00e4r \u00e4r verkligt utmanande eller hur? G\u00e4rningar \u00e4r viktigare \u00e4n vishet.<\/div>\n<div><\/div>\n<div>Idag \u00e4r det askonsdag och biskop Antje f\u00f6rklarar fastan fint:<\/div>\n<\/p>\n<div><a href=\"http:\/\/1.bp.blogspot.com\/--4BqTm59PbE\/URtLG0X6nWI\/AAAAAAAACSU\/DtdTFsrsebc\/s1600\/fasta.jpg\"><img loading=\"lazy\" decoding=\"async\" border=\"0\" height=\"67\" src=\"http:\/\/1.bp.blogspot.com\/--4BqTm59PbE\/URtLG0X6nWI\/AAAAAAAACSU\/DtdTFsrsebc\/s400\/fasta.jpg\" width=\"400\"><\/a><\/div>\n<div><\/div>\n<div>Bonhoeffer utrycker <a href=\"http:\/\/vagenixp.blogspot.se\/2012\/11\/ord-att-anvanda-gudsfruktan.html\">en av mina k\u00e4pph\u00e4star p\u00e5 bloggen<\/a>:<\/div>\n<div><a href=\"http:\/\/2.bp.blogspot.com\/-KDI_BtFiyy8\/URtLHYmc3sI\/AAAAAAAACSs\/0WygtsPxUcc\/s1600\/f.jpg\"><img loading=\"lazy\" decoding=\"async\" border=\"0\" height=\"62\" src=\"http:\/\/2.bp.blogspot.com\/-KDI_BtFiyy8\/URtLHYmc3sI\/AAAAAAAACSs\/0WygtsPxUcc\/s400\/f.jpg\" width=\"400\"><\/a><\/div>\n<div><\/div>\n<div>Och i k\u00f6lvattnet till debatten om n\u00e4that kom detta fram:<\/div>\n<\/p>\n<div><a href=\"http:\/\/1.bp.blogspot.com\/-napUAle5tnA\/URtLILNFVJI\/AAAAAAAACS0\/1-EXB_dnmPo\/s1600\/ingensynd.jpg\"><img loading=\"lazy\" decoding=\"async\" border=\"0\" height=\"67\" src=\"http:\/\/1.bp.blogspot.com\/-napUAle5tnA\/URtLILNFVJI\/AAAAAAAACS0\/1-EXB_dnmPo\/s400\/ingensynd.jpg\" width=\"400\"><\/a><\/div>\n<div><\/div>\n<div><\/div>\n<div><\/div>\n<div><\/div>\n<div><\/div>\n<div>So lite blandat klokt och t\u00e4nkv\u00e4rt:<\/div>\n<div><\/div>\n<div><\/div>\n<div><\/div>\n<div><a href=\"http:\/\/3.bp.blogspot.com\/-SIChXyQ9y1I\/URtLFzGIjrI\/AAAAAAAACR8\/xEEcuKIx08Q\/s1600\/a.jpg\"><img loading=\"lazy\" decoding=\"async\" border=\"0\" height=\"58\" src=\"http:\/\/3.bp.blogspot.com\/-SIChXyQ9y1I\/URtLFzGIjrI\/AAAAAAAACR8\/xEEcuKIx08Q\/s400\/a.jpg\" width=\"400\"><\/a><\/div>\n<div>\u00c4r det <i>d\u00e4rf\u00f6r<\/i>?<\/div>\n<div><\/div>\n<\/p>\n<div><a href=\"http:\/\/1.bp.blogspot.com\/-i-nd7-rP32A\/URtLHkxVsJI\/AAAAAAAACSk\/8hOUoqNb2M0\/s1600\/h.jpg\"><img loading=\"lazy\" decoding=\"async\" border=\"0\" height=\"82\" src=\"http:\/\/1.bp.blogspot.com\/-i-nd7-rP32A\/URtLHkxVsJI\/AAAAAAAACSk\/8hOUoqNb2M0\/s400\/h.jpg\" width=\"400\"><\/a><\/div>\n<div>Jag ska skriva en del om f\u00f6r\u00e4ldrar och barn h\u00e4r fram\u00f6ver. Barn beh\u00f6ver f\u00f6r\u00e4ldrar i f\u00f6rsta hand, inte pedagoger.<\/div>\n<div><\/div>\n<div><\/div>\n<div><a href=\"http:\/\/1.bp.blogspot.com\/-INbyEc1XHMA\/URtLIQyMmsI\/AAAAAAAACSw\/W_pRrnErQj4\/s1600\/j.jpg\"><img loading=\"lazy\" decoding=\"async\" border=\"0\" height=\"66\" src=\"http:\/\/1.bp.blogspot.com\/-INbyEc1XHMA\/URtLIQyMmsI\/AAAAAAAACSw\/W_pRrnErQj4\/s400\/j.jpg\" width=\"400\"><\/a><\/div>\n<div><\/div>\n<\/p>\n<div><a href=\"http:\/\/2.bp.blogspot.com\/-u1No-rlGedc\/URtLJb188dI\/AAAAAAAACTM\/jcU_7vwSWlo\/s1600\/k.jpg\"><img loading=\"lazy\" decoding=\"async\" border=\"0\" height=\"78\" src=\"http:\/\/2.bp.blogspot.com\/-u1No-rlGedc\/URtLJb188dI\/AAAAAAAACTM\/jcU_7vwSWlo\/s400\/k.jpg\" width=\"400\"><\/a><\/div>\n<div><\/div>\n<div><\/div>\n<div><a href=\"http:\/\/3.bp.blogspot.com\/-TQOBN-2hTOc\/URtLJupmj8I\/AAAAAAAACTI\/rohfcb9-SXM\/s1600\/killgisa.jpg\"><img loading=\"lazy\" decoding=\"async\" border=\"0\" height=\"71\" src=\"http:\/\/3.bp.blogspot.com\/-TQOBN-2hTOc\/URtLJupmj8I\/AAAAAAAACTI\/rohfcb9-SXM\/s400\/killgisa.jpg\" width=\"400\"><\/a><\/div>\n<div><\/div>\n<\/p>\n<div><a href=\"http:\/\/4.bp.blogspot.com\/-4W_fB9J2FrY\/URtLKNwKH9I\/AAAAAAAACTY\/p6MWCx7AYHA\/s1600\/o.jpg\"><img loading=\"lazy\" decoding=\"async\" border=\"0\" height=\"63\" src=\"http:\/\/4.bp.blogspot.com\/-4W_fB9J2FrY\/URtLKNwKH9I\/AAAAAAAACTY\/p6MWCx7AYHA\/s400\/o.jpg\" width=\"400\"><\/a><\/div>\n<div><\/div>\n<div>Givetvis hamnar ocks\u00e5 det under klokt och t\u00e4nkv\u00e4rt ;o)<\/div>\n<div><\/div>\n<div>Och s\u00e5 en delad f\u00f6rstaplats f\u00f6r veckans b\u00e4sta tweets. F\u00f6rst ut Johan Lingd\u00e9n med denna klurighet:<\/div>\n<div><\/div>\n<div><a href=\"http:\/\/1.bp.blogspot.com\/-bJ390UOZ7Q4\/URtLGLpm0-I\/AAAAAAAACSA\/Bnds4htOm28\/s1600\/d.jpg\"><img loading=\"lazy\" decoding=\"async\" border=\"0\" height=\"72\" src=\"http:\/\/1.bp.blogspot.com\/-bJ390UOZ7Q4\/URtLGLpm0-I\/AAAAAAAACSA\/Bnds4htOm28\/s400\/d.jpg\" width=\"400\"><\/a><\/div>\n<div><\/div>\n<div>Och veckans mest ov\u00e4ntade biskopstweet! Eva Brunne i Stockholm skrev s\u00e5 h\u00e4r under melodifestivalen. Galet.<\/div>\n<\/p>\n<div><a href=\"http:\/\/3.bp.blogspot.com\/-idyBLO2hrY8\/URtLHlUWb3I\/AAAAAAAACSo\/Ddf0wXMODHg\/s1600\/i.jpg\"><img loading=\"lazy\" decoding=\"async\" border=\"0\" height=\"71\" src=\"http:\/\/3.bp.blogspot.com\/-idyBLO2hrY8\/URtLHlUWb3I\/AAAAAAAACSo\/Ddf0wXMODHg\/s400\/i.jpg\" width=\"400\"><\/a><\/div>\n<\/p>\n<div><\/div>\n<div><\/div><\/p>\n","protected":false},"excerpt":{"rendered":"<p>Jag har f\u00e5tt en sladd p\u00e5 posten och datorn har f\u00e5tt liv igen. Mycket att ta igen nu men vi b\u00f6rjar med den traditionsenliga s\u00f6ndagskv\u00e4llssammanfattningen av twitterveckan, det \u00e4r ju \u00f6h.. i b\u00f6rjan p\u00e5 veckan \u00e4n. F\u00f6rst de fromma: Lee Weissman \u00e4r en from jude som arbetar h\u00e5rt f\u00f6r f\u00f6rst\u00e5else mellan judar och muslimer. Han [&hellip;]<\/p>\n","protected":false},"author":392,"featured_media":0,"comment_status":"open","ping_status":"open","sticky":false,"template":"","format":"standard","meta":{"_acf_changed":false,"footnotes":""},"categories":[76766],"tags":[],"class_list":["post-715","post","type-post","status-publish","format-standard","hentry","category-blandat"],"acf":[],"yoast_head":"<!-- This site is optimized with the Yoast SEO plugin v27.1.1 - https:\/\/yoast.com\/product\/yoast-seo-wordpress\/ -->\n<title>1 1\/2 veckas favorittweets - Vandra V\u00e4gen<\/title>\n<meta name=\"robots\" content=\"index, follow, max-snippet:-1, max-image-preview:large, max-video-preview:-1\" \/>\n<link rel=\"canonical\" href=\"https:\/\/blogg.svenskakyrkan.se\/vandravagen\/2013\/02\/13\/1-12-veckas-favorittweets\/\" \/>\n<meta property=\"og:locale\" content=\"sv_SE\" \/>\n<meta property=\"og:type\" content=\"article\" \/>\n<meta property=\"og:title\" content=\"1 1\/2 veckas favorittweets - Vandra V\u00e4gen\" \/>\n<meta property=\"og:description\" content=\"Jag har f\u00e5tt en sladd p\u00e5 posten och datorn har f\u00e5tt liv igen. Mycket att ta igen nu men vi b\u00f6rjar med den traditionsenliga s\u00f6ndagskv\u00e4llssammanfattningen av twitterveckan, det \u00e4r ju \u00f6h.. i b\u00f6rjan p\u00e5 veckan \u00e4n. F\u00f6rst de fromma: Lee Weissman \u00e4r en from jude som arbetar h\u00e5rt f\u00f6r f\u00f6rst\u00e5else mellan judar och muslimer. Han [&hellip;]\" \/>\n<meta property=\"og:url\" content=\"https:\/\/blogg.svenskakyrkan.se\/vandravagen\/2013\/02\/13\/1-12-veckas-favorittweets\/\" \/>\n<meta property=\"og:site_name\" content=\"Vandra V\u00e4gen\" \/>\n<meta property=\"article:publisher\" content=\"http:\/\/facebook.com\/vandravagen\" \/>\n<meta property=\"article:published_time\" content=\"2013-02-13T09:36:00+00:00\" \/>\n<meta property=\"og:image\" content=\"http:\/\/1.bp.blogspot.com\/-5Lodzxkt1l4\/URtLGHpmzgI\/AAAAAAAACSE\/Dwo8MDuz_nY\/s400\/e.jpg\" \/>\n<meta name=\"author\" content=\"Tomas Jarvid\" \/>\n<meta name=\"twitter:card\" content=\"summary_large_image\" \/>\n<meta name=\"twitter:creator\" content=\"@fadertomas\" \/>\n<meta name=\"twitter:site\" content=\"@fadertomas\" \/>\n<meta name=\"twitter:label1\" content=\"Skriven av\" \/>\n\t<meta name=\"twitter:data1\" content=\"Tomas Jarvid\" \/>\n\t<meta name=\"twitter:label2\" content=\"Ber\u00e4knad l\u00e4stid\" \/>\n\t<meta name=\"twitter:data2\" content=\"1 minut\" \/>\n<script type=\"application\/ld+json\" class=\"yoast-schema-graph\">{\"@context\":\"https:\/\/schema.org\",\"@graph\":[{\"@type\":\"Article\",\"@id\":\"https:\/\/blogg.svenskakyrkan.se\/vandravagen\/2013\/02\/13\/1-12-veckas-favorittweets\/#article\",\"isPartOf\":{\"@id\":\"https:\/\/blogg.svenskakyrkan.se\/vandravagen\/2013\/02\/13\/1-12-veckas-favorittweets\/\"},\"author\":{\"name\":\"Tomas Jarvid\",\"@id\":\"https:\/\/blogg.svenskakyrkan.se\/vandravagen\/#\/schema\/person\/25da02d4f76b137d04291711e2c9fc16\"},\"headline\":\"1 1\/2 veckas favorittweets\",\"datePublished\":\"2013-02-13T09:36:00+00:00\",\"mainEntityOfPage\":{\"@id\":\"https:\/\/blogg.svenskakyrkan.se\/vandravagen\/2013\/02\/13\/1-12-veckas-favorittweets\/\"},\"wordCount\":206,\"commentCount\":2,\"publisher\":{\"@id\":\"https:\/\/blogg.svenskakyrkan.se\/vandravagen\/#organization\"},\"image\":{\"@id\":\"https:\/\/blogg.svenskakyrkan.se\/vandravagen\/2013\/02\/13\/1-12-veckas-favorittweets\/#primaryimage\"},\"thumbnailUrl\":\"http:\/\/1.bp.blogspot.com\/-5Lodzxkt1l4\/URtLGHpmzgI\/AAAAAAAACSE\/Dwo8MDuz_nY\/s400\/e.jpg\",\"articleSection\":[\"blandat\"],\"inLanguage\":\"sv-SE\",\"potentialAction\":[{\"@type\":\"CommentAction\",\"name\":\"Comment\",\"target\":[\"https:\/\/blogg.svenskakyrkan.se\/vandravagen\/2013\/02\/13\/1-12-veckas-favorittweets\/#respond\"]}]},{\"@type\":\"WebPage\",\"@id\":\"https:\/\/blogg.svenskakyrkan.se\/vandravagen\/2013\/02\/13\/1-12-veckas-favorittweets\/\",\"url\":\"https:\/\/blogg.svenskakyrkan.se\/vandravagen\/2013\/02\/13\/1-12-veckas-favorittweets\/\",\"name\":\"1 1\/2 veckas favorittweets - Vandra V\u00e4gen\",\"isPartOf\":{\"@id\":\"https:\/\/blogg.svenskakyrkan.se\/vandravagen\/#website\"},\"primaryImageOfPage\":{\"@id\":\"https:\/\/blogg.svenskakyrkan.se\/vandravagen\/2013\/02\/13\/1-12-veckas-favorittweets\/#primaryimage\"},\"image\":{\"@id\":\"https:\/\/blogg.svenskakyrkan.se\/vandravagen\/2013\/02\/13\/1-12-veckas-favorittweets\/#primaryimage\"},\"thumbnailUrl\":\"http:\/\/1.bp.blogspot.com\/-5Lodzxkt1l4\/URtLGHpmzgI\/AAAAAAAACSE\/Dwo8MDuz_nY\/s400\/e.jpg\",\"datePublished\":\"2013-02-13T09:36:00+00:00\",\"breadcrumb\":{\"@id\":\"https:\/\/blogg.svenskakyrkan.se\/vandravagen\/2013\/02\/13\/1-12-veckas-favorittweets\/#breadcrumb\"},\"inLanguage\":\"sv-SE\",\"potentialAction\":[{\"@type\":\"ReadAction\",\"target\":[\"https:\/\/blogg.svenskakyrkan.se\/vandravagen\/2013\/02\/13\/1-12-veckas-favorittweets\/\"]}]},{\"@type\":\"ImageObject\",\"inLanguage\":\"sv-SE\",\"@id\":\"https:\/\/blogg.svenskakyrkan.se\/vandravagen\/2013\/02\/13\/1-12-veckas-favorittweets\/#primaryimage\",\"url\":\"http:\/\/1.bp.blogspot.com\/-5Lodzxkt1l4\/URtLGHpmzgI\/AAAAAAAACSE\/Dwo8MDuz_nY\/s400\/e.jpg\",\"contentUrl\":\"http:\/\/1.bp.blogspot.com\/-5Lodzxkt1l4\/URtLGHpmzgI\/AAAAAAAACSE\/Dwo8MDuz_nY\/s400\/e.jpg\"},{\"@type\":\"BreadcrumbList\",\"@id\":\"https:\/\/blogg.svenskakyrkan.se\/vandravagen\/2013\/02\/13\/1-12-veckas-favorittweets\/#breadcrumb\",\"itemListElement\":[{\"@type\":\"ListItem\",\"position\":1,\"name\":\"Hem\",\"item\":\"https:\/\/blogg.svenskakyrkan.se\/vandravagen\/\"},{\"@type\":\"ListItem\",\"position\":2,\"name\":\"1 1\/2 veckas favorittweets\"}]},{\"@type\":\"WebSite\",\"@id\":\"https:\/\/blogg.svenskakyrkan.se\/vandravagen\/#website\",\"url\":\"https:\/\/blogg.svenskakyrkan.se\/vandravagen\/\",\"name\":\"Vandra V\u00e4gen\",\"description\":\"-Mot en tro f\u00f6r hela livet\",\"publisher\":{\"@id\":\"https:\/\/blogg.svenskakyrkan.se\/vandravagen\/#organization\"},\"potentialAction\":[{\"@type\":\"SearchAction\",\"target\":{\"@type\":\"EntryPoint\",\"urlTemplate\":\"https:\/\/blogg.svenskakyrkan.se\/vandravagen\/?s={search_term_string}\"},\"query-input\":{\"@type\":\"PropertyValueSpecification\",\"valueRequired\":true,\"valueName\":\"search_term_string\"}}],\"inLanguage\":\"sv-SE\"},{\"@type\":\"Organization\",\"@id\":\"https:\/\/blogg.svenskakyrkan.se\/vandravagen\/#organization\",\"name\":\"ulricehamns pastorat\",\"alternateName\":\"ulricehamns pastorat\",\"url\":\"https:\/\/blogg.svenskakyrkan.se\/vandravagen\/\",\"logo\":{\"@type\":\"ImageObject\",\"inLanguage\":\"sv-SE\",\"@id\":\"https:\/\/blogg.svenskakyrkan.se\/vandravagen\/#\/schema\/logo\/image\/\",\"url\":\"https:\/\/blogg.svenskakyrkan.se\/vandravagen\/files\/2023\/05\/Ulr_logo_RGB.png\",\"contentUrl\":\"https:\/\/blogg.svenskakyrkan.se\/vandravagen\/files\/2023\/05\/Ulr_logo_RGB.png\",\"width\":205,\"height\":77,\"caption\":\"ulricehamns pastorat\"},\"image\":{\"@id\":\"https:\/\/blogg.svenskakyrkan.se\/vandravagen\/#\/schema\/logo\/image\/\"},\"sameAs\":[\"http:\/\/facebook.com\/vandravagen\",\"https:\/\/x.com\/fadertomas\",\"http:\/\/www.facebook.com\/svenskakyrkaniulricehamn\"]},{\"@type\":\"Person\",\"@id\":\"https:\/\/blogg.svenskakyrkan.se\/vandravagen\/#\/schema\/person\/25da02d4f76b137d04291711e2c9fc16\",\"name\":\"Tomas Jarvid\",\"image\":{\"@type\":\"ImageObject\",\"inLanguage\":\"sv-SE\",\"@id\":\"https:\/\/blogg.svenskakyrkan.se\/vandravagen\/#\/schema\/person\/image\/\",\"url\":\"https:\/\/secure.gravatar.com\/avatar\/7fa71899795e8f540f615a1f5ab25255dc27aa40f05ee7ddd21aac521e01bf50?s=96&d=identicon&r=g\",\"contentUrl\":\"https:\/\/secure.gravatar.com\/avatar\/7fa71899795e8f540f615a1f5ab25255dc27aa40f05ee7ddd21aac521e01bf50?s=96&d=identicon&r=g\",\"caption\":\"Tomas Jarvid\"},\"description\":\"Jag bor i Ulricehamn i V\u00e4sterg\u00f6tland och \u00e4r f\u00f6rsamlingspr\u00e4st i Svenska Kyrkan f\u00f6r Dalstorps f\u00f6rsamling i Kinds pastorat. P\u00e5 den h\u00e4r bloggen skriver jag ner tankar om vandringen som kristen.\",\"sameAs\":[\"http:\/\/www.vandravagen.se\"],\"url\":\"https:\/\/blogg.svenskakyrkan.se\/vandravagen\/author\/vandravagen\/\"}]}<\/script>\n<!-- \/ Yoast SEO plugin. -->","yoast_head_json":{"title":"1 1\/2 veckas favorittweets - Vandra V\u00e4gen","robots":{"index":"index","follow":"follow","max-snippet":"max-snippet:-1","max-image-preview":"max-image-preview:large","max-video-preview":"max-video-preview:-1"},"canonical":"https:\/\/blogg.svenskakyrkan.se\/vandravagen\/2013\/02\/13\/1-12-veckas-favorittweets\/","og_locale":"sv_SE","og_type":"article","og_title":"1 1\/2 veckas favorittweets - Vandra V\u00e4gen","og_description":"Jag har f\u00e5tt en sladd p\u00e5 posten och datorn har f\u00e5tt liv igen. Mycket att ta igen nu men vi b\u00f6rjar med den traditionsenliga s\u00f6ndagskv\u00e4llssammanfattningen av twitterveckan, det \u00e4r ju \u00f6h.. i b\u00f6rjan p\u00e5 veckan \u00e4n. F\u00f6rst de fromma: Lee Weissman \u00e4r en from jude som arbetar h\u00e5rt f\u00f6r f\u00f6rst\u00e5else mellan judar och muslimer. Han [&hellip;]","og_url":"https:\/\/blogg.svenskakyrkan.se\/vandravagen\/2013\/02\/13\/1-12-veckas-favorittweets\/","og_site_name":"Vandra V\u00e4gen","article_publisher":"http:\/\/facebook.com\/vandravagen","article_published_time":"2013-02-13T09:36:00+00:00","og_image":[{"url":"http:\/\/1.bp.blogspot.com\/-5Lodzxkt1l4\/URtLGHpmzgI\/AAAAAAAACSE\/Dwo8MDuz_nY\/s400\/e.jpg","type":"","width":"","height":""}],"author":"Tomas Jarvid","twitter_card":"summary_large_image","twitter_creator":"@fadertomas","twitter_site":"@fadertomas","twitter_misc":{"Skriven av":"Tomas Jarvid","Ber\u00e4knad l\u00e4stid":"1 minut"},"schema":{"@context":"https:\/\/schema.org","@graph":[{"@type":"Article","@id":"https:\/\/blogg.svenskakyrkan.se\/vandravagen\/2013\/02\/13\/1-12-veckas-favorittweets\/#article","isPartOf":{"@id":"https:\/\/blogg.svenskakyrkan.se\/vandravagen\/2013\/02\/13\/1-12-veckas-favorittweets\/"},"author":{"name":"Tomas Jarvid","@id":"https:\/\/blogg.svenskakyrkan.se\/vandravagen\/#\/schema\/person\/25da02d4f76b137d04291711e2c9fc16"},"headline":"1 1\/2 veckas favorittweets","datePublished":"2013-02-13T09:36:00+00:00","mainEntityOfPage":{"@id":"https:\/\/blogg.svenskakyrkan.se\/vandravagen\/2013\/02\/13\/1-12-veckas-favorittweets\/"},"wordCount":206,"commentCount":2,"publisher":{"@id":"https:\/\/blogg.svenskakyrkan.se\/vandravagen\/#organization"},"image":{"@id":"https:\/\/blogg.svenskakyrkan.se\/vandravagen\/2013\/02\/13\/1-12-veckas-favorittweets\/#primaryimage"},"thumbnailUrl":"http:\/\/1.bp.blogspot.com\/-5Lodzxkt1l4\/URtLGHpmzgI\/AAAAAAAACSE\/Dwo8MDuz_nY\/s400\/e.jpg","articleSection":["blandat"],"inLanguage":"sv-SE","potentialAction":[{"@type":"CommentAction","name":"Comment","target":["https:\/\/blogg.svenskakyrkan.se\/vandravagen\/2013\/02\/13\/1-12-veckas-favorittweets\/#respond"]}]},{"@type":"WebPage","@id":"https:\/\/blogg.svenskakyrkan.se\/vandravagen\/2013\/02\/13\/1-12-veckas-favorittweets\/","url":"https:\/\/blogg.svenskakyrkan.se\/vandravagen\/2013\/02\/13\/1-12-veckas-favorittweets\/","name":"1 1\/2 veckas favorittweets - Vandra V\u00e4gen","isPartOf":{"@id":"https:\/\/blogg.svenskakyrkan.se\/vandravagen\/#website"},"primaryImageOfPage":{"@id":"https:\/\/blogg.svenskakyrkan.se\/vandravagen\/2013\/02\/13\/1-12-veckas-favorittweets\/#primaryimage"},"image":{"@id":"https:\/\/blogg.svenskakyrkan.se\/vandravagen\/2013\/02\/13\/1-12-veckas-favorittweets\/#primaryimage"},"thumbnailUrl":"http:\/\/1.bp.blogspot.com\/-5Lodzxkt1l4\/URtLGHpmzgI\/AAAAAAAACSE\/Dwo8MDuz_nY\/s400\/e.jpg","datePublished":"2013-02-13T09:36:00+00:00","breadcrumb":{"@id":"https:\/\/blogg.svenskakyrkan.se\/vandravagen\/2013\/02\/13\/1-12-veckas-favorittweets\/#breadcrumb"},"inLanguage":"sv-SE","potentialAction":[{"@type":"ReadAction","target":["https:\/\/blogg.svenskakyrkan.se\/vandravagen\/2013\/02\/13\/1-12-veckas-favorittweets\/"]}]},{"@type":"ImageObject","inLanguage":"sv-SE","@id":"https:\/\/blogg.svenskakyrkan.se\/vandravagen\/2013\/02\/13\/1-12-veckas-favorittweets\/#primaryimage","url":"http:\/\/1.bp.blogspot.com\/-5Lodzxkt1l4\/URtLGHpmzgI\/AAAAAAAACSE\/Dwo8MDuz_nY\/s400\/e.jpg","contentUrl":"http:\/\/1.bp.blogspot.com\/-5Lodzxkt1l4\/URtLGHpmzgI\/AAAAAAAACSE\/Dwo8MDuz_nY\/s400\/e.jpg"},{"@type":"BreadcrumbList","@id":"https:\/\/blogg.svenskakyrkan.se\/vandravagen\/2013\/02\/13\/1-12-veckas-favorittweets\/#breadcrumb","itemListElement":[{"@type":"ListItem","position":1,"name":"Hem","item":"https:\/\/blogg.svenskakyrkan.se\/vandravagen\/"},{"@type":"ListItem","position":2,"name":"1 1\/2 veckas favorittweets"}]},{"@type":"WebSite","@id":"https:\/\/blogg.svenskakyrkan.se\/vandravagen\/#website","url":"https:\/\/blogg.svenskakyrkan.se\/vandravagen\/","name":"Vandra V\u00e4gen","description":"-Mot en tro f\u00f6r hela livet","publisher":{"@id":"https:\/\/blogg.svenskakyrkan.se\/vandravagen\/#organization"},"potentialAction":[{"@type":"SearchAction","target":{"@type":"EntryPoint","urlTemplate":"https:\/\/blogg.svenskakyrkan.se\/vandravagen\/?s={search_term_string}"},"query-input":{"@type":"PropertyValueSpecification","valueRequired":true,"valueName":"search_term_string"}}],"inLanguage":"sv-SE"},{"@type":"Organization","@id":"https:\/\/blogg.svenskakyrkan.se\/vandravagen\/#organization","name":"ulricehamns pastorat","alternateName":"ulricehamns pastorat","url":"https:\/\/blogg.svenskakyrkan.se\/vandravagen\/","logo":{"@type":"ImageObject","inLanguage":"sv-SE","@id":"https:\/\/blogg.svenskakyrkan.se\/vandravagen\/#\/schema\/logo\/image\/","url":"https:\/\/blogg.svenskakyrkan.se\/vandravagen\/files\/2023\/05\/Ulr_logo_RGB.png","contentUrl":"https:\/\/blogg.svenskakyrkan.se\/vandravagen\/files\/2023\/05\/Ulr_logo_RGB.png","width":205,"height":77,"caption":"ulricehamns pastorat"},"image":{"@id":"https:\/\/blogg.svenskakyrkan.se\/vandravagen\/#\/schema\/logo\/image\/"},"sameAs":["http:\/\/facebook.com\/vandravagen","https:\/\/x.com\/fadertomas","http:\/\/www.facebook.com\/svenskakyrkaniulricehamn"]},{"@type":"Person","@id":"https:\/\/blogg.svenskakyrkan.se\/vandravagen\/#\/schema\/person\/25da02d4f76b137d04291711e2c9fc16","name":"Tomas Jarvid","image":{"@type":"ImageObject","inLanguage":"sv-SE","@id":"https:\/\/blogg.svenskakyrkan.se\/vandravagen\/#\/schema\/person\/image\/","url":"https:\/\/secure.gravatar.com\/avatar\/7fa71899795e8f540f615a1f5ab25255dc27aa40f05ee7ddd21aac521e01bf50?s=96&d=identicon&r=g","contentUrl":"https:\/\/secure.gravatar.com\/avatar\/7fa71899795e8f540f615a1f5ab25255dc27aa40f05ee7ddd21aac521e01bf50?s=96&d=identicon&r=g","caption":"Tomas Jarvid"},"description":"Jag bor i Ulricehamn i V\u00e4sterg\u00f6tland och \u00e4r f\u00f6rsamlingspr\u00e4st i Svenska Kyrkan f\u00f6r Dalstorps f\u00f6rsamling i Kinds pastorat. P\u00e5 den h\u00e4r bloggen skriver jag ner tankar om vandringen som kristen.","sameAs":["http:\/\/www.vandravagen.se"],"url":"https:\/\/blogg.svenskakyrkan.se\/vandravagen\/author\/vandravagen\/"}]}},"author_meta":{"ID":"392","user_nicename":"vandravagen","user_url":"http:\/\/www.vandravagen.se","user_registered":"2014-05-19 05:44:52","display_name":"Tomas Jarvid","first_name":"Tomas","last_name":"Jarvid","avatar":"https:\/\/secure.gravatar.com\/avatar\/7fa71899795e8f540f615a1f5ab25255dc27aa40f05ee7ddd21aac521e01bf50?s=96&d=identicon&r=g"},"featured_image":false,"bloginfo":{"name":"Vandra V\u00e4gen","url":"https:\/\/blogg.svenskakyrkan.se\/vandravagen"},"_links":{"self":[{"href":"https:\/\/blogg.svenskakyrkan.se\/vandravagen\/wp-json\/wp\/v2\/posts\/715","targetHints":{"allow":["GET"]}}],"collection":[{"href":"https:\/\/blogg.svenskakyrkan.se\/vandravagen\/wp-json\/wp\/v2\/posts"}],"about":[{"href":"https:\/\/blogg.svenskakyrkan.se\/vandravagen\/wp-json\/wp\/v2\/types\/post"}],"author":[{"embeddable":true,"href":"https:\/\/blogg.svenskakyrkan.se\/vandravagen\/wp-json\/wp\/v2\/users\/392"}],"replies":[{"embeddable":true,"href":"https:\/\/blogg.svenskakyrkan.se\/vandravagen\/wp-json\/wp\/v2\/comments?post=715"}],"version-history":[{"count":0,"href":"https:\/\/blogg.svenskakyrkan.se\/vandravagen\/wp-json\/wp\/v2\/posts\/715\/revisions"}],"wp:attachment":[{"href":"https:\/\/blogg.svenskakyrkan.se\/vandravagen\/wp-json\/wp\/v2\/media?parent=715"}],"wp:term":[{"taxonomy":"category","embeddable":true,"href":"https:\/\/blogg.svenskakyrkan.se\/vandravagen\/wp-json\/wp\/v2\/categories?post=715"},{"taxonomy":"post_tag","embeddable":true,"href":"https:\/\/blogg.svenskakyrkan.se\/vandravagen\/wp-json\/wp\/v2\/tags?post=715"}],"curies":[{"name":"wp","href":"https:\/\/api.w.org\/{rel}","templated":true}]}}