{"id":7162,"date":"2019-05-16T08:09:53","date_gmt":"2019-05-16T06:09:53","guid":{"rendered":"http:\/\/blogg.svenskakyrkan.se\/vandravagen\/?p=7162"},"modified":"2019-05-16T08:09:53","modified_gmt":"2019-05-16T06:09:53","slug":"en-prast-laser-gud-i-sverige","status":"publish","type":"post","link":"https:\/\/blogg.svenskakyrkan.se\/vandravagen\/2019\/05\/16\/en-prast-laser-gud-i-sverige\/","title":{"rendered":"En pr\u00e4st l\u00e4ser &#8221;Gud i Sverige&#8221;"},"content":{"rendered":"<p>Jag har under ganska l\u00e5ng tid nu haft en bokcirkel p\u00e5 telefon med min bror och hans v\u00e4n Erik. Vi har l\u00e4st &#8221;Gud i Sverige&#8221; av G\u00f6ran H\u00e4gg typ hundra sidor i taget och pratat om det vi l\u00e4st.<\/p>\n<p>G\u00f6ran H\u00e4gg, som nu inte l\u00e4ngre \u00e4r i livet, var p\u00e5 sin tid expert i lite av varje. Jag har haft stor beh\u00e5llning av hans bok om retorik men egentligen var det litteraturhistoria som var hans \u00e4mne. Han har annars skrivit om en m\u00e4ngd olika saker. S\u00e5som f\u00f6rfattare om Gud s\u00e5 \u00e4r det intressant s\u00e5 att han sj\u00e4lv var ateist vilket \u00e4r en intressant fond till det han skriver i boken.<\/p>\n<p>Det finns nog knappt n\u00e5gra andra b\u00f6cker som den h\u00e4r. I en enda bok och p\u00e5 ca 500 sidor g\u00e5r han igenom allt fr\u00e5n hednatiden till nutiden (det sista som skildras mer ing\u00e5ende \u00e4r morden i Knutby). P\u00e5 det s\u00e4ttet har boken ett v\u00e4rde i sig f\u00f6r det g\u00f6r alltid gott att f\u00e5 dra ut de l\u00e5nga linjerna och se till helheten. H\u00e4gg var ju ocks\u00e5 skicklig p\u00e5 att skriva s\u00e5 att det blev engagerande vilket ju \u00e4r roligt. Samtidigt g\u00f6r hans ganska personliga approach att det hela ibland framst\u00e5r ganska subjektivt. Det h\u00e4r \u00e4r ju inget akademiskt historiskt verk p\u00e5 gott och ont.<\/p>\n<p>Det blir inte mycket kyrkohistoria i just den h\u00e4r bloggposten f\u00f6r det kanske \u00e4r b\u00e4ttre att knappt s\u00e4ga n\u00e5got alls \u00e4n att v\u00e4lja ut en eller tv\u00e5 saker ur hela den svenska kyrkohistorien? Jag f\u00e5r rekommendera boken ist\u00e4llet. Ibland h\u00e4nder det att jag inte alls h\u00e5ller med H\u00e4gg (som n\u00e4r han tycker v\u00e5r nuvarande psalmbok \u00e4r usel n\u00e4r jag snarare tror det \u00e4r den b\u00e4sta vi haft) men i regel ligger det mycket i det han skriver. Jag \u00e4r ganska tveksam ocks\u00e5 till det H\u00e4gg ser som s\u00e4rpr\u00e4glade svenska religi\u00f6sa drag (som bel\u00f6ningsmoral och straffpredikanter), mycket av det tror jag man kan hitta p\u00e5 m\u00e5nga h\u00e5ll i v\u00e4rlden.<\/p>\n<p>Det \u00e4r mycket som \u00e4r ganska sorgligt med den kristna historien i Sverige. Som pr\u00e4st i Svenska kyrkan blir jag ibland ganska arg n\u00e4r jag l\u00e4ser om hur statsmakten styrt \u00f6ver kyrkan i olika tider, och s\u00e5dant finns det mycket av i m\u00e5nga olika delar av boken. Det \u00e4r i mycket de h\u00e4r delarna som f\u00f6rklarar hur det kommer sig att kyrkan ser ut som den g\u00f6r idag. Nackdelen med att vara statskyrka i gamla tider var framf\u00f6rallt att kyrkan fungerade som karri\u00e4rv\u00e4g f\u00f6r alla slags personer som ville ta sig upp\u00e5t, helt oavsett intresse f\u00f6r den kristna tron eller ej.<\/p>\n<p>Man skulle kunna se den svenska kyrkohistorien som en historia om sekularisering (jag har till exempel skrivit h\u00e4r om &#8221;<a href=\"https:\/\/blogg.svenskakyrkan.se\/vandravagen\/2016\/09\/14\/sekularisering-och-ingen-vag-tillbaka\/\">sekularisering och ingen v\u00e4g tillbaka<\/a>&#8221;) varvat med &#8221;sakralisering&#8221;. Ibland har det v\u00e4rldsliga tr\u00e4ngt undan det andliga alldeles men s\u00e5 kommer det heliga pl\u00f6tsligt tillbaka genom v\u00e4ckelser\u00f6relser eller nya former av fromhet. Ateisten H\u00e4gg uppskattar faktiskt kyrkan mest n\u00e4r den \u00e4r som mest kyrka (som under h\u00f6gmedeltiden, i v\u00e4ckelser\u00f6relserna eller \u00f6ver huvud taget i intellektuellt hederliga representanter) och det \u00e4r ju t\u00e4nkv\u00e4rt i v\u00e5r tid d\u00e5 jag uppfattar att den stora kyrkliga skiljelinjen ligger i hur mycket man ska avvika fr\u00e5n den allm\u00e4nna tidsandan.<\/p>\n<p>I bokens slut d\u00f6mer H\u00e4gg i stort sett ut svenska kyrkan (men ser potentialen i alla de invandrarsamfund som vi numera har) och d\u00e4r kanske han p\u00e5 s\u00e4tt och vis har r\u00e4tt. Kyrkan kommer nog aldrig mer att vara en maktfaktor som den varit d\u00e5 alla var anslutna, men \u00e5 andra sidan \u00e4r den nu fri. Jag kan inte annat \u00e4n t\u00e4nka att v\u00e5rt utg\u00e5ngsl\u00e4ge faktiskt \u00e4r b\u00e4ttre nu \u00e4n det varit under i stort sett vilken annan epok som helst i historien. Som jag ser det \u00e4r det snarare en tid av sakralisering (eller p\u00e5kristnande) som v\u00e4ntar v\u00e5r kyrka (om \u00e4n inte samh\u00e4llet) i framtiden. F\u00f6ruts\u00e4ttningarna finns d\u00e4r n\u00e4r den v\u00e4rldsliga makten f\u00e5r mindre intresse f\u00f6r kyrkan samtidigt som v\u00e5ra nya trossamfund ger ny energi. Det f\u00e5r historien utvisa.<\/p>\n<p>Vad vet och vad t\u00e4nker du om den kristna historien i Sverige? Skriv en rad och ber\u00e4tta!<\/p>\n<p>&nbsp;<\/p>\n","protected":false},"excerpt":{"rendered":"<p>Jag har under ganska l\u00e5ng tid nu haft en bokcirkel p\u00e5 telefon med min bror och hans v\u00e4n Erik. Vi har l\u00e4st &#8221;Gud i Sverige&#8221; av G\u00f6ran H\u00e4gg typ hundra sidor i taget och pratat om det vi l\u00e4st. G\u00f6ran H\u00e4gg, som nu inte l\u00e4ngre \u00e4r i livet, var p\u00e5 sin tid expert i lite [&hellip;]<\/p>\n","protected":false},"author":392,"featured_media":7163,"comment_status":"open","ping_status":"open","sticky":false,"template":"","format":"standard","meta":{"_acf_changed":false,"footnotes":""},"categories":[8337,33574],"tags":[],"class_list":["post-7162","post","type-post","status-publish","format-standard","has-post-thumbnail","hentry","category-historia","category-kyrkan"],"acf":[],"yoast_head":"<!-- This site is optimized with the Yoast SEO plugin v27.1.1 - https:\/\/yoast.com\/product\/yoast-seo-wordpress\/ -->\n<title>En pr\u00e4st l\u00e4ser &quot;Gud i Sverige&quot; - Vandra V\u00e4gen<\/title>\n<meta name=\"robots\" content=\"index, follow, max-snippet:-1, max-image-preview:large, max-video-preview:-1\" \/>\n<link rel=\"canonical\" href=\"https:\/\/blogg.svenskakyrkan.se\/vandravagen\/2019\/05\/16\/en-prast-laser-gud-i-sverige\/\" \/>\n<meta property=\"og:locale\" content=\"sv_SE\" \/>\n<meta property=\"og:type\" content=\"article\" \/>\n<meta property=\"og:title\" content=\"En pr\u00e4st l\u00e4ser &quot;Gud i Sverige&quot; - Vandra V\u00e4gen\" \/>\n<meta property=\"og:description\" content=\"Jag har under ganska l\u00e5ng tid nu haft en bokcirkel p\u00e5 telefon med min bror och hans v\u00e4n Erik. Vi har l\u00e4st &#8221;Gud i Sverige&#8221; av G\u00f6ran H\u00e4gg typ hundra sidor i taget och pratat om det vi l\u00e4st. G\u00f6ran H\u00e4gg, som nu inte l\u00e4ngre \u00e4r i livet, var p\u00e5 sin tid expert i lite [&hellip;]\" \/>\n<meta property=\"og:url\" content=\"https:\/\/blogg.svenskakyrkan.se\/vandravagen\/2019\/05\/16\/en-prast-laser-gud-i-sverige\/\" \/>\n<meta property=\"og:site_name\" content=\"Vandra V\u00e4gen\" \/>\n<meta property=\"article:publisher\" content=\"http:\/\/facebook.com\/vandravagen\" \/>\n<meta property=\"article:published_time\" content=\"2019-05-16T06:09:53+00:00\" \/>\n<meta name=\"author\" content=\"Tomas Jarvid\" \/>\n<meta name=\"twitter:card\" content=\"summary_large_image\" \/>\n<meta name=\"twitter:creator\" content=\"@fadertomas\" \/>\n<meta name=\"twitter:site\" content=\"@fadertomas\" \/>\n<meta name=\"twitter:label1\" content=\"Skriven av\" \/>\n\t<meta name=\"twitter:data1\" content=\"Tomas Jarvid\" \/>\n\t<meta name=\"twitter:label2\" content=\"Ber\u00e4knad l\u00e4stid\" \/>\n\t<meta name=\"twitter:data2\" content=\"4 minuter\" \/>\n<script type=\"application\/ld+json\" class=\"yoast-schema-graph\">{\"@context\":\"https:\/\/schema.org\",\"@graph\":[{\"@type\":\"Article\",\"@id\":\"https:\/\/blogg.svenskakyrkan.se\/vandravagen\/2019\/05\/16\/en-prast-laser-gud-i-sverige\/#article\",\"isPartOf\":{\"@id\":\"https:\/\/blogg.svenskakyrkan.se\/vandravagen\/2019\/05\/16\/en-prast-laser-gud-i-sverige\/\"},\"author\":{\"name\":\"Tomas Jarvid\",\"@id\":\"https:\/\/blogg.svenskakyrkan.se\/vandravagen\/#\/schema\/person\/25da02d4f76b137d04291711e2c9fc16\"},\"headline\":\"En pr\u00e4st l\u00e4ser &#8221;Gud i Sverige&#8221;\",\"datePublished\":\"2019-05-16T06:09:53+00:00\",\"mainEntityOfPage\":{\"@id\":\"https:\/\/blogg.svenskakyrkan.se\/vandravagen\/2019\/05\/16\/en-prast-laser-gud-i-sverige\/\"},\"wordCount\":787,\"commentCount\":4,\"publisher\":{\"@id\":\"https:\/\/blogg.svenskakyrkan.se\/vandravagen\/#organization\"},\"image\":{\"@id\":\"https:\/\/blogg.svenskakyrkan.se\/vandravagen\/2019\/05\/16\/en-prast-laser-gud-i-sverige\/#primaryimage\"},\"thumbnailUrl\":\"https:\/\/blogg.svenskakyrkan.se\/vandravagen\/files\/2019\/05\/h\u00e4gg.jpg\",\"articleSection\":[\"historia\",\"kyrkan\"],\"inLanguage\":\"sv-SE\",\"potentialAction\":[{\"@type\":\"CommentAction\",\"name\":\"Comment\",\"target\":[\"https:\/\/blogg.svenskakyrkan.se\/vandravagen\/2019\/05\/16\/en-prast-laser-gud-i-sverige\/#respond\"]}]},{\"@type\":\"WebPage\",\"@id\":\"https:\/\/blogg.svenskakyrkan.se\/vandravagen\/2019\/05\/16\/en-prast-laser-gud-i-sverige\/\",\"url\":\"https:\/\/blogg.svenskakyrkan.se\/vandravagen\/2019\/05\/16\/en-prast-laser-gud-i-sverige\/\",\"name\":\"En pr\u00e4st l\u00e4ser \\\"Gud i Sverige\\\" - Vandra V\u00e4gen\",\"isPartOf\":{\"@id\":\"https:\/\/blogg.svenskakyrkan.se\/vandravagen\/#website\"},\"primaryImageOfPage\":{\"@id\":\"https:\/\/blogg.svenskakyrkan.se\/vandravagen\/2019\/05\/16\/en-prast-laser-gud-i-sverige\/#primaryimage\"},\"image\":{\"@id\":\"https:\/\/blogg.svenskakyrkan.se\/vandravagen\/2019\/05\/16\/en-prast-laser-gud-i-sverige\/#primaryimage\"},\"thumbnailUrl\":\"https:\/\/blogg.svenskakyrkan.se\/vandravagen\/files\/2019\/05\/h\u00e4gg.jpg\",\"datePublished\":\"2019-05-16T06:09:53+00:00\",\"breadcrumb\":{\"@id\":\"https:\/\/blogg.svenskakyrkan.se\/vandravagen\/2019\/05\/16\/en-prast-laser-gud-i-sverige\/#breadcrumb\"},\"inLanguage\":\"sv-SE\",\"potentialAction\":[{\"@type\":\"ReadAction\",\"target\":[\"https:\/\/blogg.svenskakyrkan.se\/vandravagen\/2019\/05\/16\/en-prast-laser-gud-i-sverige\/\"]}]},{\"@type\":\"ImageObject\",\"inLanguage\":\"sv-SE\",\"@id\":\"https:\/\/blogg.svenskakyrkan.se\/vandravagen\/2019\/05\/16\/en-prast-laser-gud-i-sverige\/#primaryimage\",\"url\":\"https:\/\/blogg.svenskakyrkan.se\/vandravagen\/files\/2019\/05\/h\u00e4gg.jpg\",\"contentUrl\":\"https:\/\/blogg.svenskakyrkan.se\/vandravagen\/files\/2019\/05\/h\u00e4gg.jpg\",\"width\":1280,\"height\":720,\"caption\":\"Gud i Sverige, av G\u00f6ran H\u00e4gg.\"},{\"@type\":\"BreadcrumbList\",\"@id\":\"https:\/\/blogg.svenskakyrkan.se\/vandravagen\/2019\/05\/16\/en-prast-laser-gud-i-sverige\/#breadcrumb\",\"itemListElement\":[{\"@type\":\"ListItem\",\"position\":1,\"name\":\"Hem\",\"item\":\"https:\/\/blogg.svenskakyrkan.se\/vandravagen\/\"},{\"@type\":\"ListItem\",\"position\":2,\"name\":\"En pr\u00e4st l\u00e4ser &#8221;Gud i Sverige&#8221;\"}]},{\"@type\":\"WebSite\",\"@id\":\"https:\/\/blogg.svenskakyrkan.se\/vandravagen\/#website\",\"url\":\"https:\/\/blogg.svenskakyrkan.se\/vandravagen\/\",\"name\":\"Vandra V\u00e4gen\",\"description\":\"-Mot en tro f\u00f6r hela livet\",\"publisher\":{\"@id\":\"https:\/\/blogg.svenskakyrkan.se\/vandravagen\/#organization\"},\"potentialAction\":[{\"@type\":\"SearchAction\",\"target\":{\"@type\":\"EntryPoint\",\"urlTemplate\":\"https:\/\/blogg.svenskakyrkan.se\/vandravagen\/?s={search_term_string}\"},\"query-input\":{\"@type\":\"PropertyValueSpecification\",\"valueRequired\":true,\"valueName\":\"search_term_string\"}}],\"inLanguage\":\"sv-SE\"},{\"@type\":\"Organization\",\"@id\":\"https:\/\/blogg.svenskakyrkan.se\/vandravagen\/#organization\",\"name\":\"ulricehamns pastorat\",\"alternateName\":\"ulricehamns pastorat\",\"url\":\"https:\/\/blogg.svenskakyrkan.se\/vandravagen\/\",\"logo\":{\"@type\":\"ImageObject\",\"inLanguage\":\"sv-SE\",\"@id\":\"https:\/\/blogg.svenskakyrkan.se\/vandravagen\/#\/schema\/logo\/image\/\",\"url\":\"https:\/\/blogg.svenskakyrkan.se\/vandravagen\/files\/2023\/05\/Ulr_logo_RGB.png\",\"contentUrl\":\"https:\/\/blogg.svenskakyrkan.se\/vandravagen\/files\/2023\/05\/Ulr_logo_RGB.png\",\"width\":205,\"height\":77,\"caption\":\"ulricehamns pastorat\"},\"image\":{\"@id\":\"https:\/\/blogg.svenskakyrkan.se\/vandravagen\/#\/schema\/logo\/image\/\"},\"sameAs\":[\"http:\/\/facebook.com\/vandravagen\",\"https:\/\/x.com\/fadertomas\",\"http:\/\/www.facebook.com\/svenskakyrkaniulricehamn\"]},{\"@type\":\"Person\",\"@id\":\"https:\/\/blogg.svenskakyrkan.se\/vandravagen\/#\/schema\/person\/25da02d4f76b137d04291711e2c9fc16\",\"name\":\"Tomas Jarvid\",\"image\":{\"@type\":\"ImageObject\",\"inLanguage\":\"sv-SE\",\"@id\":\"https:\/\/blogg.svenskakyrkan.se\/vandravagen\/#\/schema\/person\/image\/\",\"url\":\"https:\/\/secure.gravatar.com\/avatar\/7fa71899795e8f540f615a1f5ab25255dc27aa40f05ee7ddd21aac521e01bf50?s=96&d=identicon&r=g\",\"contentUrl\":\"https:\/\/secure.gravatar.com\/avatar\/7fa71899795e8f540f615a1f5ab25255dc27aa40f05ee7ddd21aac521e01bf50?s=96&d=identicon&r=g\",\"caption\":\"Tomas Jarvid\"},\"description\":\"Jag bor i Ulricehamn i V\u00e4sterg\u00f6tland och \u00e4r f\u00f6rsamlingspr\u00e4st i Svenska Kyrkan f\u00f6r Dalstorps f\u00f6rsamling i Kinds pastorat. P\u00e5 den h\u00e4r bloggen skriver jag ner tankar om vandringen som kristen.\",\"sameAs\":[\"http:\/\/www.vandravagen.se\"],\"url\":\"https:\/\/blogg.svenskakyrkan.se\/vandravagen\/author\/vandravagen\/\"}]}<\/script>\n<!-- \/ Yoast SEO plugin. -->","yoast_head_json":{"title":"En pr\u00e4st l\u00e4ser \"Gud i Sverige\" - Vandra V\u00e4gen","robots":{"index":"index","follow":"follow","max-snippet":"max-snippet:-1","max-image-preview":"max-image-preview:large","max-video-preview":"max-video-preview:-1"},"canonical":"https:\/\/blogg.svenskakyrkan.se\/vandravagen\/2019\/05\/16\/en-prast-laser-gud-i-sverige\/","og_locale":"sv_SE","og_type":"article","og_title":"En pr\u00e4st l\u00e4ser \"Gud i Sverige\" - Vandra V\u00e4gen","og_description":"Jag har under ganska l\u00e5ng tid nu haft en bokcirkel p\u00e5 telefon med min bror och hans v\u00e4n Erik. Vi har l\u00e4st &#8221;Gud i Sverige&#8221; av G\u00f6ran H\u00e4gg typ hundra sidor i taget och pratat om det vi l\u00e4st. G\u00f6ran H\u00e4gg, som nu inte l\u00e4ngre \u00e4r i livet, var p\u00e5 sin tid expert i lite [&hellip;]","og_url":"https:\/\/blogg.svenskakyrkan.se\/vandravagen\/2019\/05\/16\/en-prast-laser-gud-i-sverige\/","og_site_name":"Vandra V\u00e4gen","article_publisher":"http:\/\/facebook.com\/vandravagen","article_published_time":"2019-05-16T06:09:53+00:00","author":"Tomas Jarvid","twitter_card":"summary_large_image","twitter_creator":"@fadertomas","twitter_site":"@fadertomas","twitter_misc":{"Skriven av":"Tomas Jarvid","Ber\u00e4knad l\u00e4stid":"4 minuter"},"schema":{"@context":"https:\/\/schema.org","@graph":[{"@type":"Article","@id":"https:\/\/blogg.svenskakyrkan.se\/vandravagen\/2019\/05\/16\/en-prast-laser-gud-i-sverige\/#article","isPartOf":{"@id":"https:\/\/blogg.svenskakyrkan.se\/vandravagen\/2019\/05\/16\/en-prast-laser-gud-i-sverige\/"},"author":{"name":"Tomas Jarvid","@id":"https:\/\/blogg.svenskakyrkan.se\/vandravagen\/#\/schema\/person\/25da02d4f76b137d04291711e2c9fc16"},"headline":"En pr\u00e4st l\u00e4ser &#8221;Gud i Sverige&#8221;","datePublished":"2019-05-16T06:09:53+00:00","mainEntityOfPage":{"@id":"https:\/\/blogg.svenskakyrkan.se\/vandravagen\/2019\/05\/16\/en-prast-laser-gud-i-sverige\/"},"wordCount":787,"commentCount":4,"publisher":{"@id":"https:\/\/blogg.svenskakyrkan.se\/vandravagen\/#organization"},"image":{"@id":"https:\/\/blogg.svenskakyrkan.se\/vandravagen\/2019\/05\/16\/en-prast-laser-gud-i-sverige\/#primaryimage"},"thumbnailUrl":"https:\/\/blogg.svenskakyrkan.se\/vandravagen\/files\/2019\/05\/h\u00e4gg.jpg","articleSection":["historia","kyrkan"],"inLanguage":"sv-SE","potentialAction":[{"@type":"CommentAction","name":"Comment","target":["https:\/\/blogg.svenskakyrkan.se\/vandravagen\/2019\/05\/16\/en-prast-laser-gud-i-sverige\/#respond"]}]},{"@type":"WebPage","@id":"https:\/\/blogg.svenskakyrkan.se\/vandravagen\/2019\/05\/16\/en-prast-laser-gud-i-sverige\/","url":"https:\/\/blogg.svenskakyrkan.se\/vandravagen\/2019\/05\/16\/en-prast-laser-gud-i-sverige\/","name":"En pr\u00e4st l\u00e4ser \"Gud i Sverige\" - Vandra V\u00e4gen","isPartOf":{"@id":"https:\/\/blogg.svenskakyrkan.se\/vandravagen\/#website"},"primaryImageOfPage":{"@id":"https:\/\/blogg.svenskakyrkan.se\/vandravagen\/2019\/05\/16\/en-prast-laser-gud-i-sverige\/#primaryimage"},"image":{"@id":"https:\/\/blogg.svenskakyrkan.se\/vandravagen\/2019\/05\/16\/en-prast-laser-gud-i-sverige\/#primaryimage"},"thumbnailUrl":"https:\/\/blogg.svenskakyrkan.se\/vandravagen\/files\/2019\/05\/h\u00e4gg.jpg","datePublished":"2019-05-16T06:09:53+00:00","breadcrumb":{"@id":"https:\/\/blogg.svenskakyrkan.se\/vandravagen\/2019\/05\/16\/en-prast-laser-gud-i-sverige\/#breadcrumb"},"inLanguage":"sv-SE","potentialAction":[{"@type":"ReadAction","target":["https:\/\/blogg.svenskakyrkan.se\/vandravagen\/2019\/05\/16\/en-prast-laser-gud-i-sverige\/"]}]},{"@type":"ImageObject","inLanguage":"sv-SE","@id":"https:\/\/blogg.svenskakyrkan.se\/vandravagen\/2019\/05\/16\/en-prast-laser-gud-i-sverige\/#primaryimage","url":"https:\/\/blogg.svenskakyrkan.se\/vandravagen\/files\/2019\/05\/h\u00e4gg.jpg","contentUrl":"https:\/\/blogg.svenskakyrkan.se\/vandravagen\/files\/2019\/05\/h\u00e4gg.jpg","width":1280,"height":720,"caption":"Gud i Sverige, av G\u00f6ran H\u00e4gg."},{"@type":"BreadcrumbList","@id":"https:\/\/blogg.svenskakyrkan.se\/vandravagen\/2019\/05\/16\/en-prast-laser-gud-i-sverige\/#breadcrumb","itemListElement":[{"@type":"ListItem","position":1,"name":"Hem","item":"https:\/\/blogg.svenskakyrkan.se\/vandravagen\/"},{"@type":"ListItem","position":2,"name":"En pr\u00e4st l\u00e4ser &#8221;Gud i Sverige&#8221;"}]},{"@type":"WebSite","@id":"https:\/\/blogg.svenskakyrkan.se\/vandravagen\/#website","url":"https:\/\/blogg.svenskakyrkan.se\/vandravagen\/","name":"Vandra V\u00e4gen","description":"-Mot en tro f\u00f6r hela livet","publisher":{"@id":"https:\/\/blogg.svenskakyrkan.se\/vandravagen\/#organization"},"potentialAction":[{"@type":"SearchAction","target":{"@type":"EntryPoint","urlTemplate":"https:\/\/blogg.svenskakyrkan.se\/vandravagen\/?s={search_term_string}"},"query-input":{"@type":"PropertyValueSpecification","valueRequired":true,"valueName":"search_term_string"}}],"inLanguage":"sv-SE"},{"@type":"Organization","@id":"https:\/\/blogg.svenskakyrkan.se\/vandravagen\/#organization","name":"ulricehamns pastorat","alternateName":"ulricehamns pastorat","url":"https:\/\/blogg.svenskakyrkan.se\/vandravagen\/","logo":{"@type":"ImageObject","inLanguage":"sv-SE","@id":"https:\/\/blogg.svenskakyrkan.se\/vandravagen\/#\/schema\/logo\/image\/","url":"https:\/\/blogg.svenskakyrkan.se\/vandravagen\/files\/2023\/05\/Ulr_logo_RGB.png","contentUrl":"https:\/\/blogg.svenskakyrkan.se\/vandravagen\/files\/2023\/05\/Ulr_logo_RGB.png","width":205,"height":77,"caption":"ulricehamns pastorat"},"image":{"@id":"https:\/\/blogg.svenskakyrkan.se\/vandravagen\/#\/schema\/logo\/image\/"},"sameAs":["http:\/\/facebook.com\/vandravagen","https:\/\/x.com\/fadertomas","http:\/\/www.facebook.com\/svenskakyrkaniulricehamn"]},{"@type":"Person","@id":"https:\/\/blogg.svenskakyrkan.se\/vandravagen\/#\/schema\/person\/25da02d4f76b137d04291711e2c9fc16","name":"Tomas Jarvid","image":{"@type":"ImageObject","inLanguage":"sv-SE","@id":"https:\/\/blogg.svenskakyrkan.se\/vandravagen\/#\/schema\/person\/image\/","url":"https:\/\/secure.gravatar.com\/avatar\/7fa71899795e8f540f615a1f5ab25255dc27aa40f05ee7ddd21aac521e01bf50?s=96&d=identicon&r=g","contentUrl":"https:\/\/secure.gravatar.com\/avatar\/7fa71899795e8f540f615a1f5ab25255dc27aa40f05ee7ddd21aac521e01bf50?s=96&d=identicon&r=g","caption":"Tomas Jarvid"},"description":"Jag bor i Ulricehamn i V\u00e4sterg\u00f6tland och \u00e4r f\u00f6rsamlingspr\u00e4st i Svenska Kyrkan f\u00f6r Dalstorps f\u00f6rsamling i Kinds pastorat. P\u00e5 den h\u00e4r bloggen skriver jag ner tankar om vandringen som kristen.","sameAs":["http:\/\/www.vandravagen.se"],"url":"https:\/\/blogg.svenskakyrkan.se\/vandravagen\/author\/vandravagen\/"}]}},"author_meta":{"ID":"392","user_nicename":"vandravagen","user_url":"http:\/\/www.vandravagen.se","user_registered":"2014-05-19 05:44:52","display_name":"Tomas Jarvid","first_name":"Tomas","last_name":"Jarvid","avatar":"https:\/\/secure.gravatar.com\/avatar\/7fa71899795e8f540f615a1f5ab25255dc27aa40f05ee7ddd21aac521e01bf50?s=96&d=identicon&r=g"},"featured_image":["https:\/\/blogg.svenskakyrkan.se\/vandravagen\/files\/2019\/05\/h\u00e4gg-1024x576.jpg",1024,576,true],"bloginfo":{"name":"Vandra V\u00e4gen","url":"https:\/\/blogg.svenskakyrkan.se\/vandravagen"},"_links":{"self":[{"href":"https:\/\/blogg.svenskakyrkan.se\/vandravagen\/wp-json\/wp\/v2\/posts\/7162","targetHints":{"allow":["GET"]}}],"collection":[{"href":"https:\/\/blogg.svenskakyrkan.se\/vandravagen\/wp-json\/wp\/v2\/posts"}],"about":[{"href":"https:\/\/blogg.svenskakyrkan.se\/vandravagen\/wp-json\/wp\/v2\/types\/post"}],"author":[{"embeddable":true,"href":"https:\/\/blogg.svenskakyrkan.se\/vandravagen\/wp-json\/wp\/v2\/users\/392"}],"replies":[{"embeddable":true,"href":"https:\/\/blogg.svenskakyrkan.se\/vandravagen\/wp-json\/wp\/v2\/comments?post=7162"}],"version-history":[{"count":2,"href":"https:\/\/blogg.svenskakyrkan.se\/vandravagen\/wp-json\/wp\/v2\/posts\/7162\/revisions"}],"predecessor-version":[{"id":7174,"href":"https:\/\/blogg.svenskakyrkan.se\/vandravagen\/wp-json\/wp\/v2\/posts\/7162\/revisions\/7174"}],"wp:featuredmedia":[{"embeddable":true,"href":"https:\/\/blogg.svenskakyrkan.se\/vandravagen\/wp-json\/wp\/v2\/media\/7163"}],"wp:attachment":[{"href":"https:\/\/blogg.svenskakyrkan.se\/vandravagen\/wp-json\/wp\/v2\/media?parent=7162"}],"wp:term":[{"taxonomy":"category","embeddable":true,"href":"https:\/\/blogg.svenskakyrkan.se\/vandravagen\/wp-json\/wp\/v2\/categories?post=7162"},{"taxonomy":"post_tag","embeddable":true,"href":"https:\/\/blogg.svenskakyrkan.se\/vandravagen\/wp-json\/wp\/v2\/tags?post=7162"}],"curies":[{"name":"wp","href":"https:\/\/api.w.org\/{rel}","templated":true}]}}