{"id":7166,"date":"2019-05-12T07:00:03","date_gmt":"2019-05-12T05:00:03","guid":{"rendered":"http:\/\/blogg.svenskakyrkan.se\/vandravagen\/?p=7166"},"modified":"2019-05-11T22:23:47","modified_gmt":"2019-05-11T20:23:47","slug":"9-blandade-tankar-pa-sondagen-93","status":"publish","type":"post","link":"https:\/\/blogg.svenskakyrkan.se\/vandravagen\/2019\/05\/12\/9-blandade-tankar-pa-sondagen-93\/","title":{"rendered":"9 blandade tankar p\u00e5 s\u00f6ndagen"},"content":{"rendered":"<ol>\n<li>Glad s\u00f6ndag k\u00e4ra l\u00e4sare!<\/li>\n<\/ol>\n<p>2. Idag ska jag leda gudstj\u00e4nst i Grims\u00e5s (11) och i Ljungsarp (14) s\u00e5 det vore roligt om ni alla kommer dit. Det har st\u00e5tt fel i tidningen just denna vecka s\u00e5 i v\u00e4rsta fall \u00e5ker alla till Nittorp ist\u00e4llet och m\u00f6ts av en st\u00e4ngd d\u00f6rr.<\/p>\n<p>3. Jag vet ju att m\u00e5nga av er som l\u00e4ser \u00e4r l\u00e5ngt bort fr\u00e5n b\u00e5de Grims\u00e5s och Ljungsarp men jag t\u00e4nker p\u00e5 den gamle v\u00e4dersp\u00e5mannen Enok Sarri som envist n\u00e4mnde Nikkaloukta varje g\u00e5ng han var med i media, liksom bara f\u00f6r att s\u00e4tta det p\u00e5 kartan. Man f\u00e5r dra sitt lilla str\u00e5 till stacken.<\/p>\n<p>4. Det \u00e4r n\u00e5got av bloggens s\u00f6ndag i kyrko\u00e5ret med tema &#8221;v\u00e4gen till livet&#8221;. M\u00e5nga k\u00e4nda bibelst\u00e4llen ing\u00e5r; framf\u00f6rallt Jesu ord om att han \u00e4r V\u00e4gen, Sanningen och Livet. Predikan kommer i vanlig ordning h\u00e4r imorgon.<\/p>\n<p>5. Jag har tidigare i helgen varit i mina gamla trakter vid Kinnekulle. Det var som vanligt v\u00e4ldigt k\u00e4nslosamt, platserna d\u00e4r ligger n\u00e4ra hj\u00e4rtat. Extra roligt f\u00f6rst\u00e5s att \u00e5terse n\u00e5gra gamla v\u00e4nner och komma till platser vi ofta bes\u00f6kt. Kinnekulle \u00e4r fullt med fina st\u00e4llen att bes\u00f6ka p\u00e5 v\u00e5ren och vi f\u00f6rs\u00f6kte kanske kl\u00e4mma in v\u00e4l m\u00e5nga av dem p\u00e5 en enda dag.<\/p>\n<p>6. Och s\u00e5 har mina barn nu varit uppe i kyrktornet i Husaby. Och alla kom ocks\u00e5 ner igen f\u00f6r den urgamla trappan utan att bryta benen av sig. F\u00f6rsamlingen hade gjort i ordning v\u00e4ldigt fint uppe i tornrummen och jag fick se saker jag aldrig lagt m\u00e4rke till innan. Att verka i kyrkan inneb\u00e4r ju att ha n\u00e4ra till en massa historiska f\u00f6rem\u00e5l och det tycker jag \u00e4r en stor f\u00f6rm\u00e5n.<\/p>\n<p>7. Och s\u00e5 kan jag ju passa p\u00e5 att uttrycka min stora gl\u00e4dje \u00f6ver att vi b\u00e5de i Husabytrakten och i Dalstorpstrakten lever s\u00e5 n\u00e4ra och gott tillsammans med missionskyrkan.<\/p>\n<p>8. Jean Vanier har d\u00f6tt nyligen. Jag har letat upp min bok med texter av honom f\u00f6r att \u00e4ntligen l\u00e4sa igenom den.<\/p>\n<p>9. Vad g\u00f6r du idag? Skriv en rad och ber\u00e4tta!<\/p>\n","protected":false},"excerpt":{"rendered":"<p>Glad s\u00f6ndag k\u00e4ra l\u00e4sare! 2. Idag ska jag leda gudstj\u00e4nst i Grims\u00e5s (11) och i Ljungsarp (14) s\u00e5 det vore roligt om ni alla kommer dit. Det har st\u00e5tt fel i tidningen just denna vecka s\u00e5 i v\u00e4rsta fall \u00e5ker alla till Nittorp ist\u00e4llet och m\u00f6ts av en st\u00e4ngd d\u00f6rr. 3. Jag vet ju att [&hellip;]<\/p>\n","protected":false},"author":392,"featured_media":7167,"comment_status":"open","ping_status":"open","sticky":false,"template":"","format":"standard","meta":{"_acf_changed":false,"footnotes":""},"categories":[76766],"tags":[],"class_list":["post-7166","post","type-post","status-publish","format-standard","has-post-thumbnail","hentry","category-blandat"],"acf":[],"yoast_head":"<!-- This site is optimized with the Yoast SEO plugin v27.1.1 - https:\/\/yoast.com\/product\/yoast-seo-wordpress\/ -->\n<title>9 blandade tankar p\u00e5 s\u00f6ndagen - Vandra V\u00e4gen<\/title>\n<meta name=\"robots\" content=\"index, follow, max-snippet:-1, max-image-preview:large, max-video-preview:-1\" \/>\n<link rel=\"canonical\" href=\"https:\/\/blogg.svenskakyrkan.se\/vandravagen\/2019\/05\/12\/9-blandade-tankar-pa-sondagen-93\/\" \/>\n<meta property=\"og:locale\" content=\"sv_SE\" \/>\n<meta property=\"og:type\" content=\"article\" \/>\n<meta property=\"og:title\" content=\"9 blandade tankar p\u00e5 s\u00f6ndagen - Vandra V\u00e4gen\" \/>\n<meta property=\"og:description\" content=\"Glad s\u00f6ndag k\u00e4ra l\u00e4sare! 2. Idag ska jag leda gudstj\u00e4nst i Grims\u00e5s (11) och i Ljungsarp (14) s\u00e5 det vore roligt om ni alla kommer dit. Det har st\u00e5tt fel i tidningen just denna vecka s\u00e5 i v\u00e4rsta fall \u00e5ker alla till Nittorp ist\u00e4llet och m\u00f6ts av en st\u00e4ngd d\u00f6rr. 3. Jag vet ju att [&hellip;]\" \/>\n<meta property=\"og:url\" content=\"https:\/\/blogg.svenskakyrkan.se\/vandravagen\/2019\/05\/12\/9-blandade-tankar-pa-sondagen-93\/\" \/>\n<meta property=\"og:site_name\" content=\"Vandra V\u00e4gen\" \/>\n<meta property=\"article:publisher\" content=\"http:\/\/facebook.com\/vandravagen\" \/>\n<meta property=\"article:published_time\" content=\"2019-05-12T05:00:03+00:00\" \/>\n<meta name=\"author\" content=\"Tomas Jarvid\" \/>\n<meta name=\"twitter:card\" content=\"summary_large_image\" \/>\n<meta name=\"twitter:creator\" content=\"@fadertomas\" \/>\n<meta name=\"twitter:site\" content=\"@fadertomas\" \/>\n<meta name=\"twitter:label1\" content=\"Skriven av\" \/>\n\t<meta name=\"twitter:data1\" content=\"Tomas Jarvid\" \/>\n\t<meta name=\"twitter:label2\" content=\"Ber\u00e4knad l\u00e4stid\" \/>\n\t<meta name=\"twitter:data2\" content=\"2 minuter\" \/>\n<script type=\"application\/ld+json\" class=\"yoast-schema-graph\">{\"@context\":\"https:\/\/schema.org\",\"@graph\":[{\"@type\":\"Article\",\"@id\":\"https:\/\/blogg.svenskakyrkan.se\/vandravagen\/2019\/05\/12\/9-blandade-tankar-pa-sondagen-93\/#article\",\"isPartOf\":{\"@id\":\"https:\/\/blogg.svenskakyrkan.se\/vandravagen\/2019\/05\/12\/9-blandade-tankar-pa-sondagen-93\/\"},\"author\":{\"name\":\"Tomas Jarvid\",\"@id\":\"https:\/\/blogg.svenskakyrkan.se\/vandravagen\/#\/schema\/person\/25da02d4f76b137d04291711e2c9fc16\"},\"headline\":\"9 blandade tankar p\u00e5 s\u00f6ndagen\",\"datePublished\":\"2019-05-12T05:00:03+00:00\",\"mainEntityOfPage\":{\"@id\":\"https:\/\/blogg.svenskakyrkan.se\/vandravagen\/2019\/05\/12\/9-blandade-tankar-pa-sondagen-93\/\"},\"wordCount\":404,\"commentCount\":4,\"publisher\":{\"@id\":\"https:\/\/blogg.svenskakyrkan.se\/vandravagen\/#organization\"},\"image\":{\"@id\":\"https:\/\/blogg.svenskakyrkan.se\/vandravagen\/2019\/05\/12\/9-blandade-tankar-pa-sondagen-93\/#primaryimage\"},\"thumbnailUrl\":\"https:\/\/blogg.svenskakyrkan.se\/vandravagen\/files\/2019\/05\/IMG_7132.jpg\",\"articleSection\":[\"blandat\"],\"inLanguage\":\"sv-SE\",\"potentialAction\":[{\"@type\":\"CommentAction\",\"name\":\"Comment\",\"target\":[\"https:\/\/blogg.svenskakyrkan.se\/vandravagen\/2019\/05\/12\/9-blandade-tankar-pa-sondagen-93\/#respond\"]}]},{\"@type\":\"WebPage\",\"@id\":\"https:\/\/blogg.svenskakyrkan.se\/vandravagen\/2019\/05\/12\/9-blandade-tankar-pa-sondagen-93\/\",\"url\":\"https:\/\/blogg.svenskakyrkan.se\/vandravagen\/2019\/05\/12\/9-blandade-tankar-pa-sondagen-93\/\",\"name\":\"9 blandade tankar p\u00e5 s\u00f6ndagen - Vandra V\u00e4gen\",\"isPartOf\":{\"@id\":\"https:\/\/blogg.svenskakyrkan.se\/vandravagen\/#website\"},\"primaryImageOfPage\":{\"@id\":\"https:\/\/blogg.svenskakyrkan.se\/vandravagen\/2019\/05\/12\/9-blandade-tankar-pa-sondagen-93\/#primaryimage\"},\"image\":{\"@id\":\"https:\/\/blogg.svenskakyrkan.se\/vandravagen\/2019\/05\/12\/9-blandade-tankar-pa-sondagen-93\/#primaryimage\"},\"thumbnailUrl\":\"https:\/\/blogg.svenskakyrkan.se\/vandravagen\/files\/2019\/05\/IMG_7132.jpg\",\"datePublished\":\"2019-05-12T05:00:03+00:00\",\"breadcrumb\":{\"@id\":\"https:\/\/blogg.svenskakyrkan.se\/vandravagen\/2019\/05\/12\/9-blandade-tankar-pa-sondagen-93\/#breadcrumb\"},\"inLanguage\":\"sv-SE\",\"potentialAction\":[{\"@type\":\"ReadAction\",\"target\":[\"https:\/\/blogg.svenskakyrkan.se\/vandravagen\/2019\/05\/12\/9-blandade-tankar-pa-sondagen-93\/\"]}]},{\"@type\":\"ImageObject\",\"inLanguage\":\"sv-SE\",\"@id\":\"https:\/\/blogg.svenskakyrkan.se\/vandravagen\/2019\/05\/12\/9-blandade-tankar-pa-sondagen-93\/#primaryimage\",\"url\":\"https:\/\/blogg.svenskakyrkan.se\/vandravagen\/files\/2019\/05\/IMG_7132.jpg\",\"contentUrl\":\"https:\/\/blogg.svenskakyrkan.se\/vandravagen\/files\/2019\/05\/IMG_7132.jpg\",\"width\":640,\"height\":643,\"caption\":\"Sankta Margareta brottar ner alla drakar som kommer i hennes v\u00e4g. S\u00e5 har hon ocks\u00e5 hittat V\u00e4gen till Livet!\"},{\"@type\":\"BreadcrumbList\",\"@id\":\"https:\/\/blogg.svenskakyrkan.se\/vandravagen\/2019\/05\/12\/9-blandade-tankar-pa-sondagen-93\/#breadcrumb\",\"itemListElement\":[{\"@type\":\"ListItem\",\"position\":1,\"name\":\"Hem\",\"item\":\"https:\/\/blogg.svenskakyrkan.se\/vandravagen\/\"},{\"@type\":\"ListItem\",\"position\":2,\"name\":\"9 blandade tankar p\u00e5 s\u00f6ndagen\"}]},{\"@type\":\"WebSite\",\"@id\":\"https:\/\/blogg.svenskakyrkan.se\/vandravagen\/#website\",\"url\":\"https:\/\/blogg.svenskakyrkan.se\/vandravagen\/\",\"name\":\"Vandra V\u00e4gen\",\"description\":\"-Mot en tro f\u00f6r hela livet\",\"publisher\":{\"@id\":\"https:\/\/blogg.svenskakyrkan.se\/vandravagen\/#organization\"},\"potentialAction\":[{\"@type\":\"SearchAction\",\"target\":{\"@type\":\"EntryPoint\",\"urlTemplate\":\"https:\/\/blogg.svenskakyrkan.se\/vandravagen\/?s={search_term_string}\"},\"query-input\":{\"@type\":\"PropertyValueSpecification\",\"valueRequired\":true,\"valueName\":\"search_term_string\"}}],\"inLanguage\":\"sv-SE\"},{\"@type\":\"Organization\",\"@id\":\"https:\/\/blogg.svenskakyrkan.se\/vandravagen\/#organization\",\"name\":\"ulricehamns pastorat\",\"alternateName\":\"ulricehamns pastorat\",\"url\":\"https:\/\/blogg.svenskakyrkan.se\/vandravagen\/\",\"logo\":{\"@type\":\"ImageObject\",\"inLanguage\":\"sv-SE\",\"@id\":\"https:\/\/blogg.svenskakyrkan.se\/vandravagen\/#\/schema\/logo\/image\/\",\"url\":\"https:\/\/blogg.svenskakyrkan.se\/vandravagen\/files\/2023\/05\/Ulr_logo_RGB.png\",\"contentUrl\":\"https:\/\/blogg.svenskakyrkan.se\/vandravagen\/files\/2023\/05\/Ulr_logo_RGB.png\",\"width\":205,\"height\":77,\"caption\":\"ulricehamns pastorat\"},\"image\":{\"@id\":\"https:\/\/blogg.svenskakyrkan.se\/vandravagen\/#\/schema\/logo\/image\/\"},\"sameAs\":[\"http:\/\/facebook.com\/vandravagen\",\"https:\/\/x.com\/fadertomas\",\"http:\/\/www.facebook.com\/svenskakyrkaniulricehamn\"]},{\"@type\":\"Person\",\"@id\":\"https:\/\/blogg.svenskakyrkan.se\/vandravagen\/#\/schema\/person\/25da02d4f76b137d04291711e2c9fc16\",\"name\":\"Tomas Jarvid\",\"image\":{\"@type\":\"ImageObject\",\"inLanguage\":\"sv-SE\",\"@id\":\"https:\/\/blogg.svenskakyrkan.se\/vandravagen\/#\/schema\/person\/image\/\",\"url\":\"https:\/\/secure.gravatar.com\/avatar\/7fa71899795e8f540f615a1f5ab25255dc27aa40f05ee7ddd21aac521e01bf50?s=96&d=identicon&r=g\",\"contentUrl\":\"https:\/\/secure.gravatar.com\/avatar\/7fa71899795e8f540f615a1f5ab25255dc27aa40f05ee7ddd21aac521e01bf50?s=96&d=identicon&r=g\",\"caption\":\"Tomas Jarvid\"},\"description\":\"Jag bor i Ulricehamn i V\u00e4sterg\u00f6tland och \u00e4r f\u00f6rsamlingspr\u00e4st i Svenska Kyrkan f\u00f6r Dalstorps f\u00f6rsamling i Kinds pastorat. P\u00e5 den h\u00e4r bloggen skriver jag ner tankar om vandringen som kristen.\",\"sameAs\":[\"http:\/\/www.vandravagen.se\"],\"url\":\"https:\/\/blogg.svenskakyrkan.se\/vandravagen\/author\/vandravagen\/\"}]}<\/script>\n<!-- \/ Yoast SEO plugin. -->","yoast_head_json":{"title":"9 blandade tankar p\u00e5 s\u00f6ndagen - Vandra V\u00e4gen","robots":{"index":"index","follow":"follow","max-snippet":"max-snippet:-1","max-image-preview":"max-image-preview:large","max-video-preview":"max-video-preview:-1"},"canonical":"https:\/\/blogg.svenskakyrkan.se\/vandravagen\/2019\/05\/12\/9-blandade-tankar-pa-sondagen-93\/","og_locale":"sv_SE","og_type":"article","og_title":"9 blandade tankar p\u00e5 s\u00f6ndagen - Vandra V\u00e4gen","og_description":"Glad s\u00f6ndag k\u00e4ra l\u00e4sare! 2. Idag ska jag leda gudstj\u00e4nst i Grims\u00e5s (11) och i Ljungsarp (14) s\u00e5 det vore roligt om ni alla kommer dit. Det har st\u00e5tt fel i tidningen just denna vecka s\u00e5 i v\u00e4rsta fall \u00e5ker alla till Nittorp ist\u00e4llet och m\u00f6ts av en st\u00e4ngd d\u00f6rr. 3. Jag vet ju att [&hellip;]","og_url":"https:\/\/blogg.svenskakyrkan.se\/vandravagen\/2019\/05\/12\/9-blandade-tankar-pa-sondagen-93\/","og_site_name":"Vandra V\u00e4gen","article_publisher":"http:\/\/facebook.com\/vandravagen","article_published_time":"2019-05-12T05:00:03+00:00","author":"Tomas Jarvid","twitter_card":"summary_large_image","twitter_creator":"@fadertomas","twitter_site":"@fadertomas","twitter_misc":{"Skriven av":"Tomas Jarvid","Ber\u00e4knad l\u00e4stid":"2 minuter"},"schema":{"@context":"https:\/\/schema.org","@graph":[{"@type":"Article","@id":"https:\/\/blogg.svenskakyrkan.se\/vandravagen\/2019\/05\/12\/9-blandade-tankar-pa-sondagen-93\/#article","isPartOf":{"@id":"https:\/\/blogg.svenskakyrkan.se\/vandravagen\/2019\/05\/12\/9-blandade-tankar-pa-sondagen-93\/"},"author":{"name":"Tomas Jarvid","@id":"https:\/\/blogg.svenskakyrkan.se\/vandravagen\/#\/schema\/person\/25da02d4f76b137d04291711e2c9fc16"},"headline":"9 blandade tankar p\u00e5 s\u00f6ndagen","datePublished":"2019-05-12T05:00:03+00:00","mainEntityOfPage":{"@id":"https:\/\/blogg.svenskakyrkan.se\/vandravagen\/2019\/05\/12\/9-blandade-tankar-pa-sondagen-93\/"},"wordCount":404,"commentCount":4,"publisher":{"@id":"https:\/\/blogg.svenskakyrkan.se\/vandravagen\/#organization"},"image":{"@id":"https:\/\/blogg.svenskakyrkan.se\/vandravagen\/2019\/05\/12\/9-blandade-tankar-pa-sondagen-93\/#primaryimage"},"thumbnailUrl":"https:\/\/blogg.svenskakyrkan.se\/vandravagen\/files\/2019\/05\/IMG_7132.jpg","articleSection":["blandat"],"inLanguage":"sv-SE","potentialAction":[{"@type":"CommentAction","name":"Comment","target":["https:\/\/blogg.svenskakyrkan.se\/vandravagen\/2019\/05\/12\/9-blandade-tankar-pa-sondagen-93\/#respond"]}]},{"@type":"WebPage","@id":"https:\/\/blogg.svenskakyrkan.se\/vandravagen\/2019\/05\/12\/9-blandade-tankar-pa-sondagen-93\/","url":"https:\/\/blogg.svenskakyrkan.se\/vandravagen\/2019\/05\/12\/9-blandade-tankar-pa-sondagen-93\/","name":"9 blandade tankar p\u00e5 s\u00f6ndagen - Vandra V\u00e4gen","isPartOf":{"@id":"https:\/\/blogg.svenskakyrkan.se\/vandravagen\/#website"},"primaryImageOfPage":{"@id":"https:\/\/blogg.svenskakyrkan.se\/vandravagen\/2019\/05\/12\/9-blandade-tankar-pa-sondagen-93\/#primaryimage"},"image":{"@id":"https:\/\/blogg.svenskakyrkan.se\/vandravagen\/2019\/05\/12\/9-blandade-tankar-pa-sondagen-93\/#primaryimage"},"thumbnailUrl":"https:\/\/blogg.svenskakyrkan.se\/vandravagen\/files\/2019\/05\/IMG_7132.jpg","datePublished":"2019-05-12T05:00:03+00:00","breadcrumb":{"@id":"https:\/\/blogg.svenskakyrkan.se\/vandravagen\/2019\/05\/12\/9-blandade-tankar-pa-sondagen-93\/#breadcrumb"},"inLanguage":"sv-SE","potentialAction":[{"@type":"ReadAction","target":["https:\/\/blogg.svenskakyrkan.se\/vandravagen\/2019\/05\/12\/9-blandade-tankar-pa-sondagen-93\/"]}]},{"@type":"ImageObject","inLanguage":"sv-SE","@id":"https:\/\/blogg.svenskakyrkan.se\/vandravagen\/2019\/05\/12\/9-blandade-tankar-pa-sondagen-93\/#primaryimage","url":"https:\/\/blogg.svenskakyrkan.se\/vandravagen\/files\/2019\/05\/IMG_7132.jpg","contentUrl":"https:\/\/blogg.svenskakyrkan.se\/vandravagen\/files\/2019\/05\/IMG_7132.jpg","width":640,"height":643,"caption":"Sankta Margareta brottar ner alla drakar som kommer i hennes v\u00e4g. S\u00e5 har hon ocks\u00e5 hittat V\u00e4gen till Livet!"},{"@type":"BreadcrumbList","@id":"https:\/\/blogg.svenskakyrkan.se\/vandravagen\/2019\/05\/12\/9-blandade-tankar-pa-sondagen-93\/#breadcrumb","itemListElement":[{"@type":"ListItem","position":1,"name":"Hem","item":"https:\/\/blogg.svenskakyrkan.se\/vandravagen\/"},{"@type":"ListItem","position":2,"name":"9 blandade tankar p\u00e5 s\u00f6ndagen"}]},{"@type":"WebSite","@id":"https:\/\/blogg.svenskakyrkan.se\/vandravagen\/#website","url":"https:\/\/blogg.svenskakyrkan.se\/vandravagen\/","name":"Vandra V\u00e4gen","description":"-Mot en tro f\u00f6r hela livet","publisher":{"@id":"https:\/\/blogg.svenskakyrkan.se\/vandravagen\/#organization"},"potentialAction":[{"@type":"SearchAction","target":{"@type":"EntryPoint","urlTemplate":"https:\/\/blogg.svenskakyrkan.se\/vandravagen\/?s={search_term_string}"},"query-input":{"@type":"PropertyValueSpecification","valueRequired":true,"valueName":"search_term_string"}}],"inLanguage":"sv-SE"},{"@type":"Organization","@id":"https:\/\/blogg.svenskakyrkan.se\/vandravagen\/#organization","name":"ulricehamns pastorat","alternateName":"ulricehamns pastorat","url":"https:\/\/blogg.svenskakyrkan.se\/vandravagen\/","logo":{"@type":"ImageObject","inLanguage":"sv-SE","@id":"https:\/\/blogg.svenskakyrkan.se\/vandravagen\/#\/schema\/logo\/image\/","url":"https:\/\/blogg.svenskakyrkan.se\/vandravagen\/files\/2023\/05\/Ulr_logo_RGB.png","contentUrl":"https:\/\/blogg.svenskakyrkan.se\/vandravagen\/files\/2023\/05\/Ulr_logo_RGB.png","width":205,"height":77,"caption":"ulricehamns pastorat"},"image":{"@id":"https:\/\/blogg.svenskakyrkan.se\/vandravagen\/#\/schema\/logo\/image\/"},"sameAs":["http:\/\/facebook.com\/vandravagen","https:\/\/x.com\/fadertomas","http:\/\/www.facebook.com\/svenskakyrkaniulricehamn"]},{"@type":"Person","@id":"https:\/\/blogg.svenskakyrkan.se\/vandravagen\/#\/schema\/person\/25da02d4f76b137d04291711e2c9fc16","name":"Tomas Jarvid","image":{"@type":"ImageObject","inLanguage":"sv-SE","@id":"https:\/\/blogg.svenskakyrkan.se\/vandravagen\/#\/schema\/person\/image\/","url":"https:\/\/secure.gravatar.com\/avatar\/7fa71899795e8f540f615a1f5ab25255dc27aa40f05ee7ddd21aac521e01bf50?s=96&d=identicon&r=g","contentUrl":"https:\/\/secure.gravatar.com\/avatar\/7fa71899795e8f540f615a1f5ab25255dc27aa40f05ee7ddd21aac521e01bf50?s=96&d=identicon&r=g","caption":"Tomas Jarvid"},"description":"Jag bor i Ulricehamn i V\u00e4sterg\u00f6tland och \u00e4r f\u00f6rsamlingspr\u00e4st i Svenska Kyrkan f\u00f6r Dalstorps f\u00f6rsamling i Kinds pastorat. P\u00e5 den h\u00e4r bloggen skriver jag ner tankar om vandringen som kristen.","sameAs":["http:\/\/www.vandravagen.se"],"url":"https:\/\/blogg.svenskakyrkan.se\/vandravagen\/author\/vandravagen\/"}]}},"author_meta":{"ID":"392","user_nicename":"vandravagen","user_url":"http:\/\/www.vandravagen.se","user_registered":"2014-05-19 05:44:52","display_name":"Tomas Jarvid","first_name":"Tomas","last_name":"Jarvid","avatar":"https:\/\/secure.gravatar.com\/avatar\/7fa71899795e8f540f615a1f5ab25255dc27aa40f05ee7ddd21aac521e01bf50?s=96&d=identicon&r=g"},"featured_image":["https:\/\/blogg.svenskakyrkan.se\/vandravagen\/files\/2019\/05\/IMG_7132.jpg",640,643,false],"bloginfo":{"name":"Vandra V\u00e4gen","url":"https:\/\/blogg.svenskakyrkan.se\/vandravagen"},"_links":{"self":[{"href":"https:\/\/blogg.svenskakyrkan.se\/vandravagen\/wp-json\/wp\/v2\/posts\/7166","targetHints":{"allow":["GET"]}}],"collection":[{"href":"https:\/\/blogg.svenskakyrkan.se\/vandravagen\/wp-json\/wp\/v2\/posts"}],"about":[{"href":"https:\/\/blogg.svenskakyrkan.se\/vandravagen\/wp-json\/wp\/v2\/types\/post"}],"author":[{"embeddable":true,"href":"https:\/\/blogg.svenskakyrkan.se\/vandravagen\/wp-json\/wp\/v2\/users\/392"}],"replies":[{"embeddable":true,"href":"https:\/\/blogg.svenskakyrkan.se\/vandravagen\/wp-json\/wp\/v2\/comments?post=7166"}],"version-history":[{"count":1,"href":"https:\/\/blogg.svenskakyrkan.se\/vandravagen\/wp-json\/wp\/v2\/posts\/7166\/revisions"}],"predecessor-version":[{"id":7168,"href":"https:\/\/blogg.svenskakyrkan.se\/vandravagen\/wp-json\/wp\/v2\/posts\/7166\/revisions\/7168"}],"wp:featuredmedia":[{"embeddable":true,"href":"https:\/\/blogg.svenskakyrkan.se\/vandravagen\/wp-json\/wp\/v2\/media\/7167"}],"wp:attachment":[{"href":"https:\/\/blogg.svenskakyrkan.se\/vandravagen\/wp-json\/wp\/v2\/media?parent=7166"}],"wp:term":[{"taxonomy":"category","embeddable":true,"href":"https:\/\/blogg.svenskakyrkan.se\/vandravagen\/wp-json\/wp\/v2\/categories?post=7166"},{"taxonomy":"post_tag","embeddable":true,"href":"https:\/\/blogg.svenskakyrkan.se\/vandravagen\/wp-json\/wp\/v2\/tags?post=7166"}],"curies":[{"name":"wp","href":"https:\/\/api.w.org\/{rel}","templated":true}]}}