{"id":718,"date":"2013-02-10T11:24:00","date_gmt":"2013-02-10T10:24:00","guid":{"rendered":"http:\/\/blogg.svenskakyrkan.se\/vandravagen\/2013\/02\/10\/vintervandring-pa-vagen\/"},"modified":"2013-02-10T11:24:00","modified_gmt":"2013-02-10T10:24:00","slug":"vintervandring-pa-vagen","status":"publish","type":"post","link":"https:\/\/blogg.svenskakyrkan.se\/vandravagen\/2013\/02\/10\/vintervandring-pa-vagen\/","title":{"rendered":"Vintervandring p\u00e5 v\u00e4gen"},"content":{"rendered":"<p>Bloggen heter nu en g\u00e5ng f\u00f6r alla Vandra V\u00e4gen. Ibland tar jag det bokstavligt och vandrar runt p\u00e5 v\u00e4garna i k\u00f6ttet. Med vagn ocks\u00e5 f\u00f6r det mesta, f\u00f6r lillan m\u00e5ste ju sova och s\u00e5. H\u00e4r \u00e4r n\u00e5gra bilder fr\u00e5n vinterv\u00e4garna kring G\u00f6tene! Vintern \u00e4r som b\u00e4st n\u00e4r det \u00e4r vitt p\u00e5 tr\u00e4den! Jag hade gjort bilderna st\u00f6rre om inte blogger hade gjort dem oskarpa vid komprimeringen in i bloggen. Jag vill bara p\u00e5peka att jag <i>kan<\/i> ta skarpa bilder, om jag vill&#8230;<\/p>\n<div><a href=\"https:\/\/lh3.googleusercontent.com\/-E3u2u9WQ19A\/URYWwhheOyI\/AAAAAAAACOk\/-SfHHmvD3J4\/s640\/blogger-image-1903024234.jpg\"><img loading=\"lazy\" decoding=\"async\" border=\"0\" height=\"320\" src=\"https:\/\/lh3.googleusercontent.com\/-E3u2u9WQ19A\/URYWwhheOyI\/AAAAAAAACOk\/-SfHHmvD3J4\/s320\/blogger-image-1903024234.jpg\" width=\"240\"><\/a><\/div>\n<div><a href=\"https:\/\/lh4.googleusercontent.com\/-UIHz62EyUGQ\/URV7Gwy7EKI\/AAAAAAAACNM\/4veiFIhEKSM\/s640\/blogger-image--96473588.jpg\"><img decoding=\"async\" border=\"0\" src=\"https:\/\/lh4.googleusercontent.com\/-UIHz62EyUGQ\/URV7Gwy7EKI\/AAAAAAAACNM\/4veiFIhEKSM\/s640\/blogger-image--96473588.jpg\"><\/a><\/div>\n<div><a href=\"https:\/\/lh5.googleusercontent.com\/-hUgnpgORF8k\/URV7A5dwjsI\/AAAAAAAACM8\/oxtjc0SIBFM\/s640\/blogger-image-285540429.jpg\"><img decoding=\"async\" border=\"0\" src=\"https:\/\/lh5.googleusercontent.com\/-hUgnpgORF8k\/URV7A5dwjsI\/AAAAAAAACM8\/oxtjc0SIBFM\/s640\/blogger-image-285540429.jpg\"><\/a><\/div>\n<div><a href=\"https:\/\/lh4.googleusercontent.com\/-RriaWaCe65E\/URV7D46_50I\/AAAAAAAACNE\/TAxKtT6-lxY\/s640\/blogger-image--180774825.jpg\"><img decoding=\"async\" border=\"0\" src=\"https:\/\/lh4.googleusercontent.com\/-RriaWaCe65E\/URV7D46_50I\/AAAAAAAACNE\/TAxKtT6-lxY\/s640\/blogger-image--180774825.jpg\"><\/a><\/div>\n<div><a href=\"https:\/\/lh3.googleusercontent.com\/-b5l5qqWvhXI\/URV7J6xSvBI\/AAAAAAAACNU\/ev0izbjcSKY\/s640\/blogger-image-875232779.jpg\"><img decoding=\"async\" border=\"0\" src=\"https:\/\/lh3.googleusercontent.com\/-b5l5qqWvhXI\/URV7J6xSvBI\/AAAAAAAACNU\/ev0izbjcSKY\/s640\/blogger-image-875232779.jpg\"><\/a><\/div>\n<div><a href=\"https:\/\/lh3.googleusercontent.com\/-cLdjCy2GRnk\/URV69TUsmZI\/AAAAAAAACM0\/BizISFjkto8\/s640\/blogger-image--951092303.jpg\"><img loading=\"lazy\" decoding=\"async\" border=\"0\" height=\"320\" src=\"https:\/\/lh3.googleusercontent.com\/-cLdjCy2GRnk\/URV69TUsmZI\/AAAAAAAACM0\/BizISFjkto8\/s320\/blogger-image--951092303.jpg\" width=\"320\"><\/a><\/div>\n<div><\/div>\n<div>Sist en liten stig bland tr\u00e4den.<\/div>\n","protected":false},"excerpt":{"rendered":"<p>Bloggen heter nu en g\u00e5ng f\u00f6r alla Vandra V\u00e4gen. Ibland tar jag det bokstavligt och vandrar runt p\u00e5 v\u00e4garna i k\u00f6ttet. Med vagn ocks\u00e5 f\u00f6r det mesta, f\u00f6r lillan m\u00e5ste ju sova och s\u00e5. H\u00e4r \u00e4r n\u00e5gra bilder fr\u00e5n vinterv\u00e4garna kring G\u00f6tene! Vintern \u00e4r som b\u00e4st n\u00e4r det \u00e4r vitt p\u00e5 tr\u00e4den! Jag hade gjort [&hellip;]<\/p>\n","protected":false},"author":392,"featured_media":0,"comment_status":"open","ping_status":"open","sticky":false,"template":"","format":"standard","meta":{"_acf_changed":false,"footnotes":""},"categories":[56,76766],"tags":[],"class_list":["post-718","post","type-post","status-publish","format-standard","hentry","category-bilder","category-blandat"],"acf":[],"yoast_head":"<!-- This site is optimized with the Yoast SEO plugin v27.1.1 - https:\/\/yoast.com\/product\/yoast-seo-wordpress\/ -->\n<title>Vintervandring p\u00e5 v\u00e4gen - Vandra V\u00e4gen<\/title>\n<meta name=\"robots\" content=\"index, follow, max-snippet:-1, max-image-preview:large, max-video-preview:-1\" \/>\n<link rel=\"canonical\" href=\"https:\/\/blogg.svenskakyrkan.se\/vandravagen\/2013\/02\/10\/vintervandring-pa-vagen\/\" \/>\n<meta property=\"og:locale\" content=\"sv_SE\" \/>\n<meta property=\"og:type\" content=\"article\" \/>\n<meta property=\"og:title\" content=\"Vintervandring p\u00e5 v\u00e4gen - Vandra V\u00e4gen\" \/>\n<meta property=\"og:description\" content=\"Bloggen heter nu en g\u00e5ng f\u00f6r alla Vandra V\u00e4gen. Ibland tar jag det bokstavligt och vandrar runt p\u00e5 v\u00e4garna i k\u00f6ttet. Med vagn ocks\u00e5 f\u00f6r det mesta, f\u00f6r lillan m\u00e5ste ju sova och s\u00e5. H\u00e4r \u00e4r n\u00e5gra bilder fr\u00e5n vinterv\u00e4garna kring G\u00f6tene! Vintern \u00e4r som b\u00e4st n\u00e4r det \u00e4r vitt p\u00e5 tr\u00e4den! Jag hade gjort [&hellip;]\" \/>\n<meta property=\"og:url\" content=\"https:\/\/blogg.svenskakyrkan.se\/vandravagen\/2013\/02\/10\/vintervandring-pa-vagen\/\" \/>\n<meta property=\"og:site_name\" content=\"Vandra V\u00e4gen\" \/>\n<meta property=\"article:publisher\" content=\"http:\/\/facebook.com\/vandravagen\" \/>\n<meta property=\"article:published_time\" content=\"2013-02-10T10:24:00+00:00\" \/>\n<meta property=\"og:image\" content=\"https:\/\/lh3.googleusercontent.com\/-E3u2u9WQ19A\/URYWwhheOyI\/AAAAAAAACOk\/-SfHHmvD3J4\/s320\/blogger-image-1903024234.jpg\" \/>\n<meta name=\"author\" content=\"Tomas Jarvid\" \/>\n<meta name=\"twitter:card\" content=\"summary_large_image\" \/>\n<meta name=\"twitter:creator\" content=\"@fadertomas\" \/>\n<meta name=\"twitter:site\" content=\"@fadertomas\" \/>\n<meta name=\"twitter:label1\" content=\"Skriven av\" \/>\n\t<meta name=\"twitter:data1\" content=\"Tomas Jarvid\" \/>\n\t<meta name=\"twitter:label2\" content=\"Ber\u00e4knad l\u00e4stid\" \/>\n\t<meta name=\"twitter:data2\" content=\"1 minut\" \/>\n<script type=\"application\/ld+json\" class=\"yoast-schema-graph\">{\"@context\":\"https:\/\/schema.org\",\"@graph\":[{\"@type\":\"Article\",\"@id\":\"https:\/\/blogg.svenskakyrkan.se\/vandravagen\/2013\/02\/10\/vintervandring-pa-vagen\/#article\",\"isPartOf\":{\"@id\":\"https:\/\/blogg.svenskakyrkan.se\/vandravagen\/2013\/02\/10\/vintervandring-pa-vagen\/\"},\"author\":{\"name\":\"Tomas Jarvid\",\"@id\":\"https:\/\/blogg.svenskakyrkan.se\/vandravagen\/#\/schema\/person\/25da02d4f76b137d04291711e2c9fc16\"},\"headline\":\"Vintervandring p\u00e5 v\u00e4gen\",\"datePublished\":\"2013-02-10T10:24:00+00:00\",\"mainEntityOfPage\":{\"@id\":\"https:\/\/blogg.svenskakyrkan.se\/vandravagen\/2013\/02\/10\/vintervandring-pa-vagen\/\"},\"wordCount\":111,\"commentCount\":0,\"publisher\":{\"@id\":\"https:\/\/blogg.svenskakyrkan.se\/vandravagen\/#organization\"},\"image\":{\"@id\":\"https:\/\/blogg.svenskakyrkan.se\/vandravagen\/2013\/02\/10\/vintervandring-pa-vagen\/#primaryimage\"},\"thumbnailUrl\":\"https:\/\/lh3.googleusercontent.com\/-E3u2u9WQ19A\/URYWwhheOyI\/AAAAAAAACOk\/-SfHHmvD3J4\/s320\/blogger-image-1903024234.jpg\",\"articleSection\":[\"bilder\",\"blandat\"],\"inLanguage\":\"sv-SE\",\"potentialAction\":[{\"@type\":\"CommentAction\",\"name\":\"Comment\",\"target\":[\"https:\/\/blogg.svenskakyrkan.se\/vandravagen\/2013\/02\/10\/vintervandring-pa-vagen\/#respond\"]}]},{\"@type\":\"WebPage\",\"@id\":\"https:\/\/blogg.svenskakyrkan.se\/vandravagen\/2013\/02\/10\/vintervandring-pa-vagen\/\",\"url\":\"https:\/\/blogg.svenskakyrkan.se\/vandravagen\/2013\/02\/10\/vintervandring-pa-vagen\/\",\"name\":\"Vintervandring p\u00e5 v\u00e4gen - Vandra V\u00e4gen\",\"isPartOf\":{\"@id\":\"https:\/\/blogg.svenskakyrkan.se\/vandravagen\/#website\"},\"primaryImageOfPage\":{\"@id\":\"https:\/\/blogg.svenskakyrkan.se\/vandravagen\/2013\/02\/10\/vintervandring-pa-vagen\/#primaryimage\"},\"image\":{\"@id\":\"https:\/\/blogg.svenskakyrkan.se\/vandravagen\/2013\/02\/10\/vintervandring-pa-vagen\/#primaryimage\"},\"thumbnailUrl\":\"https:\/\/lh3.googleusercontent.com\/-E3u2u9WQ19A\/URYWwhheOyI\/AAAAAAAACOk\/-SfHHmvD3J4\/s320\/blogger-image-1903024234.jpg\",\"datePublished\":\"2013-02-10T10:24:00+00:00\",\"breadcrumb\":{\"@id\":\"https:\/\/blogg.svenskakyrkan.se\/vandravagen\/2013\/02\/10\/vintervandring-pa-vagen\/#breadcrumb\"},\"inLanguage\":\"sv-SE\",\"potentialAction\":[{\"@type\":\"ReadAction\",\"target\":[\"https:\/\/blogg.svenskakyrkan.se\/vandravagen\/2013\/02\/10\/vintervandring-pa-vagen\/\"]}]},{\"@type\":\"ImageObject\",\"inLanguage\":\"sv-SE\",\"@id\":\"https:\/\/blogg.svenskakyrkan.se\/vandravagen\/2013\/02\/10\/vintervandring-pa-vagen\/#primaryimage\",\"url\":\"https:\/\/lh3.googleusercontent.com\/-E3u2u9WQ19A\/URYWwhheOyI\/AAAAAAAACOk\/-SfHHmvD3J4\/s320\/blogger-image-1903024234.jpg\",\"contentUrl\":\"https:\/\/lh3.googleusercontent.com\/-E3u2u9WQ19A\/URYWwhheOyI\/AAAAAAAACOk\/-SfHHmvD3J4\/s320\/blogger-image-1903024234.jpg\"},{\"@type\":\"BreadcrumbList\",\"@id\":\"https:\/\/blogg.svenskakyrkan.se\/vandravagen\/2013\/02\/10\/vintervandring-pa-vagen\/#breadcrumb\",\"itemListElement\":[{\"@type\":\"ListItem\",\"position\":1,\"name\":\"Hem\",\"item\":\"https:\/\/blogg.svenskakyrkan.se\/vandravagen\/\"},{\"@type\":\"ListItem\",\"position\":2,\"name\":\"Vintervandring p\u00e5 v\u00e4gen\"}]},{\"@type\":\"WebSite\",\"@id\":\"https:\/\/blogg.svenskakyrkan.se\/vandravagen\/#website\",\"url\":\"https:\/\/blogg.svenskakyrkan.se\/vandravagen\/\",\"name\":\"Vandra V\u00e4gen\",\"description\":\"-Mot en tro f\u00f6r hela livet\",\"publisher\":{\"@id\":\"https:\/\/blogg.svenskakyrkan.se\/vandravagen\/#organization\"},\"potentialAction\":[{\"@type\":\"SearchAction\",\"target\":{\"@type\":\"EntryPoint\",\"urlTemplate\":\"https:\/\/blogg.svenskakyrkan.se\/vandravagen\/?s={search_term_string}\"},\"query-input\":{\"@type\":\"PropertyValueSpecification\",\"valueRequired\":true,\"valueName\":\"search_term_string\"}}],\"inLanguage\":\"sv-SE\"},{\"@type\":\"Organization\",\"@id\":\"https:\/\/blogg.svenskakyrkan.se\/vandravagen\/#organization\",\"name\":\"ulricehamns pastorat\",\"alternateName\":\"ulricehamns pastorat\",\"url\":\"https:\/\/blogg.svenskakyrkan.se\/vandravagen\/\",\"logo\":{\"@type\":\"ImageObject\",\"inLanguage\":\"sv-SE\",\"@id\":\"https:\/\/blogg.svenskakyrkan.se\/vandravagen\/#\/schema\/logo\/image\/\",\"url\":\"https:\/\/blogg.svenskakyrkan.se\/vandravagen\/files\/2023\/05\/Ulr_logo_RGB.png\",\"contentUrl\":\"https:\/\/blogg.svenskakyrkan.se\/vandravagen\/files\/2023\/05\/Ulr_logo_RGB.png\",\"width\":205,\"height\":77,\"caption\":\"ulricehamns pastorat\"},\"image\":{\"@id\":\"https:\/\/blogg.svenskakyrkan.se\/vandravagen\/#\/schema\/logo\/image\/\"},\"sameAs\":[\"http:\/\/facebook.com\/vandravagen\",\"https:\/\/x.com\/fadertomas\",\"http:\/\/www.facebook.com\/svenskakyrkaniulricehamn\"]},{\"@type\":\"Person\",\"@id\":\"https:\/\/blogg.svenskakyrkan.se\/vandravagen\/#\/schema\/person\/25da02d4f76b137d04291711e2c9fc16\",\"name\":\"Tomas Jarvid\",\"image\":{\"@type\":\"ImageObject\",\"inLanguage\":\"sv-SE\",\"@id\":\"https:\/\/blogg.svenskakyrkan.se\/vandravagen\/#\/schema\/person\/image\/\",\"url\":\"https:\/\/secure.gravatar.com\/avatar\/7fa71899795e8f540f615a1f5ab25255dc27aa40f05ee7ddd21aac521e01bf50?s=96&d=identicon&r=g\",\"contentUrl\":\"https:\/\/secure.gravatar.com\/avatar\/7fa71899795e8f540f615a1f5ab25255dc27aa40f05ee7ddd21aac521e01bf50?s=96&d=identicon&r=g\",\"caption\":\"Tomas Jarvid\"},\"description\":\"Jag bor i Ulricehamn i V\u00e4sterg\u00f6tland och \u00e4r f\u00f6rsamlingspr\u00e4st i Svenska Kyrkan f\u00f6r Dalstorps f\u00f6rsamling i Kinds pastorat. P\u00e5 den h\u00e4r bloggen skriver jag ner tankar om vandringen som kristen.\",\"sameAs\":[\"http:\/\/www.vandravagen.se\"],\"url\":\"https:\/\/blogg.svenskakyrkan.se\/vandravagen\/author\/vandravagen\/\"}]}<\/script>\n<!-- \/ Yoast SEO plugin. -->","yoast_head_json":{"title":"Vintervandring p\u00e5 v\u00e4gen - Vandra V\u00e4gen","robots":{"index":"index","follow":"follow","max-snippet":"max-snippet:-1","max-image-preview":"max-image-preview:large","max-video-preview":"max-video-preview:-1"},"canonical":"https:\/\/blogg.svenskakyrkan.se\/vandravagen\/2013\/02\/10\/vintervandring-pa-vagen\/","og_locale":"sv_SE","og_type":"article","og_title":"Vintervandring p\u00e5 v\u00e4gen - Vandra V\u00e4gen","og_description":"Bloggen heter nu en g\u00e5ng f\u00f6r alla Vandra V\u00e4gen. Ibland tar jag det bokstavligt och vandrar runt p\u00e5 v\u00e4garna i k\u00f6ttet. Med vagn ocks\u00e5 f\u00f6r det mesta, f\u00f6r lillan m\u00e5ste ju sova och s\u00e5. H\u00e4r \u00e4r n\u00e5gra bilder fr\u00e5n vinterv\u00e4garna kring G\u00f6tene! Vintern \u00e4r som b\u00e4st n\u00e4r det \u00e4r vitt p\u00e5 tr\u00e4den! Jag hade gjort [&hellip;]","og_url":"https:\/\/blogg.svenskakyrkan.se\/vandravagen\/2013\/02\/10\/vintervandring-pa-vagen\/","og_site_name":"Vandra V\u00e4gen","article_publisher":"http:\/\/facebook.com\/vandravagen","article_published_time":"2013-02-10T10:24:00+00:00","og_image":[{"url":"https:\/\/lh3.googleusercontent.com\/-E3u2u9WQ19A\/URYWwhheOyI\/AAAAAAAACOk\/-SfHHmvD3J4\/s320\/blogger-image-1903024234.jpg","type":"","width":"","height":""}],"author":"Tomas Jarvid","twitter_card":"summary_large_image","twitter_creator":"@fadertomas","twitter_site":"@fadertomas","twitter_misc":{"Skriven av":"Tomas Jarvid","Ber\u00e4knad l\u00e4stid":"1 minut"},"schema":{"@context":"https:\/\/schema.org","@graph":[{"@type":"Article","@id":"https:\/\/blogg.svenskakyrkan.se\/vandravagen\/2013\/02\/10\/vintervandring-pa-vagen\/#article","isPartOf":{"@id":"https:\/\/blogg.svenskakyrkan.se\/vandravagen\/2013\/02\/10\/vintervandring-pa-vagen\/"},"author":{"name":"Tomas Jarvid","@id":"https:\/\/blogg.svenskakyrkan.se\/vandravagen\/#\/schema\/person\/25da02d4f76b137d04291711e2c9fc16"},"headline":"Vintervandring p\u00e5 v\u00e4gen","datePublished":"2013-02-10T10:24:00+00:00","mainEntityOfPage":{"@id":"https:\/\/blogg.svenskakyrkan.se\/vandravagen\/2013\/02\/10\/vintervandring-pa-vagen\/"},"wordCount":111,"commentCount":0,"publisher":{"@id":"https:\/\/blogg.svenskakyrkan.se\/vandravagen\/#organization"},"image":{"@id":"https:\/\/blogg.svenskakyrkan.se\/vandravagen\/2013\/02\/10\/vintervandring-pa-vagen\/#primaryimage"},"thumbnailUrl":"https:\/\/lh3.googleusercontent.com\/-E3u2u9WQ19A\/URYWwhheOyI\/AAAAAAAACOk\/-SfHHmvD3J4\/s320\/blogger-image-1903024234.jpg","articleSection":["bilder","blandat"],"inLanguage":"sv-SE","potentialAction":[{"@type":"CommentAction","name":"Comment","target":["https:\/\/blogg.svenskakyrkan.se\/vandravagen\/2013\/02\/10\/vintervandring-pa-vagen\/#respond"]}]},{"@type":"WebPage","@id":"https:\/\/blogg.svenskakyrkan.se\/vandravagen\/2013\/02\/10\/vintervandring-pa-vagen\/","url":"https:\/\/blogg.svenskakyrkan.se\/vandravagen\/2013\/02\/10\/vintervandring-pa-vagen\/","name":"Vintervandring p\u00e5 v\u00e4gen - Vandra V\u00e4gen","isPartOf":{"@id":"https:\/\/blogg.svenskakyrkan.se\/vandravagen\/#website"},"primaryImageOfPage":{"@id":"https:\/\/blogg.svenskakyrkan.se\/vandravagen\/2013\/02\/10\/vintervandring-pa-vagen\/#primaryimage"},"image":{"@id":"https:\/\/blogg.svenskakyrkan.se\/vandravagen\/2013\/02\/10\/vintervandring-pa-vagen\/#primaryimage"},"thumbnailUrl":"https:\/\/lh3.googleusercontent.com\/-E3u2u9WQ19A\/URYWwhheOyI\/AAAAAAAACOk\/-SfHHmvD3J4\/s320\/blogger-image-1903024234.jpg","datePublished":"2013-02-10T10:24:00+00:00","breadcrumb":{"@id":"https:\/\/blogg.svenskakyrkan.se\/vandravagen\/2013\/02\/10\/vintervandring-pa-vagen\/#breadcrumb"},"inLanguage":"sv-SE","potentialAction":[{"@type":"ReadAction","target":["https:\/\/blogg.svenskakyrkan.se\/vandravagen\/2013\/02\/10\/vintervandring-pa-vagen\/"]}]},{"@type":"ImageObject","inLanguage":"sv-SE","@id":"https:\/\/blogg.svenskakyrkan.se\/vandravagen\/2013\/02\/10\/vintervandring-pa-vagen\/#primaryimage","url":"https:\/\/lh3.googleusercontent.com\/-E3u2u9WQ19A\/URYWwhheOyI\/AAAAAAAACOk\/-SfHHmvD3J4\/s320\/blogger-image-1903024234.jpg","contentUrl":"https:\/\/lh3.googleusercontent.com\/-E3u2u9WQ19A\/URYWwhheOyI\/AAAAAAAACOk\/-SfHHmvD3J4\/s320\/blogger-image-1903024234.jpg"},{"@type":"BreadcrumbList","@id":"https:\/\/blogg.svenskakyrkan.se\/vandravagen\/2013\/02\/10\/vintervandring-pa-vagen\/#breadcrumb","itemListElement":[{"@type":"ListItem","position":1,"name":"Hem","item":"https:\/\/blogg.svenskakyrkan.se\/vandravagen\/"},{"@type":"ListItem","position":2,"name":"Vintervandring p\u00e5 v\u00e4gen"}]},{"@type":"WebSite","@id":"https:\/\/blogg.svenskakyrkan.se\/vandravagen\/#website","url":"https:\/\/blogg.svenskakyrkan.se\/vandravagen\/","name":"Vandra V\u00e4gen","description":"-Mot en tro f\u00f6r hela livet","publisher":{"@id":"https:\/\/blogg.svenskakyrkan.se\/vandravagen\/#organization"},"potentialAction":[{"@type":"SearchAction","target":{"@type":"EntryPoint","urlTemplate":"https:\/\/blogg.svenskakyrkan.se\/vandravagen\/?s={search_term_string}"},"query-input":{"@type":"PropertyValueSpecification","valueRequired":true,"valueName":"search_term_string"}}],"inLanguage":"sv-SE"},{"@type":"Organization","@id":"https:\/\/blogg.svenskakyrkan.se\/vandravagen\/#organization","name":"ulricehamns pastorat","alternateName":"ulricehamns pastorat","url":"https:\/\/blogg.svenskakyrkan.se\/vandravagen\/","logo":{"@type":"ImageObject","inLanguage":"sv-SE","@id":"https:\/\/blogg.svenskakyrkan.se\/vandravagen\/#\/schema\/logo\/image\/","url":"https:\/\/blogg.svenskakyrkan.se\/vandravagen\/files\/2023\/05\/Ulr_logo_RGB.png","contentUrl":"https:\/\/blogg.svenskakyrkan.se\/vandravagen\/files\/2023\/05\/Ulr_logo_RGB.png","width":205,"height":77,"caption":"ulricehamns pastorat"},"image":{"@id":"https:\/\/blogg.svenskakyrkan.se\/vandravagen\/#\/schema\/logo\/image\/"},"sameAs":["http:\/\/facebook.com\/vandravagen","https:\/\/x.com\/fadertomas","http:\/\/www.facebook.com\/svenskakyrkaniulricehamn"]},{"@type":"Person","@id":"https:\/\/blogg.svenskakyrkan.se\/vandravagen\/#\/schema\/person\/25da02d4f76b137d04291711e2c9fc16","name":"Tomas Jarvid","image":{"@type":"ImageObject","inLanguage":"sv-SE","@id":"https:\/\/blogg.svenskakyrkan.se\/vandravagen\/#\/schema\/person\/image\/","url":"https:\/\/secure.gravatar.com\/avatar\/7fa71899795e8f540f615a1f5ab25255dc27aa40f05ee7ddd21aac521e01bf50?s=96&d=identicon&r=g","contentUrl":"https:\/\/secure.gravatar.com\/avatar\/7fa71899795e8f540f615a1f5ab25255dc27aa40f05ee7ddd21aac521e01bf50?s=96&d=identicon&r=g","caption":"Tomas Jarvid"},"description":"Jag bor i Ulricehamn i V\u00e4sterg\u00f6tland och \u00e4r f\u00f6rsamlingspr\u00e4st i Svenska Kyrkan f\u00f6r Dalstorps f\u00f6rsamling i Kinds pastorat. P\u00e5 den h\u00e4r bloggen skriver jag ner tankar om vandringen som kristen.","sameAs":["http:\/\/www.vandravagen.se"],"url":"https:\/\/blogg.svenskakyrkan.se\/vandravagen\/author\/vandravagen\/"}]}},"author_meta":{"ID":"392","user_nicename":"vandravagen","user_url":"http:\/\/www.vandravagen.se","user_registered":"2014-05-19 05:44:52","display_name":"Tomas Jarvid","first_name":"Tomas","last_name":"Jarvid","avatar":"https:\/\/secure.gravatar.com\/avatar\/7fa71899795e8f540f615a1f5ab25255dc27aa40f05ee7ddd21aac521e01bf50?s=96&d=identicon&r=g"},"featured_image":false,"bloginfo":{"name":"Vandra V\u00e4gen","url":"https:\/\/blogg.svenskakyrkan.se\/vandravagen"},"_links":{"self":[{"href":"https:\/\/blogg.svenskakyrkan.se\/vandravagen\/wp-json\/wp\/v2\/posts\/718","targetHints":{"allow":["GET"]}}],"collection":[{"href":"https:\/\/blogg.svenskakyrkan.se\/vandravagen\/wp-json\/wp\/v2\/posts"}],"about":[{"href":"https:\/\/blogg.svenskakyrkan.se\/vandravagen\/wp-json\/wp\/v2\/types\/post"}],"author":[{"embeddable":true,"href":"https:\/\/blogg.svenskakyrkan.se\/vandravagen\/wp-json\/wp\/v2\/users\/392"}],"replies":[{"embeddable":true,"href":"https:\/\/blogg.svenskakyrkan.se\/vandravagen\/wp-json\/wp\/v2\/comments?post=718"}],"version-history":[{"count":0,"href":"https:\/\/blogg.svenskakyrkan.se\/vandravagen\/wp-json\/wp\/v2\/posts\/718\/revisions"}],"wp:attachment":[{"href":"https:\/\/blogg.svenskakyrkan.se\/vandravagen\/wp-json\/wp\/v2\/media?parent=718"}],"wp:term":[{"taxonomy":"category","embeddable":true,"href":"https:\/\/blogg.svenskakyrkan.se\/vandravagen\/wp-json\/wp\/v2\/categories?post=718"},{"taxonomy":"post_tag","embeddable":true,"href":"https:\/\/blogg.svenskakyrkan.se\/vandravagen\/wp-json\/wp\/v2\/tags?post=718"}],"curies":[{"name":"wp","href":"https:\/\/api.w.org\/{rel}","templated":true}]}}