{"id":7182,"date":"2019-05-23T07:00:25","date_gmt":"2019-05-23T05:00:25","guid":{"rendered":"http:\/\/blogg.svenskakyrkan.se\/vandravagen\/?p=7182"},"modified":"2019-05-22T08:41:10","modified_gmt":"2019-05-22T06:41:10","slug":"tva-ortodoxa-skal-att-ha-levande-ljus","status":"publish","type":"post","link":"https:\/\/blogg.svenskakyrkan.se\/vandravagen\/2019\/05\/23\/tva-ortodoxa-skal-att-ha-levande-ljus\/","title":{"rendered":"Tv\u00e5 ortodoxa sk\u00e4l att ha levande ljus"},"content":{"rendered":"<p>Vi har \u00e4nnu en g\u00e5ng varit med konfirmanderna p\u00e5 bes\u00f6k i den koptiska kyrkan i G\u00f6teborg och tr\u00e4ffat pr\u00e4sten Fader Shenouda d\u00e4r. Jag har skrivit tidigare h\u00e4r p\u00e5 bloggen <a href=\"https:\/\/blogg.svenskakyrkan.se\/vandravagen\/2018\/05\/15\/manniskor-utan-naglar\/\">om m\u00e4nniskor utan naglar<\/a>, l\u00e4s g\u00e4rna om det!<\/p>\n<p>Han pekade ut olika saker i kyrkorummet f\u00f6r oss och ber\u00e4ttade om dem. Bland annat kom han in p\u00e5 hur det kom sig att de hade <strong>levande ljus i kyrkan<\/strong>. Det \u00e4r ju ett s\u00e5 sj\u00e4lvklart inslag \u00e4ven i v\u00e5ra kyrkor att vi f\u00f6rmodligen inte alls t\u00e4nkt p\u00e5 att motivera det p\u00e5 n\u00e5got annat s\u00e4tt \u00e4n att det \u00e4r fint.<\/p>\n<p>Fader Shenouda \u00e5tergav d\u00e5 ett bibelst\u00e4lle i apostlag\u00e4rningarna d\u00e4r det st\u00e5r s\u00e5 h\u00e4r:<\/p>\n<blockquote>\n<p>&#8221;Dagen efter sabbaten hade vi samlats f\u00f6r att bryta br\u00f6d. Paulus, som skulle resa n\u00e4sta dag, talade till br\u00f6derna, och han h\u00f6ll p\u00e5 \u00e4nda till midnatt. Det fanns <strong>m\u00e5nga lampor<\/strong> i det rum p\u00e5 \u00f6versta v\u00e5ningen d\u00e4r vi var samlade. <span class=\"selection\">En ung man som hette Eutychos hade satt sig i f\u00f6nstret. Han f\u00f6ll i djup s\u00f6mn d\u00e5 Paulus talade s\u00e5 l\u00e4nge, och i s\u00f6mnen ramlade han ut fr\u00e5n tredje v\u00e5ningen, och n\u00e4r man lyfte upp honom var han d\u00f6d. <\/span>Paulus kom d\u00e5 ner och lade sig \u00f6ver honom, slog armarna om honom och sade: \u201dSluta med er klagan, han lever!\u201d Och han gick upp igen, br\u00f6t br\u00f6det och \u00e5t. Sedan fortsatte han l\u00e4nge att predika, \u00e4nda till gryningen, d\u00e5 han l\u00e4mnade dem. Ynglingen levde och kunde f\u00f6ras hem, och de k\u00e4nde en stark tillf\u00f6rsikt.&#8221; (apg 20:7ff)<\/p>\n<\/blockquote>\n<p>Jag tyckte det var v\u00e4ldigt fascinerande att de plockat ut just de levande ljusen som detalj ur den ber\u00e4ttelsen, det \u00e4r ju inte direkt i f\u00f6rgrunden (fast kanske var det syrebristen fr\u00e5n brinnande ljus och m\u00e5nga m\u00e4nniskor som gjorde att han somnade \u00f6ver huvud taget?) och \u00e4nd\u00e5 tog man det allts\u00e5 som tecken p\u00e5 att det bra med t\u00e4nda ljus d\u00e5 man samlas kring evangeliet.<\/p>\n<p>Han liknade ocks\u00e5 stearinljuset vid Kristus. Ljuset brinner ju och ger ljus samtidigt som det brinner ner och f\u00f6rt\u00e4rs p\u00e5 samma g\u00e5ng och Jesus gav ju upp sitt liv f\u00f6r oss f\u00f6r att ge oss livets ljus.<\/p>\n<p>D\u00e4r har du lite att t\u00e4nka p\u00e5 n\u00e4sta g\u00e5ng du t\u00e4nder ett stearinljus.<\/p>\n","protected":false},"excerpt":{"rendered":"<p>Vi har \u00e4nnu en g\u00e5ng varit med konfirmanderna p\u00e5 bes\u00f6k i den koptiska kyrkan i G\u00f6teborg och tr\u00e4ffat pr\u00e4sten Fader Shenouda d\u00e4r. Jag har skrivit tidigare h\u00e4r p\u00e5 bloggen om m\u00e4nniskor utan naglar, l\u00e4s g\u00e4rna om det! Han pekade ut olika saker i kyrkorummet f\u00f6r oss och ber\u00e4ttade om dem. Bland annat kom han in [&hellip;]<\/p>\n","protected":false},"author":392,"featured_media":7183,"comment_status":"open","ping_status":"open","sticky":false,"template":"","format":"standard","meta":{"_acf_changed":false,"footnotes":""},"categories":[8298,77928,33574,117],"tags":[],"class_list":["post-7182","post","type-post","status-publish","format-standard","has-post-thumbnail","hentry","category-bibeln","category-ikon","category-kyrkan","category-teologi"],"acf":[],"yoast_head":"<!-- This site is optimized with the Yoast SEO plugin v27.1.1 - https:\/\/yoast.com\/product\/yoast-seo-wordpress\/ -->\n<title>Tv\u00e5 ortodoxa sk\u00e4l att ha levande ljus - Vandra V\u00e4gen<\/title>\n<meta name=\"robots\" content=\"index, follow, max-snippet:-1, max-image-preview:large, max-video-preview:-1\" \/>\n<link rel=\"canonical\" href=\"https:\/\/blogg.svenskakyrkan.se\/vandravagen\/2019\/05\/23\/tva-ortodoxa-skal-att-ha-levande-ljus\/\" \/>\n<meta property=\"og:locale\" content=\"sv_SE\" \/>\n<meta property=\"og:type\" content=\"article\" \/>\n<meta property=\"og:title\" content=\"Tv\u00e5 ortodoxa sk\u00e4l att ha levande ljus - Vandra V\u00e4gen\" \/>\n<meta property=\"og:description\" content=\"Vi har \u00e4nnu en g\u00e5ng varit med konfirmanderna p\u00e5 bes\u00f6k i den koptiska kyrkan i G\u00f6teborg och tr\u00e4ffat pr\u00e4sten Fader Shenouda d\u00e4r. Jag har skrivit tidigare h\u00e4r p\u00e5 bloggen om m\u00e4nniskor utan naglar, l\u00e4s g\u00e4rna om det! Han pekade ut olika saker i kyrkorummet f\u00f6r oss och ber\u00e4ttade om dem. Bland annat kom han in [&hellip;]\" \/>\n<meta property=\"og:url\" content=\"https:\/\/blogg.svenskakyrkan.se\/vandravagen\/2019\/05\/23\/tva-ortodoxa-skal-att-ha-levande-ljus\/\" \/>\n<meta property=\"og:site_name\" content=\"Vandra V\u00e4gen\" \/>\n<meta property=\"article:publisher\" content=\"http:\/\/facebook.com\/vandravagen\" \/>\n<meta property=\"article:published_time\" content=\"2019-05-23T05:00:25+00:00\" \/>\n<meta name=\"author\" content=\"Tomas Jarvid\" \/>\n<meta name=\"twitter:card\" content=\"summary_large_image\" \/>\n<meta name=\"twitter:creator\" content=\"@fadertomas\" \/>\n<meta name=\"twitter:site\" content=\"@fadertomas\" \/>\n<meta name=\"twitter:label1\" content=\"Skriven av\" \/>\n\t<meta name=\"twitter:data1\" content=\"Tomas Jarvid\" \/>\n\t<meta name=\"twitter:label2\" content=\"Ber\u00e4knad l\u00e4stid\" \/>\n\t<meta name=\"twitter:data2\" content=\"2 minuter\" \/>\n<script type=\"application\/ld+json\" class=\"yoast-schema-graph\">{\"@context\":\"https:\/\/schema.org\",\"@graph\":[{\"@type\":\"Article\",\"@id\":\"https:\/\/blogg.svenskakyrkan.se\/vandravagen\/2019\/05\/23\/tva-ortodoxa-skal-att-ha-levande-ljus\/#article\",\"isPartOf\":{\"@id\":\"https:\/\/blogg.svenskakyrkan.se\/vandravagen\/2019\/05\/23\/tva-ortodoxa-skal-att-ha-levande-ljus\/\"},\"author\":{\"name\":\"Tomas Jarvid\",\"@id\":\"https:\/\/blogg.svenskakyrkan.se\/vandravagen\/#\/schema\/person\/25da02d4f76b137d04291711e2c9fc16\"},\"headline\":\"Tv\u00e5 ortodoxa sk\u00e4l att ha levande ljus\",\"datePublished\":\"2019-05-23T05:00:25+00:00\",\"mainEntityOfPage\":{\"@id\":\"https:\/\/blogg.svenskakyrkan.se\/vandravagen\/2019\/05\/23\/tva-ortodoxa-skal-att-ha-levande-ljus\/\"},\"wordCount\":433,\"commentCount\":7,\"publisher\":{\"@id\":\"https:\/\/blogg.svenskakyrkan.se\/vandravagen\/#organization\"},\"image\":{\"@id\":\"https:\/\/blogg.svenskakyrkan.se\/vandravagen\/2019\/05\/23\/tva-ortodoxa-skal-att-ha-levande-ljus\/#primaryimage\"},\"thumbnailUrl\":\"https:\/\/blogg.svenskakyrkan.se\/vandravagen\/files\/2019\/05\/Jesus.php4_.jpg\",\"articleSection\":[\"Bibeln\",\"ikon\",\"kyrkan\",\"Teologi\"],\"inLanguage\":\"sv-SE\",\"potentialAction\":[{\"@type\":\"CommentAction\",\"name\":\"Comment\",\"target\":[\"https:\/\/blogg.svenskakyrkan.se\/vandravagen\/2019\/05\/23\/tva-ortodoxa-skal-att-ha-levande-ljus\/#respond\"]}]},{\"@type\":\"WebPage\",\"@id\":\"https:\/\/blogg.svenskakyrkan.se\/vandravagen\/2019\/05\/23\/tva-ortodoxa-skal-att-ha-levande-ljus\/\",\"url\":\"https:\/\/blogg.svenskakyrkan.se\/vandravagen\/2019\/05\/23\/tva-ortodoxa-skal-att-ha-levande-ljus\/\",\"name\":\"Tv\u00e5 ortodoxa sk\u00e4l att ha levande ljus - Vandra V\u00e4gen\",\"isPartOf\":{\"@id\":\"https:\/\/blogg.svenskakyrkan.se\/vandravagen\/#website\"},\"primaryImageOfPage\":{\"@id\":\"https:\/\/blogg.svenskakyrkan.se\/vandravagen\/2019\/05\/23\/tva-ortodoxa-skal-att-ha-levande-ljus\/#primaryimage\"},\"image\":{\"@id\":\"https:\/\/blogg.svenskakyrkan.se\/vandravagen\/2019\/05\/23\/tva-ortodoxa-skal-att-ha-levande-ljus\/#primaryimage\"},\"thumbnailUrl\":\"https:\/\/blogg.svenskakyrkan.se\/vandravagen\/files\/2019\/05\/Jesus.php4_.jpg\",\"datePublished\":\"2019-05-23T05:00:25+00:00\",\"breadcrumb\":{\"@id\":\"https:\/\/blogg.svenskakyrkan.se\/vandravagen\/2019\/05\/23\/tva-ortodoxa-skal-att-ha-levande-ljus\/#breadcrumb\"},\"inLanguage\":\"sv-SE\",\"potentialAction\":[{\"@type\":\"ReadAction\",\"target\":[\"https:\/\/blogg.svenskakyrkan.se\/vandravagen\/2019\/05\/23\/tva-ortodoxa-skal-att-ha-levande-ljus\/\"]}]},{\"@type\":\"ImageObject\",\"inLanguage\":\"sv-SE\",\"@id\":\"https:\/\/blogg.svenskakyrkan.se\/vandravagen\/2019\/05\/23\/tva-ortodoxa-skal-att-ha-levande-ljus\/#primaryimage\",\"url\":\"https:\/\/blogg.svenskakyrkan.se\/vandravagen\/files\/2019\/05\/Jesus.php4_.jpg\",\"contentUrl\":\"https:\/\/blogg.svenskakyrkan.se\/vandravagen\/files\/2019\/05\/Jesus.php4_.jpg\",\"width\":390,\"height\":557,\"caption\":\"\\\"Jesus: Light of the World\\\" by Br. Mickey McGrath\"},{\"@type\":\"BreadcrumbList\",\"@id\":\"https:\/\/blogg.svenskakyrkan.se\/vandravagen\/2019\/05\/23\/tva-ortodoxa-skal-att-ha-levande-ljus\/#breadcrumb\",\"itemListElement\":[{\"@type\":\"ListItem\",\"position\":1,\"name\":\"Hem\",\"item\":\"https:\/\/blogg.svenskakyrkan.se\/vandravagen\/\"},{\"@type\":\"ListItem\",\"position\":2,\"name\":\"Tv\u00e5 ortodoxa sk\u00e4l att ha levande ljus\"}]},{\"@type\":\"WebSite\",\"@id\":\"https:\/\/blogg.svenskakyrkan.se\/vandravagen\/#website\",\"url\":\"https:\/\/blogg.svenskakyrkan.se\/vandravagen\/\",\"name\":\"Vandra V\u00e4gen\",\"description\":\"-Mot en tro f\u00f6r hela livet\",\"publisher\":{\"@id\":\"https:\/\/blogg.svenskakyrkan.se\/vandravagen\/#organization\"},\"potentialAction\":[{\"@type\":\"SearchAction\",\"target\":{\"@type\":\"EntryPoint\",\"urlTemplate\":\"https:\/\/blogg.svenskakyrkan.se\/vandravagen\/?s={search_term_string}\"},\"query-input\":{\"@type\":\"PropertyValueSpecification\",\"valueRequired\":true,\"valueName\":\"search_term_string\"}}],\"inLanguage\":\"sv-SE\"},{\"@type\":\"Organization\",\"@id\":\"https:\/\/blogg.svenskakyrkan.se\/vandravagen\/#organization\",\"name\":\"ulricehamns pastorat\",\"alternateName\":\"ulricehamns pastorat\",\"url\":\"https:\/\/blogg.svenskakyrkan.se\/vandravagen\/\",\"logo\":{\"@type\":\"ImageObject\",\"inLanguage\":\"sv-SE\",\"@id\":\"https:\/\/blogg.svenskakyrkan.se\/vandravagen\/#\/schema\/logo\/image\/\",\"url\":\"https:\/\/blogg.svenskakyrkan.se\/vandravagen\/files\/2023\/05\/Ulr_logo_RGB.png\",\"contentUrl\":\"https:\/\/blogg.svenskakyrkan.se\/vandravagen\/files\/2023\/05\/Ulr_logo_RGB.png\",\"width\":205,\"height\":77,\"caption\":\"ulricehamns pastorat\"},\"image\":{\"@id\":\"https:\/\/blogg.svenskakyrkan.se\/vandravagen\/#\/schema\/logo\/image\/\"},\"sameAs\":[\"http:\/\/facebook.com\/vandravagen\",\"https:\/\/x.com\/fadertomas\",\"http:\/\/www.facebook.com\/svenskakyrkaniulricehamn\"]},{\"@type\":\"Person\",\"@id\":\"https:\/\/blogg.svenskakyrkan.se\/vandravagen\/#\/schema\/person\/25da02d4f76b137d04291711e2c9fc16\",\"name\":\"Tomas Jarvid\",\"image\":{\"@type\":\"ImageObject\",\"inLanguage\":\"sv-SE\",\"@id\":\"https:\/\/blogg.svenskakyrkan.se\/vandravagen\/#\/schema\/person\/image\/\",\"url\":\"https:\/\/secure.gravatar.com\/avatar\/7fa71899795e8f540f615a1f5ab25255dc27aa40f05ee7ddd21aac521e01bf50?s=96&d=identicon&r=g\",\"contentUrl\":\"https:\/\/secure.gravatar.com\/avatar\/7fa71899795e8f540f615a1f5ab25255dc27aa40f05ee7ddd21aac521e01bf50?s=96&d=identicon&r=g\",\"caption\":\"Tomas Jarvid\"},\"description\":\"Jag bor i Ulricehamn i V\u00e4sterg\u00f6tland och \u00e4r f\u00f6rsamlingspr\u00e4st i Svenska Kyrkan f\u00f6r Dalstorps f\u00f6rsamling i Kinds pastorat. P\u00e5 den h\u00e4r bloggen skriver jag ner tankar om vandringen som kristen.\",\"sameAs\":[\"http:\/\/www.vandravagen.se\"],\"url\":\"https:\/\/blogg.svenskakyrkan.se\/vandravagen\/author\/vandravagen\/\"}]}<\/script>\n<!-- \/ Yoast SEO plugin. -->","yoast_head_json":{"title":"Tv\u00e5 ortodoxa sk\u00e4l att ha levande ljus - Vandra V\u00e4gen","robots":{"index":"index","follow":"follow","max-snippet":"max-snippet:-1","max-image-preview":"max-image-preview:large","max-video-preview":"max-video-preview:-1"},"canonical":"https:\/\/blogg.svenskakyrkan.se\/vandravagen\/2019\/05\/23\/tva-ortodoxa-skal-att-ha-levande-ljus\/","og_locale":"sv_SE","og_type":"article","og_title":"Tv\u00e5 ortodoxa sk\u00e4l att ha levande ljus - Vandra V\u00e4gen","og_description":"Vi har \u00e4nnu en g\u00e5ng varit med konfirmanderna p\u00e5 bes\u00f6k i den koptiska kyrkan i G\u00f6teborg och tr\u00e4ffat pr\u00e4sten Fader Shenouda d\u00e4r. Jag har skrivit tidigare h\u00e4r p\u00e5 bloggen om m\u00e4nniskor utan naglar, l\u00e4s g\u00e4rna om det! Han pekade ut olika saker i kyrkorummet f\u00f6r oss och ber\u00e4ttade om dem. Bland annat kom han in [&hellip;]","og_url":"https:\/\/blogg.svenskakyrkan.se\/vandravagen\/2019\/05\/23\/tva-ortodoxa-skal-att-ha-levande-ljus\/","og_site_name":"Vandra V\u00e4gen","article_publisher":"http:\/\/facebook.com\/vandravagen","article_published_time":"2019-05-23T05:00:25+00:00","author":"Tomas Jarvid","twitter_card":"summary_large_image","twitter_creator":"@fadertomas","twitter_site":"@fadertomas","twitter_misc":{"Skriven av":"Tomas Jarvid","Ber\u00e4knad l\u00e4stid":"2 minuter"},"schema":{"@context":"https:\/\/schema.org","@graph":[{"@type":"Article","@id":"https:\/\/blogg.svenskakyrkan.se\/vandravagen\/2019\/05\/23\/tva-ortodoxa-skal-att-ha-levande-ljus\/#article","isPartOf":{"@id":"https:\/\/blogg.svenskakyrkan.se\/vandravagen\/2019\/05\/23\/tva-ortodoxa-skal-att-ha-levande-ljus\/"},"author":{"name":"Tomas Jarvid","@id":"https:\/\/blogg.svenskakyrkan.se\/vandravagen\/#\/schema\/person\/25da02d4f76b137d04291711e2c9fc16"},"headline":"Tv\u00e5 ortodoxa sk\u00e4l att ha levande ljus","datePublished":"2019-05-23T05:00:25+00:00","mainEntityOfPage":{"@id":"https:\/\/blogg.svenskakyrkan.se\/vandravagen\/2019\/05\/23\/tva-ortodoxa-skal-att-ha-levande-ljus\/"},"wordCount":433,"commentCount":7,"publisher":{"@id":"https:\/\/blogg.svenskakyrkan.se\/vandravagen\/#organization"},"image":{"@id":"https:\/\/blogg.svenskakyrkan.se\/vandravagen\/2019\/05\/23\/tva-ortodoxa-skal-att-ha-levande-ljus\/#primaryimage"},"thumbnailUrl":"https:\/\/blogg.svenskakyrkan.se\/vandravagen\/files\/2019\/05\/Jesus.php4_.jpg","articleSection":["Bibeln","ikon","kyrkan","Teologi"],"inLanguage":"sv-SE","potentialAction":[{"@type":"CommentAction","name":"Comment","target":["https:\/\/blogg.svenskakyrkan.se\/vandravagen\/2019\/05\/23\/tva-ortodoxa-skal-att-ha-levande-ljus\/#respond"]}]},{"@type":"WebPage","@id":"https:\/\/blogg.svenskakyrkan.se\/vandravagen\/2019\/05\/23\/tva-ortodoxa-skal-att-ha-levande-ljus\/","url":"https:\/\/blogg.svenskakyrkan.se\/vandravagen\/2019\/05\/23\/tva-ortodoxa-skal-att-ha-levande-ljus\/","name":"Tv\u00e5 ortodoxa sk\u00e4l att ha levande ljus - Vandra V\u00e4gen","isPartOf":{"@id":"https:\/\/blogg.svenskakyrkan.se\/vandravagen\/#website"},"primaryImageOfPage":{"@id":"https:\/\/blogg.svenskakyrkan.se\/vandravagen\/2019\/05\/23\/tva-ortodoxa-skal-att-ha-levande-ljus\/#primaryimage"},"image":{"@id":"https:\/\/blogg.svenskakyrkan.se\/vandravagen\/2019\/05\/23\/tva-ortodoxa-skal-att-ha-levande-ljus\/#primaryimage"},"thumbnailUrl":"https:\/\/blogg.svenskakyrkan.se\/vandravagen\/files\/2019\/05\/Jesus.php4_.jpg","datePublished":"2019-05-23T05:00:25+00:00","breadcrumb":{"@id":"https:\/\/blogg.svenskakyrkan.se\/vandravagen\/2019\/05\/23\/tva-ortodoxa-skal-att-ha-levande-ljus\/#breadcrumb"},"inLanguage":"sv-SE","potentialAction":[{"@type":"ReadAction","target":["https:\/\/blogg.svenskakyrkan.se\/vandravagen\/2019\/05\/23\/tva-ortodoxa-skal-att-ha-levande-ljus\/"]}]},{"@type":"ImageObject","inLanguage":"sv-SE","@id":"https:\/\/blogg.svenskakyrkan.se\/vandravagen\/2019\/05\/23\/tva-ortodoxa-skal-att-ha-levande-ljus\/#primaryimage","url":"https:\/\/blogg.svenskakyrkan.se\/vandravagen\/files\/2019\/05\/Jesus.php4_.jpg","contentUrl":"https:\/\/blogg.svenskakyrkan.se\/vandravagen\/files\/2019\/05\/Jesus.php4_.jpg","width":390,"height":557,"caption":"\"Jesus: Light of the World\" by Br. Mickey McGrath"},{"@type":"BreadcrumbList","@id":"https:\/\/blogg.svenskakyrkan.se\/vandravagen\/2019\/05\/23\/tva-ortodoxa-skal-att-ha-levande-ljus\/#breadcrumb","itemListElement":[{"@type":"ListItem","position":1,"name":"Hem","item":"https:\/\/blogg.svenskakyrkan.se\/vandravagen\/"},{"@type":"ListItem","position":2,"name":"Tv\u00e5 ortodoxa sk\u00e4l att ha levande ljus"}]},{"@type":"WebSite","@id":"https:\/\/blogg.svenskakyrkan.se\/vandravagen\/#website","url":"https:\/\/blogg.svenskakyrkan.se\/vandravagen\/","name":"Vandra V\u00e4gen","description":"-Mot en tro f\u00f6r hela livet","publisher":{"@id":"https:\/\/blogg.svenskakyrkan.se\/vandravagen\/#organization"},"potentialAction":[{"@type":"SearchAction","target":{"@type":"EntryPoint","urlTemplate":"https:\/\/blogg.svenskakyrkan.se\/vandravagen\/?s={search_term_string}"},"query-input":{"@type":"PropertyValueSpecification","valueRequired":true,"valueName":"search_term_string"}}],"inLanguage":"sv-SE"},{"@type":"Organization","@id":"https:\/\/blogg.svenskakyrkan.se\/vandravagen\/#organization","name":"ulricehamns pastorat","alternateName":"ulricehamns pastorat","url":"https:\/\/blogg.svenskakyrkan.se\/vandravagen\/","logo":{"@type":"ImageObject","inLanguage":"sv-SE","@id":"https:\/\/blogg.svenskakyrkan.se\/vandravagen\/#\/schema\/logo\/image\/","url":"https:\/\/blogg.svenskakyrkan.se\/vandravagen\/files\/2023\/05\/Ulr_logo_RGB.png","contentUrl":"https:\/\/blogg.svenskakyrkan.se\/vandravagen\/files\/2023\/05\/Ulr_logo_RGB.png","width":205,"height":77,"caption":"ulricehamns pastorat"},"image":{"@id":"https:\/\/blogg.svenskakyrkan.se\/vandravagen\/#\/schema\/logo\/image\/"},"sameAs":["http:\/\/facebook.com\/vandravagen","https:\/\/x.com\/fadertomas","http:\/\/www.facebook.com\/svenskakyrkaniulricehamn"]},{"@type":"Person","@id":"https:\/\/blogg.svenskakyrkan.se\/vandravagen\/#\/schema\/person\/25da02d4f76b137d04291711e2c9fc16","name":"Tomas Jarvid","image":{"@type":"ImageObject","inLanguage":"sv-SE","@id":"https:\/\/blogg.svenskakyrkan.se\/vandravagen\/#\/schema\/person\/image\/","url":"https:\/\/secure.gravatar.com\/avatar\/7fa71899795e8f540f615a1f5ab25255dc27aa40f05ee7ddd21aac521e01bf50?s=96&d=identicon&r=g","contentUrl":"https:\/\/secure.gravatar.com\/avatar\/7fa71899795e8f540f615a1f5ab25255dc27aa40f05ee7ddd21aac521e01bf50?s=96&d=identicon&r=g","caption":"Tomas Jarvid"},"description":"Jag bor i Ulricehamn i V\u00e4sterg\u00f6tland och \u00e4r f\u00f6rsamlingspr\u00e4st i Svenska Kyrkan f\u00f6r Dalstorps f\u00f6rsamling i Kinds pastorat. P\u00e5 den h\u00e4r bloggen skriver jag ner tankar om vandringen som kristen.","sameAs":["http:\/\/www.vandravagen.se"],"url":"https:\/\/blogg.svenskakyrkan.se\/vandravagen\/author\/vandravagen\/"}]}},"author_meta":{"ID":"392","user_nicename":"vandravagen","user_url":"http:\/\/www.vandravagen.se","user_registered":"2014-05-19 05:44:52","display_name":"Tomas Jarvid","first_name":"Tomas","last_name":"Jarvid","avatar":"https:\/\/secure.gravatar.com\/avatar\/7fa71899795e8f540f615a1f5ab25255dc27aa40f05ee7ddd21aac521e01bf50?s=96&d=identicon&r=g"},"featured_image":["https:\/\/blogg.svenskakyrkan.se\/vandravagen\/files\/2019\/05\/Jesus.php4_.jpg",390,557,false],"bloginfo":{"name":"Vandra V\u00e4gen","url":"https:\/\/blogg.svenskakyrkan.se\/vandravagen"},"_links":{"self":[{"href":"https:\/\/blogg.svenskakyrkan.se\/vandravagen\/wp-json\/wp\/v2\/posts\/7182","targetHints":{"allow":["GET"]}}],"collection":[{"href":"https:\/\/blogg.svenskakyrkan.se\/vandravagen\/wp-json\/wp\/v2\/posts"}],"about":[{"href":"https:\/\/blogg.svenskakyrkan.se\/vandravagen\/wp-json\/wp\/v2\/types\/post"}],"author":[{"embeddable":true,"href":"https:\/\/blogg.svenskakyrkan.se\/vandravagen\/wp-json\/wp\/v2\/users\/392"}],"replies":[{"embeddable":true,"href":"https:\/\/blogg.svenskakyrkan.se\/vandravagen\/wp-json\/wp\/v2\/comments?post=7182"}],"version-history":[{"count":1,"href":"https:\/\/blogg.svenskakyrkan.se\/vandravagen\/wp-json\/wp\/v2\/posts\/7182\/revisions"}],"predecessor-version":[{"id":7184,"href":"https:\/\/blogg.svenskakyrkan.se\/vandravagen\/wp-json\/wp\/v2\/posts\/7182\/revisions\/7184"}],"wp:featuredmedia":[{"embeddable":true,"href":"https:\/\/blogg.svenskakyrkan.se\/vandravagen\/wp-json\/wp\/v2\/media\/7183"}],"wp:attachment":[{"href":"https:\/\/blogg.svenskakyrkan.se\/vandravagen\/wp-json\/wp\/v2\/media?parent=7182"}],"wp:term":[{"taxonomy":"category","embeddable":true,"href":"https:\/\/blogg.svenskakyrkan.se\/vandravagen\/wp-json\/wp\/v2\/categories?post=7182"},{"taxonomy":"post_tag","embeddable":true,"href":"https:\/\/blogg.svenskakyrkan.se\/vandravagen\/wp-json\/wp\/v2\/tags?post=7182"}],"curies":[{"name":"wp","href":"https:\/\/api.w.org\/{rel}","templated":true}]}}