{"id":7188,"date":"2019-05-26T07:00:34","date_gmt":"2019-05-26T05:00:34","guid":{"rendered":"http:\/\/blogg.svenskakyrkan.se\/vandravagen\/?p=7188"},"modified":"2019-05-25T21:48:34","modified_gmt":"2019-05-25T19:48:34","slug":"10-blandade-tankar-pa-konfirmationssondagen-2","status":"publish","type":"post","link":"https:\/\/blogg.svenskakyrkan.se\/vandravagen\/2019\/05\/26\/10-blandade-tankar-pa-konfirmationssondagen-2\/","title":{"rendered":"10 blandade tankar p\u00e5 (konfirmations)s\u00f6ndagen"},"content":{"rendered":"<ol>\n<li>Glad s\u00f6ndag k\u00e4ra l\u00e4sare!<\/li>\n<\/ol>\n<p>2. Idag \u00e4r det konfirmationsgudstj\u00e4nst i Dalstorp. Vi f\u00e5r samlas kring och be f\u00f6r de fina ungdomar vi f\u00f6ljt under \u00e5ret och det \u00e4r som vanligt b\u00e5de stor gl\u00e4dje och en hel del ansp\u00e4nning, inte minst f\u00f6r konfirmanderna sj\u00e4lva.<\/p>\n<p>3. S\u00e5 kom g\u00e4rna till Dalstorps kyrka klockan 11 och be f\u00f6r dem, det f\u00e5r man \u00e4ven om man inte k\u00e4nner n\u00e5gon av konfirmanderna. Det \u00e4r alltid bra om s\u00e5na h\u00e4r lite speciella gudstj\u00e4nster ber\u00f6r hela f\u00f6rsamlingen och inte bara sl\u00e4kten.<\/p>\n<p>4. Sedan \u00e4r jag glad att vi har en tr\u00e4ff planerad om n\u00e5gra veckor d\u00e5 vi ska ses och paddla, s\u00e5 beh\u00f6ver man inte t\u00e4nka s\u00e5 mycket p\u00e5 avsked mitt uppe i allt idag.<\/p>\n<p>5. Jag ska f\u00f6rresten ocks\u00e5 leda m\u00e4ssa i Dannike klockan 15 och predika ihop med Ulf p\u00e5 en ekumenisk gudstj\u00e4nst i Limmareds missionskyrka (d\u00e4r jag aldrig varit f\u00f6rut!) klockan 17, v\u00e4lkommen \u00e4ven dit.<\/p>\n<p>6. Ig\u00e5r var det f\u00f6rsamlingsresa och vi reste med buss upp till Skaraborg. Vi var i Varnhem och fick en fin guidning i klosteromr\u00e5det och dessutom kunde vi tjuvlyssna lite p\u00e5 en guidning uppe i Kata g\u00e5rd s\u00e5 det var mycket fint. Sedan var vi och \u00e5t inne i Skara och bes\u00f6kte L\u00f6wings atelj\u00e9.<\/p>\n<p>7. Den h\u00e4r dagen, b\u00f6ns\u00f6ndagen, \u00e4r en lite knepig s\u00f6ndag att predika p\u00e5 f\u00f6r det l\u00e5ter alltid som att man \u00e4r en s\u00e5dan v\u00e4ldig expert p\u00e5 b\u00f6n n\u00e4r man talar om det offentligt. Jag vill bara ha till protokollet att det faktiskt inte \u00e4r s\u00e5. Vi har alla kommit olika l\u00e5ngt p\u00e5 b\u00f6nens v\u00e4g och p\u00e5 en del plan \u00e4r s\u00e4kert pr\u00e4sters och predikanters fr\u00e4msta f\u00f6rspr\u00e5ng just att vi \u00e4r b\u00e4ttre p\u00e5 att prata om b\u00f6n.<\/p>\n<p>8. Predikan kommer i vanlig ordning h\u00e4r imorgon.<\/p>\n<p>9. Det \u00e4r mycket att g\u00f6ra s\u00e5h\u00e4r \u00e5rs \u00e4ven i f\u00f6rsamlingslivet. Jag t\u00e4nkte ett tag att det lugnar ner sig efter konfirmationen men jag \u00e4r nog b\u00f6jd att flytta fram det till att det kanske lugnar ner sig efter midsommar&#8230;<\/p>\n<p>10. Vad g\u00f6r du idag? Skriv en rad och ber\u00e4tta!<\/p>\n","protected":false},"excerpt":{"rendered":"<p>Glad s\u00f6ndag k\u00e4ra l\u00e4sare! 2. Idag \u00e4r det konfirmationsgudstj\u00e4nst i Dalstorp. Vi f\u00e5r samlas kring och be f\u00f6r de fina ungdomar vi f\u00f6ljt under \u00e5ret och det \u00e4r som vanligt b\u00e5de stor gl\u00e4dje och en hel del ansp\u00e4nning, inte minst f\u00f6r konfirmanderna sj\u00e4lva. 3. S\u00e5 kom g\u00e4rna till Dalstorps kyrka klockan 11 och be f\u00f6r [&hellip;]<\/p>\n","protected":false},"author":392,"featured_media":7190,"comment_status":"open","ping_status":"open","sticky":false,"template":"","format":"standard","meta":{"_acf_changed":false,"footnotes":""},"categories":[76766],"tags":[],"class_list":["post-7188","post","type-post","status-publish","format-standard","has-post-thumbnail","hentry","category-blandat"],"acf":[],"yoast_head":"<!-- This site is optimized with the Yoast SEO plugin v27.1.1 - https:\/\/yoast.com\/product\/yoast-seo-wordpress\/ -->\n<title>10 blandade tankar p\u00e5 (konfirmations)s\u00f6ndagen - Vandra V\u00e4gen<\/title>\n<meta name=\"robots\" content=\"index, follow, max-snippet:-1, max-image-preview:large, max-video-preview:-1\" \/>\n<link rel=\"canonical\" href=\"https:\/\/blogg.svenskakyrkan.se\/vandravagen\/2019\/05\/26\/10-blandade-tankar-pa-konfirmationssondagen-2\/\" \/>\n<meta property=\"og:locale\" content=\"sv_SE\" \/>\n<meta property=\"og:type\" content=\"article\" \/>\n<meta property=\"og:title\" content=\"10 blandade tankar p\u00e5 (konfirmations)s\u00f6ndagen - Vandra V\u00e4gen\" \/>\n<meta property=\"og:description\" content=\"Glad s\u00f6ndag k\u00e4ra l\u00e4sare! 2. Idag \u00e4r det konfirmationsgudstj\u00e4nst i Dalstorp. Vi f\u00e5r samlas kring och be f\u00f6r de fina ungdomar vi f\u00f6ljt under \u00e5ret och det \u00e4r som vanligt b\u00e5de stor gl\u00e4dje och en hel del ansp\u00e4nning, inte minst f\u00f6r konfirmanderna sj\u00e4lva. 3. S\u00e5 kom g\u00e4rna till Dalstorps kyrka klockan 11 och be f\u00f6r [&hellip;]\" \/>\n<meta property=\"og:url\" content=\"https:\/\/blogg.svenskakyrkan.se\/vandravagen\/2019\/05\/26\/10-blandade-tankar-pa-konfirmationssondagen-2\/\" \/>\n<meta property=\"og:site_name\" content=\"Vandra V\u00e4gen\" \/>\n<meta property=\"article:publisher\" content=\"http:\/\/facebook.com\/vandravagen\" \/>\n<meta property=\"article:published_time\" content=\"2019-05-26T05:00:34+00:00\" \/>\n<meta name=\"author\" content=\"Tomas Jarvid\" \/>\n<meta name=\"twitter:card\" content=\"summary_large_image\" \/>\n<meta name=\"twitter:creator\" content=\"@fadertomas\" \/>\n<meta name=\"twitter:site\" content=\"@fadertomas\" \/>\n<meta name=\"twitter:label1\" content=\"Skriven av\" \/>\n\t<meta name=\"twitter:data1\" content=\"Tomas Jarvid\" \/>\n\t<meta name=\"twitter:label2\" content=\"Ber\u00e4knad l\u00e4stid\" \/>\n\t<meta name=\"twitter:data2\" content=\"2 minuter\" \/>\n<script type=\"application\/ld+json\" class=\"yoast-schema-graph\">{\"@context\":\"https:\/\/schema.org\",\"@graph\":[{\"@type\":\"Article\",\"@id\":\"https:\/\/blogg.svenskakyrkan.se\/vandravagen\/2019\/05\/26\/10-blandade-tankar-pa-konfirmationssondagen-2\/#article\",\"isPartOf\":{\"@id\":\"https:\/\/blogg.svenskakyrkan.se\/vandravagen\/2019\/05\/26\/10-blandade-tankar-pa-konfirmationssondagen-2\/\"},\"author\":{\"name\":\"Tomas Jarvid\",\"@id\":\"https:\/\/blogg.svenskakyrkan.se\/vandravagen\/#\/schema\/person\/25da02d4f76b137d04291711e2c9fc16\"},\"headline\":\"10 blandade tankar p\u00e5 (konfirmations)s\u00f6ndagen\",\"datePublished\":\"2019-05-26T05:00:34+00:00\",\"mainEntityOfPage\":{\"@id\":\"https:\/\/blogg.svenskakyrkan.se\/vandravagen\/2019\/05\/26\/10-blandade-tankar-pa-konfirmationssondagen-2\/\"},\"wordCount\":401,\"commentCount\":4,\"publisher\":{\"@id\":\"https:\/\/blogg.svenskakyrkan.se\/vandravagen\/#organization\"},\"image\":{\"@id\":\"https:\/\/blogg.svenskakyrkan.se\/vandravagen\/2019\/05\/26\/10-blandade-tankar-pa-konfirmationssondagen-2\/#primaryimage\"},\"thumbnailUrl\":\"https:\/\/blogg.svenskakyrkan.se\/vandravagen\/files\/2019\/05\/DSC_0047.jpg\",\"articleSection\":[\"blandat\"],\"inLanguage\":\"sv-SE\",\"potentialAction\":[{\"@type\":\"CommentAction\",\"name\":\"Comment\",\"target\":[\"https:\/\/blogg.svenskakyrkan.se\/vandravagen\/2019\/05\/26\/10-blandade-tankar-pa-konfirmationssondagen-2\/#respond\"]}]},{\"@type\":\"WebPage\",\"@id\":\"https:\/\/blogg.svenskakyrkan.se\/vandravagen\/2019\/05\/26\/10-blandade-tankar-pa-konfirmationssondagen-2\/\",\"url\":\"https:\/\/blogg.svenskakyrkan.se\/vandravagen\/2019\/05\/26\/10-blandade-tankar-pa-konfirmationssondagen-2\/\",\"name\":\"10 blandade tankar p\u00e5 (konfirmations)s\u00f6ndagen - Vandra V\u00e4gen\",\"isPartOf\":{\"@id\":\"https:\/\/blogg.svenskakyrkan.se\/vandravagen\/#website\"},\"primaryImageOfPage\":{\"@id\":\"https:\/\/blogg.svenskakyrkan.se\/vandravagen\/2019\/05\/26\/10-blandade-tankar-pa-konfirmationssondagen-2\/#primaryimage\"},\"image\":{\"@id\":\"https:\/\/blogg.svenskakyrkan.se\/vandravagen\/2019\/05\/26\/10-blandade-tankar-pa-konfirmationssondagen-2\/#primaryimage\"},\"thumbnailUrl\":\"https:\/\/blogg.svenskakyrkan.se\/vandravagen\/files\/2019\/05\/DSC_0047.jpg\",\"datePublished\":\"2019-05-26T05:00:34+00:00\",\"breadcrumb\":{\"@id\":\"https:\/\/blogg.svenskakyrkan.se\/vandravagen\/2019\/05\/26\/10-blandade-tankar-pa-konfirmationssondagen-2\/#breadcrumb\"},\"inLanguage\":\"sv-SE\",\"potentialAction\":[{\"@type\":\"ReadAction\",\"target\":[\"https:\/\/blogg.svenskakyrkan.se\/vandravagen\/2019\/05\/26\/10-blandade-tankar-pa-konfirmationssondagen-2\/\"]}]},{\"@type\":\"ImageObject\",\"inLanguage\":\"sv-SE\",\"@id\":\"https:\/\/blogg.svenskakyrkan.se\/vandravagen\/2019\/05\/26\/10-blandade-tankar-pa-konfirmationssondagen-2\/#primaryimage\",\"url\":\"https:\/\/blogg.svenskakyrkan.se\/vandravagen\/files\/2019\/05\/DSC_0047.jpg\",\"contentUrl\":\"https:\/\/blogg.svenskakyrkan.se\/vandravagen\/files\/2019\/05\/DSC_0047.jpg\",\"width\":1280,\"height\":851,\"caption\":\"Skara domkyrka bes\u00f6kte vi ig\u00e5r p\u00e5 f\u00f6rsamlingsresa. Den figurerar ocks\u00e5 p\u00e5 ett ov\u00e4ntat s\u00e4tt i dagens konfirmationsgudstj\u00e4nst.\"},{\"@type\":\"BreadcrumbList\",\"@id\":\"https:\/\/blogg.svenskakyrkan.se\/vandravagen\/2019\/05\/26\/10-blandade-tankar-pa-konfirmationssondagen-2\/#breadcrumb\",\"itemListElement\":[{\"@type\":\"ListItem\",\"position\":1,\"name\":\"Hem\",\"item\":\"https:\/\/blogg.svenskakyrkan.se\/vandravagen\/\"},{\"@type\":\"ListItem\",\"position\":2,\"name\":\"10 blandade tankar p\u00e5 (konfirmations)s\u00f6ndagen\"}]},{\"@type\":\"WebSite\",\"@id\":\"https:\/\/blogg.svenskakyrkan.se\/vandravagen\/#website\",\"url\":\"https:\/\/blogg.svenskakyrkan.se\/vandravagen\/\",\"name\":\"Vandra V\u00e4gen\",\"description\":\"-Mot en tro f\u00f6r hela livet\",\"publisher\":{\"@id\":\"https:\/\/blogg.svenskakyrkan.se\/vandravagen\/#organization\"},\"potentialAction\":[{\"@type\":\"SearchAction\",\"target\":{\"@type\":\"EntryPoint\",\"urlTemplate\":\"https:\/\/blogg.svenskakyrkan.se\/vandravagen\/?s={search_term_string}\"},\"query-input\":{\"@type\":\"PropertyValueSpecification\",\"valueRequired\":true,\"valueName\":\"search_term_string\"}}],\"inLanguage\":\"sv-SE\"},{\"@type\":\"Organization\",\"@id\":\"https:\/\/blogg.svenskakyrkan.se\/vandravagen\/#organization\",\"name\":\"ulricehamns pastorat\",\"alternateName\":\"ulricehamns pastorat\",\"url\":\"https:\/\/blogg.svenskakyrkan.se\/vandravagen\/\",\"logo\":{\"@type\":\"ImageObject\",\"inLanguage\":\"sv-SE\",\"@id\":\"https:\/\/blogg.svenskakyrkan.se\/vandravagen\/#\/schema\/logo\/image\/\",\"url\":\"https:\/\/blogg.svenskakyrkan.se\/vandravagen\/files\/2023\/05\/Ulr_logo_RGB.png\",\"contentUrl\":\"https:\/\/blogg.svenskakyrkan.se\/vandravagen\/files\/2023\/05\/Ulr_logo_RGB.png\",\"width\":205,\"height\":77,\"caption\":\"ulricehamns pastorat\"},\"image\":{\"@id\":\"https:\/\/blogg.svenskakyrkan.se\/vandravagen\/#\/schema\/logo\/image\/\"},\"sameAs\":[\"http:\/\/facebook.com\/vandravagen\",\"https:\/\/x.com\/fadertomas\",\"http:\/\/www.facebook.com\/svenskakyrkaniulricehamn\"]},{\"@type\":\"Person\",\"@id\":\"https:\/\/blogg.svenskakyrkan.se\/vandravagen\/#\/schema\/person\/25da02d4f76b137d04291711e2c9fc16\",\"name\":\"Tomas Jarvid\",\"image\":{\"@type\":\"ImageObject\",\"inLanguage\":\"sv-SE\",\"@id\":\"https:\/\/blogg.svenskakyrkan.se\/vandravagen\/#\/schema\/person\/image\/\",\"url\":\"https:\/\/secure.gravatar.com\/avatar\/7fa71899795e8f540f615a1f5ab25255dc27aa40f05ee7ddd21aac521e01bf50?s=96&d=identicon&r=g\",\"contentUrl\":\"https:\/\/secure.gravatar.com\/avatar\/7fa71899795e8f540f615a1f5ab25255dc27aa40f05ee7ddd21aac521e01bf50?s=96&d=identicon&r=g\",\"caption\":\"Tomas Jarvid\"},\"description\":\"Jag bor i Ulricehamn i V\u00e4sterg\u00f6tland och \u00e4r f\u00f6rsamlingspr\u00e4st i Svenska Kyrkan f\u00f6r Dalstorps f\u00f6rsamling i Kinds pastorat. P\u00e5 den h\u00e4r bloggen skriver jag ner tankar om vandringen som kristen.\",\"sameAs\":[\"http:\/\/www.vandravagen.se\"],\"url\":\"https:\/\/blogg.svenskakyrkan.se\/vandravagen\/author\/vandravagen\/\"}]}<\/script>\n<!-- \/ Yoast SEO plugin. -->","yoast_head_json":{"title":"10 blandade tankar p\u00e5 (konfirmations)s\u00f6ndagen - Vandra V\u00e4gen","robots":{"index":"index","follow":"follow","max-snippet":"max-snippet:-1","max-image-preview":"max-image-preview:large","max-video-preview":"max-video-preview:-1"},"canonical":"https:\/\/blogg.svenskakyrkan.se\/vandravagen\/2019\/05\/26\/10-blandade-tankar-pa-konfirmationssondagen-2\/","og_locale":"sv_SE","og_type":"article","og_title":"10 blandade tankar p\u00e5 (konfirmations)s\u00f6ndagen - Vandra V\u00e4gen","og_description":"Glad s\u00f6ndag k\u00e4ra l\u00e4sare! 2. Idag \u00e4r det konfirmationsgudstj\u00e4nst i Dalstorp. Vi f\u00e5r samlas kring och be f\u00f6r de fina ungdomar vi f\u00f6ljt under \u00e5ret och det \u00e4r som vanligt b\u00e5de stor gl\u00e4dje och en hel del ansp\u00e4nning, inte minst f\u00f6r konfirmanderna sj\u00e4lva. 3. S\u00e5 kom g\u00e4rna till Dalstorps kyrka klockan 11 och be f\u00f6r [&hellip;]","og_url":"https:\/\/blogg.svenskakyrkan.se\/vandravagen\/2019\/05\/26\/10-blandade-tankar-pa-konfirmationssondagen-2\/","og_site_name":"Vandra V\u00e4gen","article_publisher":"http:\/\/facebook.com\/vandravagen","article_published_time":"2019-05-26T05:00:34+00:00","author":"Tomas Jarvid","twitter_card":"summary_large_image","twitter_creator":"@fadertomas","twitter_site":"@fadertomas","twitter_misc":{"Skriven av":"Tomas Jarvid","Ber\u00e4knad l\u00e4stid":"2 minuter"},"schema":{"@context":"https:\/\/schema.org","@graph":[{"@type":"Article","@id":"https:\/\/blogg.svenskakyrkan.se\/vandravagen\/2019\/05\/26\/10-blandade-tankar-pa-konfirmationssondagen-2\/#article","isPartOf":{"@id":"https:\/\/blogg.svenskakyrkan.se\/vandravagen\/2019\/05\/26\/10-blandade-tankar-pa-konfirmationssondagen-2\/"},"author":{"name":"Tomas Jarvid","@id":"https:\/\/blogg.svenskakyrkan.se\/vandravagen\/#\/schema\/person\/25da02d4f76b137d04291711e2c9fc16"},"headline":"10 blandade tankar p\u00e5 (konfirmations)s\u00f6ndagen","datePublished":"2019-05-26T05:00:34+00:00","mainEntityOfPage":{"@id":"https:\/\/blogg.svenskakyrkan.se\/vandravagen\/2019\/05\/26\/10-blandade-tankar-pa-konfirmationssondagen-2\/"},"wordCount":401,"commentCount":4,"publisher":{"@id":"https:\/\/blogg.svenskakyrkan.se\/vandravagen\/#organization"},"image":{"@id":"https:\/\/blogg.svenskakyrkan.se\/vandravagen\/2019\/05\/26\/10-blandade-tankar-pa-konfirmationssondagen-2\/#primaryimage"},"thumbnailUrl":"https:\/\/blogg.svenskakyrkan.se\/vandravagen\/files\/2019\/05\/DSC_0047.jpg","articleSection":["blandat"],"inLanguage":"sv-SE","potentialAction":[{"@type":"CommentAction","name":"Comment","target":["https:\/\/blogg.svenskakyrkan.se\/vandravagen\/2019\/05\/26\/10-blandade-tankar-pa-konfirmationssondagen-2\/#respond"]}]},{"@type":"WebPage","@id":"https:\/\/blogg.svenskakyrkan.se\/vandravagen\/2019\/05\/26\/10-blandade-tankar-pa-konfirmationssondagen-2\/","url":"https:\/\/blogg.svenskakyrkan.se\/vandravagen\/2019\/05\/26\/10-blandade-tankar-pa-konfirmationssondagen-2\/","name":"10 blandade tankar p\u00e5 (konfirmations)s\u00f6ndagen - Vandra V\u00e4gen","isPartOf":{"@id":"https:\/\/blogg.svenskakyrkan.se\/vandravagen\/#website"},"primaryImageOfPage":{"@id":"https:\/\/blogg.svenskakyrkan.se\/vandravagen\/2019\/05\/26\/10-blandade-tankar-pa-konfirmationssondagen-2\/#primaryimage"},"image":{"@id":"https:\/\/blogg.svenskakyrkan.se\/vandravagen\/2019\/05\/26\/10-blandade-tankar-pa-konfirmationssondagen-2\/#primaryimage"},"thumbnailUrl":"https:\/\/blogg.svenskakyrkan.se\/vandravagen\/files\/2019\/05\/DSC_0047.jpg","datePublished":"2019-05-26T05:00:34+00:00","breadcrumb":{"@id":"https:\/\/blogg.svenskakyrkan.se\/vandravagen\/2019\/05\/26\/10-blandade-tankar-pa-konfirmationssondagen-2\/#breadcrumb"},"inLanguage":"sv-SE","potentialAction":[{"@type":"ReadAction","target":["https:\/\/blogg.svenskakyrkan.se\/vandravagen\/2019\/05\/26\/10-blandade-tankar-pa-konfirmationssondagen-2\/"]}]},{"@type":"ImageObject","inLanguage":"sv-SE","@id":"https:\/\/blogg.svenskakyrkan.se\/vandravagen\/2019\/05\/26\/10-blandade-tankar-pa-konfirmationssondagen-2\/#primaryimage","url":"https:\/\/blogg.svenskakyrkan.se\/vandravagen\/files\/2019\/05\/DSC_0047.jpg","contentUrl":"https:\/\/blogg.svenskakyrkan.se\/vandravagen\/files\/2019\/05\/DSC_0047.jpg","width":1280,"height":851,"caption":"Skara domkyrka bes\u00f6kte vi ig\u00e5r p\u00e5 f\u00f6rsamlingsresa. Den figurerar ocks\u00e5 p\u00e5 ett ov\u00e4ntat s\u00e4tt i dagens konfirmationsgudstj\u00e4nst."},{"@type":"BreadcrumbList","@id":"https:\/\/blogg.svenskakyrkan.se\/vandravagen\/2019\/05\/26\/10-blandade-tankar-pa-konfirmationssondagen-2\/#breadcrumb","itemListElement":[{"@type":"ListItem","position":1,"name":"Hem","item":"https:\/\/blogg.svenskakyrkan.se\/vandravagen\/"},{"@type":"ListItem","position":2,"name":"10 blandade tankar p\u00e5 (konfirmations)s\u00f6ndagen"}]},{"@type":"WebSite","@id":"https:\/\/blogg.svenskakyrkan.se\/vandravagen\/#website","url":"https:\/\/blogg.svenskakyrkan.se\/vandravagen\/","name":"Vandra V\u00e4gen","description":"-Mot en tro f\u00f6r hela livet","publisher":{"@id":"https:\/\/blogg.svenskakyrkan.se\/vandravagen\/#organization"},"potentialAction":[{"@type":"SearchAction","target":{"@type":"EntryPoint","urlTemplate":"https:\/\/blogg.svenskakyrkan.se\/vandravagen\/?s={search_term_string}"},"query-input":{"@type":"PropertyValueSpecification","valueRequired":true,"valueName":"search_term_string"}}],"inLanguage":"sv-SE"},{"@type":"Organization","@id":"https:\/\/blogg.svenskakyrkan.se\/vandravagen\/#organization","name":"ulricehamns pastorat","alternateName":"ulricehamns pastorat","url":"https:\/\/blogg.svenskakyrkan.se\/vandravagen\/","logo":{"@type":"ImageObject","inLanguage":"sv-SE","@id":"https:\/\/blogg.svenskakyrkan.se\/vandravagen\/#\/schema\/logo\/image\/","url":"https:\/\/blogg.svenskakyrkan.se\/vandravagen\/files\/2023\/05\/Ulr_logo_RGB.png","contentUrl":"https:\/\/blogg.svenskakyrkan.se\/vandravagen\/files\/2023\/05\/Ulr_logo_RGB.png","width":205,"height":77,"caption":"ulricehamns pastorat"},"image":{"@id":"https:\/\/blogg.svenskakyrkan.se\/vandravagen\/#\/schema\/logo\/image\/"},"sameAs":["http:\/\/facebook.com\/vandravagen","https:\/\/x.com\/fadertomas","http:\/\/www.facebook.com\/svenskakyrkaniulricehamn"]},{"@type":"Person","@id":"https:\/\/blogg.svenskakyrkan.se\/vandravagen\/#\/schema\/person\/25da02d4f76b137d04291711e2c9fc16","name":"Tomas Jarvid","image":{"@type":"ImageObject","inLanguage":"sv-SE","@id":"https:\/\/blogg.svenskakyrkan.se\/vandravagen\/#\/schema\/person\/image\/","url":"https:\/\/secure.gravatar.com\/avatar\/7fa71899795e8f540f615a1f5ab25255dc27aa40f05ee7ddd21aac521e01bf50?s=96&d=identicon&r=g","contentUrl":"https:\/\/secure.gravatar.com\/avatar\/7fa71899795e8f540f615a1f5ab25255dc27aa40f05ee7ddd21aac521e01bf50?s=96&d=identicon&r=g","caption":"Tomas Jarvid"},"description":"Jag bor i Ulricehamn i V\u00e4sterg\u00f6tland och \u00e4r f\u00f6rsamlingspr\u00e4st i Svenska Kyrkan f\u00f6r Dalstorps f\u00f6rsamling i Kinds pastorat. P\u00e5 den h\u00e4r bloggen skriver jag ner tankar om vandringen som kristen.","sameAs":["http:\/\/www.vandravagen.se"],"url":"https:\/\/blogg.svenskakyrkan.se\/vandravagen\/author\/vandravagen\/"}]}},"author_meta":{"ID":"392","user_nicename":"vandravagen","user_url":"http:\/\/www.vandravagen.se","user_registered":"2014-05-19 05:44:52","display_name":"Tomas Jarvid","first_name":"Tomas","last_name":"Jarvid","avatar":"https:\/\/secure.gravatar.com\/avatar\/7fa71899795e8f540f615a1f5ab25255dc27aa40f05ee7ddd21aac521e01bf50?s=96&d=identicon&r=g"},"featured_image":["https:\/\/blogg.svenskakyrkan.se\/vandravagen\/files\/2019\/05\/DSC_0047-1024x681.jpg",1024,681,true],"bloginfo":{"name":"Vandra V\u00e4gen","url":"https:\/\/blogg.svenskakyrkan.se\/vandravagen"},"_links":{"self":[{"href":"https:\/\/blogg.svenskakyrkan.se\/vandravagen\/wp-json\/wp\/v2\/posts\/7188","targetHints":{"allow":["GET"]}}],"collection":[{"href":"https:\/\/blogg.svenskakyrkan.se\/vandravagen\/wp-json\/wp\/v2\/posts"}],"about":[{"href":"https:\/\/blogg.svenskakyrkan.se\/vandravagen\/wp-json\/wp\/v2\/types\/post"}],"author":[{"embeddable":true,"href":"https:\/\/blogg.svenskakyrkan.se\/vandravagen\/wp-json\/wp\/v2\/users\/392"}],"replies":[{"embeddable":true,"href":"https:\/\/blogg.svenskakyrkan.se\/vandravagen\/wp-json\/wp\/v2\/comments?post=7188"}],"version-history":[{"count":2,"href":"https:\/\/blogg.svenskakyrkan.se\/vandravagen\/wp-json\/wp\/v2\/posts\/7188\/revisions"}],"predecessor-version":[{"id":7191,"href":"https:\/\/blogg.svenskakyrkan.se\/vandravagen\/wp-json\/wp\/v2\/posts\/7188\/revisions\/7191"}],"wp:featuredmedia":[{"embeddable":true,"href":"https:\/\/blogg.svenskakyrkan.se\/vandravagen\/wp-json\/wp\/v2\/media\/7190"}],"wp:attachment":[{"href":"https:\/\/blogg.svenskakyrkan.se\/vandravagen\/wp-json\/wp\/v2\/media?parent=7188"}],"wp:term":[{"taxonomy":"category","embeddable":true,"href":"https:\/\/blogg.svenskakyrkan.se\/vandravagen\/wp-json\/wp\/v2\/categories?post=7188"},{"taxonomy":"post_tag","embeddable":true,"href":"https:\/\/blogg.svenskakyrkan.se\/vandravagen\/wp-json\/wp\/v2\/tags?post=7188"}],"curies":[{"name":"wp","href":"https:\/\/api.w.org\/{rel}","templated":true}]}}