{"id":7199,"date":"2019-06-02T07:00:02","date_gmt":"2019-06-02T05:00:02","guid":{"rendered":"http:\/\/blogg.svenskakyrkan.se\/vandravagen\/?p=7199"},"modified":"2019-06-01T22:43:46","modified_gmt":"2019-06-01T20:43:46","slug":"12-blandade-tankar-pa-sondagen-2","status":"publish","type":"post","link":"https:\/\/blogg.svenskakyrkan.se\/vandravagen\/2019\/06\/02\/12-blandade-tankar-pa-sondagen-2\/","title":{"rendered":"12 blandade tankar p\u00e5 s\u00f6ndagen"},"content":{"rendered":"<ol>\n<li>Glad s\u00f6ndag k\u00e4ra l\u00e4sare!<\/li>\n<\/ol>\n<p>2. Idag \u00e4r det s\u00f6ndagen f\u00f6re pingst. Jag tj\u00e4nstg\u00f6r ingenstans men min kollega Fredrik sk\u00f6ter om s\u00e5 det blir gudstj\u00e4nst 11 i Nittorp. Kyrkans \u00e5r b\u00f6rjar ladda f\u00f6r pingst och \u00e4ven denna s\u00f6ndag handlar om den heliga Anden, hj\u00e4lparen.<\/p>\n<p>3. Var och varannat \u00e5r \u00e4r vi iv\u00e4g p\u00e5 n\u00e5got utan barnen och nu har jag och min fru varit till G\u00f6teborg. Lite chansartat hamnade vi p\u00e5 en riktigt fin och rolig konsert med accapelakvartetten DEO.<\/p>\n<p>4. H\u00e4r \u00e4r de f\u00f6rresten, i en vass och vacker s\u00e5ng om den svenska vapenexporten:<\/p>\n<p><iframe loading=\"lazy\" title=\"Kvartetten DEO - Svenska Hyckleriets marsch (a cappella)\" width=\"500\" height=\"281\" src=\"https:\/\/www.youtube.com\/embed\/cDkngloqlSM?feature=oembed\" frameborder=\"0\" allow=\"accelerometer; autoplay; clipboard-write; encrypted-media; gyroscope; picture-in-picture; web-share\" referrerpolicy=\"strict-origin-when-cross-origin\" allowfullscreen><\/iframe><\/p>\n<p>&nbsp;<\/p>\n<p>5. Jag kan inte komma undan tanken att n\u00e5gra av dem ser v\u00e4ldigt, v\u00e4ldigt bekanta ut, som att jag tr\u00e4ffat p\u00e5 dem n\u00e5gonstans men vet inte var i s\u00e5 fall.<\/p>\n<p>6. Jag har ocks\u00e5 f\u00e5tt \u00e4ta riktigt goda dumplings. Det \u00e4r nog det godaste jag vet.<\/p>\n<p>7. Jag tror att jag snart m\u00e5ste l\u00e4sa ut &#8221;Den o\u00e4ndliga historien&#8221;. Jag kan snart inte med att l\u00e5na om den fler g\u00e5nger. K\u00e4nns ju iofs rimligt att just den tagit s\u00e5 l\u00e5ng tid&#8230;<\/p>\n<p>8. P\u00e5 onsdag ska jag f\u00e5 paddla p\u00e5 jobbet. Och om n\u00e5gra veckor ska jag g\u00f6ra det igen. Tidningen turist hyllade nyligen J\u00e4lm\u00e5leden f\u00f6r vandring i Dalstorpstrakten, den \u00e4r ocks\u00e5 v\u00e4ldigt fin som paddling kan jag ber\u00e4tta.<\/p>\n<p>9. I G\u00f6teborg s\u00e5g jag p\u00e5 ett st\u00e4lle en skylt om uthyrning av &#8221;kajak eller trampb\u00e5t&#8221;. Det skar i hj\u00e4rtat att se de b\u00e5da i kombination p\u00e5 det s\u00e4ttet.<\/p>\n<p>10. Jag funderar just nu p\u00e5 hur l\u00e4mpligt det \u00e4r att kasta saker med fallsk\u00e4rm ner fr\u00e5n kyrktornet (visst vore det roligt?) i Dalstorp. V\u00e4rsta risken m\u00e5ste vara att de fastnar p\u00e5 taket eller n\u00e5t. Men skulle du spontant s\u00e4ga att det \u00e4r en rolig eller en st\u00f6tande id\u00e9?<\/p>\n<p>11. Den andra id\u00e9n att testk\u00f6ra den urgamla brandsprutan vi har i f\u00f6rsamlingshemmet p\u00e5 sommarfesten om en vecka \u00e4r jag ocks\u00e5 lite os\u00e4ker p\u00e5. Jag tror inte att den kan g\u00e5 s\u00f6nder av det och d\u00e5 borde v\u00e4l ingen kunna ta illa upp?<\/p>\n<p>12. Vad g\u00f6r du denna fina s\u00f6ndag? Skriv en rad och ber\u00e4tta!<\/p>\n","protected":false},"excerpt":{"rendered":"<p>Glad s\u00f6ndag k\u00e4ra l\u00e4sare! 2. Idag \u00e4r det s\u00f6ndagen f\u00f6re pingst. Jag tj\u00e4nstg\u00f6r ingenstans men min kollega Fredrik sk\u00f6ter om s\u00e5 det blir gudstj\u00e4nst 11 i Nittorp. Kyrkans \u00e5r b\u00f6rjar ladda f\u00f6r pingst och \u00e4ven denna s\u00f6ndag handlar om den heliga Anden, hj\u00e4lparen. 3. Var och varannat \u00e5r \u00e4r vi iv\u00e4g p\u00e5 n\u00e5got utan barnen [&hellip;]<\/p>\n","protected":false},"author":392,"featured_media":7200,"comment_status":"open","ping_status":"open","sticky":false,"template":"","format":"standard","meta":{"_acf_changed":false,"footnotes":""},"categories":[76766],"tags":[],"class_list":["post-7199","post","type-post","status-publish","format-standard","has-post-thumbnail","hentry","category-blandat"],"acf":[],"yoast_head":"<!-- This site is optimized with the Yoast SEO plugin v27.1.1 - https:\/\/yoast.com\/product\/yoast-seo-wordpress\/ -->\n<title>12 blandade tankar p\u00e5 s\u00f6ndagen - Vandra V\u00e4gen<\/title>\n<meta name=\"robots\" content=\"index, follow, max-snippet:-1, max-image-preview:large, max-video-preview:-1\" \/>\n<link rel=\"canonical\" href=\"https:\/\/blogg.svenskakyrkan.se\/vandravagen\/2019\/06\/02\/12-blandade-tankar-pa-sondagen-2\/\" \/>\n<meta property=\"og:locale\" content=\"sv_SE\" \/>\n<meta property=\"og:type\" content=\"article\" \/>\n<meta property=\"og:title\" content=\"12 blandade tankar p\u00e5 s\u00f6ndagen - Vandra V\u00e4gen\" \/>\n<meta property=\"og:description\" content=\"Glad s\u00f6ndag k\u00e4ra l\u00e4sare! 2. Idag \u00e4r det s\u00f6ndagen f\u00f6re pingst. Jag tj\u00e4nstg\u00f6r ingenstans men min kollega Fredrik sk\u00f6ter om s\u00e5 det blir gudstj\u00e4nst 11 i Nittorp. Kyrkans \u00e5r b\u00f6rjar ladda f\u00f6r pingst och \u00e4ven denna s\u00f6ndag handlar om den heliga Anden, hj\u00e4lparen. 3. Var och varannat \u00e5r \u00e4r vi iv\u00e4g p\u00e5 n\u00e5got utan barnen [&hellip;]\" \/>\n<meta property=\"og:url\" content=\"https:\/\/blogg.svenskakyrkan.se\/vandravagen\/2019\/06\/02\/12-blandade-tankar-pa-sondagen-2\/\" \/>\n<meta property=\"og:site_name\" content=\"Vandra V\u00e4gen\" \/>\n<meta property=\"article:publisher\" content=\"http:\/\/facebook.com\/vandravagen\" \/>\n<meta property=\"article:published_time\" content=\"2019-06-02T05:00:02+00:00\" \/>\n<meta name=\"author\" content=\"Tomas Jarvid\" \/>\n<meta name=\"twitter:card\" content=\"summary_large_image\" \/>\n<meta name=\"twitter:creator\" content=\"@fadertomas\" \/>\n<meta name=\"twitter:site\" content=\"@fadertomas\" \/>\n<meta name=\"twitter:label1\" content=\"Skriven av\" \/>\n\t<meta name=\"twitter:data1\" content=\"Tomas Jarvid\" \/>\n\t<meta name=\"twitter:label2\" content=\"Ber\u00e4knad l\u00e4stid\" \/>\n\t<meta name=\"twitter:data2\" content=\"2 minuter\" \/>\n<script type=\"application\/ld+json\" class=\"yoast-schema-graph\">{\"@context\":\"https:\/\/schema.org\",\"@graph\":[{\"@type\":\"Article\",\"@id\":\"https:\/\/blogg.svenskakyrkan.se\/vandravagen\/2019\/06\/02\/12-blandade-tankar-pa-sondagen-2\/#article\",\"isPartOf\":{\"@id\":\"https:\/\/blogg.svenskakyrkan.se\/vandravagen\/2019\/06\/02\/12-blandade-tankar-pa-sondagen-2\/\"},\"author\":{\"name\":\"Tomas Jarvid\",\"@id\":\"https:\/\/blogg.svenskakyrkan.se\/vandravagen\/#\/schema\/person\/25da02d4f76b137d04291711e2c9fc16\"},\"headline\":\"12 blandade tankar p\u00e5 s\u00f6ndagen\",\"datePublished\":\"2019-06-02T05:00:02+00:00\",\"mainEntityOfPage\":{\"@id\":\"https:\/\/blogg.svenskakyrkan.se\/vandravagen\/2019\/06\/02\/12-blandade-tankar-pa-sondagen-2\/\"},\"wordCount\":408,\"commentCount\":0,\"publisher\":{\"@id\":\"https:\/\/blogg.svenskakyrkan.se\/vandravagen\/#organization\"},\"image\":{\"@id\":\"https:\/\/blogg.svenskakyrkan.se\/vandravagen\/2019\/06\/02\/12-blandade-tankar-pa-sondagen-2\/#primaryimage\"},\"thumbnailUrl\":\"https:\/\/blogg.svenskakyrkan.se\/vandravagen\/files\/2019\/06\/heiligegeest_grt.jpg\",\"articleSection\":[\"blandat\"],\"inLanguage\":\"sv-SE\",\"potentialAction\":[{\"@type\":\"CommentAction\",\"name\":\"Comment\",\"target\":[\"https:\/\/blogg.svenskakyrkan.se\/vandravagen\/2019\/06\/02\/12-blandade-tankar-pa-sondagen-2\/#respond\"]}]},{\"@type\":\"WebPage\",\"@id\":\"https:\/\/blogg.svenskakyrkan.se\/vandravagen\/2019\/06\/02\/12-blandade-tankar-pa-sondagen-2\/\",\"url\":\"https:\/\/blogg.svenskakyrkan.se\/vandravagen\/2019\/06\/02\/12-blandade-tankar-pa-sondagen-2\/\",\"name\":\"12 blandade tankar p\u00e5 s\u00f6ndagen - Vandra V\u00e4gen\",\"isPartOf\":{\"@id\":\"https:\/\/blogg.svenskakyrkan.se\/vandravagen\/#website\"},\"primaryImageOfPage\":{\"@id\":\"https:\/\/blogg.svenskakyrkan.se\/vandravagen\/2019\/06\/02\/12-blandade-tankar-pa-sondagen-2\/#primaryimage\"},\"image\":{\"@id\":\"https:\/\/blogg.svenskakyrkan.se\/vandravagen\/2019\/06\/02\/12-blandade-tankar-pa-sondagen-2\/#primaryimage\"},\"thumbnailUrl\":\"https:\/\/blogg.svenskakyrkan.se\/vandravagen\/files\/2019\/06\/heiligegeest_grt.jpg\",\"datePublished\":\"2019-06-02T05:00:02+00:00\",\"breadcrumb\":{\"@id\":\"https:\/\/blogg.svenskakyrkan.se\/vandravagen\/2019\/06\/02\/12-blandade-tankar-pa-sondagen-2\/#breadcrumb\"},\"inLanguage\":\"sv-SE\",\"potentialAction\":[{\"@type\":\"ReadAction\",\"target\":[\"https:\/\/blogg.svenskakyrkan.se\/vandravagen\/2019\/06\/02\/12-blandade-tankar-pa-sondagen-2\/\"]}]},{\"@type\":\"ImageObject\",\"inLanguage\":\"sv-SE\",\"@id\":\"https:\/\/blogg.svenskakyrkan.se\/vandravagen\/2019\/06\/02\/12-blandade-tankar-pa-sondagen-2\/#primaryimage\",\"url\":\"https:\/\/blogg.svenskakyrkan.se\/vandravagen\/files\/2019\/06\/heiligegeest_grt.jpg\",\"contentUrl\":\"https:\/\/blogg.svenskakyrkan.se\/vandravagen\/files\/2019\/06\/heiligegeest_grt.jpg\",\"width\":1000,\"height\":1250,\"caption\":\"Den heliga Anden kommer \u00f6ver l\u00e4rjungarna p\u00e5 pingstdagen, nu bara en vecka bort i almanackan.\"},{\"@type\":\"BreadcrumbList\",\"@id\":\"https:\/\/blogg.svenskakyrkan.se\/vandravagen\/2019\/06\/02\/12-blandade-tankar-pa-sondagen-2\/#breadcrumb\",\"itemListElement\":[{\"@type\":\"ListItem\",\"position\":1,\"name\":\"Hem\",\"item\":\"https:\/\/blogg.svenskakyrkan.se\/vandravagen\/\"},{\"@type\":\"ListItem\",\"position\":2,\"name\":\"12 blandade tankar p\u00e5 s\u00f6ndagen\"}]},{\"@type\":\"WebSite\",\"@id\":\"https:\/\/blogg.svenskakyrkan.se\/vandravagen\/#website\",\"url\":\"https:\/\/blogg.svenskakyrkan.se\/vandravagen\/\",\"name\":\"Vandra V\u00e4gen\",\"description\":\"-Mot en tro f\u00f6r hela livet\",\"publisher\":{\"@id\":\"https:\/\/blogg.svenskakyrkan.se\/vandravagen\/#organization\"},\"potentialAction\":[{\"@type\":\"SearchAction\",\"target\":{\"@type\":\"EntryPoint\",\"urlTemplate\":\"https:\/\/blogg.svenskakyrkan.se\/vandravagen\/?s={search_term_string}\"},\"query-input\":{\"@type\":\"PropertyValueSpecification\",\"valueRequired\":true,\"valueName\":\"search_term_string\"}}],\"inLanguage\":\"sv-SE\"},{\"@type\":\"Organization\",\"@id\":\"https:\/\/blogg.svenskakyrkan.se\/vandravagen\/#organization\",\"name\":\"ulricehamns pastorat\",\"alternateName\":\"ulricehamns pastorat\",\"url\":\"https:\/\/blogg.svenskakyrkan.se\/vandravagen\/\",\"logo\":{\"@type\":\"ImageObject\",\"inLanguage\":\"sv-SE\",\"@id\":\"https:\/\/blogg.svenskakyrkan.se\/vandravagen\/#\/schema\/logo\/image\/\",\"url\":\"https:\/\/blogg.svenskakyrkan.se\/vandravagen\/files\/2023\/05\/Ulr_logo_RGB.png\",\"contentUrl\":\"https:\/\/blogg.svenskakyrkan.se\/vandravagen\/files\/2023\/05\/Ulr_logo_RGB.png\",\"width\":205,\"height\":77,\"caption\":\"ulricehamns pastorat\"},\"image\":{\"@id\":\"https:\/\/blogg.svenskakyrkan.se\/vandravagen\/#\/schema\/logo\/image\/\"},\"sameAs\":[\"http:\/\/facebook.com\/vandravagen\",\"https:\/\/x.com\/fadertomas\",\"http:\/\/www.facebook.com\/svenskakyrkaniulricehamn\"]},{\"@type\":\"Person\",\"@id\":\"https:\/\/blogg.svenskakyrkan.se\/vandravagen\/#\/schema\/person\/25da02d4f76b137d04291711e2c9fc16\",\"name\":\"Tomas Jarvid\",\"image\":{\"@type\":\"ImageObject\",\"inLanguage\":\"sv-SE\",\"@id\":\"https:\/\/blogg.svenskakyrkan.se\/vandravagen\/#\/schema\/person\/image\/\",\"url\":\"https:\/\/secure.gravatar.com\/avatar\/7fa71899795e8f540f615a1f5ab25255dc27aa40f05ee7ddd21aac521e01bf50?s=96&d=identicon&r=g\",\"contentUrl\":\"https:\/\/secure.gravatar.com\/avatar\/7fa71899795e8f540f615a1f5ab25255dc27aa40f05ee7ddd21aac521e01bf50?s=96&d=identicon&r=g\",\"caption\":\"Tomas Jarvid\"},\"description\":\"Jag bor i Ulricehamn i V\u00e4sterg\u00f6tland och \u00e4r f\u00f6rsamlingspr\u00e4st i Svenska Kyrkan f\u00f6r Dalstorps f\u00f6rsamling i Kinds pastorat. P\u00e5 den h\u00e4r bloggen skriver jag ner tankar om vandringen som kristen.\",\"sameAs\":[\"http:\/\/www.vandravagen.se\"],\"url\":\"https:\/\/blogg.svenskakyrkan.se\/vandravagen\/author\/vandravagen\/\"}]}<\/script>\n<!-- \/ Yoast SEO plugin. -->","yoast_head_json":{"title":"12 blandade tankar p\u00e5 s\u00f6ndagen - Vandra V\u00e4gen","robots":{"index":"index","follow":"follow","max-snippet":"max-snippet:-1","max-image-preview":"max-image-preview:large","max-video-preview":"max-video-preview:-1"},"canonical":"https:\/\/blogg.svenskakyrkan.se\/vandravagen\/2019\/06\/02\/12-blandade-tankar-pa-sondagen-2\/","og_locale":"sv_SE","og_type":"article","og_title":"12 blandade tankar p\u00e5 s\u00f6ndagen - Vandra V\u00e4gen","og_description":"Glad s\u00f6ndag k\u00e4ra l\u00e4sare! 2. Idag \u00e4r det s\u00f6ndagen f\u00f6re pingst. Jag tj\u00e4nstg\u00f6r ingenstans men min kollega Fredrik sk\u00f6ter om s\u00e5 det blir gudstj\u00e4nst 11 i Nittorp. Kyrkans \u00e5r b\u00f6rjar ladda f\u00f6r pingst och \u00e4ven denna s\u00f6ndag handlar om den heliga Anden, hj\u00e4lparen. 3. Var och varannat \u00e5r \u00e4r vi iv\u00e4g p\u00e5 n\u00e5got utan barnen [&hellip;]","og_url":"https:\/\/blogg.svenskakyrkan.se\/vandravagen\/2019\/06\/02\/12-blandade-tankar-pa-sondagen-2\/","og_site_name":"Vandra V\u00e4gen","article_publisher":"http:\/\/facebook.com\/vandravagen","article_published_time":"2019-06-02T05:00:02+00:00","author":"Tomas Jarvid","twitter_card":"summary_large_image","twitter_creator":"@fadertomas","twitter_site":"@fadertomas","twitter_misc":{"Skriven av":"Tomas Jarvid","Ber\u00e4knad l\u00e4stid":"2 minuter"},"schema":{"@context":"https:\/\/schema.org","@graph":[{"@type":"Article","@id":"https:\/\/blogg.svenskakyrkan.se\/vandravagen\/2019\/06\/02\/12-blandade-tankar-pa-sondagen-2\/#article","isPartOf":{"@id":"https:\/\/blogg.svenskakyrkan.se\/vandravagen\/2019\/06\/02\/12-blandade-tankar-pa-sondagen-2\/"},"author":{"name":"Tomas Jarvid","@id":"https:\/\/blogg.svenskakyrkan.se\/vandravagen\/#\/schema\/person\/25da02d4f76b137d04291711e2c9fc16"},"headline":"12 blandade tankar p\u00e5 s\u00f6ndagen","datePublished":"2019-06-02T05:00:02+00:00","mainEntityOfPage":{"@id":"https:\/\/blogg.svenskakyrkan.se\/vandravagen\/2019\/06\/02\/12-blandade-tankar-pa-sondagen-2\/"},"wordCount":408,"commentCount":0,"publisher":{"@id":"https:\/\/blogg.svenskakyrkan.se\/vandravagen\/#organization"},"image":{"@id":"https:\/\/blogg.svenskakyrkan.se\/vandravagen\/2019\/06\/02\/12-blandade-tankar-pa-sondagen-2\/#primaryimage"},"thumbnailUrl":"https:\/\/blogg.svenskakyrkan.se\/vandravagen\/files\/2019\/06\/heiligegeest_grt.jpg","articleSection":["blandat"],"inLanguage":"sv-SE","potentialAction":[{"@type":"CommentAction","name":"Comment","target":["https:\/\/blogg.svenskakyrkan.se\/vandravagen\/2019\/06\/02\/12-blandade-tankar-pa-sondagen-2\/#respond"]}]},{"@type":"WebPage","@id":"https:\/\/blogg.svenskakyrkan.se\/vandravagen\/2019\/06\/02\/12-blandade-tankar-pa-sondagen-2\/","url":"https:\/\/blogg.svenskakyrkan.se\/vandravagen\/2019\/06\/02\/12-blandade-tankar-pa-sondagen-2\/","name":"12 blandade tankar p\u00e5 s\u00f6ndagen - Vandra V\u00e4gen","isPartOf":{"@id":"https:\/\/blogg.svenskakyrkan.se\/vandravagen\/#website"},"primaryImageOfPage":{"@id":"https:\/\/blogg.svenskakyrkan.se\/vandravagen\/2019\/06\/02\/12-blandade-tankar-pa-sondagen-2\/#primaryimage"},"image":{"@id":"https:\/\/blogg.svenskakyrkan.se\/vandravagen\/2019\/06\/02\/12-blandade-tankar-pa-sondagen-2\/#primaryimage"},"thumbnailUrl":"https:\/\/blogg.svenskakyrkan.se\/vandravagen\/files\/2019\/06\/heiligegeest_grt.jpg","datePublished":"2019-06-02T05:00:02+00:00","breadcrumb":{"@id":"https:\/\/blogg.svenskakyrkan.se\/vandravagen\/2019\/06\/02\/12-blandade-tankar-pa-sondagen-2\/#breadcrumb"},"inLanguage":"sv-SE","potentialAction":[{"@type":"ReadAction","target":["https:\/\/blogg.svenskakyrkan.se\/vandravagen\/2019\/06\/02\/12-blandade-tankar-pa-sondagen-2\/"]}]},{"@type":"ImageObject","inLanguage":"sv-SE","@id":"https:\/\/blogg.svenskakyrkan.se\/vandravagen\/2019\/06\/02\/12-blandade-tankar-pa-sondagen-2\/#primaryimage","url":"https:\/\/blogg.svenskakyrkan.se\/vandravagen\/files\/2019\/06\/heiligegeest_grt.jpg","contentUrl":"https:\/\/blogg.svenskakyrkan.se\/vandravagen\/files\/2019\/06\/heiligegeest_grt.jpg","width":1000,"height":1250,"caption":"Den heliga Anden kommer \u00f6ver l\u00e4rjungarna p\u00e5 pingstdagen, nu bara en vecka bort i almanackan."},{"@type":"BreadcrumbList","@id":"https:\/\/blogg.svenskakyrkan.se\/vandravagen\/2019\/06\/02\/12-blandade-tankar-pa-sondagen-2\/#breadcrumb","itemListElement":[{"@type":"ListItem","position":1,"name":"Hem","item":"https:\/\/blogg.svenskakyrkan.se\/vandravagen\/"},{"@type":"ListItem","position":2,"name":"12 blandade tankar p\u00e5 s\u00f6ndagen"}]},{"@type":"WebSite","@id":"https:\/\/blogg.svenskakyrkan.se\/vandravagen\/#website","url":"https:\/\/blogg.svenskakyrkan.se\/vandravagen\/","name":"Vandra V\u00e4gen","description":"-Mot en tro f\u00f6r hela livet","publisher":{"@id":"https:\/\/blogg.svenskakyrkan.se\/vandravagen\/#organization"},"potentialAction":[{"@type":"SearchAction","target":{"@type":"EntryPoint","urlTemplate":"https:\/\/blogg.svenskakyrkan.se\/vandravagen\/?s={search_term_string}"},"query-input":{"@type":"PropertyValueSpecification","valueRequired":true,"valueName":"search_term_string"}}],"inLanguage":"sv-SE"},{"@type":"Organization","@id":"https:\/\/blogg.svenskakyrkan.se\/vandravagen\/#organization","name":"ulricehamns pastorat","alternateName":"ulricehamns pastorat","url":"https:\/\/blogg.svenskakyrkan.se\/vandravagen\/","logo":{"@type":"ImageObject","inLanguage":"sv-SE","@id":"https:\/\/blogg.svenskakyrkan.se\/vandravagen\/#\/schema\/logo\/image\/","url":"https:\/\/blogg.svenskakyrkan.se\/vandravagen\/files\/2023\/05\/Ulr_logo_RGB.png","contentUrl":"https:\/\/blogg.svenskakyrkan.se\/vandravagen\/files\/2023\/05\/Ulr_logo_RGB.png","width":205,"height":77,"caption":"ulricehamns pastorat"},"image":{"@id":"https:\/\/blogg.svenskakyrkan.se\/vandravagen\/#\/schema\/logo\/image\/"},"sameAs":["http:\/\/facebook.com\/vandravagen","https:\/\/x.com\/fadertomas","http:\/\/www.facebook.com\/svenskakyrkaniulricehamn"]},{"@type":"Person","@id":"https:\/\/blogg.svenskakyrkan.se\/vandravagen\/#\/schema\/person\/25da02d4f76b137d04291711e2c9fc16","name":"Tomas Jarvid","image":{"@type":"ImageObject","inLanguage":"sv-SE","@id":"https:\/\/blogg.svenskakyrkan.se\/vandravagen\/#\/schema\/person\/image\/","url":"https:\/\/secure.gravatar.com\/avatar\/7fa71899795e8f540f615a1f5ab25255dc27aa40f05ee7ddd21aac521e01bf50?s=96&d=identicon&r=g","contentUrl":"https:\/\/secure.gravatar.com\/avatar\/7fa71899795e8f540f615a1f5ab25255dc27aa40f05ee7ddd21aac521e01bf50?s=96&d=identicon&r=g","caption":"Tomas Jarvid"},"description":"Jag bor i Ulricehamn i V\u00e4sterg\u00f6tland och \u00e4r f\u00f6rsamlingspr\u00e4st i Svenska Kyrkan f\u00f6r Dalstorps f\u00f6rsamling i Kinds pastorat. P\u00e5 den h\u00e4r bloggen skriver jag ner tankar om vandringen som kristen.","sameAs":["http:\/\/www.vandravagen.se"],"url":"https:\/\/blogg.svenskakyrkan.se\/vandravagen\/author\/vandravagen\/"}]}},"author_meta":{"ID":"392","user_nicename":"vandravagen","user_url":"http:\/\/www.vandravagen.se","user_registered":"2014-05-19 05:44:52","display_name":"Tomas Jarvid","first_name":"Tomas","last_name":"Jarvid","avatar":"https:\/\/secure.gravatar.com\/avatar\/7fa71899795e8f540f615a1f5ab25255dc27aa40f05ee7ddd21aac521e01bf50?s=96&d=identicon&r=g"},"featured_image":["https:\/\/blogg.svenskakyrkan.se\/vandravagen\/files\/2019\/06\/heiligegeest_grt.jpg",1000,1250,false],"bloginfo":{"name":"Vandra V\u00e4gen","url":"https:\/\/blogg.svenskakyrkan.se\/vandravagen"},"_links":{"self":[{"href":"https:\/\/blogg.svenskakyrkan.se\/vandravagen\/wp-json\/wp\/v2\/posts\/7199","targetHints":{"allow":["GET"]}}],"collection":[{"href":"https:\/\/blogg.svenskakyrkan.se\/vandravagen\/wp-json\/wp\/v2\/posts"}],"about":[{"href":"https:\/\/blogg.svenskakyrkan.se\/vandravagen\/wp-json\/wp\/v2\/types\/post"}],"author":[{"embeddable":true,"href":"https:\/\/blogg.svenskakyrkan.se\/vandravagen\/wp-json\/wp\/v2\/users\/392"}],"replies":[{"embeddable":true,"href":"https:\/\/blogg.svenskakyrkan.se\/vandravagen\/wp-json\/wp\/v2\/comments?post=7199"}],"version-history":[{"count":1,"href":"https:\/\/blogg.svenskakyrkan.se\/vandravagen\/wp-json\/wp\/v2\/posts\/7199\/revisions"}],"predecessor-version":[{"id":7201,"href":"https:\/\/blogg.svenskakyrkan.se\/vandravagen\/wp-json\/wp\/v2\/posts\/7199\/revisions\/7201"}],"wp:featuredmedia":[{"embeddable":true,"href":"https:\/\/blogg.svenskakyrkan.se\/vandravagen\/wp-json\/wp\/v2\/media\/7200"}],"wp:attachment":[{"href":"https:\/\/blogg.svenskakyrkan.se\/vandravagen\/wp-json\/wp\/v2\/media?parent=7199"}],"wp:term":[{"taxonomy":"category","embeddable":true,"href":"https:\/\/blogg.svenskakyrkan.se\/vandravagen\/wp-json\/wp\/v2\/categories?post=7199"},{"taxonomy":"post_tag","embeddable":true,"href":"https:\/\/blogg.svenskakyrkan.se\/vandravagen\/wp-json\/wp\/v2\/tags?post=7199"}],"curies":[{"name":"wp","href":"https:\/\/api.w.org\/{rel}","templated":true}]}}