{"id":72,"date":"2014-04-18T15:00:00","date_gmt":"2014-04-18T13:00:00","guid":{"rendered":"http:\/\/blogg.svenskakyrkan.se\/vandravagen\/2014\/04\/18\/stabat-mater-moderns-smarta\/"},"modified":"2014-04-18T15:00:00","modified_gmt":"2014-04-18T13:00:00","slug":"stabat-mater-moderns-smarta","status":"publish","type":"post","link":"https:\/\/blogg.svenskakyrkan.se\/vandravagen\/2014\/04\/18\/stabat-mater-moderns-smarta\/","title":{"rendered":"Stabat mater, moderns sm\u00e4rta"},"content":{"rendered":"<div>\n<table align=\"center\" cellpadding=\"0\" cellspacing=\"0\">\n<tbody>\n<tr>\n<td><a href=\"http:\/\/1.bp.blogspot.com\/-9y5TmHGV1G0\/U1CxXLun1rI\/AAAAAAAAHV0\/Gl8JT6lci0U\/s1600\/maria+Ska%CC%88lvum.jpg\"><img loading=\"lazy\" decoding=\"async\" border=\"0\" src=\"http:\/\/1.bp.blogspot.com\/-9y5TmHGV1G0\/U1CxXLun1rI\/AAAAAAAAHV0\/Gl8JT6lci0U\/s1600\/maria+Ska%CC%88lvum.jpg\" height=\"640\" width=\"426\"><\/a><\/td>\n<\/tr>\n<tr>\n<td>Maria Jesu moder i den nedsl\u00e4kta kyrkan i Sk\u00e4lvum<\/td>\n<\/tr>\n<\/tbody>\n<\/table>\n<\/div>\n<div><\/div>\n<div>P\u00e5 l\u00e5ngfredagen kan det passa att lyssna p\u00e5 Pergolesis &#8221;Stabat Mater&#8221;. H\u00e4r \u00e4r en inspelning i verkets helhet. Det handlar om Maria, Jesu mor, som f\u00e5r st\u00e5 vid korsets fot och se sin egen son d\u00f6 f\u00f6r hennes och allas skull. Mycket vackert.<\/div>\n<div><\/div>\n<div><\/div>\n","protected":false},"excerpt":{"rendered":"<p>Maria Jesu moder i den nedsl\u00e4kta kyrkan i Sk\u00e4lvum P\u00e5 l\u00e5ngfredagen kan det passa att lyssna p\u00e5 Pergolesis &#8221;Stabat Mater&#8221;. H\u00e4r \u00e4r en inspelning i verkets helhet. Det handlar om Maria, Jesu mor, som f\u00e5r st\u00e5 vid korsets fot och se sin egen son d\u00f6 f\u00f6r hennes och allas skull. Mycket vackert.<\/p>\n","protected":false},"author":392,"featured_media":0,"comment_status":"open","ping_status":"open","sticky":false,"template":"","format":"standard","meta":{"_acf_changed":false,"footnotes":""},"categories":[8252,8266],"tags":[],"class_list":["post-72","post","type-post","status-publish","format-standard","hentry","category-kyrkoaret","category-musik"],"acf":[],"yoast_head":"<!-- This site is optimized with the Yoast SEO plugin v27.1.1 - https:\/\/yoast.com\/product\/yoast-seo-wordpress\/ -->\n<title>Stabat mater, moderns sm\u00e4rta - Vandra V\u00e4gen<\/title>\n<meta name=\"robots\" content=\"index, follow, max-snippet:-1, max-image-preview:large, max-video-preview:-1\" \/>\n<link rel=\"canonical\" href=\"https:\/\/blogg.svenskakyrkan.se\/vandravagen\/2014\/04\/18\/stabat-mater-moderns-smarta\/\" \/>\n<meta property=\"og:locale\" content=\"sv_SE\" \/>\n<meta property=\"og:type\" content=\"article\" \/>\n<meta property=\"og:title\" content=\"Stabat mater, moderns sm\u00e4rta - Vandra V\u00e4gen\" \/>\n<meta property=\"og:description\" content=\"Maria Jesu moder i den nedsl\u00e4kta kyrkan i Sk\u00e4lvum P\u00e5 l\u00e5ngfredagen kan det passa att lyssna p\u00e5 Pergolesis &#8221;Stabat Mater&#8221;. H\u00e4r \u00e4r en inspelning i verkets helhet. Det handlar om Maria, Jesu mor, som f\u00e5r st\u00e5 vid korsets fot och se sin egen son d\u00f6 f\u00f6r hennes och allas skull. Mycket vackert.\" \/>\n<meta property=\"og:url\" content=\"https:\/\/blogg.svenskakyrkan.se\/vandravagen\/2014\/04\/18\/stabat-mater-moderns-smarta\/\" \/>\n<meta property=\"og:site_name\" content=\"Vandra V\u00e4gen\" \/>\n<meta property=\"article:publisher\" content=\"http:\/\/facebook.com\/vandravagen\" \/>\n<meta property=\"article:published_time\" content=\"2014-04-18T13:00:00+00:00\" \/>\n<meta property=\"og:image\" content=\"http:\/\/1.bp.blogspot.com\/-9y5TmHGV1G0\/U1CxXLun1rI\/AAAAAAAAHV0\/Gl8JT6lci0U\/s1600\/maria+Ska%CC%88lvum.jpg\" \/>\n<meta name=\"author\" content=\"Tomas Jarvid\" \/>\n<meta name=\"twitter:card\" content=\"summary_large_image\" \/>\n<meta name=\"twitter:creator\" content=\"@fadertomas\" \/>\n<meta name=\"twitter:site\" content=\"@fadertomas\" \/>\n<meta name=\"twitter:label1\" content=\"Skriven av\" \/>\n\t<meta name=\"twitter:data1\" content=\"Tomas Jarvid\" \/>\n<script type=\"application\/ld+json\" class=\"yoast-schema-graph\">{\"@context\":\"https:\/\/schema.org\",\"@graph\":[{\"@type\":\"Article\",\"@id\":\"https:\/\/blogg.svenskakyrkan.se\/vandravagen\/2014\/04\/18\/stabat-mater-moderns-smarta\/#article\",\"isPartOf\":{\"@id\":\"https:\/\/blogg.svenskakyrkan.se\/vandravagen\/2014\/04\/18\/stabat-mater-moderns-smarta\/\"},\"author\":{\"name\":\"Tomas Jarvid\",\"@id\":\"https:\/\/blogg.svenskakyrkan.se\/vandravagen\/#\/schema\/person\/25da02d4f76b137d04291711e2c9fc16\"},\"headline\":\"Stabat mater, moderns sm\u00e4rta\",\"datePublished\":\"2014-04-18T13:00:00+00:00\",\"mainEntityOfPage\":{\"@id\":\"https:\/\/blogg.svenskakyrkan.se\/vandravagen\/2014\/04\/18\/stabat-mater-moderns-smarta\/\"},\"wordCount\":63,\"commentCount\":4,\"publisher\":{\"@id\":\"https:\/\/blogg.svenskakyrkan.se\/vandravagen\/#organization\"},\"image\":{\"@id\":\"https:\/\/blogg.svenskakyrkan.se\/vandravagen\/2014\/04\/18\/stabat-mater-moderns-smarta\/#primaryimage\"},\"thumbnailUrl\":\"http:\/\/1.bp.blogspot.com\/-9y5TmHGV1G0\/U1CxXLun1rI\/AAAAAAAAHV0\/Gl8JT6lci0U\/s1600\/maria+Ska%CC%88lvum.jpg\",\"articleSection\":[\"kyrko\u00e5ret\",\"musik\"],\"inLanguage\":\"sv-SE\",\"potentialAction\":[{\"@type\":\"CommentAction\",\"name\":\"Comment\",\"target\":[\"https:\/\/blogg.svenskakyrkan.se\/vandravagen\/2014\/04\/18\/stabat-mater-moderns-smarta\/#respond\"]}]},{\"@type\":\"WebPage\",\"@id\":\"https:\/\/blogg.svenskakyrkan.se\/vandravagen\/2014\/04\/18\/stabat-mater-moderns-smarta\/\",\"url\":\"https:\/\/blogg.svenskakyrkan.se\/vandravagen\/2014\/04\/18\/stabat-mater-moderns-smarta\/\",\"name\":\"Stabat mater, moderns sm\u00e4rta - Vandra V\u00e4gen\",\"isPartOf\":{\"@id\":\"https:\/\/blogg.svenskakyrkan.se\/vandravagen\/#website\"},\"primaryImageOfPage\":{\"@id\":\"https:\/\/blogg.svenskakyrkan.se\/vandravagen\/2014\/04\/18\/stabat-mater-moderns-smarta\/#primaryimage\"},\"image\":{\"@id\":\"https:\/\/blogg.svenskakyrkan.se\/vandravagen\/2014\/04\/18\/stabat-mater-moderns-smarta\/#primaryimage\"},\"thumbnailUrl\":\"http:\/\/1.bp.blogspot.com\/-9y5TmHGV1G0\/U1CxXLun1rI\/AAAAAAAAHV0\/Gl8JT6lci0U\/s1600\/maria+Ska%CC%88lvum.jpg\",\"datePublished\":\"2014-04-18T13:00:00+00:00\",\"breadcrumb\":{\"@id\":\"https:\/\/blogg.svenskakyrkan.se\/vandravagen\/2014\/04\/18\/stabat-mater-moderns-smarta\/#breadcrumb\"},\"inLanguage\":\"sv-SE\",\"potentialAction\":[{\"@type\":\"ReadAction\",\"target\":[\"https:\/\/blogg.svenskakyrkan.se\/vandravagen\/2014\/04\/18\/stabat-mater-moderns-smarta\/\"]}]},{\"@type\":\"ImageObject\",\"inLanguage\":\"sv-SE\",\"@id\":\"https:\/\/blogg.svenskakyrkan.se\/vandravagen\/2014\/04\/18\/stabat-mater-moderns-smarta\/#primaryimage\",\"url\":\"http:\/\/1.bp.blogspot.com\/-9y5TmHGV1G0\/U1CxXLun1rI\/AAAAAAAAHV0\/Gl8JT6lci0U\/s1600\/maria+Ska%CC%88lvum.jpg\",\"contentUrl\":\"http:\/\/1.bp.blogspot.com\/-9y5TmHGV1G0\/U1CxXLun1rI\/AAAAAAAAHV0\/Gl8JT6lci0U\/s1600\/maria+Ska%CC%88lvum.jpg\"},{\"@type\":\"BreadcrumbList\",\"@id\":\"https:\/\/blogg.svenskakyrkan.se\/vandravagen\/2014\/04\/18\/stabat-mater-moderns-smarta\/#breadcrumb\",\"itemListElement\":[{\"@type\":\"ListItem\",\"position\":1,\"name\":\"Hem\",\"item\":\"https:\/\/blogg.svenskakyrkan.se\/vandravagen\/\"},{\"@type\":\"ListItem\",\"position\":2,\"name\":\"Stabat mater, moderns sm\u00e4rta\"}]},{\"@type\":\"WebSite\",\"@id\":\"https:\/\/blogg.svenskakyrkan.se\/vandravagen\/#website\",\"url\":\"https:\/\/blogg.svenskakyrkan.se\/vandravagen\/\",\"name\":\"Vandra V\u00e4gen\",\"description\":\"-Mot en tro f\u00f6r hela livet\",\"publisher\":{\"@id\":\"https:\/\/blogg.svenskakyrkan.se\/vandravagen\/#organization\"},\"potentialAction\":[{\"@type\":\"SearchAction\",\"target\":{\"@type\":\"EntryPoint\",\"urlTemplate\":\"https:\/\/blogg.svenskakyrkan.se\/vandravagen\/?s={search_term_string}\"},\"query-input\":{\"@type\":\"PropertyValueSpecification\",\"valueRequired\":true,\"valueName\":\"search_term_string\"}}],\"inLanguage\":\"sv-SE\"},{\"@type\":\"Organization\",\"@id\":\"https:\/\/blogg.svenskakyrkan.se\/vandravagen\/#organization\",\"name\":\"ulricehamns pastorat\",\"alternateName\":\"ulricehamns pastorat\",\"url\":\"https:\/\/blogg.svenskakyrkan.se\/vandravagen\/\",\"logo\":{\"@type\":\"ImageObject\",\"inLanguage\":\"sv-SE\",\"@id\":\"https:\/\/blogg.svenskakyrkan.se\/vandravagen\/#\/schema\/logo\/image\/\",\"url\":\"https:\/\/blogg.svenskakyrkan.se\/vandravagen\/files\/2023\/05\/Ulr_logo_RGB.png\",\"contentUrl\":\"https:\/\/blogg.svenskakyrkan.se\/vandravagen\/files\/2023\/05\/Ulr_logo_RGB.png\",\"width\":205,\"height\":77,\"caption\":\"ulricehamns pastorat\"},\"image\":{\"@id\":\"https:\/\/blogg.svenskakyrkan.se\/vandravagen\/#\/schema\/logo\/image\/\"},\"sameAs\":[\"http:\/\/facebook.com\/vandravagen\",\"https:\/\/x.com\/fadertomas\",\"http:\/\/www.facebook.com\/svenskakyrkaniulricehamn\"]},{\"@type\":\"Person\",\"@id\":\"https:\/\/blogg.svenskakyrkan.se\/vandravagen\/#\/schema\/person\/25da02d4f76b137d04291711e2c9fc16\",\"name\":\"Tomas Jarvid\",\"image\":{\"@type\":\"ImageObject\",\"inLanguage\":\"sv-SE\",\"@id\":\"https:\/\/blogg.svenskakyrkan.se\/vandravagen\/#\/schema\/person\/image\/\",\"url\":\"https:\/\/secure.gravatar.com\/avatar\/7fa71899795e8f540f615a1f5ab25255dc27aa40f05ee7ddd21aac521e01bf50?s=96&d=identicon&r=g\",\"contentUrl\":\"https:\/\/secure.gravatar.com\/avatar\/7fa71899795e8f540f615a1f5ab25255dc27aa40f05ee7ddd21aac521e01bf50?s=96&d=identicon&r=g\",\"caption\":\"Tomas Jarvid\"},\"description\":\"Jag bor i Ulricehamn i V\u00e4sterg\u00f6tland och \u00e4r f\u00f6rsamlingspr\u00e4st i Svenska Kyrkan f\u00f6r Dalstorps f\u00f6rsamling i Kinds pastorat. P\u00e5 den h\u00e4r bloggen skriver jag ner tankar om vandringen som kristen.\",\"sameAs\":[\"http:\/\/www.vandravagen.se\"],\"url\":\"https:\/\/blogg.svenskakyrkan.se\/vandravagen\/author\/vandravagen\/\"}]}<\/script>\n<!-- \/ Yoast SEO plugin. -->","yoast_head_json":{"title":"Stabat mater, moderns sm\u00e4rta - Vandra V\u00e4gen","robots":{"index":"index","follow":"follow","max-snippet":"max-snippet:-1","max-image-preview":"max-image-preview:large","max-video-preview":"max-video-preview:-1"},"canonical":"https:\/\/blogg.svenskakyrkan.se\/vandravagen\/2014\/04\/18\/stabat-mater-moderns-smarta\/","og_locale":"sv_SE","og_type":"article","og_title":"Stabat mater, moderns sm\u00e4rta - Vandra V\u00e4gen","og_description":"Maria Jesu moder i den nedsl\u00e4kta kyrkan i Sk\u00e4lvum P\u00e5 l\u00e5ngfredagen kan det passa att lyssna p\u00e5 Pergolesis &#8221;Stabat Mater&#8221;. H\u00e4r \u00e4r en inspelning i verkets helhet. Det handlar om Maria, Jesu mor, som f\u00e5r st\u00e5 vid korsets fot och se sin egen son d\u00f6 f\u00f6r hennes och allas skull. Mycket vackert.","og_url":"https:\/\/blogg.svenskakyrkan.se\/vandravagen\/2014\/04\/18\/stabat-mater-moderns-smarta\/","og_site_name":"Vandra V\u00e4gen","article_publisher":"http:\/\/facebook.com\/vandravagen","article_published_time":"2014-04-18T13:00:00+00:00","og_image":[{"url":"http:\/\/1.bp.blogspot.com\/-9y5TmHGV1G0\/U1CxXLun1rI\/AAAAAAAAHV0\/Gl8JT6lci0U\/s1600\/maria+Ska%CC%88lvum.jpg","type":"","width":"","height":""}],"author":"Tomas Jarvid","twitter_card":"summary_large_image","twitter_creator":"@fadertomas","twitter_site":"@fadertomas","twitter_misc":{"Skriven av":"Tomas Jarvid"},"schema":{"@context":"https:\/\/schema.org","@graph":[{"@type":"Article","@id":"https:\/\/blogg.svenskakyrkan.se\/vandravagen\/2014\/04\/18\/stabat-mater-moderns-smarta\/#article","isPartOf":{"@id":"https:\/\/blogg.svenskakyrkan.se\/vandravagen\/2014\/04\/18\/stabat-mater-moderns-smarta\/"},"author":{"name":"Tomas Jarvid","@id":"https:\/\/blogg.svenskakyrkan.se\/vandravagen\/#\/schema\/person\/25da02d4f76b137d04291711e2c9fc16"},"headline":"Stabat mater, moderns sm\u00e4rta","datePublished":"2014-04-18T13:00:00+00:00","mainEntityOfPage":{"@id":"https:\/\/blogg.svenskakyrkan.se\/vandravagen\/2014\/04\/18\/stabat-mater-moderns-smarta\/"},"wordCount":63,"commentCount":4,"publisher":{"@id":"https:\/\/blogg.svenskakyrkan.se\/vandravagen\/#organization"},"image":{"@id":"https:\/\/blogg.svenskakyrkan.se\/vandravagen\/2014\/04\/18\/stabat-mater-moderns-smarta\/#primaryimage"},"thumbnailUrl":"http:\/\/1.bp.blogspot.com\/-9y5TmHGV1G0\/U1CxXLun1rI\/AAAAAAAAHV0\/Gl8JT6lci0U\/s1600\/maria+Ska%CC%88lvum.jpg","articleSection":["kyrko\u00e5ret","musik"],"inLanguage":"sv-SE","potentialAction":[{"@type":"CommentAction","name":"Comment","target":["https:\/\/blogg.svenskakyrkan.se\/vandravagen\/2014\/04\/18\/stabat-mater-moderns-smarta\/#respond"]}]},{"@type":"WebPage","@id":"https:\/\/blogg.svenskakyrkan.se\/vandravagen\/2014\/04\/18\/stabat-mater-moderns-smarta\/","url":"https:\/\/blogg.svenskakyrkan.se\/vandravagen\/2014\/04\/18\/stabat-mater-moderns-smarta\/","name":"Stabat mater, moderns sm\u00e4rta - Vandra V\u00e4gen","isPartOf":{"@id":"https:\/\/blogg.svenskakyrkan.se\/vandravagen\/#website"},"primaryImageOfPage":{"@id":"https:\/\/blogg.svenskakyrkan.se\/vandravagen\/2014\/04\/18\/stabat-mater-moderns-smarta\/#primaryimage"},"image":{"@id":"https:\/\/blogg.svenskakyrkan.se\/vandravagen\/2014\/04\/18\/stabat-mater-moderns-smarta\/#primaryimage"},"thumbnailUrl":"http:\/\/1.bp.blogspot.com\/-9y5TmHGV1G0\/U1CxXLun1rI\/AAAAAAAAHV0\/Gl8JT6lci0U\/s1600\/maria+Ska%CC%88lvum.jpg","datePublished":"2014-04-18T13:00:00+00:00","breadcrumb":{"@id":"https:\/\/blogg.svenskakyrkan.se\/vandravagen\/2014\/04\/18\/stabat-mater-moderns-smarta\/#breadcrumb"},"inLanguage":"sv-SE","potentialAction":[{"@type":"ReadAction","target":["https:\/\/blogg.svenskakyrkan.se\/vandravagen\/2014\/04\/18\/stabat-mater-moderns-smarta\/"]}]},{"@type":"ImageObject","inLanguage":"sv-SE","@id":"https:\/\/blogg.svenskakyrkan.se\/vandravagen\/2014\/04\/18\/stabat-mater-moderns-smarta\/#primaryimage","url":"http:\/\/1.bp.blogspot.com\/-9y5TmHGV1G0\/U1CxXLun1rI\/AAAAAAAAHV0\/Gl8JT6lci0U\/s1600\/maria+Ska%CC%88lvum.jpg","contentUrl":"http:\/\/1.bp.blogspot.com\/-9y5TmHGV1G0\/U1CxXLun1rI\/AAAAAAAAHV0\/Gl8JT6lci0U\/s1600\/maria+Ska%CC%88lvum.jpg"},{"@type":"BreadcrumbList","@id":"https:\/\/blogg.svenskakyrkan.se\/vandravagen\/2014\/04\/18\/stabat-mater-moderns-smarta\/#breadcrumb","itemListElement":[{"@type":"ListItem","position":1,"name":"Hem","item":"https:\/\/blogg.svenskakyrkan.se\/vandravagen\/"},{"@type":"ListItem","position":2,"name":"Stabat mater, moderns sm\u00e4rta"}]},{"@type":"WebSite","@id":"https:\/\/blogg.svenskakyrkan.se\/vandravagen\/#website","url":"https:\/\/blogg.svenskakyrkan.se\/vandravagen\/","name":"Vandra V\u00e4gen","description":"-Mot en tro f\u00f6r hela livet","publisher":{"@id":"https:\/\/blogg.svenskakyrkan.se\/vandravagen\/#organization"},"potentialAction":[{"@type":"SearchAction","target":{"@type":"EntryPoint","urlTemplate":"https:\/\/blogg.svenskakyrkan.se\/vandravagen\/?s={search_term_string}"},"query-input":{"@type":"PropertyValueSpecification","valueRequired":true,"valueName":"search_term_string"}}],"inLanguage":"sv-SE"},{"@type":"Organization","@id":"https:\/\/blogg.svenskakyrkan.se\/vandravagen\/#organization","name":"ulricehamns pastorat","alternateName":"ulricehamns pastorat","url":"https:\/\/blogg.svenskakyrkan.se\/vandravagen\/","logo":{"@type":"ImageObject","inLanguage":"sv-SE","@id":"https:\/\/blogg.svenskakyrkan.se\/vandravagen\/#\/schema\/logo\/image\/","url":"https:\/\/blogg.svenskakyrkan.se\/vandravagen\/files\/2023\/05\/Ulr_logo_RGB.png","contentUrl":"https:\/\/blogg.svenskakyrkan.se\/vandravagen\/files\/2023\/05\/Ulr_logo_RGB.png","width":205,"height":77,"caption":"ulricehamns pastorat"},"image":{"@id":"https:\/\/blogg.svenskakyrkan.se\/vandravagen\/#\/schema\/logo\/image\/"},"sameAs":["http:\/\/facebook.com\/vandravagen","https:\/\/x.com\/fadertomas","http:\/\/www.facebook.com\/svenskakyrkaniulricehamn"]},{"@type":"Person","@id":"https:\/\/blogg.svenskakyrkan.se\/vandravagen\/#\/schema\/person\/25da02d4f76b137d04291711e2c9fc16","name":"Tomas Jarvid","image":{"@type":"ImageObject","inLanguage":"sv-SE","@id":"https:\/\/blogg.svenskakyrkan.se\/vandravagen\/#\/schema\/person\/image\/","url":"https:\/\/secure.gravatar.com\/avatar\/7fa71899795e8f540f615a1f5ab25255dc27aa40f05ee7ddd21aac521e01bf50?s=96&d=identicon&r=g","contentUrl":"https:\/\/secure.gravatar.com\/avatar\/7fa71899795e8f540f615a1f5ab25255dc27aa40f05ee7ddd21aac521e01bf50?s=96&d=identicon&r=g","caption":"Tomas Jarvid"},"description":"Jag bor i Ulricehamn i V\u00e4sterg\u00f6tland och \u00e4r f\u00f6rsamlingspr\u00e4st i Svenska Kyrkan f\u00f6r Dalstorps f\u00f6rsamling i Kinds pastorat. P\u00e5 den h\u00e4r bloggen skriver jag ner tankar om vandringen som kristen.","sameAs":["http:\/\/www.vandravagen.se"],"url":"https:\/\/blogg.svenskakyrkan.se\/vandravagen\/author\/vandravagen\/"}]}},"author_meta":{"ID":"392","user_nicename":"vandravagen","user_url":"http:\/\/www.vandravagen.se","user_registered":"2014-05-19 05:44:52","display_name":"Tomas Jarvid","first_name":"Tomas","last_name":"Jarvid","avatar":"https:\/\/secure.gravatar.com\/avatar\/7fa71899795e8f540f615a1f5ab25255dc27aa40f05ee7ddd21aac521e01bf50?s=96&d=identicon&r=g"},"featured_image":false,"bloginfo":{"name":"Vandra V\u00e4gen","url":"https:\/\/blogg.svenskakyrkan.se\/vandravagen"},"_links":{"self":[{"href":"https:\/\/blogg.svenskakyrkan.se\/vandravagen\/wp-json\/wp\/v2\/posts\/72","targetHints":{"allow":["GET"]}}],"collection":[{"href":"https:\/\/blogg.svenskakyrkan.se\/vandravagen\/wp-json\/wp\/v2\/posts"}],"about":[{"href":"https:\/\/blogg.svenskakyrkan.se\/vandravagen\/wp-json\/wp\/v2\/types\/post"}],"author":[{"embeddable":true,"href":"https:\/\/blogg.svenskakyrkan.se\/vandravagen\/wp-json\/wp\/v2\/users\/392"}],"replies":[{"embeddable":true,"href":"https:\/\/blogg.svenskakyrkan.se\/vandravagen\/wp-json\/wp\/v2\/comments?post=72"}],"version-history":[{"count":0,"href":"https:\/\/blogg.svenskakyrkan.se\/vandravagen\/wp-json\/wp\/v2\/posts\/72\/revisions"}],"wp:attachment":[{"href":"https:\/\/blogg.svenskakyrkan.se\/vandravagen\/wp-json\/wp\/v2\/media?parent=72"}],"wp:term":[{"taxonomy":"category","embeddable":true,"href":"https:\/\/blogg.svenskakyrkan.se\/vandravagen\/wp-json\/wp\/v2\/categories?post=72"},{"taxonomy":"post_tag","embeddable":true,"href":"https:\/\/blogg.svenskakyrkan.se\/vandravagen\/wp-json\/wp\/v2\/tags?post=72"}],"curies":[{"name":"wp","href":"https:\/\/api.w.org\/{rel}","templated":true}]}}