{"id":7203,"date":"2019-06-09T07:00:20","date_gmt":"2019-06-09T05:00:20","guid":{"rendered":"http:\/\/blogg.svenskakyrkan.se\/vandravagen\/?p=7203"},"modified":"2019-06-08T22:55:47","modified_gmt":"2019-06-08T20:55:47","slug":"10-blandade-tankar-pa-pingstdagen-2","status":"publish","type":"post","link":"https:\/\/blogg.svenskakyrkan.se\/vandravagen\/2019\/06\/09\/10-blandade-tankar-pa-pingstdagen-2\/","title":{"rendered":"10 blandade tankar p\u00e5 pingstdagen"},"content":{"rendered":"<ol>\n<li>Glad s\u00f6ndag och h\u00e4nryckt pingst k\u00e4ra l\u00e4sare!<\/li>\n<\/ol>\n<p>2. Idag ska jag leda pingstgudstj\u00e4nst i Dalstorp \u00a0(11) med gospelk\u00f6r och allt, och sedan \u00e4r det sommarfest efter\u00e5t med mat och en hel h\u00f6g m\u00e4rkliga inslag. Kommer du dit s\u00e5 ses vi!<\/p>\n<p>3. Och s\u00e5 ska jag d\u00f6pa ett litet barn i min egen sl\u00e4kt p\u00e5 eftermiddagen. Det ska ocks\u00e5 bli fint det.<\/p>\n<p>4. Jag har f\u00f6rst\u00e5tt att pingstafton f\u00f6rr var den stora vigseldagen. Det skulle i alla fall st\u00e4mma f\u00f6r mig i \u00e5r f\u00f6r ig\u00e5r vigde jag tv\u00e5 brudpar. Det \u00e4r \u00f6ver huvud taget (lite v\u00e4l) mycket som h\u00e4nder just nu i f\u00f6rsamlingslivet.<\/p>\n<p>5. Min telefon dog f\u00f6r n\u00e5gra dagar sedan. Det g\u00e5r faktist v\u00e4ldigt bra att klara sig utan telefon, utom d\u00e5 n\u00e4r man faktiskt vill kommunicera n\u00e5got till n\u00e5gon, d\u00e5 k\u00e4nns det genast v\u00e4ldigt omst\u00e4ndigt. Och n\u00e5dd kan man ju inte heller bli. Jag k\u00e4nner mig \u00e4nd\u00e5 glad att uppt\u00e4cka att det d\u00e4r mobilberoendet nog inte \u00e4r s\u00e5 stort som jag t\u00e4nkt ibland.<\/p>\n<p>6. Det \u00e4r sv\u00e5rt att predika p\u00e5 pingstdagen. Jag tror det \u00e4r f\u00f6r att allt detta med den heliga Anden trots allt \u00e4r ett mysterium som det k\u00e4nns f\u00f6rminskande att s\u00e4tta ord p\u00e5. Det vore v\u00e4l egentligen b\u00e4ttre att fokusera p\u00e5 b\u00f6n och lovs\u00e5ng eller n\u00e5got s\u00e5dant en dag som denna.<\/p>\n<p>7. Men med det sagt s\u00e5 kommer f\u00f6rst\u00e5s en predikan upp h\u00e4r p\u00e5 bloggen imorgon.<\/p>\n<p>8. Det k\u00e4nns p\u00e5 n\u00e5got s\u00e4tt i kroppen att det b\u00f6rjar vara semestertider. Det \u00e4r om inte annat motigare att arbeta p\u00e5 helgerna n\u00e4r sommaren pl\u00f6tsligt kommer. N\u00e4r bara skolan slutat hoppas jag det g\u00e5r b\u00e4ttre att hitta tider f\u00f6r att ge sig ut i skogen med barnen p\u00e5.<\/p>\n<p>9. Aprop\u00e5 det s\u00e5 har vi h\u00e4mtat hem kanoten och inlett kanots\u00e4songen. B\u00e5de onsdag-torsdag-fredag har den varit i vattnet p\u00e5 olika turer. B\u00e4st \u00e4r att paddla med barnen, d\u00e5 blir \u00e4ven en liten tur jag egentligen gjort hur m\u00e5nga g\u00e5nger som helst pl\u00f6tsligt ett \u00e4ventyr i vildmarken. Man ska bli som ett barn som Jesus s\u00e4ger.<\/p>\n<p>10. Hur har du det denna pingstdag? Skriv en rad och ber\u00e4tta!<\/p>\n","protected":false},"excerpt":{"rendered":"<p>Glad s\u00f6ndag och h\u00e4nryckt pingst k\u00e4ra l\u00e4sare! 2. Idag ska jag leda pingstgudstj\u00e4nst i Dalstorp \u00a0(11) med gospelk\u00f6r och allt, och sedan \u00e4r det sommarfest efter\u00e5t med mat och en hel h\u00f6g m\u00e4rkliga inslag. Kommer du dit s\u00e5 ses vi! 3. Och s\u00e5 ska jag d\u00f6pa ett litet barn i min egen sl\u00e4kt p\u00e5 eftermiddagen. [&hellip;]<\/p>\n","protected":false},"author":392,"featured_media":7204,"comment_status":"open","ping_status":"open","sticky":false,"template":"","format":"standard","meta":{"_acf_changed":false,"footnotes":""},"categories":[76766],"tags":[],"class_list":["post-7203","post","type-post","status-publish","format-standard","has-post-thumbnail","hentry","category-blandat"],"acf":[],"yoast_head":"<!-- This site is optimized with the Yoast SEO plugin v27.1.1 - https:\/\/yoast.com\/product\/yoast-seo-wordpress\/ -->\n<title>10 blandade tankar p\u00e5 pingstdagen - Vandra V\u00e4gen<\/title>\n<meta name=\"robots\" content=\"index, follow, max-snippet:-1, max-image-preview:large, max-video-preview:-1\" \/>\n<link rel=\"canonical\" href=\"https:\/\/blogg.svenskakyrkan.se\/vandravagen\/2019\/06\/09\/10-blandade-tankar-pa-pingstdagen-2\/\" \/>\n<meta property=\"og:locale\" content=\"sv_SE\" \/>\n<meta property=\"og:type\" content=\"article\" \/>\n<meta property=\"og:title\" content=\"10 blandade tankar p\u00e5 pingstdagen - Vandra V\u00e4gen\" \/>\n<meta property=\"og:description\" content=\"Glad s\u00f6ndag och h\u00e4nryckt pingst k\u00e4ra l\u00e4sare! 2. Idag ska jag leda pingstgudstj\u00e4nst i Dalstorp \u00a0(11) med gospelk\u00f6r och allt, och sedan \u00e4r det sommarfest efter\u00e5t med mat och en hel h\u00f6g m\u00e4rkliga inslag. Kommer du dit s\u00e5 ses vi! 3. Och s\u00e5 ska jag d\u00f6pa ett litet barn i min egen sl\u00e4kt p\u00e5 eftermiddagen. [&hellip;]\" \/>\n<meta property=\"og:url\" content=\"https:\/\/blogg.svenskakyrkan.se\/vandravagen\/2019\/06\/09\/10-blandade-tankar-pa-pingstdagen-2\/\" \/>\n<meta property=\"og:site_name\" content=\"Vandra V\u00e4gen\" \/>\n<meta property=\"article:publisher\" content=\"http:\/\/facebook.com\/vandravagen\" \/>\n<meta property=\"article:published_time\" content=\"2019-06-09T05:00:20+00:00\" \/>\n<meta name=\"author\" content=\"Tomas Jarvid\" \/>\n<meta name=\"twitter:card\" content=\"summary_large_image\" \/>\n<meta name=\"twitter:creator\" content=\"@fadertomas\" \/>\n<meta name=\"twitter:site\" content=\"@fadertomas\" \/>\n<meta name=\"twitter:label1\" content=\"Skriven av\" \/>\n\t<meta name=\"twitter:data1\" content=\"Tomas Jarvid\" \/>\n\t<meta name=\"twitter:label2\" content=\"Ber\u00e4knad l\u00e4stid\" \/>\n\t<meta name=\"twitter:data2\" content=\"2 minuter\" \/>\n<script type=\"application\/ld+json\" class=\"yoast-schema-graph\">{\"@context\":\"https:\/\/schema.org\",\"@graph\":[{\"@type\":\"Article\",\"@id\":\"https:\/\/blogg.svenskakyrkan.se\/vandravagen\/2019\/06\/09\/10-blandade-tankar-pa-pingstdagen-2\/#article\",\"isPartOf\":{\"@id\":\"https:\/\/blogg.svenskakyrkan.se\/vandravagen\/2019\/06\/09\/10-blandade-tankar-pa-pingstdagen-2\/\"},\"author\":{\"name\":\"Tomas Jarvid\",\"@id\":\"https:\/\/blogg.svenskakyrkan.se\/vandravagen\/#\/schema\/person\/25da02d4f76b137d04291711e2c9fc16\"},\"headline\":\"10 blandade tankar p\u00e5 pingstdagen\",\"datePublished\":\"2019-06-09T05:00:20+00:00\",\"mainEntityOfPage\":{\"@id\":\"https:\/\/blogg.svenskakyrkan.se\/vandravagen\/2019\/06\/09\/10-blandade-tankar-pa-pingstdagen-2\/\"},\"wordCount\":410,\"commentCount\":7,\"publisher\":{\"@id\":\"https:\/\/blogg.svenskakyrkan.se\/vandravagen\/#organization\"},\"image\":{\"@id\":\"https:\/\/blogg.svenskakyrkan.se\/vandravagen\/2019\/06\/09\/10-blandade-tankar-pa-pingstdagen-2\/#primaryimage\"},\"thumbnailUrl\":\"https:\/\/blogg.svenskakyrkan.se\/vandravagen\/files\/2019\/06\/durer_descent_smallpssn_grt.jpg\",\"articleSection\":[\"blandat\"],\"inLanguage\":\"sv-SE\",\"potentialAction\":[{\"@type\":\"CommentAction\",\"name\":\"Comment\",\"target\":[\"https:\/\/blogg.svenskakyrkan.se\/vandravagen\/2019\/06\/09\/10-blandade-tankar-pa-pingstdagen-2\/#respond\"]}]},{\"@type\":\"WebPage\",\"@id\":\"https:\/\/blogg.svenskakyrkan.se\/vandravagen\/2019\/06\/09\/10-blandade-tankar-pa-pingstdagen-2\/\",\"url\":\"https:\/\/blogg.svenskakyrkan.se\/vandravagen\/2019\/06\/09\/10-blandade-tankar-pa-pingstdagen-2\/\",\"name\":\"10 blandade tankar p\u00e5 pingstdagen - Vandra V\u00e4gen\",\"isPartOf\":{\"@id\":\"https:\/\/blogg.svenskakyrkan.se\/vandravagen\/#website\"},\"primaryImageOfPage\":{\"@id\":\"https:\/\/blogg.svenskakyrkan.se\/vandravagen\/2019\/06\/09\/10-blandade-tankar-pa-pingstdagen-2\/#primaryimage\"},\"image\":{\"@id\":\"https:\/\/blogg.svenskakyrkan.se\/vandravagen\/2019\/06\/09\/10-blandade-tankar-pa-pingstdagen-2\/#primaryimage\"},\"thumbnailUrl\":\"https:\/\/blogg.svenskakyrkan.se\/vandravagen\/files\/2019\/06\/durer_descent_smallpssn_grt.jpg\",\"datePublished\":\"2019-06-09T05:00:20+00:00\",\"breadcrumb\":{\"@id\":\"https:\/\/blogg.svenskakyrkan.se\/vandravagen\/2019\/06\/09\/10-blandade-tankar-pa-pingstdagen-2\/#breadcrumb\"},\"inLanguage\":\"sv-SE\",\"potentialAction\":[{\"@type\":\"ReadAction\",\"target\":[\"https:\/\/blogg.svenskakyrkan.se\/vandravagen\/2019\/06\/09\/10-blandade-tankar-pa-pingstdagen-2\/\"]}]},{\"@type\":\"ImageObject\",\"inLanguage\":\"sv-SE\",\"@id\":\"https:\/\/blogg.svenskakyrkan.se\/vandravagen\/2019\/06\/09\/10-blandade-tankar-pa-pingstdagen-2\/#primaryimage\",\"url\":\"https:\/\/blogg.svenskakyrkan.se\/vandravagen\/files\/2019\/06\/durer_descent_smallpssn_grt.jpg\",\"contentUrl\":\"https:\/\/blogg.svenskakyrkan.se\/vandravagen\/files\/2019\/06\/durer_descent_smallpssn_grt.jpg\",\"width\":774,\"height\":1024,\"caption\":\"Anden kommer \u00f6ver apostlarna p\u00e5 pingstdagen, h\u00e4r i en duvas skepnad.\"},{\"@type\":\"BreadcrumbList\",\"@id\":\"https:\/\/blogg.svenskakyrkan.se\/vandravagen\/2019\/06\/09\/10-blandade-tankar-pa-pingstdagen-2\/#breadcrumb\",\"itemListElement\":[{\"@type\":\"ListItem\",\"position\":1,\"name\":\"Hem\",\"item\":\"https:\/\/blogg.svenskakyrkan.se\/vandravagen\/\"},{\"@type\":\"ListItem\",\"position\":2,\"name\":\"10 blandade tankar p\u00e5 pingstdagen\"}]},{\"@type\":\"WebSite\",\"@id\":\"https:\/\/blogg.svenskakyrkan.se\/vandravagen\/#website\",\"url\":\"https:\/\/blogg.svenskakyrkan.se\/vandravagen\/\",\"name\":\"Vandra V\u00e4gen\",\"description\":\"-Mot en tro f\u00f6r hela livet\",\"publisher\":{\"@id\":\"https:\/\/blogg.svenskakyrkan.se\/vandravagen\/#organization\"},\"potentialAction\":[{\"@type\":\"SearchAction\",\"target\":{\"@type\":\"EntryPoint\",\"urlTemplate\":\"https:\/\/blogg.svenskakyrkan.se\/vandravagen\/?s={search_term_string}\"},\"query-input\":{\"@type\":\"PropertyValueSpecification\",\"valueRequired\":true,\"valueName\":\"search_term_string\"}}],\"inLanguage\":\"sv-SE\"},{\"@type\":\"Organization\",\"@id\":\"https:\/\/blogg.svenskakyrkan.se\/vandravagen\/#organization\",\"name\":\"ulricehamns pastorat\",\"alternateName\":\"ulricehamns pastorat\",\"url\":\"https:\/\/blogg.svenskakyrkan.se\/vandravagen\/\",\"logo\":{\"@type\":\"ImageObject\",\"inLanguage\":\"sv-SE\",\"@id\":\"https:\/\/blogg.svenskakyrkan.se\/vandravagen\/#\/schema\/logo\/image\/\",\"url\":\"https:\/\/blogg.svenskakyrkan.se\/vandravagen\/files\/2023\/05\/Ulr_logo_RGB.png\",\"contentUrl\":\"https:\/\/blogg.svenskakyrkan.se\/vandravagen\/files\/2023\/05\/Ulr_logo_RGB.png\",\"width\":205,\"height\":77,\"caption\":\"ulricehamns pastorat\"},\"image\":{\"@id\":\"https:\/\/blogg.svenskakyrkan.se\/vandravagen\/#\/schema\/logo\/image\/\"},\"sameAs\":[\"http:\/\/facebook.com\/vandravagen\",\"https:\/\/x.com\/fadertomas\",\"http:\/\/www.facebook.com\/svenskakyrkaniulricehamn\"]},{\"@type\":\"Person\",\"@id\":\"https:\/\/blogg.svenskakyrkan.se\/vandravagen\/#\/schema\/person\/25da02d4f76b137d04291711e2c9fc16\",\"name\":\"Tomas Jarvid\",\"image\":{\"@type\":\"ImageObject\",\"inLanguage\":\"sv-SE\",\"@id\":\"https:\/\/blogg.svenskakyrkan.se\/vandravagen\/#\/schema\/person\/image\/\",\"url\":\"https:\/\/secure.gravatar.com\/avatar\/7fa71899795e8f540f615a1f5ab25255dc27aa40f05ee7ddd21aac521e01bf50?s=96&d=identicon&r=g\",\"contentUrl\":\"https:\/\/secure.gravatar.com\/avatar\/7fa71899795e8f540f615a1f5ab25255dc27aa40f05ee7ddd21aac521e01bf50?s=96&d=identicon&r=g\",\"caption\":\"Tomas Jarvid\"},\"description\":\"Jag bor i Ulricehamn i V\u00e4sterg\u00f6tland och \u00e4r f\u00f6rsamlingspr\u00e4st i Svenska Kyrkan f\u00f6r Dalstorps f\u00f6rsamling i Kinds pastorat. P\u00e5 den h\u00e4r bloggen skriver jag ner tankar om vandringen som kristen.\",\"sameAs\":[\"http:\/\/www.vandravagen.se\"],\"url\":\"https:\/\/blogg.svenskakyrkan.se\/vandravagen\/author\/vandravagen\/\"}]}<\/script>\n<!-- \/ Yoast SEO plugin. -->","yoast_head_json":{"title":"10 blandade tankar p\u00e5 pingstdagen - Vandra V\u00e4gen","robots":{"index":"index","follow":"follow","max-snippet":"max-snippet:-1","max-image-preview":"max-image-preview:large","max-video-preview":"max-video-preview:-1"},"canonical":"https:\/\/blogg.svenskakyrkan.se\/vandravagen\/2019\/06\/09\/10-blandade-tankar-pa-pingstdagen-2\/","og_locale":"sv_SE","og_type":"article","og_title":"10 blandade tankar p\u00e5 pingstdagen - Vandra V\u00e4gen","og_description":"Glad s\u00f6ndag och h\u00e4nryckt pingst k\u00e4ra l\u00e4sare! 2. Idag ska jag leda pingstgudstj\u00e4nst i Dalstorp \u00a0(11) med gospelk\u00f6r och allt, och sedan \u00e4r det sommarfest efter\u00e5t med mat och en hel h\u00f6g m\u00e4rkliga inslag. Kommer du dit s\u00e5 ses vi! 3. Och s\u00e5 ska jag d\u00f6pa ett litet barn i min egen sl\u00e4kt p\u00e5 eftermiddagen. [&hellip;]","og_url":"https:\/\/blogg.svenskakyrkan.se\/vandravagen\/2019\/06\/09\/10-blandade-tankar-pa-pingstdagen-2\/","og_site_name":"Vandra V\u00e4gen","article_publisher":"http:\/\/facebook.com\/vandravagen","article_published_time":"2019-06-09T05:00:20+00:00","author":"Tomas Jarvid","twitter_card":"summary_large_image","twitter_creator":"@fadertomas","twitter_site":"@fadertomas","twitter_misc":{"Skriven av":"Tomas Jarvid","Ber\u00e4knad l\u00e4stid":"2 minuter"},"schema":{"@context":"https:\/\/schema.org","@graph":[{"@type":"Article","@id":"https:\/\/blogg.svenskakyrkan.se\/vandravagen\/2019\/06\/09\/10-blandade-tankar-pa-pingstdagen-2\/#article","isPartOf":{"@id":"https:\/\/blogg.svenskakyrkan.se\/vandravagen\/2019\/06\/09\/10-blandade-tankar-pa-pingstdagen-2\/"},"author":{"name":"Tomas Jarvid","@id":"https:\/\/blogg.svenskakyrkan.se\/vandravagen\/#\/schema\/person\/25da02d4f76b137d04291711e2c9fc16"},"headline":"10 blandade tankar p\u00e5 pingstdagen","datePublished":"2019-06-09T05:00:20+00:00","mainEntityOfPage":{"@id":"https:\/\/blogg.svenskakyrkan.se\/vandravagen\/2019\/06\/09\/10-blandade-tankar-pa-pingstdagen-2\/"},"wordCount":410,"commentCount":7,"publisher":{"@id":"https:\/\/blogg.svenskakyrkan.se\/vandravagen\/#organization"},"image":{"@id":"https:\/\/blogg.svenskakyrkan.se\/vandravagen\/2019\/06\/09\/10-blandade-tankar-pa-pingstdagen-2\/#primaryimage"},"thumbnailUrl":"https:\/\/blogg.svenskakyrkan.se\/vandravagen\/files\/2019\/06\/durer_descent_smallpssn_grt.jpg","articleSection":["blandat"],"inLanguage":"sv-SE","potentialAction":[{"@type":"CommentAction","name":"Comment","target":["https:\/\/blogg.svenskakyrkan.se\/vandravagen\/2019\/06\/09\/10-blandade-tankar-pa-pingstdagen-2\/#respond"]}]},{"@type":"WebPage","@id":"https:\/\/blogg.svenskakyrkan.se\/vandravagen\/2019\/06\/09\/10-blandade-tankar-pa-pingstdagen-2\/","url":"https:\/\/blogg.svenskakyrkan.se\/vandravagen\/2019\/06\/09\/10-blandade-tankar-pa-pingstdagen-2\/","name":"10 blandade tankar p\u00e5 pingstdagen - Vandra V\u00e4gen","isPartOf":{"@id":"https:\/\/blogg.svenskakyrkan.se\/vandravagen\/#website"},"primaryImageOfPage":{"@id":"https:\/\/blogg.svenskakyrkan.se\/vandravagen\/2019\/06\/09\/10-blandade-tankar-pa-pingstdagen-2\/#primaryimage"},"image":{"@id":"https:\/\/blogg.svenskakyrkan.se\/vandravagen\/2019\/06\/09\/10-blandade-tankar-pa-pingstdagen-2\/#primaryimage"},"thumbnailUrl":"https:\/\/blogg.svenskakyrkan.se\/vandravagen\/files\/2019\/06\/durer_descent_smallpssn_grt.jpg","datePublished":"2019-06-09T05:00:20+00:00","breadcrumb":{"@id":"https:\/\/blogg.svenskakyrkan.se\/vandravagen\/2019\/06\/09\/10-blandade-tankar-pa-pingstdagen-2\/#breadcrumb"},"inLanguage":"sv-SE","potentialAction":[{"@type":"ReadAction","target":["https:\/\/blogg.svenskakyrkan.se\/vandravagen\/2019\/06\/09\/10-blandade-tankar-pa-pingstdagen-2\/"]}]},{"@type":"ImageObject","inLanguage":"sv-SE","@id":"https:\/\/blogg.svenskakyrkan.se\/vandravagen\/2019\/06\/09\/10-blandade-tankar-pa-pingstdagen-2\/#primaryimage","url":"https:\/\/blogg.svenskakyrkan.se\/vandravagen\/files\/2019\/06\/durer_descent_smallpssn_grt.jpg","contentUrl":"https:\/\/blogg.svenskakyrkan.se\/vandravagen\/files\/2019\/06\/durer_descent_smallpssn_grt.jpg","width":774,"height":1024,"caption":"Anden kommer \u00f6ver apostlarna p\u00e5 pingstdagen, h\u00e4r i en duvas skepnad."},{"@type":"BreadcrumbList","@id":"https:\/\/blogg.svenskakyrkan.se\/vandravagen\/2019\/06\/09\/10-blandade-tankar-pa-pingstdagen-2\/#breadcrumb","itemListElement":[{"@type":"ListItem","position":1,"name":"Hem","item":"https:\/\/blogg.svenskakyrkan.se\/vandravagen\/"},{"@type":"ListItem","position":2,"name":"10 blandade tankar p\u00e5 pingstdagen"}]},{"@type":"WebSite","@id":"https:\/\/blogg.svenskakyrkan.se\/vandravagen\/#website","url":"https:\/\/blogg.svenskakyrkan.se\/vandravagen\/","name":"Vandra V\u00e4gen","description":"-Mot en tro f\u00f6r hela livet","publisher":{"@id":"https:\/\/blogg.svenskakyrkan.se\/vandravagen\/#organization"},"potentialAction":[{"@type":"SearchAction","target":{"@type":"EntryPoint","urlTemplate":"https:\/\/blogg.svenskakyrkan.se\/vandravagen\/?s={search_term_string}"},"query-input":{"@type":"PropertyValueSpecification","valueRequired":true,"valueName":"search_term_string"}}],"inLanguage":"sv-SE"},{"@type":"Organization","@id":"https:\/\/blogg.svenskakyrkan.se\/vandravagen\/#organization","name":"ulricehamns pastorat","alternateName":"ulricehamns pastorat","url":"https:\/\/blogg.svenskakyrkan.se\/vandravagen\/","logo":{"@type":"ImageObject","inLanguage":"sv-SE","@id":"https:\/\/blogg.svenskakyrkan.se\/vandravagen\/#\/schema\/logo\/image\/","url":"https:\/\/blogg.svenskakyrkan.se\/vandravagen\/files\/2023\/05\/Ulr_logo_RGB.png","contentUrl":"https:\/\/blogg.svenskakyrkan.se\/vandravagen\/files\/2023\/05\/Ulr_logo_RGB.png","width":205,"height":77,"caption":"ulricehamns pastorat"},"image":{"@id":"https:\/\/blogg.svenskakyrkan.se\/vandravagen\/#\/schema\/logo\/image\/"},"sameAs":["http:\/\/facebook.com\/vandravagen","https:\/\/x.com\/fadertomas","http:\/\/www.facebook.com\/svenskakyrkaniulricehamn"]},{"@type":"Person","@id":"https:\/\/blogg.svenskakyrkan.se\/vandravagen\/#\/schema\/person\/25da02d4f76b137d04291711e2c9fc16","name":"Tomas Jarvid","image":{"@type":"ImageObject","inLanguage":"sv-SE","@id":"https:\/\/blogg.svenskakyrkan.se\/vandravagen\/#\/schema\/person\/image\/","url":"https:\/\/secure.gravatar.com\/avatar\/7fa71899795e8f540f615a1f5ab25255dc27aa40f05ee7ddd21aac521e01bf50?s=96&d=identicon&r=g","contentUrl":"https:\/\/secure.gravatar.com\/avatar\/7fa71899795e8f540f615a1f5ab25255dc27aa40f05ee7ddd21aac521e01bf50?s=96&d=identicon&r=g","caption":"Tomas Jarvid"},"description":"Jag bor i Ulricehamn i V\u00e4sterg\u00f6tland och \u00e4r f\u00f6rsamlingspr\u00e4st i Svenska Kyrkan f\u00f6r Dalstorps f\u00f6rsamling i Kinds pastorat. P\u00e5 den h\u00e4r bloggen skriver jag ner tankar om vandringen som kristen.","sameAs":["http:\/\/www.vandravagen.se"],"url":"https:\/\/blogg.svenskakyrkan.se\/vandravagen\/author\/vandravagen\/"}]}},"author_meta":{"ID":"392","user_nicename":"vandravagen","user_url":"http:\/\/www.vandravagen.se","user_registered":"2014-05-19 05:44:52","display_name":"Tomas Jarvid","first_name":"Tomas","last_name":"Jarvid","avatar":"https:\/\/secure.gravatar.com\/avatar\/7fa71899795e8f540f615a1f5ab25255dc27aa40f05ee7ddd21aac521e01bf50?s=96&d=identicon&r=g"},"featured_image":["https:\/\/blogg.svenskakyrkan.se\/vandravagen\/files\/2019\/06\/durer_descent_smallpssn_grt.jpg",774,1024,false],"bloginfo":{"name":"Vandra V\u00e4gen","url":"https:\/\/blogg.svenskakyrkan.se\/vandravagen"},"_links":{"self":[{"href":"https:\/\/blogg.svenskakyrkan.se\/vandravagen\/wp-json\/wp\/v2\/posts\/7203","targetHints":{"allow":["GET"]}}],"collection":[{"href":"https:\/\/blogg.svenskakyrkan.se\/vandravagen\/wp-json\/wp\/v2\/posts"}],"about":[{"href":"https:\/\/blogg.svenskakyrkan.se\/vandravagen\/wp-json\/wp\/v2\/types\/post"}],"author":[{"embeddable":true,"href":"https:\/\/blogg.svenskakyrkan.se\/vandravagen\/wp-json\/wp\/v2\/users\/392"}],"replies":[{"embeddable":true,"href":"https:\/\/blogg.svenskakyrkan.se\/vandravagen\/wp-json\/wp\/v2\/comments?post=7203"}],"version-history":[{"count":1,"href":"https:\/\/blogg.svenskakyrkan.se\/vandravagen\/wp-json\/wp\/v2\/posts\/7203\/revisions"}],"predecessor-version":[{"id":7205,"href":"https:\/\/blogg.svenskakyrkan.se\/vandravagen\/wp-json\/wp\/v2\/posts\/7203\/revisions\/7205"}],"wp:featuredmedia":[{"embeddable":true,"href":"https:\/\/blogg.svenskakyrkan.se\/vandravagen\/wp-json\/wp\/v2\/media\/7204"}],"wp:attachment":[{"href":"https:\/\/blogg.svenskakyrkan.se\/vandravagen\/wp-json\/wp\/v2\/media?parent=7203"}],"wp:term":[{"taxonomy":"category","embeddable":true,"href":"https:\/\/blogg.svenskakyrkan.se\/vandravagen\/wp-json\/wp\/v2\/categories?post=7203"},{"taxonomy":"post_tag","embeddable":true,"href":"https:\/\/blogg.svenskakyrkan.se\/vandravagen\/wp-json\/wp\/v2\/tags?post=7203"}],"curies":[{"name":"wp","href":"https:\/\/api.w.org\/{rel}","templated":true}]}}