{"id":721,"date":"2013-02-09T11:26:00","date_gmt":"2013-02-09T10:26:00","guid":{"rendered":"http:\/\/blogg.svenskakyrkan.se\/vandravagen\/2013\/02\/09\/en-fraga-till-dig-om-tro-och-tvarsakerhet\/"},"modified":"2013-02-09T11:26:00","modified_gmt":"2013-02-09T10:26:00","slug":"en-fraga-till-dig-om-tro-och-tvarsakerhet","status":"publish","type":"post","link":"https:\/\/blogg.svenskakyrkan.se\/vandravagen\/2013\/02\/09\/en-fraga-till-dig-om-tro-och-tvarsakerhet\/","title":{"rendered":"En fr\u00e5ga till dig om tro och tv\u00e4rs\u00e4kerhet"},"content":{"rendered":"<table align=\"center\" cellpadding=\"0\" cellspacing=\"0\">\n<tbody>\n<tr>\n<td><a href=\"http:\/\/2.bp.blogspot.com\/-zz3UtVu6V74\/URYV-Bv4COI\/AAAAAAAACOc\/9it7JFrBWuM\/s1600\/IMG_2736.JPG\"><img loading=\"lazy\" decoding=\"async\" border=\"0\" height=\"320\" src=\"http:\/\/2.bp.blogspot.com\/-zz3UtVu6V74\/URYV-Bv4COI\/AAAAAAAACOc\/9it7JFrBWuM\/s320\/IMG_2736.JPG\" width=\"320\"><\/a><\/td>\n<\/tr>\n<tr>\n<td>B\u00f6r man fokusera p\u00e5 den bl\u00e5 himlen eller det gr\u00e5a riset?<\/td>\n<\/tr>\n<\/tbody>\n<\/table>\n<p>Jag tror att jag ofta har en ganska trosviss ton i det jag skriver h\u00e4r p\u00e5 bloggen eller s\u00e4ger i mina predikningar. Jag hoppas inte att det g\u00e5r \u00f6verstyr och blir jobbigt f\u00f6r mina \u00e5h\u00f6rare, tv\u00e4rtom brukar jag f\u00f6rs\u00f6ka ta upp m\u00f6jliga inv\u00e4ndningar eller erk\u00e4nna att en fr\u00e5ga sannerligen inte \u00e4r enkel. Men i slut\u00e4ndan \u00a0brukar jag \u00e4nd\u00e5 f\u00f6rs\u00f6ka s\u00e4ga n\u00e5got skapligt entydigt om Gud, Tron eller Bibeln. Ibland k\u00e4nner jag mig lite \u00f6vermodig som g\u00f6r det. Vad kan v\u00e4l jag veta om Gud eller dessa stora fr\u00e5gor i livet <i>egentligen<\/i>?<\/p>\n<p>N\u00e4r jag t\u00e4nker s\u00e5 brukar jag p\u00e5minna mig om tv\u00e5 saker.<\/p>\n<p>F\u00f6r det f\u00f6rsta att det inte \u00e4r min egen tro jag ska f\u00f6rmedla som pr\u00e4st. Det \u00e4r den tro jag d\u00f6pts in i och som Kyrkan f\u00f6r vidare genom \u00e5rhundradena, den vi har i trosbek\u00e4nnelsen. Visserligen \u00e4r det sv\u00e5rt att g\u00f6ra den \u00e5tskillnaden, jag \u00e4r ju kristen personligen ocks\u00e5. \u00c4nd\u00e5 beh\u00f6ver jag inte k\u00e4nna krav p\u00e5 mig att k\u00e4nna mig riktigt, riktigt \u00f6vertygad just n\u00e4r det \u00e4r dags att predika. Jag f\u00e5r vila mig mot den l\u00e5nga traditionen och st\u00e4mma in i k\u00f6ren. Som pr\u00e4st \u00e4r man mer k\u00f6rs\u00e5ngare \u00e4n solist, \u00e4ven om k\u00f6ren \u00e4r glest uppst\u00e4lld.<\/p>\n<p>F\u00f6r det andra t\u00e4nker jag p\u00e5 ett citat av n\u00e5gon jag gl\u00f6mt vem det var. Det gick ut p\u00e5 att personen inte gick till kyrkan f\u00f6r att f\u00e5 h\u00f6ra mer tvivel, han ville h\u00f6ra n\u00e5got som st\u00e4rkte hans tro. Visst kan det finnas n\u00e5n sorts tr\u00f6st i att h\u00f6ra att n\u00e5gon annan delar mina tvivel men i l\u00e4ngden ger det inte speciellt mycket. Jag beh\u00f6ver ist\u00e4llet f\u00e5 h\u00f6ra n\u00e5got som st\u00e4rker min tro, bli p\u00e5mind om evangeliet och Guds l\u00f6ften.<\/p>\n<p>Vad s\u00e4ger mina k\u00e4ra l\u00e4sare? Hur trosviss b\u00f6r en predikant l\u00e5ta?<\/p>\n","protected":false},"excerpt":{"rendered":"<p>B\u00f6r man fokusera p\u00e5 den bl\u00e5 himlen eller det gr\u00e5a riset? Jag tror att jag ofta har en ganska trosviss ton i det jag skriver h\u00e4r p\u00e5 bloggen eller s\u00e4ger i mina predikningar. Jag hoppas inte att det g\u00e5r \u00f6verstyr och blir jobbigt f\u00f6r mina \u00e5h\u00f6rare, tv\u00e4rtom brukar jag f\u00f6rs\u00f6ka ta upp m\u00f6jliga inv\u00e4ndningar eller [&hellip;]<\/p>\n","protected":false},"author":392,"featured_media":0,"comment_status":"open","ping_status":"open","sticky":false,"template":"","format":"standard","meta":{"_acf_changed":false,"footnotes":""},"categories":[75887,114],"tags":[],"class_list":["post-721","post","type-post","status-publish","format-standard","hentry","category-andlighet","category-predikan"],"acf":[],"yoast_head":"<!-- This site is optimized with the Yoast SEO plugin v27.1.1 - https:\/\/yoast.com\/product\/yoast-seo-wordpress\/ -->\n<title>En fr\u00e5ga till dig om tro och tv\u00e4rs\u00e4kerhet - Vandra V\u00e4gen<\/title>\n<meta name=\"robots\" content=\"index, follow, max-snippet:-1, max-image-preview:large, max-video-preview:-1\" \/>\n<link rel=\"canonical\" href=\"https:\/\/blogg.svenskakyrkan.se\/vandravagen\/2013\/02\/09\/en-fraga-till-dig-om-tro-och-tvarsakerhet\/\" \/>\n<meta property=\"og:locale\" content=\"sv_SE\" \/>\n<meta property=\"og:type\" content=\"article\" \/>\n<meta property=\"og:title\" content=\"En fr\u00e5ga till dig om tro och tv\u00e4rs\u00e4kerhet - Vandra V\u00e4gen\" \/>\n<meta property=\"og:description\" content=\"B\u00f6r man fokusera p\u00e5 den bl\u00e5 himlen eller det gr\u00e5a riset? Jag tror att jag ofta har en ganska trosviss ton i det jag skriver h\u00e4r p\u00e5 bloggen eller s\u00e4ger i mina predikningar. Jag hoppas inte att det g\u00e5r \u00f6verstyr och blir jobbigt f\u00f6r mina \u00e5h\u00f6rare, tv\u00e4rtom brukar jag f\u00f6rs\u00f6ka ta upp m\u00f6jliga inv\u00e4ndningar eller [&hellip;]\" \/>\n<meta property=\"og:url\" content=\"https:\/\/blogg.svenskakyrkan.se\/vandravagen\/2013\/02\/09\/en-fraga-till-dig-om-tro-och-tvarsakerhet\/\" \/>\n<meta property=\"og:site_name\" content=\"Vandra V\u00e4gen\" \/>\n<meta property=\"article:publisher\" content=\"http:\/\/facebook.com\/vandravagen\" \/>\n<meta property=\"article:published_time\" content=\"2013-02-09T10:26:00+00:00\" \/>\n<meta property=\"og:image\" content=\"http:\/\/2.bp.blogspot.com\/-zz3UtVu6V74\/URYV-Bv4COI\/AAAAAAAACOc\/9it7JFrBWuM\/s320\/IMG_2736.JPG\" \/>\n<meta name=\"author\" content=\"Tomas Jarvid\" \/>\n<meta name=\"twitter:card\" content=\"summary_large_image\" \/>\n<meta name=\"twitter:creator\" content=\"@fadertomas\" \/>\n<meta name=\"twitter:site\" content=\"@fadertomas\" \/>\n<meta name=\"twitter:label1\" content=\"Skriven av\" \/>\n\t<meta name=\"twitter:data1\" content=\"Tomas Jarvid\" \/>\n\t<meta name=\"twitter:label2\" content=\"Ber\u00e4knad l\u00e4stid\" \/>\n\t<meta name=\"twitter:data2\" content=\"2 minuter\" \/>\n<script type=\"application\/ld+json\" class=\"yoast-schema-graph\">{\"@context\":\"https:\/\/schema.org\",\"@graph\":[{\"@type\":\"Article\",\"@id\":\"https:\/\/blogg.svenskakyrkan.se\/vandravagen\/2013\/02\/09\/en-fraga-till-dig-om-tro-och-tvarsakerhet\/#article\",\"isPartOf\":{\"@id\":\"https:\/\/blogg.svenskakyrkan.se\/vandravagen\/2013\/02\/09\/en-fraga-till-dig-om-tro-och-tvarsakerhet\/\"},\"author\":{\"name\":\"Tomas Jarvid\",\"@id\":\"https:\/\/blogg.svenskakyrkan.se\/vandravagen\/#\/schema\/person\/25da02d4f76b137d04291711e2c9fc16\"},\"headline\":\"En fr\u00e5ga till dig om tro och tv\u00e4rs\u00e4kerhet\",\"datePublished\":\"2013-02-09T10:26:00+00:00\",\"mainEntityOfPage\":{\"@id\":\"https:\/\/blogg.svenskakyrkan.se\/vandravagen\/2013\/02\/09\/en-fraga-till-dig-om-tro-och-tvarsakerhet\/\"},\"wordCount\":386,\"commentCount\":6,\"publisher\":{\"@id\":\"https:\/\/blogg.svenskakyrkan.se\/vandravagen\/#organization\"},\"image\":{\"@id\":\"https:\/\/blogg.svenskakyrkan.se\/vandravagen\/2013\/02\/09\/en-fraga-till-dig-om-tro-och-tvarsakerhet\/#primaryimage\"},\"thumbnailUrl\":\"http:\/\/2.bp.blogspot.com\/-zz3UtVu6V74\/URYV-Bv4COI\/AAAAAAAACOc\/9it7JFrBWuM\/s320\/IMG_2736.JPG\",\"articleSection\":[\"andlighet\",\"predikan\"],\"inLanguage\":\"sv-SE\",\"potentialAction\":[{\"@type\":\"CommentAction\",\"name\":\"Comment\",\"target\":[\"https:\/\/blogg.svenskakyrkan.se\/vandravagen\/2013\/02\/09\/en-fraga-till-dig-om-tro-och-tvarsakerhet\/#respond\"]}]},{\"@type\":\"WebPage\",\"@id\":\"https:\/\/blogg.svenskakyrkan.se\/vandravagen\/2013\/02\/09\/en-fraga-till-dig-om-tro-och-tvarsakerhet\/\",\"url\":\"https:\/\/blogg.svenskakyrkan.se\/vandravagen\/2013\/02\/09\/en-fraga-till-dig-om-tro-och-tvarsakerhet\/\",\"name\":\"En fr\u00e5ga till dig om tro och tv\u00e4rs\u00e4kerhet - Vandra V\u00e4gen\",\"isPartOf\":{\"@id\":\"https:\/\/blogg.svenskakyrkan.se\/vandravagen\/#website\"},\"primaryImageOfPage\":{\"@id\":\"https:\/\/blogg.svenskakyrkan.se\/vandravagen\/2013\/02\/09\/en-fraga-till-dig-om-tro-och-tvarsakerhet\/#primaryimage\"},\"image\":{\"@id\":\"https:\/\/blogg.svenskakyrkan.se\/vandravagen\/2013\/02\/09\/en-fraga-till-dig-om-tro-och-tvarsakerhet\/#primaryimage\"},\"thumbnailUrl\":\"http:\/\/2.bp.blogspot.com\/-zz3UtVu6V74\/URYV-Bv4COI\/AAAAAAAACOc\/9it7JFrBWuM\/s320\/IMG_2736.JPG\",\"datePublished\":\"2013-02-09T10:26:00+00:00\",\"breadcrumb\":{\"@id\":\"https:\/\/blogg.svenskakyrkan.se\/vandravagen\/2013\/02\/09\/en-fraga-till-dig-om-tro-och-tvarsakerhet\/#breadcrumb\"},\"inLanguage\":\"sv-SE\",\"potentialAction\":[{\"@type\":\"ReadAction\",\"target\":[\"https:\/\/blogg.svenskakyrkan.se\/vandravagen\/2013\/02\/09\/en-fraga-till-dig-om-tro-och-tvarsakerhet\/\"]}]},{\"@type\":\"ImageObject\",\"inLanguage\":\"sv-SE\",\"@id\":\"https:\/\/blogg.svenskakyrkan.se\/vandravagen\/2013\/02\/09\/en-fraga-till-dig-om-tro-och-tvarsakerhet\/#primaryimage\",\"url\":\"http:\/\/2.bp.blogspot.com\/-zz3UtVu6V74\/URYV-Bv4COI\/AAAAAAAACOc\/9it7JFrBWuM\/s320\/IMG_2736.JPG\",\"contentUrl\":\"http:\/\/2.bp.blogspot.com\/-zz3UtVu6V74\/URYV-Bv4COI\/AAAAAAAACOc\/9it7JFrBWuM\/s320\/IMG_2736.JPG\"},{\"@type\":\"BreadcrumbList\",\"@id\":\"https:\/\/blogg.svenskakyrkan.se\/vandravagen\/2013\/02\/09\/en-fraga-till-dig-om-tro-och-tvarsakerhet\/#breadcrumb\",\"itemListElement\":[{\"@type\":\"ListItem\",\"position\":1,\"name\":\"Hem\",\"item\":\"https:\/\/blogg.svenskakyrkan.se\/vandravagen\/\"},{\"@type\":\"ListItem\",\"position\":2,\"name\":\"En fr\u00e5ga till dig om tro och tv\u00e4rs\u00e4kerhet\"}]},{\"@type\":\"WebSite\",\"@id\":\"https:\/\/blogg.svenskakyrkan.se\/vandravagen\/#website\",\"url\":\"https:\/\/blogg.svenskakyrkan.se\/vandravagen\/\",\"name\":\"Vandra V\u00e4gen\",\"description\":\"-Mot en tro f\u00f6r hela livet\",\"publisher\":{\"@id\":\"https:\/\/blogg.svenskakyrkan.se\/vandravagen\/#organization\"},\"potentialAction\":[{\"@type\":\"SearchAction\",\"target\":{\"@type\":\"EntryPoint\",\"urlTemplate\":\"https:\/\/blogg.svenskakyrkan.se\/vandravagen\/?s={search_term_string}\"},\"query-input\":{\"@type\":\"PropertyValueSpecification\",\"valueRequired\":true,\"valueName\":\"search_term_string\"}}],\"inLanguage\":\"sv-SE\"},{\"@type\":\"Organization\",\"@id\":\"https:\/\/blogg.svenskakyrkan.se\/vandravagen\/#organization\",\"name\":\"ulricehamns pastorat\",\"alternateName\":\"ulricehamns pastorat\",\"url\":\"https:\/\/blogg.svenskakyrkan.se\/vandravagen\/\",\"logo\":{\"@type\":\"ImageObject\",\"inLanguage\":\"sv-SE\",\"@id\":\"https:\/\/blogg.svenskakyrkan.se\/vandravagen\/#\/schema\/logo\/image\/\",\"url\":\"https:\/\/blogg.svenskakyrkan.se\/vandravagen\/files\/2023\/05\/Ulr_logo_RGB.png\",\"contentUrl\":\"https:\/\/blogg.svenskakyrkan.se\/vandravagen\/files\/2023\/05\/Ulr_logo_RGB.png\",\"width\":205,\"height\":77,\"caption\":\"ulricehamns pastorat\"},\"image\":{\"@id\":\"https:\/\/blogg.svenskakyrkan.se\/vandravagen\/#\/schema\/logo\/image\/\"},\"sameAs\":[\"http:\/\/facebook.com\/vandravagen\",\"https:\/\/x.com\/fadertomas\",\"http:\/\/www.facebook.com\/svenskakyrkaniulricehamn\"]},{\"@type\":\"Person\",\"@id\":\"https:\/\/blogg.svenskakyrkan.se\/vandravagen\/#\/schema\/person\/25da02d4f76b137d04291711e2c9fc16\",\"name\":\"Tomas Jarvid\",\"image\":{\"@type\":\"ImageObject\",\"inLanguage\":\"sv-SE\",\"@id\":\"https:\/\/blogg.svenskakyrkan.se\/vandravagen\/#\/schema\/person\/image\/\",\"url\":\"https:\/\/secure.gravatar.com\/avatar\/7fa71899795e8f540f615a1f5ab25255dc27aa40f05ee7ddd21aac521e01bf50?s=96&d=identicon&r=g\",\"contentUrl\":\"https:\/\/secure.gravatar.com\/avatar\/7fa71899795e8f540f615a1f5ab25255dc27aa40f05ee7ddd21aac521e01bf50?s=96&d=identicon&r=g\",\"caption\":\"Tomas Jarvid\"},\"description\":\"Jag bor i Ulricehamn i V\u00e4sterg\u00f6tland och \u00e4r f\u00f6rsamlingspr\u00e4st i Svenska Kyrkan f\u00f6r Dalstorps f\u00f6rsamling i Kinds pastorat. P\u00e5 den h\u00e4r bloggen skriver jag ner tankar om vandringen som kristen.\",\"sameAs\":[\"http:\/\/www.vandravagen.se\"],\"url\":\"https:\/\/blogg.svenskakyrkan.se\/vandravagen\/author\/vandravagen\/\"}]}<\/script>\n<!-- \/ Yoast SEO plugin. -->","yoast_head_json":{"title":"En fr\u00e5ga till dig om tro och tv\u00e4rs\u00e4kerhet - Vandra V\u00e4gen","robots":{"index":"index","follow":"follow","max-snippet":"max-snippet:-1","max-image-preview":"max-image-preview:large","max-video-preview":"max-video-preview:-1"},"canonical":"https:\/\/blogg.svenskakyrkan.se\/vandravagen\/2013\/02\/09\/en-fraga-till-dig-om-tro-och-tvarsakerhet\/","og_locale":"sv_SE","og_type":"article","og_title":"En fr\u00e5ga till dig om tro och tv\u00e4rs\u00e4kerhet - Vandra V\u00e4gen","og_description":"B\u00f6r man fokusera p\u00e5 den bl\u00e5 himlen eller det gr\u00e5a riset? Jag tror att jag ofta har en ganska trosviss ton i det jag skriver h\u00e4r p\u00e5 bloggen eller s\u00e4ger i mina predikningar. Jag hoppas inte att det g\u00e5r \u00f6verstyr och blir jobbigt f\u00f6r mina \u00e5h\u00f6rare, tv\u00e4rtom brukar jag f\u00f6rs\u00f6ka ta upp m\u00f6jliga inv\u00e4ndningar eller [&hellip;]","og_url":"https:\/\/blogg.svenskakyrkan.se\/vandravagen\/2013\/02\/09\/en-fraga-till-dig-om-tro-och-tvarsakerhet\/","og_site_name":"Vandra V\u00e4gen","article_publisher":"http:\/\/facebook.com\/vandravagen","article_published_time":"2013-02-09T10:26:00+00:00","og_image":[{"url":"http:\/\/2.bp.blogspot.com\/-zz3UtVu6V74\/URYV-Bv4COI\/AAAAAAAACOc\/9it7JFrBWuM\/s320\/IMG_2736.JPG","type":"","width":"","height":""}],"author":"Tomas Jarvid","twitter_card":"summary_large_image","twitter_creator":"@fadertomas","twitter_site":"@fadertomas","twitter_misc":{"Skriven av":"Tomas Jarvid","Ber\u00e4knad l\u00e4stid":"2 minuter"},"schema":{"@context":"https:\/\/schema.org","@graph":[{"@type":"Article","@id":"https:\/\/blogg.svenskakyrkan.se\/vandravagen\/2013\/02\/09\/en-fraga-till-dig-om-tro-och-tvarsakerhet\/#article","isPartOf":{"@id":"https:\/\/blogg.svenskakyrkan.se\/vandravagen\/2013\/02\/09\/en-fraga-till-dig-om-tro-och-tvarsakerhet\/"},"author":{"name":"Tomas Jarvid","@id":"https:\/\/blogg.svenskakyrkan.se\/vandravagen\/#\/schema\/person\/25da02d4f76b137d04291711e2c9fc16"},"headline":"En fr\u00e5ga till dig om tro och tv\u00e4rs\u00e4kerhet","datePublished":"2013-02-09T10:26:00+00:00","mainEntityOfPage":{"@id":"https:\/\/blogg.svenskakyrkan.se\/vandravagen\/2013\/02\/09\/en-fraga-till-dig-om-tro-och-tvarsakerhet\/"},"wordCount":386,"commentCount":6,"publisher":{"@id":"https:\/\/blogg.svenskakyrkan.se\/vandravagen\/#organization"},"image":{"@id":"https:\/\/blogg.svenskakyrkan.se\/vandravagen\/2013\/02\/09\/en-fraga-till-dig-om-tro-och-tvarsakerhet\/#primaryimage"},"thumbnailUrl":"http:\/\/2.bp.blogspot.com\/-zz3UtVu6V74\/URYV-Bv4COI\/AAAAAAAACOc\/9it7JFrBWuM\/s320\/IMG_2736.JPG","articleSection":["andlighet","predikan"],"inLanguage":"sv-SE","potentialAction":[{"@type":"CommentAction","name":"Comment","target":["https:\/\/blogg.svenskakyrkan.se\/vandravagen\/2013\/02\/09\/en-fraga-till-dig-om-tro-och-tvarsakerhet\/#respond"]}]},{"@type":"WebPage","@id":"https:\/\/blogg.svenskakyrkan.se\/vandravagen\/2013\/02\/09\/en-fraga-till-dig-om-tro-och-tvarsakerhet\/","url":"https:\/\/blogg.svenskakyrkan.se\/vandravagen\/2013\/02\/09\/en-fraga-till-dig-om-tro-och-tvarsakerhet\/","name":"En fr\u00e5ga till dig om tro och tv\u00e4rs\u00e4kerhet - Vandra V\u00e4gen","isPartOf":{"@id":"https:\/\/blogg.svenskakyrkan.se\/vandravagen\/#website"},"primaryImageOfPage":{"@id":"https:\/\/blogg.svenskakyrkan.se\/vandravagen\/2013\/02\/09\/en-fraga-till-dig-om-tro-och-tvarsakerhet\/#primaryimage"},"image":{"@id":"https:\/\/blogg.svenskakyrkan.se\/vandravagen\/2013\/02\/09\/en-fraga-till-dig-om-tro-och-tvarsakerhet\/#primaryimage"},"thumbnailUrl":"http:\/\/2.bp.blogspot.com\/-zz3UtVu6V74\/URYV-Bv4COI\/AAAAAAAACOc\/9it7JFrBWuM\/s320\/IMG_2736.JPG","datePublished":"2013-02-09T10:26:00+00:00","breadcrumb":{"@id":"https:\/\/blogg.svenskakyrkan.se\/vandravagen\/2013\/02\/09\/en-fraga-till-dig-om-tro-och-tvarsakerhet\/#breadcrumb"},"inLanguage":"sv-SE","potentialAction":[{"@type":"ReadAction","target":["https:\/\/blogg.svenskakyrkan.se\/vandravagen\/2013\/02\/09\/en-fraga-till-dig-om-tro-och-tvarsakerhet\/"]}]},{"@type":"ImageObject","inLanguage":"sv-SE","@id":"https:\/\/blogg.svenskakyrkan.se\/vandravagen\/2013\/02\/09\/en-fraga-till-dig-om-tro-och-tvarsakerhet\/#primaryimage","url":"http:\/\/2.bp.blogspot.com\/-zz3UtVu6V74\/URYV-Bv4COI\/AAAAAAAACOc\/9it7JFrBWuM\/s320\/IMG_2736.JPG","contentUrl":"http:\/\/2.bp.blogspot.com\/-zz3UtVu6V74\/URYV-Bv4COI\/AAAAAAAACOc\/9it7JFrBWuM\/s320\/IMG_2736.JPG"},{"@type":"BreadcrumbList","@id":"https:\/\/blogg.svenskakyrkan.se\/vandravagen\/2013\/02\/09\/en-fraga-till-dig-om-tro-och-tvarsakerhet\/#breadcrumb","itemListElement":[{"@type":"ListItem","position":1,"name":"Hem","item":"https:\/\/blogg.svenskakyrkan.se\/vandravagen\/"},{"@type":"ListItem","position":2,"name":"En fr\u00e5ga till dig om tro och tv\u00e4rs\u00e4kerhet"}]},{"@type":"WebSite","@id":"https:\/\/blogg.svenskakyrkan.se\/vandravagen\/#website","url":"https:\/\/blogg.svenskakyrkan.se\/vandravagen\/","name":"Vandra V\u00e4gen","description":"-Mot en tro f\u00f6r hela livet","publisher":{"@id":"https:\/\/blogg.svenskakyrkan.se\/vandravagen\/#organization"},"potentialAction":[{"@type":"SearchAction","target":{"@type":"EntryPoint","urlTemplate":"https:\/\/blogg.svenskakyrkan.se\/vandravagen\/?s={search_term_string}"},"query-input":{"@type":"PropertyValueSpecification","valueRequired":true,"valueName":"search_term_string"}}],"inLanguage":"sv-SE"},{"@type":"Organization","@id":"https:\/\/blogg.svenskakyrkan.se\/vandravagen\/#organization","name":"ulricehamns pastorat","alternateName":"ulricehamns pastorat","url":"https:\/\/blogg.svenskakyrkan.se\/vandravagen\/","logo":{"@type":"ImageObject","inLanguage":"sv-SE","@id":"https:\/\/blogg.svenskakyrkan.se\/vandravagen\/#\/schema\/logo\/image\/","url":"https:\/\/blogg.svenskakyrkan.se\/vandravagen\/files\/2023\/05\/Ulr_logo_RGB.png","contentUrl":"https:\/\/blogg.svenskakyrkan.se\/vandravagen\/files\/2023\/05\/Ulr_logo_RGB.png","width":205,"height":77,"caption":"ulricehamns pastorat"},"image":{"@id":"https:\/\/blogg.svenskakyrkan.se\/vandravagen\/#\/schema\/logo\/image\/"},"sameAs":["http:\/\/facebook.com\/vandravagen","https:\/\/x.com\/fadertomas","http:\/\/www.facebook.com\/svenskakyrkaniulricehamn"]},{"@type":"Person","@id":"https:\/\/blogg.svenskakyrkan.se\/vandravagen\/#\/schema\/person\/25da02d4f76b137d04291711e2c9fc16","name":"Tomas Jarvid","image":{"@type":"ImageObject","inLanguage":"sv-SE","@id":"https:\/\/blogg.svenskakyrkan.se\/vandravagen\/#\/schema\/person\/image\/","url":"https:\/\/secure.gravatar.com\/avatar\/7fa71899795e8f540f615a1f5ab25255dc27aa40f05ee7ddd21aac521e01bf50?s=96&d=identicon&r=g","contentUrl":"https:\/\/secure.gravatar.com\/avatar\/7fa71899795e8f540f615a1f5ab25255dc27aa40f05ee7ddd21aac521e01bf50?s=96&d=identicon&r=g","caption":"Tomas Jarvid"},"description":"Jag bor i Ulricehamn i V\u00e4sterg\u00f6tland och \u00e4r f\u00f6rsamlingspr\u00e4st i Svenska Kyrkan f\u00f6r Dalstorps f\u00f6rsamling i Kinds pastorat. P\u00e5 den h\u00e4r bloggen skriver jag ner tankar om vandringen som kristen.","sameAs":["http:\/\/www.vandravagen.se"],"url":"https:\/\/blogg.svenskakyrkan.se\/vandravagen\/author\/vandravagen\/"}]}},"author_meta":{"ID":"392","user_nicename":"vandravagen","user_url":"http:\/\/www.vandravagen.se","user_registered":"2014-05-19 05:44:52","display_name":"Tomas Jarvid","first_name":"Tomas","last_name":"Jarvid","avatar":"https:\/\/secure.gravatar.com\/avatar\/7fa71899795e8f540f615a1f5ab25255dc27aa40f05ee7ddd21aac521e01bf50?s=96&d=identicon&r=g"},"featured_image":false,"bloginfo":{"name":"Vandra V\u00e4gen","url":"https:\/\/blogg.svenskakyrkan.se\/vandravagen"},"_links":{"self":[{"href":"https:\/\/blogg.svenskakyrkan.se\/vandravagen\/wp-json\/wp\/v2\/posts\/721","targetHints":{"allow":["GET"]}}],"collection":[{"href":"https:\/\/blogg.svenskakyrkan.se\/vandravagen\/wp-json\/wp\/v2\/posts"}],"about":[{"href":"https:\/\/blogg.svenskakyrkan.se\/vandravagen\/wp-json\/wp\/v2\/types\/post"}],"author":[{"embeddable":true,"href":"https:\/\/blogg.svenskakyrkan.se\/vandravagen\/wp-json\/wp\/v2\/users\/392"}],"replies":[{"embeddable":true,"href":"https:\/\/blogg.svenskakyrkan.se\/vandravagen\/wp-json\/wp\/v2\/comments?post=721"}],"version-history":[{"count":0,"href":"https:\/\/blogg.svenskakyrkan.se\/vandravagen\/wp-json\/wp\/v2\/posts\/721\/revisions"}],"wp:attachment":[{"href":"https:\/\/blogg.svenskakyrkan.se\/vandravagen\/wp-json\/wp\/v2\/media?parent=721"}],"wp:term":[{"taxonomy":"category","embeddable":true,"href":"https:\/\/blogg.svenskakyrkan.se\/vandravagen\/wp-json\/wp\/v2\/categories?post=721"},{"taxonomy":"post_tag","embeddable":true,"href":"https:\/\/blogg.svenskakyrkan.se\/vandravagen\/wp-json\/wp\/v2\/tags?post=721"}],"curies":[{"name":"wp","href":"https:\/\/api.w.org\/{rel}","templated":true}]}}